{"id":184172,"date":"2015-03-23T13:32:00","date_gmt":"2015-03-23T13:32:00","guid":{"rendered":"https:\/\/www.webdo.tn\/fr\/blog\/senegal-karim-wade-condamne-6-ans-de-prison-ferme-et-209-millions-deuros\/184172\/"},"modified":"2025-05-19T10:19:39","modified_gmt":"2025-05-19T10:19:39","slug":"senegal-karim-wade-condamne-6-ans-de-prison-ferme-et-209-millions-deuros","status":"publish","type":"post","link":"https:\/\/www.webdo.tn\/fr\/actualite\/international\/senegal-karim-wade-condamne-6-ans-de-prison-ferme-et-209-millions-deuros\/184172\/","title":{"rendered":"S\u00e9n\u00e9gal : Karim Wade condamn\u00e9 \u00e0 6 ans de prison ferme et 209 millions d&rsquo;euros d&rsquo;amende"},"content":{"rendered":"<p>Karim Wade, fils de l&rsquo;ancien pr\u00e9sident du S\u00e9n\u00e9gal Abdoulaye Wade, a \u00e9t\u00e9 condamn\u00e9, ce lundi 23 mars \u00e0 six ans de prison ferme pour \u00ab\u00a0enrichissement illicite\u00a0\u00bb par la Cour de r\u00e9pression de l&rsquo;enrichissement illicite (CREI).<\/p>\n<p>Karim Wade, qui a occup\u00e9 plusieurs postes minist\u00e9riels sous le mandat de son p\u00e8re (2000-2012) a \u00e9t\u00e9 en outre condamn\u00e9 \u00e0 payer une amende de 138 milliards de FCfa, soit environ 2019 millions d&rsquo;euros.<\/p>\n","protected":false},"excerpt":{"rendered":"<p>S\u00e9n\u00e9gal : Karim Wade condamn\u00e9 \u00e0 6 ans de prison ferme et 209 millions d&rsquo;euros d&rsquo;amende<\/p>\n","protected":false},"author":3222,"featured_media":318760,"comment_status":"open","ping_status":"closed","sticky":false,"template":"","format":"standard","meta":{"footnotes":""},"categories":[2598],"tags":[2600],"class_list":["post-184172","post","type-post","status-publish","format-standard","has-post-thumbnail","hentry","category-international","tag-guerre"],"yoast_head":"<!-- This site is optimized with the Yoast SEO Premium plugin v27.5 (Yoast SEO v27.5) - https:\/\/yoast.com\/product\/yoast-seo-premium-wordpress\/ -->\n<title>S\u00e9n\u00e9gal : Karim Wade condamn\u00e9 \u00e0 6 ans de prison ferme et 209 millions d&#039;euros d&#039;amende<\/title>\n<meta name=\"description\" content=\"S\u00e9n\u00e9gal : Karim Wade condamn\u00e9 \u00e0 6 ans de prison ferme et 209 millions d&#039;euros d&#039;amende\" \/>\n<link rel=\"canonical\" href=\"https:\/\/www.webdo.tn\/fr\/actualite\/international\/senegal-karim-wade-condamne-6-ans-de-prison-ferme-et-209-millions-deuros\/184172\/\" \/>\n<meta property=\"og:locale\" content=\"fr_FR\" \/>\n<meta property=\"og:type\" content=\"article\" \/>\n<meta property=\"og:title\" content=\"S\u00e9n\u00e9gal : Karim Wade condamn\u00e9 \u00e0 6 ans de prison ferme et 209 millions d&#039;euros d&#039;amende\" \/>\n<meta property=\"og:description\" content=\"S\u00e9n\u00e9gal : Karim Wade condamn\u00e9 \u00e0 6 ans de prison ferme et 209 millions d&#039;euros d&#039;amende\" \/>\n<meta property=\"og:url\" content=\"https:\/\/www.webdo.tn\/fr\/actualite\/international\/senegal-karim-wade-condamne-6-ans-de-prison-ferme-et-209-millions-deuros\/184172\/\" \/>\n<meta property=\"og:site_name\" content=\"webdo\" \/>\n<meta property=\"article:publisher\" content=\"https:\/\/www.facebook.com\/webdotn\" \/>\n<meta property=\"article:published_time\" content=\"2015-03-23T13:32:00+00:00\" \/>\n<meta property=\"article:modified_time\" content=\"2025-05-19T10:19:39+00:00\" \/>\n<meta property=\"og:image\" content=\"https:\/\/www.webdo.tn\/fr\/wp-content\/uploads\/2015\/03\/Karim-Wade-photo-Dakaractu.jpg\" \/>\n\t<meta property=\"og:image:width\" content=\"300\" \/>\n\t<meta property=\"og:image:height\" content=\"290\" \/>\n\t<meta property=\"og:image:type\" content=\"image\/jpeg\" \/>\n<meta name=\"author\" content=\"webdo.tn\" \/>\n<meta name=\"twitter:card\" content=\"summary_large_image\" \/>\n<meta name=\"twitter:creator\" content=\"@webdo_tn\" \/>\n<meta name=\"twitter:site\" content=\"@webdo_tn\" \/>\n<meta name=\"twitter:label1\" content=\"\u00c9crit par\" \/>\n\t<meta name=\"twitter:data1\" content=\"webdo.tn\" \/>\n<script type=\"application\/ld+json\" class=\"yoast-schema-graph\">{\"@context\":\"https:\\\/\\\/schema.org\",\"@graph\":[{\"@type\":\"NewsArticle\",\"@id\":\"https:\\\/\\\/www.webdo.tn\\\/fr\\\/actualite\\\/international\\\/senegal-karim-wade-condamne-6-ans-de-prison-ferme-et-209-millions-deuros\\\/184172\\\/#article\",\"isPartOf\":{\"@id\":\"https:\\\/\\\/www.webdo.tn\\\/fr\\\/actualite\\\/international\\\/senegal-karim-wade-condamne-6-ans-de-prison-ferme-et-209-millions-deuros\\\/184172\\\/\"},\"author\":{\"name\":\"webdo.tn\",\"@id\":\"https:\\\/\\\/www.webdo.tn\\\/fr\\\/#\\\/schema\\\/person\\\/9a9c6118d687c117df8ef3cc36a4d175\"},\"headline\":\"S\u00e9n\u00e9gal : Karim Wade condamn\u00e9 \u00e0 6 ans de prison ferme et 209 millions d&rsquo;euros d&rsquo;amende\",\"datePublished\":\"2015-03-23T13:32:00+00:00\",\"dateModified\":\"2025-05-19T10:19:39+00:00\",\"mainEntityOfPage\":{\"@id\":\"https:\\\/\\\/www.webdo.tn\\\/fr\\\/actualite\\\/international\\\/senegal-karim-wade-condamne-6-ans-de-prison-ferme-et-209-millions-deuros\\\/184172\\\/\"},\"wordCount\":89,\"commentCount\":0,\"publisher\":{\"@id\":\"https:\\\/\\\/www.webdo.tn\\\/fr\\\/#organization\"},\"image\":{\"@id\":\"https:\\\/\\\/www.webdo.tn\\\/fr\\\/actualite\\\/international\\\/senegal-karim-wade-condamne-6-ans-de-prison-ferme-et-209-millions-deuros\\\/184172\\\/#primaryimage\"},\"thumbnailUrl\":\"https:\\\/\\\/www.webdo.tn\\\/fr\\\/wp-content\\\/uploads\\\/2015\\\/03\\\/Karim-Wade-photo-Dakaractu.jpg\",\"keywords\":[\"guerre\"],\"articleSection\":[\"International\"],\"inLanguage\":\"fr-FR\"},{\"@type\":\"WebPage\",\"@id\":\"https:\\\/\\\/www.webdo.tn\\\/fr\\\/actualite\\\/international\\\/senegal-karim-wade-condamne-6-ans-de-prison-ferme-et-209-millions-deuros\\\/184172\\\/\",\"url\":\"https:\\\/\\\/www.webdo.tn\\\/fr\\\/actualite\\\/international\\\/senegal-karim-wade-condamne-6-ans-de-prison-ferme-et-209-millions-deuros\\\/184172\\\/\",\"name\":\"S\u00e9n\u00e9gal : Karim Wade condamn\u00e9 \u00e0 6 ans de prison ferme et 209 millions d'euros d'amende\",\"isPartOf\":{\"@id\":\"https:\\\/\\\/www.webdo.tn\\\/fr\\\/#website\"},\"primaryImageOfPage\":{\"@id\":\"https:\\\/\\\/www.webdo.tn\\\/fr\\\/actualite\\\/international\\\/senegal-karim-wade-condamne-6-ans-de-prison-ferme-et-209-millions-deuros\\\/184172\\\/#primaryimage\"},\"image\":{\"@id\":\"https:\\\/\\\/www.webdo.tn\\\/fr\\\/actualite\\\/international\\\/senegal-karim-wade-condamne-6-ans-de-prison-ferme-et-209-millions-deuros\\\/184172\\\/#primaryimage\"},\"thumbnailUrl\":\"https:\\\/\\\/www.webdo.tn\\\/fr\\\/wp-content\\\/uploads\\\/2015\\\/03\\\/Karim-Wade-photo-Dakaractu.jpg\",\"datePublished\":\"2015-03-23T13:32:00+00:00\",\"dateModified\":\"2025-05-19T10:19:39+00:00\",\"description\":\"S\u00e9n\u00e9gal : Karim Wade condamn\u00e9 \u00e0 6 ans de prison ferme et 209 millions d'euros d'amende\",\"breadcrumb\":{\"@id\":\"https:\\\/\\\/www.webdo.tn\\\/fr\\\/actualite\\\/international\\\/senegal-karim-wade-condamne-6-ans-de-prison-ferme-et-209-millions-deuros\\\/184172\\\/#breadcrumb\"},\"inLanguage\":\"fr-FR\",\"potentialAction\":[{\"@type\":\"ReadAction\",\"target\":[\"https:\\\/\\\/www.webdo.tn\\\/fr\\\/actualite\\\/international\\\/senegal-karim-wade-condamne-6-ans-de-prison-ferme-et-209-millions-deuros\\\/184172\\\/\"]}]},{\"@type\":\"ImageObject\",\"inLanguage\":\"fr-FR\",\"@id\":\"https:\\\/\\\/www.webdo.tn\\\/fr\\\/actualite\\\/international\\\/senegal-karim-wade-condamne-6-ans-de-prison-ferme-et-209-millions-deuros\\\/184172\\\/#primaryimage\",\"url\":\"https:\\\/\\\/www.webdo.tn\\\/fr\\\/wp-content\\\/uploads\\\/2015\\\/03\\\/Karim-Wade-photo-Dakaractu.jpg\",\"contentUrl\":\"https:\\\/\\\/www.webdo.tn\\\/fr\\\/wp-content\\\/uploads\\\/2015\\\/03\\\/Karim-Wade-photo-Dakaractu.jpg\",\"width\":300,\"height\":290,\"caption\":\"S\u00e9n\u00e9gal : Karim Wade condamn\u00e9 \u00e0 6 ans de prison ferme et 209 millions d'euros d'amende\"},{\"@type\":\"BreadcrumbList\",\"@id\":\"https:\\\/\\\/www.webdo.tn\\\/fr\\\/actualite\\\/international\\\/senegal-karim-wade-condamne-6-ans-de-prison-ferme-et-209-millions-deuros\\\/184172\\\/#breadcrumb\",\"itemListElement\":[{\"@type\":\"ListItem\",\"position\":1,\"name\":\"Accueil\",\"item\":\"https:\\\/\\\/www.webdo.tn\\\/fr\\\/\"},{\"@type\":\"ListItem\",\"position\":2,\"name\":\"S\u00e9n\u00e9gal : Karim Wade condamn\u00e9 \u00e0 6 ans de prison ferme et 209 millions d&rsquo;euros d&rsquo;amende\"}]},{\"@type\":\"WebSite\",\"@id\":\"https:\\\/\\\/www.webdo.tn\\\/fr\\\/#website\",\"url\":\"https:\\\/\\\/www.webdo.tn\\\/fr\\\/\",\"name\":\"webdo\",\"description\":\"Tunisie - News en Tunisie et \u00e0 l&#039;international sur Webdo.tn\",\"publisher\":{\"@id\":\"https:\\\/\\\/www.webdo.tn\\\/fr\\\/#organization\"},\"potentialAction\":[{\"@type\":\"SearchAction\",\"target\":{\"@type\":\"EntryPoint\",\"urlTemplate\":\"https:\\\/\\\/www.webdo.tn\\\/fr\\\/?s={search_term_string}\"},\"query-input\":{\"@type\":\"PropertyValueSpecification\",\"valueRequired\":true,\"valueName\":\"search_term_string\"}}],\"inLanguage\":\"fr-FR\"},{\"@type\":\"Organization\",\"@id\":\"https:\\\/\\\/www.webdo.tn\\\/fr\\\/#organization\",\"name\":\"Webdo\",\"alternateName\":\"Webdo.tn\",\"url\":\"https:\\\/\\\/www.webdo.tn\\\/fr\\\/\",\"logo\":{\"@type\":\"ImageObject\",\"inLanguage\":\"fr-FR\",\"@id\":\"https:\\\/\\\/www.webdo.tn\\\/fr\\\/#\\\/schema\\\/logo\\\/image\\\/\",\"url\":\"https:\\\/\\\/www.webdo.tn\\\/fr\\\/wp-content\\\/uploads\\\/2025\\\/06\\\/Webdo-Tunisie_168377.jpg\",\"contentUrl\":\"https:\\\/\\\/www.webdo.tn\\\/fr\\\/wp-content\\\/uploads\\\/2025\\\/06\\\/Webdo-Tunisie_168377.jpg\",\"width\":301,\"height\":301,\"caption\":\"Webdo\"},\"image\":{\"@id\":\"https:\\\/\\\/www.webdo.tn\\\/fr\\\/#\\\/schema\\\/logo\\\/image\\\/\"},\"sameAs\":[\"https:\\\/\\\/www.facebook.com\\\/webdotn\",\"https:\\\/\\\/x.com\\\/webdo_tn\"],\"description\":\"Webdo est un m\u00e9dia num\u00e9rique tunisien fond\u00e9 en 2010, sp\u00e9cialis\u00e9 dans l\u2019actualit\u00e9 nationale et internationale, l\u2019\u00e9conomie, la soci\u00e9t\u00e9 et les analyses politiques. Le site s\u2019adresse \u00e0 un large public francophone et couvre l\u2019information tunisienne en temps r\u00e9el.\",\"email\":\"redac@webdo.tn\",\"legalName\":\"YNJ SARL\",\"foundingDate\":\"2010-09-06\",\"numberOfEmployees\":{\"@type\":\"QuantitativeValue\",\"minValue\":\"11\",\"maxValue\":\"50\"}},{\"@type\":\"Person\",\"@id\":\"https:\\\/\\\/www.webdo.tn\\\/fr\\\/#\\\/schema\\\/person\\\/9a9c6118d687c117df8ef3cc36a4d175\",\"name\":\"webdo.tn\",\"image\":{\"@type\":\"ImageObject\",\"inLanguage\":\"fr-FR\",\"@id\":\"https:\\\/\\\/secure.gravatar.com\\\/avatar\\\/7ce1f28c0c3bbac99ff550b85ef8e44a6950c6ee24514fb6a5489e51d06f0298?s=96&d=mm&r=g\",\"url\":\"https:\\\/\\\/secure.gravatar.com\\\/avatar\\\/7ce1f28c0c3bbac99ff550b85ef8e44a6950c6ee24514fb6a5489e51d06f0298?s=96&d=mm&r=g\",\"contentUrl\":\"https:\\\/\\\/secure.gravatar.com\\\/avatar\\\/7ce1f28c0c3bbac99ff550b85ef8e44a6950c6ee24514fb6a5489e51d06f0298?s=96&d=mm&r=g\",\"caption\":\"webdo.tn\"},\"url\":\"https:\\\/\\\/www.webdo.tn\\\/fr\\\/actualite\\\/author\\\/webdotn\\\/\"}]}<\/script>\n<!-- \/ Yoast SEO Premium plugin. -->","yoast_head_json":{"title":"S\u00e9n\u00e9gal : Karim Wade condamn\u00e9 \u00e0 6 ans de prison ferme et 209 millions d'euros d'amende","description":"S\u00e9n\u00e9gal : Karim Wade condamn\u00e9 \u00e0 6 ans de prison ferme et 209 millions d'euros d'amende","canonical":"https:\/\/www.webdo.tn\/fr\/actualite\/international\/senegal-karim-wade-condamne-6-ans-de-prison-ferme-et-209-millions-deuros\/184172\/","og_locale":"fr_FR","og_type":"article","og_title":"S\u00e9n\u00e9gal : Karim Wade condamn\u00e9 \u00e0 6 ans de prison ferme et 209 millions d'euros d'amende","og_description":"S\u00e9n\u00e9gal : Karim Wade condamn\u00e9 \u00e0 6 ans de prison ferme et 209 millions d'euros d'amende","og_url":"https:\/\/www.webdo.tn\/fr\/actualite\/international\/senegal-karim-wade-condamne-6-ans-de-prison-ferme-et-209-millions-deuros\/184172\/","og_site_name":"webdo","article_publisher":"https:\/\/www.facebook.com\/webdotn","article_published_time":"2015-03-23T13:32:00+00:00","article_modified_time":"2025-05-19T10:19:39+00:00","og_image":[{"width":300,"height":290,"url":"https:\/\/www.webdo.tn\/fr\/wp-content\/uploads\/2015\/03\/Karim-Wade-photo-Dakaractu.jpg","type":"image\/jpeg"}],"author":"webdo.tn","twitter_card":"summary_large_image","twitter_creator":"@webdo_tn","twitter_site":"@webdo_tn","twitter_misc":{"\u00c9crit par":"webdo.tn"},"schema":{"@context":"https:\/\/schema.org","@graph":[{"@type":"NewsArticle","@id":"https:\/\/www.webdo.tn\/fr\/actualite\/international\/senegal-karim-wade-condamne-6-ans-de-prison-ferme-et-209-millions-deuros\/184172\/#article","isPartOf":{"@id":"https:\/\/www.webdo.tn\/fr\/actualite\/international\/senegal-karim-wade-condamne-6-ans-de-prison-ferme-et-209-millions-deuros\/184172\/"},"author":{"name":"webdo.tn","@id":"https:\/\/www.webdo.tn\/fr\/#\/schema\/person\/9a9c6118d687c117df8ef3cc36a4d175"},"headline":"S\u00e9n\u00e9gal : Karim Wade condamn\u00e9 \u00e0 6 ans de prison ferme et 209 millions d&rsquo;euros d&rsquo;amende","datePublished":"2015-03-23T13:32:00+00:00","dateModified":"2025-05-19T10:19:39+00:00","mainEntityOfPage":{"@id":"https:\/\/www.webdo.tn\/fr\/actualite\/international\/senegal-karim-wade-condamne-6-ans-de-prison-ferme-et-209-millions-deuros\/184172\/"},"wordCount":89,"commentCount":0,"publisher":{"@id":"https:\/\/www.webdo.tn\/fr\/#organization"},"image":{"@id":"https:\/\/www.webdo.tn\/fr\/actualite\/international\/senegal-karim-wade-condamne-6-ans-de-prison-ferme-et-209-millions-deuros\/184172\/#primaryimage"},"thumbnailUrl":"https:\/\/www.webdo.tn\/fr\/wp-content\/uploads\/2015\/03\/Karim-Wade-photo-Dakaractu.jpg","keywords":["guerre"],"articleSection":["International"],"inLanguage":"fr-FR"},{"@type":"WebPage","@id":"https:\/\/www.webdo.tn\/fr\/actualite\/international\/senegal-karim-wade-condamne-6-ans-de-prison-ferme-et-209-millions-deuros\/184172\/","url":"https:\/\/www.webdo.tn\/fr\/actualite\/international\/senegal-karim-wade-condamne-6-ans-de-prison-ferme-et-209-millions-deuros\/184172\/","name":"S\u00e9n\u00e9gal : Karim Wade condamn\u00e9 \u00e0 6 ans de prison ferme et 209 millions d'euros d'amende","isPartOf":{"@id":"https:\/\/www.webdo.tn\/fr\/#website"},"primaryImageOfPage":{"@id":"https:\/\/www.webdo.tn\/fr\/actualite\/international\/senegal-karim-wade-condamne-6-ans-de-prison-ferme-et-209-millions-deuros\/184172\/#primaryimage"},"image":{"@id":"https:\/\/www.webdo.tn\/fr\/actualite\/international\/senegal-karim-wade-condamne-6-ans-de-prison-ferme-et-209-millions-deuros\/184172\/#primaryimage"},"thumbnailUrl":"https:\/\/www.webdo.tn\/fr\/wp-content\/uploads\/2015\/03\/Karim-Wade-photo-Dakaractu.jpg","datePublished":"2015-03-23T13:32:00+00:00","dateModified":"2025-05-19T10:19:39+00:00","description":"S\u00e9n\u00e9gal : Karim Wade condamn\u00e9 \u00e0 6 ans de prison ferme et 209 millions d'euros d'amende","breadcrumb":{"@id":"https:\/\/www.webdo.tn\/fr\/actualite\/international\/senegal-karim-wade-condamne-6-ans-de-prison-ferme-et-209-millions-deuros\/184172\/#breadcrumb"},"inLanguage":"fr-FR","potentialAction":[{"@type":"ReadAction","target":["https:\/\/www.webdo.tn\/fr\/actualite\/international\/senegal-karim-wade-condamne-6-ans-de-prison-ferme-et-209-millions-deuros\/184172\/"]}]},{"@type":"ImageObject","inLanguage":"fr-FR","@id":"https:\/\/www.webdo.tn\/fr\/actualite\/international\/senegal-karim-wade-condamne-6-ans-de-prison-ferme-et-209-millions-deuros\/184172\/#primaryimage","url":"https:\/\/www.webdo.tn\/fr\/wp-content\/uploads\/2015\/03\/Karim-Wade-photo-Dakaractu.jpg","contentUrl":"https:\/\/www.webdo.tn\/fr\/wp-content\/uploads\/2015\/03\/Karim-Wade-photo-Dakaractu.jpg","width":300,"height":290,"caption":"S\u00e9n\u00e9gal : Karim Wade condamn\u00e9 \u00e0 6 ans de prison ferme et 209 millions d'euros d'amende"},{"@type":"BreadcrumbList","@id":"https:\/\/www.webdo.tn\/fr\/actualite\/international\/senegal-karim-wade-condamne-6-ans-de-prison-ferme-et-209-millions-deuros\/184172\/#breadcrumb","itemListElement":[{"@type":"ListItem","position":1,"name":"Accueil","item":"https:\/\/www.webdo.tn\/fr\/"},{"@type":"ListItem","position":2,"name":"S\u00e9n\u00e9gal : Karim Wade condamn\u00e9 \u00e0 6 ans de prison ferme et 209 millions d&rsquo;euros d&rsquo;amende"}]},{"@type":"WebSite","@id":"https:\/\/www.webdo.tn\/fr\/#website","url":"https:\/\/www.webdo.tn\/fr\/","name":"webdo","description":"Tunisie - News en Tunisie et \u00e0 l&#039;international sur Webdo.tn","publisher":{"@id":"https:\/\/www.webdo.tn\/fr\/#organization"},"potentialAction":[{"@type":"SearchAction","target":{"@type":"EntryPoint","urlTemplate":"https:\/\/www.webdo.tn\/fr\/?s={search_term_string}"},"query-input":{"@type":"PropertyValueSpecification","valueRequired":true,"valueName":"search_term_string"}}],"inLanguage":"fr-FR"},{"@type":"Organization","@id":"https:\/\/www.webdo.tn\/fr\/#organization","name":"Webdo","alternateName":"Webdo.tn","url":"https:\/\/www.webdo.tn\/fr\/","logo":{"@type":"ImageObject","inLanguage":"fr-FR","@id":"https:\/\/www.webdo.tn\/fr\/#\/schema\/logo\/image\/","url":"https:\/\/www.webdo.tn\/fr\/wp-content\/uploads\/2025\/06\/Webdo-Tunisie_168377.jpg","contentUrl":"https:\/\/www.webdo.tn\/fr\/wp-content\/uploads\/2025\/06\/Webdo-Tunisie_168377.jpg","width":301,"height":301,"caption":"Webdo"},"image":{"@id":"https:\/\/www.webdo.tn\/fr\/#\/schema\/logo\/image\/"},"sameAs":["https:\/\/www.facebook.com\/webdotn","https:\/\/x.com\/webdo_tn"],"description":"Webdo est un m\u00e9dia num\u00e9rique tunisien fond\u00e9 en 2010, sp\u00e9cialis\u00e9 dans l\u2019actualit\u00e9 nationale et internationale, l\u2019\u00e9conomie, la soci\u00e9t\u00e9 et les analyses politiques. Le site s\u2019adresse \u00e0 un large public francophone et couvre l\u2019information tunisienne en temps r\u00e9el.","email":"redac@webdo.tn","legalName":"YNJ SARL","foundingDate":"2010-09-06","numberOfEmployees":{"@type":"QuantitativeValue","minValue":"11","maxValue":"50"}},{"@type":"Person","@id":"https:\/\/www.webdo.tn\/fr\/#\/schema\/person\/9a9c6118d687c117df8ef3cc36a4d175","name":"webdo.tn","image":{"@type":"ImageObject","inLanguage":"fr-FR","@id":"https:\/\/secure.gravatar.com\/avatar\/7ce1f28c0c3bbac99ff550b85ef8e44a6950c6ee24514fb6a5489e51d06f0298?s=96&d=mm&r=g","url":"https:\/\/secure.gravatar.com\/avatar\/7ce1f28c0c3bbac99ff550b85ef8e44a6950c6ee24514fb6a5489e51d06f0298?s=96&d=mm&r=g","contentUrl":"https:\/\/secure.gravatar.com\/avatar\/7ce1f28c0c3bbac99ff550b85ef8e44a6950c6ee24514fb6a5489e51d06f0298?s=96&d=mm&r=g","caption":"webdo.tn"},"url":"https:\/\/www.webdo.tn\/fr\/actualite\/author\/webdotn\/"}]}},"_links":{"self":[{"href":"https:\/\/www.webdo.tn\/fr\/wp-json\/wp\/v2\/posts\/184172","targetHints":{"allow":["GET"]}}],"collection":[{"href":"https:\/\/www.webdo.tn\/fr\/wp-json\/wp\/v2\/posts"}],"about":[{"href":"https:\/\/www.webdo.tn\/fr\/wp-json\/wp\/v2\/types\/post"}],"author":[{"embeddable":true,"href":"https:\/\/www.webdo.tn\/fr\/wp-json\/wp\/v2\/users\/3222"}],"replies":[{"embeddable":true,"href":"https:\/\/www.webdo.tn\/fr\/wp-json\/wp\/v2\/comments?post=184172"}],"version-history":[{"count":0,"href":"https:\/\/www.webdo.tn\/fr\/wp-json\/wp\/v2\/posts\/184172\/revisions"}],"wp:featuredmedia":[{"embeddable":true,"href":"https:\/\/www.webdo.tn\/fr\/wp-json\/wp\/v2\/media\/318760"}],"wp:attachment":[{"href":"https:\/\/www.webdo.tn\/fr\/wp-json\/wp\/v2\/media?parent=184172"}],"wp:term":[{"taxonomy":"category","embeddable":true,"href":"https:\/\/www.webdo.tn\/fr\/wp-json\/wp\/v2\/categories?post=184172"},{"taxonomy":"post_tag","embeddable":true,"href":"https:\/\/www.webdo.tn\/fr\/wp-json\/wp\/v2\/tags?post=184172"}],"curies":[{"name":"wp","href":"https:\/\/api.w.org\/{rel}","templated":true}]}}