{"id":184171,"date":"2015-03-24T12:37:00","date_gmt":"2015-03-24T12:37:00","guid":{"rendered":"https:\/\/www.webdo.tn\/fr\/blog\/crash-dun-a320-dans-le-sud-de-la-france-pas-de-survivants-selon-les-autorites-francaises\/184171\/"},"modified":"2015-03-24T12:37:00","modified_gmt":"2015-03-24T12:37:00","slug":"crash-dun-a320-dans-le-sud-de-la-france-pas-de-survivants-selon-les-autorites-francaises","status":"publish","type":"post","link":"https:\/\/www.webdo.tn\/fr\/actualite\/international\/crash-dun-a320-dans-le-sud-de-la-france-pas-de-survivants-selon-les-autorites-francaises\/184171\/","title":{"rendered":"Crash d&rsquo;un A320 dans le sud de la France : Aucun survivant, selon les autorit\u00e9s fran\u00e7aises"},"content":{"rendered":"<p>Un Airbus A320 de la compagnie allemande Germanwings s&rsquo;est \u00e9cras\u00e9 ce mardi 24 mars dans le sud de la France en Provence-Alpes-C\u00f4te d&rsquo;Azur.<\/p>\n<p>L&rsquo;avion qui avait \u00e0 son bord 142 passagers et six membres d&rsquo;\u00e9quipage, \u00e9tait \u00e0 destination de D\u00fcsseldof en provenance de Barcelone.<\/p>\n<p>On ignore encore les raisons de ce crash et le nombre de victimes, mais selon le pr\u00e9sident fran\u00e7ais, Fran\u00e7ois Hollande et son Premier ministre, Manuel Valls, il n&rsquo;y aurait aucun survivant.<\/p>\n","protected":false},"excerpt":{"rendered":"<p>Crash d&rsquo;un A320 dans le sud de la France : Aucun survivant, selon les autorit\u00e9s fran\u00e7aises<\/p>\n","protected":false},"author":3222,"featured_media":318719,"comment_status":"open","ping_status":"closed","sticky":false,"template":"","format":"standard","meta":{"footnotes":""},"categories":[2598],"tags":[2600],"class_list":["post-184171","post","type-post","status-publish","format-standard","has-post-thumbnail","hentry","category-international","tag-guerre"],"yoast_head":"<!-- This site is optimized with the Yoast SEO Premium plugin v27.5 (Yoast SEO v27.5) - https:\/\/yoast.com\/product\/yoast-seo-premium-wordpress\/ -->\n<title>Crash d&#039;un A320 dans le sud de la France : Aucun survivant, selon les autorit\u00e9s fran\u00e7aises<\/title>\n<meta name=\"description\" content=\"Crash d&#039;un A320 dans le sud de la France : Aucun survivant, selon les autorit\u00e9s fran\u00e7aises\" \/>\n<link rel=\"canonical\" href=\"https:\/\/www.webdo.tn\/fr\/actualite\/international\/crash-dun-a320-dans-le-sud-de-la-france-pas-de-survivants-selon-les-autorites-francaises\/184171\/\" \/>\n<meta property=\"og:locale\" content=\"fr_FR\" \/>\n<meta property=\"og:type\" content=\"article\" \/>\n<meta property=\"og:title\" content=\"Crash d&#039;un A320 dans le sud de la France : Aucun survivant, selon les autorit\u00e9s fran\u00e7aises\" \/>\n<meta property=\"og:description\" content=\"Crash d&#039;un A320 dans le sud de la France : Aucun survivant, selon les autorit\u00e9s fran\u00e7aises\" \/>\n<meta property=\"og:url\" content=\"https:\/\/www.webdo.tn\/fr\/actualite\/international\/crash-dun-a320-dans-le-sud-de-la-france-pas-de-survivants-selon-les-autorites-francaises\/184171\/\" \/>\n<meta property=\"og:site_name\" content=\"webdo\" \/>\n<meta property=\"article:publisher\" content=\"https:\/\/www.facebook.com\/webdotn\" \/>\n<meta property=\"article:published_time\" content=\"2015-03-24T12:37:00+00:00\" \/>\n<meta property=\"og:image\" content=\"https:\/\/www.webdo.tn\/fr\/wp-content\/uploads\/2015\/03\/Germanwings.jpg\" \/>\n\t<meta property=\"og:image:width\" content=\"640\" \/>\n\t<meta property=\"og:image:height\" content=\"426\" \/>\n\t<meta property=\"og:image:type\" content=\"image\/jpeg\" \/>\n<meta name=\"author\" content=\"webdo.tn\" \/>\n<meta name=\"twitter:card\" content=\"summary_large_image\" \/>\n<meta name=\"twitter:creator\" content=\"@webdo_tn\" \/>\n<meta name=\"twitter:site\" content=\"@webdo_tn\" \/>\n<meta name=\"twitter:label1\" content=\"\u00c9crit par\" \/>\n\t<meta name=\"twitter:data1\" content=\"webdo.tn\" \/>\n<script type=\"application\/ld+json\" class=\"yoast-schema-graph\">{\"@context\":\"https:\\\/\\\/schema.org\",\"@graph\":[{\"@type\":\"NewsArticle\",\"@id\":\"https:\\\/\\\/www.webdo.tn\\\/fr\\\/actualite\\\/international\\\/crash-dun-a320-dans-le-sud-de-la-france-pas-de-survivants-selon-les-autorites-francaises\\\/184171\\\/#article\",\"isPartOf\":{\"@id\":\"https:\\\/\\\/www.webdo.tn\\\/fr\\\/actualite\\\/international\\\/crash-dun-a320-dans-le-sud-de-la-france-pas-de-survivants-selon-les-autorites-francaises\\\/184171\\\/\"},\"author\":{\"name\":\"webdo.tn\",\"@id\":\"https:\\\/\\\/www.webdo.tn\\\/fr\\\/#\\\/schema\\\/person\\\/9a9c6118d687c117df8ef3cc36a4d175\"},\"headline\":\"Crash d&rsquo;un A320 dans le sud de la France : Aucun survivant, selon les autorit\u00e9s fran\u00e7aises\",\"datePublished\":\"2015-03-24T12:37:00+00:00\",\"mainEntityOfPage\":{\"@id\":\"https:\\\/\\\/www.webdo.tn\\\/fr\\\/actualite\\\/international\\\/crash-dun-a320-dans-le-sud-de-la-france-pas-de-survivants-selon-les-autorites-francaises\\\/184171\\\/\"},\"wordCount\":99,\"commentCount\":0,\"publisher\":{\"@id\":\"https:\\\/\\\/www.webdo.tn\\\/fr\\\/#organization\"},\"image\":{\"@id\":\"https:\\\/\\\/www.webdo.tn\\\/fr\\\/actualite\\\/international\\\/crash-dun-a320-dans-le-sud-de-la-france-pas-de-survivants-selon-les-autorites-francaises\\\/184171\\\/#primaryimage\"},\"thumbnailUrl\":\"https:\\\/\\\/www.webdo.tn\\\/fr\\\/wp-content\\\/uploads\\\/2015\\\/03\\\/Germanwings.jpg\",\"keywords\":[\"guerre\"],\"articleSection\":[\"International\"],\"inLanguage\":\"fr-FR\"},{\"@type\":\"WebPage\",\"@id\":\"https:\\\/\\\/www.webdo.tn\\\/fr\\\/actualite\\\/international\\\/crash-dun-a320-dans-le-sud-de-la-france-pas-de-survivants-selon-les-autorites-francaises\\\/184171\\\/\",\"url\":\"https:\\\/\\\/www.webdo.tn\\\/fr\\\/actualite\\\/international\\\/crash-dun-a320-dans-le-sud-de-la-france-pas-de-survivants-selon-les-autorites-francaises\\\/184171\\\/\",\"name\":\"Crash d'un A320 dans le sud de la France : Aucun survivant, selon les autorit\u00e9s fran\u00e7aises\",\"isPartOf\":{\"@id\":\"https:\\\/\\\/www.webdo.tn\\\/fr\\\/#website\"},\"primaryImageOfPage\":{\"@id\":\"https:\\\/\\\/www.webdo.tn\\\/fr\\\/actualite\\\/international\\\/crash-dun-a320-dans-le-sud-de-la-france-pas-de-survivants-selon-les-autorites-francaises\\\/184171\\\/#primaryimage\"},\"image\":{\"@id\":\"https:\\\/\\\/www.webdo.tn\\\/fr\\\/actualite\\\/international\\\/crash-dun-a320-dans-le-sud-de-la-france-pas-de-survivants-selon-les-autorites-francaises\\\/184171\\\/#primaryimage\"},\"thumbnailUrl\":\"https:\\\/\\\/www.webdo.tn\\\/fr\\\/wp-content\\\/uploads\\\/2015\\\/03\\\/Germanwings.jpg\",\"datePublished\":\"2015-03-24T12:37:00+00:00\",\"description\":\"Crash d'un A320 dans le sud de la France : Aucun survivant, selon les autorit\u00e9s fran\u00e7aises\",\"breadcrumb\":{\"@id\":\"https:\\\/\\\/www.webdo.tn\\\/fr\\\/actualite\\\/international\\\/crash-dun-a320-dans-le-sud-de-la-france-pas-de-survivants-selon-les-autorites-francaises\\\/184171\\\/#breadcrumb\"},\"inLanguage\":\"fr-FR\",\"potentialAction\":[{\"@type\":\"ReadAction\",\"target\":[\"https:\\\/\\\/www.webdo.tn\\\/fr\\\/actualite\\\/international\\\/crash-dun-a320-dans-le-sud-de-la-france-pas-de-survivants-selon-les-autorites-francaises\\\/184171\\\/\"]}]},{\"@type\":\"ImageObject\",\"inLanguage\":\"fr-FR\",\"@id\":\"https:\\\/\\\/www.webdo.tn\\\/fr\\\/actualite\\\/international\\\/crash-dun-a320-dans-le-sud-de-la-france-pas-de-survivants-selon-les-autorites-francaises\\\/184171\\\/#primaryimage\",\"url\":\"https:\\\/\\\/www.webdo.tn\\\/fr\\\/wp-content\\\/uploads\\\/2015\\\/03\\\/Germanwings.jpg\",\"contentUrl\":\"https:\\\/\\\/www.webdo.tn\\\/fr\\\/wp-content\\\/uploads\\\/2015\\\/03\\\/Germanwings.jpg\",\"width\":640,\"height\":426,\"caption\":\"Crash d'un A320 dans le sud de la France : Aucun survivant, selon les autorit\u00e9s fran\u00e7aises\"},{\"@type\":\"BreadcrumbList\",\"@id\":\"https:\\\/\\\/www.webdo.tn\\\/fr\\\/actualite\\\/international\\\/crash-dun-a320-dans-le-sud-de-la-france-pas-de-survivants-selon-les-autorites-francaises\\\/184171\\\/#breadcrumb\",\"itemListElement\":[{\"@type\":\"ListItem\",\"position\":1,\"name\":\"Accueil\",\"item\":\"https:\\\/\\\/www.webdo.tn\\\/fr\\\/\"},{\"@type\":\"ListItem\",\"position\":2,\"name\":\"Crash d&rsquo;un A320 dans le sud de la France : Aucun survivant, selon les autorit\u00e9s fran\u00e7aises\"}]},{\"@type\":\"WebSite\",\"@id\":\"https:\\\/\\\/www.webdo.tn\\\/fr\\\/#website\",\"url\":\"https:\\\/\\\/www.webdo.tn\\\/fr\\\/\",\"name\":\"webdo\",\"description\":\"Tunisie - News en Tunisie et \u00e0 l&#039;international sur Webdo.tn\",\"publisher\":{\"@id\":\"https:\\\/\\\/www.webdo.tn\\\/fr\\\/#organization\"},\"potentialAction\":[{\"@type\":\"SearchAction\",\"target\":{\"@type\":\"EntryPoint\",\"urlTemplate\":\"https:\\\/\\\/www.webdo.tn\\\/fr\\\/?s={search_term_string}\"},\"query-input\":{\"@type\":\"PropertyValueSpecification\",\"valueRequired\":true,\"valueName\":\"search_term_string\"}}],\"inLanguage\":\"fr-FR\"},{\"@type\":\"Organization\",\"@id\":\"https:\\\/\\\/www.webdo.tn\\\/fr\\\/#organization\",\"name\":\"Webdo\",\"alternateName\":\"Webdo.tn\",\"url\":\"https:\\\/\\\/www.webdo.tn\\\/fr\\\/\",\"logo\":{\"@type\":\"ImageObject\",\"inLanguage\":\"fr-FR\",\"@id\":\"https:\\\/\\\/www.webdo.tn\\\/fr\\\/#\\\/schema\\\/logo\\\/image\\\/\",\"url\":\"https:\\\/\\\/www.webdo.tn\\\/fr\\\/wp-content\\\/uploads\\\/2025\\\/06\\\/Webdo-Tunisie_168377.jpg\",\"contentUrl\":\"https:\\\/\\\/www.webdo.tn\\\/fr\\\/wp-content\\\/uploads\\\/2025\\\/06\\\/Webdo-Tunisie_168377.jpg\",\"width\":301,\"height\":301,\"caption\":\"Webdo\"},\"image\":{\"@id\":\"https:\\\/\\\/www.webdo.tn\\\/fr\\\/#\\\/schema\\\/logo\\\/image\\\/\"},\"sameAs\":[\"https:\\\/\\\/www.facebook.com\\\/webdotn\",\"https:\\\/\\\/x.com\\\/webdo_tn\"],\"description\":\"Webdo est un m\u00e9dia num\u00e9rique tunisien fond\u00e9 en 2010, sp\u00e9cialis\u00e9 dans l\u2019actualit\u00e9 nationale et internationale, l\u2019\u00e9conomie, la soci\u00e9t\u00e9 et les analyses politiques. Le site s\u2019adresse \u00e0 un large public francophone et couvre l\u2019information tunisienne en temps r\u00e9el.\",\"email\":\"redac@webdo.tn\",\"legalName\":\"YNJ SARL\",\"foundingDate\":\"2010-09-06\",\"numberOfEmployees\":{\"@type\":\"QuantitativeValue\",\"minValue\":\"11\",\"maxValue\":\"50\"}},{\"@type\":\"Person\",\"@id\":\"https:\\\/\\\/www.webdo.tn\\\/fr\\\/#\\\/schema\\\/person\\\/9a9c6118d687c117df8ef3cc36a4d175\",\"name\":\"webdo.tn\",\"image\":{\"@type\":\"ImageObject\",\"inLanguage\":\"fr-FR\",\"@id\":\"https:\\\/\\\/secure.gravatar.com\\\/avatar\\\/7ce1f28c0c3bbac99ff550b85ef8e44a6950c6ee24514fb6a5489e51d06f0298?s=96&d=mm&r=g\",\"url\":\"https:\\\/\\\/secure.gravatar.com\\\/avatar\\\/7ce1f28c0c3bbac99ff550b85ef8e44a6950c6ee24514fb6a5489e51d06f0298?s=96&d=mm&r=g\",\"contentUrl\":\"https:\\\/\\\/secure.gravatar.com\\\/avatar\\\/7ce1f28c0c3bbac99ff550b85ef8e44a6950c6ee24514fb6a5489e51d06f0298?s=96&d=mm&r=g\",\"caption\":\"webdo.tn\"},\"url\":\"https:\\\/\\\/www.webdo.tn\\\/fr\\\/actualite\\\/author\\\/webdotn\\\/\"}]}<\/script>\n<!-- \/ Yoast SEO Premium plugin. -->","yoast_head_json":{"title":"Crash d'un A320 dans le sud de la France : Aucun survivant, selon les autorit\u00e9s fran\u00e7aises","description":"Crash d'un A320 dans le sud de la France : Aucun survivant, selon les autorit\u00e9s fran\u00e7aises","canonical":"https:\/\/www.webdo.tn\/fr\/actualite\/international\/crash-dun-a320-dans-le-sud-de-la-france-pas-de-survivants-selon-les-autorites-francaises\/184171\/","og_locale":"fr_FR","og_type":"article","og_title":"Crash d'un A320 dans le sud de la France : Aucun survivant, selon les autorit\u00e9s fran\u00e7aises","og_description":"Crash d'un A320 dans le sud de la France : Aucun survivant, selon les autorit\u00e9s fran\u00e7aises","og_url":"https:\/\/www.webdo.tn\/fr\/actualite\/international\/crash-dun-a320-dans-le-sud-de-la-france-pas-de-survivants-selon-les-autorites-francaises\/184171\/","og_site_name":"webdo","article_publisher":"https:\/\/www.facebook.com\/webdotn","article_published_time":"2015-03-24T12:37:00+00:00","og_image":[{"width":640,"height":426,"url":"https:\/\/www.webdo.tn\/fr\/wp-content\/uploads\/2015\/03\/Germanwings.jpg","type":"image\/jpeg"}],"author":"webdo.tn","twitter_card":"summary_large_image","twitter_creator":"@webdo_tn","twitter_site":"@webdo_tn","twitter_misc":{"\u00c9crit par":"webdo.tn"},"schema":{"@context":"https:\/\/schema.org","@graph":[{"@type":"NewsArticle","@id":"https:\/\/www.webdo.tn\/fr\/actualite\/international\/crash-dun-a320-dans-le-sud-de-la-france-pas-de-survivants-selon-les-autorites-francaises\/184171\/#article","isPartOf":{"@id":"https:\/\/www.webdo.tn\/fr\/actualite\/international\/crash-dun-a320-dans-le-sud-de-la-france-pas-de-survivants-selon-les-autorites-francaises\/184171\/"},"author":{"name":"webdo.tn","@id":"https:\/\/www.webdo.tn\/fr\/#\/schema\/person\/9a9c6118d687c117df8ef3cc36a4d175"},"headline":"Crash d&rsquo;un A320 dans le sud de la France : Aucun survivant, selon les autorit\u00e9s fran\u00e7aises","datePublished":"2015-03-24T12:37:00+00:00","mainEntityOfPage":{"@id":"https:\/\/www.webdo.tn\/fr\/actualite\/international\/crash-dun-a320-dans-le-sud-de-la-france-pas-de-survivants-selon-les-autorites-francaises\/184171\/"},"wordCount":99,"commentCount":0,"publisher":{"@id":"https:\/\/www.webdo.tn\/fr\/#organization"},"image":{"@id":"https:\/\/www.webdo.tn\/fr\/actualite\/international\/crash-dun-a320-dans-le-sud-de-la-france-pas-de-survivants-selon-les-autorites-francaises\/184171\/#primaryimage"},"thumbnailUrl":"https:\/\/www.webdo.tn\/fr\/wp-content\/uploads\/2015\/03\/Germanwings.jpg","keywords":["guerre"],"articleSection":["International"],"inLanguage":"fr-FR"},{"@type":"WebPage","@id":"https:\/\/www.webdo.tn\/fr\/actualite\/international\/crash-dun-a320-dans-le-sud-de-la-france-pas-de-survivants-selon-les-autorites-francaises\/184171\/","url":"https:\/\/www.webdo.tn\/fr\/actualite\/international\/crash-dun-a320-dans-le-sud-de-la-france-pas-de-survivants-selon-les-autorites-francaises\/184171\/","name":"Crash d'un A320 dans le sud de la France : Aucun survivant, selon les autorit\u00e9s fran\u00e7aises","isPartOf":{"@id":"https:\/\/www.webdo.tn\/fr\/#website"},"primaryImageOfPage":{"@id":"https:\/\/www.webdo.tn\/fr\/actualite\/international\/crash-dun-a320-dans-le-sud-de-la-france-pas-de-survivants-selon-les-autorites-francaises\/184171\/#primaryimage"},"image":{"@id":"https:\/\/www.webdo.tn\/fr\/actualite\/international\/crash-dun-a320-dans-le-sud-de-la-france-pas-de-survivants-selon-les-autorites-francaises\/184171\/#primaryimage"},"thumbnailUrl":"https:\/\/www.webdo.tn\/fr\/wp-content\/uploads\/2015\/03\/Germanwings.jpg","datePublished":"2015-03-24T12:37:00+00:00","description":"Crash d'un A320 dans le sud de la France : Aucun survivant, selon les autorit\u00e9s fran\u00e7aises","breadcrumb":{"@id":"https:\/\/www.webdo.tn\/fr\/actualite\/international\/crash-dun-a320-dans-le-sud-de-la-france-pas-de-survivants-selon-les-autorites-francaises\/184171\/#breadcrumb"},"inLanguage":"fr-FR","potentialAction":[{"@type":"ReadAction","target":["https:\/\/www.webdo.tn\/fr\/actualite\/international\/crash-dun-a320-dans-le-sud-de-la-france-pas-de-survivants-selon-les-autorites-francaises\/184171\/"]}]},{"@type":"ImageObject","inLanguage":"fr-FR","@id":"https:\/\/www.webdo.tn\/fr\/actualite\/international\/crash-dun-a320-dans-le-sud-de-la-france-pas-de-survivants-selon-les-autorites-francaises\/184171\/#primaryimage","url":"https:\/\/www.webdo.tn\/fr\/wp-content\/uploads\/2015\/03\/Germanwings.jpg","contentUrl":"https:\/\/www.webdo.tn\/fr\/wp-content\/uploads\/2015\/03\/Germanwings.jpg","width":640,"height":426,"caption":"Crash d'un A320 dans le sud de la France : Aucun survivant, selon les autorit\u00e9s fran\u00e7aises"},{"@type":"BreadcrumbList","@id":"https:\/\/www.webdo.tn\/fr\/actualite\/international\/crash-dun-a320-dans-le-sud-de-la-france-pas-de-survivants-selon-les-autorites-francaises\/184171\/#breadcrumb","itemListElement":[{"@type":"ListItem","position":1,"name":"Accueil","item":"https:\/\/www.webdo.tn\/fr\/"},{"@type":"ListItem","position":2,"name":"Crash d&rsquo;un A320 dans le sud de la France : Aucun survivant, selon les autorit\u00e9s fran\u00e7aises"}]},{"@type":"WebSite","@id":"https:\/\/www.webdo.tn\/fr\/#website","url":"https:\/\/www.webdo.tn\/fr\/","name":"webdo","description":"Tunisie - News en Tunisie et \u00e0 l&#039;international sur Webdo.tn","publisher":{"@id":"https:\/\/www.webdo.tn\/fr\/#organization"},"potentialAction":[{"@type":"SearchAction","target":{"@type":"EntryPoint","urlTemplate":"https:\/\/www.webdo.tn\/fr\/?s={search_term_string}"},"query-input":{"@type":"PropertyValueSpecification","valueRequired":true,"valueName":"search_term_string"}}],"inLanguage":"fr-FR"},{"@type":"Organization","@id":"https:\/\/www.webdo.tn\/fr\/#organization","name":"Webdo","alternateName":"Webdo.tn","url":"https:\/\/www.webdo.tn\/fr\/","logo":{"@type":"ImageObject","inLanguage":"fr-FR","@id":"https:\/\/www.webdo.tn\/fr\/#\/schema\/logo\/image\/","url":"https:\/\/www.webdo.tn\/fr\/wp-content\/uploads\/2025\/06\/Webdo-Tunisie_168377.jpg","contentUrl":"https:\/\/www.webdo.tn\/fr\/wp-content\/uploads\/2025\/06\/Webdo-Tunisie_168377.jpg","width":301,"height":301,"caption":"Webdo"},"image":{"@id":"https:\/\/www.webdo.tn\/fr\/#\/schema\/logo\/image\/"},"sameAs":["https:\/\/www.facebook.com\/webdotn","https:\/\/x.com\/webdo_tn"],"description":"Webdo est un m\u00e9dia num\u00e9rique tunisien fond\u00e9 en 2010, sp\u00e9cialis\u00e9 dans l\u2019actualit\u00e9 nationale et internationale, l\u2019\u00e9conomie, la soci\u00e9t\u00e9 et les analyses politiques. Le site s\u2019adresse \u00e0 un large public francophone et couvre l\u2019information tunisienne en temps r\u00e9el.","email":"redac@webdo.tn","legalName":"YNJ SARL","foundingDate":"2010-09-06","numberOfEmployees":{"@type":"QuantitativeValue","minValue":"11","maxValue":"50"}},{"@type":"Person","@id":"https:\/\/www.webdo.tn\/fr\/#\/schema\/person\/9a9c6118d687c117df8ef3cc36a4d175","name":"webdo.tn","image":{"@type":"ImageObject","inLanguage":"fr-FR","@id":"https:\/\/secure.gravatar.com\/avatar\/7ce1f28c0c3bbac99ff550b85ef8e44a6950c6ee24514fb6a5489e51d06f0298?s=96&d=mm&r=g","url":"https:\/\/secure.gravatar.com\/avatar\/7ce1f28c0c3bbac99ff550b85ef8e44a6950c6ee24514fb6a5489e51d06f0298?s=96&d=mm&r=g","contentUrl":"https:\/\/secure.gravatar.com\/avatar\/7ce1f28c0c3bbac99ff550b85ef8e44a6950c6ee24514fb6a5489e51d06f0298?s=96&d=mm&r=g","caption":"webdo.tn"},"url":"https:\/\/www.webdo.tn\/fr\/actualite\/author\/webdotn\/"}]}},"_links":{"self":[{"href":"https:\/\/www.webdo.tn\/fr\/wp-json\/wp\/v2\/posts\/184171","targetHints":{"allow":["GET"]}}],"collection":[{"href":"https:\/\/www.webdo.tn\/fr\/wp-json\/wp\/v2\/posts"}],"about":[{"href":"https:\/\/www.webdo.tn\/fr\/wp-json\/wp\/v2\/types\/post"}],"author":[{"embeddable":true,"href":"https:\/\/www.webdo.tn\/fr\/wp-json\/wp\/v2\/users\/3222"}],"replies":[{"embeddable":true,"href":"https:\/\/www.webdo.tn\/fr\/wp-json\/wp\/v2\/comments?post=184171"}],"version-history":[{"count":0,"href":"https:\/\/www.webdo.tn\/fr\/wp-json\/wp\/v2\/posts\/184171\/revisions"}],"wp:featuredmedia":[{"embeddable":true,"href":"https:\/\/www.webdo.tn\/fr\/wp-json\/wp\/v2\/media\/318719"}],"wp:attachment":[{"href":"https:\/\/www.webdo.tn\/fr\/wp-json\/wp\/v2\/media?parent=184171"}],"wp:term":[{"taxonomy":"category","embeddable":true,"href":"https:\/\/www.webdo.tn\/fr\/wp-json\/wp\/v2\/categories?post=184171"},{"taxonomy":"post_tag","embeddable":true,"href":"https:\/\/www.webdo.tn\/fr\/wp-json\/wp\/v2\/tags?post=184171"}],"curies":[{"name":"wp","href":"https:\/\/api.w.org\/{rel}","templated":true}]}}