{"id":184170,"date":"2015-03-26T14:03:00","date_gmt":"2015-03-26T14:03:00","guid":{"rendered":"https:\/\/www.webdo.tn\/fr\/blog\/crash-de-la320-de-germanwings-le-copilote-aurait-deliberement-cherche-a-detruire-lavion\/184170\/"},"modified":"2015-03-26T14:03:00","modified_gmt":"2015-03-26T14:03:00","slug":"crash-de-la320-de-germanwings-le-copilote-aurait-deliberement-cherche-a-detruire-lavion","status":"publish","type":"post","link":"https:\/\/www.webdo.tn\/fr\/actualite\/international\/crash-de-la320-de-germanwings-le-copilote-aurait-deliberement-cherche-a-detruire-lavion\/184170\/","title":{"rendered":"Crash de l\u2019A320 de Germanwings : Le copilote aurait d\u00e9lib\u00e9r\u00e9ment cherch\u00e9 \u00e0 d\u00e9truire l&rsquo;avion"},"content":{"rendered":"<p>De nouveaux \u00e9l\u00e9ments ont \u00e9t\u00e9 r\u00e9v\u00e9l\u00e9s, ce jeudi 26 mars, suite au crash de l&rsquo;Airbus A320 de la compagnie allemande Germanwings, mardi 24 mars, dans le sud de France et qui a fait 150 morts, 144 passagers et six membres d&rsquo;\u00e9quipage.<\/p>\n<p>Le copilote de l&rsquo;Airbus A320, qui a \u00e9t\u00e9 identifi\u00e9 comme \u00e9tant Andreas Lubitz, 28 ans, originaire de la r\u00e9gion de D\u00fcsseldorf, en Allemagne, a actionn\u00e9 volontairement les commandes de descente de l\u2019appareil. Sa man\u0153uvre \u00ab\u00a0peut s&rsquo;analyser comme une volont\u00e9 de d\u00e9truire l&rsquo;avion\u00a0\u00bb, a d\u00e9clar\u00e9, ce jeudi le procureur de Marseille, Brice Robin, pr\u00e9cisant que le copilote n&rsquo;est pas r\u00e9pertori\u00e9 comme terroriste.<\/p>\n<p>Selon l&rsquo;analyse audio de la premi\u00e8re bo\u00eete noire retrouv\u00e9e, le \u00ab\u00a0cockpit voice recorder\u00a0\u00bb, le copilote \u00e9tait enferm\u00e9 dans le cockpit et le commandant de bord \u00e9tait bloqu\u00e9 \u00e0 l&rsquo;ext\u00e9rieur. D&rsquo;apr\u00e8s le procureur de la R\u00e9publique de Marseille, \u00ab\u00a0le copilote, par une abstention volontaire, a refus\u00e9 d&rsquo;ouvrir la porte de la cabine de pilotage au commandant de bord et a actionn\u00e9 le bouton commandant la perte d&rsquo;altitude\u00a0\u00bb.<\/p>\n","protected":false},"excerpt":{"rendered":"<p>Crash de l\u2019A320 de Germanwings : Le copilote aurait d\u00e9lib\u00e9r\u00e9ment cherch\u00e9 \u00e0 d\u00e9truire l&rsquo;avion<\/p>\n","protected":false},"author":3222,"featured_media":335669,"comment_status":"open","ping_status":"closed","sticky":false,"template":"","format":"standard","meta":{"footnotes":""},"categories":[2598],"tags":[2600],"class_list":["post-184170","post","type-post","status-publish","format-standard","has-post-thumbnail","hentry","category-international","tag-guerre"],"yoast_head":"<!-- This site is optimized with the Yoast SEO Premium plugin v27.5 (Yoast SEO v27.5) - https:\/\/yoast.com\/product\/yoast-seo-premium-wordpress\/ -->\n<title>Crash de l\u2019A320 de Germanwings : Le copilote aurait d\u00e9lib\u00e9r\u00e9ment cherch\u00e9 \u00e0 d\u00e9truire l&#039;avion<\/title>\n<meta name=\"description\" content=\"Crash de l\u2019A320 de Germanwings : Le copilote aurait d\u00e9lib\u00e9r\u00e9ment cherch\u00e9 \u00e0 d\u00e9truire l&#039;avion\" \/>\n<link rel=\"canonical\" href=\"https:\/\/www.webdo.tn\/fr\/actualite\/international\/crash-de-la320-de-germanwings-le-copilote-aurait-deliberement-cherche-a-detruire-lavion\/184170\/\" \/>\n<meta property=\"og:locale\" content=\"fr_FR\" \/>\n<meta property=\"og:type\" content=\"article\" \/>\n<meta property=\"og:title\" content=\"Crash de l\u2019A320 de Germanwings : Le copilote aurait d\u00e9lib\u00e9r\u00e9ment cherch\u00e9 \u00e0 d\u00e9truire l&#039;avion\" \/>\n<meta property=\"og:description\" content=\"Crash de l\u2019A320 de Germanwings : Le copilote aurait d\u00e9lib\u00e9r\u00e9ment cherch\u00e9 \u00e0 d\u00e9truire l&#039;avion\" \/>\n<meta property=\"og:url\" content=\"https:\/\/www.webdo.tn\/fr\/actualite\/international\/crash-de-la320-de-germanwings-le-copilote-aurait-deliberement-cherche-a-detruire-lavion\/184170\/\" \/>\n<meta property=\"og:site_name\" content=\"webdo\" \/>\n<meta property=\"article:publisher\" content=\"https:\/\/www.facebook.com\/webdotn\" \/>\n<meta property=\"article:published_time\" content=\"2015-03-26T14:03:00+00:00\" \/>\n<meta property=\"og:image\" content=\"https:\/\/www.webdo.tn\/fr\/wp-content\/uploads\/2015\/03\/NBC.News_.jpg\" \/>\n\t<meta property=\"og:image:width\" content=\"600\" \/>\n\t<meta property=\"og:image:height\" content=\"385\" \/>\n\t<meta property=\"og:image:type\" content=\"image\/jpeg\" \/>\n<meta name=\"author\" content=\"webdo.tn\" \/>\n<meta name=\"twitter:card\" content=\"summary_large_image\" \/>\n<meta name=\"twitter:creator\" content=\"@webdo_tn\" \/>\n<meta name=\"twitter:site\" content=\"@webdo_tn\" \/>\n<meta name=\"twitter:label1\" content=\"\u00c9crit par\" \/>\n\t<meta name=\"twitter:data1\" content=\"webdo.tn\" \/>\n\t<meta name=\"twitter:label2\" content=\"Dur\u00e9e de lecture estim\u00e9e\" \/>\n\t<meta name=\"twitter:data2\" content=\"1 minute\" \/>\n<script type=\"application\/ld+json\" class=\"yoast-schema-graph\">{\"@context\":\"https:\\\/\\\/schema.org\",\"@graph\":[{\"@type\":\"NewsArticle\",\"@id\":\"https:\\\/\\\/www.webdo.tn\\\/fr\\\/actualite\\\/international\\\/crash-de-la320-de-germanwings-le-copilote-aurait-deliberement-cherche-a-detruire-lavion\\\/184170\\\/#article\",\"isPartOf\":{\"@id\":\"https:\\\/\\\/www.webdo.tn\\\/fr\\\/actualite\\\/international\\\/crash-de-la320-de-germanwings-le-copilote-aurait-deliberement-cherche-a-detruire-lavion\\\/184170\\\/\"},\"author\":{\"name\":\"webdo.tn\",\"@id\":\"https:\\\/\\\/www.webdo.tn\\\/fr\\\/#\\\/schema\\\/person\\\/9a9c6118d687c117df8ef3cc36a4d175\"},\"headline\":\"Crash de l\u2019A320 de Germanwings : Le copilote aurait d\u00e9lib\u00e9r\u00e9ment cherch\u00e9 \u00e0 d\u00e9truire l&rsquo;avion\",\"datePublished\":\"2015-03-26T14:03:00+00:00\",\"mainEntityOfPage\":{\"@id\":\"https:\\\/\\\/www.webdo.tn\\\/fr\\\/actualite\\\/international\\\/crash-de-la320-de-germanwings-le-copilote-aurait-deliberement-cherche-a-detruire-lavion\\\/184170\\\/\"},\"wordCount\":209,\"commentCount\":0,\"publisher\":{\"@id\":\"https:\\\/\\\/www.webdo.tn\\\/fr\\\/#organization\"},\"image\":{\"@id\":\"https:\\\/\\\/www.webdo.tn\\\/fr\\\/actualite\\\/international\\\/crash-de-la320-de-germanwings-le-copilote-aurait-deliberement-cherche-a-detruire-lavion\\\/184170\\\/#primaryimage\"},\"thumbnailUrl\":\"https:\\\/\\\/www.webdo.tn\\\/fr\\\/wp-content\\\/uploads\\\/2015\\\/03\\\/NBC.News_.jpg\",\"keywords\":[\"guerre\"],\"articleSection\":[\"International\"],\"inLanguage\":\"fr-FR\"},{\"@type\":\"WebPage\",\"@id\":\"https:\\\/\\\/www.webdo.tn\\\/fr\\\/actualite\\\/international\\\/crash-de-la320-de-germanwings-le-copilote-aurait-deliberement-cherche-a-detruire-lavion\\\/184170\\\/\",\"url\":\"https:\\\/\\\/www.webdo.tn\\\/fr\\\/actualite\\\/international\\\/crash-de-la320-de-germanwings-le-copilote-aurait-deliberement-cherche-a-detruire-lavion\\\/184170\\\/\",\"name\":\"Crash de l\u2019A320 de Germanwings : Le copilote aurait d\u00e9lib\u00e9r\u00e9ment cherch\u00e9 \u00e0 d\u00e9truire l'avion\",\"isPartOf\":{\"@id\":\"https:\\\/\\\/www.webdo.tn\\\/fr\\\/#website\"},\"primaryImageOfPage\":{\"@id\":\"https:\\\/\\\/www.webdo.tn\\\/fr\\\/actualite\\\/international\\\/crash-de-la320-de-germanwings-le-copilote-aurait-deliberement-cherche-a-detruire-lavion\\\/184170\\\/#primaryimage\"},\"image\":{\"@id\":\"https:\\\/\\\/www.webdo.tn\\\/fr\\\/actualite\\\/international\\\/crash-de-la320-de-germanwings-le-copilote-aurait-deliberement-cherche-a-detruire-lavion\\\/184170\\\/#primaryimage\"},\"thumbnailUrl\":\"https:\\\/\\\/www.webdo.tn\\\/fr\\\/wp-content\\\/uploads\\\/2015\\\/03\\\/NBC.News_.jpg\",\"datePublished\":\"2015-03-26T14:03:00+00:00\",\"description\":\"Crash de l\u2019A320 de Germanwings : Le copilote aurait d\u00e9lib\u00e9r\u00e9ment cherch\u00e9 \u00e0 d\u00e9truire l'avion\",\"breadcrumb\":{\"@id\":\"https:\\\/\\\/www.webdo.tn\\\/fr\\\/actualite\\\/international\\\/crash-de-la320-de-germanwings-le-copilote-aurait-deliberement-cherche-a-detruire-lavion\\\/184170\\\/#breadcrumb\"},\"inLanguage\":\"fr-FR\",\"potentialAction\":[{\"@type\":\"ReadAction\",\"target\":[\"https:\\\/\\\/www.webdo.tn\\\/fr\\\/actualite\\\/international\\\/crash-de-la320-de-germanwings-le-copilote-aurait-deliberement-cherche-a-detruire-lavion\\\/184170\\\/\"]}]},{\"@type\":\"ImageObject\",\"inLanguage\":\"fr-FR\",\"@id\":\"https:\\\/\\\/www.webdo.tn\\\/fr\\\/actualite\\\/international\\\/crash-de-la320-de-germanwings-le-copilote-aurait-deliberement-cherche-a-detruire-lavion\\\/184170\\\/#primaryimage\",\"url\":\"https:\\\/\\\/www.webdo.tn\\\/fr\\\/wp-content\\\/uploads\\\/2015\\\/03\\\/NBC.News_.jpg\",\"contentUrl\":\"https:\\\/\\\/www.webdo.tn\\\/fr\\\/wp-content\\\/uploads\\\/2015\\\/03\\\/NBC.News_.jpg\",\"width\":600,\"height\":385,\"caption\":\"Crash de l\u2019A320 de Germanwings : Le copilote aurait d\u00e9lib\u00e9r\u00e9ment cherch\u00e9 \u00e0 d\u00e9truire l'avion\"},{\"@type\":\"BreadcrumbList\",\"@id\":\"https:\\\/\\\/www.webdo.tn\\\/fr\\\/actualite\\\/international\\\/crash-de-la320-de-germanwings-le-copilote-aurait-deliberement-cherche-a-detruire-lavion\\\/184170\\\/#breadcrumb\",\"itemListElement\":[{\"@type\":\"ListItem\",\"position\":1,\"name\":\"Accueil\",\"item\":\"https:\\\/\\\/www.webdo.tn\\\/fr\\\/\"},{\"@type\":\"ListItem\",\"position\":2,\"name\":\"Crash de l\u2019A320 de Germanwings : Le copilote aurait d\u00e9lib\u00e9r\u00e9ment cherch\u00e9 \u00e0 d\u00e9truire l&rsquo;avion\"}]},{\"@type\":\"WebSite\",\"@id\":\"https:\\\/\\\/www.webdo.tn\\\/fr\\\/#website\",\"url\":\"https:\\\/\\\/www.webdo.tn\\\/fr\\\/\",\"name\":\"webdo\",\"description\":\"Tunisie - News en Tunisie et \u00e0 l&#039;international sur Webdo.tn\",\"publisher\":{\"@id\":\"https:\\\/\\\/www.webdo.tn\\\/fr\\\/#organization\"},\"potentialAction\":[{\"@type\":\"SearchAction\",\"target\":{\"@type\":\"EntryPoint\",\"urlTemplate\":\"https:\\\/\\\/www.webdo.tn\\\/fr\\\/?s={search_term_string}\"},\"query-input\":{\"@type\":\"PropertyValueSpecification\",\"valueRequired\":true,\"valueName\":\"search_term_string\"}}],\"inLanguage\":\"fr-FR\"},{\"@type\":\"Organization\",\"@id\":\"https:\\\/\\\/www.webdo.tn\\\/fr\\\/#organization\",\"name\":\"Webdo\",\"alternateName\":\"Webdo.tn\",\"url\":\"https:\\\/\\\/www.webdo.tn\\\/fr\\\/\",\"logo\":{\"@type\":\"ImageObject\",\"inLanguage\":\"fr-FR\",\"@id\":\"https:\\\/\\\/www.webdo.tn\\\/fr\\\/#\\\/schema\\\/logo\\\/image\\\/\",\"url\":\"https:\\\/\\\/www.webdo.tn\\\/fr\\\/wp-content\\\/uploads\\\/2025\\\/06\\\/Webdo-Tunisie_168377.jpg\",\"contentUrl\":\"https:\\\/\\\/www.webdo.tn\\\/fr\\\/wp-content\\\/uploads\\\/2025\\\/06\\\/Webdo-Tunisie_168377.jpg\",\"width\":301,\"height\":301,\"caption\":\"Webdo\"},\"image\":{\"@id\":\"https:\\\/\\\/www.webdo.tn\\\/fr\\\/#\\\/schema\\\/logo\\\/image\\\/\"},\"sameAs\":[\"https:\\\/\\\/www.facebook.com\\\/webdotn\",\"https:\\\/\\\/x.com\\\/webdo_tn\"],\"description\":\"Webdo est un m\u00e9dia num\u00e9rique tunisien fond\u00e9 en 2010, sp\u00e9cialis\u00e9 dans l\u2019actualit\u00e9 nationale et internationale, l\u2019\u00e9conomie, la soci\u00e9t\u00e9 et les analyses politiques. Le site s\u2019adresse \u00e0 un large public francophone et couvre l\u2019information tunisienne en temps r\u00e9el.\",\"email\":\"redac@webdo.tn\",\"legalName\":\"YNJ SARL\",\"foundingDate\":\"2010-09-06\",\"numberOfEmployees\":{\"@type\":\"QuantitativeValue\",\"minValue\":\"11\",\"maxValue\":\"50\"}},{\"@type\":\"Person\",\"@id\":\"https:\\\/\\\/www.webdo.tn\\\/fr\\\/#\\\/schema\\\/person\\\/9a9c6118d687c117df8ef3cc36a4d175\",\"name\":\"webdo.tn\",\"image\":{\"@type\":\"ImageObject\",\"inLanguage\":\"fr-FR\",\"@id\":\"https:\\\/\\\/secure.gravatar.com\\\/avatar\\\/7ce1f28c0c3bbac99ff550b85ef8e44a6950c6ee24514fb6a5489e51d06f0298?s=96&d=mm&r=g\",\"url\":\"https:\\\/\\\/secure.gravatar.com\\\/avatar\\\/7ce1f28c0c3bbac99ff550b85ef8e44a6950c6ee24514fb6a5489e51d06f0298?s=96&d=mm&r=g\",\"contentUrl\":\"https:\\\/\\\/secure.gravatar.com\\\/avatar\\\/7ce1f28c0c3bbac99ff550b85ef8e44a6950c6ee24514fb6a5489e51d06f0298?s=96&d=mm&r=g\",\"caption\":\"webdo.tn\"},\"url\":\"https:\\\/\\\/www.webdo.tn\\\/fr\\\/actualite\\\/author\\\/webdotn\\\/\"}]}<\/script>\n<!-- \/ Yoast SEO Premium plugin. -->","yoast_head_json":{"title":"Crash de l\u2019A320 de Germanwings : Le copilote aurait d\u00e9lib\u00e9r\u00e9ment cherch\u00e9 \u00e0 d\u00e9truire l'avion","description":"Crash de l\u2019A320 de Germanwings : Le copilote aurait d\u00e9lib\u00e9r\u00e9ment cherch\u00e9 \u00e0 d\u00e9truire l'avion","canonical":"https:\/\/www.webdo.tn\/fr\/actualite\/international\/crash-de-la320-de-germanwings-le-copilote-aurait-deliberement-cherche-a-detruire-lavion\/184170\/","og_locale":"fr_FR","og_type":"article","og_title":"Crash de l\u2019A320 de Germanwings : Le copilote aurait d\u00e9lib\u00e9r\u00e9ment cherch\u00e9 \u00e0 d\u00e9truire l'avion","og_description":"Crash de l\u2019A320 de Germanwings : Le copilote aurait d\u00e9lib\u00e9r\u00e9ment cherch\u00e9 \u00e0 d\u00e9truire l'avion","og_url":"https:\/\/www.webdo.tn\/fr\/actualite\/international\/crash-de-la320-de-germanwings-le-copilote-aurait-deliberement-cherche-a-detruire-lavion\/184170\/","og_site_name":"webdo","article_publisher":"https:\/\/www.facebook.com\/webdotn","article_published_time":"2015-03-26T14:03:00+00:00","og_image":[{"width":600,"height":385,"url":"https:\/\/www.webdo.tn\/fr\/wp-content\/uploads\/2015\/03\/NBC.News_.jpg","type":"image\/jpeg"}],"author":"webdo.tn","twitter_card":"summary_large_image","twitter_creator":"@webdo_tn","twitter_site":"@webdo_tn","twitter_misc":{"\u00c9crit par":"webdo.tn","Dur\u00e9e de lecture estim\u00e9e":"1 minute"},"schema":{"@context":"https:\/\/schema.org","@graph":[{"@type":"NewsArticle","@id":"https:\/\/www.webdo.tn\/fr\/actualite\/international\/crash-de-la320-de-germanwings-le-copilote-aurait-deliberement-cherche-a-detruire-lavion\/184170\/#article","isPartOf":{"@id":"https:\/\/www.webdo.tn\/fr\/actualite\/international\/crash-de-la320-de-germanwings-le-copilote-aurait-deliberement-cherche-a-detruire-lavion\/184170\/"},"author":{"name":"webdo.tn","@id":"https:\/\/www.webdo.tn\/fr\/#\/schema\/person\/9a9c6118d687c117df8ef3cc36a4d175"},"headline":"Crash de l\u2019A320 de Germanwings : Le copilote aurait d\u00e9lib\u00e9r\u00e9ment cherch\u00e9 \u00e0 d\u00e9truire l&rsquo;avion","datePublished":"2015-03-26T14:03:00+00:00","mainEntityOfPage":{"@id":"https:\/\/www.webdo.tn\/fr\/actualite\/international\/crash-de-la320-de-germanwings-le-copilote-aurait-deliberement-cherche-a-detruire-lavion\/184170\/"},"wordCount":209,"commentCount":0,"publisher":{"@id":"https:\/\/www.webdo.tn\/fr\/#organization"},"image":{"@id":"https:\/\/www.webdo.tn\/fr\/actualite\/international\/crash-de-la320-de-germanwings-le-copilote-aurait-deliberement-cherche-a-detruire-lavion\/184170\/#primaryimage"},"thumbnailUrl":"https:\/\/www.webdo.tn\/fr\/wp-content\/uploads\/2015\/03\/NBC.News_.jpg","keywords":["guerre"],"articleSection":["International"],"inLanguage":"fr-FR"},{"@type":"WebPage","@id":"https:\/\/www.webdo.tn\/fr\/actualite\/international\/crash-de-la320-de-germanwings-le-copilote-aurait-deliberement-cherche-a-detruire-lavion\/184170\/","url":"https:\/\/www.webdo.tn\/fr\/actualite\/international\/crash-de-la320-de-germanwings-le-copilote-aurait-deliberement-cherche-a-detruire-lavion\/184170\/","name":"Crash de l\u2019A320 de Germanwings : Le copilote aurait d\u00e9lib\u00e9r\u00e9ment cherch\u00e9 \u00e0 d\u00e9truire l'avion","isPartOf":{"@id":"https:\/\/www.webdo.tn\/fr\/#website"},"primaryImageOfPage":{"@id":"https:\/\/www.webdo.tn\/fr\/actualite\/international\/crash-de-la320-de-germanwings-le-copilote-aurait-deliberement-cherche-a-detruire-lavion\/184170\/#primaryimage"},"image":{"@id":"https:\/\/www.webdo.tn\/fr\/actualite\/international\/crash-de-la320-de-germanwings-le-copilote-aurait-deliberement-cherche-a-detruire-lavion\/184170\/#primaryimage"},"thumbnailUrl":"https:\/\/www.webdo.tn\/fr\/wp-content\/uploads\/2015\/03\/NBC.News_.jpg","datePublished":"2015-03-26T14:03:00+00:00","description":"Crash de l\u2019A320 de Germanwings : Le copilote aurait d\u00e9lib\u00e9r\u00e9ment cherch\u00e9 \u00e0 d\u00e9truire l'avion","breadcrumb":{"@id":"https:\/\/www.webdo.tn\/fr\/actualite\/international\/crash-de-la320-de-germanwings-le-copilote-aurait-deliberement-cherche-a-detruire-lavion\/184170\/#breadcrumb"},"inLanguage":"fr-FR","potentialAction":[{"@type":"ReadAction","target":["https:\/\/www.webdo.tn\/fr\/actualite\/international\/crash-de-la320-de-germanwings-le-copilote-aurait-deliberement-cherche-a-detruire-lavion\/184170\/"]}]},{"@type":"ImageObject","inLanguage":"fr-FR","@id":"https:\/\/www.webdo.tn\/fr\/actualite\/international\/crash-de-la320-de-germanwings-le-copilote-aurait-deliberement-cherche-a-detruire-lavion\/184170\/#primaryimage","url":"https:\/\/www.webdo.tn\/fr\/wp-content\/uploads\/2015\/03\/NBC.News_.jpg","contentUrl":"https:\/\/www.webdo.tn\/fr\/wp-content\/uploads\/2015\/03\/NBC.News_.jpg","width":600,"height":385,"caption":"Crash de l\u2019A320 de Germanwings : Le copilote aurait d\u00e9lib\u00e9r\u00e9ment cherch\u00e9 \u00e0 d\u00e9truire l'avion"},{"@type":"BreadcrumbList","@id":"https:\/\/www.webdo.tn\/fr\/actualite\/international\/crash-de-la320-de-germanwings-le-copilote-aurait-deliberement-cherche-a-detruire-lavion\/184170\/#breadcrumb","itemListElement":[{"@type":"ListItem","position":1,"name":"Accueil","item":"https:\/\/www.webdo.tn\/fr\/"},{"@type":"ListItem","position":2,"name":"Crash de l\u2019A320 de Germanwings : Le copilote aurait d\u00e9lib\u00e9r\u00e9ment cherch\u00e9 \u00e0 d\u00e9truire l&rsquo;avion"}]},{"@type":"WebSite","@id":"https:\/\/www.webdo.tn\/fr\/#website","url":"https:\/\/www.webdo.tn\/fr\/","name":"webdo","description":"Tunisie - News en Tunisie et \u00e0 l&#039;international sur Webdo.tn","publisher":{"@id":"https:\/\/www.webdo.tn\/fr\/#organization"},"potentialAction":[{"@type":"SearchAction","target":{"@type":"EntryPoint","urlTemplate":"https:\/\/www.webdo.tn\/fr\/?s={search_term_string}"},"query-input":{"@type":"PropertyValueSpecification","valueRequired":true,"valueName":"search_term_string"}}],"inLanguage":"fr-FR"},{"@type":"Organization","@id":"https:\/\/www.webdo.tn\/fr\/#organization","name":"Webdo","alternateName":"Webdo.tn","url":"https:\/\/www.webdo.tn\/fr\/","logo":{"@type":"ImageObject","inLanguage":"fr-FR","@id":"https:\/\/www.webdo.tn\/fr\/#\/schema\/logo\/image\/","url":"https:\/\/www.webdo.tn\/fr\/wp-content\/uploads\/2025\/06\/Webdo-Tunisie_168377.jpg","contentUrl":"https:\/\/www.webdo.tn\/fr\/wp-content\/uploads\/2025\/06\/Webdo-Tunisie_168377.jpg","width":301,"height":301,"caption":"Webdo"},"image":{"@id":"https:\/\/www.webdo.tn\/fr\/#\/schema\/logo\/image\/"},"sameAs":["https:\/\/www.facebook.com\/webdotn","https:\/\/x.com\/webdo_tn"],"description":"Webdo est un m\u00e9dia num\u00e9rique tunisien fond\u00e9 en 2010, sp\u00e9cialis\u00e9 dans l\u2019actualit\u00e9 nationale et internationale, l\u2019\u00e9conomie, la soci\u00e9t\u00e9 et les analyses politiques. Le site s\u2019adresse \u00e0 un large public francophone et couvre l\u2019information tunisienne en temps r\u00e9el.","email":"redac@webdo.tn","legalName":"YNJ SARL","foundingDate":"2010-09-06","numberOfEmployees":{"@type":"QuantitativeValue","minValue":"11","maxValue":"50"}},{"@type":"Person","@id":"https:\/\/www.webdo.tn\/fr\/#\/schema\/person\/9a9c6118d687c117df8ef3cc36a4d175","name":"webdo.tn","image":{"@type":"ImageObject","inLanguage":"fr-FR","@id":"https:\/\/secure.gravatar.com\/avatar\/7ce1f28c0c3bbac99ff550b85ef8e44a6950c6ee24514fb6a5489e51d06f0298?s=96&d=mm&r=g","url":"https:\/\/secure.gravatar.com\/avatar\/7ce1f28c0c3bbac99ff550b85ef8e44a6950c6ee24514fb6a5489e51d06f0298?s=96&d=mm&r=g","contentUrl":"https:\/\/secure.gravatar.com\/avatar\/7ce1f28c0c3bbac99ff550b85ef8e44a6950c6ee24514fb6a5489e51d06f0298?s=96&d=mm&r=g","caption":"webdo.tn"},"url":"https:\/\/www.webdo.tn\/fr\/actualite\/author\/webdotn\/"}]}},"_links":{"self":[{"href":"https:\/\/www.webdo.tn\/fr\/wp-json\/wp\/v2\/posts\/184170","targetHints":{"allow":["GET"]}}],"collection":[{"href":"https:\/\/www.webdo.tn\/fr\/wp-json\/wp\/v2\/posts"}],"about":[{"href":"https:\/\/www.webdo.tn\/fr\/wp-json\/wp\/v2\/types\/post"}],"author":[{"embeddable":true,"href":"https:\/\/www.webdo.tn\/fr\/wp-json\/wp\/v2\/users\/3222"}],"replies":[{"embeddable":true,"href":"https:\/\/www.webdo.tn\/fr\/wp-json\/wp\/v2\/comments?post=184170"}],"version-history":[{"count":0,"href":"https:\/\/www.webdo.tn\/fr\/wp-json\/wp\/v2\/posts\/184170\/revisions"}],"wp:featuredmedia":[{"embeddable":true,"href":"https:\/\/www.webdo.tn\/fr\/wp-json\/wp\/v2\/media\/335669"}],"wp:attachment":[{"href":"https:\/\/www.webdo.tn\/fr\/wp-json\/wp\/v2\/media?parent=184170"}],"wp:term":[{"taxonomy":"category","embeddable":true,"href":"https:\/\/www.webdo.tn\/fr\/wp-json\/wp\/v2\/categories?post=184170"},{"taxonomy":"post_tag","embeddable":true,"href":"https:\/\/www.webdo.tn\/fr\/wp-json\/wp\/v2\/tags?post=184170"}],"curies":[{"name":"wp","href":"https:\/\/api.w.org\/{rel}","templated":true}]}}