{"id":184169,"date":"2015-03-27T09:24:00","date_gmt":"2015-03-27T09:24:00","guid":{"rendered":"https:\/\/www.webdo.tn\/fr\/actualite\/blog\/tim-cook-le-patron-dapple-va-faire-don-de-toute-sa-fortune\/184169\/"},"modified":"2025-05-22T12:57:54","modified_gmt":"2025-05-22T12:57:54","slug":"tim-cook-le-patron-dapple-va-faire-don-de-toute-sa-fortune","status":"publish","type":"post","link":"https:\/\/www.webdo.tn\/fr\/actualite\/international\/tim-cook-le-patron-dapple-va-faire-don-de-toute-sa-fortune\/184169\/","title":{"rendered":"Tim Cook, le patron d&rsquo;Apple, va faire don de toute sa fortune"},"content":{"rendered":"<p>Tim Cook, directeur g\u00e9n\u00e9ral d&rsquo;Apple, a d\u00e9cid\u00e9 de faire don de toute sa fortune estim\u00e9e \u00e0 120 millions de dollars, rapporte le magazine Fortune.<\/p>\n<p>Tim Cook, 54 ans, a, en effet confi\u00e9 au magazine qu\u2019il va faire don de sa fortune \u00e0 des \u0153uvres de charit\u00e9 une fois qu&rsquo;il aura pourvu \u00e0 l&rsquo;\u00e9ducation de son neveu, \u00e2g\u00e9 de 10 ans.<\/p>\n<p>Patron d\u2019Apple depuis le d\u00e9c\u00e8s de Steve Jobs en octobre 2011, a \u00e9galement \u00e9t\u00e9 \u00e9lu \u00ab\u00a0plus grand leader mondial de 2015\u00a0\u00bb par le m\u00eame magazine.<\/p>\n<p>Il devance Mario Draghi, Xi Jinping et le pape Fran\u00e7ois dans ce classement qui distingue \u00ab les hommes et les femmes extraordinaires qui transforment les affaires, la politique, la philanthropie, et bien plus encore \u00bb.<\/p>\n<p>Tim Cook s&rsquo;est vu d\u00e9cerner la palme en raison de l&rsquo;action d&rsquo;Apple en bourse qui bat tous les records, d&rsquo;Apple Pay et de l&rsquo;Apple Watch qui innovent, et de sa prise de parole publique sur son homosexualit\u00e9.<\/p>\n","protected":false},"excerpt":{"rendered":"<p>Tim Cook, le patron d&rsquo;Apple, va faire don de toute sa fortune<\/p>\n","protected":false},"author":3222,"featured_media":352187,"comment_status":"open","ping_status":"closed","sticky":false,"template":"","format":"standard","meta":{"footnotes":""},"categories":[2598],"tags":[],"class_list":["post-184169","post","type-post","status-publish","format-standard","has-post-thumbnail","hentry","category-international"],"yoast_head":"<!-- This site is optimized with the Yoast SEO Premium plugin v27.5 (Yoast SEO v27.5) - https:\/\/yoast.com\/product\/yoast-seo-premium-wordpress\/ -->\n<title>Tim Cook, le patron d&#039;Apple, va faire don de toute sa fortune<\/title>\n<meta name=\"description\" content=\"Tim Cook, le patron d&#039;Apple, va faire don de toute sa fortune\" \/>\n<link rel=\"canonical\" href=\"https:\/\/www.webdo.tn\/fr\/actualite\/international\/tim-cook-le-patron-dapple-va-faire-don-de-toute-sa-fortune\/184169\/\" \/>\n<meta property=\"og:locale\" content=\"fr_FR\" \/>\n<meta property=\"og:type\" content=\"article\" \/>\n<meta property=\"og:title\" content=\"Tim Cook, le patron d&#039;Apple, va faire don de toute sa fortune\" \/>\n<meta property=\"og:description\" content=\"Tim Cook, le patron d&#039;Apple, va faire don de toute sa fortune\" \/>\n<meta property=\"og:url\" content=\"https:\/\/www.webdo.tn\/fr\/actualite\/international\/tim-cook-le-patron-dapple-va-faire-don-de-toute-sa-fortune\/184169\/\" \/>\n<meta property=\"og:site_name\" content=\"webdo\" \/>\n<meta property=\"article:publisher\" content=\"https:\/\/www.facebook.com\/webdotn\" \/>\n<meta property=\"article:published_time\" content=\"2015-03-27T09:24:00+00:00\" \/>\n<meta property=\"article:modified_time\" content=\"2025-05-22T12:57:54+00:00\" \/>\n<meta property=\"og:image\" content=\"https:\/\/www.webdo.tn\/fr\/wp-content\/uploads\/2015\/03\/Tim-Cook-Keystone.jpg\" \/>\n\t<meta property=\"og:image:width\" content=\"568\" \/>\n\t<meta property=\"og:image:height\" content=\"291\" \/>\n\t<meta property=\"og:image:type\" content=\"image\/jpeg\" \/>\n<meta name=\"author\" content=\"webdo.tn\" \/>\n<meta name=\"twitter:card\" content=\"summary_large_image\" \/>\n<meta name=\"twitter:creator\" content=\"@webdo_tn\" \/>\n<meta name=\"twitter:site\" content=\"@webdo_tn\" \/>\n<meta name=\"twitter:label1\" content=\"\u00c9crit par\" \/>\n\t<meta name=\"twitter:data1\" content=\"webdo.tn\" \/>\n\t<meta name=\"twitter:label2\" content=\"Dur\u00e9e de lecture estim\u00e9e\" \/>\n\t<meta name=\"twitter:data2\" content=\"1 minute\" \/>\n<script type=\"application\/ld+json\" class=\"yoast-schema-graph\">{\"@context\":\"https:\\\/\\\/schema.org\",\"@graph\":[{\"@type\":\"NewsArticle\",\"@id\":\"https:\\\/\\\/www.webdo.tn\\\/fr\\\/actualite\\\/international\\\/tim-cook-le-patron-dapple-va-faire-don-de-toute-sa-fortune\\\/184169\\\/#article\",\"isPartOf\":{\"@id\":\"https:\\\/\\\/www.webdo.tn\\\/fr\\\/actualite\\\/international\\\/tim-cook-le-patron-dapple-va-faire-don-de-toute-sa-fortune\\\/184169\\\/\"},\"author\":{\"name\":\"webdo.tn\",\"@id\":\"https:\\\/\\\/www.webdo.tn\\\/fr\\\/#\\\/schema\\\/person\\\/9a9c6118d687c117df8ef3cc36a4d175\"},\"headline\":\"Tim Cook, le patron d&rsquo;Apple, va faire don de toute sa fortune\",\"datePublished\":\"2015-03-27T09:24:00+00:00\",\"dateModified\":\"2025-05-22T12:57:54+00:00\",\"mainEntityOfPage\":{\"@id\":\"https:\\\/\\\/www.webdo.tn\\\/fr\\\/actualite\\\/international\\\/tim-cook-le-patron-dapple-va-faire-don-de-toute-sa-fortune\\\/184169\\\/\"},\"wordCount\":179,\"commentCount\":0,\"publisher\":{\"@id\":\"https:\\\/\\\/www.webdo.tn\\\/fr\\\/#organization\"},\"image\":{\"@id\":\"https:\\\/\\\/www.webdo.tn\\\/fr\\\/actualite\\\/international\\\/tim-cook-le-patron-dapple-va-faire-don-de-toute-sa-fortune\\\/184169\\\/#primaryimage\"},\"thumbnailUrl\":\"https:\\\/\\\/www.webdo.tn\\\/fr\\\/wp-content\\\/uploads\\\/2015\\\/03\\\/Tim-Cook-Keystone.jpg\",\"articleSection\":[\"International\"],\"inLanguage\":\"fr-FR\"},{\"@type\":\"WebPage\",\"@id\":\"https:\\\/\\\/www.webdo.tn\\\/fr\\\/actualite\\\/international\\\/tim-cook-le-patron-dapple-va-faire-don-de-toute-sa-fortune\\\/184169\\\/\",\"url\":\"https:\\\/\\\/www.webdo.tn\\\/fr\\\/actualite\\\/international\\\/tim-cook-le-patron-dapple-va-faire-don-de-toute-sa-fortune\\\/184169\\\/\",\"name\":\"Tim Cook, le patron d'Apple, va faire don de toute sa fortune\",\"isPartOf\":{\"@id\":\"https:\\\/\\\/www.webdo.tn\\\/fr\\\/#website\"},\"primaryImageOfPage\":{\"@id\":\"https:\\\/\\\/www.webdo.tn\\\/fr\\\/actualite\\\/international\\\/tim-cook-le-patron-dapple-va-faire-don-de-toute-sa-fortune\\\/184169\\\/#primaryimage\"},\"image\":{\"@id\":\"https:\\\/\\\/www.webdo.tn\\\/fr\\\/actualite\\\/international\\\/tim-cook-le-patron-dapple-va-faire-don-de-toute-sa-fortune\\\/184169\\\/#primaryimage\"},\"thumbnailUrl\":\"https:\\\/\\\/www.webdo.tn\\\/fr\\\/wp-content\\\/uploads\\\/2015\\\/03\\\/Tim-Cook-Keystone.jpg\",\"datePublished\":\"2015-03-27T09:24:00+00:00\",\"dateModified\":\"2025-05-22T12:57:54+00:00\",\"description\":\"Tim Cook, le patron d'Apple, va faire don de toute sa fortune\",\"breadcrumb\":{\"@id\":\"https:\\\/\\\/www.webdo.tn\\\/fr\\\/actualite\\\/international\\\/tim-cook-le-patron-dapple-va-faire-don-de-toute-sa-fortune\\\/184169\\\/#breadcrumb\"},\"inLanguage\":\"fr-FR\",\"potentialAction\":[{\"@type\":\"ReadAction\",\"target\":[\"https:\\\/\\\/www.webdo.tn\\\/fr\\\/actualite\\\/international\\\/tim-cook-le-patron-dapple-va-faire-don-de-toute-sa-fortune\\\/184169\\\/\"]}]},{\"@type\":\"ImageObject\",\"inLanguage\":\"fr-FR\",\"@id\":\"https:\\\/\\\/www.webdo.tn\\\/fr\\\/actualite\\\/international\\\/tim-cook-le-patron-dapple-va-faire-don-de-toute-sa-fortune\\\/184169\\\/#primaryimage\",\"url\":\"https:\\\/\\\/www.webdo.tn\\\/fr\\\/wp-content\\\/uploads\\\/2015\\\/03\\\/Tim-Cook-Keystone.jpg\",\"contentUrl\":\"https:\\\/\\\/www.webdo.tn\\\/fr\\\/wp-content\\\/uploads\\\/2015\\\/03\\\/Tim-Cook-Keystone.jpg\",\"width\":568,\"height\":291,\"caption\":\"Tim Cook, le patron d'Apple, va faire don de toute sa fortune\"},{\"@type\":\"BreadcrumbList\",\"@id\":\"https:\\\/\\\/www.webdo.tn\\\/fr\\\/actualite\\\/international\\\/tim-cook-le-patron-dapple-va-faire-don-de-toute-sa-fortune\\\/184169\\\/#breadcrumb\",\"itemListElement\":[{\"@type\":\"ListItem\",\"position\":1,\"name\":\"Accueil\",\"item\":\"https:\\\/\\\/www.webdo.tn\\\/fr\\\/\"},{\"@type\":\"ListItem\",\"position\":2,\"name\":\"Tim Cook, le patron d&rsquo;Apple, va faire don de toute sa fortune\"}]},{\"@type\":\"WebSite\",\"@id\":\"https:\\\/\\\/www.webdo.tn\\\/fr\\\/#website\",\"url\":\"https:\\\/\\\/www.webdo.tn\\\/fr\\\/\",\"name\":\"webdo\",\"description\":\"Tunisie - News en Tunisie et \u00e0 l&#039;international sur Webdo.tn\",\"publisher\":{\"@id\":\"https:\\\/\\\/www.webdo.tn\\\/fr\\\/#organization\"},\"potentialAction\":[{\"@type\":\"SearchAction\",\"target\":{\"@type\":\"EntryPoint\",\"urlTemplate\":\"https:\\\/\\\/www.webdo.tn\\\/fr\\\/?s={search_term_string}\"},\"query-input\":{\"@type\":\"PropertyValueSpecification\",\"valueRequired\":true,\"valueName\":\"search_term_string\"}}],\"inLanguage\":\"fr-FR\"},{\"@type\":\"Organization\",\"@id\":\"https:\\\/\\\/www.webdo.tn\\\/fr\\\/#organization\",\"name\":\"Webdo\",\"alternateName\":\"Webdo.tn\",\"url\":\"https:\\\/\\\/www.webdo.tn\\\/fr\\\/\",\"logo\":{\"@type\":\"ImageObject\",\"inLanguage\":\"fr-FR\",\"@id\":\"https:\\\/\\\/www.webdo.tn\\\/fr\\\/#\\\/schema\\\/logo\\\/image\\\/\",\"url\":\"https:\\\/\\\/www.webdo.tn\\\/fr\\\/wp-content\\\/uploads\\\/2025\\\/06\\\/Webdo-Tunisie_168377.jpg\",\"contentUrl\":\"https:\\\/\\\/www.webdo.tn\\\/fr\\\/wp-content\\\/uploads\\\/2025\\\/06\\\/Webdo-Tunisie_168377.jpg\",\"width\":301,\"height\":301,\"caption\":\"Webdo\"},\"image\":{\"@id\":\"https:\\\/\\\/www.webdo.tn\\\/fr\\\/#\\\/schema\\\/logo\\\/image\\\/\"},\"sameAs\":[\"https:\\\/\\\/www.facebook.com\\\/webdotn\",\"https:\\\/\\\/x.com\\\/webdo_tn\"],\"description\":\"Webdo est un m\u00e9dia num\u00e9rique tunisien fond\u00e9 en 2010, sp\u00e9cialis\u00e9 dans l\u2019actualit\u00e9 nationale et internationale, l\u2019\u00e9conomie, la soci\u00e9t\u00e9 et les analyses politiques. Le site s\u2019adresse \u00e0 un large public francophone et couvre l\u2019information tunisienne en temps r\u00e9el.\",\"email\":\"redac@webdo.tn\",\"legalName\":\"YNJ SARL\",\"foundingDate\":\"2010-09-06\",\"numberOfEmployees\":{\"@type\":\"QuantitativeValue\",\"minValue\":\"11\",\"maxValue\":\"50\"}},{\"@type\":\"Person\",\"@id\":\"https:\\\/\\\/www.webdo.tn\\\/fr\\\/#\\\/schema\\\/person\\\/9a9c6118d687c117df8ef3cc36a4d175\",\"name\":\"webdo.tn\",\"image\":{\"@type\":\"ImageObject\",\"inLanguage\":\"fr-FR\",\"@id\":\"https:\\\/\\\/secure.gravatar.com\\\/avatar\\\/7ce1f28c0c3bbac99ff550b85ef8e44a6950c6ee24514fb6a5489e51d06f0298?s=96&d=mm&r=g\",\"url\":\"https:\\\/\\\/secure.gravatar.com\\\/avatar\\\/7ce1f28c0c3bbac99ff550b85ef8e44a6950c6ee24514fb6a5489e51d06f0298?s=96&d=mm&r=g\",\"contentUrl\":\"https:\\\/\\\/secure.gravatar.com\\\/avatar\\\/7ce1f28c0c3bbac99ff550b85ef8e44a6950c6ee24514fb6a5489e51d06f0298?s=96&d=mm&r=g\",\"caption\":\"webdo.tn\"},\"url\":\"https:\\\/\\\/www.webdo.tn\\\/fr\\\/actualite\\\/author\\\/webdotn\\\/\"}]}<\/script>\n<!-- \/ Yoast SEO Premium plugin. -->","yoast_head_json":{"title":"Tim Cook, le patron d'Apple, va faire don de toute sa fortune","description":"Tim Cook, le patron d'Apple, va faire don de toute sa fortune","canonical":"https:\/\/www.webdo.tn\/fr\/actualite\/international\/tim-cook-le-patron-dapple-va-faire-don-de-toute-sa-fortune\/184169\/","og_locale":"fr_FR","og_type":"article","og_title":"Tim Cook, le patron d'Apple, va faire don de toute sa fortune","og_description":"Tim Cook, le patron d'Apple, va faire don de toute sa fortune","og_url":"https:\/\/www.webdo.tn\/fr\/actualite\/international\/tim-cook-le-patron-dapple-va-faire-don-de-toute-sa-fortune\/184169\/","og_site_name":"webdo","article_publisher":"https:\/\/www.facebook.com\/webdotn","article_published_time":"2015-03-27T09:24:00+00:00","article_modified_time":"2025-05-22T12:57:54+00:00","og_image":[{"width":568,"height":291,"url":"https:\/\/www.webdo.tn\/fr\/wp-content\/uploads\/2015\/03\/Tim-Cook-Keystone.jpg","type":"image\/jpeg"}],"author":"webdo.tn","twitter_card":"summary_large_image","twitter_creator":"@webdo_tn","twitter_site":"@webdo_tn","twitter_misc":{"\u00c9crit par":"webdo.tn","Dur\u00e9e de lecture estim\u00e9e":"1 minute"},"schema":{"@context":"https:\/\/schema.org","@graph":[{"@type":"NewsArticle","@id":"https:\/\/www.webdo.tn\/fr\/actualite\/international\/tim-cook-le-patron-dapple-va-faire-don-de-toute-sa-fortune\/184169\/#article","isPartOf":{"@id":"https:\/\/www.webdo.tn\/fr\/actualite\/international\/tim-cook-le-patron-dapple-va-faire-don-de-toute-sa-fortune\/184169\/"},"author":{"name":"webdo.tn","@id":"https:\/\/www.webdo.tn\/fr\/#\/schema\/person\/9a9c6118d687c117df8ef3cc36a4d175"},"headline":"Tim Cook, le patron d&rsquo;Apple, va faire don de toute sa fortune","datePublished":"2015-03-27T09:24:00+00:00","dateModified":"2025-05-22T12:57:54+00:00","mainEntityOfPage":{"@id":"https:\/\/www.webdo.tn\/fr\/actualite\/international\/tim-cook-le-patron-dapple-va-faire-don-de-toute-sa-fortune\/184169\/"},"wordCount":179,"commentCount":0,"publisher":{"@id":"https:\/\/www.webdo.tn\/fr\/#organization"},"image":{"@id":"https:\/\/www.webdo.tn\/fr\/actualite\/international\/tim-cook-le-patron-dapple-va-faire-don-de-toute-sa-fortune\/184169\/#primaryimage"},"thumbnailUrl":"https:\/\/www.webdo.tn\/fr\/wp-content\/uploads\/2015\/03\/Tim-Cook-Keystone.jpg","articleSection":["International"],"inLanguage":"fr-FR"},{"@type":"WebPage","@id":"https:\/\/www.webdo.tn\/fr\/actualite\/international\/tim-cook-le-patron-dapple-va-faire-don-de-toute-sa-fortune\/184169\/","url":"https:\/\/www.webdo.tn\/fr\/actualite\/international\/tim-cook-le-patron-dapple-va-faire-don-de-toute-sa-fortune\/184169\/","name":"Tim Cook, le patron d'Apple, va faire don de toute sa fortune","isPartOf":{"@id":"https:\/\/www.webdo.tn\/fr\/#website"},"primaryImageOfPage":{"@id":"https:\/\/www.webdo.tn\/fr\/actualite\/international\/tim-cook-le-patron-dapple-va-faire-don-de-toute-sa-fortune\/184169\/#primaryimage"},"image":{"@id":"https:\/\/www.webdo.tn\/fr\/actualite\/international\/tim-cook-le-patron-dapple-va-faire-don-de-toute-sa-fortune\/184169\/#primaryimage"},"thumbnailUrl":"https:\/\/www.webdo.tn\/fr\/wp-content\/uploads\/2015\/03\/Tim-Cook-Keystone.jpg","datePublished":"2015-03-27T09:24:00+00:00","dateModified":"2025-05-22T12:57:54+00:00","description":"Tim Cook, le patron d'Apple, va faire don de toute sa fortune","breadcrumb":{"@id":"https:\/\/www.webdo.tn\/fr\/actualite\/international\/tim-cook-le-patron-dapple-va-faire-don-de-toute-sa-fortune\/184169\/#breadcrumb"},"inLanguage":"fr-FR","potentialAction":[{"@type":"ReadAction","target":["https:\/\/www.webdo.tn\/fr\/actualite\/international\/tim-cook-le-patron-dapple-va-faire-don-de-toute-sa-fortune\/184169\/"]}]},{"@type":"ImageObject","inLanguage":"fr-FR","@id":"https:\/\/www.webdo.tn\/fr\/actualite\/international\/tim-cook-le-patron-dapple-va-faire-don-de-toute-sa-fortune\/184169\/#primaryimage","url":"https:\/\/www.webdo.tn\/fr\/wp-content\/uploads\/2015\/03\/Tim-Cook-Keystone.jpg","contentUrl":"https:\/\/www.webdo.tn\/fr\/wp-content\/uploads\/2015\/03\/Tim-Cook-Keystone.jpg","width":568,"height":291,"caption":"Tim Cook, le patron d'Apple, va faire don de toute sa fortune"},{"@type":"BreadcrumbList","@id":"https:\/\/www.webdo.tn\/fr\/actualite\/international\/tim-cook-le-patron-dapple-va-faire-don-de-toute-sa-fortune\/184169\/#breadcrumb","itemListElement":[{"@type":"ListItem","position":1,"name":"Accueil","item":"https:\/\/www.webdo.tn\/fr\/"},{"@type":"ListItem","position":2,"name":"Tim Cook, le patron d&rsquo;Apple, va faire don de toute sa fortune"}]},{"@type":"WebSite","@id":"https:\/\/www.webdo.tn\/fr\/#website","url":"https:\/\/www.webdo.tn\/fr\/","name":"webdo","description":"Tunisie - News en Tunisie et \u00e0 l&#039;international sur Webdo.tn","publisher":{"@id":"https:\/\/www.webdo.tn\/fr\/#organization"},"potentialAction":[{"@type":"SearchAction","target":{"@type":"EntryPoint","urlTemplate":"https:\/\/www.webdo.tn\/fr\/?s={search_term_string}"},"query-input":{"@type":"PropertyValueSpecification","valueRequired":true,"valueName":"search_term_string"}}],"inLanguage":"fr-FR"},{"@type":"Organization","@id":"https:\/\/www.webdo.tn\/fr\/#organization","name":"Webdo","alternateName":"Webdo.tn","url":"https:\/\/www.webdo.tn\/fr\/","logo":{"@type":"ImageObject","inLanguage":"fr-FR","@id":"https:\/\/www.webdo.tn\/fr\/#\/schema\/logo\/image\/","url":"https:\/\/www.webdo.tn\/fr\/wp-content\/uploads\/2025\/06\/Webdo-Tunisie_168377.jpg","contentUrl":"https:\/\/www.webdo.tn\/fr\/wp-content\/uploads\/2025\/06\/Webdo-Tunisie_168377.jpg","width":301,"height":301,"caption":"Webdo"},"image":{"@id":"https:\/\/www.webdo.tn\/fr\/#\/schema\/logo\/image\/"},"sameAs":["https:\/\/www.facebook.com\/webdotn","https:\/\/x.com\/webdo_tn"],"description":"Webdo est un m\u00e9dia num\u00e9rique tunisien fond\u00e9 en 2010, sp\u00e9cialis\u00e9 dans l\u2019actualit\u00e9 nationale et internationale, l\u2019\u00e9conomie, la soci\u00e9t\u00e9 et les analyses politiques. Le site s\u2019adresse \u00e0 un large public francophone et couvre l\u2019information tunisienne en temps r\u00e9el.","email":"redac@webdo.tn","legalName":"YNJ SARL","foundingDate":"2010-09-06","numberOfEmployees":{"@type":"QuantitativeValue","minValue":"11","maxValue":"50"}},{"@type":"Person","@id":"https:\/\/www.webdo.tn\/fr\/#\/schema\/person\/9a9c6118d687c117df8ef3cc36a4d175","name":"webdo.tn","image":{"@type":"ImageObject","inLanguage":"fr-FR","@id":"https:\/\/secure.gravatar.com\/avatar\/7ce1f28c0c3bbac99ff550b85ef8e44a6950c6ee24514fb6a5489e51d06f0298?s=96&d=mm&r=g","url":"https:\/\/secure.gravatar.com\/avatar\/7ce1f28c0c3bbac99ff550b85ef8e44a6950c6ee24514fb6a5489e51d06f0298?s=96&d=mm&r=g","contentUrl":"https:\/\/secure.gravatar.com\/avatar\/7ce1f28c0c3bbac99ff550b85ef8e44a6950c6ee24514fb6a5489e51d06f0298?s=96&d=mm&r=g","caption":"webdo.tn"},"url":"https:\/\/www.webdo.tn\/fr\/actualite\/author\/webdotn\/"}]}},"_links":{"self":[{"href":"https:\/\/www.webdo.tn\/fr\/wp-json\/wp\/v2\/posts\/184169","targetHints":{"allow":["GET"]}}],"collection":[{"href":"https:\/\/www.webdo.tn\/fr\/wp-json\/wp\/v2\/posts"}],"about":[{"href":"https:\/\/www.webdo.tn\/fr\/wp-json\/wp\/v2\/types\/post"}],"author":[{"embeddable":true,"href":"https:\/\/www.webdo.tn\/fr\/wp-json\/wp\/v2\/users\/3222"}],"replies":[{"embeddable":true,"href":"https:\/\/www.webdo.tn\/fr\/wp-json\/wp\/v2\/comments?post=184169"}],"version-history":[{"count":0,"href":"https:\/\/www.webdo.tn\/fr\/wp-json\/wp\/v2\/posts\/184169\/revisions"}],"wp:featuredmedia":[{"embeddable":true,"href":"https:\/\/www.webdo.tn\/fr\/wp-json\/wp\/v2\/media\/352187"}],"wp:attachment":[{"href":"https:\/\/www.webdo.tn\/fr\/wp-json\/wp\/v2\/media?parent=184169"}],"wp:term":[{"taxonomy":"category","embeddable":true,"href":"https:\/\/www.webdo.tn\/fr\/wp-json\/wp\/v2\/categories?post=184169"},{"taxonomy":"post_tag","embeddable":true,"href":"https:\/\/www.webdo.tn\/fr\/wp-json\/wp\/v2\/tags?post=184169"}],"curies":[{"name":"wp","href":"https:\/\/api.w.org\/{rel}","templated":true}]}}