{"id":184168,"date":"2015-03-30T10:18:00","date_gmt":"2015-03-30T10:18:00","guid":{"rendered":"https:\/\/www.webdo.tn\/fr\/blog\/tolerance-zero-en-chine-6-ans-pour-une-barbe-et-2-ans-pour-port-du-niqab\/184168\/"},"modified":"2015-03-30T10:18:00","modified_gmt":"2015-03-30T10:18:00","slug":"tolerance-zero-en-chine-6-ans-pour-une-barbe-et-2-ans-pour-port-du-niqab","status":"publish","type":"post","link":"https:\/\/www.webdo.tn\/fr\/actualite\/international\/tolerance-zero-en-chine-6-ans-pour-une-barbe-et-2-ans-pour-port-du-niqab\/184168\/","title":{"rendered":"Tol\u00e9rance z\u00e9ro en Chine : 6 ans pour une barbe et 2 ans pour port du niqab"},"content":{"rendered":"<p>Un couple de Chinois, a \u00e9t\u00e9 condamn\u00e9 \u00e0 la prison ferme par un tribunal de la r\u00e9gion musulmane du Xinjiang, dans l&rsquo;est de la Chine pour port de barbe et port de niqab, rapporte un journal chinois.<\/p>\n<p>L&rsquo;homme a \u00e9t\u00e9 condamn\u00e9 \u00e0 6 ans de prison pour s&rsquo;\u00eatre laiss\u00e9 pousser la barbe et pour avoir ignor\u00e9 \u00e0 plusieurs reprises les mises en garde des autorit\u00e9s. Sa femme portant le niqab a \u00e9t\u00e9 condamn\u00e9e \u00e0 2 ans de prison.<\/p>\n<p>Issus de la minorit\u00e9 musulmane de Xinjiang, le couple a \u00e9t\u00e9 condamn\u00e9 pour trouble \u00e0 l\u2019ordre public.<\/p>\n<p>Cette condamnation s&rsquo;inscrit dans la vaste campagne contre la barbe et le port du voile, men\u00e9e par les autorit\u00e9s du Xinjiang depuis plus d&rsquo;un an.<\/p>\n<p>\u00abTout un groupe de contrevenants aux r\u00e8glements contre le port de la barbe, du voile et de la burqa\u00bb ont \u00e9t\u00e9 poursuivis et condamn\u00e9s depuis le d\u00e9but de l&rsquo;ann\u00e9e, rapporte en outre le Quotidien de la Jeunesse.<\/p>\n","protected":false},"excerpt":{"rendered":"<p>Tol\u00e9rance z\u00e9ro en Chine : 6 ans pour une barbe et 2 ans pour port du niqab<\/p>\n","protected":false},"author":3222,"featured_media":330383,"comment_status":"open","ping_status":"closed","sticky":false,"template":"","format":"standard","meta":{"footnotes":""},"categories":[2598],"tags":[2600],"class_list":["post-184168","post","type-post","status-publish","format-standard","has-post-thumbnail","hentry","category-international","tag-guerre"],"yoast_head":"<!-- This site is optimized with the Yoast SEO Premium plugin v27.5 (Yoast SEO v27.5) - https:\/\/yoast.com\/product\/yoast-seo-premium-wordpress\/ -->\n<title>Tol\u00e9rance z\u00e9ro en Chine : 6 ans pour une barbe et 2 ans pour port du niqab<\/title>\n<meta name=\"description\" content=\"Tol\u00e9rance z\u00e9ro en Chine : 6 ans pour une barbe et 2 ans pour port du niqab\" \/>\n<link rel=\"canonical\" href=\"https:\/\/www.webdo.tn\/fr\/actualite\/international\/tolerance-zero-en-chine-6-ans-pour-une-barbe-et-2-ans-pour-port-du-niqab\/184168\/\" \/>\n<meta property=\"og:locale\" content=\"fr_FR\" \/>\n<meta property=\"og:type\" content=\"article\" \/>\n<meta property=\"og:title\" content=\"Tol\u00e9rance z\u00e9ro en Chine : 6 ans pour une barbe et 2 ans pour port du niqab\" \/>\n<meta property=\"og:description\" content=\"Tol\u00e9rance z\u00e9ro en Chine : 6 ans pour une barbe et 2 ans pour port du niqab\" \/>\n<meta property=\"og:url\" content=\"https:\/\/www.webdo.tn\/fr\/actualite\/international\/tolerance-zero-en-chine-6-ans-pour-une-barbe-et-2-ans-pour-port-du-niqab\/184168\/\" \/>\n<meta property=\"og:site_name\" content=\"webdo\" \/>\n<meta property=\"article:publisher\" content=\"https:\/\/www.facebook.com\/webdotn\" \/>\n<meta property=\"article:published_time\" content=\"2015-03-30T10:18:00+00:00\" \/>\n<meta property=\"og:image\" content=\"https:\/\/www.webdo.tn\/fr\/wp-content\/uploads\/2015\/03\/webdo_default-68.jpg\" \/>\n\t<meta property=\"og:image:width\" content=\"800\" \/>\n\t<meta property=\"og:image:height\" content=\"500\" \/>\n\t<meta property=\"og:image:type\" content=\"image\/jpeg\" \/>\n<meta name=\"author\" content=\"webdo.tn\" \/>\n<meta name=\"twitter:card\" content=\"summary_large_image\" \/>\n<meta name=\"twitter:creator\" content=\"@webdo_tn\" \/>\n<meta name=\"twitter:site\" content=\"@webdo_tn\" \/>\n<meta name=\"twitter:label1\" content=\"\u00c9crit par\" \/>\n\t<meta name=\"twitter:data1\" content=\"webdo.tn\" \/>\n\t<meta name=\"twitter:label2\" content=\"Dur\u00e9e de lecture estim\u00e9e\" \/>\n\t<meta name=\"twitter:data2\" content=\"1 minute\" \/>\n<script type=\"application\/ld+json\" class=\"yoast-schema-graph\">{\"@context\":\"https:\\\/\\\/schema.org\",\"@graph\":[{\"@type\":\"NewsArticle\",\"@id\":\"https:\\\/\\\/www.webdo.tn\\\/fr\\\/actualite\\\/international\\\/tolerance-zero-en-chine-6-ans-pour-une-barbe-et-2-ans-pour-port-du-niqab\\\/184168\\\/#article\",\"isPartOf\":{\"@id\":\"https:\\\/\\\/www.webdo.tn\\\/fr\\\/actualite\\\/international\\\/tolerance-zero-en-chine-6-ans-pour-une-barbe-et-2-ans-pour-port-du-niqab\\\/184168\\\/\"},\"author\":{\"name\":\"webdo.tn\",\"@id\":\"https:\\\/\\\/www.webdo.tn\\\/fr\\\/#\\\/schema\\\/person\\\/9a9c6118d687c117df8ef3cc36a4d175\"},\"headline\":\"Tol\u00e9rance z\u00e9ro en Chine : 6 ans pour une barbe et 2 ans pour port du niqab\",\"datePublished\":\"2015-03-30T10:18:00+00:00\",\"mainEntityOfPage\":{\"@id\":\"https:\\\/\\\/www.webdo.tn\\\/fr\\\/actualite\\\/international\\\/tolerance-zero-en-chine-6-ans-pour-une-barbe-et-2-ans-pour-port-du-niqab\\\/184168\\\/\"},\"wordCount\":182,\"commentCount\":0,\"publisher\":{\"@id\":\"https:\\\/\\\/www.webdo.tn\\\/fr\\\/#organization\"},\"image\":{\"@id\":\"https:\\\/\\\/www.webdo.tn\\\/fr\\\/actualite\\\/international\\\/tolerance-zero-en-chine-6-ans-pour-une-barbe-et-2-ans-pour-port-du-niqab\\\/184168\\\/#primaryimage\"},\"thumbnailUrl\":\"https:\\\/\\\/www.webdo.tn\\\/fr\\\/wp-content\\\/uploads\\\/2015\\\/03\\\/webdo_default-68.jpg\",\"keywords\":[\"guerre\"],\"articleSection\":[\"International\"],\"inLanguage\":\"fr-FR\"},{\"@type\":\"WebPage\",\"@id\":\"https:\\\/\\\/www.webdo.tn\\\/fr\\\/actualite\\\/international\\\/tolerance-zero-en-chine-6-ans-pour-une-barbe-et-2-ans-pour-port-du-niqab\\\/184168\\\/\",\"url\":\"https:\\\/\\\/www.webdo.tn\\\/fr\\\/actualite\\\/international\\\/tolerance-zero-en-chine-6-ans-pour-une-barbe-et-2-ans-pour-port-du-niqab\\\/184168\\\/\",\"name\":\"Tol\u00e9rance z\u00e9ro en Chine : 6 ans pour une barbe et 2 ans pour port du niqab\",\"isPartOf\":{\"@id\":\"https:\\\/\\\/www.webdo.tn\\\/fr\\\/#website\"},\"primaryImageOfPage\":{\"@id\":\"https:\\\/\\\/www.webdo.tn\\\/fr\\\/actualite\\\/international\\\/tolerance-zero-en-chine-6-ans-pour-une-barbe-et-2-ans-pour-port-du-niqab\\\/184168\\\/#primaryimage\"},\"image\":{\"@id\":\"https:\\\/\\\/www.webdo.tn\\\/fr\\\/actualite\\\/international\\\/tolerance-zero-en-chine-6-ans-pour-une-barbe-et-2-ans-pour-port-du-niqab\\\/184168\\\/#primaryimage\"},\"thumbnailUrl\":\"https:\\\/\\\/www.webdo.tn\\\/fr\\\/wp-content\\\/uploads\\\/2015\\\/03\\\/webdo_default-68.jpg\",\"datePublished\":\"2015-03-30T10:18:00+00:00\",\"description\":\"Tol\u00e9rance z\u00e9ro en Chine : 6 ans pour une barbe et 2 ans pour port du niqab\",\"breadcrumb\":{\"@id\":\"https:\\\/\\\/www.webdo.tn\\\/fr\\\/actualite\\\/international\\\/tolerance-zero-en-chine-6-ans-pour-une-barbe-et-2-ans-pour-port-du-niqab\\\/184168\\\/#breadcrumb\"},\"inLanguage\":\"fr-FR\",\"potentialAction\":[{\"@type\":\"ReadAction\",\"target\":[\"https:\\\/\\\/www.webdo.tn\\\/fr\\\/actualite\\\/international\\\/tolerance-zero-en-chine-6-ans-pour-une-barbe-et-2-ans-pour-port-du-niqab\\\/184168\\\/\"]}]},{\"@type\":\"ImageObject\",\"inLanguage\":\"fr-FR\",\"@id\":\"https:\\\/\\\/www.webdo.tn\\\/fr\\\/actualite\\\/international\\\/tolerance-zero-en-chine-6-ans-pour-une-barbe-et-2-ans-pour-port-du-niqab\\\/184168\\\/#primaryimage\",\"url\":\"https:\\\/\\\/www.webdo.tn\\\/fr\\\/wp-content\\\/uploads\\\/2015\\\/03\\\/webdo_default-68.jpg\",\"contentUrl\":\"https:\\\/\\\/www.webdo.tn\\\/fr\\\/wp-content\\\/uploads\\\/2015\\\/03\\\/webdo_default-68.jpg\",\"width\":800,\"height\":500,\"caption\":\"Tol\u00e9rance z\u00e9ro en Chine : 6 ans pour une barbe et 2 ans pour port du niqab\"},{\"@type\":\"BreadcrumbList\",\"@id\":\"https:\\\/\\\/www.webdo.tn\\\/fr\\\/actualite\\\/international\\\/tolerance-zero-en-chine-6-ans-pour-une-barbe-et-2-ans-pour-port-du-niqab\\\/184168\\\/#breadcrumb\",\"itemListElement\":[{\"@type\":\"ListItem\",\"position\":1,\"name\":\"Accueil\",\"item\":\"https:\\\/\\\/www.webdo.tn\\\/fr\\\/\"},{\"@type\":\"ListItem\",\"position\":2,\"name\":\"Tol\u00e9rance z\u00e9ro en Chine : 6 ans pour une barbe et 2 ans pour port du niqab\"}]},{\"@type\":\"WebSite\",\"@id\":\"https:\\\/\\\/www.webdo.tn\\\/fr\\\/#website\",\"url\":\"https:\\\/\\\/www.webdo.tn\\\/fr\\\/\",\"name\":\"webdo\",\"description\":\"Tunisie - News en Tunisie et \u00e0 l&#039;international sur Webdo.tn\",\"publisher\":{\"@id\":\"https:\\\/\\\/www.webdo.tn\\\/fr\\\/#organization\"},\"potentialAction\":[{\"@type\":\"SearchAction\",\"target\":{\"@type\":\"EntryPoint\",\"urlTemplate\":\"https:\\\/\\\/www.webdo.tn\\\/fr\\\/?s={search_term_string}\"},\"query-input\":{\"@type\":\"PropertyValueSpecification\",\"valueRequired\":true,\"valueName\":\"search_term_string\"}}],\"inLanguage\":\"fr-FR\"},{\"@type\":\"Organization\",\"@id\":\"https:\\\/\\\/www.webdo.tn\\\/fr\\\/#organization\",\"name\":\"Webdo\",\"alternateName\":\"Webdo.tn\",\"url\":\"https:\\\/\\\/www.webdo.tn\\\/fr\\\/\",\"logo\":{\"@type\":\"ImageObject\",\"inLanguage\":\"fr-FR\",\"@id\":\"https:\\\/\\\/www.webdo.tn\\\/fr\\\/#\\\/schema\\\/logo\\\/image\\\/\",\"url\":\"https:\\\/\\\/www.webdo.tn\\\/fr\\\/wp-content\\\/uploads\\\/2025\\\/06\\\/Webdo-Tunisie_168377.jpg\",\"contentUrl\":\"https:\\\/\\\/www.webdo.tn\\\/fr\\\/wp-content\\\/uploads\\\/2025\\\/06\\\/Webdo-Tunisie_168377.jpg\",\"width\":301,\"height\":301,\"caption\":\"Webdo\"},\"image\":{\"@id\":\"https:\\\/\\\/www.webdo.tn\\\/fr\\\/#\\\/schema\\\/logo\\\/image\\\/\"},\"sameAs\":[\"https:\\\/\\\/www.facebook.com\\\/webdotn\",\"https:\\\/\\\/x.com\\\/webdo_tn\"],\"description\":\"Webdo est un m\u00e9dia num\u00e9rique tunisien fond\u00e9 en 2010, sp\u00e9cialis\u00e9 dans l\u2019actualit\u00e9 nationale et internationale, l\u2019\u00e9conomie, la soci\u00e9t\u00e9 et les analyses politiques. Le site s\u2019adresse \u00e0 un large public francophone et couvre l\u2019information tunisienne en temps r\u00e9el.\",\"email\":\"redac@webdo.tn\",\"legalName\":\"YNJ SARL\",\"foundingDate\":\"2010-09-06\",\"numberOfEmployees\":{\"@type\":\"QuantitativeValue\",\"minValue\":\"11\",\"maxValue\":\"50\"}},{\"@type\":\"Person\",\"@id\":\"https:\\\/\\\/www.webdo.tn\\\/fr\\\/#\\\/schema\\\/person\\\/9a9c6118d687c117df8ef3cc36a4d175\",\"name\":\"webdo.tn\",\"image\":{\"@type\":\"ImageObject\",\"inLanguage\":\"fr-FR\",\"@id\":\"https:\\\/\\\/secure.gravatar.com\\\/avatar\\\/7ce1f28c0c3bbac99ff550b85ef8e44a6950c6ee24514fb6a5489e51d06f0298?s=96&d=mm&r=g\",\"url\":\"https:\\\/\\\/secure.gravatar.com\\\/avatar\\\/7ce1f28c0c3bbac99ff550b85ef8e44a6950c6ee24514fb6a5489e51d06f0298?s=96&d=mm&r=g\",\"contentUrl\":\"https:\\\/\\\/secure.gravatar.com\\\/avatar\\\/7ce1f28c0c3bbac99ff550b85ef8e44a6950c6ee24514fb6a5489e51d06f0298?s=96&d=mm&r=g\",\"caption\":\"webdo.tn\"},\"url\":\"https:\\\/\\\/www.webdo.tn\\\/fr\\\/actualite\\\/author\\\/webdotn\\\/\"}]}<\/script>\n<!-- \/ Yoast SEO Premium plugin. -->","yoast_head_json":{"title":"Tol\u00e9rance z\u00e9ro en Chine : 6 ans pour une barbe et 2 ans pour port du niqab","description":"Tol\u00e9rance z\u00e9ro en Chine : 6 ans pour une barbe et 2 ans pour port du niqab","canonical":"https:\/\/www.webdo.tn\/fr\/actualite\/international\/tolerance-zero-en-chine-6-ans-pour-une-barbe-et-2-ans-pour-port-du-niqab\/184168\/","og_locale":"fr_FR","og_type":"article","og_title":"Tol\u00e9rance z\u00e9ro en Chine : 6 ans pour une barbe et 2 ans pour port du niqab","og_description":"Tol\u00e9rance z\u00e9ro en Chine : 6 ans pour une barbe et 2 ans pour port du niqab","og_url":"https:\/\/www.webdo.tn\/fr\/actualite\/international\/tolerance-zero-en-chine-6-ans-pour-une-barbe-et-2-ans-pour-port-du-niqab\/184168\/","og_site_name":"webdo","article_publisher":"https:\/\/www.facebook.com\/webdotn","article_published_time":"2015-03-30T10:18:00+00:00","og_image":[{"width":800,"height":500,"url":"https:\/\/www.webdo.tn\/fr\/wp-content\/uploads\/2015\/03\/webdo_default-68.jpg","type":"image\/jpeg"}],"author":"webdo.tn","twitter_card":"summary_large_image","twitter_creator":"@webdo_tn","twitter_site":"@webdo_tn","twitter_misc":{"\u00c9crit par":"webdo.tn","Dur\u00e9e de lecture estim\u00e9e":"1 minute"},"schema":{"@context":"https:\/\/schema.org","@graph":[{"@type":"NewsArticle","@id":"https:\/\/www.webdo.tn\/fr\/actualite\/international\/tolerance-zero-en-chine-6-ans-pour-une-barbe-et-2-ans-pour-port-du-niqab\/184168\/#article","isPartOf":{"@id":"https:\/\/www.webdo.tn\/fr\/actualite\/international\/tolerance-zero-en-chine-6-ans-pour-une-barbe-et-2-ans-pour-port-du-niqab\/184168\/"},"author":{"name":"webdo.tn","@id":"https:\/\/www.webdo.tn\/fr\/#\/schema\/person\/9a9c6118d687c117df8ef3cc36a4d175"},"headline":"Tol\u00e9rance z\u00e9ro en Chine : 6 ans pour une barbe et 2 ans pour port du niqab","datePublished":"2015-03-30T10:18:00+00:00","mainEntityOfPage":{"@id":"https:\/\/www.webdo.tn\/fr\/actualite\/international\/tolerance-zero-en-chine-6-ans-pour-une-barbe-et-2-ans-pour-port-du-niqab\/184168\/"},"wordCount":182,"commentCount":0,"publisher":{"@id":"https:\/\/www.webdo.tn\/fr\/#organization"},"image":{"@id":"https:\/\/www.webdo.tn\/fr\/actualite\/international\/tolerance-zero-en-chine-6-ans-pour-une-barbe-et-2-ans-pour-port-du-niqab\/184168\/#primaryimage"},"thumbnailUrl":"https:\/\/www.webdo.tn\/fr\/wp-content\/uploads\/2015\/03\/webdo_default-68.jpg","keywords":["guerre"],"articleSection":["International"],"inLanguage":"fr-FR"},{"@type":"WebPage","@id":"https:\/\/www.webdo.tn\/fr\/actualite\/international\/tolerance-zero-en-chine-6-ans-pour-une-barbe-et-2-ans-pour-port-du-niqab\/184168\/","url":"https:\/\/www.webdo.tn\/fr\/actualite\/international\/tolerance-zero-en-chine-6-ans-pour-une-barbe-et-2-ans-pour-port-du-niqab\/184168\/","name":"Tol\u00e9rance z\u00e9ro en Chine : 6 ans pour une barbe et 2 ans pour port du niqab","isPartOf":{"@id":"https:\/\/www.webdo.tn\/fr\/#website"},"primaryImageOfPage":{"@id":"https:\/\/www.webdo.tn\/fr\/actualite\/international\/tolerance-zero-en-chine-6-ans-pour-une-barbe-et-2-ans-pour-port-du-niqab\/184168\/#primaryimage"},"image":{"@id":"https:\/\/www.webdo.tn\/fr\/actualite\/international\/tolerance-zero-en-chine-6-ans-pour-une-barbe-et-2-ans-pour-port-du-niqab\/184168\/#primaryimage"},"thumbnailUrl":"https:\/\/www.webdo.tn\/fr\/wp-content\/uploads\/2015\/03\/webdo_default-68.jpg","datePublished":"2015-03-30T10:18:00+00:00","description":"Tol\u00e9rance z\u00e9ro en Chine : 6 ans pour une barbe et 2 ans pour port du niqab","breadcrumb":{"@id":"https:\/\/www.webdo.tn\/fr\/actualite\/international\/tolerance-zero-en-chine-6-ans-pour-une-barbe-et-2-ans-pour-port-du-niqab\/184168\/#breadcrumb"},"inLanguage":"fr-FR","potentialAction":[{"@type":"ReadAction","target":["https:\/\/www.webdo.tn\/fr\/actualite\/international\/tolerance-zero-en-chine-6-ans-pour-une-barbe-et-2-ans-pour-port-du-niqab\/184168\/"]}]},{"@type":"ImageObject","inLanguage":"fr-FR","@id":"https:\/\/www.webdo.tn\/fr\/actualite\/international\/tolerance-zero-en-chine-6-ans-pour-une-barbe-et-2-ans-pour-port-du-niqab\/184168\/#primaryimage","url":"https:\/\/www.webdo.tn\/fr\/wp-content\/uploads\/2015\/03\/webdo_default-68.jpg","contentUrl":"https:\/\/www.webdo.tn\/fr\/wp-content\/uploads\/2015\/03\/webdo_default-68.jpg","width":800,"height":500,"caption":"Tol\u00e9rance z\u00e9ro en Chine : 6 ans pour une barbe et 2 ans pour port du niqab"},{"@type":"BreadcrumbList","@id":"https:\/\/www.webdo.tn\/fr\/actualite\/international\/tolerance-zero-en-chine-6-ans-pour-une-barbe-et-2-ans-pour-port-du-niqab\/184168\/#breadcrumb","itemListElement":[{"@type":"ListItem","position":1,"name":"Accueil","item":"https:\/\/www.webdo.tn\/fr\/"},{"@type":"ListItem","position":2,"name":"Tol\u00e9rance z\u00e9ro en Chine : 6 ans pour une barbe et 2 ans pour port du niqab"}]},{"@type":"WebSite","@id":"https:\/\/www.webdo.tn\/fr\/#website","url":"https:\/\/www.webdo.tn\/fr\/","name":"webdo","description":"Tunisie - News en Tunisie et \u00e0 l&#039;international sur Webdo.tn","publisher":{"@id":"https:\/\/www.webdo.tn\/fr\/#organization"},"potentialAction":[{"@type":"SearchAction","target":{"@type":"EntryPoint","urlTemplate":"https:\/\/www.webdo.tn\/fr\/?s={search_term_string}"},"query-input":{"@type":"PropertyValueSpecification","valueRequired":true,"valueName":"search_term_string"}}],"inLanguage":"fr-FR"},{"@type":"Organization","@id":"https:\/\/www.webdo.tn\/fr\/#organization","name":"Webdo","alternateName":"Webdo.tn","url":"https:\/\/www.webdo.tn\/fr\/","logo":{"@type":"ImageObject","inLanguage":"fr-FR","@id":"https:\/\/www.webdo.tn\/fr\/#\/schema\/logo\/image\/","url":"https:\/\/www.webdo.tn\/fr\/wp-content\/uploads\/2025\/06\/Webdo-Tunisie_168377.jpg","contentUrl":"https:\/\/www.webdo.tn\/fr\/wp-content\/uploads\/2025\/06\/Webdo-Tunisie_168377.jpg","width":301,"height":301,"caption":"Webdo"},"image":{"@id":"https:\/\/www.webdo.tn\/fr\/#\/schema\/logo\/image\/"},"sameAs":["https:\/\/www.facebook.com\/webdotn","https:\/\/x.com\/webdo_tn"],"description":"Webdo est un m\u00e9dia num\u00e9rique tunisien fond\u00e9 en 2010, sp\u00e9cialis\u00e9 dans l\u2019actualit\u00e9 nationale et internationale, l\u2019\u00e9conomie, la soci\u00e9t\u00e9 et les analyses politiques. Le site s\u2019adresse \u00e0 un large public francophone et couvre l\u2019information tunisienne en temps r\u00e9el.","email":"redac@webdo.tn","legalName":"YNJ SARL","foundingDate":"2010-09-06","numberOfEmployees":{"@type":"QuantitativeValue","minValue":"11","maxValue":"50"}},{"@type":"Person","@id":"https:\/\/www.webdo.tn\/fr\/#\/schema\/person\/9a9c6118d687c117df8ef3cc36a4d175","name":"webdo.tn","image":{"@type":"ImageObject","inLanguage":"fr-FR","@id":"https:\/\/secure.gravatar.com\/avatar\/7ce1f28c0c3bbac99ff550b85ef8e44a6950c6ee24514fb6a5489e51d06f0298?s=96&d=mm&r=g","url":"https:\/\/secure.gravatar.com\/avatar\/7ce1f28c0c3bbac99ff550b85ef8e44a6950c6ee24514fb6a5489e51d06f0298?s=96&d=mm&r=g","contentUrl":"https:\/\/secure.gravatar.com\/avatar\/7ce1f28c0c3bbac99ff550b85ef8e44a6950c6ee24514fb6a5489e51d06f0298?s=96&d=mm&r=g","caption":"webdo.tn"},"url":"https:\/\/www.webdo.tn\/fr\/actualite\/author\/webdotn\/"}]}},"_links":{"self":[{"href":"https:\/\/www.webdo.tn\/fr\/wp-json\/wp\/v2\/posts\/184168","targetHints":{"allow":["GET"]}}],"collection":[{"href":"https:\/\/www.webdo.tn\/fr\/wp-json\/wp\/v2\/posts"}],"about":[{"href":"https:\/\/www.webdo.tn\/fr\/wp-json\/wp\/v2\/types\/post"}],"author":[{"embeddable":true,"href":"https:\/\/www.webdo.tn\/fr\/wp-json\/wp\/v2\/users\/3222"}],"replies":[{"embeddable":true,"href":"https:\/\/www.webdo.tn\/fr\/wp-json\/wp\/v2\/comments?post=184168"}],"version-history":[{"count":0,"href":"https:\/\/www.webdo.tn\/fr\/wp-json\/wp\/v2\/posts\/184168\/revisions"}],"wp:featuredmedia":[{"embeddable":true,"href":"https:\/\/www.webdo.tn\/fr\/wp-json\/wp\/v2\/media\/330383"}],"wp:attachment":[{"href":"https:\/\/www.webdo.tn\/fr\/wp-json\/wp\/v2\/media?parent=184168"}],"wp:term":[{"taxonomy":"category","embeddable":true,"href":"https:\/\/www.webdo.tn\/fr\/wp-json\/wp\/v2\/categories?post=184168"},{"taxonomy":"post_tag","embeddable":true,"href":"https:\/\/www.webdo.tn\/fr\/wp-json\/wp\/v2\/tags?post=184168"}],"curies":[{"name":"wp","href":"https:\/\/api.w.org\/{rel}","templated":true}]}}