{"id":184166,"date":"2015-04-01T08:55:00","date_gmt":"2015-04-01T08:55:00","guid":{"rendered":"https:\/\/www.webdo.tn\/fr\/blog\/affaire-de-financement-de-campagne-de-nicolas-sarkozy-par-la-libye-le-fils-de-gueant-interroge\/184166\/"},"modified":"2015-04-01T08:55:00","modified_gmt":"2015-04-01T08:55:00","slug":"affaire-de-financement-de-campagne-de-nicolas-sarkozy-par-la-libye-le-fils-de-gueant-interroge","status":"publish","type":"post","link":"https:\/\/www.webdo.tn\/fr\/actualite\/international\/affaire-de-financement-de-campagne-de-nicolas-sarkozy-par-la-libye-le-fils-de-gueant-interroge\/184166\/","title":{"rendered":"Affaire de financement de campagne de Nicolas Sarkozy par la Libye : Le fils de Gu\u00e9ant interrog\u00e9"},"content":{"rendered":"<p>[quote_box_right]<br \/>\nFran\u00e7ois Gu\u00e9ant, 39 ans, est le fils de Claude Gu\u00e9ant. Il\u00a0est avocat fiscaliste. Il a \u00e9t\u00e9\u00a0suppl\u00e9ant du d\u00e9put\u00e9 UMP du Morbihan Lo\u00efc Bouvard et pr\u00e9sident des Jeunes Actifs de l&rsquo;UMP. Il a \u00e9t\u00e9 accus\u00e9 d&rsquo;avoir profit\u00e9 de faveurs de \u00ab\u00a0piston\u00a0\u00bb entre 2007 et 2012, en devenant directeur de cabinet du pr\u00e9sident de l&rsquo;Assembl\u00e9e des chambres de commerce et d&rsquo;industrie puis conseiller dans les cabinets minist\u00e9riels de Brice Hortefeux, Rachida Dati et Alain Marleix.<br \/>\n[\/quote_box_right]<br \/>\nFrance | Fran\u00e7ois Gu\u00e9ant, fils de Claude Gu\u00e9ant, est en garde \u00e0 vue depuis lundi 30 mars dans le dossier des accusations de financement de campagne de Nicolas Sarkozy par la Libye de Mouammar Kadhafi, rapportent ce mardi les m\u00e9dias fran\u00e7ais. Il est\u00a0interrog\u00e9 sur divers \u00ab\u00a0mouvements financiers\u00a0\u00bb.Sa garde \u00e0 vue peut durer jusqu&rsquo;\u00e0 ce mercredi.<br \/>\nLe 6 mars dernier, le p\u00e8re Gu\u00e9ant a \u00e9t\u00e9 plac\u00e9 en garde \u00e0 vue par la police judiciaire \u00e9galement dans le cadre de cette affaire. En 2013, il a justifi\u00e9 le versement, en 2008, de 500.000 euros dans son compte, alors qu&rsquo;il \u00e9tait Secr\u00e9taire g\u00e9n\u00e9ral de la pr\u00e9sidence de la R\u00e9publique fran\u00e7aise, par des \u00ab\u00a0fonds qui proviennent pour l\u2019essentiel de la\u00a0vente de deux\u00a0tableaux\u00a0du XVIIe si\u00e8cle, qu\u2019il aurait vendu \u00e0 un certain\u00a0Sivajothi Muthiah Rajendram\u00a0\u00bb.<\/p>\n<p>La justice fran\u00e7aise enqu\u00eate depuis plus d&rsquo;un an et demi sur cette vente. Une autre version serait plausible pour justicier le versement de cet argent. D\u2019apr\u00e8s les m\u00e9dias fran\u00e7ais,\u00a0Il est entendu notamment dans le cadre de l\u2019information judiciaire ouverte en avril 2012 sur un possible financement ill\u00e9gal de la campagne pr\u00e9sidentielle de Nicolas Sarkozy en 2007.<\/p>\n<p>Claude Gu\u00e9ant \u00e9tait secr\u00e9taire g\u00e9n\u00e9ral de la pr\u00e9sidence de la R\u00e9publique fran\u00e7aise du 16 mais 2007 au 27 f\u00e9vrier 2011.<\/p>\n","protected":false},"excerpt":{"rendered":"<p>Affaire de financement de campagne de Nicolas Sarkozy par la Libye : Le fils de Gu\u00e9ant interrog\u00e9<\/p>\n","protected":false},"author":3222,"featured_media":373034,"comment_status":"open","ping_status":"closed","sticky":false,"template":"","format":"standard","meta":{"footnotes":""},"categories":[2598],"tags":[2600],"class_list":["post-184166","post","type-post","status-publish","format-standard","has-post-thumbnail","hentry","category-international","tag-guerre"],"yoast_head":"<!-- This site is optimized with the Yoast SEO Premium plugin v27.5 (Yoast SEO v27.5) - https:\/\/yoast.com\/product\/yoast-seo-premium-wordpress\/ -->\n<title>Affaire de financement de campagne de Nicolas Sarkozy par la Libye : Le fils de Gu\u00e9ant interrog\u00e9<\/title>\n<meta name=\"description\" content=\"Affaire de financement de campagne de Nicolas Sarkozy par la Libye : Le fils de Gu\u00e9ant interrog\u00e9\" \/>\n<link rel=\"canonical\" href=\"https:\/\/www.webdo.tn\/fr\/actualite\/international\/affaire-de-financement-de-campagne-de-nicolas-sarkozy-par-la-libye-le-fils-de-gueant-interroge\/184166\/\" \/>\n<meta property=\"og:locale\" content=\"fr_FR\" \/>\n<meta property=\"og:type\" content=\"article\" \/>\n<meta property=\"og:title\" content=\"Affaire de financement de campagne de Nicolas Sarkozy par la Libye : Le fils de Gu\u00e9ant interrog\u00e9\" \/>\n<meta property=\"og:description\" content=\"Affaire de financement de campagne de Nicolas Sarkozy par la Libye : Le fils de Gu\u00e9ant interrog\u00e9\" \/>\n<meta property=\"og:url\" content=\"https:\/\/www.webdo.tn\/fr\/actualite\/international\/affaire-de-financement-de-campagne-de-nicolas-sarkozy-par-la-libye-le-fils-de-gueant-interroge\/184166\/\" \/>\n<meta property=\"og:site_name\" content=\"webdo\" \/>\n<meta property=\"article:publisher\" content=\"https:\/\/www.facebook.com\/webdotn\" \/>\n<meta property=\"article:published_time\" content=\"2015-04-01T08:55:00+00:00\" \/>\n<meta name=\"author\" content=\"webdo.tn\" \/>\n<meta name=\"twitter:card\" content=\"summary_large_image\" \/>\n<meta name=\"twitter:creator\" content=\"@webdo_tn\" \/>\n<meta name=\"twitter:site\" content=\"@webdo_tn\" \/>\n<meta name=\"twitter:label1\" content=\"\u00c9crit par\" \/>\n\t<meta name=\"twitter:data1\" content=\"webdo.tn\" \/>\n\t<meta name=\"twitter:label2\" content=\"Dur\u00e9e de lecture estim\u00e9e\" \/>\n\t<meta name=\"twitter:data2\" content=\"2 minutes\" \/>\n<script type=\"application\/ld+json\" class=\"yoast-schema-graph\">{\"@context\":\"https:\\\/\\\/schema.org\",\"@graph\":[{\"@type\":\"NewsArticle\",\"@id\":\"https:\\\/\\\/www.webdo.tn\\\/fr\\\/actualite\\\/international\\\/affaire-de-financement-de-campagne-de-nicolas-sarkozy-par-la-libye-le-fils-de-gueant-interroge\\\/184166\\\/#article\",\"isPartOf\":{\"@id\":\"https:\\\/\\\/www.webdo.tn\\\/fr\\\/actualite\\\/international\\\/affaire-de-financement-de-campagne-de-nicolas-sarkozy-par-la-libye-le-fils-de-gueant-interroge\\\/184166\\\/\"},\"author\":{\"name\":\"webdo.tn\",\"@id\":\"https:\\\/\\\/www.webdo.tn\\\/fr\\\/#\\\/schema\\\/person\\\/9a9c6118d687c117df8ef3cc36a4d175\"},\"headline\":\"Affaire de financement de campagne de Nicolas Sarkozy par la Libye : Le fils de Gu\u00e9ant interrog\u00e9\",\"datePublished\":\"2015-04-01T08:55:00+00:00\",\"mainEntityOfPage\":{\"@id\":\"https:\\\/\\\/www.webdo.tn\\\/fr\\\/actualite\\\/international\\\/affaire-de-financement-de-campagne-de-nicolas-sarkozy-par-la-libye-le-fils-de-gueant-interroge\\\/184166\\\/\"},\"wordCount\":339,\"commentCount\":0,\"publisher\":{\"@id\":\"https:\\\/\\\/www.webdo.tn\\\/fr\\\/#organization\"},\"image\":{\"@id\":\"https:\\\/\\\/www.webdo.tn\\\/fr\\\/actualite\\\/international\\\/affaire-de-financement-de-campagne-de-nicolas-sarkozy-par-la-libye-le-fils-de-gueant-interroge\\\/184166\\\/#primaryimage\"},\"thumbnailUrl\":\"https:\\\/\\\/www.webdo.tn\\\/fr\\\/wp-content\\\/uploads\\\/2025\\\/06\\\/Capture-decran-2015-04-01-a-08.47.44-e1427874593743_184166.png\",\"keywords\":[\"guerre\"],\"articleSection\":[\"International\"],\"inLanguage\":\"fr-FR\"},{\"@type\":\"WebPage\",\"@id\":\"https:\\\/\\\/www.webdo.tn\\\/fr\\\/actualite\\\/international\\\/affaire-de-financement-de-campagne-de-nicolas-sarkozy-par-la-libye-le-fils-de-gueant-interroge\\\/184166\\\/\",\"url\":\"https:\\\/\\\/www.webdo.tn\\\/fr\\\/actualite\\\/international\\\/affaire-de-financement-de-campagne-de-nicolas-sarkozy-par-la-libye-le-fils-de-gueant-interroge\\\/184166\\\/\",\"name\":\"Affaire de financement de campagne de Nicolas Sarkozy par la Libye : Le fils de Gu\u00e9ant interrog\u00e9\",\"isPartOf\":{\"@id\":\"https:\\\/\\\/www.webdo.tn\\\/fr\\\/#website\"},\"primaryImageOfPage\":{\"@id\":\"https:\\\/\\\/www.webdo.tn\\\/fr\\\/actualite\\\/international\\\/affaire-de-financement-de-campagne-de-nicolas-sarkozy-par-la-libye-le-fils-de-gueant-interroge\\\/184166\\\/#primaryimage\"},\"image\":{\"@id\":\"https:\\\/\\\/www.webdo.tn\\\/fr\\\/actualite\\\/international\\\/affaire-de-financement-de-campagne-de-nicolas-sarkozy-par-la-libye-le-fils-de-gueant-interroge\\\/184166\\\/#primaryimage\"},\"thumbnailUrl\":\"https:\\\/\\\/www.webdo.tn\\\/fr\\\/wp-content\\\/uploads\\\/2025\\\/06\\\/Capture-decran-2015-04-01-a-08.47.44-e1427874593743_184166.png\",\"datePublished\":\"2015-04-01T08:55:00+00:00\",\"description\":\"Affaire de financement de campagne de Nicolas Sarkozy par la Libye : Le fils de Gu\u00e9ant interrog\u00e9\",\"breadcrumb\":{\"@id\":\"https:\\\/\\\/www.webdo.tn\\\/fr\\\/actualite\\\/international\\\/affaire-de-financement-de-campagne-de-nicolas-sarkozy-par-la-libye-le-fils-de-gueant-interroge\\\/184166\\\/#breadcrumb\"},\"inLanguage\":\"fr-FR\",\"potentialAction\":[{\"@type\":\"ReadAction\",\"target\":[\"https:\\\/\\\/www.webdo.tn\\\/fr\\\/actualite\\\/international\\\/affaire-de-financement-de-campagne-de-nicolas-sarkozy-par-la-libye-le-fils-de-gueant-interroge\\\/184166\\\/\"]}]},{\"@type\":\"ImageObject\",\"inLanguage\":\"fr-FR\",\"@id\":\"https:\\\/\\\/www.webdo.tn\\\/fr\\\/actualite\\\/international\\\/affaire-de-financement-de-campagne-de-nicolas-sarkozy-par-la-libye-le-fils-de-gueant-interroge\\\/184166\\\/#primaryimage\",\"url\":\"https:\\\/\\\/www.webdo.tn\\\/fr\\\/wp-content\\\/uploads\\\/2025\\\/06\\\/Capture-decran-2015-04-01-a-08.47.44-e1427874593743_184166.png\",\"contentUrl\":\"https:\\\/\\\/www.webdo.tn\\\/fr\\\/wp-content\\\/uploads\\\/2025\\\/06\\\/Capture-decran-2015-04-01-a-08.47.44-e1427874593743_184166.png\",\"width\":600,\"height\":328,\"caption\":\"Affaire de financement de campagne de Nicolas Sarkozy par la Libye : Le fils de Gu\u00e9ant interrog\u00e9\"},{\"@type\":\"BreadcrumbList\",\"@id\":\"https:\\\/\\\/www.webdo.tn\\\/fr\\\/actualite\\\/international\\\/affaire-de-financement-de-campagne-de-nicolas-sarkozy-par-la-libye-le-fils-de-gueant-interroge\\\/184166\\\/#breadcrumb\",\"itemListElement\":[{\"@type\":\"ListItem\",\"position\":1,\"name\":\"Accueil\",\"item\":\"https:\\\/\\\/www.webdo.tn\\\/fr\\\/\"},{\"@type\":\"ListItem\",\"position\":2,\"name\":\"Affaire de financement de campagne de Nicolas Sarkozy par la Libye : Le fils de Gu\u00e9ant interrog\u00e9\"}]},{\"@type\":\"WebSite\",\"@id\":\"https:\\\/\\\/www.webdo.tn\\\/fr\\\/#website\",\"url\":\"https:\\\/\\\/www.webdo.tn\\\/fr\\\/\",\"name\":\"webdo\",\"description\":\"Tunisie - News en Tunisie et \u00e0 l&#039;international sur Webdo.tn\",\"publisher\":{\"@id\":\"https:\\\/\\\/www.webdo.tn\\\/fr\\\/#organization\"},\"potentialAction\":[{\"@type\":\"SearchAction\",\"target\":{\"@type\":\"EntryPoint\",\"urlTemplate\":\"https:\\\/\\\/www.webdo.tn\\\/fr\\\/?s={search_term_string}\"},\"query-input\":{\"@type\":\"PropertyValueSpecification\",\"valueRequired\":true,\"valueName\":\"search_term_string\"}}],\"inLanguage\":\"fr-FR\"},{\"@type\":\"Organization\",\"@id\":\"https:\\\/\\\/www.webdo.tn\\\/fr\\\/#organization\",\"name\":\"Webdo\",\"alternateName\":\"Webdo.tn\",\"url\":\"https:\\\/\\\/www.webdo.tn\\\/fr\\\/\",\"logo\":{\"@type\":\"ImageObject\",\"inLanguage\":\"fr-FR\",\"@id\":\"https:\\\/\\\/www.webdo.tn\\\/fr\\\/#\\\/schema\\\/logo\\\/image\\\/\",\"url\":\"https:\\\/\\\/www.webdo.tn\\\/fr\\\/wp-content\\\/uploads\\\/2025\\\/06\\\/Webdo-Tunisie_168377.jpg\",\"contentUrl\":\"https:\\\/\\\/www.webdo.tn\\\/fr\\\/wp-content\\\/uploads\\\/2025\\\/06\\\/Webdo-Tunisie_168377.jpg\",\"width\":301,\"height\":301,\"caption\":\"Webdo\"},\"image\":{\"@id\":\"https:\\\/\\\/www.webdo.tn\\\/fr\\\/#\\\/schema\\\/logo\\\/image\\\/\"},\"sameAs\":[\"https:\\\/\\\/www.facebook.com\\\/webdotn\",\"https:\\\/\\\/x.com\\\/webdo_tn\"],\"description\":\"Webdo est un m\u00e9dia num\u00e9rique tunisien fond\u00e9 en 2010, sp\u00e9cialis\u00e9 dans l\u2019actualit\u00e9 nationale et internationale, l\u2019\u00e9conomie, la soci\u00e9t\u00e9 et les analyses politiques. Le site s\u2019adresse \u00e0 un large public francophone et couvre l\u2019information tunisienne en temps r\u00e9el.\",\"email\":\"redac@webdo.tn\",\"legalName\":\"YNJ SARL\",\"foundingDate\":\"2010-09-06\",\"numberOfEmployees\":{\"@type\":\"QuantitativeValue\",\"minValue\":\"11\",\"maxValue\":\"50\"}},{\"@type\":\"Person\",\"@id\":\"https:\\\/\\\/www.webdo.tn\\\/fr\\\/#\\\/schema\\\/person\\\/9a9c6118d687c117df8ef3cc36a4d175\",\"name\":\"webdo.tn\",\"image\":{\"@type\":\"ImageObject\",\"inLanguage\":\"fr-FR\",\"@id\":\"https:\\\/\\\/secure.gravatar.com\\\/avatar\\\/7ce1f28c0c3bbac99ff550b85ef8e44a6950c6ee24514fb6a5489e51d06f0298?s=96&d=mm&r=g\",\"url\":\"https:\\\/\\\/secure.gravatar.com\\\/avatar\\\/7ce1f28c0c3bbac99ff550b85ef8e44a6950c6ee24514fb6a5489e51d06f0298?s=96&d=mm&r=g\",\"contentUrl\":\"https:\\\/\\\/secure.gravatar.com\\\/avatar\\\/7ce1f28c0c3bbac99ff550b85ef8e44a6950c6ee24514fb6a5489e51d06f0298?s=96&d=mm&r=g\",\"caption\":\"webdo.tn\"},\"url\":\"https:\\\/\\\/www.webdo.tn\\\/fr\\\/actualite\\\/author\\\/webdotn\\\/\"}]}<\/script>\n<!-- \/ Yoast SEO Premium plugin. -->","yoast_head_json":{"title":"Affaire de financement de campagne de Nicolas Sarkozy par la Libye : Le fils de Gu\u00e9ant interrog\u00e9","description":"Affaire de financement de campagne de Nicolas Sarkozy par la Libye : Le fils de Gu\u00e9ant interrog\u00e9","canonical":"https:\/\/www.webdo.tn\/fr\/actualite\/international\/affaire-de-financement-de-campagne-de-nicolas-sarkozy-par-la-libye-le-fils-de-gueant-interroge\/184166\/","og_locale":"fr_FR","og_type":"article","og_title":"Affaire de financement de campagne de Nicolas Sarkozy par la Libye : Le fils de Gu\u00e9ant interrog\u00e9","og_description":"Affaire de financement de campagne de Nicolas Sarkozy par la Libye : Le fils de Gu\u00e9ant interrog\u00e9","og_url":"https:\/\/www.webdo.tn\/fr\/actualite\/international\/affaire-de-financement-de-campagne-de-nicolas-sarkozy-par-la-libye-le-fils-de-gueant-interroge\/184166\/","og_site_name":"webdo","article_publisher":"https:\/\/www.facebook.com\/webdotn","article_published_time":"2015-04-01T08:55:00+00:00","author":"webdo.tn","twitter_card":"summary_large_image","twitter_creator":"@webdo_tn","twitter_site":"@webdo_tn","twitter_misc":{"\u00c9crit par":"webdo.tn","Dur\u00e9e de lecture estim\u00e9e":"2 minutes"},"schema":{"@context":"https:\/\/schema.org","@graph":[{"@type":"NewsArticle","@id":"https:\/\/www.webdo.tn\/fr\/actualite\/international\/affaire-de-financement-de-campagne-de-nicolas-sarkozy-par-la-libye-le-fils-de-gueant-interroge\/184166\/#article","isPartOf":{"@id":"https:\/\/www.webdo.tn\/fr\/actualite\/international\/affaire-de-financement-de-campagne-de-nicolas-sarkozy-par-la-libye-le-fils-de-gueant-interroge\/184166\/"},"author":{"name":"webdo.tn","@id":"https:\/\/www.webdo.tn\/fr\/#\/schema\/person\/9a9c6118d687c117df8ef3cc36a4d175"},"headline":"Affaire de financement de campagne de Nicolas Sarkozy par la Libye : Le fils de Gu\u00e9ant interrog\u00e9","datePublished":"2015-04-01T08:55:00+00:00","mainEntityOfPage":{"@id":"https:\/\/www.webdo.tn\/fr\/actualite\/international\/affaire-de-financement-de-campagne-de-nicolas-sarkozy-par-la-libye-le-fils-de-gueant-interroge\/184166\/"},"wordCount":339,"commentCount":0,"publisher":{"@id":"https:\/\/www.webdo.tn\/fr\/#organization"},"image":{"@id":"https:\/\/www.webdo.tn\/fr\/actualite\/international\/affaire-de-financement-de-campagne-de-nicolas-sarkozy-par-la-libye-le-fils-de-gueant-interroge\/184166\/#primaryimage"},"thumbnailUrl":"https:\/\/www.webdo.tn\/fr\/wp-content\/uploads\/2025\/06\/Capture-decran-2015-04-01-a-08.47.44-e1427874593743_184166.png","keywords":["guerre"],"articleSection":["International"],"inLanguage":"fr-FR"},{"@type":"WebPage","@id":"https:\/\/www.webdo.tn\/fr\/actualite\/international\/affaire-de-financement-de-campagne-de-nicolas-sarkozy-par-la-libye-le-fils-de-gueant-interroge\/184166\/","url":"https:\/\/www.webdo.tn\/fr\/actualite\/international\/affaire-de-financement-de-campagne-de-nicolas-sarkozy-par-la-libye-le-fils-de-gueant-interroge\/184166\/","name":"Affaire de financement de campagne de Nicolas Sarkozy par la Libye : Le fils de Gu\u00e9ant interrog\u00e9","isPartOf":{"@id":"https:\/\/www.webdo.tn\/fr\/#website"},"primaryImageOfPage":{"@id":"https:\/\/www.webdo.tn\/fr\/actualite\/international\/affaire-de-financement-de-campagne-de-nicolas-sarkozy-par-la-libye-le-fils-de-gueant-interroge\/184166\/#primaryimage"},"image":{"@id":"https:\/\/www.webdo.tn\/fr\/actualite\/international\/affaire-de-financement-de-campagne-de-nicolas-sarkozy-par-la-libye-le-fils-de-gueant-interroge\/184166\/#primaryimage"},"thumbnailUrl":"https:\/\/www.webdo.tn\/fr\/wp-content\/uploads\/2025\/06\/Capture-decran-2015-04-01-a-08.47.44-e1427874593743_184166.png","datePublished":"2015-04-01T08:55:00+00:00","description":"Affaire de financement de campagne de Nicolas Sarkozy par la Libye : Le fils de Gu\u00e9ant interrog\u00e9","breadcrumb":{"@id":"https:\/\/www.webdo.tn\/fr\/actualite\/international\/affaire-de-financement-de-campagne-de-nicolas-sarkozy-par-la-libye-le-fils-de-gueant-interroge\/184166\/#breadcrumb"},"inLanguage":"fr-FR","potentialAction":[{"@type":"ReadAction","target":["https:\/\/www.webdo.tn\/fr\/actualite\/international\/affaire-de-financement-de-campagne-de-nicolas-sarkozy-par-la-libye-le-fils-de-gueant-interroge\/184166\/"]}]},{"@type":"ImageObject","inLanguage":"fr-FR","@id":"https:\/\/www.webdo.tn\/fr\/actualite\/international\/affaire-de-financement-de-campagne-de-nicolas-sarkozy-par-la-libye-le-fils-de-gueant-interroge\/184166\/#primaryimage","url":"https:\/\/www.webdo.tn\/fr\/wp-content\/uploads\/2025\/06\/Capture-decran-2015-04-01-a-08.47.44-e1427874593743_184166.png","contentUrl":"https:\/\/www.webdo.tn\/fr\/wp-content\/uploads\/2025\/06\/Capture-decran-2015-04-01-a-08.47.44-e1427874593743_184166.png","width":600,"height":328,"caption":"Affaire de financement de campagne de Nicolas Sarkozy par la Libye : Le fils de Gu\u00e9ant interrog\u00e9"},{"@type":"BreadcrumbList","@id":"https:\/\/www.webdo.tn\/fr\/actualite\/international\/affaire-de-financement-de-campagne-de-nicolas-sarkozy-par-la-libye-le-fils-de-gueant-interroge\/184166\/#breadcrumb","itemListElement":[{"@type":"ListItem","position":1,"name":"Accueil","item":"https:\/\/www.webdo.tn\/fr\/"},{"@type":"ListItem","position":2,"name":"Affaire de financement de campagne de Nicolas Sarkozy par la Libye : Le fils de Gu\u00e9ant interrog\u00e9"}]},{"@type":"WebSite","@id":"https:\/\/www.webdo.tn\/fr\/#website","url":"https:\/\/www.webdo.tn\/fr\/","name":"webdo","description":"Tunisie - News en Tunisie et \u00e0 l&#039;international sur Webdo.tn","publisher":{"@id":"https:\/\/www.webdo.tn\/fr\/#organization"},"potentialAction":[{"@type":"SearchAction","target":{"@type":"EntryPoint","urlTemplate":"https:\/\/www.webdo.tn\/fr\/?s={search_term_string}"},"query-input":{"@type":"PropertyValueSpecification","valueRequired":true,"valueName":"search_term_string"}}],"inLanguage":"fr-FR"},{"@type":"Organization","@id":"https:\/\/www.webdo.tn\/fr\/#organization","name":"Webdo","alternateName":"Webdo.tn","url":"https:\/\/www.webdo.tn\/fr\/","logo":{"@type":"ImageObject","inLanguage":"fr-FR","@id":"https:\/\/www.webdo.tn\/fr\/#\/schema\/logo\/image\/","url":"https:\/\/www.webdo.tn\/fr\/wp-content\/uploads\/2025\/06\/Webdo-Tunisie_168377.jpg","contentUrl":"https:\/\/www.webdo.tn\/fr\/wp-content\/uploads\/2025\/06\/Webdo-Tunisie_168377.jpg","width":301,"height":301,"caption":"Webdo"},"image":{"@id":"https:\/\/www.webdo.tn\/fr\/#\/schema\/logo\/image\/"},"sameAs":["https:\/\/www.facebook.com\/webdotn","https:\/\/x.com\/webdo_tn"],"description":"Webdo est un m\u00e9dia num\u00e9rique tunisien fond\u00e9 en 2010, sp\u00e9cialis\u00e9 dans l\u2019actualit\u00e9 nationale et internationale, l\u2019\u00e9conomie, la soci\u00e9t\u00e9 et les analyses politiques. Le site s\u2019adresse \u00e0 un large public francophone et couvre l\u2019information tunisienne en temps r\u00e9el.","email":"redac@webdo.tn","legalName":"YNJ SARL","foundingDate":"2010-09-06","numberOfEmployees":{"@type":"QuantitativeValue","minValue":"11","maxValue":"50"}},{"@type":"Person","@id":"https:\/\/www.webdo.tn\/fr\/#\/schema\/person\/9a9c6118d687c117df8ef3cc36a4d175","name":"webdo.tn","image":{"@type":"ImageObject","inLanguage":"fr-FR","@id":"https:\/\/secure.gravatar.com\/avatar\/7ce1f28c0c3bbac99ff550b85ef8e44a6950c6ee24514fb6a5489e51d06f0298?s=96&d=mm&r=g","url":"https:\/\/secure.gravatar.com\/avatar\/7ce1f28c0c3bbac99ff550b85ef8e44a6950c6ee24514fb6a5489e51d06f0298?s=96&d=mm&r=g","contentUrl":"https:\/\/secure.gravatar.com\/avatar\/7ce1f28c0c3bbac99ff550b85ef8e44a6950c6ee24514fb6a5489e51d06f0298?s=96&d=mm&r=g","caption":"webdo.tn"},"url":"https:\/\/www.webdo.tn\/fr\/actualite\/author\/webdotn\/"}]}},"_links":{"self":[{"href":"https:\/\/www.webdo.tn\/fr\/wp-json\/wp\/v2\/posts\/184166","targetHints":{"allow":["GET"]}}],"collection":[{"href":"https:\/\/www.webdo.tn\/fr\/wp-json\/wp\/v2\/posts"}],"about":[{"href":"https:\/\/www.webdo.tn\/fr\/wp-json\/wp\/v2\/types\/post"}],"author":[{"embeddable":true,"href":"https:\/\/www.webdo.tn\/fr\/wp-json\/wp\/v2\/users\/3222"}],"replies":[{"embeddable":true,"href":"https:\/\/www.webdo.tn\/fr\/wp-json\/wp\/v2\/comments?post=184166"}],"version-history":[{"count":0,"href":"https:\/\/www.webdo.tn\/fr\/wp-json\/wp\/v2\/posts\/184166\/revisions"}],"wp:featuredmedia":[{"embeddable":true,"href":"https:\/\/www.webdo.tn\/fr\/wp-json\/wp\/v2\/media\/373034"}],"wp:attachment":[{"href":"https:\/\/www.webdo.tn\/fr\/wp-json\/wp\/v2\/media?parent=184166"}],"wp:term":[{"taxonomy":"category","embeddable":true,"href":"https:\/\/www.webdo.tn\/fr\/wp-json\/wp\/v2\/categories?post=184166"},{"taxonomy":"post_tag","embeddable":true,"href":"https:\/\/www.webdo.tn\/fr\/wp-json\/wp\/v2\/tags?post=184166"}],"curies":[{"name":"wp","href":"https:\/\/api.w.org\/{rel}","templated":true}]}}