{"id":184164,"date":"2015-04-02T12:19:00","date_gmt":"2015-04-02T12:19:00","guid":{"rendered":"https:\/\/www.webdo.tn\/fr\/blog\/la-palestine-etat-partie-au-statut-de-rome-ceremonie-a-la-cour-penale-internationale\/184164\/"},"modified":"2025-05-19T10:19:00","modified_gmt":"2025-05-19T10:19:00","slug":"la-palestine-etat-partie-au-statut-de-rome-ceremonie-a-la-cour-penale-internationale","status":"publish","type":"post","link":"https:\/\/www.webdo.tn\/fr\/actualite\/international\/la-palestine-etat-partie-au-statut-de-rome-ceremonie-a-la-cour-penale-internationale\/184164\/","title":{"rendered":"La Palestine enfin \u00c9tat partie au Statut de Rome : C\u00e9r\u00e9monie \u00e0 la Cour P\u00e9nale Internationale"},"content":{"rendered":"<p>[dropcap]L[\/dropcap]a Haye |\u00ab Aujourd&rsquo;hui, alors que la Palestine devient officiellement un \u00c9tat partie au Statut de Rome, le monde a fait un pas de plus vers la fin d&rsquo;une longue \u00e8re d&rsquo;impunit\u00e9 et d&rsquo;injustice. En effet, ce jour nous rapproche de nos objectifs communs de justice et de paix, \u00bb a d\u00e9clar\u00e9 le Ministre des Affaires \u00e9trang\u00e8res de la Palestine Dr Riad Al-Malki ce mercredi 1er avril.<\/p>\n<p>\u00a0<\/p>\n<p>[quote_box_right]<br \/>\nLe Statut de Rome d\u00e9finit les r\u00e8gles de fonctionnement \u00e9l\u00e9mentaire de la Cour p\u00e9nale internationale (CPI) ayant un pouvoir juridictionnel sur des crimes internationaux dont les crimes contre l&rsquo;humanit\u00e9, les crimes de guerre et les g\u00e9nocides commis par des ressortissants ou des \u00c9tats signataires sur leur territoire. Il a \u00e9t\u00e9 adopt\u00e9 le 17 juillet 1998, \u00e0 Rome en Italie.<br \/>\n[\/quote_box_right]<\/p>\n<p>C&rsquo;est lors d&rsquo;une c\u00e9r\u00e9monie que la Cour p\u00e9nale internationale (CPI) a c\u00e9l\u00e9br\u00e9 \u00e0 son si\u00e8ge de La Haye aux Pays-Bas) l&rsquo;admission de l&rsquo;Etat de Palestine en tant que 123\u00e8me \u00c9tat partie au Statut de Rome, le trait\u00e9 fondateur de la CPI.<br \/>\n#ICC welcomes Palestine as a new State Party http:\/\/t.co\/jLoqJEYqaw pic.twitter.com\/v2sB6joNUQ<\/p>\n<p>\u2014 Int&rsquo;l Criminal Court (@IntlCrimCourt) 1 Avril 2015<\/p>\n<p>Le Pr\u00e9sident de l&rsquo;Assembl\u00e9e des \u00c9tats Parties Sidiki Kaba ainsi que plusieurs juges de la CPI, du Procureur adjoint de la CPI James Stewart, et du Greffier de la CPI Herman von Hebel \u00e9taient pr\u00e9sents.<\/p>\n<p>[pull_quote_center]<br \/>\n\u00ab L&rsquo;adh\u00e9sion \u00e0 un trait\u00e9 n&rsquo;est, bien s\u00fbr, qu&rsquo;une premi\u00e8re \u00e9tape. Du fait de l&rsquo;entr\u00e9e en vigueur du Statut de Rome pour l&rsquo;\u00c9tat de la Palestine aujourd&rsquo;hui, la Palestine acquiert tous les droits ainsi que les responsabilit\u00e9s d\u00e9coulant du fait d&rsquo;\u00eatre un Etat partie au Statut. Ce sont des engagements de fond, qui ne peuvent pas \u00eatre pris \u00e0 la l\u00e9g\u00e8re \u00bb, a indiqu\u00e9 la juge Kuniko Ozaki<br \/>\n[\/pull_quote_center]<\/p>\n<p>L\u2019adh\u00e9sion de l\u2019Autorit\u00e9 palestinienne \u00e0 la Cour p\u00e9nale internationale ouvre les portes \u00e0 une confrontation juridique avec Isra\u00ebl, les Palestiniens ayant l&rsquo;intention d&rsquo;y faire juger les dirigeants isra\u00e9liens pour crimes de guerre ou crimes li\u00e9s \u00e0 l&rsquo;occupation, de poursuivre ses leaders politiques et militaires en tant que criminels de guerre devant les tribunaux internationaux.<\/p>\n","protected":false},"excerpt":{"rendered":"<p>La Palestine enfin \u00c9tat partie au Statut de Rome : C\u00e9r\u00e9monie \u00e0 la Cour P\u00e9nale Internationale<\/p>\n","protected":false},"author":3222,"featured_media":373031,"comment_status":"open","ping_status":"closed","sticky":false,"template":"","format":"standard","meta":{"footnotes":""},"categories":[2598],"tags":[2600],"class_list":["post-184164","post","type-post","status-publish","format-standard","has-post-thumbnail","hentry","category-international","tag-guerre"],"yoast_head":"<!-- This site is optimized with the Yoast SEO Premium plugin v27.5 (Yoast SEO v27.5) - https:\/\/yoast.com\/product\/yoast-seo-premium-wordpress\/ -->\n<title>La Palestine enfin \u00c9tat partie au Statut de Rome : C\u00e9r\u00e9monie \u00e0 la Cour P\u00e9nale Internationale<\/title>\n<meta name=\"description\" content=\"La Palestine enfin \u00c9tat partie au Statut de Rome : C\u00e9r\u00e9monie \u00e0 la Cour P\u00e9nale Internationale\" \/>\n<link rel=\"canonical\" href=\"https:\/\/www.webdo.tn\/fr\/actualite\/international\/la-palestine-etat-partie-au-statut-de-rome-ceremonie-a-la-cour-penale-internationale\/184164\/\" \/>\n<meta property=\"og:locale\" content=\"fr_FR\" \/>\n<meta property=\"og:type\" content=\"article\" \/>\n<meta property=\"og:title\" content=\"La Palestine enfin \u00c9tat partie au Statut de Rome : C\u00e9r\u00e9monie \u00e0 la Cour P\u00e9nale Internationale\" \/>\n<meta property=\"og:description\" content=\"La Palestine enfin \u00c9tat partie au Statut de Rome : C\u00e9r\u00e9monie \u00e0 la Cour P\u00e9nale Internationale\" \/>\n<meta property=\"og:url\" content=\"https:\/\/www.webdo.tn\/fr\/actualite\/international\/la-palestine-etat-partie-au-statut-de-rome-ceremonie-a-la-cour-penale-internationale\/184164\/\" \/>\n<meta property=\"og:site_name\" content=\"webdo\" \/>\n<meta property=\"article:publisher\" content=\"https:\/\/www.facebook.com\/webdotn\" \/>\n<meta property=\"article:published_time\" content=\"2015-04-02T12:19:00+00:00\" \/>\n<meta property=\"article:modified_time\" content=\"2025-05-19T10:19:00+00:00\" \/>\n<meta name=\"author\" content=\"webdo.tn\" \/>\n<meta name=\"twitter:card\" content=\"summary_large_image\" \/>\n<meta name=\"twitter:creator\" content=\"@webdo_tn\" \/>\n<meta name=\"twitter:site\" content=\"@webdo_tn\" \/>\n<meta name=\"twitter:label1\" content=\"\u00c9crit par\" \/>\n\t<meta name=\"twitter:data1\" content=\"webdo.tn\" \/>\n\t<meta name=\"twitter:label2\" content=\"Dur\u00e9e de lecture estim\u00e9e\" \/>\n\t<meta name=\"twitter:data2\" content=\"2 minutes\" \/>\n<script type=\"application\/ld+json\" class=\"yoast-schema-graph\">{\"@context\":\"https:\\\/\\\/schema.org\",\"@graph\":[{\"@type\":\"NewsArticle\",\"@id\":\"https:\\\/\\\/www.webdo.tn\\\/fr\\\/actualite\\\/international\\\/la-palestine-etat-partie-au-statut-de-rome-ceremonie-a-la-cour-penale-internationale\\\/184164\\\/#article\",\"isPartOf\":{\"@id\":\"https:\\\/\\\/www.webdo.tn\\\/fr\\\/actualite\\\/international\\\/la-palestine-etat-partie-au-statut-de-rome-ceremonie-a-la-cour-penale-internationale\\\/184164\\\/\"},\"author\":{\"name\":\"webdo.tn\",\"@id\":\"https:\\\/\\\/www.webdo.tn\\\/fr\\\/#\\\/schema\\\/person\\\/9a9c6118d687c117df8ef3cc36a4d175\"},\"headline\":\"La Palestine enfin \u00c9tat partie au Statut de Rome : C\u00e9r\u00e9monie \u00e0 la Cour P\u00e9nale Internationale\",\"datePublished\":\"2015-04-02T12:19:00+00:00\",\"dateModified\":\"2025-05-19T10:19:00+00:00\",\"mainEntityOfPage\":{\"@id\":\"https:\\\/\\\/www.webdo.tn\\\/fr\\\/actualite\\\/international\\\/la-palestine-etat-partie-au-statut-de-rome-ceremonie-a-la-cour-penale-internationale\\\/184164\\\/\"},\"wordCount\":418,\"commentCount\":0,\"publisher\":{\"@id\":\"https:\\\/\\\/www.webdo.tn\\\/fr\\\/#organization\"},\"image\":{\"@id\":\"https:\\\/\\\/www.webdo.tn\\\/fr\\\/actualite\\\/international\\\/la-palestine-etat-partie-au-statut-de-rome-ceremonie-a-la-cour-penale-internationale\\\/184164\\\/#primaryimage\"},\"thumbnailUrl\":\"https:\\\/\\\/www.webdo.tn\\\/fr\\\/wp-content\\\/uploads\\\/2025\\\/06\\\/Capture-decran-2015-04-02-a-12.27.28-300x166_184164.png\",\"keywords\":[\"guerre\"],\"articleSection\":[\"International\"],\"inLanguage\":\"fr-FR\"},{\"@type\":\"WebPage\",\"@id\":\"https:\\\/\\\/www.webdo.tn\\\/fr\\\/actualite\\\/international\\\/la-palestine-etat-partie-au-statut-de-rome-ceremonie-a-la-cour-penale-internationale\\\/184164\\\/\",\"url\":\"https:\\\/\\\/www.webdo.tn\\\/fr\\\/actualite\\\/international\\\/la-palestine-etat-partie-au-statut-de-rome-ceremonie-a-la-cour-penale-internationale\\\/184164\\\/\",\"name\":\"La Palestine enfin \u00c9tat partie au Statut de Rome : C\u00e9r\u00e9monie \u00e0 la Cour P\u00e9nale Internationale\",\"isPartOf\":{\"@id\":\"https:\\\/\\\/www.webdo.tn\\\/fr\\\/#website\"},\"primaryImageOfPage\":{\"@id\":\"https:\\\/\\\/www.webdo.tn\\\/fr\\\/actualite\\\/international\\\/la-palestine-etat-partie-au-statut-de-rome-ceremonie-a-la-cour-penale-internationale\\\/184164\\\/#primaryimage\"},\"image\":{\"@id\":\"https:\\\/\\\/www.webdo.tn\\\/fr\\\/actualite\\\/international\\\/la-palestine-etat-partie-au-statut-de-rome-ceremonie-a-la-cour-penale-internationale\\\/184164\\\/#primaryimage\"},\"thumbnailUrl\":\"https:\\\/\\\/www.webdo.tn\\\/fr\\\/wp-content\\\/uploads\\\/2025\\\/06\\\/Capture-decran-2015-04-02-a-12.27.28-300x166_184164.png\",\"datePublished\":\"2015-04-02T12:19:00+00:00\",\"dateModified\":\"2025-05-19T10:19:00+00:00\",\"description\":\"La Palestine enfin \u00c9tat partie au Statut de Rome : C\u00e9r\u00e9monie \u00e0 la Cour P\u00e9nale Internationale\",\"breadcrumb\":{\"@id\":\"https:\\\/\\\/www.webdo.tn\\\/fr\\\/actualite\\\/international\\\/la-palestine-etat-partie-au-statut-de-rome-ceremonie-a-la-cour-penale-internationale\\\/184164\\\/#breadcrumb\"},\"inLanguage\":\"fr-FR\",\"potentialAction\":[{\"@type\":\"ReadAction\",\"target\":[\"https:\\\/\\\/www.webdo.tn\\\/fr\\\/actualite\\\/international\\\/la-palestine-etat-partie-au-statut-de-rome-ceremonie-a-la-cour-penale-internationale\\\/184164\\\/\"]}]},{\"@type\":\"ImageObject\",\"inLanguage\":\"fr-FR\",\"@id\":\"https:\\\/\\\/www.webdo.tn\\\/fr\\\/actualite\\\/international\\\/la-palestine-etat-partie-au-statut-de-rome-ceremonie-a-la-cour-penale-internationale\\\/184164\\\/#primaryimage\",\"url\":\"https:\\\/\\\/www.webdo.tn\\\/fr\\\/wp-content\\\/uploads\\\/2025\\\/06\\\/Capture-decran-2015-04-02-a-12.27.28-300x166_184164.png\",\"contentUrl\":\"https:\\\/\\\/www.webdo.tn\\\/fr\\\/wp-content\\\/uploads\\\/2025\\\/06\\\/Capture-decran-2015-04-02-a-12.27.28-300x166_184164.png\",\"width\":300,\"height\":166,\"caption\":\"La Palestine enfin \u00c9tat partie au Statut de Rome : C\u00e9r\u00e9monie \u00e0 la Cour P\u00e9nale Internationale\"},{\"@type\":\"BreadcrumbList\",\"@id\":\"https:\\\/\\\/www.webdo.tn\\\/fr\\\/actualite\\\/international\\\/la-palestine-etat-partie-au-statut-de-rome-ceremonie-a-la-cour-penale-internationale\\\/184164\\\/#breadcrumb\",\"itemListElement\":[{\"@type\":\"ListItem\",\"position\":1,\"name\":\"Accueil\",\"item\":\"https:\\\/\\\/www.webdo.tn\\\/fr\\\/\"},{\"@type\":\"ListItem\",\"position\":2,\"name\":\"La Palestine enfin \u00c9tat partie au Statut de Rome : C\u00e9r\u00e9monie \u00e0 la Cour P\u00e9nale Internationale\"}]},{\"@type\":\"WebSite\",\"@id\":\"https:\\\/\\\/www.webdo.tn\\\/fr\\\/#website\",\"url\":\"https:\\\/\\\/www.webdo.tn\\\/fr\\\/\",\"name\":\"webdo\",\"description\":\"Tunisie - News en Tunisie et \u00e0 l&#039;international sur Webdo.tn\",\"publisher\":{\"@id\":\"https:\\\/\\\/www.webdo.tn\\\/fr\\\/#organization\"},\"potentialAction\":[{\"@type\":\"SearchAction\",\"target\":{\"@type\":\"EntryPoint\",\"urlTemplate\":\"https:\\\/\\\/www.webdo.tn\\\/fr\\\/?s={search_term_string}\"},\"query-input\":{\"@type\":\"PropertyValueSpecification\",\"valueRequired\":true,\"valueName\":\"search_term_string\"}}],\"inLanguage\":\"fr-FR\"},{\"@type\":\"Organization\",\"@id\":\"https:\\\/\\\/www.webdo.tn\\\/fr\\\/#organization\",\"name\":\"Webdo\",\"alternateName\":\"Webdo.tn\",\"url\":\"https:\\\/\\\/www.webdo.tn\\\/fr\\\/\",\"logo\":{\"@type\":\"ImageObject\",\"inLanguage\":\"fr-FR\",\"@id\":\"https:\\\/\\\/www.webdo.tn\\\/fr\\\/#\\\/schema\\\/logo\\\/image\\\/\",\"url\":\"https:\\\/\\\/www.webdo.tn\\\/fr\\\/wp-content\\\/uploads\\\/2025\\\/06\\\/Webdo-Tunisie_168377.jpg\",\"contentUrl\":\"https:\\\/\\\/www.webdo.tn\\\/fr\\\/wp-content\\\/uploads\\\/2025\\\/06\\\/Webdo-Tunisie_168377.jpg\",\"width\":301,\"height\":301,\"caption\":\"Webdo\"},\"image\":{\"@id\":\"https:\\\/\\\/www.webdo.tn\\\/fr\\\/#\\\/schema\\\/logo\\\/image\\\/\"},\"sameAs\":[\"https:\\\/\\\/www.facebook.com\\\/webdotn\",\"https:\\\/\\\/x.com\\\/webdo_tn\"],\"description\":\"Webdo est un m\u00e9dia num\u00e9rique tunisien fond\u00e9 en 2010, sp\u00e9cialis\u00e9 dans l\u2019actualit\u00e9 nationale et internationale, l\u2019\u00e9conomie, la soci\u00e9t\u00e9 et les analyses politiques. Le site s\u2019adresse \u00e0 un large public francophone et couvre l\u2019information tunisienne en temps r\u00e9el.\",\"email\":\"redac@webdo.tn\",\"legalName\":\"YNJ SARL\",\"foundingDate\":\"2010-09-06\",\"numberOfEmployees\":{\"@type\":\"QuantitativeValue\",\"minValue\":\"11\",\"maxValue\":\"50\"}},{\"@type\":\"Person\",\"@id\":\"https:\\\/\\\/www.webdo.tn\\\/fr\\\/#\\\/schema\\\/person\\\/9a9c6118d687c117df8ef3cc36a4d175\",\"name\":\"webdo.tn\",\"image\":{\"@type\":\"ImageObject\",\"inLanguage\":\"fr-FR\",\"@id\":\"https:\\\/\\\/secure.gravatar.com\\\/avatar\\\/7ce1f28c0c3bbac99ff550b85ef8e44a6950c6ee24514fb6a5489e51d06f0298?s=96&d=mm&r=g\",\"url\":\"https:\\\/\\\/secure.gravatar.com\\\/avatar\\\/7ce1f28c0c3bbac99ff550b85ef8e44a6950c6ee24514fb6a5489e51d06f0298?s=96&d=mm&r=g\",\"contentUrl\":\"https:\\\/\\\/secure.gravatar.com\\\/avatar\\\/7ce1f28c0c3bbac99ff550b85ef8e44a6950c6ee24514fb6a5489e51d06f0298?s=96&d=mm&r=g\",\"caption\":\"webdo.tn\"},\"url\":\"https:\\\/\\\/www.webdo.tn\\\/fr\\\/actualite\\\/author\\\/webdotn\\\/\"}]}<\/script>\n<!-- \/ Yoast SEO Premium plugin. -->","yoast_head_json":{"title":"La Palestine enfin \u00c9tat partie au Statut de Rome : C\u00e9r\u00e9monie \u00e0 la Cour P\u00e9nale Internationale","description":"La Palestine enfin \u00c9tat partie au Statut de Rome : C\u00e9r\u00e9monie \u00e0 la Cour P\u00e9nale Internationale","canonical":"https:\/\/www.webdo.tn\/fr\/actualite\/international\/la-palestine-etat-partie-au-statut-de-rome-ceremonie-a-la-cour-penale-internationale\/184164\/","og_locale":"fr_FR","og_type":"article","og_title":"La Palestine enfin \u00c9tat partie au Statut de Rome : C\u00e9r\u00e9monie \u00e0 la Cour P\u00e9nale Internationale","og_description":"La Palestine enfin \u00c9tat partie au Statut de Rome : C\u00e9r\u00e9monie \u00e0 la Cour P\u00e9nale Internationale","og_url":"https:\/\/www.webdo.tn\/fr\/actualite\/international\/la-palestine-etat-partie-au-statut-de-rome-ceremonie-a-la-cour-penale-internationale\/184164\/","og_site_name":"webdo","article_publisher":"https:\/\/www.facebook.com\/webdotn","article_published_time":"2015-04-02T12:19:00+00:00","article_modified_time":"2025-05-19T10:19:00+00:00","author":"webdo.tn","twitter_card":"summary_large_image","twitter_creator":"@webdo_tn","twitter_site":"@webdo_tn","twitter_misc":{"\u00c9crit par":"webdo.tn","Dur\u00e9e de lecture estim\u00e9e":"2 minutes"},"schema":{"@context":"https:\/\/schema.org","@graph":[{"@type":"NewsArticle","@id":"https:\/\/www.webdo.tn\/fr\/actualite\/international\/la-palestine-etat-partie-au-statut-de-rome-ceremonie-a-la-cour-penale-internationale\/184164\/#article","isPartOf":{"@id":"https:\/\/www.webdo.tn\/fr\/actualite\/international\/la-palestine-etat-partie-au-statut-de-rome-ceremonie-a-la-cour-penale-internationale\/184164\/"},"author":{"name":"webdo.tn","@id":"https:\/\/www.webdo.tn\/fr\/#\/schema\/person\/9a9c6118d687c117df8ef3cc36a4d175"},"headline":"La Palestine enfin \u00c9tat partie au Statut de Rome : C\u00e9r\u00e9monie \u00e0 la Cour P\u00e9nale Internationale","datePublished":"2015-04-02T12:19:00+00:00","dateModified":"2025-05-19T10:19:00+00:00","mainEntityOfPage":{"@id":"https:\/\/www.webdo.tn\/fr\/actualite\/international\/la-palestine-etat-partie-au-statut-de-rome-ceremonie-a-la-cour-penale-internationale\/184164\/"},"wordCount":418,"commentCount":0,"publisher":{"@id":"https:\/\/www.webdo.tn\/fr\/#organization"},"image":{"@id":"https:\/\/www.webdo.tn\/fr\/actualite\/international\/la-palestine-etat-partie-au-statut-de-rome-ceremonie-a-la-cour-penale-internationale\/184164\/#primaryimage"},"thumbnailUrl":"https:\/\/www.webdo.tn\/fr\/wp-content\/uploads\/2025\/06\/Capture-decran-2015-04-02-a-12.27.28-300x166_184164.png","keywords":["guerre"],"articleSection":["International"],"inLanguage":"fr-FR"},{"@type":"WebPage","@id":"https:\/\/www.webdo.tn\/fr\/actualite\/international\/la-palestine-etat-partie-au-statut-de-rome-ceremonie-a-la-cour-penale-internationale\/184164\/","url":"https:\/\/www.webdo.tn\/fr\/actualite\/international\/la-palestine-etat-partie-au-statut-de-rome-ceremonie-a-la-cour-penale-internationale\/184164\/","name":"La Palestine enfin \u00c9tat partie au Statut de Rome : C\u00e9r\u00e9monie \u00e0 la Cour P\u00e9nale Internationale","isPartOf":{"@id":"https:\/\/www.webdo.tn\/fr\/#website"},"primaryImageOfPage":{"@id":"https:\/\/www.webdo.tn\/fr\/actualite\/international\/la-palestine-etat-partie-au-statut-de-rome-ceremonie-a-la-cour-penale-internationale\/184164\/#primaryimage"},"image":{"@id":"https:\/\/www.webdo.tn\/fr\/actualite\/international\/la-palestine-etat-partie-au-statut-de-rome-ceremonie-a-la-cour-penale-internationale\/184164\/#primaryimage"},"thumbnailUrl":"https:\/\/www.webdo.tn\/fr\/wp-content\/uploads\/2025\/06\/Capture-decran-2015-04-02-a-12.27.28-300x166_184164.png","datePublished":"2015-04-02T12:19:00+00:00","dateModified":"2025-05-19T10:19:00+00:00","description":"La Palestine enfin \u00c9tat partie au Statut de Rome : C\u00e9r\u00e9monie \u00e0 la Cour P\u00e9nale Internationale","breadcrumb":{"@id":"https:\/\/www.webdo.tn\/fr\/actualite\/international\/la-palestine-etat-partie-au-statut-de-rome-ceremonie-a-la-cour-penale-internationale\/184164\/#breadcrumb"},"inLanguage":"fr-FR","potentialAction":[{"@type":"ReadAction","target":["https:\/\/www.webdo.tn\/fr\/actualite\/international\/la-palestine-etat-partie-au-statut-de-rome-ceremonie-a-la-cour-penale-internationale\/184164\/"]}]},{"@type":"ImageObject","inLanguage":"fr-FR","@id":"https:\/\/www.webdo.tn\/fr\/actualite\/international\/la-palestine-etat-partie-au-statut-de-rome-ceremonie-a-la-cour-penale-internationale\/184164\/#primaryimage","url":"https:\/\/www.webdo.tn\/fr\/wp-content\/uploads\/2025\/06\/Capture-decran-2015-04-02-a-12.27.28-300x166_184164.png","contentUrl":"https:\/\/www.webdo.tn\/fr\/wp-content\/uploads\/2025\/06\/Capture-decran-2015-04-02-a-12.27.28-300x166_184164.png","width":300,"height":166,"caption":"La Palestine enfin \u00c9tat partie au Statut de Rome : C\u00e9r\u00e9monie \u00e0 la Cour P\u00e9nale Internationale"},{"@type":"BreadcrumbList","@id":"https:\/\/www.webdo.tn\/fr\/actualite\/international\/la-palestine-etat-partie-au-statut-de-rome-ceremonie-a-la-cour-penale-internationale\/184164\/#breadcrumb","itemListElement":[{"@type":"ListItem","position":1,"name":"Accueil","item":"https:\/\/www.webdo.tn\/fr\/"},{"@type":"ListItem","position":2,"name":"La Palestine enfin \u00c9tat partie au Statut de Rome : C\u00e9r\u00e9monie \u00e0 la Cour P\u00e9nale Internationale"}]},{"@type":"WebSite","@id":"https:\/\/www.webdo.tn\/fr\/#website","url":"https:\/\/www.webdo.tn\/fr\/","name":"webdo","description":"Tunisie - News en Tunisie et \u00e0 l&#039;international sur Webdo.tn","publisher":{"@id":"https:\/\/www.webdo.tn\/fr\/#organization"},"potentialAction":[{"@type":"SearchAction","target":{"@type":"EntryPoint","urlTemplate":"https:\/\/www.webdo.tn\/fr\/?s={search_term_string}"},"query-input":{"@type":"PropertyValueSpecification","valueRequired":true,"valueName":"search_term_string"}}],"inLanguage":"fr-FR"},{"@type":"Organization","@id":"https:\/\/www.webdo.tn\/fr\/#organization","name":"Webdo","alternateName":"Webdo.tn","url":"https:\/\/www.webdo.tn\/fr\/","logo":{"@type":"ImageObject","inLanguage":"fr-FR","@id":"https:\/\/www.webdo.tn\/fr\/#\/schema\/logo\/image\/","url":"https:\/\/www.webdo.tn\/fr\/wp-content\/uploads\/2025\/06\/Webdo-Tunisie_168377.jpg","contentUrl":"https:\/\/www.webdo.tn\/fr\/wp-content\/uploads\/2025\/06\/Webdo-Tunisie_168377.jpg","width":301,"height":301,"caption":"Webdo"},"image":{"@id":"https:\/\/www.webdo.tn\/fr\/#\/schema\/logo\/image\/"},"sameAs":["https:\/\/www.facebook.com\/webdotn","https:\/\/x.com\/webdo_tn"],"description":"Webdo est un m\u00e9dia num\u00e9rique tunisien fond\u00e9 en 2010, sp\u00e9cialis\u00e9 dans l\u2019actualit\u00e9 nationale et internationale, l\u2019\u00e9conomie, la soci\u00e9t\u00e9 et les analyses politiques. Le site s\u2019adresse \u00e0 un large public francophone et couvre l\u2019information tunisienne en temps r\u00e9el.","email":"redac@webdo.tn","legalName":"YNJ SARL","foundingDate":"2010-09-06","numberOfEmployees":{"@type":"QuantitativeValue","minValue":"11","maxValue":"50"}},{"@type":"Person","@id":"https:\/\/www.webdo.tn\/fr\/#\/schema\/person\/9a9c6118d687c117df8ef3cc36a4d175","name":"webdo.tn","image":{"@type":"ImageObject","inLanguage":"fr-FR","@id":"https:\/\/secure.gravatar.com\/avatar\/7ce1f28c0c3bbac99ff550b85ef8e44a6950c6ee24514fb6a5489e51d06f0298?s=96&d=mm&r=g","url":"https:\/\/secure.gravatar.com\/avatar\/7ce1f28c0c3bbac99ff550b85ef8e44a6950c6ee24514fb6a5489e51d06f0298?s=96&d=mm&r=g","contentUrl":"https:\/\/secure.gravatar.com\/avatar\/7ce1f28c0c3bbac99ff550b85ef8e44a6950c6ee24514fb6a5489e51d06f0298?s=96&d=mm&r=g","caption":"webdo.tn"},"url":"https:\/\/www.webdo.tn\/fr\/actualite\/author\/webdotn\/"}]}},"_links":{"self":[{"href":"https:\/\/www.webdo.tn\/fr\/wp-json\/wp\/v2\/posts\/184164","targetHints":{"allow":["GET"]}}],"collection":[{"href":"https:\/\/www.webdo.tn\/fr\/wp-json\/wp\/v2\/posts"}],"about":[{"href":"https:\/\/www.webdo.tn\/fr\/wp-json\/wp\/v2\/types\/post"}],"author":[{"embeddable":true,"href":"https:\/\/www.webdo.tn\/fr\/wp-json\/wp\/v2\/users\/3222"}],"replies":[{"embeddable":true,"href":"https:\/\/www.webdo.tn\/fr\/wp-json\/wp\/v2\/comments?post=184164"}],"version-history":[{"count":0,"href":"https:\/\/www.webdo.tn\/fr\/wp-json\/wp\/v2\/posts\/184164\/revisions"}],"wp:featuredmedia":[{"embeddable":true,"href":"https:\/\/www.webdo.tn\/fr\/wp-json\/wp\/v2\/media\/373031"}],"wp:attachment":[{"href":"https:\/\/www.webdo.tn\/fr\/wp-json\/wp\/v2\/media?parent=184164"}],"wp:term":[{"taxonomy":"category","embeddable":true,"href":"https:\/\/www.webdo.tn\/fr\/wp-json\/wp\/v2\/categories?post=184164"},{"taxonomy":"post_tag","embeddable":true,"href":"https:\/\/www.webdo.tn\/fr\/wp-json\/wp\/v2\/tags?post=184164"}],"curies":[{"name":"wp","href":"https:\/\/api.w.org\/{rel}","templated":true}]}}