{"id":184162,"date":"2015-04-08T10:19:00","date_gmt":"2015-04-08T10:19:00","guid":{"rendered":"https:\/\/www.webdo.tn\/fr\/blog\/cheb-khaled-condamne-pour-avoir-plagie-cheb-rabah-en-sappropriant-didi\/184162\/"},"modified":"2015-04-08T10:19:00","modified_gmt":"2015-04-08T10:19:00","slug":"cheb-khaled-condamne-pour-avoir-plagie-cheb-rabah-en-sappropriant-didi","status":"publish","type":"post","link":"https:\/\/www.webdo.tn\/fr\/actualite\/international\/cheb-khaled-condamne-pour-avoir-plagie-cheb-rabah-en-sappropriant-didi\/184162\/","title":{"rendered":"Cheb Khaled condamn\u00e9 pour avoir plagi\u00e9 le tube \u00ab\u00a0Didi\u00a0\u00bb"},"content":{"rendered":"<p>Apr\u00e8s 24 ans, il s&rsquo;av\u00e8re que la chanson \u00ab\u00a0Didi\u00a0\u00bb qui a marqu\u00e9 toute une g\u00e9n\u00e9ration n&rsquo;\u00e9tait qu&rsquo;un plagiat. Le tribunal de grande instance de Paris a condamn\u00e9, en effet, ce mardi 7 avril, le chanteur alg\u00e9rien Cheb Khaled pour avoir plagi\u00e9\u00a0Rabah Zeradine dit Cheb Rabah en s&rsquo;appropriant la chanson \u00ab\u00a0Didi\u00a0\u00bb, l&rsquo;un de ses tubes.<\/p>\n<p>Cheb Khaled, 55 ans, \u00e0 \u00e9t\u00e9 \u00e9galement condamn\u00e9 \u00e0 restituer \u00e0 Cheb Rabah les droits d&rsquo;auteurs per\u00e7us pour la composition musicale de \u00ab\u00a0Didi\u00a0\u00bb, commercialis\u00e9e \u00e0 partir de 1991, mais pour une p\u00e9riode post\u00e9rieure \u00e0 juin 2003.<\/p>\n<p>Cheb Khaled devra payer une somme de 100.000 euros, en r\u00e9paration de son pr\u00e9judice moral, et une somme de 100.000 euros, en r\u00e9paration des atteintes \u00e0 son droit moral d&rsquo;auteur \u00e0 Rabah Zeradine dit Cheb Rabah, dont le tribunal consid\u00e8re qu&rsquo;il\u00a0\u00ab\u00a0avait perdu une chance de gagner en notori\u00e9t\u00e9 importante du fait du succ\u00e8s de la chanson.\u00a0\u00bb<\/p>\n","protected":false},"excerpt":{"rendered":"<p>Cheb Khaled condamn\u00e9 pour avoir plagi\u00e9 le tube  Didi<\/p>\n","protected":false},"author":3222,"featured_media":335703,"comment_status":"open","ping_status":"closed","sticky":false,"template":"","format":"standard","meta":{"footnotes":""},"categories":[2598],"tags":[2600],"class_list":["post-184162","post","type-post","status-publish","format-standard","has-post-thumbnail","hentry","category-international","tag-guerre"],"yoast_head":"<!-- This site is optimized with the Yoast SEO Premium plugin v27.5 (Yoast SEO v27.5) - https:\/\/yoast.com\/product\/yoast-seo-premium-wordpress\/ -->\n<title>Cheb Khaled condamn\u00e9 pour avoir plagi\u00e9 le tube Didi<\/title>\n<meta name=\"description\" content=\"Cheb Khaled condamn\u00e9 pour avoir plagi\u00e9 le tube Didi\" \/>\n<link rel=\"canonical\" href=\"https:\/\/www.webdo.tn\/fr\/actualite\/international\/cheb-khaled-condamne-pour-avoir-plagie-cheb-rabah-en-sappropriant-didi\/184162\/\" \/>\n<meta property=\"og:locale\" content=\"fr_FR\" \/>\n<meta property=\"og:type\" content=\"article\" \/>\n<meta property=\"og:title\" content=\"Cheb Khaled condamn\u00e9 pour avoir plagi\u00e9 le tube &quot;Didi&quot;\" \/>\n<meta property=\"og:description\" content=\"Cheb Khaled condamn\u00e9 pour avoir plagi\u00e9 le tube Didi\" \/>\n<meta property=\"og:url\" content=\"https:\/\/www.webdo.tn\/fr\/actualite\/international\/cheb-khaled-condamne-pour-avoir-plagie-cheb-rabah-en-sappropriant-didi\/184162\/\" \/>\n<meta property=\"og:site_name\" content=\"webdo\" \/>\n<meta property=\"article:publisher\" content=\"https:\/\/www.facebook.com\/webdotn\" \/>\n<meta property=\"article:published_time\" content=\"2015-04-08T10:19:00+00:00\" \/>\n<meta property=\"og:image\" content=\"https:\/\/www.webdo.tn\/fr\/wp-content\/uploads\/2015\/04\/webdo_default-81.jpg\" \/>\n\t<meta property=\"og:image:width\" content=\"800\" \/>\n\t<meta property=\"og:image:height\" content=\"500\" \/>\n\t<meta property=\"og:image:type\" content=\"image\/jpeg\" \/>\n<meta name=\"author\" content=\"webdo.tn\" \/>\n<meta name=\"twitter:card\" content=\"summary_large_image\" \/>\n<meta name=\"twitter:creator\" content=\"@webdo_tn\" \/>\n<meta name=\"twitter:site\" content=\"@webdo_tn\" \/>\n<meta name=\"twitter:label1\" content=\"\u00c9crit par\" \/>\n\t<meta name=\"twitter:data1\" content=\"webdo.tn\" \/>\n\t<meta name=\"twitter:label2\" content=\"Dur\u00e9e de lecture estim\u00e9e\" \/>\n\t<meta name=\"twitter:data2\" content=\"1 minute\" \/>\n<script type=\"application\/ld+json\" class=\"yoast-schema-graph\">{\"@context\":\"https:\\\/\\\/schema.org\",\"@graph\":[{\"@type\":\"NewsArticle\",\"@id\":\"https:\\\/\\\/www.webdo.tn\\\/fr\\\/actualite\\\/international\\\/cheb-khaled-condamne-pour-avoir-plagie-cheb-rabah-en-sappropriant-didi\\\/184162\\\/#article\",\"isPartOf\":{\"@id\":\"https:\\\/\\\/www.webdo.tn\\\/fr\\\/actualite\\\/international\\\/cheb-khaled-condamne-pour-avoir-plagie-cheb-rabah-en-sappropriant-didi\\\/184162\\\/\"},\"author\":{\"name\":\"webdo.tn\",\"@id\":\"https:\\\/\\\/www.webdo.tn\\\/fr\\\/#\\\/schema\\\/person\\\/9a9c6118d687c117df8ef3cc36a4d175\"},\"headline\":\"Cheb Khaled condamn\u00e9 pour avoir plagi\u00e9 le tube \u00ab\u00a0Didi\u00a0\u00bb\",\"datePublished\":\"2015-04-08T10:19:00+00:00\",\"mainEntityOfPage\":{\"@id\":\"https:\\\/\\\/www.webdo.tn\\\/fr\\\/actualite\\\/international\\\/cheb-khaled-condamne-pour-avoir-plagie-cheb-rabah-en-sappropriant-didi\\\/184162\\\/\"},\"wordCount\":166,\"commentCount\":0,\"publisher\":{\"@id\":\"https:\\\/\\\/www.webdo.tn\\\/fr\\\/#organization\"},\"image\":{\"@id\":\"https:\\\/\\\/www.webdo.tn\\\/fr\\\/actualite\\\/international\\\/cheb-khaled-condamne-pour-avoir-plagie-cheb-rabah-en-sappropriant-didi\\\/184162\\\/#primaryimage\"},\"thumbnailUrl\":\"https:\\\/\\\/www.webdo.tn\\\/fr\\\/wp-content\\\/uploads\\\/2015\\\/04\\\/webdo_default-81.jpg\",\"keywords\":[\"guerre\"],\"articleSection\":[\"International\"],\"inLanguage\":\"fr-FR\"},{\"@type\":\"WebPage\",\"@id\":\"https:\\\/\\\/www.webdo.tn\\\/fr\\\/actualite\\\/international\\\/cheb-khaled-condamne-pour-avoir-plagie-cheb-rabah-en-sappropriant-didi\\\/184162\\\/\",\"url\":\"https:\\\/\\\/www.webdo.tn\\\/fr\\\/actualite\\\/international\\\/cheb-khaled-condamne-pour-avoir-plagie-cheb-rabah-en-sappropriant-didi\\\/184162\\\/\",\"name\":\"Cheb Khaled condamn\u00e9 pour avoir plagi\u00e9 le tube Didi\",\"isPartOf\":{\"@id\":\"https:\\\/\\\/www.webdo.tn\\\/fr\\\/#website\"},\"primaryImageOfPage\":{\"@id\":\"https:\\\/\\\/www.webdo.tn\\\/fr\\\/actualite\\\/international\\\/cheb-khaled-condamne-pour-avoir-plagie-cheb-rabah-en-sappropriant-didi\\\/184162\\\/#primaryimage\"},\"image\":{\"@id\":\"https:\\\/\\\/www.webdo.tn\\\/fr\\\/actualite\\\/international\\\/cheb-khaled-condamne-pour-avoir-plagie-cheb-rabah-en-sappropriant-didi\\\/184162\\\/#primaryimage\"},\"thumbnailUrl\":\"https:\\\/\\\/www.webdo.tn\\\/fr\\\/wp-content\\\/uploads\\\/2015\\\/04\\\/webdo_default-81.jpg\",\"datePublished\":\"2015-04-08T10:19:00+00:00\",\"description\":\"Cheb Khaled condamn\u00e9 pour avoir plagi\u00e9 le tube Didi\",\"breadcrumb\":{\"@id\":\"https:\\\/\\\/www.webdo.tn\\\/fr\\\/actualite\\\/international\\\/cheb-khaled-condamne-pour-avoir-plagie-cheb-rabah-en-sappropriant-didi\\\/184162\\\/#breadcrumb\"},\"inLanguage\":\"fr-FR\",\"potentialAction\":[{\"@type\":\"ReadAction\",\"target\":[\"https:\\\/\\\/www.webdo.tn\\\/fr\\\/actualite\\\/international\\\/cheb-khaled-condamne-pour-avoir-plagie-cheb-rabah-en-sappropriant-didi\\\/184162\\\/\"]}]},{\"@type\":\"ImageObject\",\"inLanguage\":\"fr-FR\",\"@id\":\"https:\\\/\\\/www.webdo.tn\\\/fr\\\/actualite\\\/international\\\/cheb-khaled-condamne-pour-avoir-plagie-cheb-rabah-en-sappropriant-didi\\\/184162\\\/#primaryimage\",\"url\":\"https:\\\/\\\/www.webdo.tn\\\/fr\\\/wp-content\\\/uploads\\\/2015\\\/04\\\/webdo_default-81.jpg\",\"contentUrl\":\"https:\\\/\\\/www.webdo.tn\\\/fr\\\/wp-content\\\/uploads\\\/2015\\\/04\\\/webdo_default-81.jpg\",\"width\":800,\"height\":500,\"caption\":\"Cheb Khaled condamn\u00e9 pour avoir plagi\u00e9 le tube \\\"Didi\\\"\"},{\"@type\":\"BreadcrumbList\",\"@id\":\"https:\\\/\\\/www.webdo.tn\\\/fr\\\/actualite\\\/international\\\/cheb-khaled-condamne-pour-avoir-plagie-cheb-rabah-en-sappropriant-didi\\\/184162\\\/#breadcrumb\",\"itemListElement\":[{\"@type\":\"ListItem\",\"position\":1,\"name\":\"Accueil\",\"item\":\"https:\\\/\\\/www.webdo.tn\\\/fr\\\/\"},{\"@type\":\"ListItem\",\"position\":2,\"name\":\"Cheb Khaled condamn\u00e9 pour avoir plagi\u00e9 le tube \u00ab\u00a0Didi\u00a0\u00bb\"}]},{\"@type\":\"WebSite\",\"@id\":\"https:\\\/\\\/www.webdo.tn\\\/fr\\\/#website\",\"url\":\"https:\\\/\\\/www.webdo.tn\\\/fr\\\/\",\"name\":\"webdo\",\"description\":\"Tunisie - News en Tunisie et \u00e0 l&#039;international sur Webdo.tn\",\"publisher\":{\"@id\":\"https:\\\/\\\/www.webdo.tn\\\/fr\\\/#organization\"},\"potentialAction\":[{\"@type\":\"SearchAction\",\"target\":{\"@type\":\"EntryPoint\",\"urlTemplate\":\"https:\\\/\\\/www.webdo.tn\\\/fr\\\/?s={search_term_string}\"},\"query-input\":{\"@type\":\"PropertyValueSpecification\",\"valueRequired\":true,\"valueName\":\"search_term_string\"}}],\"inLanguage\":\"fr-FR\"},{\"@type\":\"Organization\",\"@id\":\"https:\\\/\\\/www.webdo.tn\\\/fr\\\/#organization\",\"name\":\"Webdo\",\"alternateName\":\"Webdo.tn\",\"url\":\"https:\\\/\\\/www.webdo.tn\\\/fr\\\/\",\"logo\":{\"@type\":\"ImageObject\",\"inLanguage\":\"fr-FR\",\"@id\":\"https:\\\/\\\/www.webdo.tn\\\/fr\\\/#\\\/schema\\\/logo\\\/image\\\/\",\"url\":\"https:\\\/\\\/www.webdo.tn\\\/fr\\\/wp-content\\\/uploads\\\/2025\\\/06\\\/Webdo-Tunisie_168377.jpg\",\"contentUrl\":\"https:\\\/\\\/www.webdo.tn\\\/fr\\\/wp-content\\\/uploads\\\/2025\\\/06\\\/Webdo-Tunisie_168377.jpg\",\"width\":301,\"height\":301,\"caption\":\"Webdo\"},\"image\":{\"@id\":\"https:\\\/\\\/www.webdo.tn\\\/fr\\\/#\\\/schema\\\/logo\\\/image\\\/\"},\"sameAs\":[\"https:\\\/\\\/www.facebook.com\\\/webdotn\",\"https:\\\/\\\/x.com\\\/webdo_tn\"],\"description\":\"Webdo est un m\u00e9dia num\u00e9rique tunisien fond\u00e9 en 2010, sp\u00e9cialis\u00e9 dans l\u2019actualit\u00e9 nationale et internationale, l\u2019\u00e9conomie, la soci\u00e9t\u00e9 et les analyses politiques. Le site s\u2019adresse \u00e0 un large public francophone et couvre l\u2019information tunisienne en temps r\u00e9el.\",\"email\":\"redac@webdo.tn\",\"legalName\":\"YNJ SARL\",\"foundingDate\":\"2010-09-06\",\"numberOfEmployees\":{\"@type\":\"QuantitativeValue\",\"minValue\":\"11\",\"maxValue\":\"50\"}},{\"@type\":\"Person\",\"@id\":\"https:\\\/\\\/www.webdo.tn\\\/fr\\\/#\\\/schema\\\/person\\\/9a9c6118d687c117df8ef3cc36a4d175\",\"name\":\"webdo.tn\",\"image\":{\"@type\":\"ImageObject\",\"inLanguage\":\"fr-FR\",\"@id\":\"https:\\\/\\\/secure.gravatar.com\\\/avatar\\\/7ce1f28c0c3bbac99ff550b85ef8e44a6950c6ee24514fb6a5489e51d06f0298?s=96&d=mm&r=g\",\"url\":\"https:\\\/\\\/secure.gravatar.com\\\/avatar\\\/7ce1f28c0c3bbac99ff550b85ef8e44a6950c6ee24514fb6a5489e51d06f0298?s=96&d=mm&r=g\",\"contentUrl\":\"https:\\\/\\\/secure.gravatar.com\\\/avatar\\\/7ce1f28c0c3bbac99ff550b85ef8e44a6950c6ee24514fb6a5489e51d06f0298?s=96&d=mm&r=g\",\"caption\":\"webdo.tn\"},\"url\":\"https:\\\/\\\/www.webdo.tn\\\/fr\\\/actualite\\\/author\\\/webdotn\\\/\"}]}<\/script>\n<!-- \/ Yoast SEO Premium plugin. -->","yoast_head_json":{"title":"Cheb Khaled condamn\u00e9 pour avoir plagi\u00e9 le tube Didi","description":"Cheb Khaled condamn\u00e9 pour avoir plagi\u00e9 le tube Didi","canonical":"https:\/\/www.webdo.tn\/fr\/actualite\/international\/cheb-khaled-condamne-pour-avoir-plagie-cheb-rabah-en-sappropriant-didi\/184162\/","og_locale":"fr_FR","og_type":"article","og_title":"Cheb Khaled condamn\u00e9 pour avoir plagi\u00e9 le tube \"Didi\"","og_description":"Cheb Khaled condamn\u00e9 pour avoir plagi\u00e9 le tube Didi","og_url":"https:\/\/www.webdo.tn\/fr\/actualite\/international\/cheb-khaled-condamne-pour-avoir-plagie-cheb-rabah-en-sappropriant-didi\/184162\/","og_site_name":"webdo","article_publisher":"https:\/\/www.facebook.com\/webdotn","article_published_time":"2015-04-08T10:19:00+00:00","og_image":[{"width":800,"height":500,"url":"https:\/\/www.webdo.tn\/fr\/wp-content\/uploads\/2015\/04\/webdo_default-81.jpg","type":"image\/jpeg"}],"author":"webdo.tn","twitter_card":"summary_large_image","twitter_creator":"@webdo_tn","twitter_site":"@webdo_tn","twitter_misc":{"\u00c9crit par":"webdo.tn","Dur\u00e9e de lecture estim\u00e9e":"1 minute"},"schema":{"@context":"https:\/\/schema.org","@graph":[{"@type":"NewsArticle","@id":"https:\/\/www.webdo.tn\/fr\/actualite\/international\/cheb-khaled-condamne-pour-avoir-plagie-cheb-rabah-en-sappropriant-didi\/184162\/#article","isPartOf":{"@id":"https:\/\/www.webdo.tn\/fr\/actualite\/international\/cheb-khaled-condamne-pour-avoir-plagie-cheb-rabah-en-sappropriant-didi\/184162\/"},"author":{"name":"webdo.tn","@id":"https:\/\/www.webdo.tn\/fr\/#\/schema\/person\/9a9c6118d687c117df8ef3cc36a4d175"},"headline":"Cheb Khaled condamn\u00e9 pour avoir plagi\u00e9 le tube \u00ab\u00a0Didi\u00a0\u00bb","datePublished":"2015-04-08T10:19:00+00:00","mainEntityOfPage":{"@id":"https:\/\/www.webdo.tn\/fr\/actualite\/international\/cheb-khaled-condamne-pour-avoir-plagie-cheb-rabah-en-sappropriant-didi\/184162\/"},"wordCount":166,"commentCount":0,"publisher":{"@id":"https:\/\/www.webdo.tn\/fr\/#organization"},"image":{"@id":"https:\/\/www.webdo.tn\/fr\/actualite\/international\/cheb-khaled-condamne-pour-avoir-plagie-cheb-rabah-en-sappropriant-didi\/184162\/#primaryimage"},"thumbnailUrl":"https:\/\/www.webdo.tn\/fr\/wp-content\/uploads\/2015\/04\/webdo_default-81.jpg","keywords":["guerre"],"articleSection":["International"],"inLanguage":"fr-FR"},{"@type":"WebPage","@id":"https:\/\/www.webdo.tn\/fr\/actualite\/international\/cheb-khaled-condamne-pour-avoir-plagie-cheb-rabah-en-sappropriant-didi\/184162\/","url":"https:\/\/www.webdo.tn\/fr\/actualite\/international\/cheb-khaled-condamne-pour-avoir-plagie-cheb-rabah-en-sappropriant-didi\/184162\/","name":"Cheb Khaled condamn\u00e9 pour avoir plagi\u00e9 le tube Didi","isPartOf":{"@id":"https:\/\/www.webdo.tn\/fr\/#website"},"primaryImageOfPage":{"@id":"https:\/\/www.webdo.tn\/fr\/actualite\/international\/cheb-khaled-condamne-pour-avoir-plagie-cheb-rabah-en-sappropriant-didi\/184162\/#primaryimage"},"image":{"@id":"https:\/\/www.webdo.tn\/fr\/actualite\/international\/cheb-khaled-condamne-pour-avoir-plagie-cheb-rabah-en-sappropriant-didi\/184162\/#primaryimage"},"thumbnailUrl":"https:\/\/www.webdo.tn\/fr\/wp-content\/uploads\/2015\/04\/webdo_default-81.jpg","datePublished":"2015-04-08T10:19:00+00:00","description":"Cheb Khaled condamn\u00e9 pour avoir plagi\u00e9 le tube Didi","breadcrumb":{"@id":"https:\/\/www.webdo.tn\/fr\/actualite\/international\/cheb-khaled-condamne-pour-avoir-plagie-cheb-rabah-en-sappropriant-didi\/184162\/#breadcrumb"},"inLanguage":"fr-FR","potentialAction":[{"@type":"ReadAction","target":["https:\/\/www.webdo.tn\/fr\/actualite\/international\/cheb-khaled-condamne-pour-avoir-plagie-cheb-rabah-en-sappropriant-didi\/184162\/"]}]},{"@type":"ImageObject","inLanguage":"fr-FR","@id":"https:\/\/www.webdo.tn\/fr\/actualite\/international\/cheb-khaled-condamne-pour-avoir-plagie-cheb-rabah-en-sappropriant-didi\/184162\/#primaryimage","url":"https:\/\/www.webdo.tn\/fr\/wp-content\/uploads\/2015\/04\/webdo_default-81.jpg","contentUrl":"https:\/\/www.webdo.tn\/fr\/wp-content\/uploads\/2015\/04\/webdo_default-81.jpg","width":800,"height":500,"caption":"Cheb Khaled condamn\u00e9 pour avoir plagi\u00e9 le tube \"Didi\""},{"@type":"BreadcrumbList","@id":"https:\/\/www.webdo.tn\/fr\/actualite\/international\/cheb-khaled-condamne-pour-avoir-plagie-cheb-rabah-en-sappropriant-didi\/184162\/#breadcrumb","itemListElement":[{"@type":"ListItem","position":1,"name":"Accueil","item":"https:\/\/www.webdo.tn\/fr\/"},{"@type":"ListItem","position":2,"name":"Cheb Khaled condamn\u00e9 pour avoir plagi\u00e9 le tube \u00ab\u00a0Didi\u00a0\u00bb"}]},{"@type":"WebSite","@id":"https:\/\/www.webdo.tn\/fr\/#website","url":"https:\/\/www.webdo.tn\/fr\/","name":"webdo","description":"Tunisie - News en Tunisie et \u00e0 l&#039;international sur Webdo.tn","publisher":{"@id":"https:\/\/www.webdo.tn\/fr\/#organization"},"potentialAction":[{"@type":"SearchAction","target":{"@type":"EntryPoint","urlTemplate":"https:\/\/www.webdo.tn\/fr\/?s={search_term_string}"},"query-input":{"@type":"PropertyValueSpecification","valueRequired":true,"valueName":"search_term_string"}}],"inLanguage":"fr-FR"},{"@type":"Organization","@id":"https:\/\/www.webdo.tn\/fr\/#organization","name":"Webdo","alternateName":"Webdo.tn","url":"https:\/\/www.webdo.tn\/fr\/","logo":{"@type":"ImageObject","inLanguage":"fr-FR","@id":"https:\/\/www.webdo.tn\/fr\/#\/schema\/logo\/image\/","url":"https:\/\/www.webdo.tn\/fr\/wp-content\/uploads\/2025\/06\/Webdo-Tunisie_168377.jpg","contentUrl":"https:\/\/www.webdo.tn\/fr\/wp-content\/uploads\/2025\/06\/Webdo-Tunisie_168377.jpg","width":301,"height":301,"caption":"Webdo"},"image":{"@id":"https:\/\/www.webdo.tn\/fr\/#\/schema\/logo\/image\/"},"sameAs":["https:\/\/www.facebook.com\/webdotn","https:\/\/x.com\/webdo_tn"],"description":"Webdo est un m\u00e9dia num\u00e9rique tunisien fond\u00e9 en 2010, sp\u00e9cialis\u00e9 dans l\u2019actualit\u00e9 nationale et internationale, l\u2019\u00e9conomie, la soci\u00e9t\u00e9 et les analyses politiques. Le site s\u2019adresse \u00e0 un large public francophone et couvre l\u2019information tunisienne en temps r\u00e9el.","email":"redac@webdo.tn","legalName":"YNJ SARL","foundingDate":"2010-09-06","numberOfEmployees":{"@type":"QuantitativeValue","minValue":"11","maxValue":"50"}},{"@type":"Person","@id":"https:\/\/www.webdo.tn\/fr\/#\/schema\/person\/9a9c6118d687c117df8ef3cc36a4d175","name":"webdo.tn","image":{"@type":"ImageObject","inLanguage":"fr-FR","@id":"https:\/\/secure.gravatar.com\/avatar\/7ce1f28c0c3bbac99ff550b85ef8e44a6950c6ee24514fb6a5489e51d06f0298?s=96&d=mm&r=g","url":"https:\/\/secure.gravatar.com\/avatar\/7ce1f28c0c3bbac99ff550b85ef8e44a6950c6ee24514fb6a5489e51d06f0298?s=96&d=mm&r=g","contentUrl":"https:\/\/secure.gravatar.com\/avatar\/7ce1f28c0c3bbac99ff550b85ef8e44a6950c6ee24514fb6a5489e51d06f0298?s=96&d=mm&r=g","caption":"webdo.tn"},"url":"https:\/\/www.webdo.tn\/fr\/actualite\/author\/webdotn\/"}]}},"_links":{"self":[{"href":"https:\/\/www.webdo.tn\/fr\/wp-json\/wp\/v2\/posts\/184162","targetHints":{"allow":["GET"]}}],"collection":[{"href":"https:\/\/www.webdo.tn\/fr\/wp-json\/wp\/v2\/posts"}],"about":[{"href":"https:\/\/www.webdo.tn\/fr\/wp-json\/wp\/v2\/types\/post"}],"author":[{"embeddable":true,"href":"https:\/\/www.webdo.tn\/fr\/wp-json\/wp\/v2\/users\/3222"}],"replies":[{"embeddable":true,"href":"https:\/\/www.webdo.tn\/fr\/wp-json\/wp\/v2\/comments?post=184162"}],"version-history":[{"count":0,"href":"https:\/\/www.webdo.tn\/fr\/wp-json\/wp\/v2\/posts\/184162\/revisions"}],"wp:featuredmedia":[{"embeddable":true,"href":"https:\/\/www.webdo.tn\/fr\/wp-json\/wp\/v2\/media\/335703"}],"wp:attachment":[{"href":"https:\/\/www.webdo.tn\/fr\/wp-json\/wp\/v2\/media?parent=184162"}],"wp:term":[{"taxonomy":"category","embeddable":true,"href":"https:\/\/www.webdo.tn\/fr\/wp-json\/wp\/v2\/categories?post=184162"},{"taxonomy":"post_tag","embeddable":true,"href":"https:\/\/www.webdo.tn\/fr\/wp-json\/wp\/v2\/tags?post=184162"}],"curies":[{"name":"wp","href":"https:\/\/api.w.org\/{rel}","templated":true}]}}