{"id":184161,"date":"2015-04-09T10:07:00","date_gmt":"2015-04-09T10:07:00","guid":{"rendered":"https:\/\/www.webdo.tn\/fr\/blog\/attaque-de-grande-envergure-contre-tv5-monde-par-cybercaliphate\/184161\/"},"modified":"2015-04-09T10:07:00","modified_gmt":"2015-04-09T10:07:00","slug":"attaque-de-grande-envergure-contre-tv5-monde-par-cybercaliphate","status":"publish","type":"post","link":"https:\/\/www.webdo.tn\/fr\/actualite\/international\/attaque-de-grande-envergure-contre-tv5-monde-par-cybercaliphate\/184161\/","title":{"rendered":"Le groupe t\u00e9l\u00e9vis\u00e9 fran\u00e7ais TV5 Monde attaqu\u00e9 par \u00ab\u00a0cybercaliphate\u00a0\u00bb"},"content":{"rendered":"<p>Les cha\u00eenes, le site web et plusieurs pages Twitter et Facebook de TV5 Monde ont \u00e9t\u00e9 victimes hier soir, mercredi 8 avril, d&rsquo;une attaque informatique. Le ou les pirates ont baptis\u00e9 leur attaque \u00ab\u00a0cybercaliphate\u00a0\u00bb, se revendiquant du c\u00f4te de l&rsquo;Etat islamique. Le syst\u00e8me informatique interne a \u00e9t\u00e9 interrompu, et les programmes ont suivi. L&rsquo;\u00e9quipe du groupe t\u00e9l\u00e9vis\u00e9 fran\u00e7ais n&rsquo;avait plus acc\u00e8s \u00e0 la\u00a0messagerie.<\/p>\n<p>\u00a0<\/p>\n<p>Vers 22 heures, les programmes ont \u00e9t\u00e9 interrompu. En riposte, TV5 monde a \u00ab\u00a0d\u00e9sactiv\u00e9\u00a0\u00bb son site pour ne pas laisser libre court aux pirates. Facebook et Twitter de TV5 Monde n&rsquo;ont pu \u00eatre r\u00e9cup\u00e9r\u00e9s que plus tard dans la nuit.<\/p>\n<p>H\u00e9l\u00e8ne Zemmour, Directrice du num\u00e9rique de TV5 Monde a indiqu\u00e9\u00a0\u00e0 francetvinfo que cette attaque est une premi\u00e8re, en trente ans.<br \/>\n[pull_quote_center]Nous avons subi une attaque historique, d&rsquo;une ampleur in\u00e9dite en trente ans. Toutes nos antennes, qui \u00e9mettent dans le monde entier, sont tomb\u00e9es. Le piratage a commenc\u00e9 peu apr\u00e8s 22 heures par les r\u00e9seaux sociaux, puis un message \u00e9crit en fran\u00e7ais, en arabe et en anglais a remplac\u00e9 la page d&rsquo;accueil de notre site internet. On pouvait y lire des menaces envers notre cha\u00eene, et une glorification de la charia. Ce m\u00eame message \u00e9tait relay\u00e9 en notre nom sur les r\u00e9seaux sociaux.[\/pull_quote_center]<\/p>\n<p>L&rsquo;attaque qu&rsquo;a subie @TV5MONDE est in\u00e9dite et de grande envergure. L&rsquo;enqu\u00eate en dira plus tr\u00e8s bient\u00f4t et nos antennes seront r\u00e9tablies.<\/p>\n<p>\u2014 H\u00e9l\u00e8ne Zemmour (@hzemmour) 8 Avril 2015<br \/>\nUne enqu\u00eate sera ouverte pour comprendre ce qui s&rsquo;est pass\u00e9 explique Mme Zemmour, sans savoir vraiment les motifs de cette attaque.<\/p>\n","protected":false},"excerpt":{"rendered":"<p>Le groupe t\u00e9l\u00e9vis\u00e9 fran\u00e7ais TV5 Monde attaqu\u00e9 par  cybercaliphate<\/p>\n","protected":false},"author":3222,"featured_media":373018,"comment_status":"open","ping_status":"closed","sticky":false,"template":"","format":"standard","meta":{"footnotes":""},"categories":[2598],"tags":[2600],"class_list":["post-184161","post","type-post","status-publish","format-standard","has-post-thumbnail","hentry","category-international","tag-guerre"],"yoast_head":"<!-- This site is optimized with the Yoast SEO Premium plugin v27.5 (Yoast SEO v27.5) - https:\/\/yoast.com\/product\/yoast-seo-premium-wordpress\/ -->\n<title>Le groupe t\u00e9l\u00e9vis\u00e9 fran\u00e7ais TV5 Monde attaqu\u00e9 par cybercaliphate<\/title>\n<meta name=\"description\" content=\"Le groupe t\u00e9l\u00e9vis\u00e9 fran\u00e7ais TV5 Monde attaqu\u00e9 par cybercaliphate\" \/>\n<link rel=\"canonical\" href=\"https:\/\/www.webdo.tn\/fr\/actualite\/international\/attaque-de-grande-envergure-contre-tv5-monde-par-cybercaliphate\/184161\/\" \/>\n<meta property=\"og:locale\" content=\"fr_FR\" \/>\n<meta property=\"og:type\" content=\"article\" \/>\n<meta property=\"og:title\" content=\"Le groupe t\u00e9l\u00e9vis\u00e9 fran\u00e7ais TV5 Monde attaqu\u00e9 par &quot;cybercaliphate&quot;\" \/>\n<meta property=\"og:description\" content=\"Le groupe t\u00e9l\u00e9vis\u00e9 fran\u00e7ais TV5 Monde attaqu\u00e9 par cybercaliphate\" \/>\n<meta property=\"og:url\" content=\"https:\/\/www.webdo.tn\/fr\/actualite\/international\/attaque-de-grande-envergure-contre-tv5-monde-par-cybercaliphate\/184161\/\" \/>\n<meta property=\"og:site_name\" content=\"webdo\" \/>\n<meta property=\"article:publisher\" content=\"https:\/\/www.facebook.com\/webdotn\" \/>\n<meta property=\"article:published_time\" content=\"2015-04-09T10:07:00+00:00\" \/>\n<meta name=\"author\" content=\"webdo.tn\" \/>\n<meta name=\"twitter:card\" content=\"summary_large_image\" \/>\n<meta name=\"twitter:creator\" content=\"@webdo_tn\" \/>\n<meta name=\"twitter:site\" content=\"@webdo_tn\" \/>\n<meta name=\"twitter:label1\" content=\"\u00c9crit par\" \/>\n\t<meta name=\"twitter:data1\" content=\"webdo.tn\" \/>\n\t<meta name=\"twitter:label2\" content=\"Dur\u00e9e de lecture estim\u00e9e\" \/>\n\t<meta name=\"twitter:data2\" content=\"1 minute\" \/>\n<script type=\"application\/ld+json\" class=\"yoast-schema-graph\">{\"@context\":\"https:\\\/\\\/schema.org\",\"@graph\":[{\"@type\":\"NewsArticle\",\"@id\":\"https:\\\/\\\/www.webdo.tn\\\/fr\\\/actualite\\\/international\\\/attaque-de-grande-envergure-contre-tv5-monde-par-cybercaliphate\\\/184161\\\/#article\",\"isPartOf\":{\"@id\":\"https:\\\/\\\/www.webdo.tn\\\/fr\\\/actualite\\\/international\\\/attaque-de-grande-envergure-contre-tv5-monde-par-cybercaliphate\\\/184161\\\/\"},\"author\":{\"name\":\"webdo.tn\",\"@id\":\"https:\\\/\\\/www.webdo.tn\\\/fr\\\/#\\\/schema\\\/person\\\/9a9c6118d687c117df8ef3cc36a4d175\"},\"headline\":\"Le groupe t\u00e9l\u00e9vis\u00e9 fran\u00e7ais TV5 Monde attaqu\u00e9 par \u00ab\u00a0cybercaliphate\u00a0\u00bb\",\"datePublished\":\"2015-04-09T10:07:00+00:00\",\"mainEntityOfPage\":{\"@id\":\"https:\\\/\\\/www.webdo.tn\\\/fr\\\/actualite\\\/international\\\/attaque-de-grande-envergure-contre-tv5-monde-par-cybercaliphate\\\/184161\\\/\"},\"wordCount\":309,\"commentCount\":0,\"publisher\":{\"@id\":\"https:\\\/\\\/www.webdo.tn\\\/fr\\\/#organization\"},\"image\":{\"@id\":\"https:\\\/\\\/www.webdo.tn\\\/fr\\\/actualite\\\/international\\\/attaque-de-grande-envergure-contre-tv5-monde-par-cybercaliphate\\\/184161\\\/#primaryimage\"},\"thumbnailUrl\":\"https:\\\/\\\/www.webdo.tn\\\/fr\\\/wp-content\\\/uploads\\\/2025\\\/06\\\/Capture-decran-2015-04-09-a-09.56.58-e1428570028664_184161.png\",\"keywords\":[\"guerre\"],\"articleSection\":[\"International\"],\"inLanguage\":\"fr-FR\"},{\"@type\":\"WebPage\",\"@id\":\"https:\\\/\\\/www.webdo.tn\\\/fr\\\/actualite\\\/international\\\/attaque-de-grande-envergure-contre-tv5-monde-par-cybercaliphate\\\/184161\\\/\",\"url\":\"https:\\\/\\\/www.webdo.tn\\\/fr\\\/actualite\\\/international\\\/attaque-de-grande-envergure-contre-tv5-monde-par-cybercaliphate\\\/184161\\\/\",\"name\":\"Le groupe t\u00e9l\u00e9vis\u00e9 fran\u00e7ais TV5 Monde attaqu\u00e9 par cybercaliphate\",\"isPartOf\":{\"@id\":\"https:\\\/\\\/www.webdo.tn\\\/fr\\\/#website\"},\"primaryImageOfPage\":{\"@id\":\"https:\\\/\\\/www.webdo.tn\\\/fr\\\/actualite\\\/international\\\/attaque-de-grande-envergure-contre-tv5-monde-par-cybercaliphate\\\/184161\\\/#primaryimage\"},\"image\":{\"@id\":\"https:\\\/\\\/www.webdo.tn\\\/fr\\\/actualite\\\/international\\\/attaque-de-grande-envergure-contre-tv5-monde-par-cybercaliphate\\\/184161\\\/#primaryimage\"},\"thumbnailUrl\":\"https:\\\/\\\/www.webdo.tn\\\/fr\\\/wp-content\\\/uploads\\\/2025\\\/06\\\/Capture-decran-2015-04-09-a-09.56.58-e1428570028664_184161.png\",\"datePublished\":\"2015-04-09T10:07:00+00:00\",\"description\":\"Le groupe t\u00e9l\u00e9vis\u00e9 fran\u00e7ais TV5 Monde attaqu\u00e9 par cybercaliphate\",\"breadcrumb\":{\"@id\":\"https:\\\/\\\/www.webdo.tn\\\/fr\\\/actualite\\\/international\\\/attaque-de-grande-envergure-contre-tv5-monde-par-cybercaliphate\\\/184161\\\/#breadcrumb\"},\"inLanguage\":\"fr-FR\",\"potentialAction\":[{\"@type\":\"ReadAction\",\"target\":[\"https:\\\/\\\/www.webdo.tn\\\/fr\\\/actualite\\\/international\\\/attaque-de-grande-envergure-contre-tv5-monde-par-cybercaliphate\\\/184161\\\/\"]}]},{\"@type\":\"ImageObject\",\"inLanguage\":\"fr-FR\",\"@id\":\"https:\\\/\\\/www.webdo.tn\\\/fr\\\/actualite\\\/international\\\/attaque-de-grande-envergure-contre-tv5-monde-par-cybercaliphate\\\/184161\\\/#primaryimage\",\"url\":\"https:\\\/\\\/www.webdo.tn\\\/fr\\\/wp-content\\\/uploads\\\/2025\\\/06\\\/Capture-decran-2015-04-09-a-09.56.58-e1428570028664_184161.png\",\"contentUrl\":\"https:\\\/\\\/www.webdo.tn\\\/fr\\\/wp-content\\\/uploads\\\/2025\\\/06\\\/Capture-decran-2015-04-09-a-09.56.58-e1428570028664_184161.png\",\"width\":600,\"height\":331,\"caption\":\"Le groupe t\u00e9l\u00e9vis\u00e9 fran\u00e7ais TV5 Monde attaqu\u00e9 par \\\"cybercaliphate\\\"\"},{\"@type\":\"BreadcrumbList\",\"@id\":\"https:\\\/\\\/www.webdo.tn\\\/fr\\\/actualite\\\/international\\\/attaque-de-grande-envergure-contre-tv5-monde-par-cybercaliphate\\\/184161\\\/#breadcrumb\",\"itemListElement\":[{\"@type\":\"ListItem\",\"position\":1,\"name\":\"Accueil\",\"item\":\"https:\\\/\\\/www.webdo.tn\\\/fr\\\/\"},{\"@type\":\"ListItem\",\"position\":2,\"name\":\"Le groupe t\u00e9l\u00e9vis\u00e9 fran\u00e7ais TV5 Monde attaqu\u00e9 par \u00ab\u00a0cybercaliphate\u00a0\u00bb\"}]},{\"@type\":\"WebSite\",\"@id\":\"https:\\\/\\\/www.webdo.tn\\\/fr\\\/#website\",\"url\":\"https:\\\/\\\/www.webdo.tn\\\/fr\\\/\",\"name\":\"webdo\",\"description\":\"Tunisie - News en Tunisie et \u00e0 l&#039;international sur Webdo.tn\",\"publisher\":{\"@id\":\"https:\\\/\\\/www.webdo.tn\\\/fr\\\/#organization\"},\"potentialAction\":[{\"@type\":\"SearchAction\",\"target\":{\"@type\":\"EntryPoint\",\"urlTemplate\":\"https:\\\/\\\/www.webdo.tn\\\/fr\\\/?s={search_term_string}\"},\"query-input\":{\"@type\":\"PropertyValueSpecification\",\"valueRequired\":true,\"valueName\":\"search_term_string\"}}],\"inLanguage\":\"fr-FR\"},{\"@type\":\"Organization\",\"@id\":\"https:\\\/\\\/www.webdo.tn\\\/fr\\\/#organization\",\"name\":\"Webdo\",\"alternateName\":\"Webdo.tn\",\"url\":\"https:\\\/\\\/www.webdo.tn\\\/fr\\\/\",\"logo\":{\"@type\":\"ImageObject\",\"inLanguage\":\"fr-FR\",\"@id\":\"https:\\\/\\\/www.webdo.tn\\\/fr\\\/#\\\/schema\\\/logo\\\/image\\\/\",\"url\":\"https:\\\/\\\/www.webdo.tn\\\/fr\\\/wp-content\\\/uploads\\\/2025\\\/06\\\/Webdo-Tunisie_168377.jpg\",\"contentUrl\":\"https:\\\/\\\/www.webdo.tn\\\/fr\\\/wp-content\\\/uploads\\\/2025\\\/06\\\/Webdo-Tunisie_168377.jpg\",\"width\":301,\"height\":301,\"caption\":\"Webdo\"},\"image\":{\"@id\":\"https:\\\/\\\/www.webdo.tn\\\/fr\\\/#\\\/schema\\\/logo\\\/image\\\/\"},\"sameAs\":[\"https:\\\/\\\/www.facebook.com\\\/webdotn\",\"https:\\\/\\\/x.com\\\/webdo_tn\"],\"description\":\"Webdo est un m\u00e9dia num\u00e9rique tunisien fond\u00e9 en 2010, sp\u00e9cialis\u00e9 dans l\u2019actualit\u00e9 nationale et internationale, l\u2019\u00e9conomie, la soci\u00e9t\u00e9 et les analyses politiques. Le site s\u2019adresse \u00e0 un large public francophone et couvre l\u2019information tunisienne en temps r\u00e9el.\",\"email\":\"redac@webdo.tn\",\"legalName\":\"YNJ SARL\",\"foundingDate\":\"2010-09-06\",\"numberOfEmployees\":{\"@type\":\"QuantitativeValue\",\"minValue\":\"11\",\"maxValue\":\"50\"}},{\"@type\":\"Person\",\"@id\":\"https:\\\/\\\/www.webdo.tn\\\/fr\\\/#\\\/schema\\\/person\\\/9a9c6118d687c117df8ef3cc36a4d175\",\"name\":\"webdo.tn\",\"image\":{\"@type\":\"ImageObject\",\"inLanguage\":\"fr-FR\",\"@id\":\"https:\\\/\\\/secure.gravatar.com\\\/avatar\\\/7ce1f28c0c3bbac99ff550b85ef8e44a6950c6ee24514fb6a5489e51d06f0298?s=96&d=mm&r=g\",\"url\":\"https:\\\/\\\/secure.gravatar.com\\\/avatar\\\/7ce1f28c0c3bbac99ff550b85ef8e44a6950c6ee24514fb6a5489e51d06f0298?s=96&d=mm&r=g\",\"contentUrl\":\"https:\\\/\\\/secure.gravatar.com\\\/avatar\\\/7ce1f28c0c3bbac99ff550b85ef8e44a6950c6ee24514fb6a5489e51d06f0298?s=96&d=mm&r=g\",\"caption\":\"webdo.tn\"},\"url\":\"https:\\\/\\\/www.webdo.tn\\\/fr\\\/actualite\\\/author\\\/webdotn\\\/\"}]}<\/script>\n<!-- \/ Yoast SEO Premium plugin. -->","yoast_head_json":{"title":"Le groupe t\u00e9l\u00e9vis\u00e9 fran\u00e7ais TV5 Monde attaqu\u00e9 par cybercaliphate","description":"Le groupe t\u00e9l\u00e9vis\u00e9 fran\u00e7ais TV5 Monde attaqu\u00e9 par cybercaliphate","canonical":"https:\/\/www.webdo.tn\/fr\/actualite\/international\/attaque-de-grande-envergure-contre-tv5-monde-par-cybercaliphate\/184161\/","og_locale":"fr_FR","og_type":"article","og_title":"Le groupe t\u00e9l\u00e9vis\u00e9 fran\u00e7ais TV5 Monde attaqu\u00e9 par \"cybercaliphate\"","og_description":"Le groupe t\u00e9l\u00e9vis\u00e9 fran\u00e7ais TV5 Monde attaqu\u00e9 par cybercaliphate","og_url":"https:\/\/www.webdo.tn\/fr\/actualite\/international\/attaque-de-grande-envergure-contre-tv5-monde-par-cybercaliphate\/184161\/","og_site_name":"webdo","article_publisher":"https:\/\/www.facebook.com\/webdotn","article_published_time":"2015-04-09T10:07:00+00:00","author":"webdo.tn","twitter_card":"summary_large_image","twitter_creator":"@webdo_tn","twitter_site":"@webdo_tn","twitter_misc":{"\u00c9crit par":"webdo.tn","Dur\u00e9e de lecture estim\u00e9e":"1 minute"},"schema":{"@context":"https:\/\/schema.org","@graph":[{"@type":"NewsArticle","@id":"https:\/\/www.webdo.tn\/fr\/actualite\/international\/attaque-de-grande-envergure-contre-tv5-monde-par-cybercaliphate\/184161\/#article","isPartOf":{"@id":"https:\/\/www.webdo.tn\/fr\/actualite\/international\/attaque-de-grande-envergure-contre-tv5-monde-par-cybercaliphate\/184161\/"},"author":{"name":"webdo.tn","@id":"https:\/\/www.webdo.tn\/fr\/#\/schema\/person\/9a9c6118d687c117df8ef3cc36a4d175"},"headline":"Le groupe t\u00e9l\u00e9vis\u00e9 fran\u00e7ais TV5 Monde attaqu\u00e9 par \u00ab\u00a0cybercaliphate\u00a0\u00bb","datePublished":"2015-04-09T10:07:00+00:00","mainEntityOfPage":{"@id":"https:\/\/www.webdo.tn\/fr\/actualite\/international\/attaque-de-grande-envergure-contre-tv5-monde-par-cybercaliphate\/184161\/"},"wordCount":309,"commentCount":0,"publisher":{"@id":"https:\/\/www.webdo.tn\/fr\/#organization"},"image":{"@id":"https:\/\/www.webdo.tn\/fr\/actualite\/international\/attaque-de-grande-envergure-contre-tv5-monde-par-cybercaliphate\/184161\/#primaryimage"},"thumbnailUrl":"https:\/\/www.webdo.tn\/fr\/wp-content\/uploads\/2025\/06\/Capture-decran-2015-04-09-a-09.56.58-e1428570028664_184161.png","keywords":["guerre"],"articleSection":["International"],"inLanguage":"fr-FR"},{"@type":"WebPage","@id":"https:\/\/www.webdo.tn\/fr\/actualite\/international\/attaque-de-grande-envergure-contre-tv5-monde-par-cybercaliphate\/184161\/","url":"https:\/\/www.webdo.tn\/fr\/actualite\/international\/attaque-de-grande-envergure-contre-tv5-monde-par-cybercaliphate\/184161\/","name":"Le groupe t\u00e9l\u00e9vis\u00e9 fran\u00e7ais TV5 Monde attaqu\u00e9 par cybercaliphate","isPartOf":{"@id":"https:\/\/www.webdo.tn\/fr\/#website"},"primaryImageOfPage":{"@id":"https:\/\/www.webdo.tn\/fr\/actualite\/international\/attaque-de-grande-envergure-contre-tv5-monde-par-cybercaliphate\/184161\/#primaryimage"},"image":{"@id":"https:\/\/www.webdo.tn\/fr\/actualite\/international\/attaque-de-grande-envergure-contre-tv5-monde-par-cybercaliphate\/184161\/#primaryimage"},"thumbnailUrl":"https:\/\/www.webdo.tn\/fr\/wp-content\/uploads\/2025\/06\/Capture-decran-2015-04-09-a-09.56.58-e1428570028664_184161.png","datePublished":"2015-04-09T10:07:00+00:00","description":"Le groupe t\u00e9l\u00e9vis\u00e9 fran\u00e7ais TV5 Monde attaqu\u00e9 par cybercaliphate","breadcrumb":{"@id":"https:\/\/www.webdo.tn\/fr\/actualite\/international\/attaque-de-grande-envergure-contre-tv5-monde-par-cybercaliphate\/184161\/#breadcrumb"},"inLanguage":"fr-FR","potentialAction":[{"@type":"ReadAction","target":["https:\/\/www.webdo.tn\/fr\/actualite\/international\/attaque-de-grande-envergure-contre-tv5-monde-par-cybercaliphate\/184161\/"]}]},{"@type":"ImageObject","inLanguage":"fr-FR","@id":"https:\/\/www.webdo.tn\/fr\/actualite\/international\/attaque-de-grande-envergure-contre-tv5-monde-par-cybercaliphate\/184161\/#primaryimage","url":"https:\/\/www.webdo.tn\/fr\/wp-content\/uploads\/2025\/06\/Capture-decran-2015-04-09-a-09.56.58-e1428570028664_184161.png","contentUrl":"https:\/\/www.webdo.tn\/fr\/wp-content\/uploads\/2025\/06\/Capture-decran-2015-04-09-a-09.56.58-e1428570028664_184161.png","width":600,"height":331,"caption":"Le groupe t\u00e9l\u00e9vis\u00e9 fran\u00e7ais TV5 Monde attaqu\u00e9 par \"cybercaliphate\""},{"@type":"BreadcrumbList","@id":"https:\/\/www.webdo.tn\/fr\/actualite\/international\/attaque-de-grande-envergure-contre-tv5-monde-par-cybercaliphate\/184161\/#breadcrumb","itemListElement":[{"@type":"ListItem","position":1,"name":"Accueil","item":"https:\/\/www.webdo.tn\/fr\/"},{"@type":"ListItem","position":2,"name":"Le groupe t\u00e9l\u00e9vis\u00e9 fran\u00e7ais TV5 Monde attaqu\u00e9 par \u00ab\u00a0cybercaliphate\u00a0\u00bb"}]},{"@type":"WebSite","@id":"https:\/\/www.webdo.tn\/fr\/#website","url":"https:\/\/www.webdo.tn\/fr\/","name":"webdo","description":"Tunisie - News en Tunisie et \u00e0 l&#039;international sur Webdo.tn","publisher":{"@id":"https:\/\/www.webdo.tn\/fr\/#organization"},"potentialAction":[{"@type":"SearchAction","target":{"@type":"EntryPoint","urlTemplate":"https:\/\/www.webdo.tn\/fr\/?s={search_term_string}"},"query-input":{"@type":"PropertyValueSpecification","valueRequired":true,"valueName":"search_term_string"}}],"inLanguage":"fr-FR"},{"@type":"Organization","@id":"https:\/\/www.webdo.tn\/fr\/#organization","name":"Webdo","alternateName":"Webdo.tn","url":"https:\/\/www.webdo.tn\/fr\/","logo":{"@type":"ImageObject","inLanguage":"fr-FR","@id":"https:\/\/www.webdo.tn\/fr\/#\/schema\/logo\/image\/","url":"https:\/\/www.webdo.tn\/fr\/wp-content\/uploads\/2025\/06\/Webdo-Tunisie_168377.jpg","contentUrl":"https:\/\/www.webdo.tn\/fr\/wp-content\/uploads\/2025\/06\/Webdo-Tunisie_168377.jpg","width":301,"height":301,"caption":"Webdo"},"image":{"@id":"https:\/\/www.webdo.tn\/fr\/#\/schema\/logo\/image\/"},"sameAs":["https:\/\/www.facebook.com\/webdotn","https:\/\/x.com\/webdo_tn"],"description":"Webdo est un m\u00e9dia num\u00e9rique tunisien fond\u00e9 en 2010, sp\u00e9cialis\u00e9 dans l\u2019actualit\u00e9 nationale et internationale, l\u2019\u00e9conomie, la soci\u00e9t\u00e9 et les analyses politiques. Le site s\u2019adresse \u00e0 un large public francophone et couvre l\u2019information tunisienne en temps r\u00e9el.","email":"redac@webdo.tn","legalName":"YNJ SARL","foundingDate":"2010-09-06","numberOfEmployees":{"@type":"QuantitativeValue","minValue":"11","maxValue":"50"}},{"@type":"Person","@id":"https:\/\/www.webdo.tn\/fr\/#\/schema\/person\/9a9c6118d687c117df8ef3cc36a4d175","name":"webdo.tn","image":{"@type":"ImageObject","inLanguage":"fr-FR","@id":"https:\/\/secure.gravatar.com\/avatar\/7ce1f28c0c3bbac99ff550b85ef8e44a6950c6ee24514fb6a5489e51d06f0298?s=96&d=mm&r=g","url":"https:\/\/secure.gravatar.com\/avatar\/7ce1f28c0c3bbac99ff550b85ef8e44a6950c6ee24514fb6a5489e51d06f0298?s=96&d=mm&r=g","contentUrl":"https:\/\/secure.gravatar.com\/avatar\/7ce1f28c0c3bbac99ff550b85ef8e44a6950c6ee24514fb6a5489e51d06f0298?s=96&d=mm&r=g","caption":"webdo.tn"},"url":"https:\/\/www.webdo.tn\/fr\/actualite\/author\/webdotn\/"}]}},"_links":{"self":[{"href":"https:\/\/www.webdo.tn\/fr\/wp-json\/wp\/v2\/posts\/184161","targetHints":{"allow":["GET"]}}],"collection":[{"href":"https:\/\/www.webdo.tn\/fr\/wp-json\/wp\/v2\/posts"}],"about":[{"href":"https:\/\/www.webdo.tn\/fr\/wp-json\/wp\/v2\/types\/post"}],"author":[{"embeddable":true,"href":"https:\/\/www.webdo.tn\/fr\/wp-json\/wp\/v2\/users\/3222"}],"replies":[{"embeddable":true,"href":"https:\/\/www.webdo.tn\/fr\/wp-json\/wp\/v2\/comments?post=184161"}],"version-history":[{"count":0,"href":"https:\/\/www.webdo.tn\/fr\/wp-json\/wp\/v2\/posts\/184161\/revisions"}],"wp:featuredmedia":[{"embeddable":true,"href":"https:\/\/www.webdo.tn\/fr\/wp-json\/wp\/v2\/media\/373018"}],"wp:attachment":[{"href":"https:\/\/www.webdo.tn\/fr\/wp-json\/wp\/v2\/media?parent=184161"}],"wp:term":[{"taxonomy":"category","embeddable":true,"href":"https:\/\/www.webdo.tn\/fr\/wp-json\/wp\/v2\/categories?post=184161"},{"taxonomy":"post_tag","embeddable":true,"href":"https:\/\/www.webdo.tn\/fr\/wp-json\/wp\/v2\/tags?post=184161"}],"curies":[{"name":"wp","href":"https:\/\/api.w.org\/{rel}","templated":true}]}}