{"id":184160,"date":"2015-04-09T11:32:00","date_gmt":"2015-04-09T11:32:00","guid":{"rendered":"https:\/\/www.webdo.tn\/fr\/blog\/dapres-lonu-il-faut-se-preparer-a-une-crise-humanitaire-au-yemen\/184160\/"},"modified":"2015-04-09T11:32:00","modified_gmt":"2015-04-09T11:32:00","slug":"dapres-lonu-il-faut-se-preparer-a-une-crise-humanitaire-au-yemen","status":"publish","type":"post","link":"https:\/\/www.webdo.tn\/fr\/actualite\/international\/dapres-lonu-il-faut-se-preparer-a-une-crise-humanitaire-au-yemen\/184160\/","title":{"rendered":"D&rsquo;apr\u00e8s l&rsquo;ONU, il faut se pr\u00e9parer \u00e0 une crise humanitaire au Y\u00e9men"},"content":{"rendered":"<p>Deux agences humanitaires de l&rsquo;ONU ont tir\u00e9, ce mardi 7 avril, la sonnette d&rsquo;alarme face \u00e0 l&rsquo;augmentation du nombre de victimes civiles au Y\u00e9men, en raison de l&rsquo;intensification des combats durant les derni\u00e8res semaines.<\/p>\n<p>Lors d&rsquo;un point de presse organis\u00e9 \u00e0 Gen\u00e8ve, en Suisse, l&rsquo;Organisation mondiale de la Sant\u00e9 (OMS) a d\u00e9nonc\u00e9 la prise pour cible r\u00e9cente du personnel m\u00e9dical et d&rsquo;installations de sant\u00e9 dans le cadre des combats en cours.<\/p>\n<p>\u00ab Entre le 1er et le 4 avril, trois membres du personnel de sant\u00e9 travaillant pour la Soci\u00e9t\u00e9 du Croissant-Rouge du Y\u00e9men ont \u00e9t\u00e9 tu\u00e9s dans leurs ambulances alors qu&rsquo;ils r\u00e9pondaient \u00e0 des appels. Trois autres ambulances d\u00e9pendant du Minist\u00e8re de la sant\u00e9 publique et de la population ont \u00e9t\u00e9 r\u00e9quisitionn\u00e9es \u00e0 Aden, les 1er et 2 avril derniers, et sont d\u00e9sormais utilis\u00e9es \u00e0 des fins non m\u00e9dicales \u00bb, a d\u00e9plor\u00e9 un porte-parole de l&rsquo;agence, Christian Lindmeier.<\/p>\n<p>Plus globalement, M. Lindmeier a rappel\u00e9 les chiffres alarmants rendus publics la veille par l&rsquo;OMS, faisant \u00e9tat de 549 personnes tu\u00e9es au Y\u00e9men entre le 19 mars et le 3 avril, dont au moins 217 civils.<\/p>\n<p>Le Rapporteur sp\u00e9cial sur les droits de l&rsquo;homme des personnes d\u00e9plac\u00e9es dans leur propre pays, Chaloka Beyani, a exhort\u00e9, ce mercredi 8 avril, la communaut\u00e9 internationale \u00e0 se pr\u00e9parer \u00e0 faire face \u00e0 des d\u00e9placements massifs de population et \u00e0 une crise humanitaire au Y\u00e9men, alors que le pays, d\u00e9chir\u00e9 par le conflit, sombre progressivement dans le chaos.<\/p>\n<p>[pull_quote_center]<\/p>\n<p>\u00ab La communaut\u00e9 internationale doit s&rsquo;attendre au pire. Si les efforts pour parvenir \u00e0 une solution diplomatique restent essentiels, la situation sur le terrain est extr\u00eamement pr\u00e9occupante et la r\u00e9ponse humanitaire doit \u00eatre renforc\u00e9e de toute urgence \u00bb, a d\u00e9clar\u00e9 M. Beyani, tout en saluant les efforts d\u00e9j\u00e0 entrepris par les agences humanitaires.<\/p>\n<p>\u00a0<\/p>\n<p>[\/pull_quote_center]<\/p>\n<p>\u00ab En l&rsquo;absence d&rsquo;une r\u00e9solution rapide, la crise actuelle pourrait conduire \u00e0 des d\u00e9placements massifs en raison des combats violents et des frappes a\u00e9riennes en cours \u00bb, a mis en garde le Rapporteur sp\u00e9cial, ajoutant que plus de 540 personnes ont \u00e9t\u00e9 tu\u00e9es durant les combats dans les deux derni\u00e8res semaines, dont 311 civils, y compris 74 enfants. Au moins 513 civils ont \u00e9galement \u00e9t\u00e9 bless\u00e9s, a-t-il ajout\u00e9, et plus de 100.000 ont \u00e9t\u00e9 d\u00e9plac\u00e9s.<\/p>\n<p>M. Beyani a par ailleurs fermement condamn\u00e9 la prise pour cible de personnes d\u00e9plac\u00e9es lors de raids a\u00e9riens.<\/p>\n<p>\u00ab Le 30 mars, une frappe a\u00e9rienne men\u00e9e contre le camp Al-Mazraq, qui abrite plus de 4.000 personnes d\u00e9plac\u00e9es dans le gouvernorat de Hajjah, au nord du Y\u00e9men, a caus\u00e9 la mort de 25 personnes et en a bless\u00e9 37 autres, dont 12 enfants \u00bb, s&rsquo;est insurg\u00e9 l&rsquo;expert ind\u00e9pendant de l&rsquo;ONU.<\/p>\n<p>Des rapports font \u00e9galement \u00e9tat de bombardements a\u00e9riens contre de nombreux h\u00f4pitaux, \u00e9coles et autres b\u00e2timents civils, ayant notamment entrain\u00e9 des interruptions de l&rsquo;approvisionnement en eau et \u00e9lectricit\u00e9, a d\u00e9plor\u00e9 M. Beyani.<\/p>\n<p>Tout en soulignant la n\u00e9cessit\u00e9 de traduire en justice les responsables de violations des droits de l&rsquo;homme, le Rapporteur sp\u00e9cial a appel\u00e9 toutes les parties \u00e0 fournir aux acteurs humanitaires un acc\u00e8s sans entrave aux civils touch\u00e9s et \u00e0 prot\u00e9ger les personnes d\u00e9plac\u00e9es contre les actes de violence aveugle dont elles font l&rsquo;objet.<\/p>\n<p>De son c\u00f4t\u00e9, le Repr\u00e9sentant du Fonds des Nations Unies pour l&rsquo;enfance (UNICEF) au Y\u00e9men, Julien Harneis, a d\u00e9clar\u00e9 mercredi que le raid a\u00e9rien lanc\u00e9 la veille sur une \u00e9cole dans le gouvernorat d&rsquo;Ibb, qui a tu\u00e9 au moins deux enfants et en a bless\u00e9s deux autres, \u00ab est un rappel brutal des risques \u00e9pouvantables auxquels sont confront\u00e9s les enfants alors que le conflit au Y\u00e9men s&rsquo;intensifie \u00bb.<\/p>\n<p>\u00ab De tels incidents soulignent l&rsquo;urgente n\u00e9cessit\u00e9 pour les parties de trouver une solution pacifique au conflit et de tout faire pour prot\u00e9ger les enfants contre la violence \u00bb, a ajout\u00e9 M. Harneis, pr\u00e9cisant qu&rsquo;il \u00e9tait primordial, afin d&rsquo;y parvenir, de fournir une protection sp\u00e9ciale aux \u00e9coles et aux h\u00f4pitaux.<\/p>\n<p>ONU<\/p>\n","protected":false},"excerpt":{"rendered":"<p>D&rsquo;apr\u00e8s l&rsquo;ONU, il faut se pr\u00e9parer \u00e0 une crise humanitaire au Y\u00e9men<\/p>\n","protected":false},"author":3222,"featured_media":373019,"comment_status":"open","ping_status":"closed","sticky":false,"template":"","format":"standard","meta":{"footnotes":""},"categories":[2598],"tags":[2600],"class_list":["post-184160","post","type-post","status-publish","format-standard","has-post-thumbnail","hentry","category-international","tag-guerre"],"yoast_head":"<!-- This site is optimized with the Yoast SEO Premium plugin v27.5 (Yoast SEO v27.5) - https:\/\/yoast.com\/product\/yoast-seo-premium-wordpress\/ -->\n<title>D&#039;apr\u00e8s l&#039;ONU, il faut se pr\u00e9parer \u00e0 une crise humanitaire au Y\u00e9men<\/title>\n<meta name=\"description\" content=\"D&#039;apr\u00e8s l&#039;ONU, il faut se pr\u00e9parer \u00e0 une crise humanitaire au Y\u00e9men\" \/>\n<link rel=\"canonical\" href=\"https:\/\/www.webdo.tn\/fr\/actualite\/international\/dapres-lonu-il-faut-se-preparer-a-une-crise-humanitaire-au-yemen\/184160\/\" \/>\n<meta property=\"og:locale\" content=\"fr_FR\" \/>\n<meta property=\"og:type\" content=\"article\" \/>\n<meta property=\"og:title\" content=\"D&#039;apr\u00e8s l&#039;ONU, il faut se pr\u00e9parer \u00e0 une crise humanitaire au Y\u00e9men\" \/>\n<meta property=\"og:description\" content=\"D&#039;apr\u00e8s l&#039;ONU, il faut se pr\u00e9parer \u00e0 une crise humanitaire au Y\u00e9men\" \/>\n<meta property=\"og:url\" content=\"https:\/\/www.webdo.tn\/fr\/actualite\/international\/dapres-lonu-il-faut-se-preparer-a-une-crise-humanitaire-au-yemen\/184160\/\" \/>\n<meta property=\"og:site_name\" content=\"webdo\" \/>\n<meta property=\"article:publisher\" content=\"https:\/\/www.facebook.com\/webdotn\" \/>\n<meta property=\"article:published_time\" content=\"2015-04-09T11:32:00+00:00\" \/>\n<meta name=\"author\" content=\"webdo.tn\" \/>\n<meta name=\"twitter:card\" content=\"summary_large_image\" \/>\n<meta name=\"twitter:creator\" content=\"@webdo_tn\" \/>\n<meta name=\"twitter:site\" content=\"@webdo_tn\" \/>\n<meta name=\"twitter:label1\" content=\"\u00c9crit par\" \/>\n\t<meta name=\"twitter:data1\" content=\"webdo.tn\" \/>\n\t<meta name=\"twitter:label2\" content=\"Dur\u00e9e de lecture estim\u00e9e\" \/>\n\t<meta name=\"twitter:data2\" content=\"3 minutes\" \/>\n<script type=\"application\/ld+json\" class=\"yoast-schema-graph\">{\"@context\":\"https:\\\/\\\/schema.org\",\"@graph\":[{\"@type\":\"NewsArticle\",\"@id\":\"https:\\\/\\\/www.webdo.tn\\\/fr\\\/actualite\\\/international\\\/dapres-lonu-il-faut-se-preparer-a-une-crise-humanitaire-au-yemen\\\/184160\\\/#article\",\"isPartOf\":{\"@id\":\"https:\\\/\\\/www.webdo.tn\\\/fr\\\/actualite\\\/international\\\/dapres-lonu-il-faut-se-preparer-a-une-crise-humanitaire-au-yemen\\\/184160\\\/\"},\"author\":{\"name\":\"webdo.tn\",\"@id\":\"https:\\\/\\\/www.webdo.tn\\\/fr\\\/#\\\/schema\\\/person\\\/9a9c6118d687c117df8ef3cc36a4d175\"},\"headline\":\"D&rsquo;apr\u00e8s l&rsquo;ONU, il faut se pr\u00e9parer \u00e0 une crise humanitaire au Y\u00e9men\",\"datePublished\":\"2015-04-09T11:32:00+00:00\",\"mainEntityOfPage\":{\"@id\":\"https:\\\/\\\/www.webdo.tn\\\/fr\\\/actualite\\\/international\\\/dapres-lonu-il-faut-se-preparer-a-une-crise-humanitaire-au-yemen\\\/184160\\\/\"},\"wordCount\":723,\"commentCount\":0,\"publisher\":{\"@id\":\"https:\\\/\\\/www.webdo.tn\\\/fr\\\/#organization\"},\"image\":{\"@id\":\"https:\\\/\\\/www.webdo.tn\\\/fr\\\/actualite\\\/international\\\/dapres-lonu-il-faut-se-preparer-a-une-crise-humanitaire-au-yemen\\\/184160\\\/#primaryimage\"},\"thumbnailUrl\":\"https:\\\/\\\/www.webdo.tn\\\/fr\\\/wp-content\\\/uploads\\\/2025\\\/06\\\/Capture-decran-2015-04-09-a-11.24.30-e1428575230838_184160.png\",\"keywords\":[\"guerre\"],\"articleSection\":[\"International\"],\"inLanguage\":\"fr-FR\"},{\"@type\":\"WebPage\",\"@id\":\"https:\\\/\\\/www.webdo.tn\\\/fr\\\/actualite\\\/international\\\/dapres-lonu-il-faut-se-preparer-a-une-crise-humanitaire-au-yemen\\\/184160\\\/\",\"url\":\"https:\\\/\\\/www.webdo.tn\\\/fr\\\/actualite\\\/international\\\/dapres-lonu-il-faut-se-preparer-a-une-crise-humanitaire-au-yemen\\\/184160\\\/\",\"name\":\"D'apr\u00e8s l'ONU, il faut se pr\u00e9parer \u00e0 une crise humanitaire au Y\u00e9men\",\"isPartOf\":{\"@id\":\"https:\\\/\\\/www.webdo.tn\\\/fr\\\/#website\"},\"primaryImageOfPage\":{\"@id\":\"https:\\\/\\\/www.webdo.tn\\\/fr\\\/actualite\\\/international\\\/dapres-lonu-il-faut-se-preparer-a-une-crise-humanitaire-au-yemen\\\/184160\\\/#primaryimage\"},\"image\":{\"@id\":\"https:\\\/\\\/www.webdo.tn\\\/fr\\\/actualite\\\/international\\\/dapres-lonu-il-faut-se-preparer-a-une-crise-humanitaire-au-yemen\\\/184160\\\/#primaryimage\"},\"thumbnailUrl\":\"https:\\\/\\\/www.webdo.tn\\\/fr\\\/wp-content\\\/uploads\\\/2025\\\/06\\\/Capture-decran-2015-04-09-a-11.24.30-e1428575230838_184160.png\",\"datePublished\":\"2015-04-09T11:32:00+00:00\",\"description\":\"D'apr\u00e8s l'ONU, il faut se pr\u00e9parer \u00e0 une crise humanitaire au Y\u00e9men\",\"breadcrumb\":{\"@id\":\"https:\\\/\\\/www.webdo.tn\\\/fr\\\/actualite\\\/international\\\/dapres-lonu-il-faut-se-preparer-a-une-crise-humanitaire-au-yemen\\\/184160\\\/#breadcrumb\"},\"inLanguage\":\"fr-FR\",\"potentialAction\":[{\"@type\":\"ReadAction\",\"target\":[\"https:\\\/\\\/www.webdo.tn\\\/fr\\\/actualite\\\/international\\\/dapres-lonu-il-faut-se-preparer-a-une-crise-humanitaire-au-yemen\\\/184160\\\/\"]}]},{\"@type\":\"ImageObject\",\"inLanguage\":\"fr-FR\",\"@id\":\"https:\\\/\\\/www.webdo.tn\\\/fr\\\/actualite\\\/international\\\/dapres-lonu-il-faut-se-preparer-a-une-crise-humanitaire-au-yemen\\\/184160\\\/#primaryimage\",\"url\":\"https:\\\/\\\/www.webdo.tn\\\/fr\\\/wp-content\\\/uploads\\\/2025\\\/06\\\/Capture-decran-2015-04-09-a-11.24.30-e1428575230838_184160.png\",\"contentUrl\":\"https:\\\/\\\/www.webdo.tn\\\/fr\\\/wp-content\\\/uploads\\\/2025\\\/06\\\/Capture-decran-2015-04-09-a-11.24.30-e1428575230838_184160.png\",\"width\":600,\"height\":337,\"caption\":\"D'apr\u00e8s l'ONU, il faut se pr\u00e9parer \u00e0 une crise humanitaire au Y\u00e9men\"},{\"@type\":\"BreadcrumbList\",\"@id\":\"https:\\\/\\\/www.webdo.tn\\\/fr\\\/actualite\\\/international\\\/dapres-lonu-il-faut-se-preparer-a-une-crise-humanitaire-au-yemen\\\/184160\\\/#breadcrumb\",\"itemListElement\":[{\"@type\":\"ListItem\",\"position\":1,\"name\":\"Accueil\",\"item\":\"https:\\\/\\\/www.webdo.tn\\\/fr\\\/\"},{\"@type\":\"ListItem\",\"position\":2,\"name\":\"D&rsquo;apr\u00e8s l&rsquo;ONU, il faut se pr\u00e9parer \u00e0 une crise humanitaire au Y\u00e9men\"}]},{\"@type\":\"WebSite\",\"@id\":\"https:\\\/\\\/www.webdo.tn\\\/fr\\\/#website\",\"url\":\"https:\\\/\\\/www.webdo.tn\\\/fr\\\/\",\"name\":\"webdo\",\"description\":\"Tunisie - News en Tunisie et \u00e0 l&#039;international sur Webdo.tn\",\"publisher\":{\"@id\":\"https:\\\/\\\/www.webdo.tn\\\/fr\\\/#organization\"},\"potentialAction\":[{\"@type\":\"SearchAction\",\"target\":{\"@type\":\"EntryPoint\",\"urlTemplate\":\"https:\\\/\\\/www.webdo.tn\\\/fr\\\/?s={search_term_string}\"},\"query-input\":{\"@type\":\"PropertyValueSpecification\",\"valueRequired\":true,\"valueName\":\"search_term_string\"}}],\"inLanguage\":\"fr-FR\"},{\"@type\":\"Organization\",\"@id\":\"https:\\\/\\\/www.webdo.tn\\\/fr\\\/#organization\",\"name\":\"Webdo\",\"alternateName\":\"Webdo.tn\",\"url\":\"https:\\\/\\\/www.webdo.tn\\\/fr\\\/\",\"logo\":{\"@type\":\"ImageObject\",\"inLanguage\":\"fr-FR\",\"@id\":\"https:\\\/\\\/www.webdo.tn\\\/fr\\\/#\\\/schema\\\/logo\\\/image\\\/\",\"url\":\"https:\\\/\\\/www.webdo.tn\\\/fr\\\/wp-content\\\/uploads\\\/2025\\\/06\\\/Webdo-Tunisie_168377.jpg\",\"contentUrl\":\"https:\\\/\\\/www.webdo.tn\\\/fr\\\/wp-content\\\/uploads\\\/2025\\\/06\\\/Webdo-Tunisie_168377.jpg\",\"width\":301,\"height\":301,\"caption\":\"Webdo\"},\"image\":{\"@id\":\"https:\\\/\\\/www.webdo.tn\\\/fr\\\/#\\\/schema\\\/logo\\\/image\\\/\"},\"sameAs\":[\"https:\\\/\\\/www.facebook.com\\\/webdotn\",\"https:\\\/\\\/x.com\\\/webdo_tn\"],\"description\":\"Webdo est un m\u00e9dia num\u00e9rique tunisien fond\u00e9 en 2010, sp\u00e9cialis\u00e9 dans l\u2019actualit\u00e9 nationale et internationale, l\u2019\u00e9conomie, la soci\u00e9t\u00e9 et les analyses politiques. Le site s\u2019adresse \u00e0 un large public francophone et couvre l\u2019information tunisienne en temps r\u00e9el.\",\"email\":\"redac@webdo.tn\",\"legalName\":\"YNJ SARL\",\"foundingDate\":\"2010-09-06\",\"numberOfEmployees\":{\"@type\":\"QuantitativeValue\",\"minValue\":\"11\",\"maxValue\":\"50\"}},{\"@type\":\"Person\",\"@id\":\"https:\\\/\\\/www.webdo.tn\\\/fr\\\/#\\\/schema\\\/person\\\/9a9c6118d687c117df8ef3cc36a4d175\",\"name\":\"webdo.tn\",\"image\":{\"@type\":\"ImageObject\",\"inLanguage\":\"fr-FR\",\"@id\":\"https:\\\/\\\/secure.gravatar.com\\\/avatar\\\/7ce1f28c0c3bbac99ff550b85ef8e44a6950c6ee24514fb6a5489e51d06f0298?s=96&d=mm&r=g\",\"url\":\"https:\\\/\\\/secure.gravatar.com\\\/avatar\\\/7ce1f28c0c3bbac99ff550b85ef8e44a6950c6ee24514fb6a5489e51d06f0298?s=96&d=mm&r=g\",\"contentUrl\":\"https:\\\/\\\/secure.gravatar.com\\\/avatar\\\/7ce1f28c0c3bbac99ff550b85ef8e44a6950c6ee24514fb6a5489e51d06f0298?s=96&d=mm&r=g\",\"caption\":\"webdo.tn\"},\"url\":\"https:\\\/\\\/www.webdo.tn\\\/fr\\\/actualite\\\/author\\\/webdotn\\\/\"}]}<\/script>\n<!-- \/ Yoast SEO Premium plugin. -->","yoast_head_json":{"title":"D'apr\u00e8s l'ONU, il faut se pr\u00e9parer \u00e0 une crise humanitaire au Y\u00e9men","description":"D'apr\u00e8s l'ONU, il faut se pr\u00e9parer \u00e0 une crise humanitaire au Y\u00e9men","canonical":"https:\/\/www.webdo.tn\/fr\/actualite\/international\/dapres-lonu-il-faut-se-preparer-a-une-crise-humanitaire-au-yemen\/184160\/","og_locale":"fr_FR","og_type":"article","og_title":"D'apr\u00e8s l'ONU, il faut se pr\u00e9parer \u00e0 une crise humanitaire au Y\u00e9men","og_description":"D'apr\u00e8s l'ONU, il faut se pr\u00e9parer \u00e0 une crise humanitaire au Y\u00e9men","og_url":"https:\/\/www.webdo.tn\/fr\/actualite\/international\/dapres-lonu-il-faut-se-preparer-a-une-crise-humanitaire-au-yemen\/184160\/","og_site_name":"webdo","article_publisher":"https:\/\/www.facebook.com\/webdotn","article_published_time":"2015-04-09T11:32:00+00:00","author":"webdo.tn","twitter_card":"summary_large_image","twitter_creator":"@webdo_tn","twitter_site":"@webdo_tn","twitter_misc":{"\u00c9crit par":"webdo.tn","Dur\u00e9e de lecture estim\u00e9e":"3 minutes"},"schema":{"@context":"https:\/\/schema.org","@graph":[{"@type":"NewsArticle","@id":"https:\/\/www.webdo.tn\/fr\/actualite\/international\/dapres-lonu-il-faut-se-preparer-a-une-crise-humanitaire-au-yemen\/184160\/#article","isPartOf":{"@id":"https:\/\/www.webdo.tn\/fr\/actualite\/international\/dapres-lonu-il-faut-se-preparer-a-une-crise-humanitaire-au-yemen\/184160\/"},"author":{"name":"webdo.tn","@id":"https:\/\/www.webdo.tn\/fr\/#\/schema\/person\/9a9c6118d687c117df8ef3cc36a4d175"},"headline":"D&rsquo;apr\u00e8s l&rsquo;ONU, il faut se pr\u00e9parer \u00e0 une crise humanitaire au Y\u00e9men","datePublished":"2015-04-09T11:32:00+00:00","mainEntityOfPage":{"@id":"https:\/\/www.webdo.tn\/fr\/actualite\/international\/dapres-lonu-il-faut-se-preparer-a-une-crise-humanitaire-au-yemen\/184160\/"},"wordCount":723,"commentCount":0,"publisher":{"@id":"https:\/\/www.webdo.tn\/fr\/#organization"},"image":{"@id":"https:\/\/www.webdo.tn\/fr\/actualite\/international\/dapres-lonu-il-faut-se-preparer-a-une-crise-humanitaire-au-yemen\/184160\/#primaryimage"},"thumbnailUrl":"https:\/\/www.webdo.tn\/fr\/wp-content\/uploads\/2025\/06\/Capture-decran-2015-04-09-a-11.24.30-e1428575230838_184160.png","keywords":["guerre"],"articleSection":["International"],"inLanguage":"fr-FR"},{"@type":"WebPage","@id":"https:\/\/www.webdo.tn\/fr\/actualite\/international\/dapres-lonu-il-faut-se-preparer-a-une-crise-humanitaire-au-yemen\/184160\/","url":"https:\/\/www.webdo.tn\/fr\/actualite\/international\/dapres-lonu-il-faut-se-preparer-a-une-crise-humanitaire-au-yemen\/184160\/","name":"D'apr\u00e8s l'ONU, il faut se pr\u00e9parer \u00e0 une crise humanitaire au Y\u00e9men","isPartOf":{"@id":"https:\/\/www.webdo.tn\/fr\/#website"},"primaryImageOfPage":{"@id":"https:\/\/www.webdo.tn\/fr\/actualite\/international\/dapres-lonu-il-faut-se-preparer-a-une-crise-humanitaire-au-yemen\/184160\/#primaryimage"},"image":{"@id":"https:\/\/www.webdo.tn\/fr\/actualite\/international\/dapres-lonu-il-faut-se-preparer-a-une-crise-humanitaire-au-yemen\/184160\/#primaryimage"},"thumbnailUrl":"https:\/\/www.webdo.tn\/fr\/wp-content\/uploads\/2025\/06\/Capture-decran-2015-04-09-a-11.24.30-e1428575230838_184160.png","datePublished":"2015-04-09T11:32:00+00:00","description":"D'apr\u00e8s l'ONU, il faut se pr\u00e9parer \u00e0 une crise humanitaire au Y\u00e9men","breadcrumb":{"@id":"https:\/\/www.webdo.tn\/fr\/actualite\/international\/dapres-lonu-il-faut-se-preparer-a-une-crise-humanitaire-au-yemen\/184160\/#breadcrumb"},"inLanguage":"fr-FR","potentialAction":[{"@type":"ReadAction","target":["https:\/\/www.webdo.tn\/fr\/actualite\/international\/dapres-lonu-il-faut-se-preparer-a-une-crise-humanitaire-au-yemen\/184160\/"]}]},{"@type":"ImageObject","inLanguage":"fr-FR","@id":"https:\/\/www.webdo.tn\/fr\/actualite\/international\/dapres-lonu-il-faut-se-preparer-a-une-crise-humanitaire-au-yemen\/184160\/#primaryimage","url":"https:\/\/www.webdo.tn\/fr\/wp-content\/uploads\/2025\/06\/Capture-decran-2015-04-09-a-11.24.30-e1428575230838_184160.png","contentUrl":"https:\/\/www.webdo.tn\/fr\/wp-content\/uploads\/2025\/06\/Capture-decran-2015-04-09-a-11.24.30-e1428575230838_184160.png","width":600,"height":337,"caption":"D'apr\u00e8s l'ONU, il faut se pr\u00e9parer \u00e0 une crise humanitaire au Y\u00e9men"},{"@type":"BreadcrumbList","@id":"https:\/\/www.webdo.tn\/fr\/actualite\/international\/dapres-lonu-il-faut-se-preparer-a-une-crise-humanitaire-au-yemen\/184160\/#breadcrumb","itemListElement":[{"@type":"ListItem","position":1,"name":"Accueil","item":"https:\/\/www.webdo.tn\/fr\/"},{"@type":"ListItem","position":2,"name":"D&rsquo;apr\u00e8s l&rsquo;ONU, il faut se pr\u00e9parer \u00e0 une crise humanitaire au Y\u00e9men"}]},{"@type":"WebSite","@id":"https:\/\/www.webdo.tn\/fr\/#website","url":"https:\/\/www.webdo.tn\/fr\/","name":"webdo","description":"Tunisie - News en Tunisie et \u00e0 l&#039;international sur Webdo.tn","publisher":{"@id":"https:\/\/www.webdo.tn\/fr\/#organization"},"potentialAction":[{"@type":"SearchAction","target":{"@type":"EntryPoint","urlTemplate":"https:\/\/www.webdo.tn\/fr\/?s={search_term_string}"},"query-input":{"@type":"PropertyValueSpecification","valueRequired":true,"valueName":"search_term_string"}}],"inLanguage":"fr-FR"},{"@type":"Organization","@id":"https:\/\/www.webdo.tn\/fr\/#organization","name":"Webdo","alternateName":"Webdo.tn","url":"https:\/\/www.webdo.tn\/fr\/","logo":{"@type":"ImageObject","inLanguage":"fr-FR","@id":"https:\/\/www.webdo.tn\/fr\/#\/schema\/logo\/image\/","url":"https:\/\/www.webdo.tn\/fr\/wp-content\/uploads\/2025\/06\/Webdo-Tunisie_168377.jpg","contentUrl":"https:\/\/www.webdo.tn\/fr\/wp-content\/uploads\/2025\/06\/Webdo-Tunisie_168377.jpg","width":301,"height":301,"caption":"Webdo"},"image":{"@id":"https:\/\/www.webdo.tn\/fr\/#\/schema\/logo\/image\/"},"sameAs":["https:\/\/www.facebook.com\/webdotn","https:\/\/x.com\/webdo_tn"],"description":"Webdo est un m\u00e9dia num\u00e9rique tunisien fond\u00e9 en 2010, sp\u00e9cialis\u00e9 dans l\u2019actualit\u00e9 nationale et internationale, l\u2019\u00e9conomie, la soci\u00e9t\u00e9 et les analyses politiques. Le site s\u2019adresse \u00e0 un large public francophone et couvre l\u2019information tunisienne en temps r\u00e9el.","email":"redac@webdo.tn","legalName":"YNJ SARL","foundingDate":"2010-09-06","numberOfEmployees":{"@type":"QuantitativeValue","minValue":"11","maxValue":"50"}},{"@type":"Person","@id":"https:\/\/www.webdo.tn\/fr\/#\/schema\/person\/9a9c6118d687c117df8ef3cc36a4d175","name":"webdo.tn","image":{"@type":"ImageObject","inLanguage":"fr-FR","@id":"https:\/\/secure.gravatar.com\/avatar\/7ce1f28c0c3bbac99ff550b85ef8e44a6950c6ee24514fb6a5489e51d06f0298?s=96&d=mm&r=g","url":"https:\/\/secure.gravatar.com\/avatar\/7ce1f28c0c3bbac99ff550b85ef8e44a6950c6ee24514fb6a5489e51d06f0298?s=96&d=mm&r=g","contentUrl":"https:\/\/secure.gravatar.com\/avatar\/7ce1f28c0c3bbac99ff550b85ef8e44a6950c6ee24514fb6a5489e51d06f0298?s=96&d=mm&r=g","caption":"webdo.tn"},"url":"https:\/\/www.webdo.tn\/fr\/actualite\/author\/webdotn\/"}]}},"_links":{"self":[{"href":"https:\/\/www.webdo.tn\/fr\/wp-json\/wp\/v2\/posts\/184160","targetHints":{"allow":["GET"]}}],"collection":[{"href":"https:\/\/www.webdo.tn\/fr\/wp-json\/wp\/v2\/posts"}],"about":[{"href":"https:\/\/www.webdo.tn\/fr\/wp-json\/wp\/v2\/types\/post"}],"author":[{"embeddable":true,"href":"https:\/\/www.webdo.tn\/fr\/wp-json\/wp\/v2\/users\/3222"}],"replies":[{"embeddable":true,"href":"https:\/\/www.webdo.tn\/fr\/wp-json\/wp\/v2\/comments?post=184160"}],"version-history":[{"count":0,"href":"https:\/\/www.webdo.tn\/fr\/wp-json\/wp\/v2\/posts\/184160\/revisions"}],"wp:featuredmedia":[{"embeddable":true,"href":"https:\/\/www.webdo.tn\/fr\/wp-json\/wp\/v2\/media\/373019"}],"wp:attachment":[{"href":"https:\/\/www.webdo.tn\/fr\/wp-json\/wp\/v2\/media?parent=184160"}],"wp:term":[{"taxonomy":"category","embeddable":true,"href":"https:\/\/www.webdo.tn\/fr\/wp-json\/wp\/v2\/categories?post=184160"},{"taxonomy":"post_tag","embeddable":true,"href":"https:\/\/www.webdo.tn\/fr\/wp-json\/wp\/v2\/tags?post=184160"}],"curies":[{"name":"wp","href":"https:\/\/api.w.org\/{rel}","templated":true}]}}