{"id":184159,"date":"2015-04-09T19:22:00","date_gmt":"2015-04-09T19:22:00","guid":{"rendered":"https:\/\/www.webdo.tn\/fr\/blog\/en-ukraine-adoption-dune-loi-interdisant-la-propagande-des-regimes-totalitaires-communiste-et-nazi\/184159\/"},"modified":"2015-04-09T19:22:00","modified_gmt":"2015-04-09T19:22:00","slug":"en-ukraine-adoption-dune-loi-interdisant-la-propagande-des-regimes-totalitaires-communiste-et-nazi","status":"publish","type":"post","link":"https:\/\/www.webdo.tn\/fr\/actualite\/international\/en-ukraine-adoption-dune-loi-interdisant-la-propagande-des-regimes-totalitaires-communiste-et-nazi\/184159\/","title":{"rendered":"En Ukraine : Adoption d&rsquo;une loi interdisant \u00ab\u00a0la propagande des r\u00e9gimes totalitaires communiste et nazi\u00a0\u00bb"},"content":{"rendered":"<p>Ukraine | Le Parlement ukrainien, appel\u00e9 Rada, a vot\u00e9, ce jeudi 9 avril une loi, qui interdit la \u00ab\u00a0propagande des r\u00e9gimes totalitaires communiste et nazi\u00a0\u00bb. \u00a0Les personnes reconnues coupables de production ou de diffusion de symboles sovi\u00e9tiques et nazi risquent d\u00e9sormais 10 ans de prison.<\/p>\n<p>254 d\u00e9put\u00e9s, sur une totalit\u00e9 de 450, ont vot\u00e9 en faveur de cette d\u00e9cision alors qu&rsquo;il suffisait de 226 voix seulement pour faire adopter la nouvelle loi qui doit \u00eatre promulgu\u00e9e par la suite par le pr\u00e9sident Petro Porochenko.<\/p>\n<p>[quote_box_right]<\/p>\n<p>Le texte condamne \u00ab\u00a0les r\u00e9gimes totalitaires communiste et nazi en Ukraine\u00a0\u00bb, interdit \u00ab\u00a0toute n\u00e9gation publique\u00a0\u00bb et leur \u00ab\u00a0caract\u00e8re criminel\u00a0\u00bb ; interdit \u00e9galement \u00a0toute \u00ab\u00a0production\u00a0\u00bb, \u00ab\u00a0diffusion\u00a0\u00bb et \u00ab\u00a0utilisation publique\u00a0\u00bb de leur symboles \u00e0 l&rsquo;exception des usages \u00e0 fin\u00a0\u00e9ducative, scientifique ou dans les cimeti\u00e8res.[\/quote_box_right]<\/p>\n<p>Le parlement a approuv\u00e9 aussi, avec 261 votes, un projet de loi du gouvernement permettant l&rsquo;acc\u00e8s aux archives des organismes de r\u00e9pression du r\u00e9gime totalitaire communiste de 1917-1991.<\/p>\n<p>Selon cette loi, l&rsquo;Etat garantit le droit de chacun d&rsquo;avoir acc\u00e8s aux archives des organes r\u00e9pressifs.<br \/>\nUkrainian parliament opens access to archives of repressive bodies of USSR http:\/\/t.co\/XD9AawPhUn<\/p>\n<p>\u2014 UKRAINE TODAY (@uatodaytv) 9 Avril 2015<\/p>\n","protected":false},"excerpt":{"rendered":"<p>En Ukraine : Adoption d&rsquo;une loi interdisant  la propagande des r\u00e9gimes totalitaires communiste et nazi<\/p>\n","protected":false},"author":3222,"featured_media":335710,"comment_status":"open","ping_status":"closed","sticky":false,"template":"","format":"standard","meta":{"footnotes":""},"categories":[2598],"tags":[2600],"class_list":["post-184159","post","type-post","status-publish","format-standard","has-post-thumbnail","hentry","category-international","tag-guerre"],"yoast_head":"<!-- This site is optimized with the Yoast SEO Premium plugin v27.5 (Yoast SEO v27.5) - https:\/\/yoast.com\/product\/yoast-seo-premium-wordpress\/ -->\n<title>En Ukraine : Adoption d&#039;une loi interdisant la propagande des r\u00e9gimes totalitaires communiste et nazi<\/title>\n<meta name=\"description\" content=\"En Ukraine : Adoption d&#039;une loi interdisant la propagande des r\u00e9gimes totalitaires communiste et nazi\" \/>\n<link rel=\"canonical\" href=\"https:\/\/www.webdo.tn\/fr\/actualite\/international\/en-ukraine-adoption-dune-loi-interdisant-la-propagande-des-regimes-totalitaires-communiste-et-nazi\/184159\/\" \/>\n<meta property=\"og:locale\" content=\"fr_FR\" \/>\n<meta property=\"og:type\" content=\"article\" \/>\n<meta property=\"og:title\" content=\"En Ukraine : Adoption d&#039;une loi interdisant &quot;la propagande des r\u00e9gimes totalitaires communiste et nazi&quot;\" \/>\n<meta property=\"og:description\" content=\"En Ukraine : Adoption d&#039;une loi interdisant la propagande des r\u00e9gimes totalitaires communiste et nazi\" \/>\n<meta property=\"og:url\" content=\"https:\/\/www.webdo.tn\/fr\/actualite\/international\/en-ukraine-adoption-dune-loi-interdisant-la-propagande-des-regimes-totalitaires-communiste-et-nazi\/184159\/\" \/>\n<meta property=\"og:site_name\" content=\"webdo\" \/>\n<meta property=\"article:publisher\" content=\"https:\/\/www.facebook.com\/webdotn\" \/>\n<meta property=\"article:published_time\" content=\"2015-04-09T19:22:00+00:00\" \/>\n<meta property=\"og:image\" content=\"https:\/\/www.webdo.tn\/fr\/wp-content\/uploads\/2015\/04\/webdo_default-85.jpg\" \/>\n\t<meta property=\"og:image:width\" content=\"800\" \/>\n\t<meta property=\"og:image:height\" content=\"500\" \/>\n\t<meta property=\"og:image:type\" content=\"image\/jpeg\" \/>\n<meta name=\"author\" content=\"webdo.tn\" \/>\n<meta name=\"twitter:card\" content=\"summary_large_image\" \/>\n<meta name=\"twitter:creator\" content=\"@webdo_tn\" \/>\n<meta name=\"twitter:site\" content=\"@webdo_tn\" \/>\n<meta name=\"twitter:label1\" content=\"\u00c9crit par\" \/>\n\t<meta name=\"twitter:data1\" content=\"webdo.tn\" \/>\n\t<meta name=\"twitter:label2\" content=\"Dur\u00e9e de lecture estim\u00e9e\" \/>\n\t<meta name=\"twitter:data2\" content=\"1 minute\" \/>\n<script type=\"application\/ld+json\" class=\"yoast-schema-graph\">{\"@context\":\"https:\\\/\\\/schema.org\",\"@graph\":[{\"@type\":\"NewsArticle\",\"@id\":\"https:\\\/\\\/www.webdo.tn\\\/fr\\\/actualite\\\/international\\\/en-ukraine-adoption-dune-loi-interdisant-la-propagande-des-regimes-totalitaires-communiste-et-nazi\\\/184159\\\/#article\",\"isPartOf\":{\"@id\":\"https:\\\/\\\/www.webdo.tn\\\/fr\\\/actualite\\\/international\\\/en-ukraine-adoption-dune-loi-interdisant-la-propagande-des-regimes-totalitaires-communiste-et-nazi\\\/184159\\\/\"},\"author\":{\"name\":\"webdo.tn\",\"@id\":\"https:\\\/\\\/www.webdo.tn\\\/fr\\\/#\\\/schema\\\/person\\\/9a9c6118d687c117df8ef3cc36a4d175\"},\"headline\":\"En Ukraine : Adoption d&rsquo;une loi interdisant \u00ab\u00a0la propagande des r\u00e9gimes totalitaires communiste et nazi\u00a0\u00bb\",\"datePublished\":\"2015-04-09T19:22:00+00:00\",\"mainEntityOfPage\":{\"@id\":\"https:\\\/\\\/www.webdo.tn\\\/fr\\\/actualite\\\/international\\\/en-ukraine-adoption-dune-loi-interdisant-la-propagande-des-regimes-totalitaires-communiste-et-nazi\\\/184159\\\/\"},\"wordCount\":225,\"commentCount\":0,\"publisher\":{\"@id\":\"https:\\\/\\\/www.webdo.tn\\\/fr\\\/#organization\"},\"image\":{\"@id\":\"https:\\\/\\\/www.webdo.tn\\\/fr\\\/actualite\\\/international\\\/en-ukraine-adoption-dune-loi-interdisant-la-propagande-des-regimes-totalitaires-communiste-et-nazi\\\/184159\\\/#primaryimage\"},\"thumbnailUrl\":\"https:\\\/\\\/www.webdo.tn\\\/fr\\\/wp-content\\\/uploads\\\/2015\\\/04\\\/webdo_default-85.jpg\",\"keywords\":[\"guerre\"],\"articleSection\":[\"International\"],\"inLanguage\":\"fr-FR\"},{\"@type\":\"WebPage\",\"@id\":\"https:\\\/\\\/www.webdo.tn\\\/fr\\\/actualite\\\/international\\\/en-ukraine-adoption-dune-loi-interdisant-la-propagande-des-regimes-totalitaires-communiste-et-nazi\\\/184159\\\/\",\"url\":\"https:\\\/\\\/www.webdo.tn\\\/fr\\\/actualite\\\/international\\\/en-ukraine-adoption-dune-loi-interdisant-la-propagande-des-regimes-totalitaires-communiste-et-nazi\\\/184159\\\/\",\"name\":\"En Ukraine : Adoption d'une loi interdisant la propagande des r\u00e9gimes totalitaires communiste et nazi\",\"isPartOf\":{\"@id\":\"https:\\\/\\\/www.webdo.tn\\\/fr\\\/#website\"},\"primaryImageOfPage\":{\"@id\":\"https:\\\/\\\/www.webdo.tn\\\/fr\\\/actualite\\\/international\\\/en-ukraine-adoption-dune-loi-interdisant-la-propagande-des-regimes-totalitaires-communiste-et-nazi\\\/184159\\\/#primaryimage\"},\"image\":{\"@id\":\"https:\\\/\\\/www.webdo.tn\\\/fr\\\/actualite\\\/international\\\/en-ukraine-adoption-dune-loi-interdisant-la-propagande-des-regimes-totalitaires-communiste-et-nazi\\\/184159\\\/#primaryimage\"},\"thumbnailUrl\":\"https:\\\/\\\/www.webdo.tn\\\/fr\\\/wp-content\\\/uploads\\\/2015\\\/04\\\/webdo_default-85.jpg\",\"datePublished\":\"2015-04-09T19:22:00+00:00\",\"description\":\"En Ukraine : Adoption d'une loi interdisant la propagande des r\u00e9gimes totalitaires communiste et nazi\",\"breadcrumb\":{\"@id\":\"https:\\\/\\\/www.webdo.tn\\\/fr\\\/actualite\\\/international\\\/en-ukraine-adoption-dune-loi-interdisant-la-propagande-des-regimes-totalitaires-communiste-et-nazi\\\/184159\\\/#breadcrumb\"},\"inLanguage\":\"fr-FR\",\"potentialAction\":[{\"@type\":\"ReadAction\",\"target\":[\"https:\\\/\\\/www.webdo.tn\\\/fr\\\/actualite\\\/international\\\/en-ukraine-adoption-dune-loi-interdisant-la-propagande-des-regimes-totalitaires-communiste-et-nazi\\\/184159\\\/\"]}]},{\"@type\":\"ImageObject\",\"inLanguage\":\"fr-FR\",\"@id\":\"https:\\\/\\\/www.webdo.tn\\\/fr\\\/actualite\\\/international\\\/en-ukraine-adoption-dune-loi-interdisant-la-propagande-des-regimes-totalitaires-communiste-et-nazi\\\/184159\\\/#primaryimage\",\"url\":\"https:\\\/\\\/www.webdo.tn\\\/fr\\\/wp-content\\\/uploads\\\/2015\\\/04\\\/webdo_default-85.jpg\",\"contentUrl\":\"https:\\\/\\\/www.webdo.tn\\\/fr\\\/wp-content\\\/uploads\\\/2015\\\/04\\\/webdo_default-85.jpg\",\"width\":800,\"height\":500,\"caption\":\"En Ukraine : Adoption d'une loi interdisant \\\"la propagande des r\u00e9gimes totalitaires communiste et nazi\\\"\"},{\"@type\":\"BreadcrumbList\",\"@id\":\"https:\\\/\\\/www.webdo.tn\\\/fr\\\/actualite\\\/international\\\/en-ukraine-adoption-dune-loi-interdisant-la-propagande-des-regimes-totalitaires-communiste-et-nazi\\\/184159\\\/#breadcrumb\",\"itemListElement\":[{\"@type\":\"ListItem\",\"position\":1,\"name\":\"Accueil\",\"item\":\"https:\\\/\\\/www.webdo.tn\\\/fr\\\/\"},{\"@type\":\"ListItem\",\"position\":2,\"name\":\"En Ukraine : Adoption d&rsquo;une loi interdisant \u00ab\u00a0la propagande des r\u00e9gimes totalitaires communiste et nazi\u00a0\u00bb\"}]},{\"@type\":\"WebSite\",\"@id\":\"https:\\\/\\\/www.webdo.tn\\\/fr\\\/#website\",\"url\":\"https:\\\/\\\/www.webdo.tn\\\/fr\\\/\",\"name\":\"webdo\",\"description\":\"Tunisie - News en Tunisie et \u00e0 l&#039;international sur Webdo.tn\",\"publisher\":{\"@id\":\"https:\\\/\\\/www.webdo.tn\\\/fr\\\/#organization\"},\"potentialAction\":[{\"@type\":\"SearchAction\",\"target\":{\"@type\":\"EntryPoint\",\"urlTemplate\":\"https:\\\/\\\/www.webdo.tn\\\/fr\\\/?s={search_term_string}\"},\"query-input\":{\"@type\":\"PropertyValueSpecification\",\"valueRequired\":true,\"valueName\":\"search_term_string\"}}],\"inLanguage\":\"fr-FR\"},{\"@type\":\"Organization\",\"@id\":\"https:\\\/\\\/www.webdo.tn\\\/fr\\\/#organization\",\"name\":\"Webdo\",\"alternateName\":\"Webdo.tn\",\"url\":\"https:\\\/\\\/www.webdo.tn\\\/fr\\\/\",\"logo\":{\"@type\":\"ImageObject\",\"inLanguage\":\"fr-FR\",\"@id\":\"https:\\\/\\\/www.webdo.tn\\\/fr\\\/#\\\/schema\\\/logo\\\/image\\\/\",\"url\":\"https:\\\/\\\/www.webdo.tn\\\/fr\\\/wp-content\\\/uploads\\\/2025\\\/06\\\/Webdo-Tunisie_168377.jpg\",\"contentUrl\":\"https:\\\/\\\/www.webdo.tn\\\/fr\\\/wp-content\\\/uploads\\\/2025\\\/06\\\/Webdo-Tunisie_168377.jpg\",\"width\":301,\"height\":301,\"caption\":\"Webdo\"},\"image\":{\"@id\":\"https:\\\/\\\/www.webdo.tn\\\/fr\\\/#\\\/schema\\\/logo\\\/image\\\/\"},\"sameAs\":[\"https:\\\/\\\/www.facebook.com\\\/webdotn\",\"https:\\\/\\\/x.com\\\/webdo_tn\"],\"description\":\"Webdo est un m\u00e9dia num\u00e9rique tunisien fond\u00e9 en 2010, sp\u00e9cialis\u00e9 dans l\u2019actualit\u00e9 nationale et internationale, l\u2019\u00e9conomie, la soci\u00e9t\u00e9 et les analyses politiques. Le site s\u2019adresse \u00e0 un large public francophone et couvre l\u2019information tunisienne en temps r\u00e9el.\",\"email\":\"redac@webdo.tn\",\"legalName\":\"YNJ SARL\",\"foundingDate\":\"2010-09-06\",\"numberOfEmployees\":{\"@type\":\"QuantitativeValue\",\"minValue\":\"11\",\"maxValue\":\"50\"}},{\"@type\":\"Person\",\"@id\":\"https:\\\/\\\/www.webdo.tn\\\/fr\\\/#\\\/schema\\\/person\\\/9a9c6118d687c117df8ef3cc36a4d175\",\"name\":\"webdo.tn\",\"image\":{\"@type\":\"ImageObject\",\"inLanguage\":\"fr-FR\",\"@id\":\"https:\\\/\\\/secure.gravatar.com\\\/avatar\\\/7ce1f28c0c3bbac99ff550b85ef8e44a6950c6ee24514fb6a5489e51d06f0298?s=96&d=mm&r=g\",\"url\":\"https:\\\/\\\/secure.gravatar.com\\\/avatar\\\/7ce1f28c0c3bbac99ff550b85ef8e44a6950c6ee24514fb6a5489e51d06f0298?s=96&d=mm&r=g\",\"contentUrl\":\"https:\\\/\\\/secure.gravatar.com\\\/avatar\\\/7ce1f28c0c3bbac99ff550b85ef8e44a6950c6ee24514fb6a5489e51d06f0298?s=96&d=mm&r=g\",\"caption\":\"webdo.tn\"},\"url\":\"https:\\\/\\\/www.webdo.tn\\\/fr\\\/actualite\\\/author\\\/webdotn\\\/\"}]}<\/script>\n<!-- \/ Yoast SEO Premium plugin. -->","yoast_head_json":{"title":"En Ukraine : Adoption d'une loi interdisant la propagande des r\u00e9gimes totalitaires communiste et nazi","description":"En Ukraine : Adoption d'une loi interdisant la propagande des r\u00e9gimes totalitaires communiste et nazi","canonical":"https:\/\/www.webdo.tn\/fr\/actualite\/international\/en-ukraine-adoption-dune-loi-interdisant-la-propagande-des-regimes-totalitaires-communiste-et-nazi\/184159\/","og_locale":"fr_FR","og_type":"article","og_title":"En Ukraine : Adoption d'une loi interdisant \"la propagande des r\u00e9gimes totalitaires communiste et nazi\"","og_description":"En Ukraine : Adoption d'une loi interdisant la propagande des r\u00e9gimes totalitaires communiste et nazi","og_url":"https:\/\/www.webdo.tn\/fr\/actualite\/international\/en-ukraine-adoption-dune-loi-interdisant-la-propagande-des-regimes-totalitaires-communiste-et-nazi\/184159\/","og_site_name":"webdo","article_publisher":"https:\/\/www.facebook.com\/webdotn","article_published_time":"2015-04-09T19:22:00+00:00","og_image":[{"width":800,"height":500,"url":"https:\/\/www.webdo.tn\/fr\/wp-content\/uploads\/2015\/04\/webdo_default-85.jpg","type":"image\/jpeg"}],"author":"webdo.tn","twitter_card":"summary_large_image","twitter_creator":"@webdo_tn","twitter_site":"@webdo_tn","twitter_misc":{"\u00c9crit par":"webdo.tn","Dur\u00e9e de lecture estim\u00e9e":"1 minute"},"schema":{"@context":"https:\/\/schema.org","@graph":[{"@type":"NewsArticle","@id":"https:\/\/www.webdo.tn\/fr\/actualite\/international\/en-ukraine-adoption-dune-loi-interdisant-la-propagande-des-regimes-totalitaires-communiste-et-nazi\/184159\/#article","isPartOf":{"@id":"https:\/\/www.webdo.tn\/fr\/actualite\/international\/en-ukraine-adoption-dune-loi-interdisant-la-propagande-des-regimes-totalitaires-communiste-et-nazi\/184159\/"},"author":{"name":"webdo.tn","@id":"https:\/\/www.webdo.tn\/fr\/#\/schema\/person\/9a9c6118d687c117df8ef3cc36a4d175"},"headline":"En Ukraine : Adoption d&rsquo;une loi interdisant \u00ab\u00a0la propagande des r\u00e9gimes totalitaires communiste et nazi\u00a0\u00bb","datePublished":"2015-04-09T19:22:00+00:00","mainEntityOfPage":{"@id":"https:\/\/www.webdo.tn\/fr\/actualite\/international\/en-ukraine-adoption-dune-loi-interdisant-la-propagande-des-regimes-totalitaires-communiste-et-nazi\/184159\/"},"wordCount":225,"commentCount":0,"publisher":{"@id":"https:\/\/www.webdo.tn\/fr\/#organization"},"image":{"@id":"https:\/\/www.webdo.tn\/fr\/actualite\/international\/en-ukraine-adoption-dune-loi-interdisant-la-propagande-des-regimes-totalitaires-communiste-et-nazi\/184159\/#primaryimage"},"thumbnailUrl":"https:\/\/www.webdo.tn\/fr\/wp-content\/uploads\/2015\/04\/webdo_default-85.jpg","keywords":["guerre"],"articleSection":["International"],"inLanguage":"fr-FR"},{"@type":"WebPage","@id":"https:\/\/www.webdo.tn\/fr\/actualite\/international\/en-ukraine-adoption-dune-loi-interdisant-la-propagande-des-regimes-totalitaires-communiste-et-nazi\/184159\/","url":"https:\/\/www.webdo.tn\/fr\/actualite\/international\/en-ukraine-adoption-dune-loi-interdisant-la-propagande-des-regimes-totalitaires-communiste-et-nazi\/184159\/","name":"En Ukraine : Adoption d'une loi interdisant la propagande des r\u00e9gimes totalitaires communiste et nazi","isPartOf":{"@id":"https:\/\/www.webdo.tn\/fr\/#website"},"primaryImageOfPage":{"@id":"https:\/\/www.webdo.tn\/fr\/actualite\/international\/en-ukraine-adoption-dune-loi-interdisant-la-propagande-des-regimes-totalitaires-communiste-et-nazi\/184159\/#primaryimage"},"image":{"@id":"https:\/\/www.webdo.tn\/fr\/actualite\/international\/en-ukraine-adoption-dune-loi-interdisant-la-propagande-des-regimes-totalitaires-communiste-et-nazi\/184159\/#primaryimage"},"thumbnailUrl":"https:\/\/www.webdo.tn\/fr\/wp-content\/uploads\/2015\/04\/webdo_default-85.jpg","datePublished":"2015-04-09T19:22:00+00:00","description":"En Ukraine : Adoption d'une loi interdisant la propagande des r\u00e9gimes totalitaires communiste et nazi","breadcrumb":{"@id":"https:\/\/www.webdo.tn\/fr\/actualite\/international\/en-ukraine-adoption-dune-loi-interdisant-la-propagande-des-regimes-totalitaires-communiste-et-nazi\/184159\/#breadcrumb"},"inLanguage":"fr-FR","potentialAction":[{"@type":"ReadAction","target":["https:\/\/www.webdo.tn\/fr\/actualite\/international\/en-ukraine-adoption-dune-loi-interdisant-la-propagande-des-regimes-totalitaires-communiste-et-nazi\/184159\/"]}]},{"@type":"ImageObject","inLanguage":"fr-FR","@id":"https:\/\/www.webdo.tn\/fr\/actualite\/international\/en-ukraine-adoption-dune-loi-interdisant-la-propagande-des-regimes-totalitaires-communiste-et-nazi\/184159\/#primaryimage","url":"https:\/\/www.webdo.tn\/fr\/wp-content\/uploads\/2015\/04\/webdo_default-85.jpg","contentUrl":"https:\/\/www.webdo.tn\/fr\/wp-content\/uploads\/2015\/04\/webdo_default-85.jpg","width":800,"height":500,"caption":"En Ukraine : Adoption d'une loi interdisant \"la propagande des r\u00e9gimes totalitaires communiste et nazi\""},{"@type":"BreadcrumbList","@id":"https:\/\/www.webdo.tn\/fr\/actualite\/international\/en-ukraine-adoption-dune-loi-interdisant-la-propagande-des-regimes-totalitaires-communiste-et-nazi\/184159\/#breadcrumb","itemListElement":[{"@type":"ListItem","position":1,"name":"Accueil","item":"https:\/\/www.webdo.tn\/fr\/"},{"@type":"ListItem","position":2,"name":"En Ukraine : Adoption d&rsquo;une loi interdisant \u00ab\u00a0la propagande des r\u00e9gimes totalitaires communiste et nazi\u00a0\u00bb"}]},{"@type":"WebSite","@id":"https:\/\/www.webdo.tn\/fr\/#website","url":"https:\/\/www.webdo.tn\/fr\/","name":"webdo","description":"Tunisie - News en Tunisie et \u00e0 l&#039;international sur Webdo.tn","publisher":{"@id":"https:\/\/www.webdo.tn\/fr\/#organization"},"potentialAction":[{"@type":"SearchAction","target":{"@type":"EntryPoint","urlTemplate":"https:\/\/www.webdo.tn\/fr\/?s={search_term_string}"},"query-input":{"@type":"PropertyValueSpecification","valueRequired":true,"valueName":"search_term_string"}}],"inLanguage":"fr-FR"},{"@type":"Organization","@id":"https:\/\/www.webdo.tn\/fr\/#organization","name":"Webdo","alternateName":"Webdo.tn","url":"https:\/\/www.webdo.tn\/fr\/","logo":{"@type":"ImageObject","inLanguage":"fr-FR","@id":"https:\/\/www.webdo.tn\/fr\/#\/schema\/logo\/image\/","url":"https:\/\/www.webdo.tn\/fr\/wp-content\/uploads\/2025\/06\/Webdo-Tunisie_168377.jpg","contentUrl":"https:\/\/www.webdo.tn\/fr\/wp-content\/uploads\/2025\/06\/Webdo-Tunisie_168377.jpg","width":301,"height":301,"caption":"Webdo"},"image":{"@id":"https:\/\/www.webdo.tn\/fr\/#\/schema\/logo\/image\/"},"sameAs":["https:\/\/www.facebook.com\/webdotn","https:\/\/x.com\/webdo_tn"],"description":"Webdo est un m\u00e9dia num\u00e9rique tunisien fond\u00e9 en 2010, sp\u00e9cialis\u00e9 dans l\u2019actualit\u00e9 nationale et internationale, l\u2019\u00e9conomie, la soci\u00e9t\u00e9 et les analyses politiques. Le site s\u2019adresse \u00e0 un large public francophone et couvre l\u2019information tunisienne en temps r\u00e9el.","email":"redac@webdo.tn","legalName":"YNJ SARL","foundingDate":"2010-09-06","numberOfEmployees":{"@type":"QuantitativeValue","minValue":"11","maxValue":"50"}},{"@type":"Person","@id":"https:\/\/www.webdo.tn\/fr\/#\/schema\/person\/9a9c6118d687c117df8ef3cc36a4d175","name":"webdo.tn","image":{"@type":"ImageObject","inLanguage":"fr-FR","@id":"https:\/\/secure.gravatar.com\/avatar\/7ce1f28c0c3bbac99ff550b85ef8e44a6950c6ee24514fb6a5489e51d06f0298?s=96&d=mm&r=g","url":"https:\/\/secure.gravatar.com\/avatar\/7ce1f28c0c3bbac99ff550b85ef8e44a6950c6ee24514fb6a5489e51d06f0298?s=96&d=mm&r=g","contentUrl":"https:\/\/secure.gravatar.com\/avatar\/7ce1f28c0c3bbac99ff550b85ef8e44a6950c6ee24514fb6a5489e51d06f0298?s=96&d=mm&r=g","caption":"webdo.tn"},"url":"https:\/\/www.webdo.tn\/fr\/actualite\/author\/webdotn\/"}]}},"_links":{"self":[{"href":"https:\/\/www.webdo.tn\/fr\/wp-json\/wp\/v2\/posts\/184159","targetHints":{"allow":["GET"]}}],"collection":[{"href":"https:\/\/www.webdo.tn\/fr\/wp-json\/wp\/v2\/posts"}],"about":[{"href":"https:\/\/www.webdo.tn\/fr\/wp-json\/wp\/v2\/types\/post"}],"author":[{"embeddable":true,"href":"https:\/\/www.webdo.tn\/fr\/wp-json\/wp\/v2\/users\/3222"}],"replies":[{"embeddable":true,"href":"https:\/\/www.webdo.tn\/fr\/wp-json\/wp\/v2\/comments?post=184159"}],"version-history":[{"count":0,"href":"https:\/\/www.webdo.tn\/fr\/wp-json\/wp\/v2\/posts\/184159\/revisions"}],"wp:featuredmedia":[{"embeddable":true,"href":"https:\/\/www.webdo.tn\/fr\/wp-json\/wp\/v2\/media\/335710"}],"wp:attachment":[{"href":"https:\/\/www.webdo.tn\/fr\/wp-json\/wp\/v2\/media?parent=184159"}],"wp:term":[{"taxonomy":"category","embeddable":true,"href":"https:\/\/www.webdo.tn\/fr\/wp-json\/wp\/v2\/categories?post=184159"},{"taxonomy":"post_tag","embeddable":true,"href":"https:\/\/www.webdo.tn\/fr\/wp-json\/wp\/v2\/tags?post=184159"}],"curies":[{"name":"wp","href":"https:\/\/api.w.org\/{rel}","templated":true}]}}