{"id":184158,"date":"2015-04-11T13:47:00","date_gmt":"2015-04-11T13:47:00","guid":{"rendered":"https:\/\/www.webdo.tn\/fr\/blog\/poignee-de-mains-historique-la-deuxieme-du-genre-entre-barack-obama-et-raoul-castro\/184158\/"},"modified":"2025-05-19T10:18:19","modified_gmt":"2025-05-19T10:18:19","slug":"poignee-de-mains-historique-la-deuxieme-du-genre-entre-barack-obama-et-raoul-castro","status":"publish","type":"post","link":"https:\/\/www.webdo.tn\/fr\/actualite\/international\/poignee-de-mains-historique-la-deuxieme-du-genre-entre-barack-obama-et-raoul-castro\/184158\/","title":{"rendered":"Poign\u00e9e de mains historique, la deuxi\u00e8me du genre, entre Barack Obama et Raoul Castro"},"content":{"rendered":"<p>Poign\u00e9e de main historique entre Obama et Castro au Panama &#8211; Le 11\/04\/2015 \u00e0 8:00<br \/>\nLe Sommet des Am\u00e9riques qui r\u00e9unit, depuis ce vendredi 10 avril, une trentaine de chefs d&rsquo;Etat au Panama, a \u00e9t\u00e9 marqu\u00e9 par un \u00e9v\u00e9nement majeur ; une poign\u00e9e de mains historique en coulisses entre les pr\u00e9sidents am\u00e9ricain Barack Obama et cubain Raul Castro.<\/p>\n<p>L&rsquo;image de cette poign\u00e9e de mains est forte, mais ce n&rsquo;est pas la premi\u00e8re du genre. Les deux pr\u00e9sidents qui ont pr\u00e9vu de s&rsquo;entretenir plus longuement, ce samedi 11 avril en coulisses avaient d\u00e9j\u00e0 eu l&rsquo;occasion de se croiser le 10 d\u00e9cembre 2013 en Afrique du Sud.Et cette poign\u00e9e de mains n&rsquo;est pas la premi\u00e8re du genre puisque ce jour de d\u00e9cembre 2013, lors des obs\u00e8ques de Nelson Mandela, \u00e0 Johannesburg une premi\u00e8re poign\u00e9e de mains entre Barack Obama et le pr\u00e9sident cubain Raul Castro avait d\u00e9j\u00e0 marqu\u00e9 les esprits.<\/p>\n","protected":false},"excerpt":{"rendered":"<p>Poign\u00e9e de mains historique, la deuxi\u00e8me du genre, entre Barack Obama et Raoul Castro<\/p>\n","protected":false},"author":3222,"featured_media":373016,"comment_status":"open","ping_status":"closed","sticky":false,"template":"","format":"standard","meta":{"footnotes":""},"categories":[2598],"tags":[2600],"class_list":["post-184158","post","type-post","status-publish","format-standard","has-post-thumbnail","hentry","category-international","tag-guerre"],"yoast_head":"<!-- This site is optimized with the Yoast SEO Premium plugin v27.5 (Yoast SEO v27.5) - https:\/\/yoast.com\/product\/yoast-seo-premium-wordpress\/ -->\n<title>Poign\u00e9e de mains historique, la deuxi\u00e8me du genre, entre Barack Obama et Raoul Castro<\/title>\n<meta name=\"description\" content=\"Poign\u00e9e de mains historique, la deuxi\u00e8me du genre, entre Barack Obama et Raoul Castro\" \/>\n<link rel=\"canonical\" href=\"https:\/\/www.webdo.tn\/fr\/actualite\/international\/poignee-de-mains-historique-la-deuxieme-du-genre-entre-barack-obama-et-raoul-castro\/184158\/\" \/>\n<meta property=\"og:locale\" content=\"fr_FR\" \/>\n<meta property=\"og:type\" content=\"article\" \/>\n<meta property=\"og:title\" content=\"Poign\u00e9e de mains historique, la deuxi\u00e8me du genre, entre Barack Obama et Raoul Castro\" \/>\n<meta property=\"og:description\" content=\"Poign\u00e9e de mains historique, la deuxi\u00e8me du genre, entre Barack Obama et Raoul Castro\" \/>\n<meta property=\"og:url\" content=\"https:\/\/www.webdo.tn\/fr\/actualite\/international\/poignee-de-mains-historique-la-deuxieme-du-genre-entre-barack-obama-et-raoul-castro\/184158\/\" \/>\n<meta property=\"og:site_name\" content=\"webdo\" \/>\n<meta property=\"article:publisher\" content=\"https:\/\/www.facebook.com\/webdotn\" \/>\n<meta property=\"article:published_time\" content=\"2015-04-11T13:47:00+00:00\" \/>\n<meta property=\"article:modified_time\" content=\"2025-05-19T10:18:19+00:00\" \/>\n<meta name=\"author\" content=\"webdo.tn\" \/>\n<meta name=\"twitter:card\" content=\"summary_large_image\" \/>\n<meta name=\"twitter:creator\" content=\"@webdo_tn\" \/>\n<meta name=\"twitter:site\" content=\"@webdo_tn\" \/>\n<meta name=\"twitter:label1\" content=\"\u00c9crit par\" \/>\n\t<meta name=\"twitter:data1\" content=\"webdo.tn\" \/>\n\t<meta name=\"twitter:label2\" content=\"Dur\u00e9e de lecture estim\u00e9e\" \/>\n\t<meta name=\"twitter:data2\" content=\"1 minute\" \/>\n<script type=\"application\/ld+json\" class=\"yoast-schema-graph\">{\"@context\":\"https:\\\/\\\/schema.org\",\"@graph\":[{\"@type\":\"NewsArticle\",\"@id\":\"https:\\\/\\\/www.webdo.tn\\\/fr\\\/actualite\\\/international\\\/poignee-de-mains-historique-la-deuxieme-du-genre-entre-barack-obama-et-raoul-castro\\\/184158\\\/#article\",\"isPartOf\":{\"@id\":\"https:\\\/\\\/www.webdo.tn\\\/fr\\\/actualite\\\/international\\\/poignee-de-mains-historique-la-deuxieme-du-genre-entre-barack-obama-et-raoul-castro\\\/184158\\\/\"},\"author\":{\"name\":\"webdo.tn\",\"@id\":\"https:\\\/\\\/www.webdo.tn\\\/fr\\\/#\\\/schema\\\/person\\\/9a9c6118d687c117df8ef3cc36a4d175\"},\"headline\":\"Poign\u00e9e de mains historique, la deuxi\u00e8me du genre, entre Barack Obama et Raoul Castro\",\"datePublished\":\"2015-04-11T13:47:00+00:00\",\"dateModified\":\"2025-05-19T10:18:19+00:00\",\"mainEntityOfPage\":{\"@id\":\"https:\\\/\\\/www.webdo.tn\\\/fr\\\/actualite\\\/international\\\/poignee-de-mains-historique-la-deuxieme-du-genre-entre-barack-obama-et-raoul-castro\\\/184158\\\/\"},\"wordCount\":182,\"commentCount\":0,\"publisher\":{\"@id\":\"https:\\\/\\\/www.webdo.tn\\\/fr\\\/#organization\"},\"image\":{\"@id\":\"https:\\\/\\\/www.webdo.tn\\\/fr\\\/actualite\\\/international\\\/poignee-de-mains-historique-la-deuxieme-du-genre-entre-barack-obama-et-raoul-castro\\\/184158\\\/#primaryimage\"},\"thumbnailUrl\":\"https:\\\/\\\/www.webdo.tn\\\/fr\\\/wp-content\\\/uploads\\\/2025\\\/06\\\/Barack-Obama-et-Raul-Castro-ont-mis-leurs-differends-entre-parentheses_184158.jpg\",\"keywords\":[\"guerre\"],\"articleSection\":[\"International\"],\"inLanguage\":\"fr-FR\"},{\"@type\":\"WebPage\",\"@id\":\"https:\\\/\\\/www.webdo.tn\\\/fr\\\/actualite\\\/international\\\/poignee-de-mains-historique-la-deuxieme-du-genre-entre-barack-obama-et-raoul-castro\\\/184158\\\/\",\"url\":\"https:\\\/\\\/www.webdo.tn\\\/fr\\\/actualite\\\/international\\\/poignee-de-mains-historique-la-deuxieme-du-genre-entre-barack-obama-et-raoul-castro\\\/184158\\\/\",\"name\":\"Poign\u00e9e de mains historique, la deuxi\u00e8me du genre, entre Barack Obama et Raoul Castro\",\"isPartOf\":{\"@id\":\"https:\\\/\\\/www.webdo.tn\\\/fr\\\/#website\"},\"primaryImageOfPage\":{\"@id\":\"https:\\\/\\\/www.webdo.tn\\\/fr\\\/actualite\\\/international\\\/poignee-de-mains-historique-la-deuxieme-du-genre-entre-barack-obama-et-raoul-castro\\\/184158\\\/#primaryimage\"},\"image\":{\"@id\":\"https:\\\/\\\/www.webdo.tn\\\/fr\\\/actualite\\\/international\\\/poignee-de-mains-historique-la-deuxieme-du-genre-entre-barack-obama-et-raoul-castro\\\/184158\\\/#primaryimage\"},\"thumbnailUrl\":\"https:\\\/\\\/www.webdo.tn\\\/fr\\\/wp-content\\\/uploads\\\/2025\\\/06\\\/Barack-Obama-et-Raul-Castro-ont-mis-leurs-differends-entre-parentheses_184158.jpg\",\"datePublished\":\"2015-04-11T13:47:00+00:00\",\"dateModified\":\"2025-05-19T10:18:19+00:00\",\"description\":\"Poign\u00e9e de mains historique, la deuxi\u00e8me du genre, entre Barack Obama et Raoul Castro\",\"breadcrumb\":{\"@id\":\"https:\\\/\\\/www.webdo.tn\\\/fr\\\/actualite\\\/international\\\/poignee-de-mains-historique-la-deuxieme-du-genre-entre-barack-obama-et-raoul-castro\\\/184158\\\/#breadcrumb\"},\"inLanguage\":\"fr-FR\",\"potentialAction\":[{\"@type\":\"ReadAction\",\"target\":[\"https:\\\/\\\/www.webdo.tn\\\/fr\\\/actualite\\\/international\\\/poignee-de-mains-historique-la-deuxieme-du-genre-entre-barack-obama-et-raoul-castro\\\/184158\\\/\"]}]},{\"@type\":\"ImageObject\",\"inLanguage\":\"fr-FR\",\"@id\":\"https:\\\/\\\/www.webdo.tn\\\/fr\\\/actualite\\\/international\\\/poignee-de-mains-historique-la-deuxieme-du-genre-entre-barack-obama-et-raoul-castro\\\/184158\\\/#primaryimage\",\"url\":\"https:\\\/\\\/www.webdo.tn\\\/fr\\\/wp-content\\\/uploads\\\/2025\\\/06\\\/Barack-Obama-et-Raul-Castro-ont-mis-leurs-differends-entre-parentheses_184158.jpg\",\"contentUrl\":\"https:\\\/\\\/www.webdo.tn\\\/fr\\\/wp-content\\\/uploads\\\/2025\\\/06\\\/Barack-Obama-et-Raul-Castro-ont-mis-leurs-differends-entre-parentheses_184158.jpg\",\"width\":600,\"height\":400,\"caption\":\"Poign\u00e9e de mains historique, la deuxi\u00e8me du genre, entre Barack Obama et Raoul Castro\"},{\"@type\":\"BreadcrumbList\",\"@id\":\"https:\\\/\\\/www.webdo.tn\\\/fr\\\/actualite\\\/international\\\/poignee-de-mains-historique-la-deuxieme-du-genre-entre-barack-obama-et-raoul-castro\\\/184158\\\/#breadcrumb\",\"itemListElement\":[{\"@type\":\"ListItem\",\"position\":1,\"name\":\"Accueil\",\"item\":\"https:\\\/\\\/www.webdo.tn\\\/fr\\\/\"},{\"@type\":\"ListItem\",\"position\":2,\"name\":\"Poign\u00e9e de mains historique, la deuxi\u00e8me du genre, entre Barack Obama et Raoul Castro\"}]},{\"@type\":\"WebSite\",\"@id\":\"https:\\\/\\\/www.webdo.tn\\\/fr\\\/#website\",\"url\":\"https:\\\/\\\/www.webdo.tn\\\/fr\\\/\",\"name\":\"webdo\",\"description\":\"Tunisie - News en Tunisie et \u00e0 l&#039;international sur Webdo.tn\",\"publisher\":{\"@id\":\"https:\\\/\\\/www.webdo.tn\\\/fr\\\/#organization\"},\"potentialAction\":[{\"@type\":\"SearchAction\",\"target\":{\"@type\":\"EntryPoint\",\"urlTemplate\":\"https:\\\/\\\/www.webdo.tn\\\/fr\\\/?s={search_term_string}\"},\"query-input\":{\"@type\":\"PropertyValueSpecification\",\"valueRequired\":true,\"valueName\":\"search_term_string\"}}],\"inLanguage\":\"fr-FR\"},{\"@type\":\"Organization\",\"@id\":\"https:\\\/\\\/www.webdo.tn\\\/fr\\\/#organization\",\"name\":\"Webdo\",\"alternateName\":\"Webdo.tn\",\"url\":\"https:\\\/\\\/www.webdo.tn\\\/fr\\\/\",\"logo\":{\"@type\":\"ImageObject\",\"inLanguage\":\"fr-FR\",\"@id\":\"https:\\\/\\\/www.webdo.tn\\\/fr\\\/#\\\/schema\\\/logo\\\/image\\\/\",\"url\":\"https:\\\/\\\/www.webdo.tn\\\/fr\\\/wp-content\\\/uploads\\\/2025\\\/06\\\/Webdo-Tunisie_168377.jpg\",\"contentUrl\":\"https:\\\/\\\/www.webdo.tn\\\/fr\\\/wp-content\\\/uploads\\\/2025\\\/06\\\/Webdo-Tunisie_168377.jpg\",\"width\":301,\"height\":301,\"caption\":\"Webdo\"},\"image\":{\"@id\":\"https:\\\/\\\/www.webdo.tn\\\/fr\\\/#\\\/schema\\\/logo\\\/image\\\/\"},\"sameAs\":[\"https:\\\/\\\/www.facebook.com\\\/webdotn\",\"https:\\\/\\\/x.com\\\/webdo_tn\"],\"description\":\"Webdo est un m\u00e9dia num\u00e9rique tunisien fond\u00e9 en 2010, sp\u00e9cialis\u00e9 dans l\u2019actualit\u00e9 nationale et internationale, l\u2019\u00e9conomie, la soci\u00e9t\u00e9 et les analyses politiques. Le site s\u2019adresse \u00e0 un large public francophone et couvre l\u2019information tunisienne en temps r\u00e9el.\",\"email\":\"redac@webdo.tn\",\"legalName\":\"YNJ SARL\",\"foundingDate\":\"2010-09-06\",\"numberOfEmployees\":{\"@type\":\"QuantitativeValue\",\"minValue\":\"11\",\"maxValue\":\"50\"}},{\"@type\":\"Person\",\"@id\":\"https:\\\/\\\/www.webdo.tn\\\/fr\\\/#\\\/schema\\\/person\\\/9a9c6118d687c117df8ef3cc36a4d175\",\"name\":\"webdo.tn\",\"image\":{\"@type\":\"ImageObject\",\"inLanguage\":\"fr-FR\",\"@id\":\"https:\\\/\\\/secure.gravatar.com\\\/avatar\\\/7ce1f28c0c3bbac99ff550b85ef8e44a6950c6ee24514fb6a5489e51d06f0298?s=96&d=mm&r=g\",\"url\":\"https:\\\/\\\/secure.gravatar.com\\\/avatar\\\/7ce1f28c0c3bbac99ff550b85ef8e44a6950c6ee24514fb6a5489e51d06f0298?s=96&d=mm&r=g\",\"contentUrl\":\"https:\\\/\\\/secure.gravatar.com\\\/avatar\\\/7ce1f28c0c3bbac99ff550b85ef8e44a6950c6ee24514fb6a5489e51d06f0298?s=96&d=mm&r=g\",\"caption\":\"webdo.tn\"},\"url\":\"https:\\\/\\\/www.webdo.tn\\\/fr\\\/actualite\\\/author\\\/webdotn\\\/\"}]}<\/script>\n<!-- \/ Yoast SEO Premium plugin. -->","yoast_head_json":{"title":"Poign\u00e9e de mains historique, la deuxi\u00e8me du genre, entre Barack Obama et Raoul Castro","description":"Poign\u00e9e de mains historique, la deuxi\u00e8me du genre, entre Barack Obama et Raoul Castro","canonical":"https:\/\/www.webdo.tn\/fr\/actualite\/international\/poignee-de-mains-historique-la-deuxieme-du-genre-entre-barack-obama-et-raoul-castro\/184158\/","og_locale":"fr_FR","og_type":"article","og_title":"Poign\u00e9e de mains historique, la deuxi\u00e8me du genre, entre Barack Obama et Raoul Castro","og_description":"Poign\u00e9e de mains historique, la deuxi\u00e8me du genre, entre Barack Obama et Raoul Castro","og_url":"https:\/\/www.webdo.tn\/fr\/actualite\/international\/poignee-de-mains-historique-la-deuxieme-du-genre-entre-barack-obama-et-raoul-castro\/184158\/","og_site_name":"webdo","article_publisher":"https:\/\/www.facebook.com\/webdotn","article_published_time":"2015-04-11T13:47:00+00:00","article_modified_time":"2025-05-19T10:18:19+00:00","author":"webdo.tn","twitter_card":"summary_large_image","twitter_creator":"@webdo_tn","twitter_site":"@webdo_tn","twitter_misc":{"\u00c9crit par":"webdo.tn","Dur\u00e9e de lecture estim\u00e9e":"1 minute"},"schema":{"@context":"https:\/\/schema.org","@graph":[{"@type":"NewsArticle","@id":"https:\/\/www.webdo.tn\/fr\/actualite\/international\/poignee-de-mains-historique-la-deuxieme-du-genre-entre-barack-obama-et-raoul-castro\/184158\/#article","isPartOf":{"@id":"https:\/\/www.webdo.tn\/fr\/actualite\/international\/poignee-de-mains-historique-la-deuxieme-du-genre-entre-barack-obama-et-raoul-castro\/184158\/"},"author":{"name":"webdo.tn","@id":"https:\/\/www.webdo.tn\/fr\/#\/schema\/person\/9a9c6118d687c117df8ef3cc36a4d175"},"headline":"Poign\u00e9e de mains historique, la deuxi\u00e8me du genre, entre Barack Obama et Raoul Castro","datePublished":"2015-04-11T13:47:00+00:00","dateModified":"2025-05-19T10:18:19+00:00","mainEntityOfPage":{"@id":"https:\/\/www.webdo.tn\/fr\/actualite\/international\/poignee-de-mains-historique-la-deuxieme-du-genre-entre-barack-obama-et-raoul-castro\/184158\/"},"wordCount":182,"commentCount":0,"publisher":{"@id":"https:\/\/www.webdo.tn\/fr\/#organization"},"image":{"@id":"https:\/\/www.webdo.tn\/fr\/actualite\/international\/poignee-de-mains-historique-la-deuxieme-du-genre-entre-barack-obama-et-raoul-castro\/184158\/#primaryimage"},"thumbnailUrl":"https:\/\/www.webdo.tn\/fr\/wp-content\/uploads\/2025\/06\/Barack-Obama-et-Raul-Castro-ont-mis-leurs-differends-entre-parentheses_184158.jpg","keywords":["guerre"],"articleSection":["International"],"inLanguage":"fr-FR"},{"@type":"WebPage","@id":"https:\/\/www.webdo.tn\/fr\/actualite\/international\/poignee-de-mains-historique-la-deuxieme-du-genre-entre-barack-obama-et-raoul-castro\/184158\/","url":"https:\/\/www.webdo.tn\/fr\/actualite\/international\/poignee-de-mains-historique-la-deuxieme-du-genre-entre-barack-obama-et-raoul-castro\/184158\/","name":"Poign\u00e9e de mains historique, la deuxi\u00e8me du genre, entre Barack Obama et Raoul Castro","isPartOf":{"@id":"https:\/\/www.webdo.tn\/fr\/#website"},"primaryImageOfPage":{"@id":"https:\/\/www.webdo.tn\/fr\/actualite\/international\/poignee-de-mains-historique-la-deuxieme-du-genre-entre-barack-obama-et-raoul-castro\/184158\/#primaryimage"},"image":{"@id":"https:\/\/www.webdo.tn\/fr\/actualite\/international\/poignee-de-mains-historique-la-deuxieme-du-genre-entre-barack-obama-et-raoul-castro\/184158\/#primaryimage"},"thumbnailUrl":"https:\/\/www.webdo.tn\/fr\/wp-content\/uploads\/2025\/06\/Barack-Obama-et-Raul-Castro-ont-mis-leurs-differends-entre-parentheses_184158.jpg","datePublished":"2015-04-11T13:47:00+00:00","dateModified":"2025-05-19T10:18:19+00:00","description":"Poign\u00e9e de mains historique, la deuxi\u00e8me du genre, entre Barack Obama et Raoul Castro","breadcrumb":{"@id":"https:\/\/www.webdo.tn\/fr\/actualite\/international\/poignee-de-mains-historique-la-deuxieme-du-genre-entre-barack-obama-et-raoul-castro\/184158\/#breadcrumb"},"inLanguage":"fr-FR","potentialAction":[{"@type":"ReadAction","target":["https:\/\/www.webdo.tn\/fr\/actualite\/international\/poignee-de-mains-historique-la-deuxieme-du-genre-entre-barack-obama-et-raoul-castro\/184158\/"]}]},{"@type":"ImageObject","inLanguage":"fr-FR","@id":"https:\/\/www.webdo.tn\/fr\/actualite\/international\/poignee-de-mains-historique-la-deuxieme-du-genre-entre-barack-obama-et-raoul-castro\/184158\/#primaryimage","url":"https:\/\/www.webdo.tn\/fr\/wp-content\/uploads\/2025\/06\/Barack-Obama-et-Raul-Castro-ont-mis-leurs-differends-entre-parentheses_184158.jpg","contentUrl":"https:\/\/www.webdo.tn\/fr\/wp-content\/uploads\/2025\/06\/Barack-Obama-et-Raul-Castro-ont-mis-leurs-differends-entre-parentheses_184158.jpg","width":600,"height":400,"caption":"Poign\u00e9e de mains historique, la deuxi\u00e8me du genre, entre Barack Obama et Raoul Castro"},{"@type":"BreadcrumbList","@id":"https:\/\/www.webdo.tn\/fr\/actualite\/international\/poignee-de-mains-historique-la-deuxieme-du-genre-entre-barack-obama-et-raoul-castro\/184158\/#breadcrumb","itemListElement":[{"@type":"ListItem","position":1,"name":"Accueil","item":"https:\/\/www.webdo.tn\/fr\/"},{"@type":"ListItem","position":2,"name":"Poign\u00e9e de mains historique, la deuxi\u00e8me du genre, entre Barack Obama et Raoul Castro"}]},{"@type":"WebSite","@id":"https:\/\/www.webdo.tn\/fr\/#website","url":"https:\/\/www.webdo.tn\/fr\/","name":"webdo","description":"Tunisie - News en Tunisie et \u00e0 l&#039;international sur Webdo.tn","publisher":{"@id":"https:\/\/www.webdo.tn\/fr\/#organization"},"potentialAction":[{"@type":"SearchAction","target":{"@type":"EntryPoint","urlTemplate":"https:\/\/www.webdo.tn\/fr\/?s={search_term_string}"},"query-input":{"@type":"PropertyValueSpecification","valueRequired":true,"valueName":"search_term_string"}}],"inLanguage":"fr-FR"},{"@type":"Organization","@id":"https:\/\/www.webdo.tn\/fr\/#organization","name":"Webdo","alternateName":"Webdo.tn","url":"https:\/\/www.webdo.tn\/fr\/","logo":{"@type":"ImageObject","inLanguage":"fr-FR","@id":"https:\/\/www.webdo.tn\/fr\/#\/schema\/logo\/image\/","url":"https:\/\/www.webdo.tn\/fr\/wp-content\/uploads\/2025\/06\/Webdo-Tunisie_168377.jpg","contentUrl":"https:\/\/www.webdo.tn\/fr\/wp-content\/uploads\/2025\/06\/Webdo-Tunisie_168377.jpg","width":301,"height":301,"caption":"Webdo"},"image":{"@id":"https:\/\/www.webdo.tn\/fr\/#\/schema\/logo\/image\/"},"sameAs":["https:\/\/www.facebook.com\/webdotn","https:\/\/x.com\/webdo_tn"],"description":"Webdo est un m\u00e9dia num\u00e9rique tunisien fond\u00e9 en 2010, sp\u00e9cialis\u00e9 dans l\u2019actualit\u00e9 nationale et internationale, l\u2019\u00e9conomie, la soci\u00e9t\u00e9 et les analyses politiques. Le site s\u2019adresse \u00e0 un large public francophone et couvre l\u2019information tunisienne en temps r\u00e9el.","email":"redac@webdo.tn","legalName":"YNJ SARL","foundingDate":"2010-09-06","numberOfEmployees":{"@type":"QuantitativeValue","minValue":"11","maxValue":"50"}},{"@type":"Person","@id":"https:\/\/www.webdo.tn\/fr\/#\/schema\/person\/9a9c6118d687c117df8ef3cc36a4d175","name":"webdo.tn","image":{"@type":"ImageObject","inLanguage":"fr-FR","@id":"https:\/\/secure.gravatar.com\/avatar\/7ce1f28c0c3bbac99ff550b85ef8e44a6950c6ee24514fb6a5489e51d06f0298?s=96&d=mm&r=g","url":"https:\/\/secure.gravatar.com\/avatar\/7ce1f28c0c3bbac99ff550b85ef8e44a6950c6ee24514fb6a5489e51d06f0298?s=96&d=mm&r=g","contentUrl":"https:\/\/secure.gravatar.com\/avatar\/7ce1f28c0c3bbac99ff550b85ef8e44a6950c6ee24514fb6a5489e51d06f0298?s=96&d=mm&r=g","caption":"webdo.tn"},"url":"https:\/\/www.webdo.tn\/fr\/actualite\/author\/webdotn\/"}]}},"_links":{"self":[{"href":"https:\/\/www.webdo.tn\/fr\/wp-json\/wp\/v2\/posts\/184158","targetHints":{"allow":["GET"]}}],"collection":[{"href":"https:\/\/www.webdo.tn\/fr\/wp-json\/wp\/v2\/posts"}],"about":[{"href":"https:\/\/www.webdo.tn\/fr\/wp-json\/wp\/v2\/types\/post"}],"author":[{"embeddable":true,"href":"https:\/\/www.webdo.tn\/fr\/wp-json\/wp\/v2\/users\/3222"}],"replies":[{"embeddable":true,"href":"https:\/\/www.webdo.tn\/fr\/wp-json\/wp\/v2\/comments?post=184158"}],"version-history":[{"count":0,"href":"https:\/\/www.webdo.tn\/fr\/wp-json\/wp\/v2\/posts\/184158\/revisions"}],"wp:featuredmedia":[{"embeddable":true,"href":"https:\/\/www.webdo.tn\/fr\/wp-json\/wp\/v2\/media\/373016"}],"wp:attachment":[{"href":"https:\/\/www.webdo.tn\/fr\/wp-json\/wp\/v2\/media?parent=184158"}],"wp:term":[{"taxonomy":"category","embeddable":true,"href":"https:\/\/www.webdo.tn\/fr\/wp-json\/wp\/v2\/categories?post=184158"},{"taxonomy":"post_tag","embeddable":true,"href":"https:\/\/www.webdo.tn\/fr\/wp-json\/wp\/v2\/tags?post=184158"}],"curies":[{"name":"wp","href":"https:\/\/api.w.org\/{rel}","templated":true}]}}