{"id":184157,"date":"2015-04-12T21:29:00","date_gmt":"2015-04-12T21:29:00","guid":{"rendered":"https:\/\/www.webdo.tn\/fr\/blog\/etats-unis-hillary-clinton-annonce-sa-candidature-a-lelection-presidentielle-de-2016\/184157\/"},"modified":"2015-04-12T21:29:00","modified_gmt":"2015-04-12T21:29:00","slug":"etats-unis-hillary-clinton-annonce-sa-candidature-a-lelection-presidentielle-de-2016","status":"publish","type":"post","link":"https:\/\/www.webdo.tn\/fr\/actualite\/international\/etats-unis-hillary-clinton-annonce-sa-candidature-a-lelection-presidentielle-de-2016\/184157\/","title":{"rendered":"Etats Unis : Hillary Clinton annonce sa candidature \u00e0 l&rsquo;\u00e9lection pr\u00e9sidentielle de 2016"},"content":{"rendered":"<p>Hillary Clinton a annonc\u00e9 officiellement, ce dimanche 12 avril, \u00e0 travers une vid\u00e9o post\u00e9e sur son compte youtube, sa candidature \u00e0 l\u2019investiture d\u00e9mocrate pour l&rsquo;\u00e9lection pr\u00e9sidentielle qui aura lieu en novembre 2016 aux Etats-Unis.<\/p>\n<p>\u00ab\u00a0Les Am\u00e9ricains de tous les jours\u00a0ont besoin d&rsquo;une championne, et je veux \u00eatre cette championne\u00a0\u00bb a affirm\u00e9 Hillary Clinton.<\/p>\n<p>A 67 ans, Mme Clinton veut devenir la premi\u00e8re dame \u00e0 gouverner les Etats-Unis d&rsquo;Am\u00e9rique.<br \/>\nBiographie<\/p>\n<p>\t44\u00e8me Premi\u00e8re dame des Etats-Unis de 1993 \u00e0 2001 sous la pr\u00e9sidence de son mari Bill Clinton<br \/>\n\tS\u00e9natrice d\u00e9mocrate de l&rsquo;Etat de New York de 2001 \u00e0 2009<br \/>\n\tSecr\u00e9taire d&rsquo;Etat des Etats Unis de 2009 \u00e0 2013 au sein du\u00a0gouvernement\u00a0de Barack Obama<\/p>\n","protected":false},"excerpt":{"rendered":"<p>Etats Unis : Hillary Clinton annonce sa candidature \u00e0 l&rsquo;\u00e9lection pr\u00e9sidentielle de 2016<\/p>\n","protected":false},"author":3222,"featured_media":335725,"comment_status":"open","ping_status":"closed","sticky":false,"template":"","format":"standard","meta":{"footnotes":""},"categories":[2598],"tags":[2600],"class_list":["post-184157","post","type-post","status-publish","format-standard","has-post-thumbnail","hentry","category-international","tag-guerre"],"yoast_head":"<!-- This site is optimized with the Yoast SEO Premium plugin v27.5 (Yoast SEO v27.5) - https:\/\/yoast.com\/product\/yoast-seo-premium-wordpress\/ -->\n<title>Etats Unis : Hillary Clinton annonce sa candidature \u00e0 l&#039;\u00e9lection pr\u00e9sidentielle de 2016<\/title>\n<meta name=\"description\" content=\"Etats Unis : Hillary Clinton annonce sa candidature \u00e0 l&#039;\u00e9lection pr\u00e9sidentielle de 2016\" \/>\n<link rel=\"canonical\" href=\"https:\/\/www.webdo.tn\/fr\/actualite\/international\/etats-unis-hillary-clinton-annonce-sa-candidature-a-lelection-presidentielle-de-2016\/184157\/\" \/>\n<meta property=\"og:locale\" content=\"fr_FR\" \/>\n<meta property=\"og:type\" content=\"article\" \/>\n<meta property=\"og:title\" content=\"Etats Unis : Hillary Clinton annonce sa candidature \u00e0 l&#039;\u00e9lection pr\u00e9sidentielle de 2016\" \/>\n<meta property=\"og:description\" content=\"Etats Unis : Hillary Clinton annonce sa candidature \u00e0 l&#039;\u00e9lection pr\u00e9sidentielle de 2016\" \/>\n<meta property=\"og:url\" content=\"https:\/\/www.webdo.tn\/fr\/actualite\/international\/etats-unis-hillary-clinton-annonce-sa-candidature-a-lelection-presidentielle-de-2016\/184157\/\" \/>\n<meta property=\"og:site_name\" content=\"webdo\" \/>\n<meta property=\"article:publisher\" content=\"https:\/\/www.facebook.com\/webdotn\" \/>\n<meta property=\"article:published_time\" content=\"2015-04-12T21:29:00+00:00\" \/>\n<meta property=\"og:image\" content=\"https:\/\/www.webdo.tn\/fr\/wp-content\/uploads\/2015\/04\/webdo_default-89.jpg\" \/>\n\t<meta property=\"og:image:width\" content=\"800\" \/>\n\t<meta property=\"og:image:height\" content=\"500\" \/>\n\t<meta property=\"og:image:type\" content=\"image\/jpeg\" \/>\n<meta name=\"author\" content=\"webdo.tn\" \/>\n<meta name=\"twitter:card\" content=\"summary_large_image\" \/>\n<meta name=\"twitter:creator\" content=\"@webdo_tn\" \/>\n<meta name=\"twitter:site\" content=\"@webdo_tn\" \/>\n<meta name=\"twitter:label1\" content=\"\u00c9crit par\" \/>\n\t<meta name=\"twitter:data1\" content=\"webdo.tn\" \/>\n\t<meta name=\"twitter:label2\" content=\"Dur\u00e9e de lecture estim\u00e9e\" \/>\n\t<meta name=\"twitter:data2\" content=\"1 minute\" \/>\n<script type=\"application\/ld+json\" class=\"yoast-schema-graph\">{\"@context\":\"https:\\\/\\\/schema.org\",\"@graph\":[{\"@type\":\"NewsArticle\",\"@id\":\"https:\\\/\\\/www.webdo.tn\\\/fr\\\/actualite\\\/international\\\/etats-unis-hillary-clinton-annonce-sa-candidature-a-lelection-presidentielle-de-2016\\\/184157\\\/#article\",\"isPartOf\":{\"@id\":\"https:\\\/\\\/www.webdo.tn\\\/fr\\\/actualite\\\/international\\\/etats-unis-hillary-clinton-annonce-sa-candidature-a-lelection-presidentielle-de-2016\\\/184157\\\/\"},\"author\":{\"name\":\"webdo.tn\",\"@id\":\"https:\\\/\\\/www.webdo.tn\\\/fr\\\/#\\\/schema\\\/person\\\/9a9c6118d687c117df8ef3cc36a4d175\"},\"headline\":\"Etats Unis : Hillary Clinton annonce sa candidature \u00e0 l&rsquo;\u00e9lection pr\u00e9sidentielle de 2016\",\"datePublished\":\"2015-04-12T21:29:00+00:00\",\"mainEntityOfPage\":{\"@id\":\"https:\\\/\\\/www.webdo.tn\\\/fr\\\/actualite\\\/international\\\/etats-unis-hillary-clinton-annonce-sa-candidature-a-lelection-presidentielle-de-2016\\\/184157\\\/\"},\"wordCount\":129,\"commentCount\":0,\"publisher\":{\"@id\":\"https:\\\/\\\/www.webdo.tn\\\/fr\\\/#organization\"},\"image\":{\"@id\":\"https:\\\/\\\/www.webdo.tn\\\/fr\\\/actualite\\\/international\\\/etats-unis-hillary-clinton-annonce-sa-candidature-a-lelection-presidentielle-de-2016\\\/184157\\\/#primaryimage\"},\"thumbnailUrl\":\"https:\\\/\\\/www.webdo.tn\\\/fr\\\/wp-content\\\/uploads\\\/2015\\\/04\\\/webdo_default-89.jpg\",\"keywords\":[\"guerre\"],\"articleSection\":[\"International\"],\"inLanguage\":\"fr-FR\"},{\"@type\":\"WebPage\",\"@id\":\"https:\\\/\\\/www.webdo.tn\\\/fr\\\/actualite\\\/international\\\/etats-unis-hillary-clinton-annonce-sa-candidature-a-lelection-presidentielle-de-2016\\\/184157\\\/\",\"url\":\"https:\\\/\\\/www.webdo.tn\\\/fr\\\/actualite\\\/international\\\/etats-unis-hillary-clinton-annonce-sa-candidature-a-lelection-presidentielle-de-2016\\\/184157\\\/\",\"name\":\"Etats Unis : Hillary Clinton annonce sa candidature \u00e0 l'\u00e9lection pr\u00e9sidentielle de 2016\",\"isPartOf\":{\"@id\":\"https:\\\/\\\/www.webdo.tn\\\/fr\\\/#website\"},\"primaryImageOfPage\":{\"@id\":\"https:\\\/\\\/www.webdo.tn\\\/fr\\\/actualite\\\/international\\\/etats-unis-hillary-clinton-annonce-sa-candidature-a-lelection-presidentielle-de-2016\\\/184157\\\/#primaryimage\"},\"image\":{\"@id\":\"https:\\\/\\\/www.webdo.tn\\\/fr\\\/actualite\\\/international\\\/etats-unis-hillary-clinton-annonce-sa-candidature-a-lelection-presidentielle-de-2016\\\/184157\\\/#primaryimage\"},\"thumbnailUrl\":\"https:\\\/\\\/www.webdo.tn\\\/fr\\\/wp-content\\\/uploads\\\/2015\\\/04\\\/webdo_default-89.jpg\",\"datePublished\":\"2015-04-12T21:29:00+00:00\",\"description\":\"Etats Unis : Hillary Clinton annonce sa candidature \u00e0 l'\u00e9lection pr\u00e9sidentielle de 2016\",\"breadcrumb\":{\"@id\":\"https:\\\/\\\/www.webdo.tn\\\/fr\\\/actualite\\\/international\\\/etats-unis-hillary-clinton-annonce-sa-candidature-a-lelection-presidentielle-de-2016\\\/184157\\\/#breadcrumb\"},\"inLanguage\":\"fr-FR\",\"potentialAction\":[{\"@type\":\"ReadAction\",\"target\":[\"https:\\\/\\\/www.webdo.tn\\\/fr\\\/actualite\\\/international\\\/etats-unis-hillary-clinton-annonce-sa-candidature-a-lelection-presidentielle-de-2016\\\/184157\\\/\"]}]},{\"@type\":\"ImageObject\",\"inLanguage\":\"fr-FR\",\"@id\":\"https:\\\/\\\/www.webdo.tn\\\/fr\\\/actualite\\\/international\\\/etats-unis-hillary-clinton-annonce-sa-candidature-a-lelection-presidentielle-de-2016\\\/184157\\\/#primaryimage\",\"url\":\"https:\\\/\\\/www.webdo.tn\\\/fr\\\/wp-content\\\/uploads\\\/2015\\\/04\\\/webdo_default-89.jpg\",\"contentUrl\":\"https:\\\/\\\/www.webdo.tn\\\/fr\\\/wp-content\\\/uploads\\\/2015\\\/04\\\/webdo_default-89.jpg\",\"width\":800,\"height\":500,\"caption\":\"Etats Unis : Hillary Clinton annonce sa candidature \u00e0 l'\u00e9lection pr\u00e9sidentielle de 2016\"},{\"@type\":\"BreadcrumbList\",\"@id\":\"https:\\\/\\\/www.webdo.tn\\\/fr\\\/actualite\\\/international\\\/etats-unis-hillary-clinton-annonce-sa-candidature-a-lelection-presidentielle-de-2016\\\/184157\\\/#breadcrumb\",\"itemListElement\":[{\"@type\":\"ListItem\",\"position\":1,\"name\":\"Accueil\",\"item\":\"https:\\\/\\\/www.webdo.tn\\\/fr\\\/\"},{\"@type\":\"ListItem\",\"position\":2,\"name\":\"Etats Unis : Hillary Clinton annonce sa candidature \u00e0 l&rsquo;\u00e9lection pr\u00e9sidentielle de 2016\"}]},{\"@type\":\"WebSite\",\"@id\":\"https:\\\/\\\/www.webdo.tn\\\/fr\\\/#website\",\"url\":\"https:\\\/\\\/www.webdo.tn\\\/fr\\\/\",\"name\":\"webdo\",\"description\":\"Tunisie - News en Tunisie et \u00e0 l&#039;international sur Webdo.tn\",\"publisher\":{\"@id\":\"https:\\\/\\\/www.webdo.tn\\\/fr\\\/#organization\"},\"potentialAction\":[{\"@type\":\"SearchAction\",\"target\":{\"@type\":\"EntryPoint\",\"urlTemplate\":\"https:\\\/\\\/www.webdo.tn\\\/fr\\\/?s={search_term_string}\"},\"query-input\":{\"@type\":\"PropertyValueSpecification\",\"valueRequired\":true,\"valueName\":\"search_term_string\"}}],\"inLanguage\":\"fr-FR\"},{\"@type\":\"Organization\",\"@id\":\"https:\\\/\\\/www.webdo.tn\\\/fr\\\/#organization\",\"name\":\"Webdo\",\"alternateName\":\"Webdo.tn\",\"url\":\"https:\\\/\\\/www.webdo.tn\\\/fr\\\/\",\"logo\":{\"@type\":\"ImageObject\",\"inLanguage\":\"fr-FR\",\"@id\":\"https:\\\/\\\/www.webdo.tn\\\/fr\\\/#\\\/schema\\\/logo\\\/image\\\/\",\"url\":\"https:\\\/\\\/www.webdo.tn\\\/fr\\\/wp-content\\\/uploads\\\/2025\\\/06\\\/Webdo-Tunisie_168377.jpg\",\"contentUrl\":\"https:\\\/\\\/www.webdo.tn\\\/fr\\\/wp-content\\\/uploads\\\/2025\\\/06\\\/Webdo-Tunisie_168377.jpg\",\"width\":301,\"height\":301,\"caption\":\"Webdo\"},\"image\":{\"@id\":\"https:\\\/\\\/www.webdo.tn\\\/fr\\\/#\\\/schema\\\/logo\\\/image\\\/\"},\"sameAs\":[\"https:\\\/\\\/www.facebook.com\\\/webdotn\",\"https:\\\/\\\/x.com\\\/webdo_tn\"],\"description\":\"Webdo est un m\u00e9dia num\u00e9rique tunisien fond\u00e9 en 2010, sp\u00e9cialis\u00e9 dans l\u2019actualit\u00e9 nationale et internationale, l\u2019\u00e9conomie, la soci\u00e9t\u00e9 et les analyses politiques. Le site s\u2019adresse \u00e0 un large public francophone et couvre l\u2019information tunisienne en temps r\u00e9el.\",\"email\":\"redac@webdo.tn\",\"legalName\":\"YNJ SARL\",\"foundingDate\":\"2010-09-06\",\"numberOfEmployees\":{\"@type\":\"QuantitativeValue\",\"minValue\":\"11\",\"maxValue\":\"50\"}},{\"@type\":\"Person\",\"@id\":\"https:\\\/\\\/www.webdo.tn\\\/fr\\\/#\\\/schema\\\/person\\\/9a9c6118d687c117df8ef3cc36a4d175\",\"name\":\"webdo.tn\",\"image\":{\"@type\":\"ImageObject\",\"inLanguage\":\"fr-FR\",\"@id\":\"https:\\\/\\\/secure.gravatar.com\\\/avatar\\\/7ce1f28c0c3bbac99ff550b85ef8e44a6950c6ee24514fb6a5489e51d06f0298?s=96&d=mm&r=g\",\"url\":\"https:\\\/\\\/secure.gravatar.com\\\/avatar\\\/7ce1f28c0c3bbac99ff550b85ef8e44a6950c6ee24514fb6a5489e51d06f0298?s=96&d=mm&r=g\",\"contentUrl\":\"https:\\\/\\\/secure.gravatar.com\\\/avatar\\\/7ce1f28c0c3bbac99ff550b85ef8e44a6950c6ee24514fb6a5489e51d06f0298?s=96&d=mm&r=g\",\"caption\":\"webdo.tn\"},\"url\":\"https:\\\/\\\/www.webdo.tn\\\/fr\\\/actualite\\\/author\\\/webdotn\\\/\"}]}<\/script>\n<!-- \/ Yoast SEO Premium plugin. -->","yoast_head_json":{"title":"Etats Unis : Hillary Clinton annonce sa candidature \u00e0 l'\u00e9lection pr\u00e9sidentielle de 2016","description":"Etats Unis : Hillary Clinton annonce sa candidature \u00e0 l'\u00e9lection pr\u00e9sidentielle de 2016","canonical":"https:\/\/www.webdo.tn\/fr\/actualite\/international\/etats-unis-hillary-clinton-annonce-sa-candidature-a-lelection-presidentielle-de-2016\/184157\/","og_locale":"fr_FR","og_type":"article","og_title":"Etats Unis : Hillary Clinton annonce sa candidature \u00e0 l'\u00e9lection pr\u00e9sidentielle de 2016","og_description":"Etats Unis : Hillary Clinton annonce sa candidature \u00e0 l'\u00e9lection pr\u00e9sidentielle de 2016","og_url":"https:\/\/www.webdo.tn\/fr\/actualite\/international\/etats-unis-hillary-clinton-annonce-sa-candidature-a-lelection-presidentielle-de-2016\/184157\/","og_site_name":"webdo","article_publisher":"https:\/\/www.facebook.com\/webdotn","article_published_time":"2015-04-12T21:29:00+00:00","og_image":[{"width":800,"height":500,"url":"https:\/\/www.webdo.tn\/fr\/wp-content\/uploads\/2015\/04\/webdo_default-89.jpg","type":"image\/jpeg"}],"author":"webdo.tn","twitter_card":"summary_large_image","twitter_creator":"@webdo_tn","twitter_site":"@webdo_tn","twitter_misc":{"\u00c9crit par":"webdo.tn","Dur\u00e9e de lecture estim\u00e9e":"1 minute"},"schema":{"@context":"https:\/\/schema.org","@graph":[{"@type":"NewsArticle","@id":"https:\/\/www.webdo.tn\/fr\/actualite\/international\/etats-unis-hillary-clinton-annonce-sa-candidature-a-lelection-presidentielle-de-2016\/184157\/#article","isPartOf":{"@id":"https:\/\/www.webdo.tn\/fr\/actualite\/international\/etats-unis-hillary-clinton-annonce-sa-candidature-a-lelection-presidentielle-de-2016\/184157\/"},"author":{"name":"webdo.tn","@id":"https:\/\/www.webdo.tn\/fr\/#\/schema\/person\/9a9c6118d687c117df8ef3cc36a4d175"},"headline":"Etats Unis : Hillary Clinton annonce sa candidature \u00e0 l&rsquo;\u00e9lection pr\u00e9sidentielle de 2016","datePublished":"2015-04-12T21:29:00+00:00","mainEntityOfPage":{"@id":"https:\/\/www.webdo.tn\/fr\/actualite\/international\/etats-unis-hillary-clinton-annonce-sa-candidature-a-lelection-presidentielle-de-2016\/184157\/"},"wordCount":129,"commentCount":0,"publisher":{"@id":"https:\/\/www.webdo.tn\/fr\/#organization"},"image":{"@id":"https:\/\/www.webdo.tn\/fr\/actualite\/international\/etats-unis-hillary-clinton-annonce-sa-candidature-a-lelection-presidentielle-de-2016\/184157\/#primaryimage"},"thumbnailUrl":"https:\/\/www.webdo.tn\/fr\/wp-content\/uploads\/2015\/04\/webdo_default-89.jpg","keywords":["guerre"],"articleSection":["International"],"inLanguage":"fr-FR"},{"@type":"WebPage","@id":"https:\/\/www.webdo.tn\/fr\/actualite\/international\/etats-unis-hillary-clinton-annonce-sa-candidature-a-lelection-presidentielle-de-2016\/184157\/","url":"https:\/\/www.webdo.tn\/fr\/actualite\/international\/etats-unis-hillary-clinton-annonce-sa-candidature-a-lelection-presidentielle-de-2016\/184157\/","name":"Etats Unis : Hillary Clinton annonce sa candidature \u00e0 l'\u00e9lection pr\u00e9sidentielle de 2016","isPartOf":{"@id":"https:\/\/www.webdo.tn\/fr\/#website"},"primaryImageOfPage":{"@id":"https:\/\/www.webdo.tn\/fr\/actualite\/international\/etats-unis-hillary-clinton-annonce-sa-candidature-a-lelection-presidentielle-de-2016\/184157\/#primaryimage"},"image":{"@id":"https:\/\/www.webdo.tn\/fr\/actualite\/international\/etats-unis-hillary-clinton-annonce-sa-candidature-a-lelection-presidentielle-de-2016\/184157\/#primaryimage"},"thumbnailUrl":"https:\/\/www.webdo.tn\/fr\/wp-content\/uploads\/2015\/04\/webdo_default-89.jpg","datePublished":"2015-04-12T21:29:00+00:00","description":"Etats Unis : Hillary Clinton annonce sa candidature \u00e0 l'\u00e9lection pr\u00e9sidentielle de 2016","breadcrumb":{"@id":"https:\/\/www.webdo.tn\/fr\/actualite\/international\/etats-unis-hillary-clinton-annonce-sa-candidature-a-lelection-presidentielle-de-2016\/184157\/#breadcrumb"},"inLanguage":"fr-FR","potentialAction":[{"@type":"ReadAction","target":["https:\/\/www.webdo.tn\/fr\/actualite\/international\/etats-unis-hillary-clinton-annonce-sa-candidature-a-lelection-presidentielle-de-2016\/184157\/"]}]},{"@type":"ImageObject","inLanguage":"fr-FR","@id":"https:\/\/www.webdo.tn\/fr\/actualite\/international\/etats-unis-hillary-clinton-annonce-sa-candidature-a-lelection-presidentielle-de-2016\/184157\/#primaryimage","url":"https:\/\/www.webdo.tn\/fr\/wp-content\/uploads\/2015\/04\/webdo_default-89.jpg","contentUrl":"https:\/\/www.webdo.tn\/fr\/wp-content\/uploads\/2015\/04\/webdo_default-89.jpg","width":800,"height":500,"caption":"Etats Unis : Hillary Clinton annonce sa candidature \u00e0 l'\u00e9lection pr\u00e9sidentielle de 2016"},{"@type":"BreadcrumbList","@id":"https:\/\/www.webdo.tn\/fr\/actualite\/international\/etats-unis-hillary-clinton-annonce-sa-candidature-a-lelection-presidentielle-de-2016\/184157\/#breadcrumb","itemListElement":[{"@type":"ListItem","position":1,"name":"Accueil","item":"https:\/\/www.webdo.tn\/fr\/"},{"@type":"ListItem","position":2,"name":"Etats Unis : Hillary Clinton annonce sa candidature \u00e0 l&rsquo;\u00e9lection pr\u00e9sidentielle de 2016"}]},{"@type":"WebSite","@id":"https:\/\/www.webdo.tn\/fr\/#website","url":"https:\/\/www.webdo.tn\/fr\/","name":"webdo","description":"Tunisie - News en Tunisie et \u00e0 l&#039;international sur Webdo.tn","publisher":{"@id":"https:\/\/www.webdo.tn\/fr\/#organization"},"potentialAction":[{"@type":"SearchAction","target":{"@type":"EntryPoint","urlTemplate":"https:\/\/www.webdo.tn\/fr\/?s={search_term_string}"},"query-input":{"@type":"PropertyValueSpecification","valueRequired":true,"valueName":"search_term_string"}}],"inLanguage":"fr-FR"},{"@type":"Organization","@id":"https:\/\/www.webdo.tn\/fr\/#organization","name":"Webdo","alternateName":"Webdo.tn","url":"https:\/\/www.webdo.tn\/fr\/","logo":{"@type":"ImageObject","inLanguage":"fr-FR","@id":"https:\/\/www.webdo.tn\/fr\/#\/schema\/logo\/image\/","url":"https:\/\/www.webdo.tn\/fr\/wp-content\/uploads\/2025\/06\/Webdo-Tunisie_168377.jpg","contentUrl":"https:\/\/www.webdo.tn\/fr\/wp-content\/uploads\/2025\/06\/Webdo-Tunisie_168377.jpg","width":301,"height":301,"caption":"Webdo"},"image":{"@id":"https:\/\/www.webdo.tn\/fr\/#\/schema\/logo\/image\/"},"sameAs":["https:\/\/www.facebook.com\/webdotn","https:\/\/x.com\/webdo_tn"],"description":"Webdo est un m\u00e9dia num\u00e9rique tunisien fond\u00e9 en 2010, sp\u00e9cialis\u00e9 dans l\u2019actualit\u00e9 nationale et internationale, l\u2019\u00e9conomie, la soci\u00e9t\u00e9 et les analyses politiques. Le site s\u2019adresse \u00e0 un large public francophone et couvre l\u2019information tunisienne en temps r\u00e9el.","email":"redac@webdo.tn","legalName":"YNJ SARL","foundingDate":"2010-09-06","numberOfEmployees":{"@type":"QuantitativeValue","minValue":"11","maxValue":"50"}},{"@type":"Person","@id":"https:\/\/www.webdo.tn\/fr\/#\/schema\/person\/9a9c6118d687c117df8ef3cc36a4d175","name":"webdo.tn","image":{"@type":"ImageObject","inLanguage":"fr-FR","@id":"https:\/\/secure.gravatar.com\/avatar\/7ce1f28c0c3bbac99ff550b85ef8e44a6950c6ee24514fb6a5489e51d06f0298?s=96&d=mm&r=g","url":"https:\/\/secure.gravatar.com\/avatar\/7ce1f28c0c3bbac99ff550b85ef8e44a6950c6ee24514fb6a5489e51d06f0298?s=96&d=mm&r=g","contentUrl":"https:\/\/secure.gravatar.com\/avatar\/7ce1f28c0c3bbac99ff550b85ef8e44a6950c6ee24514fb6a5489e51d06f0298?s=96&d=mm&r=g","caption":"webdo.tn"},"url":"https:\/\/www.webdo.tn\/fr\/actualite\/author\/webdotn\/"}]}},"_links":{"self":[{"href":"https:\/\/www.webdo.tn\/fr\/wp-json\/wp\/v2\/posts\/184157","targetHints":{"allow":["GET"]}}],"collection":[{"href":"https:\/\/www.webdo.tn\/fr\/wp-json\/wp\/v2\/posts"}],"about":[{"href":"https:\/\/www.webdo.tn\/fr\/wp-json\/wp\/v2\/types\/post"}],"author":[{"embeddable":true,"href":"https:\/\/www.webdo.tn\/fr\/wp-json\/wp\/v2\/users\/3222"}],"replies":[{"embeddable":true,"href":"https:\/\/www.webdo.tn\/fr\/wp-json\/wp\/v2\/comments?post=184157"}],"version-history":[{"count":0,"href":"https:\/\/www.webdo.tn\/fr\/wp-json\/wp\/v2\/posts\/184157\/revisions"}],"wp:featuredmedia":[{"embeddable":true,"href":"https:\/\/www.webdo.tn\/fr\/wp-json\/wp\/v2\/media\/335725"}],"wp:attachment":[{"href":"https:\/\/www.webdo.tn\/fr\/wp-json\/wp\/v2\/media?parent=184157"}],"wp:term":[{"taxonomy":"category","embeddable":true,"href":"https:\/\/www.webdo.tn\/fr\/wp-json\/wp\/v2\/categories?post=184157"},{"taxonomy":"post_tag","embeddable":true,"href":"https:\/\/www.webdo.tn\/fr\/wp-json\/wp\/v2\/tags?post=184157"}],"curies":[{"name":"wp","href":"https:\/\/api.w.org\/{rel}","templated":true}]}}