{"id":184154,"date":"2015-04-16T11:37:00","date_gmt":"2015-04-16T11:37:00","guid":{"rendered":"https:\/\/www.webdo.tn\/fr\/actualite\/blog\/unicef-uruguay-a-lance-un-message-silencieux-contre-la-maltraitance-des-enfants\/184154\/"},"modified":"2025-05-22T12:57:21","modified_gmt":"2025-05-22T12:57:21","slug":"unicef-uruguay-a-lance-un-message-silencieux-contre-la-maltraitance-des-enfants","status":"publish","type":"post","link":"https:\/\/www.webdo.tn\/fr\/actualite\/international\/unicef-uruguay-a-lance-un-message-silencieux-contre-la-maltraitance-des-enfants\/184154\/","title":{"rendered":"UNICEF Uruguay a lanc\u00e9 un \u00ab\u00a0message silencieux\u00a0\u00bb contre la maltraitance des enfants"},"content":{"rendered":"<p>UNICEF Uruguay\u00a0a lanc\u00e9 une campagne de sensibilisation contre la maltraitance des enfants, #FinAlMaltrato, \u00e0 travers une vid\u00e9o post\u00e9e le 16 mars dernier sur leur compte Facebook et YouTube.<\/p>\n<p>Dans\u00a0cette vid\u00e9o,\u00a0visionn\u00e9e 2.675.498 fois sur la page de l&rsquo;UNICEF et qui est sous forme d&rsquo;un\u00a0message silencieux lanc\u00e9 par UNICEF Uruguay afin de mettre fin \u00e0 la violence \u00e0 l&rsquo;encontre des enfants en Uruguay et dans le monde.<\/p>\n<p>Des figurants fig\u00e9s comme des statues dans la rue maltraitant des enfants devant la stup\u00e9faction totale des passants, \u00e9mus par cette pr\u00e9sentation et qui \u00e0 la fin se rapprochent de ces figurants et prennent en main un manifeste qui d\u00e9nonce cette maltraitance.<br \/>\n[pull_quote_center]La famille doit \u00eatre un environnement o\u00f9 les enfants se sentent en s\u00e9curit\u00e9 , entretenus et valoris\u00e9s. Si l&rsquo;enfant est agress\u00e9 par quelqu&rsquo;un qui aime affecter leur estime de soi et la confiance en soi, il existe plusieurs fa\u00e7ons de fixer des limites et d&rsquo;\u00e9duquer sans violence.[\/pull_quote_center]<\/p>\n","protected":false},"excerpt":{"rendered":"<p>UNICEF Uruguay a lanc\u00e9 un  message silencieux  contre la maltraitance des enfants<\/p>\n","protected":false},"author":3222,"featured_media":352146,"comment_status":"open","ping_status":"closed","sticky":false,"template":"","format":"standard","meta":{"footnotes":""},"categories":[2598],"tags":[],"class_list":["post-184154","post","type-post","status-publish","format-standard","has-post-thumbnail","hentry","category-international"],"yoast_head":"<!-- This site is optimized with the Yoast SEO Premium plugin v27.5 (Yoast SEO v27.5) - https:\/\/yoast.com\/product\/yoast-seo-premium-wordpress\/ -->\n<title>UNICEF Uruguay a lanc\u00e9 un message silencieux contre la maltraitance des enfants<\/title>\n<meta name=\"description\" content=\"UNICEF Uruguay a lanc\u00e9 un message silencieux contre la maltraitance des enfants\" \/>\n<link rel=\"canonical\" href=\"https:\/\/www.webdo.tn\/fr\/actualite\/international\/unicef-uruguay-a-lance-un-message-silencieux-contre-la-maltraitance-des-enfants\/184154\/\" \/>\n<meta property=\"og:locale\" content=\"fr_FR\" \/>\n<meta property=\"og:type\" content=\"article\" \/>\n<meta property=\"og:title\" content=\"UNICEF Uruguay a lanc\u00e9 un &quot;message silencieux&quot; contre la maltraitance des enfants\" \/>\n<meta property=\"og:description\" content=\"UNICEF Uruguay a lanc\u00e9 un message silencieux contre la maltraitance des enfants\" \/>\n<meta property=\"og:url\" content=\"https:\/\/www.webdo.tn\/fr\/actualite\/international\/unicef-uruguay-a-lance-un-message-silencieux-contre-la-maltraitance-des-enfants\/184154\/\" \/>\n<meta property=\"og:site_name\" content=\"webdo\" \/>\n<meta property=\"article:publisher\" content=\"https:\/\/www.facebook.com\/webdotn\" \/>\n<meta property=\"article:published_time\" content=\"2015-04-16T11:37:00+00:00\" \/>\n<meta property=\"article:modified_time\" content=\"2025-05-22T12:57:21+00:00\" \/>\n<meta property=\"og:image\" content=\"https:\/\/www.webdo.tn\/fr\/wp-content\/uploads\/2015\/04\/webdo_default-129.jpg\" \/>\n\t<meta property=\"og:image:width\" content=\"800\" \/>\n\t<meta property=\"og:image:height\" content=\"500\" \/>\n\t<meta property=\"og:image:type\" content=\"image\/jpeg\" \/>\n<meta name=\"author\" content=\"webdo.tn\" \/>\n<meta name=\"twitter:card\" content=\"summary_large_image\" \/>\n<meta name=\"twitter:creator\" content=\"@webdo_tn\" \/>\n<meta name=\"twitter:site\" content=\"@webdo_tn\" \/>\n<meta name=\"twitter:label1\" content=\"\u00c9crit par\" \/>\n\t<meta name=\"twitter:data1\" content=\"webdo.tn\" \/>\n\t<meta name=\"twitter:label2\" content=\"Dur\u00e9e de lecture estim\u00e9e\" \/>\n\t<meta name=\"twitter:data2\" content=\"1 minute\" \/>\n<script type=\"application\/ld+json\" class=\"yoast-schema-graph\">{\"@context\":\"https:\\\/\\\/schema.org\",\"@graph\":[{\"@type\":\"NewsArticle\",\"@id\":\"https:\\\/\\\/www.webdo.tn\\\/fr\\\/actualite\\\/international\\\/unicef-uruguay-a-lance-un-message-silencieux-contre-la-maltraitance-des-enfants\\\/184154\\\/#article\",\"isPartOf\":{\"@id\":\"https:\\\/\\\/www.webdo.tn\\\/fr\\\/actualite\\\/international\\\/unicef-uruguay-a-lance-un-message-silencieux-contre-la-maltraitance-des-enfants\\\/184154\\\/\"},\"author\":{\"name\":\"webdo.tn\",\"@id\":\"https:\\\/\\\/www.webdo.tn\\\/fr\\\/#\\\/schema\\\/person\\\/9a9c6118d687c117df8ef3cc36a4d175\"},\"headline\":\"UNICEF Uruguay a lanc\u00e9 un \u00ab\u00a0message silencieux\u00a0\u00bb contre la maltraitance des enfants\",\"datePublished\":\"2015-04-16T11:37:00+00:00\",\"dateModified\":\"2025-05-22T12:57:21+00:00\",\"mainEntityOfPage\":{\"@id\":\"https:\\\/\\\/www.webdo.tn\\\/fr\\\/actualite\\\/international\\\/unicef-uruguay-a-lance-un-message-silencieux-contre-la-maltraitance-des-enfants\\\/184154\\\/\"},\"wordCount\":186,\"commentCount\":0,\"publisher\":{\"@id\":\"https:\\\/\\\/www.webdo.tn\\\/fr\\\/#organization\"},\"image\":{\"@id\":\"https:\\\/\\\/www.webdo.tn\\\/fr\\\/actualite\\\/international\\\/unicef-uruguay-a-lance-un-message-silencieux-contre-la-maltraitance-des-enfants\\\/184154\\\/#primaryimage\"},\"thumbnailUrl\":\"https:\\\/\\\/www.webdo.tn\\\/fr\\\/wp-content\\\/uploads\\\/2015\\\/04\\\/webdo_default-129.jpg\",\"articleSection\":[\"International\"],\"inLanguage\":\"fr-FR\"},{\"@type\":\"WebPage\",\"@id\":\"https:\\\/\\\/www.webdo.tn\\\/fr\\\/actualite\\\/international\\\/unicef-uruguay-a-lance-un-message-silencieux-contre-la-maltraitance-des-enfants\\\/184154\\\/\",\"url\":\"https:\\\/\\\/www.webdo.tn\\\/fr\\\/actualite\\\/international\\\/unicef-uruguay-a-lance-un-message-silencieux-contre-la-maltraitance-des-enfants\\\/184154\\\/\",\"name\":\"UNICEF Uruguay a lanc\u00e9 un message silencieux contre la maltraitance des enfants\",\"isPartOf\":{\"@id\":\"https:\\\/\\\/www.webdo.tn\\\/fr\\\/#website\"},\"primaryImageOfPage\":{\"@id\":\"https:\\\/\\\/www.webdo.tn\\\/fr\\\/actualite\\\/international\\\/unicef-uruguay-a-lance-un-message-silencieux-contre-la-maltraitance-des-enfants\\\/184154\\\/#primaryimage\"},\"image\":{\"@id\":\"https:\\\/\\\/www.webdo.tn\\\/fr\\\/actualite\\\/international\\\/unicef-uruguay-a-lance-un-message-silencieux-contre-la-maltraitance-des-enfants\\\/184154\\\/#primaryimage\"},\"thumbnailUrl\":\"https:\\\/\\\/www.webdo.tn\\\/fr\\\/wp-content\\\/uploads\\\/2015\\\/04\\\/webdo_default-129.jpg\",\"datePublished\":\"2015-04-16T11:37:00+00:00\",\"dateModified\":\"2025-05-22T12:57:21+00:00\",\"description\":\"UNICEF Uruguay a lanc\u00e9 un message silencieux contre la maltraitance des enfants\",\"breadcrumb\":{\"@id\":\"https:\\\/\\\/www.webdo.tn\\\/fr\\\/actualite\\\/international\\\/unicef-uruguay-a-lance-un-message-silencieux-contre-la-maltraitance-des-enfants\\\/184154\\\/#breadcrumb\"},\"inLanguage\":\"fr-FR\",\"potentialAction\":[{\"@type\":\"ReadAction\",\"target\":[\"https:\\\/\\\/www.webdo.tn\\\/fr\\\/actualite\\\/international\\\/unicef-uruguay-a-lance-un-message-silencieux-contre-la-maltraitance-des-enfants\\\/184154\\\/\"]}]},{\"@type\":\"ImageObject\",\"inLanguage\":\"fr-FR\",\"@id\":\"https:\\\/\\\/www.webdo.tn\\\/fr\\\/actualite\\\/international\\\/unicef-uruguay-a-lance-un-message-silencieux-contre-la-maltraitance-des-enfants\\\/184154\\\/#primaryimage\",\"url\":\"https:\\\/\\\/www.webdo.tn\\\/fr\\\/wp-content\\\/uploads\\\/2015\\\/04\\\/webdo_default-129.jpg\",\"contentUrl\":\"https:\\\/\\\/www.webdo.tn\\\/fr\\\/wp-content\\\/uploads\\\/2015\\\/04\\\/webdo_default-129.jpg\",\"width\":800,\"height\":500,\"caption\":\"UNICEF Uruguay a lanc\u00e9 un \\\"message silencieux\\\" contre la maltraitance des enfants\"},{\"@type\":\"BreadcrumbList\",\"@id\":\"https:\\\/\\\/www.webdo.tn\\\/fr\\\/actualite\\\/international\\\/unicef-uruguay-a-lance-un-message-silencieux-contre-la-maltraitance-des-enfants\\\/184154\\\/#breadcrumb\",\"itemListElement\":[{\"@type\":\"ListItem\",\"position\":1,\"name\":\"Accueil\",\"item\":\"https:\\\/\\\/www.webdo.tn\\\/fr\\\/\"},{\"@type\":\"ListItem\",\"position\":2,\"name\":\"UNICEF Uruguay a lanc\u00e9 un \u00ab\u00a0message silencieux\u00a0\u00bb contre la maltraitance des enfants\"}]},{\"@type\":\"WebSite\",\"@id\":\"https:\\\/\\\/www.webdo.tn\\\/fr\\\/#website\",\"url\":\"https:\\\/\\\/www.webdo.tn\\\/fr\\\/\",\"name\":\"webdo\",\"description\":\"Tunisie - News en Tunisie et \u00e0 l&#039;international sur Webdo.tn\",\"publisher\":{\"@id\":\"https:\\\/\\\/www.webdo.tn\\\/fr\\\/#organization\"},\"potentialAction\":[{\"@type\":\"SearchAction\",\"target\":{\"@type\":\"EntryPoint\",\"urlTemplate\":\"https:\\\/\\\/www.webdo.tn\\\/fr\\\/?s={search_term_string}\"},\"query-input\":{\"@type\":\"PropertyValueSpecification\",\"valueRequired\":true,\"valueName\":\"search_term_string\"}}],\"inLanguage\":\"fr-FR\"},{\"@type\":\"Organization\",\"@id\":\"https:\\\/\\\/www.webdo.tn\\\/fr\\\/#organization\",\"name\":\"Webdo\",\"alternateName\":\"Webdo.tn\",\"url\":\"https:\\\/\\\/www.webdo.tn\\\/fr\\\/\",\"logo\":{\"@type\":\"ImageObject\",\"inLanguage\":\"fr-FR\",\"@id\":\"https:\\\/\\\/www.webdo.tn\\\/fr\\\/#\\\/schema\\\/logo\\\/image\\\/\",\"url\":\"https:\\\/\\\/www.webdo.tn\\\/fr\\\/wp-content\\\/uploads\\\/2025\\\/06\\\/Webdo-Tunisie_168377.jpg\",\"contentUrl\":\"https:\\\/\\\/www.webdo.tn\\\/fr\\\/wp-content\\\/uploads\\\/2025\\\/06\\\/Webdo-Tunisie_168377.jpg\",\"width\":301,\"height\":301,\"caption\":\"Webdo\"},\"image\":{\"@id\":\"https:\\\/\\\/www.webdo.tn\\\/fr\\\/#\\\/schema\\\/logo\\\/image\\\/\"},\"sameAs\":[\"https:\\\/\\\/www.facebook.com\\\/webdotn\",\"https:\\\/\\\/x.com\\\/webdo_tn\"],\"description\":\"Webdo est un m\u00e9dia num\u00e9rique tunisien fond\u00e9 en 2010, sp\u00e9cialis\u00e9 dans l\u2019actualit\u00e9 nationale et internationale, l\u2019\u00e9conomie, la soci\u00e9t\u00e9 et les analyses politiques. Le site s\u2019adresse \u00e0 un large public francophone et couvre l\u2019information tunisienne en temps r\u00e9el.\",\"email\":\"redac@webdo.tn\",\"legalName\":\"YNJ SARL\",\"foundingDate\":\"2010-09-06\",\"numberOfEmployees\":{\"@type\":\"QuantitativeValue\",\"minValue\":\"11\",\"maxValue\":\"50\"}},{\"@type\":\"Person\",\"@id\":\"https:\\\/\\\/www.webdo.tn\\\/fr\\\/#\\\/schema\\\/person\\\/9a9c6118d687c117df8ef3cc36a4d175\",\"name\":\"webdo.tn\",\"image\":{\"@type\":\"ImageObject\",\"inLanguage\":\"fr-FR\",\"@id\":\"https:\\\/\\\/secure.gravatar.com\\\/avatar\\\/7ce1f28c0c3bbac99ff550b85ef8e44a6950c6ee24514fb6a5489e51d06f0298?s=96&d=mm&r=g\",\"url\":\"https:\\\/\\\/secure.gravatar.com\\\/avatar\\\/7ce1f28c0c3bbac99ff550b85ef8e44a6950c6ee24514fb6a5489e51d06f0298?s=96&d=mm&r=g\",\"contentUrl\":\"https:\\\/\\\/secure.gravatar.com\\\/avatar\\\/7ce1f28c0c3bbac99ff550b85ef8e44a6950c6ee24514fb6a5489e51d06f0298?s=96&d=mm&r=g\",\"caption\":\"webdo.tn\"},\"url\":\"https:\\\/\\\/www.webdo.tn\\\/fr\\\/actualite\\\/author\\\/webdotn\\\/\"}]}<\/script>\n<!-- \/ Yoast SEO Premium plugin. -->","yoast_head_json":{"title":"UNICEF Uruguay a lanc\u00e9 un message silencieux contre la maltraitance des enfants","description":"UNICEF Uruguay a lanc\u00e9 un message silencieux contre la maltraitance des enfants","canonical":"https:\/\/www.webdo.tn\/fr\/actualite\/international\/unicef-uruguay-a-lance-un-message-silencieux-contre-la-maltraitance-des-enfants\/184154\/","og_locale":"fr_FR","og_type":"article","og_title":"UNICEF Uruguay a lanc\u00e9 un \"message silencieux\" contre la maltraitance des enfants","og_description":"UNICEF Uruguay a lanc\u00e9 un message silencieux contre la maltraitance des enfants","og_url":"https:\/\/www.webdo.tn\/fr\/actualite\/international\/unicef-uruguay-a-lance-un-message-silencieux-contre-la-maltraitance-des-enfants\/184154\/","og_site_name":"webdo","article_publisher":"https:\/\/www.facebook.com\/webdotn","article_published_time":"2015-04-16T11:37:00+00:00","article_modified_time":"2025-05-22T12:57:21+00:00","og_image":[{"width":800,"height":500,"url":"https:\/\/www.webdo.tn\/fr\/wp-content\/uploads\/2015\/04\/webdo_default-129.jpg","type":"image\/jpeg"}],"author":"webdo.tn","twitter_card":"summary_large_image","twitter_creator":"@webdo_tn","twitter_site":"@webdo_tn","twitter_misc":{"\u00c9crit par":"webdo.tn","Dur\u00e9e de lecture estim\u00e9e":"1 minute"},"schema":{"@context":"https:\/\/schema.org","@graph":[{"@type":"NewsArticle","@id":"https:\/\/www.webdo.tn\/fr\/actualite\/international\/unicef-uruguay-a-lance-un-message-silencieux-contre-la-maltraitance-des-enfants\/184154\/#article","isPartOf":{"@id":"https:\/\/www.webdo.tn\/fr\/actualite\/international\/unicef-uruguay-a-lance-un-message-silencieux-contre-la-maltraitance-des-enfants\/184154\/"},"author":{"name":"webdo.tn","@id":"https:\/\/www.webdo.tn\/fr\/#\/schema\/person\/9a9c6118d687c117df8ef3cc36a4d175"},"headline":"UNICEF Uruguay a lanc\u00e9 un \u00ab\u00a0message silencieux\u00a0\u00bb contre la maltraitance des enfants","datePublished":"2015-04-16T11:37:00+00:00","dateModified":"2025-05-22T12:57:21+00:00","mainEntityOfPage":{"@id":"https:\/\/www.webdo.tn\/fr\/actualite\/international\/unicef-uruguay-a-lance-un-message-silencieux-contre-la-maltraitance-des-enfants\/184154\/"},"wordCount":186,"commentCount":0,"publisher":{"@id":"https:\/\/www.webdo.tn\/fr\/#organization"},"image":{"@id":"https:\/\/www.webdo.tn\/fr\/actualite\/international\/unicef-uruguay-a-lance-un-message-silencieux-contre-la-maltraitance-des-enfants\/184154\/#primaryimage"},"thumbnailUrl":"https:\/\/www.webdo.tn\/fr\/wp-content\/uploads\/2015\/04\/webdo_default-129.jpg","articleSection":["International"],"inLanguage":"fr-FR"},{"@type":"WebPage","@id":"https:\/\/www.webdo.tn\/fr\/actualite\/international\/unicef-uruguay-a-lance-un-message-silencieux-contre-la-maltraitance-des-enfants\/184154\/","url":"https:\/\/www.webdo.tn\/fr\/actualite\/international\/unicef-uruguay-a-lance-un-message-silencieux-contre-la-maltraitance-des-enfants\/184154\/","name":"UNICEF Uruguay a lanc\u00e9 un message silencieux contre la maltraitance des enfants","isPartOf":{"@id":"https:\/\/www.webdo.tn\/fr\/#website"},"primaryImageOfPage":{"@id":"https:\/\/www.webdo.tn\/fr\/actualite\/international\/unicef-uruguay-a-lance-un-message-silencieux-contre-la-maltraitance-des-enfants\/184154\/#primaryimage"},"image":{"@id":"https:\/\/www.webdo.tn\/fr\/actualite\/international\/unicef-uruguay-a-lance-un-message-silencieux-contre-la-maltraitance-des-enfants\/184154\/#primaryimage"},"thumbnailUrl":"https:\/\/www.webdo.tn\/fr\/wp-content\/uploads\/2015\/04\/webdo_default-129.jpg","datePublished":"2015-04-16T11:37:00+00:00","dateModified":"2025-05-22T12:57:21+00:00","description":"UNICEF Uruguay a lanc\u00e9 un message silencieux contre la maltraitance des enfants","breadcrumb":{"@id":"https:\/\/www.webdo.tn\/fr\/actualite\/international\/unicef-uruguay-a-lance-un-message-silencieux-contre-la-maltraitance-des-enfants\/184154\/#breadcrumb"},"inLanguage":"fr-FR","potentialAction":[{"@type":"ReadAction","target":["https:\/\/www.webdo.tn\/fr\/actualite\/international\/unicef-uruguay-a-lance-un-message-silencieux-contre-la-maltraitance-des-enfants\/184154\/"]}]},{"@type":"ImageObject","inLanguage":"fr-FR","@id":"https:\/\/www.webdo.tn\/fr\/actualite\/international\/unicef-uruguay-a-lance-un-message-silencieux-contre-la-maltraitance-des-enfants\/184154\/#primaryimage","url":"https:\/\/www.webdo.tn\/fr\/wp-content\/uploads\/2015\/04\/webdo_default-129.jpg","contentUrl":"https:\/\/www.webdo.tn\/fr\/wp-content\/uploads\/2015\/04\/webdo_default-129.jpg","width":800,"height":500,"caption":"UNICEF Uruguay a lanc\u00e9 un \"message silencieux\" contre la maltraitance des enfants"},{"@type":"BreadcrumbList","@id":"https:\/\/www.webdo.tn\/fr\/actualite\/international\/unicef-uruguay-a-lance-un-message-silencieux-contre-la-maltraitance-des-enfants\/184154\/#breadcrumb","itemListElement":[{"@type":"ListItem","position":1,"name":"Accueil","item":"https:\/\/www.webdo.tn\/fr\/"},{"@type":"ListItem","position":2,"name":"UNICEF Uruguay a lanc\u00e9 un \u00ab\u00a0message silencieux\u00a0\u00bb contre la maltraitance des enfants"}]},{"@type":"WebSite","@id":"https:\/\/www.webdo.tn\/fr\/#website","url":"https:\/\/www.webdo.tn\/fr\/","name":"webdo","description":"Tunisie - News en Tunisie et \u00e0 l&#039;international sur Webdo.tn","publisher":{"@id":"https:\/\/www.webdo.tn\/fr\/#organization"},"potentialAction":[{"@type":"SearchAction","target":{"@type":"EntryPoint","urlTemplate":"https:\/\/www.webdo.tn\/fr\/?s={search_term_string}"},"query-input":{"@type":"PropertyValueSpecification","valueRequired":true,"valueName":"search_term_string"}}],"inLanguage":"fr-FR"},{"@type":"Organization","@id":"https:\/\/www.webdo.tn\/fr\/#organization","name":"Webdo","alternateName":"Webdo.tn","url":"https:\/\/www.webdo.tn\/fr\/","logo":{"@type":"ImageObject","inLanguage":"fr-FR","@id":"https:\/\/www.webdo.tn\/fr\/#\/schema\/logo\/image\/","url":"https:\/\/www.webdo.tn\/fr\/wp-content\/uploads\/2025\/06\/Webdo-Tunisie_168377.jpg","contentUrl":"https:\/\/www.webdo.tn\/fr\/wp-content\/uploads\/2025\/06\/Webdo-Tunisie_168377.jpg","width":301,"height":301,"caption":"Webdo"},"image":{"@id":"https:\/\/www.webdo.tn\/fr\/#\/schema\/logo\/image\/"},"sameAs":["https:\/\/www.facebook.com\/webdotn","https:\/\/x.com\/webdo_tn"],"description":"Webdo est un m\u00e9dia num\u00e9rique tunisien fond\u00e9 en 2010, sp\u00e9cialis\u00e9 dans l\u2019actualit\u00e9 nationale et internationale, l\u2019\u00e9conomie, la soci\u00e9t\u00e9 et les analyses politiques. Le site s\u2019adresse \u00e0 un large public francophone et couvre l\u2019information tunisienne en temps r\u00e9el.","email":"redac@webdo.tn","legalName":"YNJ SARL","foundingDate":"2010-09-06","numberOfEmployees":{"@type":"QuantitativeValue","minValue":"11","maxValue":"50"}},{"@type":"Person","@id":"https:\/\/www.webdo.tn\/fr\/#\/schema\/person\/9a9c6118d687c117df8ef3cc36a4d175","name":"webdo.tn","image":{"@type":"ImageObject","inLanguage":"fr-FR","@id":"https:\/\/secure.gravatar.com\/avatar\/7ce1f28c0c3bbac99ff550b85ef8e44a6950c6ee24514fb6a5489e51d06f0298?s=96&d=mm&r=g","url":"https:\/\/secure.gravatar.com\/avatar\/7ce1f28c0c3bbac99ff550b85ef8e44a6950c6ee24514fb6a5489e51d06f0298?s=96&d=mm&r=g","contentUrl":"https:\/\/secure.gravatar.com\/avatar\/7ce1f28c0c3bbac99ff550b85ef8e44a6950c6ee24514fb6a5489e51d06f0298?s=96&d=mm&r=g","caption":"webdo.tn"},"url":"https:\/\/www.webdo.tn\/fr\/actualite\/author\/webdotn\/"}]}},"_links":{"self":[{"href":"https:\/\/www.webdo.tn\/fr\/wp-json\/wp\/v2\/posts\/184154","targetHints":{"allow":["GET"]}}],"collection":[{"href":"https:\/\/www.webdo.tn\/fr\/wp-json\/wp\/v2\/posts"}],"about":[{"href":"https:\/\/www.webdo.tn\/fr\/wp-json\/wp\/v2\/types\/post"}],"author":[{"embeddable":true,"href":"https:\/\/www.webdo.tn\/fr\/wp-json\/wp\/v2\/users\/3222"}],"replies":[{"embeddable":true,"href":"https:\/\/www.webdo.tn\/fr\/wp-json\/wp\/v2\/comments?post=184154"}],"version-history":[{"count":0,"href":"https:\/\/www.webdo.tn\/fr\/wp-json\/wp\/v2\/posts\/184154\/revisions"}],"wp:featuredmedia":[{"embeddable":true,"href":"https:\/\/www.webdo.tn\/fr\/wp-json\/wp\/v2\/media\/352146"}],"wp:attachment":[{"href":"https:\/\/www.webdo.tn\/fr\/wp-json\/wp\/v2\/media?parent=184154"}],"wp:term":[{"taxonomy":"category","embeddable":true,"href":"https:\/\/www.webdo.tn\/fr\/wp-json\/wp\/v2\/categories?post=184154"},{"taxonomy":"post_tag","embeddable":true,"href":"https:\/\/www.webdo.tn\/fr\/wp-json\/wp\/v2\/tags?post=184154"}],"curies":[{"name":"wp","href":"https:\/\/api.w.org\/{rel}","templated":true}]}}