{"id":184153,"date":"2015-04-20T13:38:00","date_gmt":"2015-04-20T13:38:00","guid":{"rendered":"https:\/\/www.webdo.tn\/fr\/blog\/nouveau-naufrage-en-mediterranee-300-migrants-en-train-de-sombrer\/184153\/"},"modified":"2015-04-20T13:38:00","modified_gmt":"2015-04-20T13:38:00","slug":"nouveau-naufrage-en-mediterranee-300-migrants-en-train-de-sombrer","status":"publish","type":"post","link":"https:\/\/www.webdo.tn\/fr\/actualite\/international\/nouveau-naufrage-en-mediterranee-300-migrants-en-train-de-sombrer\/184153\/","title":{"rendered":"Nouveau naufrage en M\u00e9diterran\u00e9e : 300 migrants en train de sombrer"},"content":{"rendered":"<p>MISE A JOUR | 14h55<\/p>\n<p>Selon Le Parisien, il y aurait au moins 20 morts dans le naufrage en cours.<br \/>\nD&rsquo;apr\u00e8s l&rsquo;OIM, les gardes-c\u00f4tes \u00ab\u00a0n\u2019ont pas les moyens de les secourir maintenant\u00a0\u00bb par manque\u00a0de ressources en raison du naufrage du chalutier\u00a0qui\u00a0a provoqu\u00e9 la mort des 700 migrants.<\/p>\n<p>\u00a0<\/p>\n<p>Plus de 300 personnes \u00e0 bord d&rsquo;un bateau\u00a0sont en train de sombrer dans la M\u00e9diterran\u00e9e, a annonc\u00e9 ce lundi 20 avril l&rsquo;Organisation internationale pour les migrations (OIM). Celle-ci a indiqu\u00e9 avoir re\u00e7u une appel \u00e0 l&rsquo;aide provenant d&rsquo;une personne de l&#8217;embarcation.<\/p>\n<p>Le naufrage survient juste apr\u00e8s celui qui a caus\u00e9 la mort d&rsquo;au moins\u00a0700 migrants dans les eaux libyennes, au cours de\u00a0la nuit du samedi 18 au dimanche 19 avril. Le bateau aurait chavir\u00e9 lorsque les migrants se sont rassembl\u00e9s du m\u00eame c\u00f4t\u00e9 de l&#8217;embarcation \u00e0 l&rsquo;approche d&rsquo;un navire marchand, selon les t\u00e9moignages des survivants, a apport\u00e9 le porte-parole de la marine maltaise.<br \/>\nIl s&rsquo;agit de la \u00ab\u00a0pire h\u00e9catombe jamais vue en M\u00e9diterran\u00e9e\u00a0\u00bb, s&rsquo;est alarm\u00e9e l&rsquo;agence des Nations unies.<\/p>\n","protected":false},"excerpt":{"rendered":"<p>Nouveau naufrage en M\u00e9diterran\u00e9e : 300 migrants en train de sombrer<\/p>\n","protected":false},"author":3222,"featured_media":330268,"comment_status":"open","ping_status":"closed","sticky":false,"template":"","format":"standard","meta":{"footnotes":""},"categories":[2598],"tags":[2600],"class_list":["post-184153","post","type-post","status-publish","format-standard","has-post-thumbnail","hentry","category-international","tag-guerre"],"yoast_head":"<!-- This site is optimized with the Yoast SEO Premium plugin v27.5 (Yoast SEO v27.5) - https:\/\/yoast.com\/product\/yoast-seo-premium-wordpress\/ -->\n<title>Nouveau naufrage en M\u00e9diterran\u00e9e : 300 migrants en train de sombrer<\/title>\n<meta name=\"description\" content=\"Nouveau naufrage en M\u00e9diterran\u00e9e : 300 migrants en train de sombrer\" \/>\n<link rel=\"canonical\" href=\"https:\/\/www.webdo.tn\/fr\/actualite\/international\/nouveau-naufrage-en-mediterranee-300-migrants-en-train-de-sombrer\/184153\/\" \/>\n<meta property=\"og:locale\" content=\"fr_FR\" \/>\n<meta property=\"og:type\" content=\"article\" \/>\n<meta property=\"og:title\" content=\"Nouveau naufrage en M\u00e9diterran\u00e9e : 300 migrants en train de sombrer\" \/>\n<meta property=\"og:description\" content=\"Nouveau naufrage en M\u00e9diterran\u00e9e : 300 migrants en train de sombrer\" \/>\n<meta property=\"og:url\" content=\"https:\/\/www.webdo.tn\/fr\/actualite\/international\/nouveau-naufrage-en-mediterranee-300-migrants-en-train-de-sombrer\/184153\/\" \/>\n<meta property=\"og:site_name\" content=\"webdo\" \/>\n<meta property=\"article:publisher\" content=\"https:\/\/www.facebook.com\/webdotn\" \/>\n<meta property=\"article:published_time\" content=\"2015-04-20T13:38:00+00:00\" \/>\n<meta property=\"og:image\" content=\"https:\/\/www.webdo.tn\/fr\/wp-content\/uploads\/2015\/04\/webdo_default-56.jpg\" \/>\n\t<meta property=\"og:image:width\" content=\"800\" \/>\n\t<meta property=\"og:image:height\" content=\"500\" \/>\n\t<meta property=\"og:image:type\" content=\"image\/jpeg\" \/>\n<meta name=\"author\" content=\"webdo.tn\" \/>\n<meta name=\"twitter:card\" content=\"summary_large_image\" \/>\n<meta name=\"twitter:creator\" content=\"@webdo_tn\" \/>\n<meta name=\"twitter:site\" content=\"@webdo_tn\" \/>\n<meta name=\"twitter:label1\" content=\"\u00c9crit par\" \/>\n\t<meta name=\"twitter:data1\" content=\"webdo.tn\" \/>\n\t<meta name=\"twitter:label2\" content=\"Dur\u00e9e de lecture estim\u00e9e\" \/>\n\t<meta name=\"twitter:data2\" content=\"1 minute\" \/>\n<script type=\"application\/ld+json\" class=\"yoast-schema-graph\">{\"@context\":\"https:\\\/\\\/schema.org\",\"@graph\":[{\"@type\":\"NewsArticle\",\"@id\":\"https:\\\/\\\/www.webdo.tn\\\/fr\\\/actualite\\\/international\\\/nouveau-naufrage-en-mediterranee-300-migrants-en-train-de-sombrer\\\/184153\\\/#article\",\"isPartOf\":{\"@id\":\"https:\\\/\\\/www.webdo.tn\\\/fr\\\/actualite\\\/international\\\/nouveau-naufrage-en-mediterranee-300-migrants-en-train-de-sombrer\\\/184153\\\/\"},\"author\":{\"name\":\"webdo.tn\",\"@id\":\"https:\\\/\\\/www.webdo.tn\\\/fr\\\/#\\\/schema\\\/person\\\/9a9c6118d687c117df8ef3cc36a4d175\"},\"headline\":\"Nouveau naufrage en M\u00e9diterran\u00e9e : 300 migrants en train de sombrer\",\"datePublished\":\"2015-04-20T13:38:00+00:00\",\"mainEntityOfPage\":{\"@id\":\"https:\\\/\\\/www.webdo.tn\\\/fr\\\/actualite\\\/international\\\/nouveau-naufrage-en-mediterranee-300-migrants-en-train-de-sombrer\\\/184153\\\/\"},\"wordCount\":201,\"commentCount\":0,\"publisher\":{\"@id\":\"https:\\\/\\\/www.webdo.tn\\\/fr\\\/#organization\"},\"image\":{\"@id\":\"https:\\\/\\\/www.webdo.tn\\\/fr\\\/actualite\\\/international\\\/nouveau-naufrage-en-mediterranee-300-migrants-en-train-de-sombrer\\\/184153\\\/#primaryimage\"},\"thumbnailUrl\":\"https:\\\/\\\/www.webdo.tn\\\/fr\\\/wp-content\\\/uploads\\\/2015\\\/04\\\/webdo_default-56.jpg\",\"keywords\":[\"guerre\"],\"articleSection\":[\"International\"],\"inLanguage\":\"fr-FR\"},{\"@type\":\"WebPage\",\"@id\":\"https:\\\/\\\/www.webdo.tn\\\/fr\\\/actualite\\\/international\\\/nouveau-naufrage-en-mediterranee-300-migrants-en-train-de-sombrer\\\/184153\\\/\",\"url\":\"https:\\\/\\\/www.webdo.tn\\\/fr\\\/actualite\\\/international\\\/nouveau-naufrage-en-mediterranee-300-migrants-en-train-de-sombrer\\\/184153\\\/\",\"name\":\"Nouveau naufrage en M\u00e9diterran\u00e9e : 300 migrants en train de sombrer\",\"isPartOf\":{\"@id\":\"https:\\\/\\\/www.webdo.tn\\\/fr\\\/#website\"},\"primaryImageOfPage\":{\"@id\":\"https:\\\/\\\/www.webdo.tn\\\/fr\\\/actualite\\\/international\\\/nouveau-naufrage-en-mediterranee-300-migrants-en-train-de-sombrer\\\/184153\\\/#primaryimage\"},\"image\":{\"@id\":\"https:\\\/\\\/www.webdo.tn\\\/fr\\\/actualite\\\/international\\\/nouveau-naufrage-en-mediterranee-300-migrants-en-train-de-sombrer\\\/184153\\\/#primaryimage\"},\"thumbnailUrl\":\"https:\\\/\\\/www.webdo.tn\\\/fr\\\/wp-content\\\/uploads\\\/2015\\\/04\\\/webdo_default-56.jpg\",\"datePublished\":\"2015-04-20T13:38:00+00:00\",\"description\":\"Nouveau naufrage en M\u00e9diterran\u00e9e : 300 migrants en train de sombrer\",\"breadcrumb\":{\"@id\":\"https:\\\/\\\/www.webdo.tn\\\/fr\\\/actualite\\\/international\\\/nouveau-naufrage-en-mediterranee-300-migrants-en-train-de-sombrer\\\/184153\\\/#breadcrumb\"},\"inLanguage\":\"fr-FR\",\"potentialAction\":[{\"@type\":\"ReadAction\",\"target\":[\"https:\\\/\\\/www.webdo.tn\\\/fr\\\/actualite\\\/international\\\/nouveau-naufrage-en-mediterranee-300-migrants-en-train-de-sombrer\\\/184153\\\/\"]}]},{\"@type\":\"ImageObject\",\"inLanguage\":\"fr-FR\",\"@id\":\"https:\\\/\\\/www.webdo.tn\\\/fr\\\/actualite\\\/international\\\/nouveau-naufrage-en-mediterranee-300-migrants-en-train-de-sombrer\\\/184153\\\/#primaryimage\",\"url\":\"https:\\\/\\\/www.webdo.tn\\\/fr\\\/wp-content\\\/uploads\\\/2015\\\/04\\\/webdo_default-56.jpg\",\"contentUrl\":\"https:\\\/\\\/www.webdo.tn\\\/fr\\\/wp-content\\\/uploads\\\/2015\\\/04\\\/webdo_default-56.jpg\",\"width\":800,\"height\":500,\"caption\":\"Nouveau naufrage en M\u00e9diterran\u00e9e : 300 migrants en train de sombrer\"},{\"@type\":\"BreadcrumbList\",\"@id\":\"https:\\\/\\\/www.webdo.tn\\\/fr\\\/actualite\\\/international\\\/nouveau-naufrage-en-mediterranee-300-migrants-en-train-de-sombrer\\\/184153\\\/#breadcrumb\",\"itemListElement\":[{\"@type\":\"ListItem\",\"position\":1,\"name\":\"Accueil\",\"item\":\"https:\\\/\\\/www.webdo.tn\\\/fr\\\/\"},{\"@type\":\"ListItem\",\"position\":2,\"name\":\"Nouveau naufrage en M\u00e9diterran\u00e9e : 300 migrants en train de sombrer\"}]},{\"@type\":\"WebSite\",\"@id\":\"https:\\\/\\\/www.webdo.tn\\\/fr\\\/#website\",\"url\":\"https:\\\/\\\/www.webdo.tn\\\/fr\\\/\",\"name\":\"webdo\",\"description\":\"Tunisie - News en Tunisie et \u00e0 l&#039;international sur Webdo.tn\",\"publisher\":{\"@id\":\"https:\\\/\\\/www.webdo.tn\\\/fr\\\/#organization\"},\"potentialAction\":[{\"@type\":\"SearchAction\",\"target\":{\"@type\":\"EntryPoint\",\"urlTemplate\":\"https:\\\/\\\/www.webdo.tn\\\/fr\\\/?s={search_term_string}\"},\"query-input\":{\"@type\":\"PropertyValueSpecification\",\"valueRequired\":true,\"valueName\":\"search_term_string\"}}],\"inLanguage\":\"fr-FR\"},{\"@type\":\"Organization\",\"@id\":\"https:\\\/\\\/www.webdo.tn\\\/fr\\\/#organization\",\"name\":\"Webdo\",\"alternateName\":\"Webdo.tn\",\"url\":\"https:\\\/\\\/www.webdo.tn\\\/fr\\\/\",\"logo\":{\"@type\":\"ImageObject\",\"inLanguage\":\"fr-FR\",\"@id\":\"https:\\\/\\\/www.webdo.tn\\\/fr\\\/#\\\/schema\\\/logo\\\/image\\\/\",\"url\":\"https:\\\/\\\/www.webdo.tn\\\/fr\\\/wp-content\\\/uploads\\\/2025\\\/06\\\/Webdo-Tunisie_168377.jpg\",\"contentUrl\":\"https:\\\/\\\/www.webdo.tn\\\/fr\\\/wp-content\\\/uploads\\\/2025\\\/06\\\/Webdo-Tunisie_168377.jpg\",\"width\":301,\"height\":301,\"caption\":\"Webdo\"},\"image\":{\"@id\":\"https:\\\/\\\/www.webdo.tn\\\/fr\\\/#\\\/schema\\\/logo\\\/image\\\/\"},\"sameAs\":[\"https:\\\/\\\/www.facebook.com\\\/webdotn\",\"https:\\\/\\\/x.com\\\/webdo_tn\"],\"description\":\"Webdo est un m\u00e9dia num\u00e9rique tunisien fond\u00e9 en 2010, sp\u00e9cialis\u00e9 dans l\u2019actualit\u00e9 nationale et internationale, l\u2019\u00e9conomie, la soci\u00e9t\u00e9 et les analyses politiques. Le site s\u2019adresse \u00e0 un large public francophone et couvre l\u2019information tunisienne en temps r\u00e9el.\",\"email\":\"redac@webdo.tn\",\"legalName\":\"YNJ SARL\",\"foundingDate\":\"2010-09-06\",\"numberOfEmployees\":{\"@type\":\"QuantitativeValue\",\"minValue\":\"11\",\"maxValue\":\"50\"}},{\"@type\":\"Person\",\"@id\":\"https:\\\/\\\/www.webdo.tn\\\/fr\\\/#\\\/schema\\\/person\\\/9a9c6118d687c117df8ef3cc36a4d175\",\"name\":\"webdo.tn\",\"image\":{\"@type\":\"ImageObject\",\"inLanguage\":\"fr-FR\",\"@id\":\"https:\\\/\\\/secure.gravatar.com\\\/avatar\\\/7ce1f28c0c3bbac99ff550b85ef8e44a6950c6ee24514fb6a5489e51d06f0298?s=96&d=mm&r=g\",\"url\":\"https:\\\/\\\/secure.gravatar.com\\\/avatar\\\/7ce1f28c0c3bbac99ff550b85ef8e44a6950c6ee24514fb6a5489e51d06f0298?s=96&d=mm&r=g\",\"contentUrl\":\"https:\\\/\\\/secure.gravatar.com\\\/avatar\\\/7ce1f28c0c3bbac99ff550b85ef8e44a6950c6ee24514fb6a5489e51d06f0298?s=96&d=mm&r=g\",\"caption\":\"webdo.tn\"},\"url\":\"https:\\\/\\\/www.webdo.tn\\\/fr\\\/actualite\\\/author\\\/webdotn\\\/\"}]}<\/script>\n<!-- \/ Yoast SEO Premium plugin. -->","yoast_head_json":{"title":"Nouveau naufrage en M\u00e9diterran\u00e9e : 300 migrants en train de sombrer","description":"Nouveau naufrage en M\u00e9diterran\u00e9e : 300 migrants en train de sombrer","canonical":"https:\/\/www.webdo.tn\/fr\/actualite\/international\/nouveau-naufrage-en-mediterranee-300-migrants-en-train-de-sombrer\/184153\/","og_locale":"fr_FR","og_type":"article","og_title":"Nouveau naufrage en M\u00e9diterran\u00e9e : 300 migrants en train de sombrer","og_description":"Nouveau naufrage en M\u00e9diterran\u00e9e : 300 migrants en train de sombrer","og_url":"https:\/\/www.webdo.tn\/fr\/actualite\/international\/nouveau-naufrage-en-mediterranee-300-migrants-en-train-de-sombrer\/184153\/","og_site_name":"webdo","article_publisher":"https:\/\/www.facebook.com\/webdotn","article_published_time":"2015-04-20T13:38:00+00:00","og_image":[{"width":800,"height":500,"url":"https:\/\/www.webdo.tn\/fr\/wp-content\/uploads\/2015\/04\/webdo_default-56.jpg","type":"image\/jpeg"}],"author":"webdo.tn","twitter_card":"summary_large_image","twitter_creator":"@webdo_tn","twitter_site":"@webdo_tn","twitter_misc":{"\u00c9crit par":"webdo.tn","Dur\u00e9e de lecture estim\u00e9e":"1 minute"},"schema":{"@context":"https:\/\/schema.org","@graph":[{"@type":"NewsArticle","@id":"https:\/\/www.webdo.tn\/fr\/actualite\/international\/nouveau-naufrage-en-mediterranee-300-migrants-en-train-de-sombrer\/184153\/#article","isPartOf":{"@id":"https:\/\/www.webdo.tn\/fr\/actualite\/international\/nouveau-naufrage-en-mediterranee-300-migrants-en-train-de-sombrer\/184153\/"},"author":{"name":"webdo.tn","@id":"https:\/\/www.webdo.tn\/fr\/#\/schema\/person\/9a9c6118d687c117df8ef3cc36a4d175"},"headline":"Nouveau naufrage en M\u00e9diterran\u00e9e : 300 migrants en train de sombrer","datePublished":"2015-04-20T13:38:00+00:00","mainEntityOfPage":{"@id":"https:\/\/www.webdo.tn\/fr\/actualite\/international\/nouveau-naufrage-en-mediterranee-300-migrants-en-train-de-sombrer\/184153\/"},"wordCount":201,"commentCount":0,"publisher":{"@id":"https:\/\/www.webdo.tn\/fr\/#organization"},"image":{"@id":"https:\/\/www.webdo.tn\/fr\/actualite\/international\/nouveau-naufrage-en-mediterranee-300-migrants-en-train-de-sombrer\/184153\/#primaryimage"},"thumbnailUrl":"https:\/\/www.webdo.tn\/fr\/wp-content\/uploads\/2015\/04\/webdo_default-56.jpg","keywords":["guerre"],"articleSection":["International"],"inLanguage":"fr-FR"},{"@type":"WebPage","@id":"https:\/\/www.webdo.tn\/fr\/actualite\/international\/nouveau-naufrage-en-mediterranee-300-migrants-en-train-de-sombrer\/184153\/","url":"https:\/\/www.webdo.tn\/fr\/actualite\/international\/nouveau-naufrage-en-mediterranee-300-migrants-en-train-de-sombrer\/184153\/","name":"Nouveau naufrage en M\u00e9diterran\u00e9e : 300 migrants en train de sombrer","isPartOf":{"@id":"https:\/\/www.webdo.tn\/fr\/#website"},"primaryImageOfPage":{"@id":"https:\/\/www.webdo.tn\/fr\/actualite\/international\/nouveau-naufrage-en-mediterranee-300-migrants-en-train-de-sombrer\/184153\/#primaryimage"},"image":{"@id":"https:\/\/www.webdo.tn\/fr\/actualite\/international\/nouveau-naufrage-en-mediterranee-300-migrants-en-train-de-sombrer\/184153\/#primaryimage"},"thumbnailUrl":"https:\/\/www.webdo.tn\/fr\/wp-content\/uploads\/2015\/04\/webdo_default-56.jpg","datePublished":"2015-04-20T13:38:00+00:00","description":"Nouveau naufrage en M\u00e9diterran\u00e9e : 300 migrants en train de sombrer","breadcrumb":{"@id":"https:\/\/www.webdo.tn\/fr\/actualite\/international\/nouveau-naufrage-en-mediterranee-300-migrants-en-train-de-sombrer\/184153\/#breadcrumb"},"inLanguage":"fr-FR","potentialAction":[{"@type":"ReadAction","target":["https:\/\/www.webdo.tn\/fr\/actualite\/international\/nouveau-naufrage-en-mediterranee-300-migrants-en-train-de-sombrer\/184153\/"]}]},{"@type":"ImageObject","inLanguage":"fr-FR","@id":"https:\/\/www.webdo.tn\/fr\/actualite\/international\/nouveau-naufrage-en-mediterranee-300-migrants-en-train-de-sombrer\/184153\/#primaryimage","url":"https:\/\/www.webdo.tn\/fr\/wp-content\/uploads\/2015\/04\/webdo_default-56.jpg","contentUrl":"https:\/\/www.webdo.tn\/fr\/wp-content\/uploads\/2015\/04\/webdo_default-56.jpg","width":800,"height":500,"caption":"Nouveau naufrage en M\u00e9diterran\u00e9e : 300 migrants en train de sombrer"},{"@type":"BreadcrumbList","@id":"https:\/\/www.webdo.tn\/fr\/actualite\/international\/nouveau-naufrage-en-mediterranee-300-migrants-en-train-de-sombrer\/184153\/#breadcrumb","itemListElement":[{"@type":"ListItem","position":1,"name":"Accueil","item":"https:\/\/www.webdo.tn\/fr\/"},{"@type":"ListItem","position":2,"name":"Nouveau naufrage en M\u00e9diterran\u00e9e : 300 migrants en train de sombrer"}]},{"@type":"WebSite","@id":"https:\/\/www.webdo.tn\/fr\/#website","url":"https:\/\/www.webdo.tn\/fr\/","name":"webdo","description":"Tunisie - News en Tunisie et \u00e0 l&#039;international sur Webdo.tn","publisher":{"@id":"https:\/\/www.webdo.tn\/fr\/#organization"},"potentialAction":[{"@type":"SearchAction","target":{"@type":"EntryPoint","urlTemplate":"https:\/\/www.webdo.tn\/fr\/?s={search_term_string}"},"query-input":{"@type":"PropertyValueSpecification","valueRequired":true,"valueName":"search_term_string"}}],"inLanguage":"fr-FR"},{"@type":"Organization","@id":"https:\/\/www.webdo.tn\/fr\/#organization","name":"Webdo","alternateName":"Webdo.tn","url":"https:\/\/www.webdo.tn\/fr\/","logo":{"@type":"ImageObject","inLanguage":"fr-FR","@id":"https:\/\/www.webdo.tn\/fr\/#\/schema\/logo\/image\/","url":"https:\/\/www.webdo.tn\/fr\/wp-content\/uploads\/2025\/06\/Webdo-Tunisie_168377.jpg","contentUrl":"https:\/\/www.webdo.tn\/fr\/wp-content\/uploads\/2025\/06\/Webdo-Tunisie_168377.jpg","width":301,"height":301,"caption":"Webdo"},"image":{"@id":"https:\/\/www.webdo.tn\/fr\/#\/schema\/logo\/image\/"},"sameAs":["https:\/\/www.facebook.com\/webdotn","https:\/\/x.com\/webdo_tn"],"description":"Webdo est un m\u00e9dia num\u00e9rique tunisien fond\u00e9 en 2010, sp\u00e9cialis\u00e9 dans l\u2019actualit\u00e9 nationale et internationale, l\u2019\u00e9conomie, la soci\u00e9t\u00e9 et les analyses politiques. Le site s\u2019adresse \u00e0 un large public francophone et couvre l\u2019information tunisienne en temps r\u00e9el.","email":"redac@webdo.tn","legalName":"YNJ SARL","foundingDate":"2010-09-06","numberOfEmployees":{"@type":"QuantitativeValue","minValue":"11","maxValue":"50"}},{"@type":"Person","@id":"https:\/\/www.webdo.tn\/fr\/#\/schema\/person\/9a9c6118d687c117df8ef3cc36a4d175","name":"webdo.tn","image":{"@type":"ImageObject","inLanguage":"fr-FR","@id":"https:\/\/secure.gravatar.com\/avatar\/7ce1f28c0c3bbac99ff550b85ef8e44a6950c6ee24514fb6a5489e51d06f0298?s=96&d=mm&r=g","url":"https:\/\/secure.gravatar.com\/avatar\/7ce1f28c0c3bbac99ff550b85ef8e44a6950c6ee24514fb6a5489e51d06f0298?s=96&d=mm&r=g","contentUrl":"https:\/\/secure.gravatar.com\/avatar\/7ce1f28c0c3bbac99ff550b85ef8e44a6950c6ee24514fb6a5489e51d06f0298?s=96&d=mm&r=g","caption":"webdo.tn"},"url":"https:\/\/www.webdo.tn\/fr\/actualite\/author\/webdotn\/"}]}},"_links":{"self":[{"href":"https:\/\/www.webdo.tn\/fr\/wp-json\/wp\/v2\/posts\/184153","targetHints":{"allow":["GET"]}}],"collection":[{"href":"https:\/\/www.webdo.tn\/fr\/wp-json\/wp\/v2\/posts"}],"about":[{"href":"https:\/\/www.webdo.tn\/fr\/wp-json\/wp\/v2\/types\/post"}],"author":[{"embeddable":true,"href":"https:\/\/www.webdo.tn\/fr\/wp-json\/wp\/v2\/users\/3222"}],"replies":[{"embeddable":true,"href":"https:\/\/www.webdo.tn\/fr\/wp-json\/wp\/v2\/comments?post=184153"}],"version-history":[{"count":0,"href":"https:\/\/www.webdo.tn\/fr\/wp-json\/wp\/v2\/posts\/184153\/revisions"}],"wp:featuredmedia":[{"embeddable":true,"href":"https:\/\/www.webdo.tn\/fr\/wp-json\/wp\/v2\/media\/330268"}],"wp:attachment":[{"href":"https:\/\/www.webdo.tn\/fr\/wp-json\/wp\/v2\/media?parent=184153"}],"wp:term":[{"taxonomy":"category","embeddable":true,"href":"https:\/\/www.webdo.tn\/fr\/wp-json\/wp\/v2\/categories?post=184153"},{"taxonomy":"post_tag","embeddable":true,"href":"https:\/\/www.webdo.tn\/fr\/wp-json\/wp\/v2\/tags?post=184153"}],"curies":[{"name":"wp","href":"https:\/\/api.w.org\/{rel}","templated":true}]}}