{"id":184152,"date":"2015-04-21T11:11:00","date_gmt":"2015-04-21T11:11:00","guid":{"rendered":"https:\/\/www.webdo.tn\/fr\/blog\/bachar-el-assad-sur-france-2-nous-nutilisons-que-des-armes-conventionnelles-a-quoi-bon-tuer-aveuglement\/184152\/"},"modified":"2015-04-21T11:11:00","modified_gmt":"2015-04-21T11:11:00","slug":"bachar-el-assad-sur-france-2-nous-nutilisons-que-des-armes-conventionnelles-a-quoi-bon-tuer-aveuglement","status":"publish","type":"post","link":"https:\/\/www.webdo.tn\/fr\/actualite\/international\/bachar-el-assad-sur-france-2-nous-nutilisons-que-des-armes-conventionnelles-a-quoi-bon-tuer-aveuglement\/184152\/","title":{"rendered":"Bachar el-Assad sur France 2 : \u00ab\u00a0Nous n&rsquo;utilisons que des armes conventionnelles&#8230; A quoi bon tuer aveugl\u00e9ment ? \u00bb"},"content":{"rendered":"<p>Bachar el-Assad, le pr\u00e9sident syrien a \u00e9t\u00e9 interview\u00e9 par le journaliste David Pujadas, pr\u00e9sentateur du journal t\u00e9l\u00e9vis\u00e9 de France 2. Cet entretien a \u00e9t\u00e9 r\u00e9alis\u00e9 dans le plus grand secret, l&rsquo;\u00e9quipe s&rsquo;\u00e9tant rendue \u00e0 Damas pour rencontrer Bachar el-Assad en toute discr\u00e9tion. Une interview qui n&rsquo;a pas plu \u00e0 tout le monde.<br \/>\nFrance 2 a diffus\u00e9 cette interview, ce lundi 20 avril 2015 au JT de 20 heures. Le groupe Francetv a publi\u00e9 l&rsquo;int\u00e9gralit\u00e9 de l&rsquo;entretien sur son site.<br \/>\nLe devoir d&rsquo;information<br \/>\nLe pr\u00e9sentateur s&rsquo;est d\u00e9fendu de cette interview sur Francetv en invoquant le \u00a0\u00bb\u00a0devoir d\u2019information sur la Syrie\u00a0\u00bb.<br \/>\n[quote_box_center]Est-il irr\u00e9prochable\u00a0? Sans doute non, chacun se fera son id\u00e9e. Est-ce que cela veut dire qu\u2019il ne faut pas l\u2019interviewer\u00a0? Franchement, ce n\u2019est pas mon id\u00e9e du journalisme.\u00a0Par contre, le contexte nous impose un devoir de distance et un mode de questionnement assez direct.[\/quote_box_center]<\/p>\n<p>\u00ab\u00a0Pas d&rsquo;armes chimiques\u00a0\u00bb<br \/>\nLa Syrie subit depuis quatre ans une r\u00e9bellion arm\u00e9e et les attaques de djihadistes. Bachar el-Assad s&rsquo;est d\u00e9fendu d&rsquo;utiliser des armes chimiques. A la question de David Pujadas sur \u00ab\u00a0l&rsquo;utilisation d&rsquo;armes aveugles\u00a0\u00bb, le leader syrien r\u00e9pond :\u00a0\u00ab\u00a0Elles seraient inutiles.\u00a0Nous avons des bombes conventionnelles, dans notre arm\u00e9e, nous n&rsquo;utilisons que des armes conventionnelles. A quoi bon tuer aveugl\u00e9ment ? \u00bb.\u00a0<\/p>\n<p>Et m\u00eame lorsque le journaliste lui montre des photos d&rsquo;h\u00e9licopt\u00e8res de l&rsquo;arm\u00e9e syrienne larguant des bombes chimiques, Bachar el-Assad r\u00e9pond que \u00ab\u00a0cela ne prouve rien\u00a0\u00bb.<br \/>\nLa France soutient les terroristes<br \/>\nLe journaliste a \u00e9voqu\u00e9 les contacts entre les services de renseignements syriens et fran\u00e7ais. Apr\u00e8s avoir admis que ces \u00ab\u00a0contacts\u00a0\u00bb avaient bien eu lieu, le pr\u00e9sident syrien d\u00e9clare qu&rsquo;il n&rsquo;y a pas de coop\u00e9ration. D\u00e9claration \u00e0 laquelle il ajoute : \u00ab\u00a0il n&rsquo;y a pas de Fran\u00e7ais venus combattre aux c\u00f4t\u00e9s de djihadistes d\u00e9tenus dans les prisons syriennes.\u00a0\u00bb\u00a0<\/p>\n<p>Le pr\u00e9sident compl\u00e8te : \u00a0\u00bb Nous n&rsquo;avons pas aid\u00e9 les terroristes en France, nous n&rsquo;avons pas aid\u00e9 ceux qui ont attaqu\u00e9s Charlie Hebdo, c&rsquo;est vous qui avez aid\u00e9 les terroristes, par cons\u00e9quent les occidentaux doivent nous convaincre qu&rsquo;ils ne soutiennent pas les terroristes. Nous sommes toujours int\u00e9ress\u00e9s par un dialogue, mais comment peut-on \u00e9tablir un dialogue avec un r\u00e9gime qui soutient le terrorisme dans notre pays ?\u00a0\u00bb<br \/>\nCritiques sur twitter<br \/>\nL&rsquo;interview a vivement \u00e9t\u00e9 critiqu\u00e9e sur les r\u00e9seaux sociaux, notamment par les politiques fran\u00e7ais. L&rsquo;ancien ministre fran\u00e7ais d\u00e9l\u00e9gu\u00e9 de la ville Fran\u00e7ois Lamy a tweet\u00e9 :<br \/>\nCet interview de Bachar al Assad sur @France2tv est tout simplement d\u00e9shonorante pour le service public<\/p>\n<p>\u2014 Fran\u00e7ois Lamy (@lamy_f) 20 Avril 2015<br \/>\n\u00a0 Alexis Bachelay, jeune d\u00e9put\u00e9 des hauts de Seine a \u00e9galement fait part de son indignation :<\/p>\n<p>A quoi sert cet entretien avec le sanglant dictateur Bachar El Assad sur @France2tv ? Pour l&rsquo;instant, c&rsquo;est juste honteux @davidpujadas ! \u2014 Alexis Bachelay (@ABachelay) 20 Avril 2015<\/p>\n<p>Ainsi que l&rsquo;ancienne ministre et actuelle d\u00e9put\u00e9e Elizabeth Guigou :<br \/>\nN&rsquo;oublions jamais que B. al-Assad, contrairement \u00e0 ce qu&rsquo;il pr\u00e9tend, bombarde son peuple avec des barils d&rsquo;explosifs et des armes chimiques.<\/p>\n<p>\u2014 Elisabeth Guigou (@elisabethguigou) 20 Avril 2015<br \/>\nLe 7 f\u00e9vrier 2015, l&rsquo;Observatoire syrien des droits de l&rsquo;homme (OSDH) annon\u00e7ait que la guerre civile syrienne avait caus\u00e9 la mort de plus de 210.000 personnes.<br \/>\nElodie Potente<\/p>\n","protected":false},"excerpt":{"rendered":"<p>Bachar el-Assad sur France 2 :  Nous n&rsquo;utilisons que des armes conventionnelles&#8230; A quoi bon tuer aveugl\u00e9ment ? \u00bb<\/p>\n","protected":false},"author":3222,"featured_media":330222,"comment_status":"open","ping_status":"closed","sticky":false,"template":"","format":"standard","meta":{"footnotes":""},"categories":[2598],"tags":[2600],"class_list":["post-184152","post","type-post","status-publish","format-standard","has-post-thumbnail","hentry","category-international","tag-guerre"],"yoast_head":"<!-- This site is optimized with the Yoast SEO Premium plugin v27.5 (Yoast SEO v27.5) - https:\/\/yoast.com\/product\/yoast-seo-premium-wordpress\/ -->\n<title>Bachar el-Assad sur France 2 : Nous n&#039;utilisons que des armes conventionnelles... A quoi bon tuer aveugl\u00e9ment ? \u00bb<\/title>\n<meta name=\"description\" content=\"Bachar el-Assad sur France 2 : Nous n&#039;utilisons que des armes conventionnelles... A quoi bon tuer aveugl\u00e9ment ? \u00bb\" \/>\n<link rel=\"canonical\" href=\"https:\/\/www.webdo.tn\/fr\/actualite\/international\/bachar-el-assad-sur-france-2-nous-nutilisons-que-des-armes-conventionnelles-a-quoi-bon-tuer-aveuglement\/184152\/\" \/>\n<meta property=\"og:locale\" content=\"fr_FR\" \/>\n<meta property=\"og:type\" content=\"article\" \/>\n<meta property=\"og:title\" content=\"Bachar el-Assad sur France 2 : &quot;Nous n&#039;utilisons que des armes conventionnelles... A quoi bon tuer aveugl\u00e9ment ? \u00bb\" \/>\n<meta property=\"og:description\" content=\"Bachar el-Assad sur France 2 : Nous n&#039;utilisons que des armes conventionnelles... A quoi bon tuer aveugl\u00e9ment ? \u00bb\" \/>\n<meta property=\"og:url\" content=\"https:\/\/www.webdo.tn\/fr\/actualite\/international\/bachar-el-assad-sur-france-2-nous-nutilisons-que-des-armes-conventionnelles-a-quoi-bon-tuer-aveuglement\/184152\/\" \/>\n<meta property=\"og:site_name\" content=\"webdo\" \/>\n<meta property=\"article:publisher\" content=\"https:\/\/www.facebook.com\/webdotn\" \/>\n<meta property=\"article:published_time\" content=\"2015-04-21T11:11:00+00:00\" \/>\n<meta property=\"og:image\" content=\"https:\/\/www.webdo.tn\/fr\/wp-content\/uploads\/2015\/04\/Des-politiques-condamnent-l-interview-de-Bachar-Al-Assad-par-France-2-1.jpg\" \/>\n\t<meta property=\"og:image:width\" content=\"600\" \/>\n\t<meta property=\"og:image:height\" content=\"300\" \/>\n\t<meta property=\"og:image:type\" content=\"image\/jpeg\" \/>\n<meta name=\"author\" content=\"webdo.tn\" \/>\n<meta name=\"twitter:card\" content=\"summary_large_image\" \/>\n<meta name=\"twitter:creator\" content=\"@webdo_tn\" \/>\n<meta name=\"twitter:site\" content=\"@webdo_tn\" \/>\n<meta name=\"twitter:label1\" content=\"\u00c9crit par\" \/>\n\t<meta name=\"twitter:data1\" content=\"webdo.tn\" \/>\n\t<meta name=\"twitter:label2\" content=\"Dur\u00e9e de lecture estim\u00e9e\" \/>\n\t<meta name=\"twitter:data2\" content=\"3 minutes\" \/>\n<script type=\"application\/ld+json\" class=\"yoast-schema-graph\">{\"@context\":\"https:\\\/\\\/schema.org\",\"@graph\":[{\"@type\":\"NewsArticle\",\"@id\":\"https:\\\/\\\/www.webdo.tn\\\/fr\\\/actualite\\\/international\\\/bachar-el-assad-sur-france-2-nous-nutilisons-que-des-armes-conventionnelles-a-quoi-bon-tuer-aveuglement\\\/184152\\\/#article\",\"isPartOf\":{\"@id\":\"https:\\\/\\\/www.webdo.tn\\\/fr\\\/actualite\\\/international\\\/bachar-el-assad-sur-france-2-nous-nutilisons-que-des-armes-conventionnelles-a-quoi-bon-tuer-aveuglement\\\/184152\\\/\"},\"author\":{\"name\":\"webdo.tn\",\"@id\":\"https:\\\/\\\/www.webdo.tn\\\/fr\\\/#\\\/schema\\\/person\\\/9a9c6118d687c117df8ef3cc36a4d175\"},\"headline\":\"Bachar el-Assad sur France 2 : \u00ab\u00a0Nous n&rsquo;utilisons que des armes conventionnelles&#8230; A quoi bon tuer aveugl\u00e9ment ? \u00bb\",\"datePublished\":\"2015-04-21T11:11:00+00:00\",\"mainEntityOfPage\":{\"@id\":\"https:\\\/\\\/www.webdo.tn\\\/fr\\\/actualite\\\/international\\\/bachar-el-assad-sur-france-2-nous-nutilisons-que-des-armes-conventionnelles-a-quoi-bon-tuer-aveuglement\\\/184152\\\/\"},\"wordCount\":609,\"commentCount\":0,\"publisher\":{\"@id\":\"https:\\\/\\\/www.webdo.tn\\\/fr\\\/#organization\"},\"image\":{\"@id\":\"https:\\\/\\\/www.webdo.tn\\\/fr\\\/actualite\\\/international\\\/bachar-el-assad-sur-france-2-nous-nutilisons-que-des-armes-conventionnelles-a-quoi-bon-tuer-aveuglement\\\/184152\\\/#primaryimage\"},\"thumbnailUrl\":\"https:\\\/\\\/www.webdo.tn\\\/fr\\\/wp-content\\\/uploads\\\/2015\\\/04\\\/Des-politiques-condamnent-l-interview-de-Bachar-Al-Assad-par-France-2-1.jpg\",\"keywords\":[\"guerre\"],\"articleSection\":[\"International\"],\"inLanguage\":\"fr-FR\"},{\"@type\":\"WebPage\",\"@id\":\"https:\\\/\\\/www.webdo.tn\\\/fr\\\/actualite\\\/international\\\/bachar-el-assad-sur-france-2-nous-nutilisons-que-des-armes-conventionnelles-a-quoi-bon-tuer-aveuglement\\\/184152\\\/\",\"url\":\"https:\\\/\\\/www.webdo.tn\\\/fr\\\/actualite\\\/international\\\/bachar-el-assad-sur-france-2-nous-nutilisons-que-des-armes-conventionnelles-a-quoi-bon-tuer-aveuglement\\\/184152\\\/\",\"name\":\"Bachar el-Assad sur France 2 : Nous n'utilisons que des armes conventionnelles... A quoi bon tuer aveugl\u00e9ment ? \u00bb\",\"isPartOf\":{\"@id\":\"https:\\\/\\\/www.webdo.tn\\\/fr\\\/#website\"},\"primaryImageOfPage\":{\"@id\":\"https:\\\/\\\/www.webdo.tn\\\/fr\\\/actualite\\\/international\\\/bachar-el-assad-sur-france-2-nous-nutilisons-que-des-armes-conventionnelles-a-quoi-bon-tuer-aveuglement\\\/184152\\\/#primaryimage\"},\"image\":{\"@id\":\"https:\\\/\\\/www.webdo.tn\\\/fr\\\/actualite\\\/international\\\/bachar-el-assad-sur-france-2-nous-nutilisons-que-des-armes-conventionnelles-a-quoi-bon-tuer-aveuglement\\\/184152\\\/#primaryimage\"},\"thumbnailUrl\":\"https:\\\/\\\/www.webdo.tn\\\/fr\\\/wp-content\\\/uploads\\\/2015\\\/04\\\/Des-politiques-condamnent-l-interview-de-Bachar-Al-Assad-par-France-2-1.jpg\",\"datePublished\":\"2015-04-21T11:11:00+00:00\",\"description\":\"Bachar el-Assad sur France 2 : Nous n'utilisons que des armes conventionnelles... A quoi bon tuer aveugl\u00e9ment ? \u00bb\",\"breadcrumb\":{\"@id\":\"https:\\\/\\\/www.webdo.tn\\\/fr\\\/actualite\\\/international\\\/bachar-el-assad-sur-france-2-nous-nutilisons-que-des-armes-conventionnelles-a-quoi-bon-tuer-aveuglement\\\/184152\\\/#breadcrumb\"},\"inLanguage\":\"fr-FR\",\"potentialAction\":[{\"@type\":\"ReadAction\",\"target\":[\"https:\\\/\\\/www.webdo.tn\\\/fr\\\/actualite\\\/international\\\/bachar-el-assad-sur-france-2-nous-nutilisons-que-des-armes-conventionnelles-a-quoi-bon-tuer-aveuglement\\\/184152\\\/\"]}]},{\"@type\":\"ImageObject\",\"inLanguage\":\"fr-FR\",\"@id\":\"https:\\\/\\\/www.webdo.tn\\\/fr\\\/actualite\\\/international\\\/bachar-el-assad-sur-france-2-nous-nutilisons-que-des-armes-conventionnelles-a-quoi-bon-tuer-aveuglement\\\/184152\\\/#primaryimage\",\"url\":\"https:\\\/\\\/www.webdo.tn\\\/fr\\\/wp-content\\\/uploads\\\/2015\\\/04\\\/Des-politiques-condamnent-l-interview-de-Bachar-Al-Assad-par-France-2-1.jpg\",\"contentUrl\":\"https:\\\/\\\/www.webdo.tn\\\/fr\\\/wp-content\\\/uploads\\\/2015\\\/04\\\/Des-politiques-condamnent-l-interview-de-Bachar-Al-Assad-par-France-2-1.jpg\",\"width\":600,\"height\":300,\"caption\":\"Bachar el-Assad sur France 2 : \\\"Nous n'utilisons que des armes conventionnelles... A quoi bon tuer aveugl\u00e9ment ? \u00bb\"},{\"@type\":\"BreadcrumbList\",\"@id\":\"https:\\\/\\\/www.webdo.tn\\\/fr\\\/actualite\\\/international\\\/bachar-el-assad-sur-france-2-nous-nutilisons-que-des-armes-conventionnelles-a-quoi-bon-tuer-aveuglement\\\/184152\\\/#breadcrumb\",\"itemListElement\":[{\"@type\":\"ListItem\",\"position\":1,\"name\":\"Accueil\",\"item\":\"https:\\\/\\\/www.webdo.tn\\\/fr\\\/\"},{\"@type\":\"ListItem\",\"position\":2,\"name\":\"Bachar el-Assad sur France 2 : \u00ab\u00a0Nous n&rsquo;utilisons que des armes conventionnelles&#8230; A quoi bon tuer aveugl\u00e9ment ? \u00bb\"}]},{\"@type\":\"WebSite\",\"@id\":\"https:\\\/\\\/www.webdo.tn\\\/fr\\\/#website\",\"url\":\"https:\\\/\\\/www.webdo.tn\\\/fr\\\/\",\"name\":\"webdo\",\"description\":\"Tunisie - News en Tunisie et \u00e0 l&#039;international sur Webdo.tn\",\"publisher\":{\"@id\":\"https:\\\/\\\/www.webdo.tn\\\/fr\\\/#organization\"},\"potentialAction\":[{\"@type\":\"SearchAction\",\"target\":{\"@type\":\"EntryPoint\",\"urlTemplate\":\"https:\\\/\\\/www.webdo.tn\\\/fr\\\/?s={search_term_string}\"},\"query-input\":{\"@type\":\"PropertyValueSpecification\",\"valueRequired\":true,\"valueName\":\"search_term_string\"}}],\"inLanguage\":\"fr-FR\"},{\"@type\":\"Organization\",\"@id\":\"https:\\\/\\\/www.webdo.tn\\\/fr\\\/#organization\",\"name\":\"Webdo\",\"alternateName\":\"Webdo.tn\",\"url\":\"https:\\\/\\\/www.webdo.tn\\\/fr\\\/\",\"logo\":{\"@type\":\"ImageObject\",\"inLanguage\":\"fr-FR\",\"@id\":\"https:\\\/\\\/www.webdo.tn\\\/fr\\\/#\\\/schema\\\/logo\\\/image\\\/\",\"url\":\"https:\\\/\\\/www.webdo.tn\\\/fr\\\/wp-content\\\/uploads\\\/2025\\\/06\\\/Webdo-Tunisie_168377.jpg\",\"contentUrl\":\"https:\\\/\\\/www.webdo.tn\\\/fr\\\/wp-content\\\/uploads\\\/2025\\\/06\\\/Webdo-Tunisie_168377.jpg\",\"width\":301,\"height\":301,\"caption\":\"Webdo\"},\"image\":{\"@id\":\"https:\\\/\\\/www.webdo.tn\\\/fr\\\/#\\\/schema\\\/logo\\\/image\\\/\"},\"sameAs\":[\"https:\\\/\\\/www.facebook.com\\\/webdotn\",\"https:\\\/\\\/x.com\\\/webdo_tn\"],\"description\":\"Webdo est un m\u00e9dia num\u00e9rique tunisien fond\u00e9 en 2010, sp\u00e9cialis\u00e9 dans l\u2019actualit\u00e9 nationale et internationale, l\u2019\u00e9conomie, la soci\u00e9t\u00e9 et les analyses politiques. Le site s\u2019adresse \u00e0 un large public francophone et couvre l\u2019information tunisienne en temps r\u00e9el.\",\"email\":\"redac@webdo.tn\",\"legalName\":\"YNJ SARL\",\"foundingDate\":\"2010-09-06\",\"numberOfEmployees\":{\"@type\":\"QuantitativeValue\",\"minValue\":\"11\",\"maxValue\":\"50\"}},{\"@type\":\"Person\",\"@id\":\"https:\\\/\\\/www.webdo.tn\\\/fr\\\/#\\\/schema\\\/person\\\/9a9c6118d687c117df8ef3cc36a4d175\",\"name\":\"webdo.tn\",\"image\":{\"@type\":\"ImageObject\",\"inLanguage\":\"fr-FR\",\"@id\":\"https:\\\/\\\/secure.gravatar.com\\\/avatar\\\/7ce1f28c0c3bbac99ff550b85ef8e44a6950c6ee24514fb6a5489e51d06f0298?s=96&d=mm&r=g\",\"url\":\"https:\\\/\\\/secure.gravatar.com\\\/avatar\\\/7ce1f28c0c3bbac99ff550b85ef8e44a6950c6ee24514fb6a5489e51d06f0298?s=96&d=mm&r=g\",\"contentUrl\":\"https:\\\/\\\/secure.gravatar.com\\\/avatar\\\/7ce1f28c0c3bbac99ff550b85ef8e44a6950c6ee24514fb6a5489e51d06f0298?s=96&d=mm&r=g\",\"caption\":\"webdo.tn\"},\"url\":\"https:\\\/\\\/www.webdo.tn\\\/fr\\\/actualite\\\/author\\\/webdotn\\\/\"}]}<\/script>\n<!-- \/ Yoast SEO Premium plugin. -->","yoast_head_json":{"title":"Bachar el-Assad sur France 2 : Nous n'utilisons que des armes conventionnelles... A quoi bon tuer aveugl\u00e9ment ? \u00bb","description":"Bachar el-Assad sur France 2 : Nous n'utilisons que des armes conventionnelles... A quoi bon tuer aveugl\u00e9ment ? \u00bb","canonical":"https:\/\/www.webdo.tn\/fr\/actualite\/international\/bachar-el-assad-sur-france-2-nous-nutilisons-que-des-armes-conventionnelles-a-quoi-bon-tuer-aveuglement\/184152\/","og_locale":"fr_FR","og_type":"article","og_title":"Bachar el-Assad sur France 2 : \"Nous n'utilisons que des armes conventionnelles... A quoi bon tuer aveugl\u00e9ment ? \u00bb","og_description":"Bachar el-Assad sur France 2 : Nous n'utilisons que des armes conventionnelles... A quoi bon tuer aveugl\u00e9ment ? \u00bb","og_url":"https:\/\/www.webdo.tn\/fr\/actualite\/international\/bachar-el-assad-sur-france-2-nous-nutilisons-que-des-armes-conventionnelles-a-quoi-bon-tuer-aveuglement\/184152\/","og_site_name":"webdo","article_publisher":"https:\/\/www.facebook.com\/webdotn","article_published_time":"2015-04-21T11:11:00+00:00","og_image":[{"width":600,"height":300,"url":"https:\/\/www.webdo.tn\/fr\/wp-content\/uploads\/2015\/04\/Des-politiques-condamnent-l-interview-de-Bachar-Al-Assad-par-France-2-1.jpg","type":"image\/jpeg"}],"author":"webdo.tn","twitter_card":"summary_large_image","twitter_creator":"@webdo_tn","twitter_site":"@webdo_tn","twitter_misc":{"\u00c9crit par":"webdo.tn","Dur\u00e9e de lecture estim\u00e9e":"3 minutes"},"schema":{"@context":"https:\/\/schema.org","@graph":[{"@type":"NewsArticle","@id":"https:\/\/www.webdo.tn\/fr\/actualite\/international\/bachar-el-assad-sur-france-2-nous-nutilisons-que-des-armes-conventionnelles-a-quoi-bon-tuer-aveuglement\/184152\/#article","isPartOf":{"@id":"https:\/\/www.webdo.tn\/fr\/actualite\/international\/bachar-el-assad-sur-france-2-nous-nutilisons-que-des-armes-conventionnelles-a-quoi-bon-tuer-aveuglement\/184152\/"},"author":{"name":"webdo.tn","@id":"https:\/\/www.webdo.tn\/fr\/#\/schema\/person\/9a9c6118d687c117df8ef3cc36a4d175"},"headline":"Bachar el-Assad sur France 2 : \u00ab\u00a0Nous n&rsquo;utilisons que des armes conventionnelles&#8230; A quoi bon tuer aveugl\u00e9ment ? \u00bb","datePublished":"2015-04-21T11:11:00+00:00","mainEntityOfPage":{"@id":"https:\/\/www.webdo.tn\/fr\/actualite\/international\/bachar-el-assad-sur-france-2-nous-nutilisons-que-des-armes-conventionnelles-a-quoi-bon-tuer-aveuglement\/184152\/"},"wordCount":609,"commentCount":0,"publisher":{"@id":"https:\/\/www.webdo.tn\/fr\/#organization"},"image":{"@id":"https:\/\/www.webdo.tn\/fr\/actualite\/international\/bachar-el-assad-sur-france-2-nous-nutilisons-que-des-armes-conventionnelles-a-quoi-bon-tuer-aveuglement\/184152\/#primaryimage"},"thumbnailUrl":"https:\/\/www.webdo.tn\/fr\/wp-content\/uploads\/2015\/04\/Des-politiques-condamnent-l-interview-de-Bachar-Al-Assad-par-France-2-1.jpg","keywords":["guerre"],"articleSection":["International"],"inLanguage":"fr-FR"},{"@type":"WebPage","@id":"https:\/\/www.webdo.tn\/fr\/actualite\/international\/bachar-el-assad-sur-france-2-nous-nutilisons-que-des-armes-conventionnelles-a-quoi-bon-tuer-aveuglement\/184152\/","url":"https:\/\/www.webdo.tn\/fr\/actualite\/international\/bachar-el-assad-sur-france-2-nous-nutilisons-que-des-armes-conventionnelles-a-quoi-bon-tuer-aveuglement\/184152\/","name":"Bachar el-Assad sur France 2 : Nous n'utilisons que des armes conventionnelles... A quoi bon tuer aveugl\u00e9ment ? \u00bb","isPartOf":{"@id":"https:\/\/www.webdo.tn\/fr\/#website"},"primaryImageOfPage":{"@id":"https:\/\/www.webdo.tn\/fr\/actualite\/international\/bachar-el-assad-sur-france-2-nous-nutilisons-que-des-armes-conventionnelles-a-quoi-bon-tuer-aveuglement\/184152\/#primaryimage"},"image":{"@id":"https:\/\/www.webdo.tn\/fr\/actualite\/international\/bachar-el-assad-sur-france-2-nous-nutilisons-que-des-armes-conventionnelles-a-quoi-bon-tuer-aveuglement\/184152\/#primaryimage"},"thumbnailUrl":"https:\/\/www.webdo.tn\/fr\/wp-content\/uploads\/2015\/04\/Des-politiques-condamnent-l-interview-de-Bachar-Al-Assad-par-France-2-1.jpg","datePublished":"2015-04-21T11:11:00+00:00","description":"Bachar el-Assad sur France 2 : Nous n'utilisons que des armes conventionnelles... A quoi bon tuer aveugl\u00e9ment ? \u00bb","breadcrumb":{"@id":"https:\/\/www.webdo.tn\/fr\/actualite\/international\/bachar-el-assad-sur-france-2-nous-nutilisons-que-des-armes-conventionnelles-a-quoi-bon-tuer-aveuglement\/184152\/#breadcrumb"},"inLanguage":"fr-FR","potentialAction":[{"@type":"ReadAction","target":["https:\/\/www.webdo.tn\/fr\/actualite\/international\/bachar-el-assad-sur-france-2-nous-nutilisons-que-des-armes-conventionnelles-a-quoi-bon-tuer-aveuglement\/184152\/"]}]},{"@type":"ImageObject","inLanguage":"fr-FR","@id":"https:\/\/www.webdo.tn\/fr\/actualite\/international\/bachar-el-assad-sur-france-2-nous-nutilisons-que-des-armes-conventionnelles-a-quoi-bon-tuer-aveuglement\/184152\/#primaryimage","url":"https:\/\/www.webdo.tn\/fr\/wp-content\/uploads\/2015\/04\/Des-politiques-condamnent-l-interview-de-Bachar-Al-Assad-par-France-2-1.jpg","contentUrl":"https:\/\/www.webdo.tn\/fr\/wp-content\/uploads\/2015\/04\/Des-politiques-condamnent-l-interview-de-Bachar-Al-Assad-par-France-2-1.jpg","width":600,"height":300,"caption":"Bachar el-Assad sur France 2 : \"Nous n'utilisons que des armes conventionnelles... A quoi bon tuer aveugl\u00e9ment ? \u00bb"},{"@type":"BreadcrumbList","@id":"https:\/\/www.webdo.tn\/fr\/actualite\/international\/bachar-el-assad-sur-france-2-nous-nutilisons-que-des-armes-conventionnelles-a-quoi-bon-tuer-aveuglement\/184152\/#breadcrumb","itemListElement":[{"@type":"ListItem","position":1,"name":"Accueil","item":"https:\/\/www.webdo.tn\/fr\/"},{"@type":"ListItem","position":2,"name":"Bachar el-Assad sur France 2 : \u00ab\u00a0Nous n&rsquo;utilisons que des armes conventionnelles&#8230; A quoi bon tuer aveugl\u00e9ment ? \u00bb"}]},{"@type":"WebSite","@id":"https:\/\/www.webdo.tn\/fr\/#website","url":"https:\/\/www.webdo.tn\/fr\/","name":"webdo","description":"Tunisie - News en Tunisie et \u00e0 l&#039;international sur Webdo.tn","publisher":{"@id":"https:\/\/www.webdo.tn\/fr\/#organization"},"potentialAction":[{"@type":"SearchAction","target":{"@type":"EntryPoint","urlTemplate":"https:\/\/www.webdo.tn\/fr\/?s={search_term_string}"},"query-input":{"@type":"PropertyValueSpecification","valueRequired":true,"valueName":"search_term_string"}}],"inLanguage":"fr-FR"},{"@type":"Organization","@id":"https:\/\/www.webdo.tn\/fr\/#organization","name":"Webdo","alternateName":"Webdo.tn","url":"https:\/\/www.webdo.tn\/fr\/","logo":{"@type":"ImageObject","inLanguage":"fr-FR","@id":"https:\/\/www.webdo.tn\/fr\/#\/schema\/logo\/image\/","url":"https:\/\/www.webdo.tn\/fr\/wp-content\/uploads\/2025\/06\/Webdo-Tunisie_168377.jpg","contentUrl":"https:\/\/www.webdo.tn\/fr\/wp-content\/uploads\/2025\/06\/Webdo-Tunisie_168377.jpg","width":301,"height":301,"caption":"Webdo"},"image":{"@id":"https:\/\/www.webdo.tn\/fr\/#\/schema\/logo\/image\/"},"sameAs":["https:\/\/www.facebook.com\/webdotn","https:\/\/x.com\/webdo_tn"],"description":"Webdo est un m\u00e9dia num\u00e9rique tunisien fond\u00e9 en 2010, sp\u00e9cialis\u00e9 dans l\u2019actualit\u00e9 nationale et internationale, l\u2019\u00e9conomie, la soci\u00e9t\u00e9 et les analyses politiques. Le site s\u2019adresse \u00e0 un large public francophone et couvre l\u2019information tunisienne en temps r\u00e9el.","email":"redac@webdo.tn","legalName":"YNJ SARL","foundingDate":"2010-09-06","numberOfEmployees":{"@type":"QuantitativeValue","minValue":"11","maxValue":"50"}},{"@type":"Person","@id":"https:\/\/www.webdo.tn\/fr\/#\/schema\/person\/9a9c6118d687c117df8ef3cc36a4d175","name":"webdo.tn","image":{"@type":"ImageObject","inLanguage":"fr-FR","@id":"https:\/\/secure.gravatar.com\/avatar\/7ce1f28c0c3bbac99ff550b85ef8e44a6950c6ee24514fb6a5489e51d06f0298?s=96&d=mm&r=g","url":"https:\/\/secure.gravatar.com\/avatar\/7ce1f28c0c3bbac99ff550b85ef8e44a6950c6ee24514fb6a5489e51d06f0298?s=96&d=mm&r=g","contentUrl":"https:\/\/secure.gravatar.com\/avatar\/7ce1f28c0c3bbac99ff550b85ef8e44a6950c6ee24514fb6a5489e51d06f0298?s=96&d=mm&r=g","caption":"webdo.tn"},"url":"https:\/\/www.webdo.tn\/fr\/actualite\/author\/webdotn\/"}]}},"_links":{"self":[{"href":"https:\/\/www.webdo.tn\/fr\/wp-json\/wp\/v2\/posts\/184152","targetHints":{"allow":["GET"]}}],"collection":[{"href":"https:\/\/www.webdo.tn\/fr\/wp-json\/wp\/v2\/posts"}],"about":[{"href":"https:\/\/www.webdo.tn\/fr\/wp-json\/wp\/v2\/types\/post"}],"author":[{"embeddable":true,"href":"https:\/\/www.webdo.tn\/fr\/wp-json\/wp\/v2\/users\/3222"}],"replies":[{"embeddable":true,"href":"https:\/\/www.webdo.tn\/fr\/wp-json\/wp\/v2\/comments?post=184152"}],"version-history":[{"count":0,"href":"https:\/\/www.webdo.tn\/fr\/wp-json\/wp\/v2\/posts\/184152\/revisions"}],"wp:featuredmedia":[{"embeddable":true,"href":"https:\/\/www.webdo.tn\/fr\/wp-json\/wp\/v2\/media\/330222"}],"wp:attachment":[{"href":"https:\/\/www.webdo.tn\/fr\/wp-json\/wp\/v2\/media?parent=184152"}],"wp:term":[{"taxonomy":"category","embeddable":true,"href":"https:\/\/www.webdo.tn\/fr\/wp-json\/wp\/v2\/categories?post=184152"},{"taxonomy":"post_tag","embeddable":true,"href":"https:\/\/www.webdo.tn\/fr\/wp-json\/wp\/v2\/tags?post=184152"}],"curies":[{"name":"wp","href":"https:\/\/api.w.org\/{rel}","templated":true}]}}