{"id":184151,"date":"2015-04-21T12:19:00","date_gmt":"2015-04-21T12:19:00","guid":{"rendered":"https:\/\/www.webdo.tn\/fr\/blog\/un-tunisien-et-un-syrien-accuses-davoir-cause-la-mort-de-800-migrants\/184151\/"},"modified":"2015-04-21T12:19:00","modified_gmt":"2015-04-21T12:19:00","slug":"un-tunisien-et-un-syrien-accuses-davoir-cause-la-mort-de-800-migrants","status":"publish","type":"post","link":"https:\/\/www.webdo.tn\/fr\/actualite\/international\/un-tunisien-et-un-syrien-accuses-davoir-cause-la-mort-de-800-migrants\/184151\/","title":{"rendered":"Un Tunisien et un Syrien accus\u00e9s d&rsquo;avoir caus\u00e9 la mort de 800 migrants"},"content":{"rendered":"<p>MISE A JOUR | 16h15<\/p>\n<p>Selon l&rsquo;agence Reuters, le capitaine tunisien de l&#8217;embarcation qui a fait naufrage, \u00e2g\u00e9 de 27 ans,\u00a0a \u00e9t\u00e9 inculp\u00e9, ce mardi 21 avril,\u00a0d&rsquo;homicides multiples par le parquet\u00a0de Catane (Sicile).<\/p>\n<p>Il est accus\u00e9, par les procureurs,\u00a0d&rsquo;avoir caus\u00e9 le naufrage en provoquant la collision de son navire\u00a0avec un cargo portugais. Cette charge est \u00e9galement retenue contre son second, un Syrien \u00e2g\u00e9 de 25 ans.<\/p>\n<p>Actuellement en garde \u00e0 vue, ils ont \u00e9t\u00e9 interrog\u00e9s par la police, ainsi qu&rsquo;une vingtaine de survivants du naufrage. Le parquet de Catane a d\u00e9clar\u00e9 que les investigations se poursuivent.<\/p>\n<p>Un Tunisien et un Syrien sont soup\u00e7onn\u00e9s d&rsquo;\u00eatre le capitaine et un membre d&rsquo;\u00e9quipage du chalutier qui a fait naufrage causant la mort de 800 migrants.<\/p>\n<p>Survivants du naufrage, les deux hommes\u00a0ont \u00e9t\u00e9 arr\u00eat\u00e9s par la police italienne \u00e0 bord du bateau des garde-c\u00f4tes.<\/p>\n<p>Le Haut commissariat des Nations unies aux r\u00e9fugi\u00e9s (HCR) et l&rsquo;Organisation internationale pour les migrations (OIM) ont annonc\u00e9 ce mardi 21 avril, la mort de 800 migrants suite au\u00a0naufrage qui a eu lieu dans la nuit du samedi 18\u00a0au dimanche 19 avril au large des c\u00f4tes libyennes.<\/p>\n<p>Parmi les migrants pr\u00e9sents sur l&#8217;embarcation, seules 27 personnes ont pu\u00a0\u00eatre sauv\u00e9es lors de ce naufrage.<\/p>\n","protected":false},"excerpt":{"rendered":"<p>Un Tunisien et un Syrien accus\u00e9s d&rsquo;avoir caus\u00e9 la mort de 800 migrants<\/p>\n","protected":false},"author":3222,"featured_media":330225,"comment_status":"open","ping_status":"closed","sticky":false,"template":"","format":"standard","meta":{"footnotes":""},"categories":[2598],"tags":[2600],"class_list":["post-184151","post","type-post","status-publish","format-standard","has-post-thumbnail","hentry","category-international","tag-guerre"],"yoast_head":"<!-- This site is optimized with the Yoast SEO Premium plugin v27.5 (Yoast SEO v27.5) - https:\/\/yoast.com\/product\/yoast-seo-premium-wordpress\/ -->\n<title>Un Tunisien et un Syrien accus\u00e9s d&#039;avoir caus\u00e9 la mort de 800 migrants<\/title>\n<meta name=\"description\" content=\"Un Tunisien et un Syrien accus\u00e9s d&#039;avoir caus\u00e9 la mort de 800 migrants\" \/>\n<link rel=\"canonical\" href=\"https:\/\/www.webdo.tn\/fr\/actualite\/international\/un-tunisien-et-un-syrien-accuses-davoir-cause-la-mort-de-800-migrants\/184151\/\" \/>\n<meta property=\"og:locale\" content=\"fr_FR\" \/>\n<meta property=\"og:type\" content=\"article\" \/>\n<meta property=\"og:title\" content=\"Un Tunisien et un Syrien accus\u00e9s d&#039;avoir caus\u00e9 la mort de 800 migrants\" \/>\n<meta property=\"og:description\" content=\"Un Tunisien et un Syrien accus\u00e9s d&#039;avoir caus\u00e9 la mort de 800 migrants\" \/>\n<meta property=\"og:url\" content=\"https:\/\/www.webdo.tn\/fr\/actualite\/international\/un-tunisien-et-un-syrien-accuses-davoir-cause-la-mort-de-800-migrants\/184151\/\" \/>\n<meta property=\"og:site_name\" content=\"webdo\" \/>\n<meta property=\"article:publisher\" content=\"https:\/\/www.facebook.com\/webdotn\" \/>\n<meta property=\"article:published_time\" content=\"2015-04-21T12:19:00+00:00\" \/>\n<meta property=\"og:image\" content=\"https:\/\/www.webdo.tn\/fr\/wp-content\/uploads\/2015\/04\/Naufrage-18-04-2015-Reuters-1.jpg\" \/>\n\t<meta property=\"og:image:width\" content=\"600\" \/>\n\t<meta property=\"og:image:height\" content=\"337\" \/>\n\t<meta property=\"og:image:type\" content=\"image\/jpeg\" \/>\n<meta name=\"author\" content=\"webdo.tn\" \/>\n<meta name=\"twitter:card\" content=\"summary_large_image\" \/>\n<meta name=\"twitter:creator\" content=\"@webdo_tn\" \/>\n<meta name=\"twitter:site\" content=\"@webdo_tn\" \/>\n<meta name=\"twitter:label1\" content=\"\u00c9crit par\" \/>\n\t<meta name=\"twitter:data1\" content=\"webdo.tn\" \/>\n\t<meta name=\"twitter:label2\" content=\"Dur\u00e9e de lecture estim\u00e9e\" \/>\n\t<meta name=\"twitter:data2\" content=\"1 minute\" \/>\n<script type=\"application\/ld+json\" class=\"yoast-schema-graph\">{\"@context\":\"https:\\\/\\\/schema.org\",\"@graph\":[{\"@type\":\"NewsArticle\",\"@id\":\"https:\\\/\\\/www.webdo.tn\\\/fr\\\/actualite\\\/international\\\/un-tunisien-et-un-syrien-accuses-davoir-cause-la-mort-de-800-migrants\\\/184151\\\/#article\",\"isPartOf\":{\"@id\":\"https:\\\/\\\/www.webdo.tn\\\/fr\\\/actualite\\\/international\\\/un-tunisien-et-un-syrien-accuses-davoir-cause-la-mort-de-800-migrants\\\/184151\\\/\"},\"author\":{\"name\":\"webdo.tn\",\"@id\":\"https:\\\/\\\/www.webdo.tn\\\/fr\\\/#\\\/schema\\\/person\\\/9a9c6118d687c117df8ef3cc36a4d175\"},\"headline\":\"Un Tunisien et un Syrien accus\u00e9s d&rsquo;avoir caus\u00e9 la mort de 800 migrants\",\"datePublished\":\"2015-04-21T12:19:00+00:00\",\"mainEntityOfPage\":{\"@id\":\"https:\\\/\\\/www.webdo.tn\\\/fr\\\/actualite\\\/international\\\/un-tunisien-et-un-syrien-accuses-davoir-cause-la-mort-de-800-migrants\\\/184151\\\/\"},\"wordCount\":235,\"commentCount\":0,\"publisher\":{\"@id\":\"https:\\\/\\\/www.webdo.tn\\\/fr\\\/#organization\"},\"image\":{\"@id\":\"https:\\\/\\\/www.webdo.tn\\\/fr\\\/actualite\\\/international\\\/un-tunisien-et-un-syrien-accuses-davoir-cause-la-mort-de-800-migrants\\\/184151\\\/#primaryimage\"},\"thumbnailUrl\":\"https:\\\/\\\/www.webdo.tn\\\/fr\\\/wp-content\\\/uploads\\\/2015\\\/04\\\/Naufrage-18-04-2015-Reuters-1.jpg\",\"keywords\":[\"guerre\"],\"articleSection\":[\"International\"],\"inLanguage\":\"fr-FR\"},{\"@type\":\"WebPage\",\"@id\":\"https:\\\/\\\/www.webdo.tn\\\/fr\\\/actualite\\\/international\\\/un-tunisien-et-un-syrien-accuses-davoir-cause-la-mort-de-800-migrants\\\/184151\\\/\",\"url\":\"https:\\\/\\\/www.webdo.tn\\\/fr\\\/actualite\\\/international\\\/un-tunisien-et-un-syrien-accuses-davoir-cause-la-mort-de-800-migrants\\\/184151\\\/\",\"name\":\"Un Tunisien et un Syrien accus\u00e9s d'avoir caus\u00e9 la mort de 800 migrants\",\"isPartOf\":{\"@id\":\"https:\\\/\\\/www.webdo.tn\\\/fr\\\/#website\"},\"primaryImageOfPage\":{\"@id\":\"https:\\\/\\\/www.webdo.tn\\\/fr\\\/actualite\\\/international\\\/un-tunisien-et-un-syrien-accuses-davoir-cause-la-mort-de-800-migrants\\\/184151\\\/#primaryimage\"},\"image\":{\"@id\":\"https:\\\/\\\/www.webdo.tn\\\/fr\\\/actualite\\\/international\\\/un-tunisien-et-un-syrien-accuses-davoir-cause-la-mort-de-800-migrants\\\/184151\\\/#primaryimage\"},\"thumbnailUrl\":\"https:\\\/\\\/www.webdo.tn\\\/fr\\\/wp-content\\\/uploads\\\/2015\\\/04\\\/Naufrage-18-04-2015-Reuters-1.jpg\",\"datePublished\":\"2015-04-21T12:19:00+00:00\",\"description\":\"Un Tunisien et un Syrien accus\u00e9s d'avoir caus\u00e9 la mort de 800 migrants\",\"breadcrumb\":{\"@id\":\"https:\\\/\\\/www.webdo.tn\\\/fr\\\/actualite\\\/international\\\/un-tunisien-et-un-syrien-accuses-davoir-cause-la-mort-de-800-migrants\\\/184151\\\/#breadcrumb\"},\"inLanguage\":\"fr-FR\",\"potentialAction\":[{\"@type\":\"ReadAction\",\"target\":[\"https:\\\/\\\/www.webdo.tn\\\/fr\\\/actualite\\\/international\\\/un-tunisien-et-un-syrien-accuses-davoir-cause-la-mort-de-800-migrants\\\/184151\\\/\"]}]},{\"@type\":\"ImageObject\",\"inLanguage\":\"fr-FR\",\"@id\":\"https:\\\/\\\/www.webdo.tn\\\/fr\\\/actualite\\\/international\\\/un-tunisien-et-un-syrien-accuses-davoir-cause-la-mort-de-800-migrants\\\/184151\\\/#primaryimage\",\"url\":\"https:\\\/\\\/www.webdo.tn\\\/fr\\\/wp-content\\\/uploads\\\/2015\\\/04\\\/Naufrage-18-04-2015-Reuters-1.jpg\",\"contentUrl\":\"https:\\\/\\\/www.webdo.tn\\\/fr\\\/wp-content\\\/uploads\\\/2015\\\/04\\\/Naufrage-18-04-2015-Reuters-1.jpg\",\"width\":600,\"height\":337,\"caption\":\"Un Tunisien et un Syrien accus\u00e9s d'avoir caus\u00e9 la mort de 800 migrants\"},{\"@type\":\"BreadcrumbList\",\"@id\":\"https:\\\/\\\/www.webdo.tn\\\/fr\\\/actualite\\\/international\\\/un-tunisien-et-un-syrien-accuses-davoir-cause-la-mort-de-800-migrants\\\/184151\\\/#breadcrumb\",\"itemListElement\":[{\"@type\":\"ListItem\",\"position\":1,\"name\":\"Accueil\",\"item\":\"https:\\\/\\\/www.webdo.tn\\\/fr\\\/\"},{\"@type\":\"ListItem\",\"position\":2,\"name\":\"Un Tunisien et un Syrien accus\u00e9s d&rsquo;avoir caus\u00e9 la mort de 800 migrants\"}]},{\"@type\":\"WebSite\",\"@id\":\"https:\\\/\\\/www.webdo.tn\\\/fr\\\/#website\",\"url\":\"https:\\\/\\\/www.webdo.tn\\\/fr\\\/\",\"name\":\"webdo\",\"description\":\"Tunisie - News en Tunisie et \u00e0 l&#039;international sur Webdo.tn\",\"publisher\":{\"@id\":\"https:\\\/\\\/www.webdo.tn\\\/fr\\\/#organization\"},\"potentialAction\":[{\"@type\":\"SearchAction\",\"target\":{\"@type\":\"EntryPoint\",\"urlTemplate\":\"https:\\\/\\\/www.webdo.tn\\\/fr\\\/?s={search_term_string}\"},\"query-input\":{\"@type\":\"PropertyValueSpecification\",\"valueRequired\":true,\"valueName\":\"search_term_string\"}}],\"inLanguage\":\"fr-FR\"},{\"@type\":\"Organization\",\"@id\":\"https:\\\/\\\/www.webdo.tn\\\/fr\\\/#organization\",\"name\":\"Webdo\",\"alternateName\":\"Webdo.tn\",\"url\":\"https:\\\/\\\/www.webdo.tn\\\/fr\\\/\",\"logo\":{\"@type\":\"ImageObject\",\"inLanguage\":\"fr-FR\",\"@id\":\"https:\\\/\\\/www.webdo.tn\\\/fr\\\/#\\\/schema\\\/logo\\\/image\\\/\",\"url\":\"https:\\\/\\\/www.webdo.tn\\\/fr\\\/wp-content\\\/uploads\\\/2025\\\/06\\\/Webdo-Tunisie_168377.jpg\",\"contentUrl\":\"https:\\\/\\\/www.webdo.tn\\\/fr\\\/wp-content\\\/uploads\\\/2025\\\/06\\\/Webdo-Tunisie_168377.jpg\",\"width\":301,\"height\":301,\"caption\":\"Webdo\"},\"image\":{\"@id\":\"https:\\\/\\\/www.webdo.tn\\\/fr\\\/#\\\/schema\\\/logo\\\/image\\\/\"},\"sameAs\":[\"https:\\\/\\\/www.facebook.com\\\/webdotn\",\"https:\\\/\\\/x.com\\\/webdo_tn\"],\"description\":\"Webdo est un m\u00e9dia num\u00e9rique tunisien fond\u00e9 en 2010, sp\u00e9cialis\u00e9 dans l\u2019actualit\u00e9 nationale et internationale, l\u2019\u00e9conomie, la soci\u00e9t\u00e9 et les analyses politiques. Le site s\u2019adresse \u00e0 un large public francophone et couvre l\u2019information tunisienne en temps r\u00e9el.\",\"email\":\"redac@webdo.tn\",\"legalName\":\"YNJ SARL\",\"foundingDate\":\"2010-09-06\",\"numberOfEmployees\":{\"@type\":\"QuantitativeValue\",\"minValue\":\"11\",\"maxValue\":\"50\"}},{\"@type\":\"Person\",\"@id\":\"https:\\\/\\\/www.webdo.tn\\\/fr\\\/#\\\/schema\\\/person\\\/9a9c6118d687c117df8ef3cc36a4d175\",\"name\":\"webdo.tn\",\"image\":{\"@type\":\"ImageObject\",\"inLanguage\":\"fr-FR\",\"@id\":\"https:\\\/\\\/secure.gravatar.com\\\/avatar\\\/7ce1f28c0c3bbac99ff550b85ef8e44a6950c6ee24514fb6a5489e51d06f0298?s=96&d=mm&r=g\",\"url\":\"https:\\\/\\\/secure.gravatar.com\\\/avatar\\\/7ce1f28c0c3bbac99ff550b85ef8e44a6950c6ee24514fb6a5489e51d06f0298?s=96&d=mm&r=g\",\"contentUrl\":\"https:\\\/\\\/secure.gravatar.com\\\/avatar\\\/7ce1f28c0c3bbac99ff550b85ef8e44a6950c6ee24514fb6a5489e51d06f0298?s=96&d=mm&r=g\",\"caption\":\"webdo.tn\"},\"url\":\"https:\\\/\\\/www.webdo.tn\\\/fr\\\/actualite\\\/author\\\/webdotn\\\/\"}]}<\/script>\n<!-- \/ Yoast SEO Premium plugin. -->","yoast_head_json":{"title":"Un Tunisien et un Syrien accus\u00e9s d'avoir caus\u00e9 la mort de 800 migrants","description":"Un Tunisien et un Syrien accus\u00e9s d'avoir caus\u00e9 la mort de 800 migrants","canonical":"https:\/\/www.webdo.tn\/fr\/actualite\/international\/un-tunisien-et-un-syrien-accuses-davoir-cause-la-mort-de-800-migrants\/184151\/","og_locale":"fr_FR","og_type":"article","og_title":"Un Tunisien et un Syrien accus\u00e9s d'avoir caus\u00e9 la mort de 800 migrants","og_description":"Un Tunisien et un Syrien accus\u00e9s d'avoir caus\u00e9 la mort de 800 migrants","og_url":"https:\/\/www.webdo.tn\/fr\/actualite\/international\/un-tunisien-et-un-syrien-accuses-davoir-cause-la-mort-de-800-migrants\/184151\/","og_site_name":"webdo","article_publisher":"https:\/\/www.facebook.com\/webdotn","article_published_time":"2015-04-21T12:19:00+00:00","og_image":[{"width":600,"height":337,"url":"https:\/\/www.webdo.tn\/fr\/wp-content\/uploads\/2015\/04\/Naufrage-18-04-2015-Reuters-1.jpg","type":"image\/jpeg"}],"author":"webdo.tn","twitter_card":"summary_large_image","twitter_creator":"@webdo_tn","twitter_site":"@webdo_tn","twitter_misc":{"\u00c9crit par":"webdo.tn","Dur\u00e9e de lecture estim\u00e9e":"1 minute"},"schema":{"@context":"https:\/\/schema.org","@graph":[{"@type":"NewsArticle","@id":"https:\/\/www.webdo.tn\/fr\/actualite\/international\/un-tunisien-et-un-syrien-accuses-davoir-cause-la-mort-de-800-migrants\/184151\/#article","isPartOf":{"@id":"https:\/\/www.webdo.tn\/fr\/actualite\/international\/un-tunisien-et-un-syrien-accuses-davoir-cause-la-mort-de-800-migrants\/184151\/"},"author":{"name":"webdo.tn","@id":"https:\/\/www.webdo.tn\/fr\/#\/schema\/person\/9a9c6118d687c117df8ef3cc36a4d175"},"headline":"Un Tunisien et un Syrien accus\u00e9s d&rsquo;avoir caus\u00e9 la mort de 800 migrants","datePublished":"2015-04-21T12:19:00+00:00","mainEntityOfPage":{"@id":"https:\/\/www.webdo.tn\/fr\/actualite\/international\/un-tunisien-et-un-syrien-accuses-davoir-cause-la-mort-de-800-migrants\/184151\/"},"wordCount":235,"commentCount":0,"publisher":{"@id":"https:\/\/www.webdo.tn\/fr\/#organization"},"image":{"@id":"https:\/\/www.webdo.tn\/fr\/actualite\/international\/un-tunisien-et-un-syrien-accuses-davoir-cause-la-mort-de-800-migrants\/184151\/#primaryimage"},"thumbnailUrl":"https:\/\/www.webdo.tn\/fr\/wp-content\/uploads\/2015\/04\/Naufrage-18-04-2015-Reuters-1.jpg","keywords":["guerre"],"articleSection":["International"],"inLanguage":"fr-FR"},{"@type":"WebPage","@id":"https:\/\/www.webdo.tn\/fr\/actualite\/international\/un-tunisien-et-un-syrien-accuses-davoir-cause-la-mort-de-800-migrants\/184151\/","url":"https:\/\/www.webdo.tn\/fr\/actualite\/international\/un-tunisien-et-un-syrien-accuses-davoir-cause-la-mort-de-800-migrants\/184151\/","name":"Un Tunisien et un Syrien accus\u00e9s d'avoir caus\u00e9 la mort de 800 migrants","isPartOf":{"@id":"https:\/\/www.webdo.tn\/fr\/#website"},"primaryImageOfPage":{"@id":"https:\/\/www.webdo.tn\/fr\/actualite\/international\/un-tunisien-et-un-syrien-accuses-davoir-cause-la-mort-de-800-migrants\/184151\/#primaryimage"},"image":{"@id":"https:\/\/www.webdo.tn\/fr\/actualite\/international\/un-tunisien-et-un-syrien-accuses-davoir-cause-la-mort-de-800-migrants\/184151\/#primaryimage"},"thumbnailUrl":"https:\/\/www.webdo.tn\/fr\/wp-content\/uploads\/2015\/04\/Naufrage-18-04-2015-Reuters-1.jpg","datePublished":"2015-04-21T12:19:00+00:00","description":"Un Tunisien et un Syrien accus\u00e9s d'avoir caus\u00e9 la mort de 800 migrants","breadcrumb":{"@id":"https:\/\/www.webdo.tn\/fr\/actualite\/international\/un-tunisien-et-un-syrien-accuses-davoir-cause-la-mort-de-800-migrants\/184151\/#breadcrumb"},"inLanguage":"fr-FR","potentialAction":[{"@type":"ReadAction","target":["https:\/\/www.webdo.tn\/fr\/actualite\/international\/un-tunisien-et-un-syrien-accuses-davoir-cause-la-mort-de-800-migrants\/184151\/"]}]},{"@type":"ImageObject","inLanguage":"fr-FR","@id":"https:\/\/www.webdo.tn\/fr\/actualite\/international\/un-tunisien-et-un-syrien-accuses-davoir-cause-la-mort-de-800-migrants\/184151\/#primaryimage","url":"https:\/\/www.webdo.tn\/fr\/wp-content\/uploads\/2015\/04\/Naufrage-18-04-2015-Reuters-1.jpg","contentUrl":"https:\/\/www.webdo.tn\/fr\/wp-content\/uploads\/2015\/04\/Naufrage-18-04-2015-Reuters-1.jpg","width":600,"height":337,"caption":"Un Tunisien et un Syrien accus\u00e9s d'avoir caus\u00e9 la mort de 800 migrants"},{"@type":"BreadcrumbList","@id":"https:\/\/www.webdo.tn\/fr\/actualite\/international\/un-tunisien-et-un-syrien-accuses-davoir-cause-la-mort-de-800-migrants\/184151\/#breadcrumb","itemListElement":[{"@type":"ListItem","position":1,"name":"Accueil","item":"https:\/\/www.webdo.tn\/fr\/"},{"@type":"ListItem","position":2,"name":"Un Tunisien et un Syrien accus\u00e9s d&rsquo;avoir caus\u00e9 la mort de 800 migrants"}]},{"@type":"WebSite","@id":"https:\/\/www.webdo.tn\/fr\/#website","url":"https:\/\/www.webdo.tn\/fr\/","name":"webdo","description":"Tunisie - News en Tunisie et \u00e0 l&#039;international sur Webdo.tn","publisher":{"@id":"https:\/\/www.webdo.tn\/fr\/#organization"},"potentialAction":[{"@type":"SearchAction","target":{"@type":"EntryPoint","urlTemplate":"https:\/\/www.webdo.tn\/fr\/?s={search_term_string}"},"query-input":{"@type":"PropertyValueSpecification","valueRequired":true,"valueName":"search_term_string"}}],"inLanguage":"fr-FR"},{"@type":"Organization","@id":"https:\/\/www.webdo.tn\/fr\/#organization","name":"Webdo","alternateName":"Webdo.tn","url":"https:\/\/www.webdo.tn\/fr\/","logo":{"@type":"ImageObject","inLanguage":"fr-FR","@id":"https:\/\/www.webdo.tn\/fr\/#\/schema\/logo\/image\/","url":"https:\/\/www.webdo.tn\/fr\/wp-content\/uploads\/2025\/06\/Webdo-Tunisie_168377.jpg","contentUrl":"https:\/\/www.webdo.tn\/fr\/wp-content\/uploads\/2025\/06\/Webdo-Tunisie_168377.jpg","width":301,"height":301,"caption":"Webdo"},"image":{"@id":"https:\/\/www.webdo.tn\/fr\/#\/schema\/logo\/image\/"},"sameAs":["https:\/\/www.facebook.com\/webdotn","https:\/\/x.com\/webdo_tn"],"description":"Webdo est un m\u00e9dia num\u00e9rique tunisien fond\u00e9 en 2010, sp\u00e9cialis\u00e9 dans l\u2019actualit\u00e9 nationale et internationale, l\u2019\u00e9conomie, la soci\u00e9t\u00e9 et les analyses politiques. Le site s\u2019adresse \u00e0 un large public francophone et couvre l\u2019information tunisienne en temps r\u00e9el.","email":"redac@webdo.tn","legalName":"YNJ SARL","foundingDate":"2010-09-06","numberOfEmployees":{"@type":"QuantitativeValue","minValue":"11","maxValue":"50"}},{"@type":"Person","@id":"https:\/\/www.webdo.tn\/fr\/#\/schema\/person\/9a9c6118d687c117df8ef3cc36a4d175","name":"webdo.tn","image":{"@type":"ImageObject","inLanguage":"fr-FR","@id":"https:\/\/secure.gravatar.com\/avatar\/7ce1f28c0c3bbac99ff550b85ef8e44a6950c6ee24514fb6a5489e51d06f0298?s=96&d=mm&r=g","url":"https:\/\/secure.gravatar.com\/avatar\/7ce1f28c0c3bbac99ff550b85ef8e44a6950c6ee24514fb6a5489e51d06f0298?s=96&d=mm&r=g","contentUrl":"https:\/\/secure.gravatar.com\/avatar\/7ce1f28c0c3bbac99ff550b85ef8e44a6950c6ee24514fb6a5489e51d06f0298?s=96&d=mm&r=g","caption":"webdo.tn"},"url":"https:\/\/www.webdo.tn\/fr\/actualite\/author\/webdotn\/"}]}},"_links":{"self":[{"href":"https:\/\/www.webdo.tn\/fr\/wp-json\/wp\/v2\/posts\/184151","targetHints":{"allow":["GET"]}}],"collection":[{"href":"https:\/\/www.webdo.tn\/fr\/wp-json\/wp\/v2\/posts"}],"about":[{"href":"https:\/\/www.webdo.tn\/fr\/wp-json\/wp\/v2\/types\/post"}],"author":[{"embeddable":true,"href":"https:\/\/www.webdo.tn\/fr\/wp-json\/wp\/v2\/users\/3222"}],"replies":[{"embeddable":true,"href":"https:\/\/www.webdo.tn\/fr\/wp-json\/wp\/v2\/comments?post=184151"}],"version-history":[{"count":0,"href":"https:\/\/www.webdo.tn\/fr\/wp-json\/wp\/v2\/posts\/184151\/revisions"}],"wp:featuredmedia":[{"embeddable":true,"href":"https:\/\/www.webdo.tn\/fr\/wp-json\/wp\/v2\/media\/330225"}],"wp:attachment":[{"href":"https:\/\/www.webdo.tn\/fr\/wp-json\/wp\/v2\/media?parent=184151"}],"wp:term":[{"taxonomy":"category","embeddable":true,"href":"https:\/\/www.webdo.tn\/fr\/wp-json\/wp\/v2\/categories?post=184151"},{"taxonomy":"post_tag","embeddable":true,"href":"https:\/\/www.webdo.tn\/fr\/wp-json\/wp\/v2\/tags?post=184151"}],"curies":[{"name":"wp","href":"https:\/\/api.w.org\/{rel}","templated":true}]}}