{"id":184148,"date":"2015-04-27T10:57:00","date_gmt":"2015-04-27T10:57:00","guid":{"rendered":"https:\/\/www.webdo.tn\/fr\/blog\/lalpiniste-tunisien-tahar-manai-sain-et-sauf-apres-lavalanche-de-leverest\/184148\/"},"modified":"2015-04-27T10:57:00","modified_gmt":"2015-04-27T10:57:00","slug":"lalpiniste-tunisien-tahar-manai-sain-et-sauf-apres-lavalanche-de-leverest","status":"publish","type":"post","link":"https:\/\/www.webdo.tn\/fr\/actualite\/international\/lalpiniste-tunisien-tahar-manai-sain-et-sauf-apres-lavalanche-de-leverest\/184148\/","title":{"rendered":"L&rsquo;alpiniste tunisien Tahar Mana\u00ef, sain et sauf apr\u00e8s le s\u00e9isme au N\u00e9pal"},"content":{"rendered":"<p>Sain et sauf, un Tunisien, Tahar Mana\u00ef se trouvait au camp de base de l&rsquo;Everest au moment o\u00f9 le tremblement de terre causant une avalanche s&rsquo;est d\u00e9clench\u00e9, ce samedi 25 avril, emportant sur son passage la vie de plusieurs dizaines d&rsquo;alpinistes.<br \/>\nLe premier Tunisien \u00e0 gravir l&rsquo;Everest<br \/>\nTahar Mana\u00ef\u00a0a r\u00e9ussi \u00e0 joindre ses proches en France et en Tunisie pour les rassurer suite au tragique \u00e9v\u00e9nement, indiquant que \u00ab\u00a0la moiti\u00e9 du camp de base est gravement endommag\u00e9e puisqu&rsquo;il a \u00e9t\u00e9 englouti sous la neige\u00a0\u00bb, avant d&rsquo;ajouter que la descente des survivants de l&rsquo;avalanche allait avoir lieu.<br \/>\n[quote_box_center]\u00a0\u00bbJ\u2019ai eu beaucoup de chance. Je vais bien.\u00a0\u00bb a averti l&rsquo;alpiniste Tahar Mana\u00ef[\/quote_box_center]<\/p>\n<p>\u00ab\u00a0Derni\u00e8res Nouvelles\u00a0\u00bbTahar Mana\u00ef a appel\u00e9 sa famille hier matin heure de Kathmandu, signalant qu&rsquo;il allait bien, qu&rsquo;&#8230;<\/p>\n<p>Posted by L&rsquo;ascension d&rsquo;une Nation on dimanche 26 avril 2015<\/p>\n<p>L&rsquo;alpiniste tunisien et sapeur-pompier originaire de Sousse et vivant en France souhaitait \u00eatre le premier Tunisien \u00e0 gravir l&rsquo;Everest avec le drapeau tunisien. Il avait lanc\u00e9 l&rsquo;op\u00e9ration \u00ab\u00a0L&rsquo;ascension d&rsquo;une Nation\u00a0\u00bb pour \u00ab\u00a0construire l\u2019image de notre pays\u00a0\u00bb.\u00a0<br \/>\n3.200 morts et 6.500 bless\u00e9s<br \/>\nLe bilan du s\u00e9isme meurtrier qui a touch\u00e9 le N\u00e9pal, ce samedi 25 avril,\u00a0s&rsquo;alourdit. Il a caus\u00e9 la mort de\u00a0plus de 3200 personnes\u00a0et compte\u00a06500 bless\u00e9s. L&rsquo;Inde, la Chine et le Bangladesh, pays voisins,\u00a0ont \u00e9galement \u00e9t\u00e9 touch\u00e9s. Les secours tentent de retrouver des survivants et de secourir les bless\u00e9s.<br \/>\nLaure-H\u00e9l\u00e8ne Bonenfant<\/p>\n","protected":false},"excerpt":{"rendered":"<p>L&rsquo;alpiniste tunisien Tahar Mana\u00ef, sain et sauf apr\u00e8s le s\u00e9isme au N\u00e9pal<\/p>\n","protected":false},"author":3222,"featured_media":335793,"comment_status":"open","ping_status":"closed","sticky":false,"template":"","format":"standard","meta":{"footnotes":""},"categories":[2598],"tags":[2600],"class_list":["post-184148","post","type-post","status-publish","format-standard","has-post-thumbnail","hentry","category-international","tag-guerre"],"yoast_head":"<!-- This site is optimized with the Yoast SEO Premium plugin v27.5 (Yoast SEO v27.5) - https:\/\/yoast.com\/product\/yoast-seo-premium-wordpress\/ -->\n<title>L&#039;alpiniste tunisien Tahar Mana\u00ef, sain et sauf apr\u00e8s le s\u00e9isme au N\u00e9pal<\/title>\n<meta name=\"description\" content=\"L&#039;alpiniste tunisien Tahar Mana\u00ef, sain et sauf apr\u00e8s le s\u00e9isme au N\u00e9pal\" \/>\n<link rel=\"canonical\" href=\"https:\/\/www.webdo.tn\/fr\/actualite\/international\/lalpiniste-tunisien-tahar-manai-sain-et-sauf-apres-lavalanche-de-leverest\/184148\/\" \/>\n<meta property=\"og:locale\" content=\"fr_FR\" \/>\n<meta property=\"og:type\" content=\"article\" \/>\n<meta property=\"og:title\" content=\"L&#039;alpiniste tunisien Tahar Mana\u00ef, sain et sauf apr\u00e8s le s\u00e9isme au N\u00e9pal\" \/>\n<meta property=\"og:description\" content=\"L&#039;alpiniste tunisien Tahar Mana\u00ef, sain et sauf apr\u00e8s le s\u00e9isme au N\u00e9pal\" \/>\n<meta property=\"og:url\" content=\"https:\/\/www.webdo.tn\/fr\/actualite\/international\/lalpiniste-tunisien-tahar-manai-sain-et-sauf-apres-lavalanche-de-leverest\/184148\/\" \/>\n<meta property=\"og:site_name\" content=\"webdo\" \/>\n<meta property=\"article:publisher\" content=\"https:\/\/www.facebook.com\/webdotn\" \/>\n<meta property=\"article:published_time\" content=\"2015-04-27T10:57:00+00:00\" \/>\n<meta property=\"og:image\" content=\"https:\/\/www.webdo.tn\/fr\/wp-content\/uploads\/2015\/04\/10418889_1585383091747142_5745156472495723762_n.jpg\" \/>\n\t<meta property=\"og:image:width\" content=\"960\" \/>\n\t<meta property=\"og:image:height\" content=\"537\" \/>\n\t<meta property=\"og:image:type\" content=\"image\/jpeg\" \/>\n<meta name=\"author\" content=\"webdo.tn\" \/>\n<meta name=\"twitter:card\" content=\"summary_large_image\" \/>\n<meta name=\"twitter:creator\" content=\"@webdo_tn\" \/>\n<meta name=\"twitter:site\" content=\"@webdo_tn\" \/>\n<meta name=\"twitter:label1\" content=\"\u00c9crit par\" \/>\n\t<meta name=\"twitter:data1\" content=\"webdo.tn\" \/>\n\t<meta name=\"twitter:label2\" content=\"Dur\u00e9e de lecture estim\u00e9e\" \/>\n\t<meta name=\"twitter:data2\" content=\"1 minute\" \/>\n<script type=\"application\/ld+json\" class=\"yoast-schema-graph\">{\"@context\":\"https:\\\/\\\/schema.org\",\"@graph\":[{\"@type\":\"NewsArticle\",\"@id\":\"https:\\\/\\\/www.webdo.tn\\\/fr\\\/actualite\\\/international\\\/lalpiniste-tunisien-tahar-manai-sain-et-sauf-apres-lavalanche-de-leverest\\\/184148\\\/#article\",\"isPartOf\":{\"@id\":\"https:\\\/\\\/www.webdo.tn\\\/fr\\\/actualite\\\/international\\\/lalpiniste-tunisien-tahar-manai-sain-et-sauf-apres-lavalanche-de-leverest\\\/184148\\\/\"},\"author\":{\"name\":\"webdo.tn\",\"@id\":\"https:\\\/\\\/www.webdo.tn\\\/fr\\\/#\\\/schema\\\/person\\\/9a9c6118d687c117df8ef3cc36a4d175\"},\"headline\":\"L&rsquo;alpiniste tunisien Tahar Mana\u00ef, sain et sauf apr\u00e8s le s\u00e9isme au N\u00e9pal\",\"datePublished\":\"2015-04-27T10:57:00+00:00\",\"mainEntityOfPage\":{\"@id\":\"https:\\\/\\\/www.webdo.tn\\\/fr\\\/actualite\\\/international\\\/lalpiniste-tunisien-tahar-manai-sain-et-sauf-apres-lavalanche-de-leverest\\\/184148\\\/\"},\"wordCount\":279,\"commentCount\":0,\"publisher\":{\"@id\":\"https:\\\/\\\/www.webdo.tn\\\/fr\\\/#organization\"},\"image\":{\"@id\":\"https:\\\/\\\/www.webdo.tn\\\/fr\\\/actualite\\\/international\\\/lalpiniste-tunisien-tahar-manai-sain-et-sauf-apres-lavalanche-de-leverest\\\/184148\\\/#primaryimage\"},\"thumbnailUrl\":\"https:\\\/\\\/www.webdo.tn\\\/fr\\\/wp-content\\\/uploads\\\/2015\\\/04\\\/10418889_1585383091747142_5745156472495723762_n.jpg\",\"keywords\":[\"guerre\"],\"articleSection\":[\"International\"],\"inLanguage\":\"fr-FR\"},{\"@type\":\"WebPage\",\"@id\":\"https:\\\/\\\/www.webdo.tn\\\/fr\\\/actualite\\\/international\\\/lalpiniste-tunisien-tahar-manai-sain-et-sauf-apres-lavalanche-de-leverest\\\/184148\\\/\",\"url\":\"https:\\\/\\\/www.webdo.tn\\\/fr\\\/actualite\\\/international\\\/lalpiniste-tunisien-tahar-manai-sain-et-sauf-apres-lavalanche-de-leverest\\\/184148\\\/\",\"name\":\"L'alpiniste tunisien Tahar Mana\u00ef, sain et sauf apr\u00e8s le s\u00e9isme au N\u00e9pal\",\"isPartOf\":{\"@id\":\"https:\\\/\\\/www.webdo.tn\\\/fr\\\/#website\"},\"primaryImageOfPage\":{\"@id\":\"https:\\\/\\\/www.webdo.tn\\\/fr\\\/actualite\\\/international\\\/lalpiniste-tunisien-tahar-manai-sain-et-sauf-apres-lavalanche-de-leverest\\\/184148\\\/#primaryimage\"},\"image\":{\"@id\":\"https:\\\/\\\/www.webdo.tn\\\/fr\\\/actualite\\\/international\\\/lalpiniste-tunisien-tahar-manai-sain-et-sauf-apres-lavalanche-de-leverest\\\/184148\\\/#primaryimage\"},\"thumbnailUrl\":\"https:\\\/\\\/www.webdo.tn\\\/fr\\\/wp-content\\\/uploads\\\/2015\\\/04\\\/10418889_1585383091747142_5745156472495723762_n.jpg\",\"datePublished\":\"2015-04-27T10:57:00+00:00\",\"description\":\"L'alpiniste tunisien Tahar Mana\u00ef, sain et sauf apr\u00e8s le s\u00e9isme au N\u00e9pal\",\"breadcrumb\":{\"@id\":\"https:\\\/\\\/www.webdo.tn\\\/fr\\\/actualite\\\/international\\\/lalpiniste-tunisien-tahar-manai-sain-et-sauf-apres-lavalanche-de-leverest\\\/184148\\\/#breadcrumb\"},\"inLanguage\":\"fr-FR\",\"potentialAction\":[{\"@type\":\"ReadAction\",\"target\":[\"https:\\\/\\\/www.webdo.tn\\\/fr\\\/actualite\\\/international\\\/lalpiniste-tunisien-tahar-manai-sain-et-sauf-apres-lavalanche-de-leverest\\\/184148\\\/\"]}]},{\"@type\":\"ImageObject\",\"inLanguage\":\"fr-FR\",\"@id\":\"https:\\\/\\\/www.webdo.tn\\\/fr\\\/actualite\\\/international\\\/lalpiniste-tunisien-tahar-manai-sain-et-sauf-apres-lavalanche-de-leverest\\\/184148\\\/#primaryimage\",\"url\":\"https:\\\/\\\/www.webdo.tn\\\/fr\\\/wp-content\\\/uploads\\\/2015\\\/04\\\/10418889_1585383091747142_5745156472495723762_n.jpg\",\"contentUrl\":\"https:\\\/\\\/www.webdo.tn\\\/fr\\\/wp-content\\\/uploads\\\/2015\\\/04\\\/10418889_1585383091747142_5745156472495723762_n.jpg\",\"width\":960,\"height\":537,\"caption\":\"L'alpiniste tunisien Tahar Mana\u00ef, sain et sauf apr\u00e8s le s\u00e9isme au N\u00e9pal\"},{\"@type\":\"BreadcrumbList\",\"@id\":\"https:\\\/\\\/www.webdo.tn\\\/fr\\\/actualite\\\/international\\\/lalpiniste-tunisien-tahar-manai-sain-et-sauf-apres-lavalanche-de-leverest\\\/184148\\\/#breadcrumb\",\"itemListElement\":[{\"@type\":\"ListItem\",\"position\":1,\"name\":\"Accueil\",\"item\":\"https:\\\/\\\/www.webdo.tn\\\/fr\\\/\"},{\"@type\":\"ListItem\",\"position\":2,\"name\":\"L&rsquo;alpiniste tunisien Tahar Mana\u00ef, sain et sauf apr\u00e8s le s\u00e9isme au N\u00e9pal\"}]},{\"@type\":\"WebSite\",\"@id\":\"https:\\\/\\\/www.webdo.tn\\\/fr\\\/#website\",\"url\":\"https:\\\/\\\/www.webdo.tn\\\/fr\\\/\",\"name\":\"webdo\",\"description\":\"Tunisie - News en Tunisie et \u00e0 l&#039;international sur Webdo.tn\",\"publisher\":{\"@id\":\"https:\\\/\\\/www.webdo.tn\\\/fr\\\/#organization\"},\"potentialAction\":[{\"@type\":\"SearchAction\",\"target\":{\"@type\":\"EntryPoint\",\"urlTemplate\":\"https:\\\/\\\/www.webdo.tn\\\/fr\\\/?s={search_term_string}\"},\"query-input\":{\"@type\":\"PropertyValueSpecification\",\"valueRequired\":true,\"valueName\":\"search_term_string\"}}],\"inLanguage\":\"fr-FR\"},{\"@type\":\"Organization\",\"@id\":\"https:\\\/\\\/www.webdo.tn\\\/fr\\\/#organization\",\"name\":\"Webdo\",\"alternateName\":\"Webdo.tn\",\"url\":\"https:\\\/\\\/www.webdo.tn\\\/fr\\\/\",\"logo\":{\"@type\":\"ImageObject\",\"inLanguage\":\"fr-FR\",\"@id\":\"https:\\\/\\\/www.webdo.tn\\\/fr\\\/#\\\/schema\\\/logo\\\/image\\\/\",\"url\":\"https:\\\/\\\/www.webdo.tn\\\/fr\\\/wp-content\\\/uploads\\\/2025\\\/06\\\/Webdo-Tunisie_168377.jpg\",\"contentUrl\":\"https:\\\/\\\/www.webdo.tn\\\/fr\\\/wp-content\\\/uploads\\\/2025\\\/06\\\/Webdo-Tunisie_168377.jpg\",\"width\":301,\"height\":301,\"caption\":\"Webdo\"},\"image\":{\"@id\":\"https:\\\/\\\/www.webdo.tn\\\/fr\\\/#\\\/schema\\\/logo\\\/image\\\/\"},\"sameAs\":[\"https:\\\/\\\/www.facebook.com\\\/webdotn\",\"https:\\\/\\\/x.com\\\/webdo_tn\"],\"description\":\"Webdo est un m\u00e9dia num\u00e9rique tunisien fond\u00e9 en 2010, sp\u00e9cialis\u00e9 dans l\u2019actualit\u00e9 nationale et internationale, l\u2019\u00e9conomie, la soci\u00e9t\u00e9 et les analyses politiques. Le site s\u2019adresse \u00e0 un large public francophone et couvre l\u2019information tunisienne en temps r\u00e9el.\",\"email\":\"redac@webdo.tn\",\"legalName\":\"YNJ SARL\",\"foundingDate\":\"2010-09-06\",\"numberOfEmployees\":{\"@type\":\"QuantitativeValue\",\"minValue\":\"11\",\"maxValue\":\"50\"}},{\"@type\":\"Person\",\"@id\":\"https:\\\/\\\/www.webdo.tn\\\/fr\\\/#\\\/schema\\\/person\\\/9a9c6118d687c117df8ef3cc36a4d175\",\"name\":\"webdo.tn\",\"image\":{\"@type\":\"ImageObject\",\"inLanguage\":\"fr-FR\",\"@id\":\"https:\\\/\\\/secure.gravatar.com\\\/avatar\\\/7ce1f28c0c3bbac99ff550b85ef8e44a6950c6ee24514fb6a5489e51d06f0298?s=96&d=mm&r=g\",\"url\":\"https:\\\/\\\/secure.gravatar.com\\\/avatar\\\/7ce1f28c0c3bbac99ff550b85ef8e44a6950c6ee24514fb6a5489e51d06f0298?s=96&d=mm&r=g\",\"contentUrl\":\"https:\\\/\\\/secure.gravatar.com\\\/avatar\\\/7ce1f28c0c3bbac99ff550b85ef8e44a6950c6ee24514fb6a5489e51d06f0298?s=96&d=mm&r=g\",\"caption\":\"webdo.tn\"},\"url\":\"https:\\\/\\\/www.webdo.tn\\\/fr\\\/actualite\\\/author\\\/webdotn\\\/\"}]}<\/script>\n<!-- \/ Yoast SEO Premium plugin. -->","yoast_head_json":{"title":"L'alpiniste tunisien Tahar Mana\u00ef, sain et sauf apr\u00e8s le s\u00e9isme au N\u00e9pal","description":"L'alpiniste tunisien Tahar Mana\u00ef, sain et sauf apr\u00e8s le s\u00e9isme au N\u00e9pal","canonical":"https:\/\/www.webdo.tn\/fr\/actualite\/international\/lalpiniste-tunisien-tahar-manai-sain-et-sauf-apres-lavalanche-de-leverest\/184148\/","og_locale":"fr_FR","og_type":"article","og_title":"L'alpiniste tunisien Tahar Mana\u00ef, sain et sauf apr\u00e8s le s\u00e9isme au N\u00e9pal","og_description":"L'alpiniste tunisien Tahar Mana\u00ef, sain et sauf apr\u00e8s le s\u00e9isme au N\u00e9pal","og_url":"https:\/\/www.webdo.tn\/fr\/actualite\/international\/lalpiniste-tunisien-tahar-manai-sain-et-sauf-apres-lavalanche-de-leverest\/184148\/","og_site_name":"webdo","article_publisher":"https:\/\/www.facebook.com\/webdotn","article_published_time":"2015-04-27T10:57:00+00:00","og_image":[{"width":960,"height":537,"url":"https:\/\/www.webdo.tn\/fr\/wp-content\/uploads\/2015\/04\/10418889_1585383091747142_5745156472495723762_n.jpg","type":"image\/jpeg"}],"author":"webdo.tn","twitter_card":"summary_large_image","twitter_creator":"@webdo_tn","twitter_site":"@webdo_tn","twitter_misc":{"\u00c9crit par":"webdo.tn","Dur\u00e9e de lecture estim\u00e9e":"1 minute"},"schema":{"@context":"https:\/\/schema.org","@graph":[{"@type":"NewsArticle","@id":"https:\/\/www.webdo.tn\/fr\/actualite\/international\/lalpiniste-tunisien-tahar-manai-sain-et-sauf-apres-lavalanche-de-leverest\/184148\/#article","isPartOf":{"@id":"https:\/\/www.webdo.tn\/fr\/actualite\/international\/lalpiniste-tunisien-tahar-manai-sain-et-sauf-apres-lavalanche-de-leverest\/184148\/"},"author":{"name":"webdo.tn","@id":"https:\/\/www.webdo.tn\/fr\/#\/schema\/person\/9a9c6118d687c117df8ef3cc36a4d175"},"headline":"L&rsquo;alpiniste tunisien Tahar Mana\u00ef, sain et sauf apr\u00e8s le s\u00e9isme au N\u00e9pal","datePublished":"2015-04-27T10:57:00+00:00","mainEntityOfPage":{"@id":"https:\/\/www.webdo.tn\/fr\/actualite\/international\/lalpiniste-tunisien-tahar-manai-sain-et-sauf-apres-lavalanche-de-leverest\/184148\/"},"wordCount":279,"commentCount":0,"publisher":{"@id":"https:\/\/www.webdo.tn\/fr\/#organization"},"image":{"@id":"https:\/\/www.webdo.tn\/fr\/actualite\/international\/lalpiniste-tunisien-tahar-manai-sain-et-sauf-apres-lavalanche-de-leverest\/184148\/#primaryimage"},"thumbnailUrl":"https:\/\/www.webdo.tn\/fr\/wp-content\/uploads\/2015\/04\/10418889_1585383091747142_5745156472495723762_n.jpg","keywords":["guerre"],"articleSection":["International"],"inLanguage":"fr-FR"},{"@type":"WebPage","@id":"https:\/\/www.webdo.tn\/fr\/actualite\/international\/lalpiniste-tunisien-tahar-manai-sain-et-sauf-apres-lavalanche-de-leverest\/184148\/","url":"https:\/\/www.webdo.tn\/fr\/actualite\/international\/lalpiniste-tunisien-tahar-manai-sain-et-sauf-apres-lavalanche-de-leverest\/184148\/","name":"L'alpiniste tunisien Tahar Mana\u00ef, sain et sauf apr\u00e8s le s\u00e9isme au N\u00e9pal","isPartOf":{"@id":"https:\/\/www.webdo.tn\/fr\/#website"},"primaryImageOfPage":{"@id":"https:\/\/www.webdo.tn\/fr\/actualite\/international\/lalpiniste-tunisien-tahar-manai-sain-et-sauf-apres-lavalanche-de-leverest\/184148\/#primaryimage"},"image":{"@id":"https:\/\/www.webdo.tn\/fr\/actualite\/international\/lalpiniste-tunisien-tahar-manai-sain-et-sauf-apres-lavalanche-de-leverest\/184148\/#primaryimage"},"thumbnailUrl":"https:\/\/www.webdo.tn\/fr\/wp-content\/uploads\/2015\/04\/10418889_1585383091747142_5745156472495723762_n.jpg","datePublished":"2015-04-27T10:57:00+00:00","description":"L'alpiniste tunisien Tahar Mana\u00ef, sain et sauf apr\u00e8s le s\u00e9isme au N\u00e9pal","breadcrumb":{"@id":"https:\/\/www.webdo.tn\/fr\/actualite\/international\/lalpiniste-tunisien-tahar-manai-sain-et-sauf-apres-lavalanche-de-leverest\/184148\/#breadcrumb"},"inLanguage":"fr-FR","potentialAction":[{"@type":"ReadAction","target":["https:\/\/www.webdo.tn\/fr\/actualite\/international\/lalpiniste-tunisien-tahar-manai-sain-et-sauf-apres-lavalanche-de-leverest\/184148\/"]}]},{"@type":"ImageObject","inLanguage":"fr-FR","@id":"https:\/\/www.webdo.tn\/fr\/actualite\/international\/lalpiniste-tunisien-tahar-manai-sain-et-sauf-apres-lavalanche-de-leverest\/184148\/#primaryimage","url":"https:\/\/www.webdo.tn\/fr\/wp-content\/uploads\/2015\/04\/10418889_1585383091747142_5745156472495723762_n.jpg","contentUrl":"https:\/\/www.webdo.tn\/fr\/wp-content\/uploads\/2015\/04\/10418889_1585383091747142_5745156472495723762_n.jpg","width":960,"height":537,"caption":"L'alpiniste tunisien Tahar Mana\u00ef, sain et sauf apr\u00e8s le s\u00e9isme au N\u00e9pal"},{"@type":"BreadcrumbList","@id":"https:\/\/www.webdo.tn\/fr\/actualite\/international\/lalpiniste-tunisien-tahar-manai-sain-et-sauf-apres-lavalanche-de-leverest\/184148\/#breadcrumb","itemListElement":[{"@type":"ListItem","position":1,"name":"Accueil","item":"https:\/\/www.webdo.tn\/fr\/"},{"@type":"ListItem","position":2,"name":"L&rsquo;alpiniste tunisien Tahar Mana\u00ef, sain et sauf apr\u00e8s le s\u00e9isme au N\u00e9pal"}]},{"@type":"WebSite","@id":"https:\/\/www.webdo.tn\/fr\/#website","url":"https:\/\/www.webdo.tn\/fr\/","name":"webdo","description":"Tunisie - News en Tunisie et \u00e0 l&#039;international sur Webdo.tn","publisher":{"@id":"https:\/\/www.webdo.tn\/fr\/#organization"},"potentialAction":[{"@type":"SearchAction","target":{"@type":"EntryPoint","urlTemplate":"https:\/\/www.webdo.tn\/fr\/?s={search_term_string}"},"query-input":{"@type":"PropertyValueSpecification","valueRequired":true,"valueName":"search_term_string"}}],"inLanguage":"fr-FR"},{"@type":"Organization","@id":"https:\/\/www.webdo.tn\/fr\/#organization","name":"Webdo","alternateName":"Webdo.tn","url":"https:\/\/www.webdo.tn\/fr\/","logo":{"@type":"ImageObject","inLanguage":"fr-FR","@id":"https:\/\/www.webdo.tn\/fr\/#\/schema\/logo\/image\/","url":"https:\/\/www.webdo.tn\/fr\/wp-content\/uploads\/2025\/06\/Webdo-Tunisie_168377.jpg","contentUrl":"https:\/\/www.webdo.tn\/fr\/wp-content\/uploads\/2025\/06\/Webdo-Tunisie_168377.jpg","width":301,"height":301,"caption":"Webdo"},"image":{"@id":"https:\/\/www.webdo.tn\/fr\/#\/schema\/logo\/image\/"},"sameAs":["https:\/\/www.facebook.com\/webdotn","https:\/\/x.com\/webdo_tn"],"description":"Webdo est un m\u00e9dia num\u00e9rique tunisien fond\u00e9 en 2010, sp\u00e9cialis\u00e9 dans l\u2019actualit\u00e9 nationale et internationale, l\u2019\u00e9conomie, la soci\u00e9t\u00e9 et les analyses politiques. Le site s\u2019adresse \u00e0 un large public francophone et couvre l\u2019information tunisienne en temps r\u00e9el.","email":"redac@webdo.tn","legalName":"YNJ SARL","foundingDate":"2010-09-06","numberOfEmployees":{"@type":"QuantitativeValue","minValue":"11","maxValue":"50"}},{"@type":"Person","@id":"https:\/\/www.webdo.tn\/fr\/#\/schema\/person\/9a9c6118d687c117df8ef3cc36a4d175","name":"webdo.tn","image":{"@type":"ImageObject","inLanguage":"fr-FR","@id":"https:\/\/secure.gravatar.com\/avatar\/7ce1f28c0c3bbac99ff550b85ef8e44a6950c6ee24514fb6a5489e51d06f0298?s=96&d=mm&r=g","url":"https:\/\/secure.gravatar.com\/avatar\/7ce1f28c0c3bbac99ff550b85ef8e44a6950c6ee24514fb6a5489e51d06f0298?s=96&d=mm&r=g","contentUrl":"https:\/\/secure.gravatar.com\/avatar\/7ce1f28c0c3bbac99ff550b85ef8e44a6950c6ee24514fb6a5489e51d06f0298?s=96&d=mm&r=g","caption":"webdo.tn"},"url":"https:\/\/www.webdo.tn\/fr\/actualite\/author\/webdotn\/"}]}},"_links":{"self":[{"href":"https:\/\/www.webdo.tn\/fr\/wp-json\/wp\/v2\/posts\/184148","targetHints":{"allow":["GET"]}}],"collection":[{"href":"https:\/\/www.webdo.tn\/fr\/wp-json\/wp\/v2\/posts"}],"about":[{"href":"https:\/\/www.webdo.tn\/fr\/wp-json\/wp\/v2\/types\/post"}],"author":[{"embeddable":true,"href":"https:\/\/www.webdo.tn\/fr\/wp-json\/wp\/v2\/users\/3222"}],"replies":[{"embeddable":true,"href":"https:\/\/www.webdo.tn\/fr\/wp-json\/wp\/v2\/comments?post=184148"}],"version-history":[{"count":0,"href":"https:\/\/www.webdo.tn\/fr\/wp-json\/wp\/v2\/posts\/184148\/revisions"}],"wp:featuredmedia":[{"embeddable":true,"href":"https:\/\/www.webdo.tn\/fr\/wp-json\/wp\/v2\/media\/335793"}],"wp:attachment":[{"href":"https:\/\/www.webdo.tn\/fr\/wp-json\/wp\/v2\/media?parent=184148"}],"wp:term":[{"taxonomy":"category","embeddable":true,"href":"https:\/\/www.webdo.tn\/fr\/wp-json\/wp\/v2\/categories?post=184148"},{"taxonomy":"post_tag","embeddable":true,"href":"https:\/\/www.webdo.tn\/fr\/wp-json\/wp\/v2\/tags?post=184148"}],"curies":[{"name":"wp","href":"https:\/\/api.w.org\/{rel}","templated":true}]}}