{"id":184147,"date":"2015-04-27T12:23:00","date_gmt":"2015-04-27T12:23:00","guid":{"rendered":"https:\/\/www.webdo.tn\/fr\/blog\/barack-obama-engage-un-traducteur-de-colere-pour-son-discours-au-diner-annuel-des-correspondants\/184147\/"},"modified":"2025-05-18T22:15:23","modified_gmt":"2025-05-18T22:15:23","slug":"barack-obama-engage-un-traducteur-de-colere-pour-son-discours-au-diner-annuel-des-correspondants","status":"publish","type":"post","link":"https:\/\/www.webdo.tn\/fr\/actualite\/international\/barack-obama-engage-un-traducteur-de-colere-pour-son-discours-au-diner-annuel-des-correspondants\/184147\/","title":{"rendered":"Barack Obama engage un \u00ab\u00a0traducteur de col\u00e8re\u00a0\u00bb pour son discours au d\u00eener annuel des correspondants"},"content":{"rendered":"<p>Lors du d\u00eener annuel des correspondants \u00e0 la Maison Blanche, Barack Obama a offert un discours plein d&rsquo;humour. Le pr\u00e9sident am\u00e9ricain a invit\u00e9 \u00e0 ses c\u00f4t\u00e9s le com\u00e9dien\u00a0\u00a0Keegan-Michael Key, dans le r\u00f4le de Luther, un personnage de l&rsquo;\u00e9mission\u00a0Key and Peele\u00a0afin qu&rsquo;il \u00ab\u00a0traduise sa col\u00e8re\u00a0\u00bb.<br \/>\nBarack Obama est rest\u00e9 s\u00e9rieux, tout au long de son discours, alors que son traducteur insolite s&rsquo;\u00e9nervait \u00e0 sa place.<\/p>\n<p>Par exemple, lorsque Obama \u00e9voque l&rsquo;importance des liens entre la presse et la Maison Blanche : \u00ab\u00a0Parce que malgr\u00e9 nos diff\u00e9rents, nous comptons sur la presse pour mettre en lumi\u00e8re les probl\u00e8mes les plus cruciaux du jour.\u00a0\u00bb,\u00a0Luther rench\u00e9rit : \u00a0\u00bb Et vous pouvez compter\u00a0sur Fox[News] pour terroriser les Blancs avec des insanit\u00e9s ! La Charia arrive \u00e0 Cleveland, courez pour le salut de vos \u00e2mes ! \u00ab\u00a0.<br \/>\n[quote_box_center]Oh, et CNN, merci pour la pleine couverture d\u2019Ebola ! Pendant deux semaines compl\u00e8tes, nous \u00a0n&rsquo;\u00e9tions \u00a0pas loin de\u00a0The Walking Dead. Ensuite vous vous \u00eates tous r\u00e9veill\u00e9s et vous \u00eates juste pass\u00e9s \u00e0 autre chose. C\u2019\u00e9tait g\u00e9nial ! Et au fait, au cas o\u00f9 vous ne le sauriez pas, vous n\u2019avez pas Ebola ![\/quote_box_center]<\/p>\n<p>Le changement climatique<br \/>\nUn autre point important du discours du pr\u00e9sident des Etats-Unis, le changement climatique \u00ab\u00a0Mais nous devons nous concentrer sur les grands d\u00e9fis, comme les changements climatiques.\u00a0\u00bb,\u00a0ce que Luther a traduit ainsi :<br \/>\n[quote_box_center]Juste au cas o\u00f9 vous n&rsquo;auriez pas remarqu\u00e9, la Californie est compl\u00e8tement \u00e0 sec. On dirait un trailer du nouveau film de Mad Max l\u00e0-bas. Vous pensez que Bradley Cooper est venu ici parce qu&rsquo;il voulait parler \u00e0 Chuck Todd ? Il avait besoin d&rsquo;un verre d&rsquo;eau ![\/quote_box_center]<br \/>\nSujet qui irrite quand m\u00eame Barack Obama puisque \u00e0 la fin du discours, le pr\u00e9sident am\u00e9ricain n&rsquo;a plus besoin de son traducteur de col\u00e8re :<br \/>\n[quote_box_center]Regardez ce qui se passe maintenant, chaque scientifique dit que nous avons besoin d&rsquo;agir. Le Pentagone dit\u00a0que c&rsquo;est un risque de s\u00e9curit\u00e9 national. Miami est inond\u00e9 un jour de soleil et au lieu de faire quelque chose contre \u00e7a,\u00a0nous avons \u00e9lu des gens qui jettent des boules de neige sur le S\u00e9nat [r\u00e9f\u00e9rence \u00e0 Jim Inhoffe, un R\u00e9publicain qui a tent\u00e9 de d\u00e9mentir le\u00a0r\u00e9chauffement climatique, NDLR]. C&rsquo;est dingue, qu&rsquo;en est-il de nos enfants ?[\/quote_box_center]<br \/>\nUn bon moyen de faire passer plusieurs messages avec humour et autod\u00e9rision.<br \/>\nElodie Potente<\/p>\n","protected":false},"excerpt":{"rendered":"<p>Barack Obama engage un  traducteur de col\u00e8re  pour son discours au d\u00eener annuel des correspondants<\/p>\n","protected":false},"author":3222,"featured_media":318432,"comment_status":"open","ping_status":"closed","sticky":false,"template":"","format":"standard","meta":{"footnotes":""},"categories":[2598],"tags":[2600],"class_list":["post-184147","post","type-post","status-publish","format-standard","has-post-thumbnail","hentry","category-international","tag-guerre"],"yoast_head":"<!-- This site is optimized with the Yoast SEO Premium plugin v27.5 (Yoast SEO v27.5) - https:\/\/yoast.com\/product\/yoast-seo-premium-wordpress\/ -->\n<title>Barack Obama engage un traducteur de col\u00e8re pour son discours au d\u00eener annuel des correspondants<\/title>\n<meta name=\"description\" content=\"Barack Obama engage un traducteur de col\u00e8re pour son discours au d\u00eener annuel des correspondants\" \/>\n<link rel=\"canonical\" href=\"https:\/\/www.webdo.tn\/fr\/actualite\/international\/barack-obama-engage-un-traducteur-de-colere-pour-son-discours-au-diner-annuel-des-correspondants\/184147\/\" \/>\n<meta property=\"og:locale\" content=\"fr_FR\" \/>\n<meta property=\"og:type\" content=\"article\" \/>\n<meta property=\"og:title\" content=\"Barack Obama engage un &quot;traducteur de col\u00e8re&quot; pour son discours au d\u00eener annuel des correspondants\" \/>\n<meta property=\"og:description\" content=\"Barack Obama engage un traducteur de col\u00e8re pour son discours au d\u00eener annuel des correspondants\" \/>\n<meta property=\"og:url\" content=\"https:\/\/www.webdo.tn\/fr\/actualite\/international\/barack-obama-engage-un-traducteur-de-colere-pour-son-discours-au-diner-annuel-des-correspondants\/184147\/\" \/>\n<meta property=\"og:site_name\" content=\"webdo\" \/>\n<meta property=\"article:publisher\" content=\"https:\/\/www.facebook.com\/webdotn\" \/>\n<meta property=\"article:published_time\" content=\"2015-04-27T12:23:00+00:00\" \/>\n<meta property=\"article:modified_time\" content=\"2025-05-18T22:15:23+00:00\" \/>\n<meta property=\"og:image\" content=\"https:\/\/www.webdo.tn\/fr\/wp-content\/uploads\/2015\/04\/webdo_default-9.jpg\" \/>\n\t<meta property=\"og:image:width\" content=\"800\" \/>\n\t<meta property=\"og:image:height\" content=\"500\" \/>\n\t<meta property=\"og:image:type\" content=\"image\/jpeg\" \/>\n<meta name=\"author\" content=\"webdo.tn\" \/>\n<meta name=\"twitter:card\" content=\"summary_large_image\" \/>\n<meta name=\"twitter:creator\" content=\"@webdo_tn\" \/>\n<meta name=\"twitter:site\" content=\"@webdo_tn\" \/>\n<meta name=\"twitter:label1\" content=\"\u00c9crit par\" \/>\n\t<meta name=\"twitter:data1\" content=\"webdo.tn\" \/>\n\t<meta name=\"twitter:label2\" content=\"Dur\u00e9e de lecture estim\u00e9e\" \/>\n\t<meta name=\"twitter:data2\" content=\"2 minutes\" \/>\n<script type=\"application\/ld+json\" class=\"yoast-schema-graph\">{\"@context\":\"https:\\\/\\\/schema.org\",\"@graph\":[{\"@type\":\"NewsArticle\",\"@id\":\"https:\\\/\\\/www.webdo.tn\\\/fr\\\/actualite\\\/international\\\/barack-obama-engage-un-traducteur-de-colere-pour-son-discours-au-diner-annuel-des-correspondants\\\/184147\\\/#article\",\"isPartOf\":{\"@id\":\"https:\\\/\\\/www.webdo.tn\\\/fr\\\/actualite\\\/international\\\/barack-obama-engage-un-traducteur-de-colere-pour-son-discours-au-diner-annuel-des-correspondants\\\/184147\\\/\"},\"author\":{\"name\":\"webdo.tn\",\"@id\":\"https:\\\/\\\/www.webdo.tn\\\/fr\\\/#\\\/schema\\\/person\\\/9a9c6118d687c117df8ef3cc36a4d175\"},\"headline\":\"Barack Obama engage un \u00ab\u00a0traducteur de col\u00e8re\u00a0\u00bb pour son discours au d\u00eener annuel des correspondants\",\"datePublished\":\"2015-04-27T12:23:00+00:00\",\"dateModified\":\"2025-05-18T22:15:23+00:00\",\"mainEntityOfPage\":{\"@id\":\"https:\\\/\\\/www.webdo.tn\\\/fr\\\/actualite\\\/international\\\/barack-obama-engage-un-traducteur-de-colere-pour-son-discours-au-diner-annuel-des-correspondants\\\/184147\\\/\"},\"wordCount\":457,\"commentCount\":0,\"publisher\":{\"@id\":\"https:\\\/\\\/www.webdo.tn\\\/fr\\\/#organization\"},\"image\":{\"@id\":\"https:\\\/\\\/www.webdo.tn\\\/fr\\\/actualite\\\/international\\\/barack-obama-engage-un-traducteur-de-colere-pour-son-discours-au-diner-annuel-des-correspondants\\\/184147\\\/#primaryimage\"},\"thumbnailUrl\":\"https:\\\/\\\/www.webdo.tn\\\/fr\\\/wp-content\\\/uploads\\\/2015\\\/04\\\/webdo_default-9.jpg\",\"keywords\":[\"guerre\"],\"articleSection\":[\"International\"],\"inLanguage\":\"fr-FR\"},{\"@type\":\"WebPage\",\"@id\":\"https:\\\/\\\/www.webdo.tn\\\/fr\\\/actualite\\\/international\\\/barack-obama-engage-un-traducteur-de-colere-pour-son-discours-au-diner-annuel-des-correspondants\\\/184147\\\/\",\"url\":\"https:\\\/\\\/www.webdo.tn\\\/fr\\\/actualite\\\/international\\\/barack-obama-engage-un-traducteur-de-colere-pour-son-discours-au-diner-annuel-des-correspondants\\\/184147\\\/\",\"name\":\"Barack Obama engage un traducteur de col\u00e8re pour son discours au d\u00eener annuel des correspondants\",\"isPartOf\":{\"@id\":\"https:\\\/\\\/www.webdo.tn\\\/fr\\\/#website\"},\"primaryImageOfPage\":{\"@id\":\"https:\\\/\\\/www.webdo.tn\\\/fr\\\/actualite\\\/international\\\/barack-obama-engage-un-traducteur-de-colere-pour-son-discours-au-diner-annuel-des-correspondants\\\/184147\\\/#primaryimage\"},\"image\":{\"@id\":\"https:\\\/\\\/www.webdo.tn\\\/fr\\\/actualite\\\/international\\\/barack-obama-engage-un-traducteur-de-colere-pour-son-discours-au-diner-annuel-des-correspondants\\\/184147\\\/#primaryimage\"},\"thumbnailUrl\":\"https:\\\/\\\/www.webdo.tn\\\/fr\\\/wp-content\\\/uploads\\\/2015\\\/04\\\/webdo_default-9.jpg\",\"datePublished\":\"2015-04-27T12:23:00+00:00\",\"dateModified\":\"2025-05-18T22:15:23+00:00\",\"description\":\"Barack Obama engage un traducteur de col\u00e8re pour son discours au d\u00eener annuel des correspondants\",\"breadcrumb\":{\"@id\":\"https:\\\/\\\/www.webdo.tn\\\/fr\\\/actualite\\\/international\\\/barack-obama-engage-un-traducteur-de-colere-pour-son-discours-au-diner-annuel-des-correspondants\\\/184147\\\/#breadcrumb\"},\"inLanguage\":\"fr-FR\",\"potentialAction\":[{\"@type\":\"ReadAction\",\"target\":[\"https:\\\/\\\/www.webdo.tn\\\/fr\\\/actualite\\\/international\\\/barack-obama-engage-un-traducteur-de-colere-pour-son-discours-au-diner-annuel-des-correspondants\\\/184147\\\/\"]}]},{\"@type\":\"ImageObject\",\"inLanguage\":\"fr-FR\",\"@id\":\"https:\\\/\\\/www.webdo.tn\\\/fr\\\/actualite\\\/international\\\/barack-obama-engage-un-traducteur-de-colere-pour-son-discours-au-diner-annuel-des-correspondants\\\/184147\\\/#primaryimage\",\"url\":\"https:\\\/\\\/www.webdo.tn\\\/fr\\\/wp-content\\\/uploads\\\/2015\\\/04\\\/webdo_default-9.jpg\",\"contentUrl\":\"https:\\\/\\\/www.webdo.tn\\\/fr\\\/wp-content\\\/uploads\\\/2015\\\/04\\\/webdo_default-9.jpg\",\"width\":800,\"height\":500,\"caption\":\"Barack Obama engage un \\\"traducteur de col\u00e8re\\\" pour son discours au d\u00eener annuel des correspondants\"},{\"@type\":\"BreadcrumbList\",\"@id\":\"https:\\\/\\\/www.webdo.tn\\\/fr\\\/actualite\\\/international\\\/barack-obama-engage-un-traducteur-de-colere-pour-son-discours-au-diner-annuel-des-correspondants\\\/184147\\\/#breadcrumb\",\"itemListElement\":[{\"@type\":\"ListItem\",\"position\":1,\"name\":\"Accueil\",\"item\":\"https:\\\/\\\/www.webdo.tn\\\/fr\\\/\"},{\"@type\":\"ListItem\",\"position\":2,\"name\":\"Barack Obama engage un \u00ab\u00a0traducteur de col\u00e8re\u00a0\u00bb pour son discours au d\u00eener annuel des correspondants\"}]},{\"@type\":\"WebSite\",\"@id\":\"https:\\\/\\\/www.webdo.tn\\\/fr\\\/#website\",\"url\":\"https:\\\/\\\/www.webdo.tn\\\/fr\\\/\",\"name\":\"webdo\",\"description\":\"Tunisie - News en Tunisie et \u00e0 l&#039;international sur Webdo.tn\",\"publisher\":{\"@id\":\"https:\\\/\\\/www.webdo.tn\\\/fr\\\/#organization\"},\"potentialAction\":[{\"@type\":\"SearchAction\",\"target\":{\"@type\":\"EntryPoint\",\"urlTemplate\":\"https:\\\/\\\/www.webdo.tn\\\/fr\\\/?s={search_term_string}\"},\"query-input\":{\"@type\":\"PropertyValueSpecification\",\"valueRequired\":true,\"valueName\":\"search_term_string\"}}],\"inLanguage\":\"fr-FR\"},{\"@type\":\"Organization\",\"@id\":\"https:\\\/\\\/www.webdo.tn\\\/fr\\\/#organization\",\"name\":\"Webdo\",\"alternateName\":\"Webdo.tn\",\"url\":\"https:\\\/\\\/www.webdo.tn\\\/fr\\\/\",\"logo\":{\"@type\":\"ImageObject\",\"inLanguage\":\"fr-FR\",\"@id\":\"https:\\\/\\\/www.webdo.tn\\\/fr\\\/#\\\/schema\\\/logo\\\/image\\\/\",\"url\":\"https:\\\/\\\/www.webdo.tn\\\/fr\\\/wp-content\\\/uploads\\\/2025\\\/06\\\/Webdo-Tunisie_168377.jpg\",\"contentUrl\":\"https:\\\/\\\/www.webdo.tn\\\/fr\\\/wp-content\\\/uploads\\\/2025\\\/06\\\/Webdo-Tunisie_168377.jpg\",\"width\":301,\"height\":301,\"caption\":\"Webdo\"},\"image\":{\"@id\":\"https:\\\/\\\/www.webdo.tn\\\/fr\\\/#\\\/schema\\\/logo\\\/image\\\/\"},\"sameAs\":[\"https:\\\/\\\/www.facebook.com\\\/webdotn\",\"https:\\\/\\\/x.com\\\/webdo_tn\"],\"description\":\"Webdo est un m\u00e9dia num\u00e9rique tunisien fond\u00e9 en 2010, sp\u00e9cialis\u00e9 dans l\u2019actualit\u00e9 nationale et internationale, l\u2019\u00e9conomie, la soci\u00e9t\u00e9 et les analyses politiques. Le site s\u2019adresse \u00e0 un large public francophone et couvre l\u2019information tunisienne en temps r\u00e9el.\",\"email\":\"redac@webdo.tn\",\"legalName\":\"YNJ SARL\",\"foundingDate\":\"2010-09-06\",\"numberOfEmployees\":{\"@type\":\"QuantitativeValue\",\"minValue\":\"11\",\"maxValue\":\"50\"}},{\"@type\":\"Person\",\"@id\":\"https:\\\/\\\/www.webdo.tn\\\/fr\\\/#\\\/schema\\\/person\\\/9a9c6118d687c117df8ef3cc36a4d175\",\"name\":\"webdo.tn\",\"image\":{\"@type\":\"ImageObject\",\"inLanguage\":\"fr-FR\",\"@id\":\"https:\\\/\\\/secure.gravatar.com\\\/avatar\\\/7ce1f28c0c3bbac99ff550b85ef8e44a6950c6ee24514fb6a5489e51d06f0298?s=96&d=mm&r=g\",\"url\":\"https:\\\/\\\/secure.gravatar.com\\\/avatar\\\/7ce1f28c0c3bbac99ff550b85ef8e44a6950c6ee24514fb6a5489e51d06f0298?s=96&d=mm&r=g\",\"contentUrl\":\"https:\\\/\\\/secure.gravatar.com\\\/avatar\\\/7ce1f28c0c3bbac99ff550b85ef8e44a6950c6ee24514fb6a5489e51d06f0298?s=96&d=mm&r=g\",\"caption\":\"webdo.tn\"},\"url\":\"https:\\\/\\\/www.webdo.tn\\\/fr\\\/actualite\\\/author\\\/webdotn\\\/\"}]}<\/script>\n<!-- \/ Yoast SEO Premium plugin. -->","yoast_head_json":{"title":"Barack Obama engage un traducteur de col\u00e8re pour son discours au d\u00eener annuel des correspondants","description":"Barack Obama engage un traducteur de col\u00e8re pour son discours au d\u00eener annuel des correspondants","canonical":"https:\/\/www.webdo.tn\/fr\/actualite\/international\/barack-obama-engage-un-traducteur-de-colere-pour-son-discours-au-diner-annuel-des-correspondants\/184147\/","og_locale":"fr_FR","og_type":"article","og_title":"Barack Obama engage un \"traducteur de col\u00e8re\" pour son discours au d\u00eener annuel des correspondants","og_description":"Barack Obama engage un traducteur de col\u00e8re pour son discours au d\u00eener annuel des correspondants","og_url":"https:\/\/www.webdo.tn\/fr\/actualite\/international\/barack-obama-engage-un-traducteur-de-colere-pour-son-discours-au-diner-annuel-des-correspondants\/184147\/","og_site_name":"webdo","article_publisher":"https:\/\/www.facebook.com\/webdotn","article_published_time":"2015-04-27T12:23:00+00:00","article_modified_time":"2025-05-18T22:15:23+00:00","og_image":[{"width":800,"height":500,"url":"https:\/\/www.webdo.tn\/fr\/wp-content\/uploads\/2015\/04\/webdo_default-9.jpg","type":"image\/jpeg"}],"author":"webdo.tn","twitter_card":"summary_large_image","twitter_creator":"@webdo_tn","twitter_site":"@webdo_tn","twitter_misc":{"\u00c9crit par":"webdo.tn","Dur\u00e9e de lecture estim\u00e9e":"2 minutes"},"schema":{"@context":"https:\/\/schema.org","@graph":[{"@type":"NewsArticle","@id":"https:\/\/www.webdo.tn\/fr\/actualite\/international\/barack-obama-engage-un-traducteur-de-colere-pour-son-discours-au-diner-annuel-des-correspondants\/184147\/#article","isPartOf":{"@id":"https:\/\/www.webdo.tn\/fr\/actualite\/international\/barack-obama-engage-un-traducteur-de-colere-pour-son-discours-au-diner-annuel-des-correspondants\/184147\/"},"author":{"name":"webdo.tn","@id":"https:\/\/www.webdo.tn\/fr\/#\/schema\/person\/9a9c6118d687c117df8ef3cc36a4d175"},"headline":"Barack Obama engage un \u00ab\u00a0traducteur de col\u00e8re\u00a0\u00bb pour son discours au d\u00eener annuel des correspondants","datePublished":"2015-04-27T12:23:00+00:00","dateModified":"2025-05-18T22:15:23+00:00","mainEntityOfPage":{"@id":"https:\/\/www.webdo.tn\/fr\/actualite\/international\/barack-obama-engage-un-traducteur-de-colere-pour-son-discours-au-diner-annuel-des-correspondants\/184147\/"},"wordCount":457,"commentCount":0,"publisher":{"@id":"https:\/\/www.webdo.tn\/fr\/#organization"},"image":{"@id":"https:\/\/www.webdo.tn\/fr\/actualite\/international\/barack-obama-engage-un-traducteur-de-colere-pour-son-discours-au-diner-annuel-des-correspondants\/184147\/#primaryimage"},"thumbnailUrl":"https:\/\/www.webdo.tn\/fr\/wp-content\/uploads\/2015\/04\/webdo_default-9.jpg","keywords":["guerre"],"articleSection":["International"],"inLanguage":"fr-FR"},{"@type":"WebPage","@id":"https:\/\/www.webdo.tn\/fr\/actualite\/international\/barack-obama-engage-un-traducteur-de-colere-pour-son-discours-au-diner-annuel-des-correspondants\/184147\/","url":"https:\/\/www.webdo.tn\/fr\/actualite\/international\/barack-obama-engage-un-traducteur-de-colere-pour-son-discours-au-diner-annuel-des-correspondants\/184147\/","name":"Barack Obama engage un traducteur de col\u00e8re pour son discours au d\u00eener annuel des correspondants","isPartOf":{"@id":"https:\/\/www.webdo.tn\/fr\/#website"},"primaryImageOfPage":{"@id":"https:\/\/www.webdo.tn\/fr\/actualite\/international\/barack-obama-engage-un-traducteur-de-colere-pour-son-discours-au-diner-annuel-des-correspondants\/184147\/#primaryimage"},"image":{"@id":"https:\/\/www.webdo.tn\/fr\/actualite\/international\/barack-obama-engage-un-traducteur-de-colere-pour-son-discours-au-diner-annuel-des-correspondants\/184147\/#primaryimage"},"thumbnailUrl":"https:\/\/www.webdo.tn\/fr\/wp-content\/uploads\/2015\/04\/webdo_default-9.jpg","datePublished":"2015-04-27T12:23:00+00:00","dateModified":"2025-05-18T22:15:23+00:00","description":"Barack Obama engage un traducteur de col\u00e8re pour son discours au d\u00eener annuel des correspondants","breadcrumb":{"@id":"https:\/\/www.webdo.tn\/fr\/actualite\/international\/barack-obama-engage-un-traducteur-de-colere-pour-son-discours-au-diner-annuel-des-correspondants\/184147\/#breadcrumb"},"inLanguage":"fr-FR","potentialAction":[{"@type":"ReadAction","target":["https:\/\/www.webdo.tn\/fr\/actualite\/international\/barack-obama-engage-un-traducteur-de-colere-pour-son-discours-au-diner-annuel-des-correspondants\/184147\/"]}]},{"@type":"ImageObject","inLanguage":"fr-FR","@id":"https:\/\/www.webdo.tn\/fr\/actualite\/international\/barack-obama-engage-un-traducteur-de-colere-pour-son-discours-au-diner-annuel-des-correspondants\/184147\/#primaryimage","url":"https:\/\/www.webdo.tn\/fr\/wp-content\/uploads\/2015\/04\/webdo_default-9.jpg","contentUrl":"https:\/\/www.webdo.tn\/fr\/wp-content\/uploads\/2015\/04\/webdo_default-9.jpg","width":800,"height":500,"caption":"Barack Obama engage un \"traducteur de col\u00e8re\" pour son discours au d\u00eener annuel des correspondants"},{"@type":"BreadcrumbList","@id":"https:\/\/www.webdo.tn\/fr\/actualite\/international\/barack-obama-engage-un-traducteur-de-colere-pour-son-discours-au-diner-annuel-des-correspondants\/184147\/#breadcrumb","itemListElement":[{"@type":"ListItem","position":1,"name":"Accueil","item":"https:\/\/www.webdo.tn\/fr\/"},{"@type":"ListItem","position":2,"name":"Barack Obama engage un \u00ab\u00a0traducteur de col\u00e8re\u00a0\u00bb pour son discours au d\u00eener annuel des correspondants"}]},{"@type":"WebSite","@id":"https:\/\/www.webdo.tn\/fr\/#website","url":"https:\/\/www.webdo.tn\/fr\/","name":"webdo","description":"Tunisie - News en Tunisie et \u00e0 l&#039;international sur Webdo.tn","publisher":{"@id":"https:\/\/www.webdo.tn\/fr\/#organization"},"potentialAction":[{"@type":"SearchAction","target":{"@type":"EntryPoint","urlTemplate":"https:\/\/www.webdo.tn\/fr\/?s={search_term_string}"},"query-input":{"@type":"PropertyValueSpecification","valueRequired":true,"valueName":"search_term_string"}}],"inLanguage":"fr-FR"},{"@type":"Organization","@id":"https:\/\/www.webdo.tn\/fr\/#organization","name":"Webdo","alternateName":"Webdo.tn","url":"https:\/\/www.webdo.tn\/fr\/","logo":{"@type":"ImageObject","inLanguage":"fr-FR","@id":"https:\/\/www.webdo.tn\/fr\/#\/schema\/logo\/image\/","url":"https:\/\/www.webdo.tn\/fr\/wp-content\/uploads\/2025\/06\/Webdo-Tunisie_168377.jpg","contentUrl":"https:\/\/www.webdo.tn\/fr\/wp-content\/uploads\/2025\/06\/Webdo-Tunisie_168377.jpg","width":301,"height":301,"caption":"Webdo"},"image":{"@id":"https:\/\/www.webdo.tn\/fr\/#\/schema\/logo\/image\/"},"sameAs":["https:\/\/www.facebook.com\/webdotn","https:\/\/x.com\/webdo_tn"],"description":"Webdo est un m\u00e9dia num\u00e9rique tunisien fond\u00e9 en 2010, sp\u00e9cialis\u00e9 dans l\u2019actualit\u00e9 nationale et internationale, l\u2019\u00e9conomie, la soci\u00e9t\u00e9 et les analyses politiques. Le site s\u2019adresse \u00e0 un large public francophone et couvre l\u2019information tunisienne en temps r\u00e9el.","email":"redac@webdo.tn","legalName":"YNJ SARL","foundingDate":"2010-09-06","numberOfEmployees":{"@type":"QuantitativeValue","minValue":"11","maxValue":"50"}},{"@type":"Person","@id":"https:\/\/www.webdo.tn\/fr\/#\/schema\/person\/9a9c6118d687c117df8ef3cc36a4d175","name":"webdo.tn","image":{"@type":"ImageObject","inLanguage":"fr-FR","@id":"https:\/\/secure.gravatar.com\/avatar\/7ce1f28c0c3bbac99ff550b85ef8e44a6950c6ee24514fb6a5489e51d06f0298?s=96&d=mm&r=g","url":"https:\/\/secure.gravatar.com\/avatar\/7ce1f28c0c3bbac99ff550b85ef8e44a6950c6ee24514fb6a5489e51d06f0298?s=96&d=mm&r=g","contentUrl":"https:\/\/secure.gravatar.com\/avatar\/7ce1f28c0c3bbac99ff550b85ef8e44a6950c6ee24514fb6a5489e51d06f0298?s=96&d=mm&r=g","caption":"webdo.tn"},"url":"https:\/\/www.webdo.tn\/fr\/actualite\/author\/webdotn\/"}]}},"_links":{"self":[{"href":"https:\/\/www.webdo.tn\/fr\/wp-json\/wp\/v2\/posts\/184147","targetHints":{"allow":["GET"]}}],"collection":[{"href":"https:\/\/www.webdo.tn\/fr\/wp-json\/wp\/v2\/posts"}],"about":[{"href":"https:\/\/www.webdo.tn\/fr\/wp-json\/wp\/v2\/types\/post"}],"author":[{"embeddable":true,"href":"https:\/\/www.webdo.tn\/fr\/wp-json\/wp\/v2\/users\/3222"}],"replies":[{"embeddable":true,"href":"https:\/\/www.webdo.tn\/fr\/wp-json\/wp\/v2\/comments?post=184147"}],"version-history":[{"count":0,"href":"https:\/\/www.webdo.tn\/fr\/wp-json\/wp\/v2\/posts\/184147\/revisions"}],"wp:featuredmedia":[{"embeddable":true,"href":"https:\/\/www.webdo.tn\/fr\/wp-json\/wp\/v2\/media\/318432"}],"wp:attachment":[{"href":"https:\/\/www.webdo.tn\/fr\/wp-json\/wp\/v2\/media?parent=184147"}],"wp:term":[{"taxonomy":"category","embeddable":true,"href":"https:\/\/www.webdo.tn\/fr\/wp-json\/wp\/v2\/categories?post=184147"},{"taxonomy":"post_tag","embeddable":true,"href":"https:\/\/www.webdo.tn\/fr\/wp-json\/wp\/v2\/tags?post=184147"}],"curies":[{"name":"wp","href":"https:\/\/api.w.org\/{rel}","templated":true}]}}