{"id":184146,"date":"2015-04-28T18:08:00","date_gmt":"2015-04-28T18:08:00","guid":{"rendered":"https:\/\/www.webdo.tn\/fr\/actualite\/blog\/baltimore-sembrase-apres-la-mort-de-freddie-gray-jeune-afro-americain\/184146\/"},"modified":"2025-05-22T12:56:52","modified_gmt":"2025-05-22T12:56:52","slug":"baltimore-sembrase-apres-la-mort-de-freddie-gray-jeune-afro-americain","status":"publish","type":"post","link":"https:\/\/www.webdo.tn\/fr\/actualite\/international\/baltimore-sembrase-apres-la-mort-de-freddie-gray-jeune-afro-americain\/184146\/","title":{"rendered":"Baltimore s&#8217;embrase apr\u00e8s la mort de Freddie Gray, jeune afro-am\u00e9ricain"},"content":{"rendered":"<p>Des \u00e9meutes ont \u00e9clat\u00e9 dans la ville de Baltimore, sur la c\u00f4te Est des Etats-Unis apr\u00e8s la mort d&rsquo;un jeune afro-am\u00e9ricain.<\/p>\n<p>Freddie Gray est mort le 19 avril dernier des suites de ses blessures apr\u00e8s une interpellation muscl\u00e9e de la police. Son arrestation, dont la cause reste encore obscure, avait choqu\u00e9 plusieurs internautes. En effet, sur une vid\u00e9o amateur, on peut voir le jeune homme se relever avec une jambe cass\u00e9e. Il est mort d&rsquo;une fracture des cervicales \u00e0 l&rsquo;\u00e2ge 25 ans.<\/p>\n<p>Baltimore est devenue le centre de plusieurs \u00e9meutes, l&rsquo;\u00e9tat d&rsquo;urgence a \u00e9t\u00e9 d\u00e9cr\u00e9t\u00e9 par le gouverneur du Maryland. Un couvre-feu a \u00e9t\u00e9 instaur\u00e9, les quartiers ouest, les plus d\u00e9favoris\u00e9s ont \u00e9t\u00e9 pill\u00e9s, des commerces ont \u00e9t\u00e9 d\u00e9truits, des voitures incendi\u00e9es. Selon un porte-parole de la police de la ville, 15 policiers ont \u00e9t\u00e9 bless\u00e9s et 27 personnes arr\u00eat\u00e9s.<br \/>\nEtats-Unis : Etat d&rsquo;urgence apr\u00e8s les \u00e9meutes \u00e0 #Baltimore =&gt;http:\/\/t.co\/OKkwO16zf8 #FreddieGray #BaltimoreRiots pic.twitter.com\/s3JLbUlJZN<\/p>\n<p>\u2014 LeParisien En Images (@Parisien_Images) 28 Avril 2015<\/p>\n<p>La mort de Freddie Gray intervient apr\u00e8s que plusieurs Noirs aient\u00a0\u00e9t\u00e9 tu\u00e9s par des policiers comme \u00e0 Ferguson en ao\u00fbt 2014, o\u00f9 le jeune Michael Brown avait re\u00e7u six balles. La police de Baltimore appelle au calme et au recueillement en ce jour d&rsquo;obs\u00e8ques de Freddie Gray.<br \/>\nElodie Potente<\/p>\n","protected":false},"excerpt":{"rendered":"<p>Baltimore s&#8217;embrase apr\u00e8s la mort de Freddie Gray, jeune afro-am\u00e9ricain<\/p>\n","protected":false},"author":3222,"featured_media":373004,"comment_status":"open","ping_status":"closed","sticky":false,"template":"","format":"standard","meta":{"footnotes":""},"categories":[2598],"tags":[],"class_list":["post-184146","post","type-post","status-publish","format-standard","has-post-thumbnail","hentry","category-international"],"yoast_head":"<!-- This site is optimized with the Yoast SEO Premium plugin v27.5 (Yoast SEO v27.5) - https:\/\/yoast.com\/product\/yoast-seo-premium-wordpress\/ -->\n<title>Baltimore s&#039;embrase apr\u00e8s la mort de Freddie Gray, jeune afro-am\u00e9ricain<\/title>\n<meta name=\"description\" content=\"Baltimore s&#039;embrase apr\u00e8s la mort de Freddie Gray, jeune afro-am\u00e9ricain\" \/>\n<link rel=\"canonical\" href=\"https:\/\/www.webdo.tn\/fr\/actualite\/international\/baltimore-sembrase-apres-la-mort-de-freddie-gray-jeune-afro-americain\/184146\/\" \/>\n<meta property=\"og:locale\" content=\"fr_FR\" \/>\n<meta property=\"og:type\" content=\"article\" \/>\n<meta property=\"og:title\" content=\"Baltimore s&#039;embrase apr\u00e8s la mort de Freddie Gray, jeune afro-am\u00e9ricain\" \/>\n<meta property=\"og:description\" content=\"Baltimore s&#039;embrase apr\u00e8s la mort de Freddie Gray, jeune afro-am\u00e9ricain\" \/>\n<meta property=\"og:url\" content=\"https:\/\/www.webdo.tn\/fr\/actualite\/international\/baltimore-sembrase-apres-la-mort-de-freddie-gray-jeune-afro-americain\/184146\/\" \/>\n<meta property=\"og:site_name\" content=\"webdo\" \/>\n<meta property=\"article:publisher\" content=\"https:\/\/www.facebook.com\/webdotn\" \/>\n<meta property=\"article:published_time\" content=\"2015-04-28T18:08:00+00:00\" \/>\n<meta property=\"article:modified_time\" content=\"2025-05-22T12:56:52+00:00\" \/>\n<meta name=\"author\" content=\"webdo.tn\" \/>\n<meta name=\"twitter:card\" content=\"summary_large_image\" \/>\n<meta name=\"twitter:creator\" content=\"@webdo_tn\" \/>\n<meta name=\"twitter:site\" content=\"@webdo_tn\" \/>\n<meta name=\"twitter:label1\" content=\"\u00c9crit par\" \/>\n\t<meta name=\"twitter:data1\" content=\"webdo.tn\" \/>\n\t<meta name=\"twitter:label2\" content=\"Dur\u00e9e de lecture estim\u00e9e\" \/>\n\t<meta name=\"twitter:data2\" content=\"1 minute\" \/>\n<script type=\"application\/ld+json\" class=\"yoast-schema-graph\">{\"@context\":\"https:\\\/\\\/schema.org\",\"@graph\":[{\"@type\":\"NewsArticle\",\"@id\":\"https:\\\/\\\/www.webdo.tn\\\/fr\\\/actualite\\\/international\\\/baltimore-sembrase-apres-la-mort-de-freddie-gray-jeune-afro-americain\\\/184146\\\/#article\",\"isPartOf\":{\"@id\":\"https:\\\/\\\/www.webdo.tn\\\/fr\\\/actualite\\\/international\\\/baltimore-sembrase-apres-la-mort-de-freddie-gray-jeune-afro-americain\\\/184146\\\/\"},\"author\":{\"name\":\"webdo.tn\",\"@id\":\"https:\\\/\\\/www.webdo.tn\\\/fr\\\/#\\\/schema\\\/person\\\/9a9c6118d687c117df8ef3cc36a4d175\"},\"headline\":\"Baltimore s&#8217;embrase apr\u00e8s la mort de Freddie Gray, jeune afro-am\u00e9ricain\",\"datePublished\":\"2015-04-28T18:08:00+00:00\",\"dateModified\":\"2025-05-22T12:56:52+00:00\",\"mainEntityOfPage\":{\"@id\":\"https:\\\/\\\/www.webdo.tn\\\/fr\\\/actualite\\\/international\\\/baltimore-sembrase-apres-la-mort-de-freddie-gray-jeune-afro-americain\\\/184146\\\/\"},\"wordCount\":252,\"commentCount\":0,\"publisher\":{\"@id\":\"https:\\\/\\\/www.webdo.tn\\\/fr\\\/#organization\"},\"image\":{\"@id\":\"https:\\\/\\\/www.webdo.tn\\\/fr\\\/actualite\\\/international\\\/baltimore-sembrase-apres-la-mort-de-freddie-gray-jeune-afro-americain\\\/184146\\\/#primaryimage\"},\"thumbnailUrl\":\"https:\\\/\\\/www.webdo.tn\\\/fr\\\/wp-content\\\/uploads\\\/2025\\\/06\\\/baltimore-emeutes.jpg-large-1024x683_184146.jpg\",\"articleSection\":[\"International\"],\"inLanguage\":\"fr-FR\"},{\"@type\":\"WebPage\",\"@id\":\"https:\\\/\\\/www.webdo.tn\\\/fr\\\/actualite\\\/international\\\/baltimore-sembrase-apres-la-mort-de-freddie-gray-jeune-afro-americain\\\/184146\\\/\",\"url\":\"https:\\\/\\\/www.webdo.tn\\\/fr\\\/actualite\\\/international\\\/baltimore-sembrase-apres-la-mort-de-freddie-gray-jeune-afro-americain\\\/184146\\\/\",\"name\":\"Baltimore s'embrase apr\u00e8s la mort de Freddie Gray, jeune afro-am\u00e9ricain\",\"isPartOf\":{\"@id\":\"https:\\\/\\\/www.webdo.tn\\\/fr\\\/#website\"},\"primaryImageOfPage\":{\"@id\":\"https:\\\/\\\/www.webdo.tn\\\/fr\\\/actualite\\\/international\\\/baltimore-sembrase-apres-la-mort-de-freddie-gray-jeune-afro-americain\\\/184146\\\/#primaryimage\"},\"image\":{\"@id\":\"https:\\\/\\\/www.webdo.tn\\\/fr\\\/actualite\\\/international\\\/baltimore-sembrase-apres-la-mort-de-freddie-gray-jeune-afro-americain\\\/184146\\\/#primaryimage\"},\"thumbnailUrl\":\"https:\\\/\\\/www.webdo.tn\\\/fr\\\/wp-content\\\/uploads\\\/2025\\\/06\\\/baltimore-emeutes.jpg-large-1024x683_184146.jpg\",\"datePublished\":\"2015-04-28T18:08:00+00:00\",\"dateModified\":\"2025-05-22T12:56:52+00:00\",\"description\":\"Baltimore s'embrase apr\u00e8s la mort de Freddie Gray, jeune afro-am\u00e9ricain\",\"breadcrumb\":{\"@id\":\"https:\\\/\\\/www.webdo.tn\\\/fr\\\/actualite\\\/international\\\/baltimore-sembrase-apres-la-mort-de-freddie-gray-jeune-afro-americain\\\/184146\\\/#breadcrumb\"},\"inLanguage\":\"fr-FR\",\"potentialAction\":[{\"@type\":\"ReadAction\",\"target\":[\"https:\\\/\\\/www.webdo.tn\\\/fr\\\/actualite\\\/international\\\/baltimore-sembrase-apres-la-mort-de-freddie-gray-jeune-afro-americain\\\/184146\\\/\"]}]},{\"@type\":\"ImageObject\",\"inLanguage\":\"fr-FR\",\"@id\":\"https:\\\/\\\/www.webdo.tn\\\/fr\\\/actualite\\\/international\\\/baltimore-sembrase-apres-la-mort-de-freddie-gray-jeune-afro-americain\\\/184146\\\/#primaryimage\",\"url\":\"https:\\\/\\\/www.webdo.tn\\\/fr\\\/wp-content\\\/uploads\\\/2025\\\/06\\\/baltimore-emeutes.jpg-large-1024x683_184146.jpg\",\"contentUrl\":\"https:\\\/\\\/www.webdo.tn\\\/fr\\\/wp-content\\\/uploads\\\/2025\\\/06\\\/baltimore-emeutes.jpg-large-1024x683_184146.jpg\",\"width\":1024,\"height\":683,\"caption\":\"Baltimore s'embrase apr\u00e8s la mort de Freddie Gray, jeune afro-am\u00e9ricain\"},{\"@type\":\"BreadcrumbList\",\"@id\":\"https:\\\/\\\/www.webdo.tn\\\/fr\\\/actualite\\\/international\\\/baltimore-sembrase-apres-la-mort-de-freddie-gray-jeune-afro-americain\\\/184146\\\/#breadcrumb\",\"itemListElement\":[{\"@type\":\"ListItem\",\"position\":1,\"name\":\"Accueil\",\"item\":\"https:\\\/\\\/www.webdo.tn\\\/fr\\\/\"},{\"@type\":\"ListItem\",\"position\":2,\"name\":\"Baltimore s&#8217;embrase apr\u00e8s la mort de Freddie Gray, jeune afro-am\u00e9ricain\"}]},{\"@type\":\"WebSite\",\"@id\":\"https:\\\/\\\/www.webdo.tn\\\/fr\\\/#website\",\"url\":\"https:\\\/\\\/www.webdo.tn\\\/fr\\\/\",\"name\":\"webdo\",\"description\":\"Tunisie - News en Tunisie et \u00e0 l&#039;international sur Webdo.tn\",\"publisher\":{\"@id\":\"https:\\\/\\\/www.webdo.tn\\\/fr\\\/#organization\"},\"potentialAction\":[{\"@type\":\"SearchAction\",\"target\":{\"@type\":\"EntryPoint\",\"urlTemplate\":\"https:\\\/\\\/www.webdo.tn\\\/fr\\\/?s={search_term_string}\"},\"query-input\":{\"@type\":\"PropertyValueSpecification\",\"valueRequired\":true,\"valueName\":\"search_term_string\"}}],\"inLanguage\":\"fr-FR\"},{\"@type\":\"Organization\",\"@id\":\"https:\\\/\\\/www.webdo.tn\\\/fr\\\/#organization\",\"name\":\"Webdo\",\"alternateName\":\"Webdo.tn\",\"url\":\"https:\\\/\\\/www.webdo.tn\\\/fr\\\/\",\"logo\":{\"@type\":\"ImageObject\",\"inLanguage\":\"fr-FR\",\"@id\":\"https:\\\/\\\/www.webdo.tn\\\/fr\\\/#\\\/schema\\\/logo\\\/image\\\/\",\"url\":\"https:\\\/\\\/www.webdo.tn\\\/fr\\\/wp-content\\\/uploads\\\/2025\\\/06\\\/Webdo-Tunisie_168377.jpg\",\"contentUrl\":\"https:\\\/\\\/www.webdo.tn\\\/fr\\\/wp-content\\\/uploads\\\/2025\\\/06\\\/Webdo-Tunisie_168377.jpg\",\"width\":301,\"height\":301,\"caption\":\"Webdo\"},\"image\":{\"@id\":\"https:\\\/\\\/www.webdo.tn\\\/fr\\\/#\\\/schema\\\/logo\\\/image\\\/\"},\"sameAs\":[\"https:\\\/\\\/www.facebook.com\\\/webdotn\",\"https:\\\/\\\/x.com\\\/webdo_tn\"],\"description\":\"Webdo est un m\u00e9dia num\u00e9rique tunisien fond\u00e9 en 2010, sp\u00e9cialis\u00e9 dans l\u2019actualit\u00e9 nationale et internationale, l\u2019\u00e9conomie, la soci\u00e9t\u00e9 et les analyses politiques. Le site s\u2019adresse \u00e0 un large public francophone et couvre l\u2019information tunisienne en temps r\u00e9el.\",\"email\":\"redac@webdo.tn\",\"legalName\":\"YNJ SARL\",\"foundingDate\":\"2010-09-06\",\"numberOfEmployees\":{\"@type\":\"QuantitativeValue\",\"minValue\":\"11\",\"maxValue\":\"50\"}},{\"@type\":\"Person\",\"@id\":\"https:\\\/\\\/www.webdo.tn\\\/fr\\\/#\\\/schema\\\/person\\\/9a9c6118d687c117df8ef3cc36a4d175\",\"name\":\"webdo.tn\",\"image\":{\"@type\":\"ImageObject\",\"inLanguage\":\"fr-FR\",\"@id\":\"https:\\\/\\\/secure.gravatar.com\\\/avatar\\\/7ce1f28c0c3bbac99ff550b85ef8e44a6950c6ee24514fb6a5489e51d06f0298?s=96&d=mm&r=g\",\"url\":\"https:\\\/\\\/secure.gravatar.com\\\/avatar\\\/7ce1f28c0c3bbac99ff550b85ef8e44a6950c6ee24514fb6a5489e51d06f0298?s=96&d=mm&r=g\",\"contentUrl\":\"https:\\\/\\\/secure.gravatar.com\\\/avatar\\\/7ce1f28c0c3bbac99ff550b85ef8e44a6950c6ee24514fb6a5489e51d06f0298?s=96&d=mm&r=g\",\"caption\":\"webdo.tn\"},\"url\":\"https:\\\/\\\/www.webdo.tn\\\/fr\\\/actualite\\\/author\\\/webdotn\\\/\"}]}<\/script>\n<!-- \/ Yoast SEO Premium plugin. -->","yoast_head_json":{"title":"Baltimore s'embrase apr\u00e8s la mort de Freddie Gray, jeune afro-am\u00e9ricain","description":"Baltimore s'embrase apr\u00e8s la mort de Freddie Gray, jeune afro-am\u00e9ricain","canonical":"https:\/\/www.webdo.tn\/fr\/actualite\/international\/baltimore-sembrase-apres-la-mort-de-freddie-gray-jeune-afro-americain\/184146\/","og_locale":"fr_FR","og_type":"article","og_title":"Baltimore s'embrase apr\u00e8s la mort de Freddie Gray, jeune afro-am\u00e9ricain","og_description":"Baltimore s'embrase apr\u00e8s la mort de Freddie Gray, jeune afro-am\u00e9ricain","og_url":"https:\/\/www.webdo.tn\/fr\/actualite\/international\/baltimore-sembrase-apres-la-mort-de-freddie-gray-jeune-afro-americain\/184146\/","og_site_name":"webdo","article_publisher":"https:\/\/www.facebook.com\/webdotn","article_published_time":"2015-04-28T18:08:00+00:00","article_modified_time":"2025-05-22T12:56:52+00:00","author":"webdo.tn","twitter_card":"summary_large_image","twitter_creator":"@webdo_tn","twitter_site":"@webdo_tn","twitter_misc":{"\u00c9crit par":"webdo.tn","Dur\u00e9e de lecture estim\u00e9e":"1 minute"},"schema":{"@context":"https:\/\/schema.org","@graph":[{"@type":"NewsArticle","@id":"https:\/\/www.webdo.tn\/fr\/actualite\/international\/baltimore-sembrase-apres-la-mort-de-freddie-gray-jeune-afro-americain\/184146\/#article","isPartOf":{"@id":"https:\/\/www.webdo.tn\/fr\/actualite\/international\/baltimore-sembrase-apres-la-mort-de-freddie-gray-jeune-afro-americain\/184146\/"},"author":{"name":"webdo.tn","@id":"https:\/\/www.webdo.tn\/fr\/#\/schema\/person\/9a9c6118d687c117df8ef3cc36a4d175"},"headline":"Baltimore s&#8217;embrase apr\u00e8s la mort de Freddie Gray, jeune afro-am\u00e9ricain","datePublished":"2015-04-28T18:08:00+00:00","dateModified":"2025-05-22T12:56:52+00:00","mainEntityOfPage":{"@id":"https:\/\/www.webdo.tn\/fr\/actualite\/international\/baltimore-sembrase-apres-la-mort-de-freddie-gray-jeune-afro-americain\/184146\/"},"wordCount":252,"commentCount":0,"publisher":{"@id":"https:\/\/www.webdo.tn\/fr\/#organization"},"image":{"@id":"https:\/\/www.webdo.tn\/fr\/actualite\/international\/baltimore-sembrase-apres-la-mort-de-freddie-gray-jeune-afro-americain\/184146\/#primaryimage"},"thumbnailUrl":"https:\/\/www.webdo.tn\/fr\/wp-content\/uploads\/2025\/06\/baltimore-emeutes.jpg-large-1024x683_184146.jpg","articleSection":["International"],"inLanguage":"fr-FR"},{"@type":"WebPage","@id":"https:\/\/www.webdo.tn\/fr\/actualite\/international\/baltimore-sembrase-apres-la-mort-de-freddie-gray-jeune-afro-americain\/184146\/","url":"https:\/\/www.webdo.tn\/fr\/actualite\/international\/baltimore-sembrase-apres-la-mort-de-freddie-gray-jeune-afro-americain\/184146\/","name":"Baltimore s'embrase apr\u00e8s la mort de Freddie Gray, jeune afro-am\u00e9ricain","isPartOf":{"@id":"https:\/\/www.webdo.tn\/fr\/#website"},"primaryImageOfPage":{"@id":"https:\/\/www.webdo.tn\/fr\/actualite\/international\/baltimore-sembrase-apres-la-mort-de-freddie-gray-jeune-afro-americain\/184146\/#primaryimage"},"image":{"@id":"https:\/\/www.webdo.tn\/fr\/actualite\/international\/baltimore-sembrase-apres-la-mort-de-freddie-gray-jeune-afro-americain\/184146\/#primaryimage"},"thumbnailUrl":"https:\/\/www.webdo.tn\/fr\/wp-content\/uploads\/2025\/06\/baltimore-emeutes.jpg-large-1024x683_184146.jpg","datePublished":"2015-04-28T18:08:00+00:00","dateModified":"2025-05-22T12:56:52+00:00","description":"Baltimore s'embrase apr\u00e8s la mort de Freddie Gray, jeune afro-am\u00e9ricain","breadcrumb":{"@id":"https:\/\/www.webdo.tn\/fr\/actualite\/international\/baltimore-sembrase-apres-la-mort-de-freddie-gray-jeune-afro-americain\/184146\/#breadcrumb"},"inLanguage":"fr-FR","potentialAction":[{"@type":"ReadAction","target":["https:\/\/www.webdo.tn\/fr\/actualite\/international\/baltimore-sembrase-apres-la-mort-de-freddie-gray-jeune-afro-americain\/184146\/"]}]},{"@type":"ImageObject","inLanguage":"fr-FR","@id":"https:\/\/www.webdo.tn\/fr\/actualite\/international\/baltimore-sembrase-apres-la-mort-de-freddie-gray-jeune-afro-americain\/184146\/#primaryimage","url":"https:\/\/www.webdo.tn\/fr\/wp-content\/uploads\/2025\/06\/baltimore-emeutes.jpg-large-1024x683_184146.jpg","contentUrl":"https:\/\/www.webdo.tn\/fr\/wp-content\/uploads\/2025\/06\/baltimore-emeutes.jpg-large-1024x683_184146.jpg","width":1024,"height":683,"caption":"Baltimore s'embrase apr\u00e8s la mort de Freddie Gray, jeune afro-am\u00e9ricain"},{"@type":"BreadcrumbList","@id":"https:\/\/www.webdo.tn\/fr\/actualite\/international\/baltimore-sembrase-apres-la-mort-de-freddie-gray-jeune-afro-americain\/184146\/#breadcrumb","itemListElement":[{"@type":"ListItem","position":1,"name":"Accueil","item":"https:\/\/www.webdo.tn\/fr\/"},{"@type":"ListItem","position":2,"name":"Baltimore s&#8217;embrase apr\u00e8s la mort de Freddie Gray, jeune afro-am\u00e9ricain"}]},{"@type":"WebSite","@id":"https:\/\/www.webdo.tn\/fr\/#website","url":"https:\/\/www.webdo.tn\/fr\/","name":"webdo","description":"Tunisie - News en Tunisie et \u00e0 l&#039;international sur Webdo.tn","publisher":{"@id":"https:\/\/www.webdo.tn\/fr\/#organization"},"potentialAction":[{"@type":"SearchAction","target":{"@type":"EntryPoint","urlTemplate":"https:\/\/www.webdo.tn\/fr\/?s={search_term_string}"},"query-input":{"@type":"PropertyValueSpecification","valueRequired":true,"valueName":"search_term_string"}}],"inLanguage":"fr-FR"},{"@type":"Organization","@id":"https:\/\/www.webdo.tn\/fr\/#organization","name":"Webdo","alternateName":"Webdo.tn","url":"https:\/\/www.webdo.tn\/fr\/","logo":{"@type":"ImageObject","inLanguage":"fr-FR","@id":"https:\/\/www.webdo.tn\/fr\/#\/schema\/logo\/image\/","url":"https:\/\/www.webdo.tn\/fr\/wp-content\/uploads\/2025\/06\/Webdo-Tunisie_168377.jpg","contentUrl":"https:\/\/www.webdo.tn\/fr\/wp-content\/uploads\/2025\/06\/Webdo-Tunisie_168377.jpg","width":301,"height":301,"caption":"Webdo"},"image":{"@id":"https:\/\/www.webdo.tn\/fr\/#\/schema\/logo\/image\/"},"sameAs":["https:\/\/www.facebook.com\/webdotn","https:\/\/x.com\/webdo_tn"],"description":"Webdo est un m\u00e9dia num\u00e9rique tunisien fond\u00e9 en 2010, sp\u00e9cialis\u00e9 dans l\u2019actualit\u00e9 nationale et internationale, l\u2019\u00e9conomie, la soci\u00e9t\u00e9 et les analyses politiques. Le site s\u2019adresse \u00e0 un large public francophone et couvre l\u2019information tunisienne en temps r\u00e9el.","email":"redac@webdo.tn","legalName":"YNJ SARL","foundingDate":"2010-09-06","numberOfEmployees":{"@type":"QuantitativeValue","minValue":"11","maxValue":"50"}},{"@type":"Person","@id":"https:\/\/www.webdo.tn\/fr\/#\/schema\/person\/9a9c6118d687c117df8ef3cc36a4d175","name":"webdo.tn","image":{"@type":"ImageObject","inLanguage":"fr-FR","@id":"https:\/\/secure.gravatar.com\/avatar\/7ce1f28c0c3bbac99ff550b85ef8e44a6950c6ee24514fb6a5489e51d06f0298?s=96&d=mm&r=g","url":"https:\/\/secure.gravatar.com\/avatar\/7ce1f28c0c3bbac99ff550b85ef8e44a6950c6ee24514fb6a5489e51d06f0298?s=96&d=mm&r=g","contentUrl":"https:\/\/secure.gravatar.com\/avatar\/7ce1f28c0c3bbac99ff550b85ef8e44a6950c6ee24514fb6a5489e51d06f0298?s=96&d=mm&r=g","caption":"webdo.tn"},"url":"https:\/\/www.webdo.tn\/fr\/actualite\/author\/webdotn\/"}]}},"_links":{"self":[{"href":"https:\/\/www.webdo.tn\/fr\/wp-json\/wp\/v2\/posts\/184146","targetHints":{"allow":["GET"]}}],"collection":[{"href":"https:\/\/www.webdo.tn\/fr\/wp-json\/wp\/v2\/posts"}],"about":[{"href":"https:\/\/www.webdo.tn\/fr\/wp-json\/wp\/v2\/types\/post"}],"author":[{"embeddable":true,"href":"https:\/\/www.webdo.tn\/fr\/wp-json\/wp\/v2\/users\/3222"}],"replies":[{"embeddable":true,"href":"https:\/\/www.webdo.tn\/fr\/wp-json\/wp\/v2\/comments?post=184146"}],"version-history":[{"count":0,"href":"https:\/\/www.webdo.tn\/fr\/wp-json\/wp\/v2\/posts\/184146\/revisions"}],"wp:featuredmedia":[{"embeddable":true,"href":"https:\/\/www.webdo.tn\/fr\/wp-json\/wp\/v2\/media\/373004"}],"wp:attachment":[{"href":"https:\/\/www.webdo.tn\/fr\/wp-json\/wp\/v2\/media?parent=184146"}],"wp:term":[{"taxonomy":"category","embeddable":true,"href":"https:\/\/www.webdo.tn\/fr\/wp-json\/wp\/v2\/categories?post=184146"},{"taxonomy":"post_tag","embeddable":true,"href":"https:\/\/www.webdo.tn\/fr\/wp-json\/wp\/v2\/tags?post=184146"}],"curies":[{"name":"wp","href":"https:\/\/api.w.org\/{rel}","templated":true}]}}