{"id":184145,"date":"2015-04-29T10:05:00","date_gmt":"2015-04-29T10:05:00","guid":{"rendered":"https:\/\/www.webdo.tn\/fr\/actualite\/blog\/la-maman-de-lannee-elle-met-des-baffes-a-son-fils-qui-participait-aux-emeutes-de-baltimore\/184145\/"},"modified":"2025-05-22T12:56:54","modified_gmt":"2025-05-22T12:56:54","slug":"la-maman-de-lannee-elle-met-des-baffes-a-son-fils-qui-participait-aux-emeutes-de-baltimore","status":"publish","type":"post","link":"https:\/\/www.webdo.tn\/fr\/actualite\/international\/la-maman-de-lannee-elle-met-des-baffes-a-son-fils-qui-participait-aux-emeutes-de-baltimore\/184145\/","title":{"rendered":"\u00ab\u00a0La maman de l&rsquo;ann\u00e9e\u00a0\u00bb : Elle met des baffes \u00e0 son fils qui participait aux \u00e9meutes de Baltimore"},"content":{"rendered":"<p>Lors des \u00e9meutes qui ont eu lieu \u00e0 Baltimore ces derniers jours apr\u00e8s la mort de Freddie Gray, une sc\u00e8ne insolite s&rsquo;est d\u00e9roul\u00e9e sous les yeux des passants.<\/p>\n<p>Une m\u00e8re a reconnu son fils parmi les jeunes qui jetaient des pierres sur les voitures de police et s&rsquo;en est vivement prise \u00e0 lui. Alors qu&rsquo;il tentait d&rsquo;\u00e9chapper au courroux maternel, celle-ci a hurl\u00e9 : \u00ab\u00a0tu es un petit con\u00a0\u00bb et l&rsquo;a somm\u00e9 d&rsquo;\u00f4ter sa cagoule :\u00a0\u00ab\u00a0enl\u00e8ve-moi \u00e7a !\u00a0\u00bb\u00a0tout en le giflant violemment.<\/p>\n<p>Elle lui a ensuite intim\u00e9 l&rsquo;ordre de rentrer chez eux : \u00ab\u00a0Sors d&rsquo;ici tout de suite, tu m&rsquo;entends ? sors d&rsquo;ici !\u00a0\u00bb.\u00a0Surnomm\u00e9e \u00ab\u00a0la maman de l&rsquo;ann\u00e9e\u00a0\u00bb, son autorit\u00e9 parentale a \u00e9t\u00e9 salu\u00e9e par la police\u00a0de Baltimore.<\/p>\n","protected":false},"excerpt":{"rendered":"<p> La maman de l&rsquo;ann\u00e9e  : Elle met des baffes \u00e0 son fils qui participait aux \u00e9meutes de Baltimore<\/p>\n","protected":false},"author":3222,"featured_media":352118,"comment_status":"open","ping_status":"closed","sticky":false,"template":"","format":"standard","meta":{"footnotes":""},"categories":[2598],"tags":[],"class_list":["post-184145","post","type-post","status-publish","format-standard","has-post-thumbnail","hentry","category-international"],"yoast_head":"<!-- This site is optimized with the Yoast SEO Premium plugin v27.5 (Yoast SEO v27.5) - https:\/\/yoast.com\/product\/yoast-seo-premium-wordpress\/ -->\n<title>La maman de l&#039;ann\u00e9e : Elle met des baffes \u00e0 son fils qui participait aux \u00e9meutes de Baltimore<\/title>\n<meta name=\"description\" content=\"La maman de l&#039;ann\u00e9e : Elle met des baffes \u00e0 son fils qui participait aux \u00e9meutes de Baltimore\" \/>\n<link rel=\"canonical\" href=\"https:\/\/www.webdo.tn\/fr\/actualite\/international\/la-maman-de-lannee-elle-met-des-baffes-a-son-fils-qui-participait-aux-emeutes-de-baltimore\/184145\/\" \/>\n<meta property=\"og:locale\" content=\"fr_FR\" \/>\n<meta property=\"og:type\" content=\"article\" \/>\n<meta property=\"og:title\" content=\"&quot;La maman de l&#039;ann\u00e9e&quot; : Elle met des baffes \u00e0 son fils qui participait aux \u00e9meutes de Baltimore\" \/>\n<meta property=\"og:description\" content=\"La maman de l&#039;ann\u00e9e : Elle met des baffes \u00e0 son fils qui participait aux \u00e9meutes de Baltimore\" \/>\n<meta property=\"og:url\" content=\"https:\/\/www.webdo.tn\/fr\/actualite\/international\/la-maman-de-lannee-elle-met-des-baffes-a-son-fils-qui-participait-aux-emeutes-de-baltimore\/184145\/\" \/>\n<meta property=\"og:site_name\" content=\"webdo\" \/>\n<meta property=\"article:publisher\" content=\"https:\/\/www.facebook.com\/webdotn\" \/>\n<meta property=\"article:published_time\" content=\"2015-04-29T10:05:00+00:00\" \/>\n<meta property=\"article:modified_time\" content=\"2025-05-22T12:56:54+00:00\" \/>\n<meta property=\"og:image\" content=\"https:\/\/www.webdo.tn\/fr\/wp-content\/uploads\/2015\/04\/webdo_default-123.jpg\" \/>\n\t<meta property=\"og:image:width\" content=\"800\" \/>\n\t<meta property=\"og:image:height\" content=\"500\" \/>\n\t<meta property=\"og:image:type\" content=\"image\/jpeg\" \/>\n<meta name=\"author\" content=\"webdo.tn\" \/>\n<meta name=\"twitter:card\" content=\"summary_large_image\" \/>\n<meta name=\"twitter:creator\" content=\"@webdo_tn\" \/>\n<meta name=\"twitter:site\" content=\"@webdo_tn\" \/>\n<meta name=\"twitter:label1\" content=\"\u00c9crit par\" \/>\n\t<meta name=\"twitter:data1\" content=\"webdo.tn\" \/>\n\t<meta name=\"twitter:label2\" content=\"Dur\u00e9e de lecture estim\u00e9e\" \/>\n\t<meta name=\"twitter:data2\" content=\"1 minute\" \/>\n<script type=\"application\/ld+json\" class=\"yoast-schema-graph\">{\"@context\":\"https:\\\/\\\/schema.org\",\"@graph\":[{\"@type\":\"NewsArticle\",\"@id\":\"https:\\\/\\\/www.webdo.tn\\\/fr\\\/actualite\\\/international\\\/la-maman-de-lannee-elle-met-des-baffes-a-son-fils-qui-participait-aux-emeutes-de-baltimore\\\/184145\\\/#article\",\"isPartOf\":{\"@id\":\"https:\\\/\\\/www.webdo.tn\\\/fr\\\/actualite\\\/international\\\/la-maman-de-lannee-elle-met-des-baffes-a-son-fils-qui-participait-aux-emeutes-de-baltimore\\\/184145\\\/\"},\"author\":{\"name\":\"webdo.tn\",\"@id\":\"https:\\\/\\\/www.webdo.tn\\\/fr\\\/#\\\/schema\\\/person\\\/9a9c6118d687c117df8ef3cc36a4d175\"},\"headline\":\"\u00ab\u00a0La maman de l&rsquo;ann\u00e9e\u00a0\u00bb : Elle met des baffes \u00e0 son fils qui participait aux \u00e9meutes de Baltimore\",\"datePublished\":\"2015-04-29T10:05:00+00:00\",\"dateModified\":\"2025-05-22T12:56:54+00:00\",\"mainEntityOfPage\":{\"@id\":\"https:\\\/\\\/www.webdo.tn\\\/fr\\\/actualite\\\/international\\\/la-maman-de-lannee-elle-met-des-baffes-a-son-fils-qui-participait-aux-emeutes-de-baltimore\\\/184145\\\/\"},\"wordCount\":152,\"commentCount\":0,\"publisher\":{\"@id\":\"https:\\\/\\\/www.webdo.tn\\\/fr\\\/#organization\"},\"image\":{\"@id\":\"https:\\\/\\\/www.webdo.tn\\\/fr\\\/actualite\\\/international\\\/la-maman-de-lannee-elle-met-des-baffes-a-son-fils-qui-participait-aux-emeutes-de-baltimore\\\/184145\\\/#primaryimage\"},\"thumbnailUrl\":\"https:\\\/\\\/www.webdo.tn\\\/fr\\\/wp-content\\\/uploads\\\/2015\\\/04\\\/webdo_default-123.jpg\",\"articleSection\":[\"International\"],\"inLanguage\":\"fr-FR\"},{\"@type\":\"WebPage\",\"@id\":\"https:\\\/\\\/www.webdo.tn\\\/fr\\\/actualite\\\/international\\\/la-maman-de-lannee-elle-met-des-baffes-a-son-fils-qui-participait-aux-emeutes-de-baltimore\\\/184145\\\/\",\"url\":\"https:\\\/\\\/www.webdo.tn\\\/fr\\\/actualite\\\/international\\\/la-maman-de-lannee-elle-met-des-baffes-a-son-fils-qui-participait-aux-emeutes-de-baltimore\\\/184145\\\/\",\"name\":\"La maman de l'ann\u00e9e : Elle met des baffes \u00e0 son fils qui participait aux \u00e9meutes de Baltimore\",\"isPartOf\":{\"@id\":\"https:\\\/\\\/www.webdo.tn\\\/fr\\\/#website\"},\"primaryImageOfPage\":{\"@id\":\"https:\\\/\\\/www.webdo.tn\\\/fr\\\/actualite\\\/international\\\/la-maman-de-lannee-elle-met-des-baffes-a-son-fils-qui-participait-aux-emeutes-de-baltimore\\\/184145\\\/#primaryimage\"},\"image\":{\"@id\":\"https:\\\/\\\/www.webdo.tn\\\/fr\\\/actualite\\\/international\\\/la-maman-de-lannee-elle-met-des-baffes-a-son-fils-qui-participait-aux-emeutes-de-baltimore\\\/184145\\\/#primaryimage\"},\"thumbnailUrl\":\"https:\\\/\\\/www.webdo.tn\\\/fr\\\/wp-content\\\/uploads\\\/2015\\\/04\\\/webdo_default-123.jpg\",\"datePublished\":\"2015-04-29T10:05:00+00:00\",\"dateModified\":\"2025-05-22T12:56:54+00:00\",\"description\":\"La maman de l'ann\u00e9e : Elle met des baffes \u00e0 son fils qui participait aux \u00e9meutes de Baltimore\",\"breadcrumb\":{\"@id\":\"https:\\\/\\\/www.webdo.tn\\\/fr\\\/actualite\\\/international\\\/la-maman-de-lannee-elle-met-des-baffes-a-son-fils-qui-participait-aux-emeutes-de-baltimore\\\/184145\\\/#breadcrumb\"},\"inLanguage\":\"fr-FR\",\"potentialAction\":[{\"@type\":\"ReadAction\",\"target\":[\"https:\\\/\\\/www.webdo.tn\\\/fr\\\/actualite\\\/international\\\/la-maman-de-lannee-elle-met-des-baffes-a-son-fils-qui-participait-aux-emeutes-de-baltimore\\\/184145\\\/\"]}]},{\"@type\":\"ImageObject\",\"inLanguage\":\"fr-FR\",\"@id\":\"https:\\\/\\\/www.webdo.tn\\\/fr\\\/actualite\\\/international\\\/la-maman-de-lannee-elle-met-des-baffes-a-son-fils-qui-participait-aux-emeutes-de-baltimore\\\/184145\\\/#primaryimage\",\"url\":\"https:\\\/\\\/www.webdo.tn\\\/fr\\\/wp-content\\\/uploads\\\/2015\\\/04\\\/webdo_default-123.jpg\",\"contentUrl\":\"https:\\\/\\\/www.webdo.tn\\\/fr\\\/wp-content\\\/uploads\\\/2015\\\/04\\\/webdo_default-123.jpg\",\"width\":800,\"height\":500,\"caption\":\"\\\"La maman de l'ann\u00e9e\\\" : Elle met des baffes \u00e0 son fils qui participait aux \u00e9meutes de Baltimore\"},{\"@type\":\"BreadcrumbList\",\"@id\":\"https:\\\/\\\/www.webdo.tn\\\/fr\\\/actualite\\\/international\\\/la-maman-de-lannee-elle-met-des-baffes-a-son-fils-qui-participait-aux-emeutes-de-baltimore\\\/184145\\\/#breadcrumb\",\"itemListElement\":[{\"@type\":\"ListItem\",\"position\":1,\"name\":\"Accueil\",\"item\":\"https:\\\/\\\/www.webdo.tn\\\/fr\\\/\"},{\"@type\":\"ListItem\",\"position\":2,\"name\":\"\u00ab\u00a0La maman de l&rsquo;ann\u00e9e\u00a0\u00bb : Elle met des baffes \u00e0 son fils qui participait aux \u00e9meutes de Baltimore\"}]},{\"@type\":\"WebSite\",\"@id\":\"https:\\\/\\\/www.webdo.tn\\\/fr\\\/#website\",\"url\":\"https:\\\/\\\/www.webdo.tn\\\/fr\\\/\",\"name\":\"webdo\",\"description\":\"Tunisie - News en Tunisie et \u00e0 l&#039;international sur Webdo.tn\",\"publisher\":{\"@id\":\"https:\\\/\\\/www.webdo.tn\\\/fr\\\/#organization\"},\"potentialAction\":[{\"@type\":\"SearchAction\",\"target\":{\"@type\":\"EntryPoint\",\"urlTemplate\":\"https:\\\/\\\/www.webdo.tn\\\/fr\\\/?s={search_term_string}\"},\"query-input\":{\"@type\":\"PropertyValueSpecification\",\"valueRequired\":true,\"valueName\":\"search_term_string\"}}],\"inLanguage\":\"fr-FR\"},{\"@type\":\"Organization\",\"@id\":\"https:\\\/\\\/www.webdo.tn\\\/fr\\\/#organization\",\"name\":\"Webdo\",\"alternateName\":\"Webdo.tn\",\"url\":\"https:\\\/\\\/www.webdo.tn\\\/fr\\\/\",\"logo\":{\"@type\":\"ImageObject\",\"inLanguage\":\"fr-FR\",\"@id\":\"https:\\\/\\\/www.webdo.tn\\\/fr\\\/#\\\/schema\\\/logo\\\/image\\\/\",\"url\":\"https:\\\/\\\/www.webdo.tn\\\/fr\\\/wp-content\\\/uploads\\\/2025\\\/06\\\/Webdo-Tunisie_168377.jpg\",\"contentUrl\":\"https:\\\/\\\/www.webdo.tn\\\/fr\\\/wp-content\\\/uploads\\\/2025\\\/06\\\/Webdo-Tunisie_168377.jpg\",\"width\":301,\"height\":301,\"caption\":\"Webdo\"},\"image\":{\"@id\":\"https:\\\/\\\/www.webdo.tn\\\/fr\\\/#\\\/schema\\\/logo\\\/image\\\/\"},\"sameAs\":[\"https:\\\/\\\/www.facebook.com\\\/webdotn\",\"https:\\\/\\\/x.com\\\/webdo_tn\"],\"description\":\"Webdo est un m\u00e9dia num\u00e9rique tunisien fond\u00e9 en 2010, sp\u00e9cialis\u00e9 dans l\u2019actualit\u00e9 nationale et internationale, l\u2019\u00e9conomie, la soci\u00e9t\u00e9 et les analyses politiques. Le site s\u2019adresse \u00e0 un large public francophone et couvre l\u2019information tunisienne en temps r\u00e9el.\",\"email\":\"redac@webdo.tn\",\"legalName\":\"YNJ SARL\",\"foundingDate\":\"2010-09-06\",\"numberOfEmployees\":{\"@type\":\"QuantitativeValue\",\"minValue\":\"11\",\"maxValue\":\"50\"}},{\"@type\":\"Person\",\"@id\":\"https:\\\/\\\/www.webdo.tn\\\/fr\\\/#\\\/schema\\\/person\\\/9a9c6118d687c117df8ef3cc36a4d175\",\"name\":\"webdo.tn\",\"image\":{\"@type\":\"ImageObject\",\"inLanguage\":\"fr-FR\",\"@id\":\"https:\\\/\\\/secure.gravatar.com\\\/avatar\\\/7ce1f28c0c3bbac99ff550b85ef8e44a6950c6ee24514fb6a5489e51d06f0298?s=96&d=mm&r=g\",\"url\":\"https:\\\/\\\/secure.gravatar.com\\\/avatar\\\/7ce1f28c0c3bbac99ff550b85ef8e44a6950c6ee24514fb6a5489e51d06f0298?s=96&d=mm&r=g\",\"contentUrl\":\"https:\\\/\\\/secure.gravatar.com\\\/avatar\\\/7ce1f28c0c3bbac99ff550b85ef8e44a6950c6ee24514fb6a5489e51d06f0298?s=96&d=mm&r=g\",\"caption\":\"webdo.tn\"},\"url\":\"https:\\\/\\\/www.webdo.tn\\\/fr\\\/actualite\\\/author\\\/webdotn\\\/\"}]}<\/script>\n<!-- \/ Yoast SEO Premium plugin. -->","yoast_head_json":{"title":"La maman de l'ann\u00e9e : Elle met des baffes \u00e0 son fils qui participait aux \u00e9meutes de Baltimore","description":"La maman de l'ann\u00e9e : Elle met des baffes \u00e0 son fils qui participait aux \u00e9meutes de Baltimore","canonical":"https:\/\/www.webdo.tn\/fr\/actualite\/international\/la-maman-de-lannee-elle-met-des-baffes-a-son-fils-qui-participait-aux-emeutes-de-baltimore\/184145\/","og_locale":"fr_FR","og_type":"article","og_title":"\"La maman de l'ann\u00e9e\" : Elle met des baffes \u00e0 son fils qui participait aux \u00e9meutes de Baltimore","og_description":"La maman de l'ann\u00e9e : Elle met des baffes \u00e0 son fils qui participait aux \u00e9meutes de Baltimore","og_url":"https:\/\/www.webdo.tn\/fr\/actualite\/international\/la-maman-de-lannee-elle-met-des-baffes-a-son-fils-qui-participait-aux-emeutes-de-baltimore\/184145\/","og_site_name":"webdo","article_publisher":"https:\/\/www.facebook.com\/webdotn","article_published_time":"2015-04-29T10:05:00+00:00","article_modified_time":"2025-05-22T12:56:54+00:00","og_image":[{"width":800,"height":500,"url":"https:\/\/www.webdo.tn\/fr\/wp-content\/uploads\/2015\/04\/webdo_default-123.jpg","type":"image\/jpeg"}],"author":"webdo.tn","twitter_card":"summary_large_image","twitter_creator":"@webdo_tn","twitter_site":"@webdo_tn","twitter_misc":{"\u00c9crit par":"webdo.tn","Dur\u00e9e de lecture estim\u00e9e":"1 minute"},"schema":{"@context":"https:\/\/schema.org","@graph":[{"@type":"NewsArticle","@id":"https:\/\/www.webdo.tn\/fr\/actualite\/international\/la-maman-de-lannee-elle-met-des-baffes-a-son-fils-qui-participait-aux-emeutes-de-baltimore\/184145\/#article","isPartOf":{"@id":"https:\/\/www.webdo.tn\/fr\/actualite\/international\/la-maman-de-lannee-elle-met-des-baffes-a-son-fils-qui-participait-aux-emeutes-de-baltimore\/184145\/"},"author":{"name":"webdo.tn","@id":"https:\/\/www.webdo.tn\/fr\/#\/schema\/person\/9a9c6118d687c117df8ef3cc36a4d175"},"headline":"\u00ab\u00a0La maman de l&rsquo;ann\u00e9e\u00a0\u00bb : Elle met des baffes \u00e0 son fils qui participait aux \u00e9meutes de Baltimore","datePublished":"2015-04-29T10:05:00+00:00","dateModified":"2025-05-22T12:56:54+00:00","mainEntityOfPage":{"@id":"https:\/\/www.webdo.tn\/fr\/actualite\/international\/la-maman-de-lannee-elle-met-des-baffes-a-son-fils-qui-participait-aux-emeutes-de-baltimore\/184145\/"},"wordCount":152,"commentCount":0,"publisher":{"@id":"https:\/\/www.webdo.tn\/fr\/#organization"},"image":{"@id":"https:\/\/www.webdo.tn\/fr\/actualite\/international\/la-maman-de-lannee-elle-met-des-baffes-a-son-fils-qui-participait-aux-emeutes-de-baltimore\/184145\/#primaryimage"},"thumbnailUrl":"https:\/\/www.webdo.tn\/fr\/wp-content\/uploads\/2015\/04\/webdo_default-123.jpg","articleSection":["International"],"inLanguage":"fr-FR"},{"@type":"WebPage","@id":"https:\/\/www.webdo.tn\/fr\/actualite\/international\/la-maman-de-lannee-elle-met-des-baffes-a-son-fils-qui-participait-aux-emeutes-de-baltimore\/184145\/","url":"https:\/\/www.webdo.tn\/fr\/actualite\/international\/la-maman-de-lannee-elle-met-des-baffes-a-son-fils-qui-participait-aux-emeutes-de-baltimore\/184145\/","name":"La maman de l'ann\u00e9e : Elle met des baffes \u00e0 son fils qui participait aux \u00e9meutes de Baltimore","isPartOf":{"@id":"https:\/\/www.webdo.tn\/fr\/#website"},"primaryImageOfPage":{"@id":"https:\/\/www.webdo.tn\/fr\/actualite\/international\/la-maman-de-lannee-elle-met-des-baffes-a-son-fils-qui-participait-aux-emeutes-de-baltimore\/184145\/#primaryimage"},"image":{"@id":"https:\/\/www.webdo.tn\/fr\/actualite\/international\/la-maman-de-lannee-elle-met-des-baffes-a-son-fils-qui-participait-aux-emeutes-de-baltimore\/184145\/#primaryimage"},"thumbnailUrl":"https:\/\/www.webdo.tn\/fr\/wp-content\/uploads\/2015\/04\/webdo_default-123.jpg","datePublished":"2015-04-29T10:05:00+00:00","dateModified":"2025-05-22T12:56:54+00:00","description":"La maman de l'ann\u00e9e : Elle met des baffes \u00e0 son fils qui participait aux \u00e9meutes de Baltimore","breadcrumb":{"@id":"https:\/\/www.webdo.tn\/fr\/actualite\/international\/la-maman-de-lannee-elle-met-des-baffes-a-son-fils-qui-participait-aux-emeutes-de-baltimore\/184145\/#breadcrumb"},"inLanguage":"fr-FR","potentialAction":[{"@type":"ReadAction","target":["https:\/\/www.webdo.tn\/fr\/actualite\/international\/la-maman-de-lannee-elle-met-des-baffes-a-son-fils-qui-participait-aux-emeutes-de-baltimore\/184145\/"]}]},{"@type":"ImageObject","inLanguage":"fr-FR","@id":"https:\/\/www.webdo.tn\/fr\/actualite\/international\/la-maman-de-lannee-elle-met-des-baffes-a-son-fils-qui-participait-aux-emeutes-de-baltimore\/184145\/#primaryimage","url":"https:\/\/www.webdo.tn\/fr\/wp-content\/uploads\/2015\/04\/webdo_default-123.jpg","contentUrl":"https:\/\/www.webdo.tn\/fr\/wp-content\/uploads\/2015\/04\/webdo_default-123.jpg","width":800,"height":500,"caption":"\"La maman de l'ann\u00e9e\" : Elle met des baffes \u00e0 son fils qui participait aux \u00e9meutes de Baltimore"},{"@type":"BreadcrumbList","@id":"https:\/\/www.webdo.tn\/fr\/actualite\/international\/la-maman-de-lannee-elle-met-des-baffes-a-son-fils-qui-participait-aux-emeutes-de-baltimore\/184145\/#breadcrumb","itemListElement":[{"@type":"ListItem","position":1,"name":"Accueil","item":"https:\/\/www.webdo.tn\/fr\/"},{"@type":"ListItem","position":2,"name":"\u00ab\u00a0La maman de l&rsquo;ann\u00e9e\u00a0\u00bb : Elle met des baffes \u00e0 son fils qui participait aux \u00e9meutes de Baltimore"}]},{"@type":"WebSite","@id":"https:\/\/www.webdo.tn\/fr\/#website","url":"https:\/\/www.webdo.tn\/fr\/","name":"webdo","description":"Tunisie - News en Tunisie et \u00e0 l&#039;international sur Webdo.tn","publisher":{"@id":"https:\/\/www.webdo.tn\/fr\/#organization"},"potentialAction":[{"@type":"SearchAction","target":{"@type":"EntryPoint","urlTemplate":"https:\/\/www.webdo.tn\/fr\/?s={search_term_string}"},"query-input":{"@type":"PropertyValueSpecification","valueRequired":true,"valueName":"search_term_string"}}],"inLanguage":"fr-FR"},{"@type":"Organization","@id":"https:\/\/www.webdo.tn\/fr\/#organization","name":"Webdo","alternateName":"Webdo.tn","url":"https:\/\/www.webdo.tn\/fr\/","logo":{"@type":"ImageObject","inLanguage":"fr-FR","@id":"https:\/\/www.webdo.tn\/fr\/#\/schema\/logo\/image\/","url":"https:\/\/www.webdo.tn\/fr\/wp-content\/uploads\/2025\/06\/Webdo-Tunisie_168377.jpg","contentUrl":"https:\/\/www.webdo.tn\/fr\/wp-content\/uploads\/2025\/06\/Webdo-Tunisie_168377.jpg","width":301,"height":301,"caption":"Webdo"},"image":{"@id":"https:\/\/www.webdo.tn\/fr\/#\/schema\/logo\/image\/"},"sameAs":["https:\/\/www.facebook.com\/webdotn","https:\/\/x.com\/webdo_tn"],"description":"Webdo est un m\u00e9dia num\u00e9rique tunisien fond\u00e9 en 2010, sp\u00e9cialis\u00e9 dans l\u2019actualit\u00e9 nationale et internationale, l\u2019\u00e9conomie, la soci\u00e9t\u00e9 et les analyses politiques. Le site s\u2019adresse \u00e0 un large public francophone et couvre l\u2019information tunisienne en temps r\u00e9el.","email":"redac@webdo.tn","legalName":"YNJ SARL","foundingDate":"2010-09-06","numberOfEmployees":{"@type":"QuantitativeValue","minValue":"11","maxValue":"50"}},{"@type":"Person","@id":"https:\/\/www.webdo.tn\/fr\/#\/schema\/person\/9a9c6118d687c117df8ef3cc36a4d175","name":"webdo.tn","image":{"@type":"ImageObject","inLanguage":"fr-FR","@id":"https:\/\/secure.gravatar.com\/avatar\/7ce1f28c0c3bbac99ff550b85ef8e44a6950c6ee24514fb6a5489e51d06f0298?s=96&d=mm&r=g","url":"https:\/\/secure.gravatar.com\/avatar\/7ce1f28c0c3bbac99ff550b85ef8e44a6950c6ee24514fb6a5489e51d06f0298?s=96&d=mm&r=g","contentUrl":"https:\/\/secure.gravatar.com\/avatar\/7ce1f28c0c3bbac99ff550b85ef8e44a6950c6ee24514fb6a5489e51d06f0298?s=96&d=mm&r=g","caption":"webdo.tn"},"url":"https:\/\/www.webdo.tn\/fr\/actualite\/author\/webdotn\/"}]}},"_links":{"self":[{"href":"https:\/\/www.webdo.tn\/fr\/wp-json\/wp\/v2\/posts\/184145","targetHints":{"allow":["GET"]}}],"collection":[{"href":"https:\/\/www.webdo.tn\/fr\/wp-json\/wp\/v2\/posts"}],"about":[{"href":"https:\/\/www.webdo.tn\/fr\/wp-json\/wp\/v2\/types\/post"}],"author":[{"embeddable":true,"href":"https:\/\/www.webdo.tn\/fr\/wp-json\/wp\/v2\/users\/3222"}],"replies":[{"embeddable":true,"href":"https:\/\/www.webdo.tn\/fr\/wp-json\/wp\/v2\/comments?post=184145"}],"version-history":[{"count":0,"href":"https:\/\/www.webdo.tn\/fr\/wp-json\/wp\/v2\/posts\/184145\/revisions"}],"wp:featuredmedia":[{"embeddable":true,"href":"https:\/\/www.webdo.tn\/fr\/wp-json\/wp\/v2\/media\/352118"}],"wp:attachment":[{"href":"https:\/\/www.webdo.tn\/fr\/wp-json\/wp\/v2\/media?parent=184145"}],"wp:term":[{"taxonomy":"category","embeddable":true,"href":"https:\/\/www.webdo.tn\/fr\/wp-json\/wp\/v2\/categories?post=184145"},{"taxonomy":"post_tag","embeddable":true,"href":"https:\/\/www.webdo.tn\/fr\/wp-json\/wp\/v2\/tags?post=184145"}],"curies":[{"name":"wp","href":"https:\/\/api.w.org\/{rel}","templated":true}]}}