{"id":184144,"date":"2015-04-29T11:51:00","date_gmt":"2015-04-29T11:51:00","guid":{"rendered":"https:\/\/www.webdo.tn\/fr\/blog\/nigeria-larmee-annonce-la-liberation-de-pres-de-300-femmes-detenues-par-boko-haram\/184144\/"},"modified":"2015-04-29T11:51:00","modified_gmt":"2015-04-29T11:51:00","slug":"nigeria-larmee-annonce-la-liberation-de-pres-de-300-femmes-detenues-par-boko-haram","status":"publish","type":"post","link":"https:\/\/www.webdo.tn\/fr\/actualite\/international\/nigeria-larmee-annonce-la-liberation-de-pres-de-300-femmes-detenues-par-boko-haram\/184144\/","title":{"rendered":"Nigeria : L&rsquo;arm\u00e9e annonce la lib\u00e9ration de pr\u00e8s de 300 femmes d\u00e9tenues par Boko Haram"},"content":{"rendered":"<p>L&rsquo;arm\u00e9e nig\u00e9riane a annonc\u00e9 ce mardi 28 avril, avoir lib\u00e9r\u00e9 200 filles et 93 femmes dans un fief du groupe islamiste Boko Haram. Toutefois, il ne s&rsquo;agit pas des jeunes lyc\u00e9ennes de Chibok, enlev\u00e9es par le groupe islamiste en avril 2014.<\/p>\n<p>Rappelons que le chef du groupe arm\u00e9 Boko Haram, Abubakar Shekau, a pr\u00eat\u00e9 all\u00e9geance \u00e0 l\u2019Etat islamique dans un enregistrement audio publi\u00e9 le 7 mars dernier.<\/p>\n<p>Boko Haram a men\u00e9 depuis 2009 une s\u00e9rie de raids et d\u2019attentats \u00e0 l\u2019explosif visant d\u00e9lib\u00e9r\u00e9ment des civils. Les attaques se font de plus en plus fr\u00e9quentes et importantes au fil du temps au Nig\u00e9ria et au Cameroun incendiant m\u00eame une mosqu\u00e9e.<\/p>\n<p>En avril 2014, 200 lyc\u00e9ennes avaient \u00e9t\u00e9 enlev\u00e9es pr\u00e8s de Chibok, dans le nord-est du Nigeria.<\/p>\n","protected":false},"excerpt":{"rendered":"<p>Nigeria : L&rsquo;arm\u00e9e annonce la lib\u00e9ration de pr\u00e8s de 300 femmes d\u00e9tenues par Boko Haram<\/p>\n","protected":false},"author":3222,"featured_media":318410,"comment_status":"open","ping_status":"closed","sticky":false,"template":"","format":"standard","meta":{"footnotes":""},"categories":[2598],"tags":[2600],"class_list":["post-184144","post","type-post","status-publish","format-standard","has-post-thumbnail","hentry","category-international","tag-guerre"],"yoast_head":"<!-- This site is optimized with the Yoast SEO Premium plugin v27.5 (Yoast SEO v27.5) - https:\/\/yoast.com\/product\/yoast-seo-premium-wordpress\/ -->\n<title>Nigeria : L&#039;arm\u00e9e annonce la lib\u00e9ration de pr\u00e8s de 300 femmes d\u00e9tenues par Boko Haram<\/title>\n<meta name=\"description\" content=\"Nigeria : L&#039;arm\u00e9e annonce la lib\u00e9ration de pr\u00e8s de 300 femmes d\u00e9tenues par Boko Haram\" \/>\n<link rel=\"canonical\" href=\"https:\/\/www.webdo.tn\/fr\/actualite\/international\/nigeria-larmee-annonce-la-liberation-de-pres-de-300-femmes-detenues-par-boko-haram\/184144\/\" \/>\n<meta property=\"og:locale\" content=\"fr_FR\" \/>\n<meta property=\"og:type\" content=\"article\" \/>\n<meta property=\"og:title\" content=\"Nigeria : L&#039;arm\u00e9e annonce la lib\u00e9ration de pr\u00e8s de 300 femmes d\u00e9tenues par Boko Haram\" \/>\n<meta property=\"og:description\" content=\"Nigeria : L&#039;arm\u00e9e annonce la lib\u00e9ration de pr\u00e8s de 300 femmes d\u00e9tenues par Boko Haram\" \/>\n<meta property=\"og:url\" content=\"https:\/\/www.webdo.tn\/fr\/actualite\/international\/nigeria-larmee-annonce-la-liberation-de-pres-de-300-femmes-detenues-par-boko-haram\/184144\/\" \/>\n<meta property=\"og:site_name\" content=\"webdo\" \/>\n<meta property=\"article:publisher\" content=\"https:\/\/www.facebook.com\/webdotn\" \/>\n<meta property=\"article:published_time\" content=\"2015-04-29T11:51:00+00:00\" \/>\n<meta property=\"og:image\" content=\"https:\/\/www.webdo.tn\/fr\/wp-content\/uploads\/2015\/04\/webdo_default.jpg\" \/>\n\t<meta property=\"og:image:width\" content=\"800\" \/>\n\t<meta property=\"og:image:height\" content=\"500\" \/>\n\t<meta property=\"og:image:type\" content=\"image\/jpeg\" \/>\n<meta name=\"author\" content=\"webdo.tn\" \/>\n<meta name=\"twitter:card\" content=\"summary_large_image\" \/>\n<meta name=\"twitter:creator\" content=\"@webdo_tn\" \/>\n<meta name=\"twitter:site\" content=\"@webdo_tn\" \/>\n<meta name=\"twitter:label1\" content=\"\u00c9crit par\" \/>\n\t<meta name=\"twitter:data1\" content=\"webdo.tn\" \/>\n\t<meta name=\"twitter:label2\" content=\"Dur\u00e9e de lecture estim\u00e9e\" \/>\n\t<meta name=\"twitter:data2\" content=\"1 minute\" \/>\n<script type=\"application\/ld+json\" class=\"yoast-schema-graph\">{\"@context\":\"https:\\\/\\\/schema.org\",\"@graph\":[{\"@type\":\"NewsArticle\",\"@id\":\"https:\\\/\\\/www.webdo.tn\\\/fr\\\/actualite\\\/international\\\/nigeria-larmee-annonce-la-liberation-de-pres-de-300-femmes-detenues-par-boko-haram\\\/184144\\\/#article\",\"isPartOf\":{\"@id\":\"https:\\\/\\\/www.webdo.tn\\\/fr\\\/actualite\\\/international\\\/nigeria-larmee-annonce-la-liberation-de-pres-de-300-femmes-detenues-par-boko-haram\\\/184144\\\/\"},\"author\":{\"name\":\"webdo.tn\",\"@id\":\"https:\\\/\\\/www.webdo.tn\\\/fr\\\/#\\\/schema\\\/person\\\/9a9c6118d687c117df8ef3cc36a4d175\"},\"headline\":\"Nigeria : L&rsquo;arm\u00e9e annonce la lib\u00e9ration de pr\u00e8s de 300 femmes d\u00e9tenues par Boko Haram\",\"datePublished\":\"2015-04-29T11:51:00+00:00\",\"mainEntityOfPage\":{\"@id\":\"https:\\\/\\\/www.webdo.tn\\\/fr\\\/actualite\\\/international\\\/nigeria-larmee-annonce-la-liberation-de-pres-de-300-femmes-detenues-par-boko-haram\\\/184144\\\/\"},\"wordCount\":156,\"commentCount\":0,\"publisher\":{\"@id\":\"https:\\\/\\\/www.webdo.tn\\\/fr\\\/#organization\"},\"image\":{\"@id\":\"https:\\\/\\\/www.webdo.tn\\\/fr\\\/actualite\\\/international\\\/nigeria-larmee-annonce-la-liberation-de-pres-de-300-femmes-detenues-par-boko-haram\\\/184144\\\/#primaryimage\"},\"thumbnailUrl\":\"https:\\\/\\\/www.webdo.tn\\\/fr\\\/wp-content\\\/uploads\\\/2015\\\/04\\\/webdo_default.jpg\",\"keywords\":[\"guerre\"],\"articleSection\":[\"International\"],\"inLanguage\":\"fr-FR\"},{\"@type\":\"WebPage\",\"@id\":\"https:\\\/\\\/www.webdo.tn\\\/fr\\\/actualite\\\/international\\\/nigeria-larmee-annonce-la-liberation-de-pres-de-300-femmes-detenues-par-boko-haram\\\/184144\\\/\",\"url\":\"https:\\\/\\\/www.webdo.tn\\\/fr\\\/actualite\\\/international\\\/nigeria-larmee-annonce-la-liberation-de-pres-de-300-femmes-detenues-par-boko-haram\\\/184144\\\/\",\"name\":\"Nigeria : L'arm\u00e9e annonce la lib\u00e9ration de pr\u00e8s de 300 femmes d\u00e9tenues par Boko Haram\",\"isPartOf\":{\"@id\":\"https:\\\/\\\/www.webdo.tn\\\/fr\\\/#website\"},\"primaryImageOfPage\":{\"@id\":\"https:\\\/\\\/www.webdo.tn\\\/fr\\\/actualite\\\/international\\\/nigeria-larmee-annonce-la-liberation-de-pres-de-300-femmes-detenues-par-boko-haram\\\/184144\\\/#primaryimage\"},\"image\":{\"@id\":\"https:\\\/\\\/www.webdo.tn\\\/fr\\\/actualite\\\/international\\\/nigeria-larmee-annonce-la-liberation-de-pres-de-300-femmes-detenues-par-boko-haram\\\/184144\\\/#primaryimage\"},\"thumbnailUrl\":\"https:\\\/\\\/www.webdo.tn\\\/fr\\\/wp-content\\\/uploads\\\/2015\\\/04\\\/webdo_default.jpg\",\"datePublished\":\"2015-04-29T11:51:00+00:00\",\"description\":\"Nigeria : L'arm\u00e9e annonce la lib\u00e9ration de pr\u00e8s de 300 femmes d\u00e9tenues par Boko Haram\",\"breadcrumb\":{\"@id\":\"https:\\\/\\\/www.webdo.tn\\\/fr\\\/actualite\\\/international\\\/nigeria-larmee-annonce-la-liberation-de-pres-de-300-femmes-detenues-par-boko-haram\\\/184144\\\/#breadcrumb\"},\"inLanguage\":\"fr-FR\",\"potentialAction\":[{\"@type\":\"ReadAction\",\"target\":[\"https:\\\/\\\/www.webdo.tn\\\/fr\\\/actualite\\\/international\\\/nigeria-larmee-annonce-la-liberation-de-pres-de-300-femmes-detenues-par-boko-haram\\\/184144\\\/\"]}]},{\"@type\":\"ImageObject\",\"inLanguage\":\"fr-FR\",\"@id\":\"https:\\\/\\\/www.webdo.tn\\\/fr\\\/actualite\\\/international\\\/nigeria-larmee-annonce-la-liberation-de-pres-de-300-femmes-detenues-par-boko-haram\\\/184144\\\/#primaryimage\",\"url\":\"https:\\\/\\\/www.webdo.tn\\\/fr\\\/wp-content\\\/uploads\\\/2015\\\/04\\\/webdo_default.jpg\",\"contentUrl\":\"https:\\\/\\\/www.webdo.tn\\\/fr\\\/wp-content\\\/uploads\\\/2015\\\/04\\\/webdo_default.jpg\",\"width\":800,\"height\":500,\"caption\":\"Nigeria : L'arm\u00e9e annonce la lib\u00e9ration de pr\u00e8s de 300 femmes d\u00e9tenues par Boko Haram\"},{\"@type\":\"BreadcrumbList\",\"@id\":\"https:\\\/\\\/www.webdo.tn\\\/fr\\\/actualite\\\/international\\\/nigeria-larmee-annonce-la-liberation-de-pres-de-300-femmes-detenues-par-boko-haram\\\/184144\\\/#breadcrumb\",\"itemListElement\":[{\"@type\":\"ListItem\",\"position\":1,\"name\":\"Accueil\",\"item\":\"https:\\\/\\\/www.webdo.tn\\\/fr\\\/\"},{\"@type\":\"ListItem\",\"position\":2,\"name\":\"Nigeria : L&rsquo;arm\u00e9e annonce la lib\u00e9ration de pr\u00e8s de 300 femmes d\u00e9tenues par Boko Haram\"}]},{\"@type\":\"WebSite\",\"@id\":\"https:\\\/\\\/www.webdo.tn\\\/fr\\\/#website\",\"url\":\"https:\\\/\\\/www.webdo.tn\\\/fr\\\/\",\"name\":\"webdo\",\"description\":\"Tunisie - News en Tunisie et \u00e0 l&#039;international sur Webdo.tn\",\"publisher\":{\"@id\":\"https:\\\/\\\/www.webdo.tn\\\/fr\\\/#organization\"},\"potentialAction\":[{\"@type\":\"SearchAction\",\"target\":{\"@type\":\"EntryPoint\",\"urlTemplate\":\"https:\\\/\\\/www.webdo.tn\\\/fr\\\/?s={search_term_string}\"},\"query-input\":{\"@type\":\"PropertyValueSpecification\",\"valueRequired\":true,\"valueName\":\"search_term_string\"}}],\"inLanguage\":\"fr-FR\"},{\"@type\":\"Organization\",\"@id\":\"https:\\\/\\\/www.webdo.tn\\\/fr\\\/#organization\",\"name\":\"Webdo\",\"alternateName\":\"Webdo.tn\",\"url\":\"https:\\\/\\\/www.webdo.tn\\\/fr\\\/\",\"logo\":{\"@type\":\"ImageObject\",\"inLanguage\":\"fr-FR\",\"@id\":\"https:\\\/\\\/www.webdo.tn\\\/fr\\\/#\\\/schema\\\/logo\\\/image\\\/\",\"url\":\"https:\\\/\\\/www.webdo.tn\\\/fr\\\/wp-content\\\/uploads\\\/2025\\\/06\\\/Webdo-Tunisie_168377.jpg\",\"contentUrl\":\"https:\\\/\\\/www.webdo.tn\\\/fr\\\/wp-content\\\/uploads\\\/2025\\\/06\\\/Webdo-Tunisie_168377.jpg\",\"width\":301,\"height\":301,\"caption\":\"Webdo\"},\"image\":{\"@id\":\"https:\\\/\\\/www.webdo.tn\\\/fr\\\/#\\\/schema\\\/logo\\\/image\\\/\"},\"sameAs\":[\"https:\\\/\\\/www.facebook.com\\\/webdotn\",\"https:\\\/\\\/x.com\\\/webdo_tn\"],\"description\":\"Webdo est un m\u00e9dia num\u00e9rique tunisien fond\u00e9 en 2010, sp\u00e9cialis\u00e9 dans l\u2019actualit\u00e9 nationale et internationale, l\u2019\u00e9conomie, la soci\u00e9t\u00e9 et les analyses politiques. Le site s\u2019adresse \u00e0 un large public francophone et couvre l\u2019information tunisienne en temps r\u00e9el.\",\"email\":\"redac@webdo.tn\",\"legalName\":\"YNJ SARL\",\"foundingDate\":\"2010-09-06\",\"numberOfEmployees\":{\"@type\":\"QuantitativeValue\",\"minValue\":\"11\",\"maxValue\":\"50\"}},{\"@type\":\"Person\",\"@id\":\"https:\\\/\\\/www.webdo.tn\\\/fr\\\/#\\\/schema\\\/person\\\/9a9c6118d687c117df8ef3cc36a4d175\",\"name\":\"webdo.tn\",\"image\":{\"@type\":\"ImageObject\",\"inLanguage\":\"fr-FR\",\"@id\":\"https:\\\/\\\/secure.gravatar.com\\\/avatar\\\/7ce1f28c0c3bbac99ff550b85ef8e44a6950c6ee24514fb6a5489e51d06f0298?s=96&d=mm&r=g\",\"url\":\"https:\\\/\\\/secure.gravatar.com\\\/avatar\\\/7ce1f28c0c3bbac99ff550b85ef8e44a6950c6ee24514fb6a5489e51d06f0298?s=96&d=mm&r=g\",\"contentUrl\":\"https:\\\/\\\/secure.gravatar.com\\\/avatar\\\/7ce1f28c0c3bbac99ff550b85ef8e44a6950c6ee24514fb6a5489e51d06f0298?s=96&d=mm&r=g\",\"caption\":\"webdo.tn\"},\"url\":\"https:\\\/\\\/www.webdo.tn\\\/fr\\\/actualite\\\/author\\\/webdotn\\\/\"}]}<\/script>\n<!-- \/ Yoast SEO Premium plugin. -->","yoast_head_json":{"title":"Nigeria : L'arm\u00e9e annonce la lib\u00e9ration de pr\u00e8s de 300 femmes d\u00e9tenues par Boko Haram","description":"Nigeria : L'arm\u00e9e annonce la lib\u00e9ration de pr\u00e8s de 300 femmes d\u00e9tenues par Boko Haram","canonical":"https:\/\/www.webdo.tn\/fr\/actualite\/international\/nigeria-larmee-annonce-la-liberation-de-pres-de-300-femmes-detenues-par-boko-haram\/184144\/","og_locale":"fr_FR","og_type":"article","og_title":"Nigeria : L'arm\u00e9e annonce la lib\u00e9ration de pr\u00e8s de 300 femmes d\u00e9tenues par Boko Haram","og_description":"Nigeria : L'arm\u00e9e annonce la lib\u00e9ration de pr\u00e8s de 300 femmes d\u00e9tenues par Boko Haram","og_url":"https:\/\/www.webdo.tn\/fr\/actualite\/international\/nigeria-larmee-annonce-la-liberation-de-pres-de-300-femmes-detenues-par-boko-haram\/184144\/","og_site_name":"webdo","article_publisher":"https:\/\/www.facebook.com\/webdotn","article_published_time":"2015-04-29T11:51:00+00:00","og_image":[{"width":800,"height":500,"url":"https:\/\/www.webdo.tn\/fr\/wp-content\/uploads\/2015\/04\/webdo_default.jpg","type":"image\/jpeg"}],"author":"webdo.tn","twitter_card":"summary_large_image","twitter_creator":"@webdo_tn","twitter_site":"@webdo_tn","twitter_misc":{"\u00c9crit par":"webdo.tn","Dur\u00e9e de lecture estim\u00e9e":"1 minute"},"schema":{"@context":"https:\/\/schema.org","@graph":[{"@type":"NewsArticle","@id":"https:\/\/www.webdo.tn\/fr\/actualite\/international\/nigeria-larmee-annonce-la-liberation-de-pres-de-300-femmes-detenues-par-boko-haram\/184144\/#article","isPartOf":{"@id":"https:\/\/www.webdo.tn\/fr\/actualite\/international\/nigeria-larmee-annonce-la-liberation-de-pres-de-300-femmes-detenues-par-boko-haram\/184144\/"},"author":{"name":"webdo.tn","@id":"https:\/\/www.webdo.tn\/fr\/#\/schema\/person\/9a9c6118d687c117df8ef3cc36a4d175"},"headline":"Nigeria : L&rsquo;arm\u00e9e annonce la lib\u00e9ration de pr\u00e8s de 300 femmes d\u00e9tenues par Boko Haram","datePublished":"2015-04-29T11:51:00+00:00","mainEntityOfPage":{"@id":"https:\/\/www.webdo.tn\/fr\/actualite\/international\/nigeria-larmee-annonce-la-liberation-de-pres-de-300-femmes-detenues-par-boko-haram\/184144\/"},"wordCount":156,"commentCount":0,"publisher":{"@id":"https:\/\/www.webdo.tn\/fr\/#organization"},"image":{"@id":"https:\/\/www.webdo.tn\/fr\/actualite\/international\/nigeria-larmee-annonce-la-liberation-de-pres-de-300-femmes-detenues-par-boko-haram\/184144\/#primaryimage"},"thumbnailUrl":"https:\/\/www.webdo.tn\/fr\/wp-content\/uploads\/2015\/04\/webdo_default.jpg","keywords":["guerre"],"articleSection":["International"],"inLanguage":"fr-FR"},{"@type":"WebPage","@id":"https:\/\/www.webdo.tn\/fr\/actualite\/international\/nigeria-larmee-annonce-la-liberation-de-pres-de-300-femmes-detenues-par-boko-haram\/184144\/","url":"https:\/\/www.webdo.tn\/fr\/actualite\/international\/nigeria-larmee-annonce-la-liberation-de-pres-de-300-femmes-detenues-par-boko-haram\/184144\/","name":"Nigeria : L'arm\u00e9e annonce la lib\u00e9ration de pr\u00e8s de 300 femmes d\u00e9tenues par Boko Haram","isPartOf":{"@id":"https:\/\/www.webdo.tn\/fr\/#website"},"primaryImageOfPage":{"@id":"https:\/\/www.webdo.tn\/fr\/actualite\/international\/nigeria-larmee-annonce-la-liberation-de-pres-de-300-femmes-detenues-par-boko-haram\/184144\/#primaryimage"},"image":{"@id":"https:\/\/www.webdo.tn\/fr\/actualite\/international\/nigeria-larmee-annonce-la-liberation-de-pres-de-300-femmes-detenues-par-boko-haram\/184144\/#primaryimage"},"thumbnailUrl":"https:\/\/www.webdo.tn\/fr\/wp-content\/uploads\/2015\/04\/webdo_default.jpg","datePublished":"2015-04-29T11:51:00+00:00","description":"Nigeria : L'arm\u00e9e annonce la lib\u00e9ration de pr\u00e8s de 300 femmes d\u00e9tenues par Boko Haram","breadcrumb":{"@id":"https:\/\/www.webdo.tn\/fr\/actualite\/international\/nigeria-larmee-annonce-la-liberation-de-pres-de-300-femmes-detenues-par-boko-haram\/184144\/#breadcrumb"},"inLanguage":"fr-FR","potentialAction":[{"@type":"ReadAction","target":["https:\/\/www.webdo.tn\/fr\/actualite\/international\/nigeria-larmee-annonce-la-liberation-de-pres-de-300-femmes-detenues-par-boko-haram\/184144\/"]}]},{"@type":"ImageObject","inLanguage":"fr-FR","@id":"https:\/\/www.webdo.tn\/fr\/actualite\/international\/nigeria-larmee-annonce-la-liberation-de-pres-de-300-femmes-detenues-par-boko-haram\/184144\/#primaryimage","url":"https:\/\/www.webdo.tn\/fr\/wp-content\/uploads\/2015\/04\/webdo_default.jpg","contentUrl":"https:\/\/www.webdo.tn\/fr\/wp-content\/uploads\/2015\/04\/webdo_default.jpg","width":800,"height":500,"caption":"Nigeria : L'arm\u00e9e annonce la lib\u00e9ration de pr\u00e8s de 300 femmes d\u00e9tenues par Boko Haram"},{"@type":"BreadcrumbList","@id":"https:\/\/www.webdo.tn\/fr\/actualite\/international\/nigeria-larmee-annonce-la-liberation-de-pres-de-300-femmes-detenues-par-boko-haram\/184144\/#breadcrumb","itemListElement":[{"@type":"ListItem","position":1,"name":"Accueil","item":"https:\/\/www.webdo.tn\/fr\/"},{"@type":"ListItem","position":2,"name":"Nigeria : L&rsquo;arm\u00e9e annonce la lib\u00e9ration de pr\u00e8s de 300 femmes d\u00e9tenues par Boko Haram"}]},{"@type":"WebSite","@id":"https:\/\/www.webdo.tn\/fr\/#website","url":"https:\/\/www.webdo.tn\/fr\/","name":"webdo","description":"Tunisie - News en Tunisie et \u00e0 l&#039;international sur Webdo.tn","publisher":{"@id":"https:\/\/www.webdo.tn\/fr\/#organization"},"potentialAction":[{"@type":"SearchAction","target":{"@type":"EntryPoint","urlTemplate":"https:\/\/www.webdo.tn\/fr\/?s={search_term_string}"},"query-input":{"@type":"PropertyValueSpecification","valueRequired":true,"valueName":"search_term_string"}}],"inLanguage":"fr-FR"},{"@type":"Organization","@id":"https:\/\/www.webdo.tn\/fr\/#organization","name":"Webdo","alternateName":"Webdo.tn","url":"https:\/\/www.webdo.tn\/fr\/","logo":{"@type":"ImageObject","inLanguage":"fr-FR","@id":"https:\/\/www.webdo.tn\/fr\/#\/schema\/logo\/image\/","url":"https:\/\/www.webdo.tn\/fr\/wp-content\/uploads\/2025\/06\/Webdo-Tunisie_168377.jpg","contentUrl":"https:\/\/www.webdo.tn\/fr\/wp-content\/uploads\/2025\/06\/Webdo-Tunisie_168377.jpg","width":301,"height":301,"caption":"Webdo"},"image":{"@id":"https:\/\/www.webdo.tn\/fr\/#\/schema\/logo\/image\/"},"sameAs":["https:\/\/www.facebook.com\/webdotn","https:\/\/x.com\/webdo_tn"],"description":"Webdo est un m\u00e9dia num\u00e9rique tunisien fond\u00e9 en 2010, sp\u00e9cialis\u00e9 dans l\u2019actualit\u00e9 nationale et internationale, l\u2019\u00e9conomie, la soci\u00e9t\u00e9 et les analyses politiques. Le site s\u2019adresse \u00e0 un large public francophone et couvre l\u2019information tunisienne en temps r\u00e9el.","email":"redac@webdo.tn","legalName":"YNJ SARL","foundingDate":"2010-09-06","numberOfEmployees":{"@type":"QuantitativeValue","minValue":"11","maxValue":"50"}},{"@type":"Person","@id":"https:\/\/www.webdo.tn\/fr\/#\/schema\/person\/9a9c6118d687c117df8ef3cc36a4d175","name":"webdo.tn","image":{"@type":"ImageObject","inLanguage":"fr-FR","@id":"https:\/\/secure.gravatar.com\/avatar\/7ce1f28c0c3bbac99ff550b85ef8e44a6950c6ee24514fb6a5489e51d06f0298?s=96&d=mm&r=g","url":"https:\/\/secure.gravatar.com\/avatar\/7ce1f28c0c3bbac99ff550b85ef8e44a6950c6ee24514fb6a5489e51d06f0298?s=96&d=mm&r=g","contentUrl":"https:\/\/secure.gravatar.com\/avatar\/7ce1f28c0c3bbac99ff550b85ef8e44a6950c6ee24514fb6a5489e51d06f0298?s=96&d=mm&r=g","caption":"webdo.tn"},"url":"https:\/\/www.webdo.tn\/fr\/actualite\/author\/webdotn\/"}]}},"_links":{"self":[{"href":"https:\/\/www.webdo.tn\/fr\/wp-json\/wp\/v2\/posts\/184144","targetHints":{"allow":["GET"]}}],"collection":[{"href":"https:\/\/www.webdo.tn\/fr\/wp-json\/wp\/v2\/posts"}],"about":[{"href":"https:\/\/www.webdo.tn\/fr\/wp-json\/wp\/v2\/types\/post"}],"author":[{"embeddable":true,"href":"https:\/\/www.webdo.tn\/fr\/wp-json\/wp\/v2\/users\/3222"}],"replies":[{"embeddable":true,"href":"https:\/\/www.webdo.tn\/fr\/wp-json\/wp\/v2\/comments?post=184144"}],"version-history":[{"count":0,"href":"https:\/\/www.webdo.tn\/fr\/wp-json\/wp\/v2\/posts\/184144\/revisions"}],"wp:featuredmedia":[{"embeddable":true,"href":"https:\/\/www.webdo.tn\/fr\/wp-json\/wp\/v2\/media\/318410"}],"wp:attachment":[{"href":"https:\/\/www.webdo.tn\/fr\/wp-json\/wp\/v2\/media?parent=184144"}],"wp:term":[{"taxonomy":"category","embeddable":true,"href":"https:\/\/www.webdo.tn\/fr\/wp-json\/wp\/v2\/categories?post=184144"},{"taxonomy":"post_tag","embeddable":true,"href":"https:\/\/www.webdo.tn\/fr\/wp-json\/wp\/v2\/tags?post=184144"}],"curies":[{"name":"wp","href":"https:\/\/api.w.org\/{rel}","templated":true}]}}