{"id":184143,"date":"2015-04-29T12:17:00","date_gmt":"2015-04-29T12:17:00","guid":{"rendered":"https:\/\/www.webdo.tn\/fr\/blog\/jeportemajupecommejeveux-quand-une-collegienne-francaise-est-accusee-de-porter-atteinte-a-la-laicite-avec-sa-jupe\/184143\/"},"modified":"2025-05-18T22:15:17","modified_gmt":"2025-05-18T22:15:17","slug":"jeportemajupecommejeveux-quand-une-collegienne-francaise-est-accusee-de-porter-atteinte-a-la-laicite-avec-sa-jupe","status":"publish","type":"post","link":"https:\/\/www.webdo.tn\/fr\/actualite\/international\/jeportemajupecommejeveux-quand-une-collegienne-francaise-est-accusee-de-porter-atteinte-a-la-laicite-avec-sa-jupe\/184143\/","title":{"rendered":"#jeportemajupecommejeveux : Quand une coll\u00e9gienne fran\u00e7aise est accus\u00e9e de porter atteinte \u00e0 la la\u00efcit\u00e9 avec sa jupe"},"content":{"rendered":"<p>Une coll\u00e9gienne s&rsquo;est vue refus\u00e9e l&rsquo;entr\u00e9e de son coll\u00e8ge \u00e0 Charleville-M\u00e9zi\u00e8res en France. Son tord ? Sa jupe \u00e9tait trop longue, selon la directrice de l&rsquo;\u00e9tablissement et portait atteinte \u00e0 la la\u00efcit\u00e9.<br \/>\nComme tous les matins Sarah K., \u00e9l\u00e8ve de troisi\u00e8me au coll\u00e8ge\u00a0L\u00e9o Lagrange \u00e0 Charleville-M\u00e9zi\u00e8res dans les Ardennes, situ\u00e9 dans le nord-est de la France, se rend en classe.<\/p>\n<p>Comme tous les matins, cette jeune fille de confession musulmane retire son voile, qu&rsquo;elle porte depuis un an, avant d&rsquo;entrer dans son coll\u00e8ge. Elle respecte la loi fran\u00e7aise sur la la\u00efcit\u00e9 qui dit que\u00a0\u201cdans les \u00e9coles, les coll\u00e8ges et les lyc\u00e9es publics, le port de signes ou tenues par lesquels les \u00e9l\u00e8ves manifestent ostensiblement une appartenance religieuse est interdit\u201d.\u00a0<\/p>\n<p>Mais ce matin du 24 avril 2015, elle ne peut pas rentrer au coll\u00e8ge, la directrice de l&rsquo;\u00e9tablissement jugeant sa jupe \u00ab\u00a0trop longue\u00a0\u00bb.<br \/>\nUne atteinte \u00e0 la la\u00efcit\u00e9<br \/>\nLa jeune \u00e9tudiante ne comprend pas ce qui ne va pas avec sa jupe qu&rsquo;elle a achet\u00e9e dans une grande enseigne de v\u00eatements. Dans une interview accord\u00e9e au quotidien l&rsquo;Ardennais, Sarah \u00e9voque son incompr\u00e9hension :<br \/>\n[quote_box_center]Elle est toute simple, elle n\u2019a rien d\u2019ostentatoire. Il n\u2019y aucun signe religieux du tout.[\/quote_box_center]<br \/>\nDans un courrier adress\u00e9 au parents, la directrice de l&rsquo;\u00e9tablissement\u00a0affirme que le \u201ccaract\u00e8re religieux [de la jupe] est manifeste\u201d,\u00a0et demande aux parents de changer la tenue vestimentaire de leur fille s&rsquo;ils \u00ab\u00a0souhaite[nt] qu\u2019elle poursuive sa scolarit\u00e9 au coll\u00e8ge\u201d.<br \/>\nLa twittosph\u00e8re s&rsquo;enflamme<br \/>\nSur twitter, les r\u00e9actions s&rsquo;encha\u00eenent et le hashtag #jeportemajupecommejeveux s&rsquo;est rapidement class\u00e9 num\u00e9ro un du r\u00e9seau social.<\/p>\n<p>\u00a0<br \/>\n#JePorteMaJupeCommeJeVeux apr\u00e8s le d\u00e9lit de sale gueule , celui de sale jupe &#8230;<\/p>\n<p>\u2014 Nathalie Goulet \u0646 (@senateur61) 29 Avril 2015<\/p>\n<p>R\u00e9sumons: &#8211; Jupe trop courte, t&rsquo;es une provocatrice &#8211; Jupe trop longue, t&rsquo;es une provocatrice #PauvreFrance #JePorteMaJupeCommeJeVeux<\/p>\n<p>\u2014 Antoine Mokrane (@AntoineMokrane) 28 Avril 2015<\/p>\n<p>La la\u00efcit\u00e9 falsifi\u00e9e \u00e0 la fran\u00e7aise= interdire un v\u00eatement neutre parce qu&rsquo;on sait par ailleurs l&rsquo;\u00e9l\u00e8ve musulmane. #JePorteMaJupeCommeJeVeux<\/p>\n<p>\u2014 Tasnim (@_Tasnim__) 28 Avril 2015<\/p>\n<p>Vous estimerez, en l&rsquo;argumentant, le degr\u00e9 d&rsquo;ostentation de ces jupes. Vous avez 2h. #JePorteMaJupeCommeJeVeuxpic.twitter.com\/2spl6ALny3<\/p>\n<p>\u2014 Sihame Assbague (@s_assbague) 28 Avril 2015<\/p>\n<p>Elodie Potente<\/p>\n","protected":false},"excerpt":{"rendered":"<p>#jeportemajupecommejeveux : Quand une coll\u00e9gienne fran\u00e7aise est accus\u00e9e de porter atteinte \u00e0 la la\u00efcit\u00e9 avec sa jupe<\/p>\n","protected":false},"author":3222,"featured_media":318416,"comment_status":"open","ping_status":"closed","sticky":false,"template":"","format":"standard","meta":{"footnotes":""},"categories":[2598],"tags":[2600],"class_list":["post-184143","post","type-post","status-publish","format-standard","has-post-thumbnail","hentry","category-international","tag-guerre"],"yoast_head":"<!-- This site is optimized with the Yoast SEO Premium plugin v27.5 (Yoast SEO v27.5) - https:\/\/yoast.com\/product\/yoast-seo-premium-wordpress\/ -->\n<title>#jeportemajupecommejeveux : Quand une coll\u00e9gienne fran\u00e7aise est accus\u00e9e de porter atteinte \u00e0 la la\u00efcit\u00e9 avec sa jupe<\/title>\n<meta name=\"description\" content=\"#jeportemajupecommejeveux : Quand une coll\u00e9gienne fran\u00e7aise est accus\u00e9e de porter atteinte \u00e0 la la\u00efcit\u00e9 avec sa jupe\" \/>\n<link rel=\"canonical\" href=\"https:\/\/www.webdo.tn\/fr\/actualite\/international\/jeportemajupecommejeveux-quand-une-collegienne-francaise-est-accusee-de-porter-atteinte-a-la-laicite-avec-sa-jupe\/184143\/\" \/>\n<meta property=\"og:locale\" content=\"fr_FR\" \/>\n<meta property=\"og:type\" content=\"article\" \/>\n<meta property=\"og:title\" content=\"#jeportemajupecommejeveux : Quand une coll\u00e9gienne fran\u00e7aise est accus\u00e9e de porter atteinte \u00e0 la la\u00efcit\u00e9 avec sa jupe\" \/>\n<meta property=\"og:description\" content=\"#jeportemajupecommejeveux : Quand une coll\u00e9gienne fran\u00e7aise est accus\u00e9e de porter atteinte \u00e0 la la\u00efcit\u00e9 avec sa jupe\" \/>\n<meta property=\"og:url\" content=\"https:\/\/www.webdo.tn\/fr\/actualite\/international\/jeportemajupecommejeveux-quand-une-collegienne-francaise-est-accusee-de-porter-atteinte-a-la-laicite-avec-sa-jupe\/184143\/\" \/>\n<meta property=\"og:site_name\" content=\"webdo\" \/>\n<meta property=\"article:publisher\" content=\"https:\/\/www.facebook.com\/webdotn\" \/>\n<meta property=\"article:published_time\" content=\"2015-04-29T12:17:00+00:00\" \/>\n<meta property=\"article:modified_time\" content=\"2025-05-18T22:15:17+00:00\" \/>\n<meta property=\"og:image\" content=\"https:\/\/www.webdo.tn\/fr\/wp-content\/uploads\/2015\/04\/sarah-k.jpg\" \/>\n\t<meta property=\"og:image:width\" content=\"450\" \/>\n\t<meta property=\"og:image:height\" content=\"300\" \/>\n\t<meta property=\"og:image:type\" content=\"image\/jpeg\" \/>\n<meta name=\"author\" content=\"webdo.tn\" \/>\n<meta name=\"twitter:card\" content=\"summary_large_image\" \/>\n<meta name=\"twitter:creator\" content=\"@webdo_tn\" \/>\n<meta name=\"twitter:site\" content=\"@webdo_tn\" \/>\n<meta name=\"twitter:label1\" content=\"\u00c9crit par\" \/>\n\t<meta name=\"twitter:data1\" content=\"webdo.tn\" \/>\n\t<meta name=\"twitter:label2\" content=\"Dur\u00e9e de lecture estim\u00e9e\" \/>\n\t<meta name=\"twitter:data2\" content=\"2 minutes\" \/>\n<script type=\"application\/ld+json\" class=\"yoast-schema-graph\">{\"@context\":\"https:\\\/\\\/schema.org\",\"@graph\":[{\"@type\":\"NewsArticle\",\"@id\":\"https:\\\/\\\/www.webdo.tn\\\/fr\\\/actualite\\\/international\\\/jeportemajupecommejeveux-quand-une-collegienne-francaise-est-accusee-de-porter-atteinte-a-la-laicite-avec-sa-jupe\\\/184143\\\/#article\",\"isPartOf\":{\"@id\":\"https:\\\/\\\/www.webdo.tn\\\/fr\\\/actualite\\\/international\\\/jeportemajupecommejeveux-quand-une-collegienne-francaise-est-accusee-de-porter-atteinte-a-la-laicite-avec-sa-jupe\\\/184143\\\/\"},\"author\":{\"name\":\"webdo.tn\",\"@id\":\"https:\\\/\\\/www.webdo.tn\\\/fr\\\/#\\\/schema\\\/person\\\/9a9c6118d687c117df8ef3cc36a4d175\"},\"headline\":\"#jeportemajupecommejeveux : Quand une coll\u00e9gienne fran\u00e7aise est accus\u00e9e de porter atteinte \u00e0 la la\u00efcit\u00e9 avec sa jupe\",\"datePublished\":\"2015-04-29T12:17:00+00:00\",\"dateModified\":\"2025-05-18T22:15:17+00:00\",\"mainEntityOfPage\":{\"@id\":\"https:\\\/\\\/www.webdo.tn\\\/fr\\\/actualite\\\/international\\\/jeportemajupecommejeveux-quand-une-collegienne-francaise-est-accusee-de-porter-atteinte-a-la-laicite-avec-sa-jupe\\\/184143\\\/\"},\"wordCount\":421,\"commentCount\":0,\"publisher\":{\"@id\":\"https:\\\/\\\/www.webdo.tn\\\/fr\\\/#organization\"},\"image\":{\"@id\":\"https:\\\/\\\/www.webdo.tn\\\/fr\\\/actualite\\\/international\\\/jeportemajupecommejeveux-quand-une-collegienne-francaise-est-accusee-de-porter-atteinte-a-la-laicite-avec-sa-jupe\\\/184143\\\/#primaryimage\"},\"thumbnailUrl\":\"https:\\\/\\\/www.webdo.tn\\\/fr\\\/wp-content\\\/uploads\\\/2015\\\/04\\\/sarah-k.jpg\",\"keywords\":[\"guerre\"],\"articleSection\":[\"International\"],\"inLanguage\":\"fr-FR\"},{\"@type\":\"WebPage\",\"@id\":\"https:\\\/\\\/www.webdo.tn\\\/fr\\\/actualite\\\/international\\\/jeportemajupecommejeveux-quand-une-collegienne-francaise-est-accusee-de-porter-atteinte-a-la-laicite-avec-sa-jupe\\\/184143\\\/\",\"url\":\"https:\\\/\\\/www.webdo.tn\\\/fr\\\/actualite\\\/international\\\/jeportemajupecommejeveux-quand-une-collegienne-francaise-est-accusee-de-porter-atteinte-a-la-laicite-avec-sa-jupe\\\/184143\\\/\",\"name\":\"#jeportemajupecommejeveux : Quand une coll\u00e9gienne fran\u00e7aise est accus\u00e9e de porter atteinte \u00e0 la la\u00efcit\u00e9 avec sa jupe\",\"isPartOf\":{\"@id\":\"https:\\\/\\\/www.webdo.tn\\\/fr\\\/#website\"},\"primaryImageOfPage\":{\"@id\":\"https:\\\/\\\/www.webdo.tn\\\/fr\\\/actualite\\\/international\\\/jeportemajupecommejeveux-quand-une-collegienne-francaise-est-accusee-de-porter-atteinte-a-la-laicite-avec-sa-jupe\\\/184143\\\/#primaryimage\"},\"image\":{\"@id\":\"https:\\\/\\\/www.webdo.tn\\\/fr\\\/actualite\\\/international\\\/jeportemajupecommejeveux-quand-une-collegienne-francaise-est-accusee-de-porter-atteinte-a-la-laicite-avec-sa-jupe\\\/184143\\\/#primaryimage\"},\"thumbnailUrl\":\"https:\\\/\\\/www.webdo.tn\\\/fr\\\/wp-content\\\/uploads\\\/2015\\\/04\\\/sarah-k.jpg\",\"datePublished\":\"2015-04-29T12:17:00+00:00\",\"dateModified\":\"2025-05-18T22:15:17+00:00\",\"description\":\"#jeportemajupecommejeveux : Quand une coll\u00e9gienne fran\u00e7aise est accus\u00e9e de porter atteinte \u00e0 la la\u00efcit\u00e9 avec sa jupe\",\"breadcrumb\":{\"@id\":\"https:\\\/\\\/www.webdo.tn\\\/fr\\\/actualite\\\/international\\\/jeportemajupecommejeveux-quand-une-collegienne-francaise-est-accusee-de-porter-atteinte-a-la-laicite-avec-sa-jupe\\\/184143\\\/#breadcrumb\"},\"inLanguage\":\"fr-FR\",\"potentialAction\":[{\"@type\":\"ReadAction\",\"target\":[\"https:\\\/\\\/www.webdo.tn\\\/fr\\\/actualite\\\/international\\\/jeportemajupecommejeveux-quand-une-collegienne-francaise-est-accusee-de-porter-atteinte-a-la-laicite-avec-sa-jupe\\\/184143\\\/\"]}]},{\"@type\":\"ImageObject\",\"inLanguage\":\"fr-FR\",\"@id\":\"https:\\\/\\\/www.webdo.tn\\\/fr\\\/actualite\\\/international\\\/jeportemajupecommejeveux-quand-une-collegienne-francaise-est-accusee-de-porter-atteinte-a-la-laicite-avec-sa-jupe\\\/184143\\\/#primaryimage\",\"url\":\"https:\\\/\\\/www.webdo.tn\\\/fr\\\/wp-content\\\/uploads\\\/2015\\\/04\\\/sarah-k.jpg\",\"contentUrl\":\"https:\\\/\\\/www.webdo.tn\\\/fr\\\/wp-content\\\/uploads\\\/2015\\\/04\\\/sarah-k.jpg\",\"width\":450,\"height\":300,\"caption\":\"#jeportemajupecommejeveux : Quand une coll\u00e9gienne fran\u00e7aise est accus\u00e9e de porter atteinte \u00e0 la la\u00efcit\u00e9 avec sa jupe\"},{\"@type\":\"BreadcrumbList\",\"@id\":\"https:\\\/\\\/www.webdo.tn\\\/fr\\\/actualite\\\/international\\\/jeportemajupecommejeveux-quand-une-collegienne-francaise-est-accusee-de-porter-atteinte-a-la-laicite-avec-sa-jupe\\\/184143\\\/#breadcrumb\",\"itemListElement\":[{\"@type\":\"ListItem\",\"position\":1,\"name\":\"Accueil\",\"item\":\"https:\\\/\\\/www.webdo.tn\\\/fr\\\/\"},{\"@type\":\"ListItem\",\"position\":2,\"name\":\"#jeportemajupecommejeveux : Quand une coll\u00e9gienne fran\u00e7aise est accus\u00e9e de porter atteinte \u00e0 la la\u00efcit\u00e9 avec sa jupe\"}]},{\"@type\":\"WebSite\",\"@id\":\"https:\\\/\\\/www.webdo.tn\\\/fr\\\/#website\",\"url\":\"https:\\\/\\\/www.webdo.tn\\\/fr\\\/\",\"name\":\"webdo\",\"description\":\"Tunisie - News en Tunisie et \u00e0 l&#039;international sur Webdo.tn\",\"publisher\":{\"@id\":\"https:\\\/\\\/www.webdo.tn\\\/fr\\\/#organization\"},\"potentialAction\":[{\"@type\":\"SearchAction\",\"target\":{\"@type\":\"EntryPoint\",\"urlTemplate\":\"https:\\\/\\\/www.webdo.tn\\\/fr\\\/?s={search_term_string}\"},\"query-input\":{\"@type\":\"PropertyValueSpecification\",\"valueRequired\":true,\"valueName\":\"search_term_string\"}}],\"inLanguage\":\"fr-FR\"},{\"@type\":\"Organization\",\"@id\":\"https:\\\/\\\/www.webdo.tn\\\/fr\\\/#organization\",\"name\":\"Webdo\",\"alternateName\":\"Webdo.tn\",\"url\":\"https:\\\/\\\/www.webdo.tn\\\/fr\\\/\",\"logo\":{\"@type\":\"ImageObject\",\"inLanguage\":\"fr-FR\",\"@id\":\"https:\\\/\\\/www.webdo.tn\\\/fr\\\/#\\\/schema\\\/logo\\\/image\\\/\",\"url\":\"https:\\\/\\\/www.webdo.tn\\\/fr\\\/wp-content\\\/uploads\\\/2025\\\/06\\\/Webdo-Tunisie_168377.jpg\",\"contentUrl\":\"https:\\\/\\\/www.webdo.tn\\\/fr\\\/wp-content\\\/uploads\\\/2025\\\/06\\\/Webdo-Tunisie_168377.jpg\",\"width\":301,\"height\":301,\"caption\":\"Webdo\"},\"image\":{\"@id\":\"https:\\\/\\\/www.webdo.tn\\\/fr\\\/#\\\/schema\\\/logo\\\/image\\\/\"},\"sameAs\":[\"https:\\\/\\\/www.facebook.com\\\/webdotn\",\"https:\\\/\\\/x.com\\\/webdo_tn\"],\"description\":\"Webdo est un m\u00e9dia num\u00e9rique tunisien fond\u00e9 en 2010, sp\u00e9cialis\u00e9 dans l\u2019actualit\u00e9 nationale et internationale, l\u2019\u00e9conomie, la soci\u00e9t\u00e9 et les analyses politiques. Le site s\u2019adresse \u00e0 un large public francophone et couvre l\u2019information tunisienne en temps r\u00e9el.\",\"email\":\"redac@webdo.tn\",\"legalName\":\"YNJ SARL\",\"foundingDate\":\"2010-09-06\",\"numberOfEmployees\":{\"@type\":\"QuantitativeValue\",\"minValue\":\"11\",\"maxValue\":\"50\"}},{\"@type\":\"Person\",\"@id\":\"https:\\\/\\\/www.webdo.tn\\\/fr\\\/#\\\/schema\\\/person\\\/9a9c6118d687c117df8ef3cc36a4d175\",\"name\":\"webdo.tn\",\"image\":{\"@type\":\"ImageObject\",\"inLanguage\":\"fr-FR\",\"@id\":\"https:\\\/\\\/secure.gravatar.com\\\/avatar\\\/7ce1f28c0c3bbac99ff550b85ef8e44a6950c6ee24514fb6a5489e51d06f0298?s=96&d=mm&r=g\",\"url\":\"https:\\\/\\\/secure.gravatar.com\\\/avatar\\\/7ce1f28c0c3bbac99ff550b85ef8e44a6950c6ee24514fb6a5489e51d06f0298?s=96&d=mm&r=g\",\"contentUrl\":\"https:\\\/\\\/secure.gravatar.com\\\/avatar\\\/7ce1f28c0c3bbac99ff550b85ef8e44a6950c6ee24514fb6a5489e51d06f0298?s=96&d=mm&r=g\",\"caption\":\"webdo.tn\"},\"url\":\"https:\\\/\\\/www.webdo.tn\\\/fr\\\/actualite\\\/author\\\/webdotn\\\/\"}]}<\/script>\n<!-- \/ Yoast SEO Premium plugin. -->","yoast_head_json":{"title":"#jeportemajupecommejeveux : Quand une coll\u00e9gienne fran\u00e7aise est accus\u00e9e de porter atteinte \u00e0 la la\u00efcit\u00e9 avec sa jupe","description":"#jeportemajupecommejeveux : Quand une coll\u00e9gienne fran\u00e7aise est accus\u00e9e de porter atteinte \u00e0 la la\u00efcit\u00e9 avec sa jupe","canonical":"https:\/\/www.webdo.tn\/fr\/actualite\/international\/jeportemajupecommejeveux-quand-une-collegienne-francaise-est-accusee-de-porter-atteinte-a-la-laicite-avec-sa-jupe\/184143\/","og_locale":"fr_FR","og_type":"article","og_title":"#jeportemajupecommejeveux : Quand une coll\u00e9gienne fran\u00e7aise est accus\u00e9e de porter atteinte \u00e0 la la\u00efcit\u00e9 avec sa jupe","og_description":"#jeportemajupecommejeveux : Quand une coll\u00e9gienne fran\u00e7aise est accus\u00e9e de porter atteinte \u00e0 la la\u00efcit\u00e9 avec sa jupe","og_url":"https:\/\/www.webdo.tn\/fr\/actualite\/international\/jeportemajupecommejeveux-quand-une-collegienne-francaise-est-accusee-de-porter-atteinte-a-la-laicite-avec-sa-jupe\/184143\/","og_site_name":"webdo","article_publisher":"https:\/\/www.facebook.com\/webdotn","article_published_time":"2015-04-29T12:17:00+00:00","article_modified_time":"2025-05-18T22:15:17+00:00","og_image":[{"width":450,"height":300,"url":"https:\/\/www.webdo.tn\/fr\/wp-content\/uploads\/2015\/04\/sarah-k.jpg","type":"image\/jpeg"}],"author":"webdo.tn","twitter_card":"summary_large_image","twitter_creator":"@webdo_tn","twitter_site":"@webdo_tn","twitter_misc":{"\u00c9crit par":"webdo.tn","Dur\u00e9e de lecture estim\u00e9e":"2 minutes"},"schema":{"@context":"https:\/\/schema.org","@graph":[{"@type":"NewsArticle","@id":"https:\/\/www.webdo.tn\/fr\/actualite\/international\/jeportemajupecommejeveux-quand-une-collegienne-francaise-est-accusee-de-porter-atteinte-a-la-laicite-avec-sa-jupe\/184143\/#article","isPartOf":{"@id":"https:\/\/www.webdo.tn\/fr\/actualite\/international\/jeportemajupecommejeveux-quand-une-collegienne-francaise-est-accusee-de-porter-atteinte-a-la-laicite-avec-sa-jupe\/184143\/"},"author":{"name":"webdo.tn","@id":"https:\/\/www.webdo.tn\/fr\/#\/schema\/person\/9a9c6118d687c117df8ef3cc36a4d175"},"headline":"#jeportemajupecommejeveux : Quand une coll\u00e9gienne fran\u00e7aise est accus\u00e9e de porter atteinte \u00e0 la la\u00efcit\u00e9 avec sa jupe","datePublished":"2015-04-29T12:17:00+00:00","dateModified":"2025-05-18T22:15:17+00:00","mainEntityOfPage":{"@id":"https:\/\/www.webdo.tn\/fr\/actualite\/international\/jeportemajupecommejeveux-quand-une-collegienne-francaise-est-accusee-de-porter-atteinte-a-la-laicite-avec-sa-jupe\/184143\/"},"wordCount":421,"commentCount":0,"publisher":{"@id":"https:\/\/www.webdo.tn\/fr\/#organization"},"image":{"@id":"https:\/\/www.webdo.tn\/fr\/actualite\/international\/jeportemajupecommejeveux-quand-une-collegienne-francaise-est-accusee-de-porter-atteinte-a-la-laicite-avec-sa-jupe\/184143\/#primaryimage"},"thumbnailUrl":"https:\/\/www.webdo.tn\/fr\/wp-content\/uploads\/2015\/04\/sarah-k.jpg","keywords":["guerre"],"articleSection":["International"],"inLanguage":"fr-FR"},{"@type":"WebPage","@id":"https:\/\/www.webdo.tn\/fr\/actualite\/international\/jeportemajupecommejeveux-quand-une-collegienne-francaise-est-accusee-de-porter-atteinte-a-la-laicite-avec-sa-jupe\/184143\/","url":"https:\/\/www.webdo.tn\/fr\/actualite\/international\/jeportemajupecommejeveux-quand-une-collegienne-francaise-est-accusee-de-porter-atteinte-a-la-laicite-avec-sa-jupe\/184143\/","name":"#jeportemajupecommejeveux : Quand une coll\u00e9gienne fran\u00e7aise est accus\u00e9e de porter atteinte \u00e0 la la\u00efcit\u00e9 avec sa jupe","isPartOf":{"@id":"https:\/\/www.webdo.tn\/fr\/#website"},"primaryImageOfPage":{"@id":"https:\/\/www.webdo.tn\/fr\/actualite\/international\/jeportemajupecommejeveux-quand-une-collegienne-francaise-est-accusee-de-porter-atteinte-a-la-laicite-avec-sa-jupe\/184143\/#primaryimage"},"image":{"@id":"https:\/\/www.webdo.tn\/fr\/actualite\/international\/jeportemajupecommejeveux-quand-une-collegienne-francaise-est-accusee-de-porter-atteinte-a-la-laicite-avec-sa-jupe\/184143\/#primaryimage"},"thumbnailUrl":"https:\/\/www.webdo.tn\/fr\/wp-content\/uploads\/2015\/04\/sarah-k.jpg","datePublished":"2015-04-29T12:17:00+00:00","dateModified":"2025-05-18T22:15:17+00:00","description":"#jeportemajupecommejeveux : Quand une coll\u00e9gienne fran\u00e7aise est accus\u00e9e de porter atteinte \u00e0 la la\u00efcit\u00e9 avec sa jupe","breadcrumb":{"@id":"https:\/\/www.webdo.tn\/fr\/actualite\/international\/jeportemajupecommejeveux-quand-une-collegienne-francaise-est-accusee-de-porter-atteinte-a-la-laicite-avec-sa-jupe\/184143\/#breadcrumb"},"inLanguage":"fr-FR","potentialAction":[{"@type":"ReadAction","target":["https:\/\/www.webdo.tn\/fr\/actualite\/international\/jeportemajupecommejeveux-quand-une-collegienne-francaise-est-accusee-de-porter-atteinte-a-la-laicite-avec-sa-jupe\/184143\/"]}]},{"@type":"ImageObject","inLanguage":"fr-FR","@id":"https:\/\/www.webdo.tn\/fr\/actualite\/international\/jeportemajupecommejeveux-quand-une-collegienne-francaise-est-accusee-de-porter-atteinte-a-la-laicite-avec-sa-jupe\/184143\/#primaryimage","url":"https:\/\/www.webdo.tn\/fr\/wp-content\/uploads\/2015\/04\/sarah-k.jpg","contentUrl":"https:\/\/www.webdo.tn\/fr\/wp-content\/uploads\/2015\/04\/sarah-k.jpg","width":450,"height":300,"caption":"#jeportemajupecommejeveux : Quand une coll\u00e9gienne fran\u00e7aise est accus\u00e9e de porter atteinte \u00e0 la la\u00efcit\u00e9 avec sa jupe"},{"@type":"BreadcrumbList","@id":"https:\/\/www.webdo.tn\/fr\/actualite\/international\/jeportemajupecommejeveux-quand-une-collegienne-francaise-est-accusee-de-porter-atteinte-a-la-laicite-avec-sa-jupe\/184143\/#breadcrumb","itemListElement":[{"@type":"ListItem","position":1,"name":"Accueil","item":"https:\/\/www.webdo.tn\/fr\/"},{"@type":"ListItem","position":2,"name":"#jeportemajupecommejeveux : Quand une coll\u00e9gienne fran\u00e7aise est accus\u00e9e de porter atteinte \u00e0 la la\u00efcit\u00e9 avec sa jupe"}]},{"@type":"WebSite","@id":"https:\/\/www.webdo.tn\/fr\/#website","url":"https:\/\/www.webdo.tn\/fr\/","name":"webdo","description":"Tunisie - News en Tunisie et \u00e0 l&#039;international sur Webdo.tn","publisher":{"@id":"https:\/\/www.webdo.tn\/fr\/#organization"},"potentialAction":[{"@type":"SearchAction","target":{"@type":"EntryPoint","urlTemplate":"https:\/\/www.webdo.tn\/fr\/?s={search_term_string}"},"query-input":{"@type":"PropertyValueSpecification","valueRequired":true,"valueName":"search_term_string"}}],"inLanguage":"fr-FR"},{"@type":"Organization","@id":"https:\/\/www.webdo.tn\/fr\/#organization","name":"Webdo","alternateName":"Webdo.tn","url":"https:\/\/www.webdo.tn\/fr\/","logo":{"@type":"ImageObject","inLanguage":"fr-FR","@id":"https:\/\/www.webdo.tn\/fr\/#\/schema\/logo\/image\/","url":"https:\/\/www.webdo.tn\/fr\/wp-content\/uploads\/2025\/06\/Webdo-Tunisie_168377.jpg","contentUrl":"https:\/\/www.webdo.tn\/fr\/wp-content\/uploads\/2025\/06\/Webdo-Tunisie_168377.jpg","width":301,"height":301,"caption":"Webdo"},"image":{"@id":"https:\/\/www.webdo.tn\/fr\/#\/schema\/logo\/image\/"},"sameAs":["https:\/\/www.facebook.com\/webdotn","https:\/\/x.com\/webdo_tn"],"description":"Webdo est un m\u00e9dia num\u00e9rique tunisien fond\u00e9 en 2010, sp\u00e9cialis\u00e9 dans l\u2019actualit\u00e9 nationale et internationale, l\u2019\u00e9conomie, la soci\u00e9t\u00e9 et les analyses politiques. Le site s\u2019adresse \u00e0 un large public francophone et couvre l\u2019information tunisienne en temps r\u00e9el.","email":"redac@webdo.tn","legalName":"YNJ SARL","foundingDate":"2010-09-06","numberOfEmployees":{"@type":"QuantitativeValue","minValue":"11","maxValue":"50"}},{"@type":"Person","@id":"https:\/\/www.webdo.tn\/fr\/#\/schema\/person\/9a9c6118d687c117df8ef3cc36a4d175","name":"webdo.tn","image":{"@type":"ImageObject","inLanguage":"fr-FR","@id":"https:\/\/secure.gravatar.com\/avatar\/7ce1f28c0c3bbac99ff550b85ef8e44a6950c6ee24514fb6a5489e51d06f0298?s=96&d=mm&r=g","url":"https:\/\/secure.gravatar.com\/avatar\/7ce1f28c0c3bbac99ff550b85ef8e44a6950c6ee24514fb6a5489e51d06f0298?s=96&d=mm&r=g","contentUrl":"https:\/\/secure.gravatar.com\/avatar\/7ce1f28c0c3bbac99ff550b85ef8e44a6950c6ee24514fb6a5489e51d06f0298?s=96&d=mm&r=g","caption":"webdo.tn"},"url":"https:\/\/www.webdo.tn\/fr\/actualite\/author\/webdotn\/"}]}},"_links":{"self":[{"href":"https:\/\/www.webdo.tn\/fr\/wp-json\/wp\/v2\/posts\/184143","targetHints":{"allow":["GET"]}}],"collection":[{"href":"https:\/\/www.webdo.tn\/fr\/wp-json\/wp\/v2\/posts"}],"about":[{"href":"https:\/\/www.webdo.tn\/fr\/wp-json\/wp\/v2\/types\/post"}],"author":[{"embeddable":true,"href":"https:\/\/www.webdo.tn\/fr\/wp-json\/wp\/v2\/users\/3222"}],"replies":[{"embeddable":true,"href":"https:\/\/www.webdo.tn\/fr\/wp-json\/wp\/v2\/comments?post=184143"}],"version-history":[{"count":0,"href":"https:\/\/www.webdo.tn\/fr\/wp-json\/wp\/v2\/posts\/184143\/revisions"}],"wp:featuredmedia":[{"embeddable":true,"href":"https:\/\/www.webdo.tn\/fr\/wp-json\/wp\/v2\/media\/318416"}],"wp:attachment":[{"href":"https:\/\/www.webdo.tn\/fr\/wp-json\/wp\/v2\/media?parent=184143"}],"wp:term":[{"taxonomy":"category","embeddable":true,"href":"https:\/\/www.webdo.tn\/fr\/wp-json\/wp\/v2\/categories?post=184143"},{"taxonomy":"post_tag","embeddable":true,"href":"https:\/\/www.webdo.tn\/fr\/wp-json\/wp\/v2\/tags?post=184143"}],"curies":[{"name":"wp","href":"https:\/\/api.w.org\/{rel}","templated":true}]}}