{"id":184141,"date":"2015-04-30T11:13:00","date_gmt":"2015-04-30T11:13:00","guid":{"rendered":"https:\/\/www.webdo.tn\/fr\/actualite\/blog\/qui-a-fabrique-mon-tee-shirt-une-action-pour-connaitre-le-vrai-prix-des-vetements-a-bas-couts\/184141\/"},"modified":"2025-05-22T12:56:38","modified_gmt":"2025-05-22T12:56:38","slug":"qui-a-fabrique-mon-tee-shirt-une-action-pour-connaitre-le-vrai-prix-des-vetements-a-bas-couts","status":"publish","type":"post","link":"https:\/\/www.webdo.tn\/fr\/actualite\/international\/qui-a-fabrique-mon-tee-shirt-une-action-pour-connaitre-le-vrai-prix-des-vetements-a-bas-couts\/184141\/","title":{"rendered":"Qui a fabriqu\u00e9 mon tee-shirt ? Une action pour conna\u00eetre le vrai prix des v\u00eatements \u00e0 bas co\u00fbts"},"content":{"rendered":"<p>Un tee-shirt \u00e0 2 euros ? C&rsquo;est ce que ces Berlinois voulaient en mettant une pi\u00e8ce dans ce distributeur, install\u00e9 en pleine rue de Berlin par Fashion Revolution. A la place, ces badauds ont eu droit \u00e0 une petite le\u00e7on de vie.<br \/>\nEn plein Berlin, un distributeur de tee-shirt a \u00e9t\u00e9 install\u00e9 par Fashion Revolution. Le concept : introduire une pi\u00e8ce de deux euros pour avoir son tee-shirt \u00e0 prix r\u00e9duit. Mais c&rsquo;\u00e9tait sans compter sur la prise de conscience que la compagnie voulait transmettre aux passants.<\/p>\n<p>Pas de tee-shirt mais une vid\u00e9o qui fait \u00e9tat de la fabrication de v\u00eatements dans les pays du tiers-monde :<br \/>\n[quote_box_center]Rencontrez Manisha, l&rsquo;une des femmes qui fabrique nos v\u00eatements \u00e0 moindre co\u00fbt, pour moins de treize centimes par jour et durant seize heures.[\/quote_box_center]<br \/>\nDeux choix s&rsquo;offrent ensuite aux passants : donner les 2 euros pour aider ces travailleurs ou acheter quand m\u00eame le tee-shirt.<br \/>\nElodie Potente<\/p>\n","protected":false},"excerpt":{"rendered":"<p>Qui a fabriqu\u00e9 mon tee-shirt ? Une action pour conna\u00eetre le vrai prix des v\u00eatements \u00e0 bas co\u00fbts<\/p>\n","protected":false},"author":3222,"featured_media":352104,"comment_status":"open","ping_status":"closed","sticky":false,"template":"","format":"standard","meta":{"footnotes":""},"categories":[2598],"tags":[],"class_list":["post-184141","post","type-post","status-publish","format-standard","has-post-thumbnail","hentry","category-international"],"yoast_head":"<!-- This site is optimized with the Yoast SEO Premium plugin v27.5 (Yoast SEO v27.5) - https:\/\/yoast.com\/product\/yoast-seo-premium-wordpress\/ -->\n<title>Qui a fabriqu\u00e9 mon tee-shirt ? Une action pour conna\u00eetre le vrai prix des v\u00eatements \u00e0 bas co\u00fbts<\/title>\n<meta name=\"description\" content=\"Qui a fabriqu\u00e9 mon tee-shirt ? Une action pour conna\u00eetre le vrai prix des v\u00eatements \u00e0 bas co\u00fbts\" \/>\n<link rel=\"canonical\" href=\"https:\/\/www.webdo.tn\/fr\/actualite\/international\/qui-a-fabrique-mon-tee-shirt-une-action-pour-connaitre-le-vrai-prix-des-vetements-a-bas-couts\/184141\/\" \/>\n<meta property=\"og:locale\" content=\"fr_FR\" \/>\n<meta property=\"og:type\" content=\"article\" \/>\n<meta property=\"og:title\" content=\"Qui a fabriqu\u00e9 mon tee-shirt ? Une action pour conna\u00eetre le vrai prix des v\u00eatements \u00e0 bas co\u00fbts\" \/>\n<meta property=\"og:description\" content=\"Qui a fabriqu\u00e9 mon tee-shirt ? Une action pour conna\u00eetre le vrai prix des v\u00eatements \u00e0 bas co\u00fbts\" \/>\n<meta property=\"og:url\" content=\"https:\/\/www.webdo.tn\/fr\/actualite\/international\/qui-a-fabrique-mon-tee-shirt-une-action-pour-connaitre-le-vrai-prix-des-vetements-a-bas-couts\/184141\/\" \/>\n<meta property=\"og:site_name\" content=\"webdo\" \/>\n<meta property=\"article:publisher\" content=\"https:\/\/www.facebook.com\/webdotn\" \/>\n<meta property=\"article:published_time\" content=\"2015-04-30T11:13:00+00:00\" \/>\n<meta property=\"article:modified_time\" content=\"2025-05-22T12:56:38+00:00\" \/>\n<meta property=\"og:image\" content=\"https:\/\/www.webdo.tn\/fr\/wp-content\/uploads\/2015\/04\/webdo_default-118.jpg\" \/>\n\t<meta property=\"og:image:width\" content=\"800\" \/>\n\t<meta property=\"og:image:height\" content=\"500\" \/>\n\t<meta property=\"og:image:type\" content=\"image\/jpeg\" \/>\n<meta name=\"author\" content=\"webdo.tn\" \/>\n<meta name=\"twitter:card\" content=\"summary_large_image\" \/>\n<meta name=\"twitter:creator\" content=\"@webdo_tn\" \/>\n<meta name=\"twitter:site\" content=\"@webdo_tn\" \/>\n<meta name=\"twitter:label1\" content=\"\u00c9crit par\" \/>\n\t<meta name=\"twitter:data1\" content=\"webdo.tn\" \/>\n\t<meta name=\"twitter:label2\" content=\"Dur\u00e9e de lecture estim\u00e9e\" \/>\n\t<meta name=\"twitter:data2\" content=\"1 minute\" \/>\n<script type=\"application\/ld+json\" class=\"yoast-schema-graph\">{\"@context\":\"https:\\\/\\\/schema.org\",\"@graph\":[{\"@type\":\"NewsArticle\",\"@id\":\"https:\\\/\\\/www.webdo.tn\\\/fr\\\/actualite\\\/international\\\/qui-a-fabrique-mon-tee-shirt-une-action-pour-connaitre-le-vrai-prix-des-vetements-a-bas-couts\\\/184141\\\/#article\",\"isPartOf\":{\"@id\":\"https:\\\/\\\/www.webdo.tn\\\/fr\\\/actualite\\\/international\\\/qui-a-fabrique-mon-tee-shirt-une-action-pour-connaitre-le-vrai-prix-des-vetements-a-bas-couts\\\/184141\\\/\"},\"author\":{\"name\":\"webdo.tn\",\"@id\":\"https:\\\/\\\/www.webdo.tn\\\/fr\\\/#\\\/schema\\\/person\\\/9a9c6118d687c117df8ef3cc36a4d175\"},\"headline\":\"Qui a fabriqu\u00e9 mon tee-shirt ? Une action pour conna\u00eetre le vrai prix des v\u00eatements \u00e0 bas co\u00fbts\",\"datePublished\":\"2015-04-30T11:13:00+00:00\",\"dateModified\":\"2025-05-22T12:56:38+00:00\",\"mainEntityOfPage\":{\"@id\":\"https:\\\/\\\/www.webdo.tn\\\/fr\\\/actualite\\\/international\\\/qui-a-fabrique-mon-tee-shirt-une-action-pour-connaitre-le-vrai-prix-des-vetements-a-bas-couts\\\/184141\\\/\"},\"wordCount\":181,\"commentCount\":0,\"publisher\":{\"@id\":\"https:\\\/\\\/www.webdo.tn\\\/fr\\\/#organization\"},\"image\":{\"@id\":\"https:\\\/\\\/www.webdo.tn\\\/fr\\\/actualite\\\/international\\\/qui-a-fabrique-mon-tee-shirt-une-action-pour-connaitre-le-vrai-prix-des-vetements-a-bas-couts\\\/184141\\\/#primaryimage\"},\"thumbnailUrl\":\"https:\\\/\\\/www.webdo.tn\\\/fr\\\/wp-content\\\/uploads\\\/2015\\\/04\\\/webdo_default-118.jpg\",\"articleSection\":[\"International\"],\"inLanguage\":\"fr-FR\"},{\"@type\":\"WebPage\",\"@id\":\"https:\\\/\\\/www.webdo.tn\\\/fr\\\/actualite\\\/international\\\/qui-a-fabrique-mon-tee-shirt-une-action-pour-connaitre-le-vrai-prix-des-vetements-a-bas-couts\\\/184141\\\/\",\"url\":\"https:\\\/\\\/www.webdo.tn\\\/fr\\\/actualite\\\/international\\\/qui-a-fabrique-mon-tee-shirt-une-action-pour-connaitre-le-vrai-prix-des-vetements-a-bas-couts\\\/184141\\\/\",\"name\":\"Qui a fabriqu\u00e9 mon tee-shirt ? Une action pour conna\u00eetre le vrai prix des v\u00eatements \u00e0 bas co\u00fbts\",\"isPartOf\":{\"@id\":\"https:\\\/\\\/www.webdo.tn\\\/fr\\\/#website\"},\"primaryImageOfPage\":{\"@id\":\"https:\\\/\\\/www.webdo.tn\\\/fr\\\/actualite\\\/international\\\/qui-a-fabrique-mon-tee-shirt-une-action-pour-connaitre-le-vrai-prix-des-vetements-a-bas-couts\\\/184141\\\/#primaryimage\"},\"image\":{\"@id\":\"https:\\\/\\\/www.webdo.tn\\\/fr\\\/actualite\\\/international\\\/qui-a-fabrique-mon-tee-shirt-une-action-pour-connaitre-le-vrai-prix-des-vetements-a-bas-couts\\\/184141\\\/#primaryimage\"},\"thumbnailUrl\":\"https:\\\/\\\/www.webdo.tn\\\/fr\\\/wp-content\\\/uploads\\\/2015\\\/04\\\/webdo_default-118.jpg\",\"datePublished\":\"2015-04-30T11:13:00+00:00\",\"dateModified\":\"2025-05-22T12:56:38+00:00\",\"description\":\"Qui a fabriqu\u00e9 mon tee-shirt ? Une action pour conna\u00eetre le vrai prix des v\u00eatements \u00e0 bas co\u00fbts\",\"breadcrumb\":{\"@id\":\"https:\\\/\\\/www.webdo.tn\\\/fr\\\/actualite\\\/international\\\/qui-a-fabrique-mon-tee-shirt-une-action-pour-connaitre-le-vrai-prix-des-vetements-a-bas-couts\\\/184141\\\/#breadcrumb\"},\"inLanguage\":\"fr-FR\",\"potentialAction\":[{\"@type\":\"ReadAction\",\"target\":[\"https:\\\/\\\/www.webdo.tn\\\/fr\\\/actualite\\\/international\\\/qui-a-fabrique-mon-tee-shirt-une-action-pour-connaitre-le-vrai-prix-des-vetements-a-bas-couts\\\/184141\\\/\"]}]},{\"@type\":\"ImageObject\",\"inLanguage\":\"fr-FR\",\"@id\":\"https:\\\/\\\/www.webdo.tn\\\/fr\\\/actualite\\\/international\\\/qui-a-fabrique-mon-tee-shirt-une-action-pour-connaitre-le-vrai-prix-des-vetements-a-bas-couts\\\/184141\\\/#primaryimage\",\"url\":\"https:\\\/\\\/www.webdo.tn\\\/fr\\\/wp-content\\\/uploads\\\/2015\\\/04\\\/webdo_default-118.jpg\",\"contentUrl\":\"https:\\\/\\\/www.webdo.tn\\\/fr\\\/wp-content\\\/uploads\\\/2015\\\/04\\\/webdo_default-118.jpg\",\"width\":800,\"height\":500,\"caption\":\"Qui a fabriqu\u00e9 mon tee-shirt ? Une action pour conna\u00eetre le vrai prix des v\u00eatements \u00e0 bas co\u00fbts\"},{\"@type\":\"BreadcrumbList\",\"@id\":\"https:\\\/\\\/www.webdo.tn\\\/fr\\\/actualite\\\/international\\\/qui-a-fabrique-mon-tee-shirt-une-action-pour-connaitre-le-vrai-prix-des-vetements-a-bas-couts\\\/184141\\\/#breadcrumb\",\"itemListElement\":[{\"@type\":\"ListItem\",\"position\":1,\"name\":\"Accueil\",\"item\":\"https:\\\/\\\/www.webdo.tn\\\/fr\\\/\"},{\"@type\":\"ListItem\",\"position\":2,\"name\":\"Qui a fabriqu\u00e9 mon tee-shirt ? Une action pour conna\u00eetre le vrai prix des v\u00eatements \u00e0 bas co\u00fbts\"}]},{\"@type\":\"WebSite\",\"@id\":\"https:\\\/\\\/www.webdo.tn\\\/fr\\\/#website\",\"url\":\"https:\\\/\\\/www.webdo.tn\\\/fr\\\/\",\"name\":\"webdo\",\"description\":\"Tunisie - News en Tunisie et \u00e0 l&#039;international sur Webdo.tn\",\"publisher\":{\"@id\":\"https:\\\/\\\/www.webdo.tn\\\/fr\\\/#organization\"},\"potentialAction\":[{\"@type\":\"SearchAction\",\"target\":{\"@type\":\"EntryPoint\",\"urlTemplate\":\"https:\\\/\\\/www.webdo.tn\\\/fr\\\/?s={search_term_string}\"},\"query-input\":{\"@type\":\"PropertyValueSpecification\",\"valueRequired\":true,\"valueName\":\"search_term_string\"}}],\"inLanguage\":\"fr-FR\"},{\"@type\":\"Organization\",\"@id\":\"https:\\\/\\\/www.webdo.tn\\\/fr\\\/#organization\",\"name\":\"Webdo\",\"alternateName\":\"Webdo.tn\",\"url\":\"https:\\\/\\\/www.webdo.tn\\\/fr\\\/\",\"logo\":{\"@type\":\"ImageObject\",\"inLanguage\":\"fr-FR\",\"@id\":\"https:\\\/\\\/www.webdo.tn\\\/fr\\\/#\\\/schema\\\/logo\\\/image\\\/\",\"url\":\"https:\\\/\\\/www.webdo.tn\\\/fr\\\/wp-content\\\/uploads\\\/2025\\\/06\\\/Webdo-Tunisie_168377.jpg\",\"contentUrl\":\"https:\\\/\\\/www.webdo.tn\\\/fr\\\/wp-content\\\/uploads\\\/2025\\\/06\\\/Webdo-Tunisie_168377.jpg\",\"width\":301,\"height\":301,\"caption\":\"Webdo\"},\"image\":{\"@id\":\"https:\\\/\\\/www.webdo.tn\\\/fr\\\/#\\\/schema\\\/logo\\\/image\\\/\"},\"sameAs\":[\"https:\\\/\\\/www.facebook.com\\\/webdotn\",\"https:\\\/\\\/x.com\\\/webdo_tn\"],\"description\":\"Webdo est un m\u00e9dia num\u00e9rique tunisien fond\u00e9 en 2010, sp\u00e9cialis\u00e9 dans l\u2019actualit\u00e9 nationale et internationale, l\u2019\u00e9conomie, la soci\u00e9t\u00e9 et les analyses politiques. Le site s\u2019adresse \u00e0 un large public francophone et couvre l\u2019information tunisienne en temps r\u00e9el.\",\"email\":\"redac@webdo.tn\",\"legalName\":\"YNJ SARL\",\"foundingDate\":\"2010-09-06\",\"numberOfEmployees\":{\"@type\":\"QuantitativeValue\",\"minValue\":\"11\",\"maxValue\":\"50\"}},{\"@type\":\"Person\",\"@id\":\"https:\\\/\\\/www.webdo.tn\\\/fr\\\/#\\\/schema\\\/person\\\/9a9c6118d687c117df8ef3cc36a4d175\",\"name\":\"webdo.tn\",\"image\":{\"@type\":\"ImageObject\",\"inLanguage\":\"fr-FR\",\"@id\":\"https:\\\/\\\/secure.gravatar.com\\\/avatar\\\/7ce1f28c0c3bbac99ff550b85ef8e44a6950c6ee24514fb6a5489e51d06f0298?s=96&d=mm&r=g\",\"url\":\"https:\\\/\\\/secure.gravatar.com\\\/avatar\\\/7ce1f28c0c3bbac99ff550b85ef8e44a6950c6ee24514fb6a5489e51d06f0298?s=96&d=mm&r=g\",\"contentUrl\":\"https:\\\/\\\/secure.gravatar.com\\\/avatar\\\/7ce1f28c0c3bbac99ff550b85ef8e44a6950c6ee24514fb6a5489e51d06f0298?s=96&d=mm&r=g\",\"caption\":\"webdo.tn\"},\"url\":\"https:\\\/\\\/www.webdo.tn\\\/fr\\\/actualite\\\/author\\\/webdotn\\\/\"}]}<\/script>\n<!-- \/ Yoast SEO Premium plugin. -->","yoast_head_json":{"title":"Qui a fabriqu\u00e9 mon tee-shirt ? Une action pour conna\u00eetre le vrai prix des v\u00eatements \u00e0 bas co\u00fbts","description":"Qui a fabriqu\u00e9 mon tee-shirt ? Une action pour conna\u00eetre le vrai prix des v\u00eatements \u00e0 bas co\u00fbts","canonical":"https:\/\/www.webdo.tn\/fr\/actualite\/international\/qui-a-fabrique-mon-tee-shirt-une-action-pour-connaitre-le-vrai-prix-des-vetements-a-bas-couts\/184141\/","og_locale":"fr_FR","og_type":"article","og_title":"Qui a fabriqu\u00e9 mon tee-shirt ? Une action pour conna\u00eetre le vrai prix des v\u00eatements \u00e0 bas co\u00fbts","og_description":"Qui a fabriqu\u00e9 mon tee-shirt ? Une action pour conna\u00eetre le vrai prix des v\u00eatements \u00e0 bas co\u00fbts","og_url":"https:\/\/www.webdo.tn\/fr\/actualite\/international\/qui-a-fabrique-mon-tee-shirt-une-action-pour-connaitre-le-vrai-prix-des-vetements-a-bas-couts\/184141\/","og_site_name":"webdo","article_publisher":"https:\/\/www.facebook.com\/webdotn","article_published_time":"2015-04-30T11:13:00+00:00","article_modified_time":"2025-05-22T12:56:38+00:00","og_image":[{"width":800,"height":500,"url":"https:\/\/www.webdo.tn\/fr\/wp-content\/uploads\/2015\/04\/webdo_default-118.jpg","type":"image\/jpeg"}],"author":"webdo.tn","twitter_card":"summary_large_image","twitter_creator":"@webdo_tn","twitter_site":"@webdo_tn","twitter_misc":{"\u00c9crit par":"webdo.tn","Dur\u00e9e de lecture estim\u00e9e":"1 minute"},"schema":{"@context":"https:\/\/schema.org","@graph":[{"@type":"NewsArticle","@id":"https:\/\/www.webdo.tn\/fr\/actualite\/international\/qui-a-fabrique-mon-tee-shirt-une-action-pour-connaitre-le-vrai-prix-des-vetements-a-bas-couts\/184141\/#article","isPartOf":{"@id":"https:\/\/www.webdo.tn\/fr\/actualite\/international\/qui-a-fabrique-mon-tee-shirt-une-action-pour-connaitre-le-vrai-prix-des-vetements-a-bas-couts\/184141\/"},"author":{"name":"webdo.tn","@id":"https:\/\/www.webdo.tn\/fr\/#\/schema\/person\/9a9c6118d687c117df8ef3cc36a4d175"},"headline":"Qui a fabriqu\u00e9 mon tee-shirt ? Une action pour conna\u00eetre le vrai prix des v\u00eatements \u00e0 bas co\u00fbts","datePublished":"2015-04-30T11:13:00+00:00","dateModified":"2025-05-22T12:56:38+00:00","mainEntityOfPage":{"@id":"https:\/\/www.webdo.tn\/fr\/actualite\/international\/qui-a-fabrique-mon-tee-shirt-une-action-pour-connaitre-le-vrai-prix-des-vetements-a-bas-couts\/184141\/"},"wordCount":181,"commentCount":0,"publisher":{"@id":"https:\/\/www.webdo.tn\/fr\/#organization"},"image":{"@id":"https:\/\/www.webdo.tn\/fr\/actualite\/international\/qui-a-fabrique-mon-tee-shirt-une-action-pour-connaitre-le-vrai-prix-des-vetements-a-bas-couts\/184141\/#primaryimage"},"thumbnailUrl":"https:\/\/www.webdo.tn\/fr\/wp-content\/uploads\/2015\/04\/webdo_default-118.jpg","articleSection":["International"],"inLanguage":"fr-FR"},{"@type":"WebPage","@id":"https:\/\/www.webdo.tn\/fr\/actualite\/international\/qui-a-fabrique-mon-tee-shirt-une-action-pour-connaitre-le-vrai-prix-des-vetements-a-bas-couts\/184141\/","url":"https:\/\/www.webdo.tn\/fr\/actualite\/international\/qui-a-fabrique-mon-tee-shirt-une-action-pour-connaitre-le-vrai-prix-des-vetements-a-bas-couts\/184141\/","name":"Qui a fabriqu\u00e9 mon tee-shirt ? Une action pour conna\u00eetre le vrai prix des v\u00eatements \u00e0 bas co\u00fbts","isPartOf":{"@id":"https:\/\/www.webdo.tn\/fr\/#website"},"primaryImageOfPage":{"@id":"https:\/\/www.webdo.tn\/fr\/actualite\/international\/qui-a-fabrique-mon-tee-shirt-une-action-pour-connaitre-le-vrai-prix-des-vetements-a-bas-couts\/184141\/#primaryimage"},"image":{"@id":"https:\/\/www.webdo.tn\/fr\/actualite\/international\/qui-a-fabrique-mon-tee-shirt-une-action-pour-connaitre-le-vrai-prix-des-vetements-a-bas-couts\/184141\/#primaryimage"},"thumbnailUrl":"https:\/\/www.webdo.tn\/fr\/wp-content\/uploads\/2015\/04\/webdo_default-118.jpg","datePublished":"2015-04-30T11:13:00+00:00","dateModified":"2025-05-22T12:56:38+00:00","description":"Qui a fabriqu\u00e9 mon tee-shirt ? Une action pour conna\u00eetre le vrai prix des v\u00eatements \u00e0 bas co\u00fbts","breadcrumb":{"@id":"https:\/\/www.webdo.tn\/fr\/actualite\/international\/qui-a-fabrique-mon-tee-shirt-une-action-pour-connaitre-le-vrai-prix-des-vetements-a-bas-couts\/184141\/#breadcrumb"},"inLanguage":"fr-FR","potentialAction":[{"@type":"ReadAction","target":["https:\/\/www.webdo.tn\/fr\/actualite\/international\/qui-a-fabrique-mon-tee-shirt-une-action-pour-connaitre-le-vrai-prix-des-vetements-a-bas-couts\/184141\/"]}]},{"@type":"ImageObject","inLanguage":"fr-FR","@id":"https:\/\/www.webdo.tn\/fr\/actualite\/international\/qui-a-fabrique-mon-tee-shirt-une-action-pour-connaitre-le-vrai-prix-des-vetements-a-bas-couts\/184141\/#primaryimage","url":"https:\/\/www.webdo.tn\/fr\/wp-content\/uploads\/2015\/04\/webdo_default-118.jpg","contentUrl":"https:\/\/www.webdo.tn\/fr\/wp-content\/uploads\/2015\/04\/webdo_default-118.jpg","width":800,"height":500,"caption":"Qui a fabriqu\u00e9 mon tee-shirt ? Une action pour conna\u00eetre le vrai prix des v\u00eatements \u00e0 bas co\u00fbts"},{"@type":"BreadcrumbList","@id":"https:\/\/www.webdo.tn\/fr\/actualite\/international\/qui-a-fabrique-mon-tee-shirt-une-action-pour-connaitre-le-vrai-prix-des-vetements-a-bas-couts\/184141\/#breadcrumb","itemListElement":[{"@type":"ListItem","position":1,"name":"Accueil","item":"https:\/\/www.webdo.tn\/fr\/"},{"@type":"ListItem","position":2,"name":"Qui a fabriqu\u00e9 mon tee-shirt ? Une action pour conna\u00eetre le vrai prix des v\u00eatements \u00e0 bas co\u00fbts"}]},{"@type":"WebSite","@id":"https:\/\/www.webdo.tn\/fr\/#website","url":"https:\/\/www.webdo.tn\/fr\/","name":"webdo","description":"Tunisie - News en Tunisie et \u00e0 l&#039;international sur Webdo.tn","publisher":{"@id":"https:\/\/www.webdo.tn\/fr\/#organization"},"potentialAction":[{"@type":"SearchAction","target":{"@type":"EntryPoint","urlTemplate":"https:\/\/www.webdo.tn\/fr\/?s={search_term_string}"},"query-input":{"@type":"PropertyValueSpecification","valueRequired":true,"valueName":"search_term_string"}}],"inLanguage":"fr-FR"},{"@type":"Organization","@id":"https:\/\/www.webdo.tn\/fr\/#organization","name":"Webdo","alternateName":"Webdo.tn","url":"https:\/\/www.webdo.tn\/fr\/","logo":{"@type":"ImageObject","inLanguage":"fr-FR","@id":"https:\/\/www.webdo.tn\/fr\/#\/schema\/logo\/image\/","url":"https:\/\/www.webdo.tn\/fr\/wp-content\/uploads\/2025\/06\/Webdo-Tunisie_168377.jpg","contentUrl":"https:\/\/www.webdo.tn\/fr\/wp-content\/uploads\/2025\/06\/Webdo-Tunisie_168377.jpg","width":301,"height":301,"caption":"Webdo"},"image":{"@id":"https:\/\/www.webdo.tn\/fr\/#\/schema\/logo\/image\/"},"sameAs":["https:\/\/www.facebook.com\/webdotn","https:\/\/x.com\/webdo_tn"],"description":"Webdo est un m\u00e9dia num\u00e9rique tunisien fond\u00e9 en 2010, sp\u00e9cialis\u00e9 dans l\u2019actualit\u00e9 nationale et internationale, l\u2019\u00e9conomie, la soci\u00e9t\u00e9 et les analyses politiques. Le site s\u2019adresse \u00e0 un large public francophone et couvre l\u2019information tunisienne en temps r\u00e9el.","email":"redac@webdo.tn","legalName":"YNJ SARL","foundingDate":"2010-09-06","numberOfEmployees":{"@type":"QuantitativeValue","minValue":"11","maxValue":"50"}},{"@type":"Person","@id":"https:\/\/www.webdo.tn\/fr\/#\/schema\/person\/9a9c6118d687c117df8ef3cc36a4d175","name":"webdo.tn","image":{"@type":"ImageObject","inLanguage":"fr-FR","@id":"https:\/\/secure.gravatar.com\/avatar\/7ce1f28c0c3bbac99ff550b85ef8e44a6950c6ee24514fb6a5489e51d06f0298?s=96&d=mm&r=g","url":"https:\/\/secure.gravatar.com\/avatar\/7ce1f28c0c3bbac99ff550b85ef8e44a6950c6ee24514fb6a5489e51d06f0298?s=96&d=mm&r=g","contentUrl":"https:\/\/secure.gravatar.com\/avatar\/7ce1f28c0c3bbac99ff550b85ef8e44a6950c6ee24514fb6a5489e51d06f0298?s=96&d=mm&r=g","caption":"webdo.tn"},"url":"https:\/\/www.webdo.tn\/fr\/actualite\/author\/webdotn\/"}]}},"_links":{"self":[{"href":"https:\/\/www.webdo.tn\/fr\/wp-json\/wp\/v2\/posts\/184141","targetHints":{"allow":["GET"]}}],"collection":[{"href":"https:\/\/www.webdo.tn\/fr\/wp-json\/wp\/v2\/posts"}],"about":[{"href":"https:\/\/www.webdo.tn\/fr\/wp-json\/wp\/v2\/types\/post"}],"author":[{"embeddable":true,"href":"https:\/\/www.webdo.tn\/fr\/wp-json\/wp\/v2\/users\/3222"}],"replies":[{"embeddable":true,"href":"https:\/\/www.webdo.tn\/fr\/wp-json\/wp\/v2\/comments?post=184141"}],"version-history":[{"count":0,"href":"https:\/\/www.webdo.tn\/fr\/wp-json\/wp\/v2\/posts\/184141\/revisions"}],"wp:featuredmedia":[{"embeddable":true,"href":"https:\/\/www.webdo.tn\/fr\/wp-json\/wp\/v2\/media\/352104"}],"wp:attachment":[{"href":"https:\/\/www.webdo.tn\/fr\/wp-json\/wp\/v2\/media?parent=184141"}],"wp:term":[{"taxonomy":"category","embeddable":true,"href":"https:\/\/www.webdo.tn\/fr\/wp-json\/wp\/v2\/categories?post=184141"},{"taxonomy":"post_tag","embeddable":true,"href":"https:\/\/www.webdo.tn\/fr\/wp-json\/wp\/v2\/tags?post=184141"}],"curies":[{"name":"wp","href":"https:\/\/api.w.org\/{rel}","templated":true}]}}