{"id":184139,"date":"2015-05-04T10:02:00","date_gmt":"2015-05-04T10:02:00","guid":{"rendered":"https:\/\/www.webdo.tn\/fr\/blog\/seisme-au-nepal-au-milieu-de-la-devastation-un-survivant-de-101-ans\/184139\/"},"modified":"2025-05-19T10:17:14","modified_gmt":"2025-05-19T10:17:14","slug":"seisme-au-nepal-au-milieu-de-la-devastation-un-survivant-de-101-ans","status":"publish","type":"post","link":"https:\/\/www.webdo.tn\/fr\/actualite\/international\/seisme-au-nepal-au-milieu-de-la-devastation-un-survivant-de-101-ans\/184139\/","title":{"rendered":"S\u00e9isme au N\u00e9pal : Au milieu de la d\u00e9vastation, un survivant de 101 ans"},"content":{"rendered":"<p>Alors que des r\u00e9gions d\u00e9vast\u00e9es du N\u00e9pal restaient toujours inaccessibles huit jours apr\u00e8s le s\u00e9isme qui a fait au moins 7000 morts, un survivant de 101 ans a \u00e9t\u00e9 extrait des d\u00e9combres de sa maison par les sauveteurs.<\/p>\n<p>Seulement l\u00e9g\u00e8rement bless\u00e9, le centenaire Funchu Tamang a \u00e9t\u00e9 tir\u00e9 samedi dernier hors des ruines de son habitation dans le district de Nuwakot, au nord-ouest de Katmandou, et transport\u00e9 \u00e0 l&rsquo;h\u00f4pital.<\/p>\n<p>Au moins 7040 personnes ont p\u00e9ri et plus de 14.000 ont \u00e9t\u00e9 bless\u00e9es dans le tremblement de terre de magnitude 7,8 qui a frapp\u00e9 le N\u00e9pal le 25 avril, d\u00e9vastant sa capitale Katmandou et les r\u00e9gions de l&rsquo;\u00e9picentre \u00e0 70 kilom\u00e8tres de la capitale.<\/p>\n","protected":false},"excerpt":{"rendered":"<p>S\u00e9isme au N\u00e9pal : Au milieu de la d\u00e9vastation, un survivant de 101 ans<\/p>\n","protected":false},"author":3222,"featured_media":373002,"comment_status":"open","ping_status":"closed","sticky":false,"template":"","format":"standard","meta":{"footnotes":""},"categories":[2598],"tags":[2600],"class_list":["post-184139","post","type-post","status-publish","format-standard","has-post-thumbnail","hentry","category-international","tag-guerre"],"yoast_head":"<!-- This site is optimized with the Yoast SEO Premium plugin v27.5 (Yoast SEO v27.5) - https:\/\/yoast.com\/product\/yoast-seo-premium-wordpress\/ -->\n<title>S\u00e9isme au N\u00e9pal : Au milieu de la d\u00e9vastation, un survivant de 101 ans<\/title>\n<meta name=\"description\" content=\"S\u00e9isme au N\u00e9pal : Au milieu de la d\u00e9vastation, un survivant de 101 ans\" \/>\n<link rel=\"canonical\" href=\"https:\/\/www.webdo.tn\/fr\/actualite\/international\/seisme-au-nepal-au-milieu-de-la-devastation-un-survivant-de-101-ans\/184139\/\" \/>\n<meta property=\"og:locale\" content=\"fr_FR\" \/>\n<meta property=\"og:type\" content=\"article\" \/>\n<meta property=\"og:title\" content=\"S\u00e9isme au N\u00e9pal : Au milieu de la d\u00e9vastation, un survivant de 101 ans\" \/>\n<meta property=\"og:description\" content=\"S\u00e9isme au N\u00e9pal : Au milieu de la d\u00e9vastation, un survivant de 101 ans\" \/>\n<meta property=\"og:url\" content=\"https:\/\/www.webdo.tn\/fr\/actualite\/international\/seisme-au-nepal-au-milieu-de-la-devastation-un-survivant-de-101-ans\/184139\/\" \/>\n<meta property=\"og:site_name\" content=\"webdo\" \/>\n<meta property=\"article:publisher\" content=\"https:\/\/www.facebook.com\/webdotn\" \/>\n<meta property=\"article:published_time\" content=\"2015-05-04T10:02:00+00:00\" \/>\n<meta property=\"article:modified_time\" content=\"2025-05-19T10:17:14+00:00\" \/>\n<meta name=\"author\" content=\"webdo.tn\" \/>\n<meta name=\"twitter:card\" content=\"summary_large_image\" \/>\n<meta name=\"twitter:creator\" content=\"@webdo_tn\" \/>\n<meta name=\"twitter:site\" content=\"@webdo_tn\" \/>\n<meta name=\"twitter:label1\" content=\"\u00c9crit par\" \/>\n\t<meta name=\"twitter:data1\" content=\"webdo.tn\" \/>\n\t<meta name=\"twitter:label2\" content=\"Dur\u00e9e de lecture estim\u00e9e\" \/>\n\t<meta name=\"twitter:data2\" content=\"1 minute\" \/>\n<script type=\"application\/ld+json\" class=\"yoast-schema-graph\">{\"@context\":\"https:\\\/\\\/schema.org\",\"@graph\":[{\"@type\":\"NewsArticle\",\"@id\":\"https:\\\/\\\/www.webdo.tn\\\/fr\\\/actualite\\\/international\\\/seisme-au-nepal-au-milieu-de-la-devastation-un-survivant-de-101-ans\\\/184139\\\/#article\",\"isPartOf\":{\"@id\":\"https:\\\/\\\/www.webdo.tn\\\/fr\\\/actualite\\\/international\\\/seisme-au-nepal-au-milieu-de-la-devastation-un-survivant-de-101-ans\\\/184139\\\/\"},\"author\":{\"name\":\"webdo.tn\",\"@id\":\"https:\\\/\\\/www.webdo.tn\\\/fr\\\/#\\\/schema\\\/person\\\/9a9c6118d687c117df8ef3cc36a4d175\"},\"headline\":\"S\u00e9isme au N\u00e9pal : Au milieu de la d\u00e9vastation, un survivant de 101 ans\",\"datePublished\":\"2015-05-04T10:02:00+00:00\",\"dateModified\":\"2025-05-19T10:17:14+00:00\",\"mainEntityOfPage\":{\"@id\":\"https:\\\/\\\/www.webdo.tn\\\/fr\\\/actualite\\\/international\\\/seisme-au-nepal-au-milieu-de-la-devastation-un-survivant-de-101-ans\\\/184139\\\/\"},\"wordCount\":137,\"commentCount\":0,\"publisher\":{\"@id\":\"https:\\\/\\\/www.webdo.tn\\\/fr\\\/#organization\"},\"image\":{\"@id\":\"https:\\\/\\\/www.webdo.tn\\\/fr\\\/actualite\\\/international\\\/seisme-au-nepal-au-milieu-de-la-devastation-un-survivant-de-101-ans\\\/184139\\\/#primaryimage\"},\"thumbnailUrl\":\"https:\\\/\\\/www.webdo.tn\\\/fr\\\/wp-content\\\/uploads\\\/2025\\\/06\\\/P9-Nepal_184139.jpg\",\"keywords\":[\"guerre\"],\"articleSection\":[\"International\"],\"inLanguage\":\"fr-FR\"},{\"@type\":\"WebPage\",\"@id\":\"https:\\\/\\\/www.webdo.tn\\\/fr\\\/actualite\\\/international\\\/seisme-au-nepal-au-milieu-de-la-devastation-un-survivant-de-101-ans\\\/184139\\\/\",\"url\":\"https:\\\/\\\/www.webdo.tn\\\/fr\\\/actualite\\\/international\\\/seisme-au-nepal-au-milieu-de-la-devastation-un-survivant-de-101-ans\\\/184139\\\/\",\"name\":\"S\u00e9isme au N\u00e9pal : Au milieu de la d\u00e9vastation, un survivant de 101 ans\",\"isPartOf\":{\"@id\":\"https:\\\/\\\/www.webdo.tn\\\/fr\\\/#website\"},\"primaryImageOfPage\":{\"@id\":\"https:\\\/\\\/www.webdo.tn\\\/fr\\\/actualite\\\/international\\\/seisme-au-nepal-au-milieu-de-la-devastation-un-survivant-de-101-ans\\\/184139\\\/#primaryimage\"},\"image\":{\"@id\":\"https:\\\/\\\/www.webdo.tn\\\/fr\\\/actualite\\\/international\\\/seisme-au-nepal-au-milieu-de-la-devastation-un-survivant-de-101-ans\\\/184139\\\/#primaryimage\"},\"thumbnailUrl\":\"https:\\\/\\\/www.webdo.tn\\\/fr\\\/wp-content\\\/uploads\\\/2025\\\/06\\\/P9-Nepal_184139.jpg\",\"datePublished\":\"2015-05-04T10:02:00+00:00\",\"dateModified\":\"2025-05-19T10:17:14+00:00\",\"description\":\"S\u00e9isme au N\u00e9pal : Au milieu de la d\u00e9vastation, un survivant de 101 ans\",\"breadcrumb\":{\"@id\":\"https:\\\/\\\/www.webdo.tn\\\/fr\\\/actualite\\\/international\\\/seisme-au-nepal-au-milieu-de-la-devastation-un-survivant-de-101-ans\\\/184139\\\/#breadcrumb\"},\"inLanguage\":\"fr-FR\",\"potentialAction\":[{\"@type\":\"ReadAction\",\"target\":[\"https:\\\/\\\/www.webdo.tn\\\/fr\\\/actualite\\\/international\\\/seisme-au-nepal-au-milieu-de-la-devastation-un-survivant-de-101-ans\\\/184139\\\/\"]}]},{\"@type\":\"ImageObject\",\"inLanguage\":\"fr-FR\",\"@id\":\"https:\\\/\\\/www.webdo.tn\\\/fr\\\/actualite\\\/international\\\/seisme-au-nepal-au-milieu-de-la-devastation-un-survivant-de-101-ans\\\/184139\\\/#primaryimage\",\"url\":\"https:\\\/\\\/www.webdo.tn\\\/fr\\\/wp-content\\\/uploads\\\/2025\\\/06\\\/P9-Nepal_184139.jpg\",\"contentUrl\":\"https:\\\/\\\/www.webdo.tn\\\/fr\\\/wp-content\\\/uploads\\\/2025\\\/06\\\/P9-Nepal_184139.jpg\",\"width\":615,\"height\":782,\"caption\":\"S\u00e9isme au N\u00e9pal : Au milieu de la d\u00e9vastation, un survivant de 101 ans\"},{\"@type\":\"BreadcrumbList\",\"@id\":\"https:\\\/\\\/www.webdo.tn\\\/fr\\\/actualite\\\/international\\\/seisme-au-nepal-au-milieu-de-la-devastation-un-survivant-de-101-ans\\\/184139\\\/#breadcrumb\",\"itemListElement\":[{\"@type\":\"ListItem\",\"position\":1,\"name\":\"Accueil\",\"item\":\"https:\\\/\\\/www.webdo.tn\\\/fr\\\/\"},{\"@type\":\"ListItem\",\"position\":2,\"name\":\"S\u00e9isme au N\u00e9pal : Au milieu de la d\u00e9vastation, un survivant de 101 ans\"}]},{\"@type\":\"WebSite\",\"@id\":\"https:\\\/\\\/www.webdo.tn\\\/fr\\\/#website\",\"url\":\"https:\\\/\\\/www.webdo.tn\\\/fr\\\/\",\"name\":\"webdo\",\"description\":\"Tunisie - News en Tunisie et \u00e0 l&#039;international sur Webdo.tn\",\"publisher\":{\"@id\":\"https:\\\/\\\/www.webdo.tn\\\/fr\\\/#organization\"},\"potentialAction\":[{\"@type\":\"SearchAction\",\"target\":{\"@type\":\"EntryPoint\",\"urlTemplate\":\"https:\\\/\\\/www.webdo.tn\\\/fr\\\/?s={search_term_string}\"},\"query-input\":{\"@type\":\"PropertyValueSpecification\",\"valueRequired\":true,\"valueName\":\"search_term_string\"}}],\"inLanguage\":\"fr-FR\"},{\"@type\":\"Organization\",\"@id\":\"https:\\\/\\\/www.webdo.tn\\\/fr\\\/#organization\",\"name\":\"Webdo\",\"alternateName\":\"Webdo.tn\",\"url\":\"https:\\\/\\\/www.webdo.tn\\\/fr\\\/\",\"logo\":{\"@type\":\"ImageObject\",\"inLanguage\":\"fr-FR\",\"@id\":\"https:\\\/\\\/www.webdo.tn\\\/fr\\\/#\\\/schema\\\/logo\\\/image\\\/\",\"url\":\"https:\\\/\\\/www.webdo.tn\\\/fr\\\/wp-content\\\/uploads\\\/2025\\\/06\\\/Webdo-Tunisie_168377.jpg\",\"contentUrl\":\"https:\\\/\\\/www.webdo.tn\\\/fr\\\/wp-content\\\/uploads\\\/2025\\\/06\\\/Webdo-Tunisie_168377.jpg\",\"width\":301,\"height\":301,\"caption\":\"Webdo\"},\"image\":{\"@id\":\"https:\\\/\\\/www.webdo.tn\\\/fr\\\/#\\\/schema\\\/logo\\\/image\\\/\"},\"sameAs\":[\"https:\\\/\\\/www.facebook.com\\\/webdotn\",\"https:\\\/\\\/x.com\\\/webdo_tn\"],\"description\":\"Webdo est un m\u00e9dia num\u00e9rique tunisien fond\u00e9 en 2010, sp\u00e9cialis\u00e9 dans l\u2019actualit\u00e9 nationale et internationale, l\u2019\u00e9conomie, la soci\u00e9t\u00e9 et les analyses politiques. Le site s\u2019adresse \u00e0 un large public francophone et couvre l\u2019information tunisienne en temps r\u00e9el.\",\"email\":\"redac@webdo.tn\",\"legalName\":\"YNJ SARL\",\"foundingDate\":\"2010-09-06\",\"numberOfEmployees\":{\"@type\":\"QuantitativeValue\",\"minValue\":\"11\",\"maxValue\":\"50\"}},{\"@type\":\"Person\",\"@id\":\"https:\\\/\\\/www.webdo.tn\\\/fr\\\/#\\\/schema\\\/person\\\/9a9c6118d687c117df8ef3cc36a4d175\",\"name\":\"webdo.tn\",\"image\":{\"@type\":\"ImageObject\",\"inLanguage\":\"fr-FR\",\"@id\":\"https:\\\/\\\/secure.gravatar.com\\\/avatar\\\/7ce1f28c0c3bbac99ff550b85ef8e44a6950c6ee24514fb6a5489e51d06f0298?s=96&d=mm&r=g\",\"url\":\"https:\\\/\\\/secure.gravatar.com\\\/avatar\\\/7ce1f28c0c3bbac99ff550b85ef8e44a6950c6ee24514fb6a5489e51d06f0298?s=96&d=mm&r=g\",\"contentUrl\":\"https:\\\/\\\/secure.gravatar.com\\\/avatar\\\/7ce1f28c0c3bbac99ff550b85ef8e44a6950c6ee24514fb6a5489e51d06f0298?s=96&d=mm&r=g\",\"caption\":\"webdo.tn\"},\"url\":\"https:\\\/\\\/www.webdo.tn\\\/fr\\\/actualite\\\/author\\\/webdotn\\\/\"}]}<\/script>\n<!-- \/ Yoast SEO Premium plugin. -->","yoast_head_json":{"title":"S\u00e9isme au N\u00e9pal : Au milieu de la d\u00e9vastation, un survivant de 101 ans","description":"S\u00e9isme au N\u00e9pal : Au milieu de la d\u00e9vastation, un survivant de 101 ans","canonical":"https:\/\/www.webdo.tn\/fr\/actualite\/international\/seisme-au-nepal-au-milieu-de-la-devastation-un-survivant-de-101-ans\/184139\/","og_locale":"fr_FR","og_type":"article","og_title":"S\u00e9isme au N\u00e9pal : Au milieu de la d\u00e9vastation, un survivant de 101 ans","og_description":"S\u00e9isme au N\u00e9pal : Au milieu de la d\u00e9vastation, un survivant de 101 ans","og_url":"https:\/\/www.webdo.tn\/fr\/actualite\/international\/seisme-au-nepal-au-milieu-de-la-devastation-un-survivant-de-101-ans\/184139\/","og_site_name":"webdo","article_publisher":"https:\/\/www.facebook.com\/webdotn","article_published_time":"2015-05-04T10:02:00+00:00","article_modified_time":"2025-05-19T10:17:14+00:00","author":"webdo.tn","twitter_card":"summary_large_image","twitter_creator":"@webdo_tn","twitter_site":"@webdo_tn","twitter_misc":{"\u00c9crit par":"webdo.tn","Dur\u00e9e de lecture estim\u00e9e":"1 minute"},"schema":{"@context":"https:\/\/schema.org","@graph":[{"@type":"NewsArticle","@id":"https:\/\/www.webdo.tn\/fr\/actualite\/international\/seisme-au-nepal-au-milieu-de-la-devastation-un-survivant-de-101-ans\/184139\/#article","isPartOf":{"@id":"https:\/\/www.webdo.tn\/fr\/actualite\/international\/seisme-au-nepal-au-milieu-de-la-devastation-un-survivant-de-101-ans\/184139\/"},"author":{"name":"webdo.tn","@id":"https:\/\/www.webdo.tn\/fr\/#\/schema\/person\/9a9c6118d687c117df8ef3cc36a4d175"},"headline":"S\u00e9isme au N\u00e9pal : Au milieu de la d\u00e9vastation, un survivant de 101 ans","datePublished":"2015-05-04T10:02:00+00:00","dateModified":"2025-05-19T10:17:14+00:00","mainEntityOfPage":{"@id":"https:\/\/www.webdo.tn\/fr\/actualite\/international\/seisme-au-nepal-au-milieu-de-la-devastation-un-survivant-de-101-ans\/184139\/"},"wordCount":137,"commentCount":0,"publisher":{"@id":"https:\/\/www.webdo.tn\/fr\/#organization"},"image":{"@id":"https:\/\/www.webdo.tn\/fr\/actualite\/international\/seisme-au-nepal-au-milieu-de-la-devastation-un-survivant-de-101-ans\/184139\/#primaryimage"},"thumbnailUrl":"https:\/\/www.webdo.tn\/fr\/wp-content\/uploads\/2025\/06\/P9-Nepal_184139.jpg","keywords":["guerre"],"articleSection":["International"],"inLanguage":"fr-FR"},{"@type":"WebPage","@id":"https:\/\/www.webdo.tn\/fr\/actualite\/international\/seisme-au-nepal-au-milieu-de-la-devastation-un-survivant-de-101-ans\/184139\/","url":"https:\/\/www.webdo.tn\/fr\/actualite\/international\/seisme-au-nepal-au-milieu-de-la-devastation-un-survivant-de-101-ans\/184139\/","name":"S\u00e9isme au N\u00e9pal : Au milieu de la d\u00e9vastation, un survivant de 101 ans","isPartOf":{"@id":"https:\/\/www.webdo.tn\/fr\/#website"},"primaryImageOfPage":{"@id":"https:\/\/www.webdo.tn\/fr\/actualite\/international\/seisme-au-nepal-au-milieu-de-la-devastation-un-survivant-de-101-ans\/184139\/#primaryimage"},"image":{"@id":"https:\/\/www.webdo.tn\/fr\/actualite\/international\/seisme-au-nepal-au-milieu-de-la-devastation-un-survivant-de-101-ans\/184139\/#primaryimage"},"thumbnailUrl":"https:\/\/www.webdo.tn\/fr\/wp-content\/uploads\/2025\/06\/P9-Nepal_184139.jpg","datePublished":"2015-05-04T10:02:00+00:00","dateModified":"2025-05-19T10:17:14+00:00","description":"S\u00e9isme au N\u00e9pal : Au milieu de la d\u00e9vastation, un survivant de 101 ans","breadcrumb":{"@id":"https:\/\/www.webdo.tn\/fr\/actualite\/international\/seisme-au-nepal-au-milieu-de-la-devastation-un-survivant-de-101-ans\/184139\/#breadcrumb"},"inLanguage":"fr-FR","potentialAction":[{"@type":"ReadAction","target":["https:\/\/www.webdo.tn\/fr\/actualite\/international\/seisme-au-nepal-au-milieu-de-la-devastation-un-survivant-de-101-ans\/184139\/"]}]},{"@type":"ImageObject","inLanguage":"fr-FR","@id":"https:\/\/www.webdo.tn\/fr\/actualite\/international\/seisme-au-nepal-au-milieu-de-la-devastation-un-survivant-de-101-ans\/184139\/#primaryimage","url":"https:\/\/www.webdo.tn\/fr\/wp-content\/uploads\/2025\/06\/P9-Nepal_184139.jpg","contentUrl":"https:\/\/www.webdo.tn\/fr\/wp-content\/uploads\/2025\/06\/P9-Nepal_184139.jpg","width":615,"height":782,"caption":"S\u00e9isme au N\u00e9pal : Au milieu de la d\u00e9vastation, un survivant de 101 ans"},{"@type":"BreadcrumbList","@id":"https:\/\/www.webdo.tn\/fr\/actualite\/international\/seisme-au-nepal-au-milieu-de-la-devastation-un-survivant-de-101-ans\/184139\/#breadcrumb","itemListElement":[{"@type":"ListItem","position":1,"name":"Accueil","item":"https:\/\/www.webdo.tn\/fr\/"},{"@type":"ListItem","position":2,"name":"S\u00e9isme au N\u00e9pal : Au milieu de la d\u00e9vastation, un survivant de 101 ans"}]},{"@type":"WebSite","@id":"https:\/\/www.webdo.tn\/fr\/#website","url":"https:\/\/www.webdo.tn\/fr\/","name":"webdo","description":"Tunisie - News en Tunisie et \u00e0 l&#039;international sur Webdo.tn","publisher":{"@id":"https:\/\/www.webdo.tn\/fr\/#organization"},"potentialAction":[{"@type":"SearchAction","target":{"@type":"EntryPoint","urlTemplate":"https:\/\/www.webdo.tn\/fr\/?s={search_term_string}"},"query-input":{"@type":"PropertyValueSpecification","valueRequired":true,"valueName":"search_term_string"}}],"inLanguage":"fr-FR"},{"@type":"Organization","@id":"https:\/\/www.webdo.tn\/fr\/#organization","name":"Webdo","alternateName":"Webdo.tn","url":"https:\/\/www.webdo.tn\/fr\/","logo":{"@type":"ImageObject","inLanguage":"fr-FR","@id":"https:\/\/www.webdo.tn\/fr\/#\/schema\/logo\/image\/","url":"https:\/\/www.webdo.tn\/fr\/wp-content\/uploads\/2025\/06\/Webdo-Tunisie_168377.jpg","contentUrl":"https:\/\/www.webdo.tn\/fr\/wp-content\/uploads\/2025\/06\/Webdo-Tunisie_168377.jpg","width":301,"height":301,"caption":"Webdo"},"image":{"@id":"https:\/\/www.webdo.tn\/fr\/#\/schema\/logo\/image\/"},"sameAs":["https:\/\/www.facebook.com\/webdotn","https:\/\/x.com\/webdo_tn"],"description":"Webdo est un m\u00e9dia num\u00e9rique tunisien fond\u00e9 en 2010, sp\u00e9cialis\u00e9 dans l\u2019actualit\u00e9 nationale et internationale, l\u2019\u00e9conomie, la soci\u00e9t\u00e9 et les analyses politiques. Le site s\u2019adresse \u00e0 un large public francophone et couvre l\u2019information tunisienne en temps r\u00e9el.","email":"redac@webdo.tn","legalName":"YNJ SARL","foundingDate":"2010-09-06","numberOfEmployees":{"@type":"QuantitativeValue","minValue":"11","maxValue":"50"}},{"@type":"Person","@id":"https:\/\/www.webdo.tn\/fr\/#\/schema\/person\/9a9c6118d687c117df8ef3cc36a4d175","name":"webdo.tn","image":{"@type":"ImageObject","inLanguage":"fr-FR","@id":"https:\/\/secure.gravatar.com\/avatar\/7ce1f28c0c3bbac99ff550b85ef8e44a6950c6ee24514fb6a5489e51d06f0298?s=96&d=mm&r=g","url":"https:\/\/secure.gravatar.com\/avatar\/7ce1f28c0c3bbac99ff550b85ef8e44a6950c6ee24514fb6a5489e51d06f0298?s=96&d=mm&r=g","contentUrl":"https:\/\/secure.gravatar.com\/avatar\/7ce1f28c0c3bbac99ff550b85ef8e44a6950c6ee24514fb6a5489e51d06f0298?s=96&d=mm&r=g","caption":"webdo.tn"},"url":"https:\/\/www.webdo.tn\/fr\/actualite\/author\/webdotn\/"}]}},"_links":{"self":[{"href":"https:\/\/www.webdo.tn\/fr\/wp-json\/wp\/v2\/posts\/184139","targetHints":{"allow":["GET"]}}],"collection":[{"href":"https:\/\/www.webdo.tn\/fr\/wp-json\/wp\/v2\/posts"}],"about":[{"href":"https:\/\/www.webdo.tn\/fr\/wp-json\/wp\/v2\/types\/post"}],"author":[{"embeddable":true,"href":"https:\/\/www.webdo.tn\/fr\/wp-json\/wp\/v2\/users\/3222"}],"replies":[{"embeddable":true,"href":"https:\/\/www.webdo.tn\/fr\/wp-json\/wp\/v2\/comments?post=184139"}],"version-history":[{"count":0,"href":"https:\/\/www.webdo.tn\/fr\/wp-json\/wp\/v2\/posts\/184139\/revisions"}],"wp:featuredmedia":[{"embeddable":true,"href":"https:\/\/www.webdo.tn\/fr\/wp-json\/wp\/v2\/media\/373002"}],"wp:attachment":[{"href":"https:\/\/www.webdo.tn\/fr\/wp-json\/wp\/v2\/media?parent=184139"}],"wp:term":[{"taxonomy":"category","embeddable":true,"href":"https:\/\/www.webdo.tn\/fr\/wp-json\/wp\/v2\/categories?post=184139"},{"taxonomy":"post_tag","embeddable":true,"href":"https:\/\/www.webdo.tn\/fr\/wp-json\/wp\/v2\/tags?post=184139"}],"curies":[{"name":"wp","href":"https:\/\/api.w.org\/{rel}","templated":true}]}}