{"id":184138,"date":"2015-05-04T10:13:00","date_gmt":"2015-05-04T10:13:00","guid":{"rendered":"https:\/\/www.webdo.tn\/fr\/blog\/17-embarcations-et-6000-migrants-sauves-en-mediterranee-en-deux-jours\/184138\/"},"modified":"2015-05-04T10:13:00","modified_gmt":"2015-05-04T10:13:00","slug":"17-embarcations-et-6000-migrants-sauves-en-mediterranee-en-deux-jours","status":"publish","type":"post","link":"https:\/\/www.webdo.tn\/fr\/actualite\/international\/17-embarcations-et-6000-migrants-sauves-en-mediterranee-en-deux-jours\/184138\/","title":{"rendered":"17 embarcations et 6000 migrants sauv\u00e9s en M\u00e9diterran\u00e9e en deux jours"},"content":{"rendered":"<p>Pr\u00e8s de 6000 migrants ont \u00e9t\u00e9 sauv\u00e9s, samedi 2 et dimanche 3 mai,\u00a0en M\u00e9diterran\u00e9e. Selon les autorit\u00e9s italiennes, dix-sept embarcations ont \u00e9t\u00e9 secourues ce week-end au large des c\u00f4tes libyennes. Par ailleurs, les op\u00e9rations de secours sont toujours en cours.<\/p>\n<p>5800 migrants ont \u00e9t\u00e9 secourus en 24 heures, samedi 2 mai, par les gardes c\u00f4tes italiens. Il s&rsquo;agit d&rsquo;un des\u00a0bilans les plus \u00e9lev\u00e9s, pour une seule journ\u00e9e, depuis ces derni\u00e8res ann\u00e9es.<br \/>\n10 morts dont 3 noy\u00e9s<br \/>\nLors de cette op\u00e9ration, quatre navires des gardes c\u00f4tes italiens ont \u00e9t\u00e9 mobilis\u00e9s, ainsi que deux navires de la marine italienne, deux cargos, deux navires de la police douani\u00e8re italienne et deux remorqueurs.<\/p>\n<p>La marine militaire a annonc\u00e9 sur Twitter avoir secouru 1453 migrants. Dix personnes ont \u00e9t\u00e9 \u00e9galement retrouv\u00e9es mortes, dont sept \u00e0 bord de canots pneumatiques, et trois noy\u00e9es.<\/p>\n<p>L&rsquo;op\u00e9ration europ\u00e9enne de recherche et de sauvetage, baptis\u00e9e Triton, est coordonn\u00e9e par l&rsquo;Italie suite aux multiples naufrages qui ont caus\u00e9 la mort de plus de 1200 migrants, en avril dernier.<\/p>\n","protected":false},"excerpt":{"rendered":"<p>17 embarcations et 6000 migrants sauv\u00e9s en M\u00e9diterran\u00e9e en deux jours<\/p>\n","protected":false},"author":3222,"featured_media":335815,"comment_status":"open","ping_status":"closed","sticky":false,"template":"","format":"standard","meta":{"footnotes":""},"categories":[2598],"tags":[2600],"class_list":["post-184138","post","type-post","status-publish","format-standard","has-post-thumbnail","hentry","category-international","tag-guerre"],"yoast_head":"<!-- This site is optimized with the Yoast SEO Premium plugin v27.5 (Yoast SEO v27.5) - https:\/\/yoast.com\/product\/yoast-seo-premium-wordpress\/ -->\n<title>17 embarcations et 6000 migrants sauv\u00e9s en M\u00e9diterran\u00e9e en deux jours<\/title>\n<meta name=\"description\" content=\"17 embarcations et 6000 migrants sauv\u00e9s en M\u00e9diterran\u00e9e en deux jours\" \/>\n<link rel=\"canonical\" href=\"https:\/\/www.webdo.tn\/fr\/actualite\/international\/17-embarcations-et-6000-migrants-sauves-en-mediterranee-en-deux-jours\/184138\/\" \/>\n<meta property=\"og:locale\" content=\"fr_FR\" \/>\n<meta property=\"og:type\" content=\"article\" \/>\n<meta property=\"og:title\" content=\"17 embarcations et 6000 migrants sauv\u00e9s en M\u00e9diterran\u00e9e en deux jours\" \/>\n<meta property=\"og:description\" content=\"17 embarcations et 6000 migrants sauv\u00e9s en M\u00e9diterran\u00e9e en deux jours\" \/>\n<meta property=\"og:url\" content=\"https:\/\/www.webdo.tn\/fr\/actualite\/international\/17-embarcations-et-6000-migrants-sauves-en-mediterranee-en-deux-jours\/184138\/\" \/>\n<meta property=\"og:site_name\" content=\"webdo\" \/>\n<meta property=\"article:publisher\" content=\"https:\/\/www.facebook.com\/webdotn\" \/>\n<meta property=\"article:published_time\" content=\"2015-05-04T10:13:00+00:00\" \/>\n<meta property=\"og:image\" content=\"https:\/\/www.webdo.tn\/fr\/wp-content\/uploads\/2015\/05\/webdo_default-60.jpg\" \/>\n\t<meta property=\"og:image:width\" content=\"800\" \/>\n\t<meta property=\"og:image:height\" content=\"500\" \/>\n\t<meta property=\"og:image:type\" content=\"image\/jpeg\" \/>\n<meta name=\"author\" content=\"webdo.tn\" \/>\n<meta name=\"twitter:card\" content=\"summary_large_image\" \/>\n<meta name=\"twitter:creator\" content=\"@webdo_tn\" \/>\n<meta name=\"twitter:site\" content=\"@webdo_tn\" \/>\n<meta name=\"twitter:label1\" content=\"\u00c9crit par\" \/>\n\t<meta name=\"twitter:data1\" content=\"webdo.tn\" \/>\n\t<meta name=\"twitter:label2\" content=\"Dur\u00e9e de lecture estim\u00e9e\" \/>\n\t<meta name=\"twitter:data2\" content=\"1 minute\" \/>\n<script type=\"application\/ld+json\" class=\"yoast-schema-graph\">{\"@context\":\"https:\\\/\\\/schema.org\",\"@graph\":[{\"@type\":\"NewsArticle\",\"@id\":\"https:\\\/\\\/www.webdo.tn\\\/fr\\\/actualite\\\/international\\\/17-embarcations-et-6000-migrants-sauves-en-mediterranee-en-deux-jours\\\/184138\\\/#article\",\"isPartOf\":{\"@id\":\"https:\\\/\\\/www.webdo.tn\\\/fr\\\/actualite\\\/international\\\/17-embarcations-et-6000-migrants-sauves-en-mediterranee-en-deux-jours\\\/184138\\\/\"},\"author\":{\"name\":\"webdo.tn\",\"@id\":\"https:\\\/\\\/www.webdo.tn\\\/fr\\\/#\\\/schema\\\/person\\\/9a9c6118d687c117df8ef3cc36a4d175\"},\"headline\":\"17 embarcations et 6000 migrants sauv\u00e9s en M\u00e9diterran\u00e9e en deux jours\",\"datePublished\":\"2015-05-04T10:13:00+00:00\",\"mainEntityOfPage\":{\"@id\":\"https:\\\/\\\/www.webdo.tn\\\/fr\\\/actualite\\\/international\\\/17-embarcations-et-6000-migrants-sauves-en-mediterranee-en-deux-jours\\\/184138\\\/\"},\"wordCount\":197,\"commentCount\":0,\"publisher\":{\"@id\":\"https:\\\/\\\/www.webdo.tn\\\/fr\\\/#organization\"},\"image\":{\"@id\":\"https:\\\/\\\/www.webdo.tn\\\/fr\\\/actualite\\\/international\\\/17-embarcations-et-6000-migrants-sauves-en-mediterranee-en-deux-jours\\\/184138\\\/#primaryimage\"},\"thumbnailUrl\":\"https:\\\/\\\/www.webdo.tn\\\/fr\\\/wp-content\\\/uploads\\\/2015\\\/05\\\/webdo_default-60.jpg\",\"keywords\":[\"guerre\"],\"articleSection\":[\"International\"],\"inLanguage\":\"fr-FR\"},{\"@type\":\"WebPage\",\"@id\":\"https:\\\/\\\/www.webdo.tn\\\/fr\\\/actualite\\\/international\\\/17-embarcations-et-6000-migrants-sauves-en-mediterranee-en-deux-jours\\\/184138\\\/\",\"url\":\"https:\\\/\\\/www.webdo.tn\\\/fr\\\/actualite\\\/international\\\/17-embarcations-et-6000-migrants-sauves-en-mediterranee-en-deux-jours\\\/184138\\\/\",\"name\":\"17 embarcations et 6000 migrants sauv\u00e9s en M\u00e9diterran\u00e9e en deux jours\",\"isPartOf\":{\"@id\":\"https:\\\/\\\/www.webdo.tn\\\/fr\\\/#website\"},\"primaryImageOfPage\":{\"@id\":\"https:\\\/\\\/www.webdo.tn\\\/fr\\\/actualite\\\/international\\\/17-embarcations-et-6000-migrants-sauves-en-mediterranee-en-deux-jours\\\/184138\\\/#primaryimage\"},\"image\":{\"@id\":\"https:\\\/\\\/www.webdo.tn\\\/fr\\\/actualite\\\/international\\\/17-embarcations-et-6000-migrants-sauves-en-mediterranee-en-deux-jours\\\/184138\\\/#primaryimage\"},\"thumbnailUrl\":\"https:\\\/\\\/www.webdo.tn\\\/fr\\\/wp-content\\\/uploads\\\/2015\\\/05\\\/webdo_default-60.jpg\",\"datePublished\":\"2015-05-04T10:13:00+00:00\",\"description\":\"17 embarcations et 6000 migrants sauv\u00e9s en M\u00e9diterran\u00e9e en deux jours\",\"breadcrumb\":{\"@id\":\"https:\\\/\\\/www.webdo.tn\\\/fr\\\/actualite\\\/international\\\/17-embarcations-et-6000-migrants-sauves-en-mediterranee-en-deux-jours\\\/184138\\\/#breadcrumb\"},\"inLanguage\":\"fr-FR\",\"potentialAction\":[{\"@type\":\"ReadAction\",\"target\":[\"https:\\\/\\\/www.webdo.tn\\\/fr\\\/actualite\\\/international\\\/17-embarcations-et-6000-migrants-sauves-en-mediterranee-en-deux-jours\\\/184138\\\/\"]}]},{\"@type\":\"ImageObject\",\"inLanguage\":\"fr-FR\",\"@id\":\"https:\\\/\\\/www.webdo.tn\\\/fr\\\/actualite\\\/international\\\/17-embarcations-et-6000-migrants-sauves-en-mediterranee-en-deux-jours\\\/184138\\\/#primaryimage\",\"url\":\"https:\\\/\\\/www.webdo.tn\\\/fr\\\/wp-content\\\/uploads\\\/2015\\\/05\\\/webdo_default-60.jpg\",\"contentUrl\":\"https:\\\/\\\/www.webdo.tn\\\/fr\\\/wp-content\\\/uploads\\\/2015\\\/05\\\/webdo_default-60.jpg\",\"width\":800,\"height\":500,\"caption\":\"17 embarcations et 6000 migrants sauv\u00e9s en M\u00e9diterran\u00e9e en deux jours\"},{\"@type\":\"BreadcrumbList\",\"@id\":\"https:\\\/\\\/www.webdo.tn\\\/fr\\\/actualite\\\/international\\\/17-embarcations-et-6000-migrants-sauves-en-mediterranee-en-deux-jours\\\/184138\\\/#breadcrumb\",\"itemListElement\":[{\"@type\":\"ListItem\",\"position\":1,\"name\":\"Accueil\",\"item\":\"https:\\\/\\\/www.webdo.tn\\\/fr\\\/\"},{\"@type\":\"ListItem\",\"position\":2,\"name\":\"17 embarcations et 6000 migrants sauv\u00e9s en M\u00e9diterran\u00e9e en deux jours\"}]},{\"@type\":\"WebSite\",\"@id\":\"https:\\\/\\\/www.webdo.tn\\\/fr\\\/#website\",\"url\":\"https:\\\/\\\/www.webdo.tn\\\/fr\\\/\",\"name\":\"webdo\",\"description\":\"Tunisie - News en Tunisie et \u00e0 l&#039;international sur Webdo.tn\",\"publisher\":{\"@id\":\"https:\\\/\\\/www.webdo.tn\\\/fr\\\/#organization\"},\"potentialAction\":[{\"@type\":\"SearchAction\",\"target\":{\"@type\":\"EntryPoint\",\"urlTemplate\":\"https:\\\/\\\/www.webdo.tn\\\/fr\\\/?s={search_term_string}\"},\"query-input\":{\"@type\":\"PropertyValueSpecification\",\"valueRequired\":true,\"valueName\":\"search_term_string\"}}],\"inLanguage\":\"fr-FR\"},{\"@type\":\"Organization\",\"@id\":\"https:\\\/\\\/www.webdo.tn\\\/fr\\\/#organization\",\"name\":\"Webdo\",\"alternateName\":\"Webdo.tn\",\"url\":\"https:\\\/\\\/www.webdo.tn\\\/fr\\\/\",\"logo\":{\"@type\":\"ImageObject\",\"inLanguage\":\"fr-FR\",\"@id\":\"https:\\\/\\\/www.webdo.tn\\\/fr\\\/#\\\/schema\\\/logo\\\/image\\\/\",\"url\":\"https:\\\/\\\/www.webdo.tn\\\/fr\\\/wp-content\\\/uploads\\\/2025\\\/06\\\/Webdo-Tunisie_168377.jpg\",\"contentUrl\":\"https:\\\/\\\/www.webdo.tn\\\/fr\\\/wp-content\\\/uploads\\\/2025\\\/06\\\/Webdo-Tunisie_168377.jpg\",\"width\":301,\"height\":301,\"caption\":\"Webdo\"},\"image\":{\"@id\":\"https:\\\/\\\/www.webdo.tn\\\/fr\\\/#\\\/schema\\\/logo\\\/image\\\/\"},\"sameAs\":[\"https:\\\/\\\/www.facebook.com\\\/webdotn\",\"https:\\\/\\\/x.com\\\/webdo_tn\"],\"description\":\"Webdo est un m\u00e9dia num\u00e9rique tunisien fond\u00e9 en 2010, sp\u00e9cialis\u00e9 dans l\u2019actualit\u00e9 nationale et internationale, l\u2019\u00e9conomie, la soci\u00e9t\u00e9 et les analyses politiques. Le site s\u2019adresse \u00e0 un large public francophone et couvre l\u2019information tunisienne en temps r\u00e9el.\",\"email\":\"redac@webdo.tn\",\"legalName\":\"YNJ SARL\",\"foundingDate\":\"2010-09-06\",\"numberOfEmployees\":{\"@type\":\"QuantitativeValue\",\"minValue\":\"11\",\"maxValue\":\"50\"}},{\"@type\":\"Person\",\"@id\":\"https:\\\/\\\/www.webdo.tn\\\/fr\\\/#\\\/schema\\\/person\\\/9a9c6118d687c117df8ef3cc36a4d175\",\"name\":\"webdo.tn\",\"image\":{\"@type\":\"ImageObject\",\"inLanguage\":\"fr-FR\",\"@id\":\"https:\\\/\\\/secure.gravatar.com\\\/avatar\\\/7ce1f28c0c3bbac99ff550b85ef8e44a6950c6ee24514fb6a5489e51d06f0298?s=96&d=mm&r=g\",\"url\":\"https:\\\/\\\/secure.gravatar.com\\\/avatar\\\/7ce1f28c0c3bbac99ff550b85ef8e44a6950c6ee24514fb6a5489e51d06f0298?s=96&d=mm&r=g\",\"contentUrl\":\"https:\\\/\\\/secure.gravatar.com\\\/avatar\\\/7ce1f28c0c3bbac99ff550b85ef8e44a6950c6ee24514fb6a5489e51d06f0298?s=96&d=mm&r=g\",\"caption\":\"webdo.tn\"},\"url\":\"https:\\\/\\\/www.webdo.tn\\\/fr\\\/actualite\\\/author\\\/webdotn\\\/\"}]}<\/script>\n<!-- \/ Yoast SEO Premium plugin. -->","yoast_head_json":{"title":"17 embarcations et 6000 migrants sauv\u00e9s en M\u00e9diterran\u00e9e en deux jours","description":"17 embarcations et 6000 migrants sauv\u00e9s en M\u00e9diterran\u00e9e en deux jours","canonical":"https:\/\/www.webdo.tn\/fr\/actualite\/international\/17-embarcations-et-6000-migrants-sauves-en-mediterranee-en-deux-jours\/184138\/","og_locale":"fr_FR","og_type":"article","og_title":"17 embarcations et 6000 migrants sauv\u00e9s en M\u00e9diterran\u00e9e en deux jours","og_description":"17 embarcations et 6000 migrants sauv\u00e9s en M\u00e9diterran\u00e9e en deux jours","og_url":"https:\/\/www.webdo.tn\/fr\/actualite\/international\/17-embarcations-et-6000-migrants-sauves-en-mediterranee-en-deux-jours\/184138\/","og_site_name":"webdo","article_publisher":"https:\/\/www.facebook.com\/webdotn","article_published_time":"2015-05-04T10:13:00+00:00","og_image":[{"width":800,"height":500,"url":"https:\/\/www.webdo.tn\/fr\/wp-content\/uploads\/2015\/05\/webdo_default-60.jpg","type":"image\/jpeg"}],"author":"webdo.tn","twitter_card":"summary_large_image","twitter_creator":"@webdo_tn","twitter_site":"@webdo_tn","twitter_misc":{"\u00c9crit par":"webdo.tn","Dur\u00e9e de lecture estim\u00e9e":"1 minute"},"schema":{"@context":"https:\/\/schema.org","@graph":[{"@type":"NewsArticle","@id":"https:\/\/www.webdo.tn\/fr\/actualite\/international\/17-embarcations-et-6000-migrants-sauves-en-mediterranee-en-deux-jours\/184138\/#article","isPartOf":{"@id":"https:\/\/www.webdo.tn\/fr\/actualite\/international\/17-embarcations-et-6000-migrants-sauves-en-mediterranee-en-deux-jours\/184138\/"},"author":{"name":"webdo.tn","@id":"https:\/\/www.webdo.tn\/fr\/#\/schema\/person\/9a9c6118d687c117df8ef3cc36a4d175"},"headline":"17 embarcations et 6000 migrants sauv\u00e9s en M\u00e9diterran\u00e9e en deux jours","datePublished":"2015-05-04T10:13:00+00:00","mainEntityOfPage":{"@id":"https:\/\/www.webdo.tn\/fr\/actualite\/international\/17-embarcations-et-6000-migrants-sauves-en-mediterranee-en-deux-jours\/184138\/"},"wordCount":197,"commentCount":0,"publisher":{"@id":"https:\/\/www.webdo.tn\/fr\/#organization"},"image":{"@id":"https:\/\/www.webdo.tn\/fr\/actualite\/international\/17-embarcations-et-6000-migrants-sauves-en-mediterranee-en-deux-jours\/184138\/#primaryimage"},"thumbnailUrl":"https:\/\/www.webdo.tn\/fr\/wp-content\/uploads\/2015\/05\/webdo_default-60.jpg","keywords":["guerre"],"articleSection":["International"],"inLanguage":"fr-FR"},{"@type":"WebPage","@id":"https:\/\/www.webdo.tn\/fr\/actualite\/international\/17-embarcations-et-6000-migrants-sauves-en-mediterranee-en-deux-jours\/184138\/","url":"https:\/\/www.webdo.tn\/fr\/actualite\/international\/17-embarcations-et-6000-migrants-sauves-en-mediterranee-en-deux-jours\/184138\/","name":"17 embarcations et 6000 migrants sauv\u00e9s en M\u00e9diterran\u00e9e en deux jours","isPartOf":{"@id":"https:\/\/www.webdo.tn\/fr\/#website"},"primaryImageOfPage":{"@id":"https:\/\/www.webdo.tn\/fr\/actualite\/international\/17-embarcations-et-6000-migrants-sauves-en-mediterranee-en-deux-jours\/184138\/#primaryimage"},"image":{"@id":"https:\/\/www.webdo.tn\/fr\/actualite\/international\/17-embarcations-et-6000-migrants-sauves-en-mediterranee-en-deux-jours\/184138\/#primaryimage"},"thumbnailUrl":"https:\/\/www.webdo.tn\/fr\/wp-content\/uploads\/2015\/05\/webdo_default-60.jpg","datePublished":"2015-05-04T10:13:00+00:00","description":"17 embarcations et 6000 migrants sauv\u00e9s en M\u00e9diterran\u00e9e en deux jours","breadcrumb":{"@id":"https:\/\/www.webdo.tn\/fr\/actualite\/international\/17-embarcations-et-6000-migrants-sauves-en-mediterranee-en-deux-jours\/184138\/#breadcrumb"},"inLanguage":"fr-FR","potentialAction":[{"@type":"ReadAction","target":["https:\/\/www.webdo.tn\/fr\/actualite\/international\/17-embarcations-et-6000-migrants-sauves-en-mediterranee-en-deux-jours\/184138\/"]}]},{"@type":"ImageObject","inLanguage":"fr-FR","@id":"https:\/\/www.webdo.tn\/fr\/actualite\/international\/17-embarcations-et-6000-migrants-sauves-en-mediterranee-en-deux-jours\/184138\/#primaryimage","url":"https:\/\/www.webdo.tn\/fr\/wp-content\/uploads\/2015\/05\/webdo_default-60.jpg","contentUrl":"https:\/\/www.webdo.tn\/fr\/wp-content\/uploads\/2015\/05\/webdo_default-60.jpg","width":800,"height":500,"caption":"17 embarcations et 6000 migrants sauv\u00e9s en M\u00e9diterran\u00e9e en deux jours"},{"@type":"BreadcrumbList","@id":"https:\/\/www.webdo.tn\/fr\/actualite\/international\/17-embarcations-et-6000-migrants-sauves-en-mediterranee-en-deux-jours\/184138\/#breadcrumb","itemListElement":[{"@type":"ListItem","position":1,"name":"Accueil","item":"https:\/\/www.webdo.tn\/fr\/"},{"@type":"ListItem","position":2,"name":"17 embarcations et 6000 migrants sauv\u00e9s en M\u00e9diterran\u00e9e en deux jours"}]},{"@type":"WebSite","@id":"https:\/\/www.webdo.tn\/fr\/#website","url":"https:\/\/www.webdo.tn\/fr\/","name":"webdo","description":"Tunisie - News en Tunisie et \u00e0 l&#039;international sur Webdo.tn","publisher":{"@id":"https:\/\/www.webdo.tn\/fr\/#organization"},"potentialAction":[{"@type":"SearchAction","target":{"@type":"EntryPoint","urlTemplate":"https:\/\/www.webdo.tn\/fr\/?s={search_term_string}"},"query-input":{"@type":"PropertyValueSpecification","valueRequired":true,"valueName":"search_term_string"}}],"inLanguage":"fr-FR"},{"@type":"Organization","@id":"https:\/\/www.webdo.tn\/fr\/#organization","name":"Webdo","alternateName":"Webdo.tn","url":"https:\/\/www.webdo.tn\/fr\/","logo":{"@type":"ImageObject","inLanguage":"fr-FR","@id":"https:\/\/www.webdo.tn\/fr\/#\/schema\/logo\/image\/","url":"https:\/\/www.webdo.tn\/fr\/wp-content\/uploads\/2025\/06\/Webdo-Tunisie_168377.jpg","contentUrl":"https:\/\/www.webdo.tn\/fr\/wp-content\/uploads\/2025\/06\/Webdo-Tunisie_168377.jpg","width":301,"height":301,"caption":"Webdo"},"image":{"@id":"https:\/\/www.webdo.tn\/fr\/#\/schema\/logo\/image\/"},"sameAs":["https:\/\/www.facebook.com\/webdotn","https:\/\/x.com\/webdo_tn"],"description":"Webdo est un m\u00e9dia num\u00e9rique tunisien fond\u00e9 en 2010, sp\u00e9cialis\u00e9 dans l\u2019actualit\u00e9 nationale et internationale, l\u2019\u00e9conomie, la soci\u00e9t\u00e9 et les analyses politiques. Le site s\u2019adresse \u00e0 un large public francophone et couvre l\u2019information tunisienne en temps r\u00e9el.","email":"redac@webdo.tn","legalName":"YNJ SARL","foundingDate":"2010-09-06","numberOfEmployees":{"@type":"QuantitativeValue","minValue":"11","maxValue":"50"}},{"@type":"Person","@id":"https:\/\/www.webdo.tn\/fr\/#\/schema\/person\/9a9c6118d687c117df8ef3cc36a4d175","name":"webdo.tn","image":{"@type":"ImageObject","inLanguage":"fr-FR","@id":"https:\/\/secure.gravatar.com\/avatar\/7ce1f28c0c3bbac99ff550b85ef8e44a6950c6ee24514fb6a5489e51d06f0298?s=96&d=mm&r=g","url":"https:\/\/secure.gravatar.com\/avatar\/7ce1f28c0c3bbac99ff550b85ef8e44a6950c6ee24514fb6a5489e51d06f0298?s=96&d=mm&r=g","contentUrl":"https:\/\/secure.gravatar.com\/avatar\/7ce1f28c0c3bbac99ff550b85ef8e44a6950c6ee24514fb6a5489e51d06f0298?s=96&d=mm&r=g","caption":"webdo.tn"},"url":"https:\/\/www.webdo.tn\/fr\/actualite\/author\/webdotn\/"}]}},"_links":{"self":[{"href":"https:\/\/www.webdo.tn\/fr\/wp-json\/wp\/v2\/posts\/184138","targetHints":{"allow":["GET"]}}],"collection":[{"href":"https:\/\/www.webdo.tn\/fr\/wp-json\/wp\/v2\/posts"}],"about":[{"href":"https:\/\/www.webdo.tn\/fr\/wp-json\/wp\/v2\/types\/post"}],"author":[{"embeddable":true,"href":"https:\/\/www.webdo.tn\/fr\/wp-json\/wp\/v2\/users\/3222"}],"replies":[{"embeddable":true,"href":"https:\/\/www.webdo.tn\/fr\/wp-json\/wp\/v2\/comments?post=184138"}],"version-history":[{"count":0,"href":"https:\/\/www.webdo.tn\/fr\/wp-json\/wp\/v2\/posts\/184138\/revisions"}],"wp:featuredmedia":[{"embeddable":true,"href":"https:\/\/www.webdo.tn\/fr\/wp-json\/wp\/v2\/media\/335815"}],"wp:attachment":[{"href":"https:\/\/www.webdo.tn\/fr\/wp-json\/wp\/v2\/media?parent=184138"}],"wp:term":[{"taxonomy":"category","embeddable":true,"href":"https:\/\/www.webdo.tn\/fr\/wp-json\/wp\/v2\/categories?post=184138"},{"taxonomy":"post_tag","embeddable":true,"href":"https:\/\/www.webdo.tn\/fr\/wp-json\/wp\/v2\/tags?post=184138"}],"curies":[{"name":"wp","href":"https:\/\/api.w.org\/{rel}","templated":true}]}}