{"id":184137,"date":"2015-05-05T10:57:00","date_gmt":"2015-05-05T10:57:00","guid":{"rendered":"https:\/\/www.webdo.tn\/fr\/blog\/une-info-un-apero-quand-40-journalistes-francaises-denoncent-le-sexisme-des-hommes-politiques\/184137\/"},"modified":"2015-05-05T10:57:00","modified_gmt":"2015-05-05T10:57:00","slug":"une-info-un-apero-quand-40-journalistes-francaises-denoncent-le-sexisme-des-hommes-politiques","status":"publish","type":"post","link":"https:\/\/www.webdo.tn\/fr\/actualite\/international\/une-info-un-apero-quand-40-journalistes-francaises-denoncent-le-sexisme-des-hommes-politiques\/184137\/","title":{"rendered":"\u00ab\u00a0Une info, un ap\u00e9ro\u00a0\u00bb, quand 40 journalistes fran\u00e7aises d\u00e9noncent le sexisme des hommes politiques"},"content":{"rendered":"<p>Une quarantaine de femmes exer\u00e7ant la profession de journaliste politique en France ont \u00e9crit une tribune publi\u00e9e le lundi 4 mai\u00a0dans Lib\u00e9ration. Elles y d\u00e9noncent le machisme et le sexisme qui r\u00e8gnent dans leur m\u00e9tier face \u00e0 des hommes politiques qui profitent souvent de la situation.<br \/>\n\u00ab\u00a0Pour rire, bien s\u00fbr\u00a0\u00bb<br \/>\nCette tribune fait un \u00e9tat des lieux de tous les clich\u00e9s misogynes que peuvent subir les femmes journalistes politiques face \u00e0 des hommes qui usent et abusent de leur fonction : \u00ab\u00a0C\u2019est un candidat \u00e0 la primaire face \u00e0 une grappe de micros masculins qui d\u00e9cide de nous r\u00e9pondre un jour d\u2019\u00e9t\u00e9 \u00abparce que elle, elle porte une jolie robe\u00bb.\u00a0\u00bb<\/p>\n<p>Sur le ton de l&rsquo;humour, bien s\u00fbr. Ces journalistes questionnent la soci\u00e9t\u00e9 et leur m\u00e9tier \u00e0 la fois. Peut-on justifier une remarque machiste car elle est sur le ton humoristique ?<br \/>\n[quote_box_center]Ou, dans une voiture o\u00f9 cohabitent militants et journalistes, un poids lourd politique qui nous propose d\u2019interrompre le reportage et de filer \u00e0 l\u2019h\u00f4tel. Pour rire, bien s\u00fbr.[\/quote_box_center]<\/p>\n<p>\u00ab\u00a0Une info, un ap\u00e9ro\u00a0\u00bb<br \/>\nParce qu&rsquo;elles sont des femmes, ces journalistes re\u00e7oivent souvent des textos dont l\u2019ambigu\u00eft\u00e9 ne fait aucun doute : \u00ab\u00a0Les textos \u2013\u200aclassiques, r\u00e9currents, insistants\u200a\u2013 nous mettant le march\u00e9 en main\u200a: \u00abUne info, un ap\u00e9ro.\u00bb\u00a0<\/p>\n<p>Une tribune salu\u00e9e sur twitter par les lecteurs de lib\u00e9ration, des journalistes et m\u00eame quelques hommes politiques :<\/p>\n<p>\u00ab\u00a0Une info, un ap\u00e9ro\u00a0\u00bb, le #sexisme des homes politiques face aux femmes journalistes. Tribune ds @libe http:\/\/t.co\/FG18YGhfpF<br \/>\n\u2014 Sophie Caillat (@SophieCaillat) 4 Mai 2015<\/p>\n<p>Formidable tribune des femmes journalistes dans Libe qui dit toute la misogynie et le sexisme quotidien et ordinaire de la politique \u2014 St\u00e9phane SitbonGomez (@stephanesg) 4 Mai 2015<\/p>\n<p>\u00a0<\/p>\n<p>Tribune \u00e9difiante de #journalistes de qualit\u00e9. On mesure le chemin que certains \u00e9lus ont encore \u00e0 parcourir #sexisme http:\/\/t.co\/Hz3cG2HiZo<\/p>\n<p>\u2014 Jean-Paul Huchon (@jphuchon) 5 Mai 2015<\/p>\n<p>Bravo aux journalistes femmes pour leur tribune dans @libe contre le #machisme des hommes politiques #assez<br \/>\n\u2014 marie-cecile naves (@mc_naves) 5 Mai 2015<\/p>\n<p>Elodie Potente<\/p>\n","protected":false},"excerpt":{"rendered":"<p>Une info, un ap\u00e9ro , quand 40 journalistes fran\u00e7aises d\u00e9noncent le sexisme des hommes politiques<\/p>\n","protected":false},"author":3222,"featured_media":330154,"comment_status":"open","ping_status":"closed","sticky":false,"template":"","format":"standard","meta":{"footnotes":""},"categories":[2598],"tags":[2600],"class_list":["post-184137","post","type-post","status-publish","format-standard","has-post-thumbnail","hentry","category-international","tag-guerre"],"yoast_head":"<!-- This site is optimized with the Yoast SEO Premium plugin v27.5 (Yoast SEO v27.5) - https:\/\/yoast.com\/product\/yoast-seo-premium-wordpress\/ -->\n<title>Une info, un ap\u00e9ro , quand 40 journalistes fran\u00e7aises d\u00e9noncent le sexisme des hommes politiques<\/title>\n<meta name=\"description\" content=\"Une info, un ap\u00e9ro , quand 40 journalistes fran\u00e7aises d\u00e9noncent le sexisme des hommes politiques\" \/>\n<link rel=\"canonical\" href=\"https:\/\/www.webdo.tn\/fr\/actualite\/international\/une-info-un-apero-quand-40-journalistes-francaises-denoncent-le-sexisme-des-hommes-politiques\/184137\/\" \/>\n<meta property=\"og:locale\" content=\"fr_FR\" \/>\n<meta property=\"og:type\" content=\"article\" \/>\n<meta property=\"og:title\" content=\"&quot;Une info, un ap\u00e9ro&quot;, quand 40 journalistes fran\u00e7aises d\u00e9noncent le sexisme des hommes politiques\" \/>\n<meta property=\"og:description\" content=\"Une info, un ap\u00e9ro , quand 40 journalistes fran\u00e7aises d\u00e9noncent le sexisme des hommes politiques\" \/>\n<meta property=\"og:url\" content=\"https:\/\/www.webdo.tn\/fr\/actualite\/international\/une-info-un-apero-quand-40-journalistes-francaises-denoncent-le-sexisme-des-hommes-politiques\/184137\/\" \/>\n<meta property=\"og:site_name\" content=\"webdo\" \/>\n<meta property=\"article:publisher\" content=\"https:\/\/www.facebook.com\/webdotn\" \/>\n<meta property=\"article:published_time\" content=\"2015-05-05T10:57:00+00:00\" \/>\n<meta property=\"og:image\" content=\"https:\/\/www.webdo.tn\/fr\/wp-content\/uploads\/2015\/05\/763269-politique-ump-primaire.jpg\" \/>\n\t<meta property=\"og:image:width\" content=\"750\" \/>\n\t<meta property=\"og:image:height\" content=\"498\" \/>\n\t<meta property=\"og:image:type\" content=\"image\/jpeg\" \/>\n<meta name=\"author\" content=\"webdo.tn\" \/>\n<meta name=\"twitter:card\" content=\"summary_large_image\" \/>\n<meta name=\"twitter:creator\" content=\"@webdo_tn\" \/>\n<meta name=\"twitter:site\" content=\"@webdo_tn\" \/>\n<meta name=\"twitter:label1\" content=\"\u00c9crit par\" \/>\n\t<meta name=\"twitter:data1\" content=\"webdo.tn\" \/>\n\t<meta name=\"twitter:label2\" content=\"Dur\u00e9e de lecture estim\u00e9e\" \/>\n\t<meta name=\"twitter:data2\" content=\"2 minutes\" \/>\n<script type=\"application\/ld+json\" class=\"yoast-schema-graph\">{\"@context\":\"https:\\\/\\\/schema.org\",\"@graph\":[{\"@type\":\"NewsArticle\",\"@id\":\"https:\\\/\\\/www.webdo.tn\\\/fr\\\/actualite\\\/international\\\/une-info-un-apero-quand-40-journalistes-francaises-denoncent-le-sexisme-des-hommes-politiques\\\/184137\\\/#article\",\"isPartOf\":{\"@id\":\"https:\\\/\\\/www.webdo.tn\\\/fr\\\/actualite\\\/international\\\/une-info-un-apero-quand-40-journalistes-francaises-denoncent-le-sexisme-des-hommes-politiques\\\/184137\\\/\"},\"author\":{\"name\":\"webdo.tn\",\"@id\":\"https:\\\/\\\/www.webdo.tn\\\/fr\\\/#\\\/schema\\\/person\\\/9a9c6118d687c117df8ef3cc36a4d175\"},\"headline\":\"\u00ab\u00a0Une info, un ap\u00e9ro\u00a0\u00bb, quand 40 journalistes fran\u00e7aises d\u00e9noncent le sexisme des hommes politiques\",\"datePublished\":\"2015-05-05T10:57:00+00:00\",\"mainEntityOfPage\":{\"@id\":\"https:\\\/\\\/www.webdo.tn\\\/fr\\\/actualite\\\/international\\\/une-info-un-apero-quand-40-journalistes-francaises-denoncent-le-sexisme-des-hommes-politiques\\\/184137\\\/\"},\"wordCount\":368,\"commentCount\":0,\"publisher\":{\"@id\":\"https:\\\/\\\/www.webdo.tn\\\/fr\\\/#organization\"},\"image\":{\"@id\":\"https:\\\/\\\/www.webdo.tn\\\/fr\\\/actualite\\\/international\\\/une-info-un-apero-quand-40-journalistes-francaises-denoncent-le-sexisme-des-hommes-politiques\\\/184137\\\/#primaryimage\"},\"thumbnailUrl\":\"https:\\\/\\\/www.webdo.tn\\\/fr\\\/wp-content\\\/uploads\\\/2015\\\/05\\\/763269-politique-ump-primaire.jpg\",\"keywords\":[\"guerre\"],\"articleSection\":[\"International\"],\"inLanguage\":\"fr-FR\"},{\"@type\":\"WebPage\",\"@id\":\"https:\\\/\\\/www.webdo.tn\\\/fr\\\/actualite\\\/international\\\/une-info-un-apero-quand-40-journalistes-francaises-denoncent-le-sexisme-des-hommes-politiques\\\/184137\\\/\",\"url\":\"https:\\\/\\\/www.webdo.tn\\\/fr\\\/actualite\\\/international\\\/une-info-un-apero-quand-40-journalistes-francaises-denoncent-le-sexisme-des-hommes-politiques\\\/184137\\\/\",\"name\":\"Une info, un ap\u00e9ro , quand 40 journalistes fran\u00e7aises d\u00e9noncent le sexisme des hommes politiques\",\"isPartOf\":{\"@id\":\"https:\\\/\\\/www.webdo.tn\\\/fr\\\/#website\"},\"primaryImageOfPage\":{\"@id\":\"https:\\\/\\\/www.webdo.tn\\\/fr\\\/actualite\\\/international\\\/une-info-un-apero-quand-40-journalistes-francaises-denoncent-le-sexisme-des-hommes-politiques\\\/184137\\\/#primaryimage\"},\"image\":{\"@id\":\"https:\\\/\\\/www.webdo.tn\\\/fr\\\/actualite\\\/international\\\/une-info-un-apero-quand-40-journalistes-francaises-denoncent-le-sexisme-des-hommes-politiques\\\/184137\\\/#primaryimage\"},\"thumbnailUrl\":\"https:\\\/\\\/www.webdo.tn\\\/fr\\\/wp-content\\\/uploads\\\/2015\\\/05\\\/763269-politique-ump-primaire.jpg\",\"datePublished\":\"2015-05-05T10:57:00+00:00\",\"description\":\"Une info, un ap\u00e9ro , quand 40 journalistes fran\u00e7aises d\u00e9noncent le sexisme des hommes politiques\",\"breadcrumb\":{\"@id\":\"https:\\\/\\\/www.webdo.tn\\\/fr\\\/actualite\\\/international\\\/une-info-un-apero-quand-40-journalistes-francaises-denoncent-le-sexisme-des-hommes-politiques\\\/184137\\\/#breadcrumb\"},\"inLanguage\":\"fr-FR\",\"potentialAction\":[{\"@type\":\"ReadAction\",\"target\":[\"https:\\\/\\\/www.webdo.tn\\\/fr\\\/actualite\\\/international\\\/une-info-un-apero-quand-40-journalistes-francaises-denoncent-le-sexisme-des-hommes-politiques\\\/184137\\\/\"]}]},{\"@type\":\"ImageObject\",\"inLanguage\":\"fr-FR\",\"@id\":\"https:\\\/\\\/www.webdo.tn\\\/fr\\\/actualite\\\/international\\\/une-info-un-apero-quand-40-journalistes-francaises-denoncent-le-sexisme-des-hommes-politiques\\\/184137\\\/#primaryimage\",\"url\":\"https:\\\/\\\/www.webdo.tn\\\/fr\\\/wp-content\\\/uploads\\\/2015\\\/05\\\/763269-politique-ump-primaire.jpg\",\"contentUrl\":\"https:\\\/\\\/www.webdo.tn\\\/fr\\\/wp-content\\\/uploads\\\/2015\\\/05\\\/763269-politique-ump-primaire.jpg\",\"width\":750,\"height\":498,\"caption\":\"\\\"Une info, un ap\u00e9ro\\\", quand 40 journalistes fran\u00e7aises d\u00e9noncent le sexisme des hommes politiques\"},{\"@type\":\"BreadcrumbList\",\"@id\":\"https:\\\/\\\/www.webdo.tn\\\/fr\\\/actualite\\\/international\\\/une-info-un-apero-quand-40-journalistes-francaises-denoncent-le-sexisme-des-hommes-politiques\\\/184137\\\/#breadcrumb\",\"itemListElement\":[{\"@type\":\"ListItem\",\"position\":1,\"name\":\"Accueil\",\"item\":\"https:\\\/\\\/www.webdo.tn\\\/fr\\\/\"},{\"@type\":\"ListItem\",\"position\":2,\"name\":\"\u00ab\u00a0Une info, un ap\u00e9ro\u00a0\u00bb, quand 40 journalistes fran\u00e7aises d\u00e9noncent le sexisme des hommes politiques\"}]},{\"@type\":\"WebSite\",\"@id\":\"https:\\\/\\\/www.webdo.tn\\\/fr\\\/#website\",\"url\":\"https:\\\/\\\/www.webdo.tn\\\/fr\\\/\",\"name\":\"webdo\",\"description\":\"Tunisie - News en Tunisie et \u00e0 l&#039;international sur Webdo.tn\",\"publisher\":{\"@id\":\"https:\\\/\\\/www.webdo.tn\\\/fr\\\/#organization\"},\"potentialAction\":[{\"@type\":\"SearchAction\",\"target\":{\"@type\":\"EntryPoint\",\"urlTemplate\":\"https:\\\/\\\/www.webdo.tn\\\/fr\\\/?s={search_term_string}\"},\"query-input\":{\"@type\":\"PropertyValueSpecification\",\"valueRequired\":true,\"valueName\":\"search_term_string\"}}],\"inLanguage\":\"fr-FR\"},{\"@type\":\"Organization\",\"@id\":\"https:\\\/\\\/www.webdo.tn\\\/fr\\\/#organization\",\"name\":\"Webdo\",\"alternateName\":\"Webdo.tn\",\"url\":\"https:\\\/\\\/www.webdo.tn\\\/fr\\\/\",\"logo\":{\"@type\":\"ImageObject\",\"inLanguage\":\"fr-FR\",\"@id\":\"https:\\\/\\\/www.webdo.tn\\\/fr\\\/#\\\/schema\\\/logo\\\/image\\\/\",\"url\":\"https:\\\/\\\/www.webdo.tn\\\/fr\\\/wp-content\\\/uploads\\\/2025\\\/06\\\/Webdo-Tunisie_168377.jpg\",\"contentUrl\":\"https:\\\/\\\/www.webdo.tn\\\/fr\\\/wp-content\\\/uploads\\\/2025\\\/06\\\/Webdo-Tunisie_168377.jpg\",\"width\":301,\"height\":301,\"caption\":\"Webdo\"},\"image\":{\"@id\":\"https:\\\/\\\/www.webdo.tn\\\/fr\\\/#\\\/schema\\\/logo\\\/image\\\/\"},\"sameAs\":[\"https:\\\/\\\/www.facebook.com\\\/webdotn\",\"https:\\\/\\\/x.com\\\/webdo_tn\"],\"description\":\"Webdo est un m\u00e9dia num\u00e9rique tunisien fond\u00e9 en 2010, sp\u00e9cialis\u00e9 dans l\u2019actualit\u00e9 nationale et internationale, l\u2019\u00e9conomie, la soci\u00e9t\u00e9 et les analyses politiques. Le site s\u2019adresse \u00e0 un large public francophone et couvre l\u2019information tunisienne en temps r\u00e9el.\",\"email\":\"redac@webdo.tn\",\"legalName\":\"YNJ SARL\",\"foundingDate\":\"2010-09-06\",\"numberOfEmployees\":{\"@type\":\"QuantitativeValue\",\"minValue\":\"11\",\"maxValue\":\"50\"}},{\"@type\":\"Person\",\"@id\":\"https:\\\/\\\/www.webdo.tn\\\/fr\\\/#\\\/schema\\\/person\\\/9a9c6118d687c117df8ef3cc36a4d175\",\"name\":\"webdo.tn\",\"image\":{\"@type\":\"ImageObject\",\"inLanguage\":\"fr-FR\",\"@id\":\"https:\\\/\\\/secure.gravatar.com\\\/avatar\\\/7ce1f28c0c3bbac99ff550b85ef8e44a6950c6ee24514fb6a5489e51d06f0298?s=96&d=mm&r=g\",\"url\":\"https:\\\/\\\/secure.gravatar.com\\\/avatar\\\/7ce1f28c0c3bbac99ff550b85ef8e44a6950c6ee24514fb6a5489e51d06f0298?s=96&d=mm&r=g\",\"contentUrl\":\"https:\\\/\\\/secure.gravatar.com\\\/avatar\\\/7ce1f28c0c3bbac99ff550b85ef8e44a6950c6ee24514fb6a5489e51d06f0298?s=96&d=mm&r=g\",\"caption\":\"webdo.tn\"},\"url\":\"https:\\\/\\\/www.webdo.tn\\\/fr\\\/actualite\\\/author\\\/webdotn\\\/\"}]}<\/script>\n<!-- \/ Yoast SEO Premium plugin. -->","yoast_head_json":{"title":"Une info, un ap\u00e9ro , quand 40 journalistes fran\u00e7aises d\u00e9noncent le sexisme des hommes politiques","description":"Une info, un ap\u00e9ro , quand 40 journalistes fran\u00e7aises d\u00e9noncent le sexisme des hommes politiques","canonical":"https:\/\/www.webdo.tn\/fr\/actualite\/international\/une-info-un-apero-quand-40-journalistes-francaises-denoncent-le-sexisme-des-hommes-politiques\/184137\/","og_locale":"fr_FR","og_type":"article","og_title":"\"Une info, un ap\u00e9ro\", quand 40 journalistes fran\u00e7aises d\u00e9noncent le sexisme des hommes politiques","og_description":"Une info, un ap\u00e9ro , quand 40 journalistes fran\u00e7aises d\u00e9noncent le sexisme des hommes politiques","og_url":"https:\/\/www.webdo.tn\/fr\/actualite\/international\/une-info-un-apero-quand-40-journalistes-francaises-denoncent-le-sexisme-des-hommes-politiques\/184137\/","og_site_name":"webdo","article_publisher":"https:\/\/www.facebook.com\/webdotn","article_published_time":"2015-05-05T10:57:00+00:00","og_image":[{"width":750,"height":498,"url":"https:\/\/www.webdo.tn\/fr\/wp-content\/uploads\/2015\/05\/763269-politique-ump-primaire.jpg","type":"image\/jpeg"}],"author":"webdo.tn","twitter_card":"summary_large_image","twitter_creator":"@webdo_tn","twitter_site":"@webdo_tn","twitter_misc":{"\u00c9crit par":"webdo.tn","Dur\u00e9e de lecture estim\u00e9e":"2 minutes"},"schema":{"@context":"https:\/\/schema.org","@graph":[{"@type":"NewsArticle","@id":"https:\/\/www.webdo.tn\/fr\/actualite\/international\/une-info-un-apero-quand-40-journalistes-francaises-denoncent-le-sexisme-des-hommes-politiques\/184137\/#article","isPartOf":{"@id":"https:\/\/www.webdo.tn\/fr\/actualite\/international\/une-info-un-apero-quand-40-journalistes-francaises-denoncent-le-sexisme-des-hommes-politiques\/184137\/"},"author":{"name":"webdo.tn","@id":"https:\/\/www.webdo.tn\/fr\/#\/schema\/person\/9a9c6118d687c117df8ef3cc36a4d175"},"headline":"\u00ab\u00a0Une info, un ap\u00e9ro\u00a0\u00bb, quand 40 journalistes fran\u00e7aises d\u00e9noncent le sexisme des hommes politiques","datePublished":"2015-05-05T10:57:00+00:00","mainEntityOfPage":{"@id":"https:\/\/www.webdo.tn\/fr\/actualite\/international\/une-info-un-apero-quand-40-journalistes-francaises-denoncent-le-sexisme-des-hommes-politiques\/184137\/"},"wordCount":368,"commentCount":0,"publisher":{"@id":"https:\/\/www.webdo.tn\/fr\/#organization"},"image":{"@id":"https:\/\/www.webdo.tn\/fr\/actualite\/international\/une-info-un-apero-quand-40-journalistes-francaises-denoncent-le-sexisme-des-hommes-politiques\/184137\/#primaryimage"},"thumbnailUrl":"https:\/\/www.webdo.tn\/fr\/wp-content\/uploads\/2015\/05\/763269-politique-ump-primaire.jpg","keywords":["guerre"],"articleSection":["International"],"inLanguage":"fr-FR"},{"@type":"WebPage","@id":"https:\/\/www.webdo.tn\/fr\/actualite\/international\/une-info-un-apero-quand-40-journalistes-francaises-denoncent-le-sexisme-des-hommes-politiques\/184137\/","url":"https:\/\/www.webdo.tn\/fr\/actualite\/international\/une-info-un-apero-quand-40-journalistes-francaises-denoncent-le-sexisme-des-hommes-politiques\/184137\/","name":"Une info, un ap\u00e9ro , quand 40 journalistes fran\u00e7aises d\u00e9noncent le sexisme des hommes politiques","isPartOf":{"@id":"https:\/\/www.webdo.tn\/fr\/#website"},"primaryImageOfPage":{"@id":"https:\/\/www.webdo.tn\/fr\/actualite\/international\/une-info-un-apero-quand-40-journalistes-francaises-denoncent-le-sexisme-des-hommes-politiques\/184137\/#primaryimage"},"image":{"@id":"https:\/\/www.webdo.tn\/fr\/actualite\/international\/une-info-un-apero-quand-40-journalistes-francaises-denoncent-le-sexisme-des-hommes-politiques\/184137\/#primaryimage"},"thumbnailUrl":"https:\/\/www.webdo.tn\/fr\/wp-content\/uploads\/2015\/05\/763269-politique-ump-primaire.jpg","datePublished":"2015-05-05T10:57:00+00:00","description":"Une info, un ap\u00e9ro , quand 40 journalistes fran\u00e7aises d\u00e9noncent le sexisme des hommes politiques","breadcrumb":{"@id":"https:\/\/www.webdo.tn\/fr\/actualite\/international\/une-info-un-apero-quand-40-journalistes-francaises-denoncent-le-sexisme-des-hommes-politiques\/184137\/#breadcrumb"},"inLanguage":"fr-FR","potentialAction":[{"@type":"ReadAction","target":["https:\/\/www.webdo.tn\/fr\/actualite\/international\/une-info-un-apero-quand-40-journalistes-francaises-denoncent-le-sexisme-des-hommes-politiques\/184137\/"]}]},{"@type":"ImageObject","inLanguage":"fr-FR","@id":"https:\/\/www.webdo.tn\/fr\/actualite\/international\/une-info-un-apero-quand-40-journalistes-francaises-denoncent-le-sexisme-des-hommes-politiques\/184137\/#primaryimage","url":"https:\/\/www.webdo.tn\/fr\/wp-content\/uploads\/2015\/05\/763269-politique-ump-primaire.jpg","contentUrl":"https:\/\/www.webdo.tn\/fr\/wp-content\/uploads\/2015\/05\/763269-politique-ump-primaire.jpg","width":750,"height":498,"caption":"\"Une info, un ap\u00e9ro\", quand 40 journalistes fran\u00e7aises d\u00e9noncent le sexisme des hommes politiques"},{"@type":"BreadcrumbList","@id":"https:\/\/www.webdo.tn\/fr\/actualite\/international\/une-info-un-apero-quand-40-journalistes-francaises-denoncent-le-sexisme-des-hommes-politiques\/184137\/#breadcrumb","itemListElement":[{"@type":"ListItem","position":1,"name":"Accueil","item":"https:\/\/www.webdo.tn\/fr\/"},{"@type":"ListItem","position":2,"name":"\u00ab\u00a0Une info, un ap\u00e9ro\u00a0\u00bb, quand 40 journalistes fran\u00e7aises d\u00e9noncent le sexisme des hommes politiques"}]},{"@type":"WebSite","@id":"https:\/\/www.webdo.tn\/fr\/#website","url":"https:\/\/www.webdo.tn\/fr\/","name":"webdo","description":"Tunisie - News en Tunisie et \u00e0 l&#039;international sur Webdo.tn","publisher":{"@id":"https:\/\/www.webdo.tn\/fr\/#organization"},"potentialAction":[{"@type":"SearchAction","target":{"@type":"EntryPoint","urlTemplate":"https:\/\/www.webdo.tn\/fr\/?s={search_term_string}"},"query-input":{"@type":"PropertyValueSpecification","valueRequired":true,"valueName":"search_term_string"}}],"inLanguage":"fr-FR"},{"@type":"Organization","@id":"https:\/\/www.webdo.tn\/fr\/#organization","name":"Webdo","alternateName":"Webdo.tn","url":"https:\/\/www.webdo.tn\/fr\/","logo":{"@type":"ImageObject","inLanguage":"fr-FR","@id":"https:\/\/www.webdo.tn\/fr\/#\/schema\/logo\/image\/","url":"https:\/\/www.webdo.tn\/fr\/wp-content\/uploads\/2025\/06\/Webdo-Tunisie_168377.jpg","contentUrl":"https:\/\/www.webdo.tn\/fr\/wp-content\/uploads\/2025\/06\/Webdo-Tunisie_168377.jpg","width":301,"height":301,"caption":"Webdo"},"image":{"@id":"https:\/\/www.webdo.tn\/fr\/#\/schema\/logo\/image\/"},"sameAs":["https:\/\/www.facebook.com\/webdotn","https:\/\/x.com\/webdo_tn"],"description":"Webdo est un m\u00e9dia num\u00e9rique tunisien fond\u00e9 en 2010, sp\u00e9cialis\u00e9 dans l\u2019actualit\u00e9 nationale et internationale, l\u2019\u00e9conomie, la soci\u00e9t\u00e9 et les analyses politiques. Le site s\u2019adresse \u00e0 un large public francophone et couvre l\u2019information tunisienne en temps r\u00e9el.","email":"redac@webdo.tn","legalName":"YNJ SARL","foundingDate":"2010-09-06","numberOfEmployees":{"@type":"QuantitativeValue","minValue":"11","maxValue":"50"}},{"@type":"Person","@id":"https:\/\/www.webdo.tn\/fr\/#\/schema\/person\/9a9c6118d687c117df8ef3cc36a4d175","name":"webdo.tn","image":{"@type":"ImageObject","inLanguage":"fr-FR","@id":"https:\/\/secure.gravatar.com\/avatar\/7ce1f28c0c3bbac99ff550b85ef8e44a6950c6ee24514fb6a5489e51d06f0298?s=96&d=mm&r=g","url":"https:\/\/secure.gravatar.com\/avatar\/7ce1f28c0c3bbac99ff550b85ef8e44a6950c6ee24514fb6a5489e51d06f0298?s=96&d=mm&r=g","contentUrl":"https:\/\/secure.gravatar.com\/avatar\/7ce1f28c0c3bbac99ff550b85ef8e44a6950c6ee24514fb6a5489e51d06f0298?s=96&d=mm&r=g","caption":"webdo.tn"},"url":"https:\/\/www.webdo.tn\/fr\/actualite\/author\/webdotn\/"}]}},"_links":{"self":[{"href":"https:\/\/www.webdo.tn\/fr\/wp-json\/wp\/v2\/posts\/184137","targetHints":{"allow":["GET"]}}],"collection":[{"href":"https:\/\/www.webdo.tn\/fr\/wp-json\/wp\/v2\/posts"}],"about":[{"href":"https:\/\/www.webdo.tn\/fr\/wp-json\/wp\/v2\/types\/post"}],"author":[{"embeddable":true,"href":"https:\/\/www.webdo.tn\/fr\/wp-json\/wp\/v2\/users\/3222"}],"replies":[{"embeddable":true,"href":"https:\/\/www.webdo.tn\/fr\/wp-json\/wp\/v2\/comments?post=184137"}],"version-history":[{"count":0,"href":"https:\/\/www.webdo.tn\/fr\/wp-json\/wp\/v2\/posts\/184137\/revisions"}],"wp:featuredmedia":[{"embeddable":true,"href":"https:\/\/www.webdo.tn\/fr\/wp-json\/wp\/v2\/media\/330154"}],"wp:attachment":[{"href":"https:\/\/www.webdo.tn\/fr\/wp-json\/wp\/v2\/media?parent=184137"}],"wp:term":[{"taxonomy":"category","embeddable":true,"href":"https:\/\/www.webdo.tn\/fr\/wp-json\/wp\/v2\/categories?post=184137"},{"taxonomy":"post_tag","embeddable":true,"href":"https:\/\/www.webdo.tn\/fr\/wp-json\/wp\/v2\/tags?post=184137"}],"curies":[{"name":"wp","href":"https:\/\/api.w.org\/{rel}","templated":true}]}}