{"id":184136,"date":"2015-05-05T17:34:00","date_gmt":"2015-05-05T17:34:00","guid":{"rendered":"https:\/\/www.webdo.tn\/fr\/blog\/france-robert-menard-veut-ficher-les-eleves-musulmans\/184136\/"},"modified":"2015-05-05T17:34:00","modified_gmt":"2015-05-05T17:34:00","slug":"france-robert-menard-veut-ficher-les-eleves-musulmans","status":"publish","type":"post","link":"https:\/\/www.webdo.tn\/fr\/actualite\/international\/france-robert-menard-veut-ficher-les-eleves-musulmans\/184136\/","title":{"rendered":"France : Robert M\u00e9nard veut ficher les \u00e9l\u00e8ves musulmans"},"content":{"rendered":"<p>Une enqu\u00eate\u00a0a \u00e9t\u00e9 ouverte \u00e0 la mairie de B\u00e9ziers en France, ce mardi 5 mai,\u00a0suite \u00e0 la d\u00e9claration du maire de\u00a0la ville, Robert M\u00e9nard, qui envisage de\u00a0ficher les \u00e9coliers de la ville en fonction de leur confession religieuse.<br \/>\nFran\u00e7ois Hollande s&rsquo;indigne de l&rsquo;attitude du maire de B\u00e9ziers<br \/>\nLa mairie de B\u00e9ziers se d\u00e9fend, quant \u00e0 lui, de n&rsquo;avoir \u00ab\u00a0jamais constitu\u00e9 de fichiers des enfants scolaris\u00e9s dans des \u00e9coles publiques de la ville.\u00a0\u00bb Une enqu\u00eate a \u00e9t\u00e9 ouverte et la mairie a \u00e9t\u00e9 perquisitionn\u00e9e par le Service R\u00e9gional de la Police Judiciaire (SRPJ), ce mardi 5 mai.<\/p>\n<p>Selon son \u00e9valuation du nombre\u00a0de musulmans au sein des \u00e9coles de B\u00e9ziers,\u00a0Robert M\u00e9nard\u00a0estime le chiffre \u00e0 64,6% : \u00ab\u00a0Ce sont les chiffres de ma mairie. Pardon de\u00a0le dire, le maire a, classe par classe, les noms des enfants. Je sais que je n&rsquo;ai pas le droit mais on le fait. Pardon de le dire, les pr\u00e9noms disent les confessions. Dire l&rsquo;inverse, c&rsquo;est nier une \u00e9vidence.\u00a0\u00bb<br \/>\n[quote_box_center]Il y a des principes dans la R\u00e9publique et, quand ils sont gravement atteints, les tribunaux en sont saisis et des sanctions seront prononc\u00e9es par les juges comp\u00e9tents. [&#8230;] Dans un pays comme la France, il ne peut y avoir de fichage d&rsquo;\u00e9l\u00e8ves dans les \u00e9coles, en fonction de leurs noms (qui sugg\u00e9rerait) leur religion. C&rsquo;est contraire \u00e0 toutes les valeurs de la R\u00e9publique, a d\u00e9clar\u00e9 Fran\u00e7ois Hollande, pr\u00e9sident de la R\u00e9publique.[\/quote_box_center]<br \/>\nManuel Valls, Premier ministre, s&rsquo;indigne \u00e9galement des m\u00e9thodes du maire de B\u00e9ziers.<\/p>\n<p>Honte au Maire de B\u00e9ziers. La R\u00e9publique ne fait AUCUNE distinction parmi ses enfants. MV<br \/>\n\u2014 Manuel Valls (@manuelvalls) 5 Mai 2015<\/p>\n<p>300.000 euros d&rsquo;amendes et cinq ans de prison<br \/>\nSelon l&rsquo;article 225-1 du code p\u00e9nal, \u00ab\u00a0constitue une discrimination toute distinction op\u00e9r\u00e9e entre les personnes physiques \u00e0 raison de leur origine, de leur sexe, de leur situation de famille, de leur apparence physique, de leur patronyme, (&#8230;) , de leur appartenance ou de leur non-appartenance, vraie ou suppos\u00e9e, \u00e0 une ethnie, une nation, une race ou une religion d\u00e9termin\u00e9e\u00a0\u00bb.<\/p>\n<p>Cette pratique est interdite par la loi, et le non-respect de cette interdiction peut entra\u00eener une peine de cinq ans de prison et de 300.000 euros d&rsquo;amende, en vertu de\u00a0l&rsquo;article 226-1 du code p\u00e9nal.<\/p>\n<p>Robert M\u00e9nard a d\u00e9j\u00e0 \u00e9t\u00e9 entendu pour diverses pol\u00e9miques. C&rsquo;est apr\u00e8s une publicit\u00e9 vantant l&rsquo;armement des policiers municipaux, ou encore l&rsquo;\u00e9tablissement d&rsquo;un couvre-feu pour les mineurs de moins de 13 ans, que le maire d&rsquo;extr\u00eame droite\u00a0de B\u00e9ziers a pr\u00e9sent\u00e9 son projet d&rsquo;\u00e9tablir des statistiques ethniques sur le plateau de l&rsquo;\u00e9mission TV \u00ab\u00a0Mots Crois\u00e9s\u00a0\u00bb sur France 2.<\/p>\n","protected":false},"excerpt":{"rendered":"<p>France : Robert M\u00e9nard veut ficher les \u00e9l\u00e8ves musulmans<\/p>\n","protected":false},"author":3222,"featured_media":335828,"comment_status":"open","ping_status":"closed","sticky":false,"template":"","format":"standard","meta":{"footnotes":""},"categories":[2598],"tags":[2600],"class_list":["post-184136","post","type-post","status-publish","format-standard","has-post-thumbnail","hentry","category-international","tag-guerre"],"yoast_head":"<!-- This site is optimized with the Yoast SEO Premium plugin v27.5 (Yoast SEO v27.5) - https:\/\/yoast.com\/product\/yoast-seo-premium-wordpress\/ -->\n<title>France : Robert M\u00e9nard veut ficher les \u00e9l\u00e8ves musulmans<\/title>\n<meta name=\"description\" content=\"France : Robert M\u00e9nard veut ficher les \u00e9l\u00e8ves musulmans\" \/>\n<link rel=\"canonical\" href=\"https:\/\/www.webdo.tn\/fr\/actualite\/international\/france-robert-menard-veut-ficher-les-eleves-musulmans\/184136\/\" \/>\n<meta property=\"og:locale\" content=\"fr_FR\" \/>\n<meta property=\"og:type\" content=\"article\" \/>\n<meta property=\"og:title\" content=\"France : Robert M\u00e9nard veut ficher les \u00e9l\u00e8ves musulmans\" \/>\n<meta property=\"og:description\" content=\"France : Robert M\u00e9nard veut ficher les \u00e9l\u00e8ves musulmans\" \/>\n<meta property=\"og:url\" content=\"https:\/\/www.webdo.tn\/fr\/actualite\/international\/france-robert-menard-veut-ficher-les-eleves-musulmans\/184136\/\" \/>\n<meta property=\"og:site_name\" content=\"webdo\" \/>\n<meta property=\"article:publisher\" content=\"https:\/\/www.facebook.com\/webdotn\" \/>\n<meta property=\"article:published_time\" content=\"2015-05-05T17:34:00+00:00\" \/>\n<meta property=\"og:image\" content=\"https:\/\/www.webdo.tn\/fr\/wp-content\/uploads\/2015\/05\/robert-menard-est-le-nouveau-maire-de-beziers-depuis-hier_854143_667x333-300x150-1.jpg\" \/>\n\t<meta property=\"og:image:width\" content=\"300\" \/>\n\t<meta property=\"og:image:height\" content=\"150\" \/>\n\t<meta property=\"og:image:type\" content=\"image\/jpeg\" \/>\n<meta name=\"author\" content=\"webdo.tn\" \/>\n<meta name=\"twitter:card\" content=\"summary_large_image\" \/>\n<meta name=\"twitter:creator\" content=\"@webdo_tn\" \/>\n<meta name=\"twitter:site\" content=\"@webdo_tn\" \/>\n<meta name=\"twitter:label1\" content=\"\u00c9crit par\" \/>\n\t<meta name=\"twitter:data1\" content=\"webdo.tn\" \/>\n\t<meta name=\"twitter:label2\" content=\"Dur\u00e9e de lecture estim\u00e9e\" \/>\n\t<meta name=\"twitter:data2\" content=\"2 minutes\" \/>\n<script type=\"application\/ld+json\" class=\"yoast-schema-graph\">{\"@context\":\"https:\\\/\\\/schema.org\",\"@graph\":[{\"@type\":\"NewsArticle\",\"@id\":\"https:\\\/\\\/www.webdo.tn\\\/fr\\\/actualite\\\/international\\\/france-robert-menard-veut-ficher-les-eleves-musulmans\\\/184136\\\/#article\",\"isPartOf\":{\"@id\":\"https:\\\/\\\/www.webdo.tn\\\/fr\\\/actualite\\\/international\\\/france-robert-menard-veut-ficher-les-eleves-musulmans\\\/184136\\\/\"},\"author\":{\"name\":\"webdo.tn\",\"@id\":\"https:\\\/\\\/www.webdo.tn\\\/fr\\\/#\\\/schema\\\/person\\\/9a9c6118d687c117df8ef3cc36a4d175\"},\"headline\":\"France : Robert M\u00e9nard veut ficher les \u00e9l\u00e8ves musulmans\",\"datePublished\":\"2015-05-05T17:34:00+00:00\",\"mainEntityOfPage\":{\"@id\":\"https:\\\/\\\/www.webdo.tn\\\/fr\\\/actualite\\\/international\\\/france-robert-menard-veut-ficher-les-eleves-musulmans\\\/184136\\\/\"},\"wordCount\":494,\"commentCount\":0,\"publisher\":{\"@id\":\"https:\\\/\\\/www.webdo.tn\\\/fr\\\/#organization\"},\"image\":{\"@id\":\"https:\\\/\\\/www.webdo.tn\\\/fr\\\/actualite\\\/international\\\/france-robert-menard-veut-ficher-les-eleves-musulmans\\\/184136\\\/#primaryimage\"},\"thumbnailUrl\":\"https:\\\/\\\/www.webdo.tn\\\/fr\\\/wp-content\\\/uploads\\\/2015\\\/05\\\/robert-menard-est-le-nouveau-maire-de-beziers-depuis-hier_854143_667x333-300x150-1.jpg\",\"keywords\":[\"guerre\"],\"articleSection\":[\"International\"],\"inLanguage\":\"fr-FR\"},{\"@type\":\"WebPage\",\"@id\":\"https:\\\/\\\/www.webdo.tn\\\/fr\\\/actualite\\\/international\\\/france-robert-menard-veut-ficher-les-eleves-musulmans\\\/184136\\\/\",\"url\":\"https:\\\/\\\/www.webdo.tn\\\/fr\\\/actualite\\\/international\\\/france-robert-menard-veut-ficher-les-eleves-musulmans\\\/184136\\\/\",\"name\":\"France : Robert M\u00e9nard veut ficher les \u00e9l\u00e8ves musulmans\",\"isPartOf\":{\"@id\":\"https:\\\/\\\/www.webdo.tn\\\/fr\\\/#website\"},\"primaryImageOfPage\":{\"@id\":\"https:\\\/\\\/www.webdo.tn\\\/fr\\\/actualite\\\/international\\\/france-robert-menard-veut-ficher-les-eleves-musulmans\\\/184136\\\/#primaryimage\"},\"image\":{\"@id\":\"https:\\\/\\\/www.webdo.tn\\\/fr\\\/actualite\\\/international\\\/france-robert-menard-veut-ficher-les-eleves-musulmans\\\/184136\\\/#primaryimage\"},\"thumbnailUrl\":\"https:\\\/\\\/www.webdo.tn\\\/fr\\\/wp-content\\\/uploads\\\/2015\\\/05\\\/robert-menard-est-le-nouveau-maire-de-beziers-depuis-hier_854143_667x333-300x150-1.jpg\",\"datePublished\":\"2015-05-05T17:34:00+00:00\",\"description\":\"France : Robert M\u00e9nard veut ficher les \u00e9l\u00e8ves musulmans\",\"breadcrumb\":{\"@id\":\"https:\\\/\\\/www.webdo.tn\\\/fr\\\/actualite\\\/international\\\/france-robert-menard-veut-ficher-les-eleves-musulmans\\\/184136\\\/#breadcrumb\"},\"inLanguage\":\"fr-FR\",\"potentialAction\":[{\"@type\":\"ReadAction\",\"target\":[\"https:\\\/\\\/www.webdo.tn\\\/fr\\\/actualite\\\/international\\\/france-robert-menard-veut-ficher-les-eleves-musulmans\\\/184136\\\/\"]}]},{\"@type\":\"ImageObject\",\"inLanguage\":\"fr-FR\",\"@id\":\"https:\\\/\\\/www.webdo.tn\\\/fr\\\/actualite\\\/international\\\/france-robert-menard-veut-ficher-les-eleves-musulmans\\\/184136\\\/#primaryimage\",\"url\":\"https:\\\/\\\/www.webdo.tn\\\/fr\\\/wp-content\\\/uploads\\\/2015\\\/05\\\/robert-menard-est-le-nouveau-maire-de-beziers-depuis-hier_854143_667x333-300x150-1.jpg\",\"contentUrl\":\"https:\\\/\\\/www.webdo.tn\\\/fr\\\/wp-content\\\/uploads\\\/2015\\\/05\\\/robert-menard-est-le-nouveau-maire-de-beziers-depuis-hier_854143_667x333-300x150-1.jpg\",\"width\":300,\"height\":150,\"caption\":\"France : Robert M\u00e9nard veut ficher les \u00e9l\u00e8ves musulmans\"},{\"@type\":\"BreadcrumbList\",\"@id\":\"https:\\\/\\\/www.webdo.tn\\\/fr\\\/actualite\\\/international\\\/france-robert-menard-veut-ficher-les-eleves-musulmans\\\/184136\\\/#breadcrumb\",\"itemListElement\":[{\"@type\":\"ListItem\",\"position\":1,\"name\":\"Accueil\",\"item\":\"https:\\\/\\\/www.webdo.tn\\\/fr\\\/\"},{\"@type\":\"ListItem\",\"position\":2,\"name\":\"France : Robert M\u00e9nard veut ficher les \u00e9l\u00e8ves musulmans\"}]},{\"@type\":\"WebSite\",\"@id\":\"https:\\\/\\\/www.webdo.tn\\\/fr\\\/#website\",\"url\":\"https:\\\/\\\/www.webdo.tn\\\/fr\\\/\",\"name\":\"webdo\",\"description\":\"Tunisie - News en Tunisie et \u00e0 l&#039;international sur Webdo.tn\",\"publisher\":{\"@id\":\"https:\\\/\\\/www.webdo.tn\\\/fr\\\/#organization\"},\"potentialAction\":[{\"@type\":\"SearchAction\",\"target\":{\"@type\":\"EntryPoint\",\"urlTemplate\":\"https:\\\/\\\/www.webdo.tn\\\/fr\\\/?s={search_term_string}\"},\"query-input\":{\"@type\":\"PropertyValueSpecification\",\"valueRequired\":true,\"valueName\":\"search_term_string\"}}],\"inLanguage\":\"fr-FR\"},{\"@type\":\"Organization\",\"@id\":\"https:\\\/\\\/www.webdo.tn\\\/fr\\\/#organization\",\"name\":\"Webdo\",\"alternateName\":\"Webdo.tn\",\"url\":\"https:\\\/\\\/www.webdo.tn\\\/fr\\\/\",\"logo\":{\"@type\":\"ImageObject\",\"inLanguage\":\"fr-FR\",\"@id\":\"https:\\\/\\\/www.webdo.tn\\\/fr\\\/#\\\/schema\\\/logo\\\/image\\\/\",\"url\":\"https:\\\/\\\/www.webdo.tn\\\/fr\\\/wp-content\\\/uploads\\\/2025\\\/06\\\/Webdo-Tunisie_168377.jpg\",\"contentUrl\":\"https:\\\/\\\/www.webdo.tn\\\/fr\\\/wp-content\\\/uploads\\\/2025\\\/06\\\/Webdo-Tunisie_168377.jpg\",\"width\":301,\"height\":301,\"caption\":\"Webdo\"},\"image\":{\"@id\":\"https:\\\/\\\/www.webdo.tn\\\/fr\\\/#\\\/schema\\\/logo\\\/image\\\/\"},\"sameAs\":[\"https:\\\/\\\/www.facebook.com\\\/webdotn\",\"https:\\\/\\\/x.com\\\/webdo_tn\"],\"description\":\"Webdo est un m\u00e9dia num\u00e9rique tunisien fond\u00e9 en 2010, sp\u00e9cialis\u00e9 dans l\u2019actualit\u00e9 nationale et internationale, l\u2019\u00e9conomie, la soci\u00e9t\u00e9 et les analyses politiques. Le site s\u2019adresse \u00e0 un large public francophone et couvre l\u2019information tunisienne en temps r\u00e9el.\",\"email\":\"redac@webdo.tn\",\"legalName\":\"YNJ SARL\",\"foundingDate\":\"2010-09-06\",\"numberOfEmployees\":{\"@type\":\"QuantitativeValue\",\"minValue\":\"11\",\"maxValue\":\"50\"}},{\"@type\":\"Person\",\"@id\":\"https:\\\/\\\/www.webdo.tn\\\/fr\\\/#\\\/schema\\\/person\\\/9a9c6118d687c117df8ef3cc36a4d175\",\"name\":\"webdo.tn\",\"image\":{\"@type\":\"ImageObject\",\"inLanguage\":\"fr-FR\",\"@id\":\"https:\\\/\\\/secure.gravatar.com\\\/avatar\\\/7ce1f28c0c3bbac99ff550b85ef8e44a6950c6ee24514fb6a5489e51d06f0298?s=96&d=mm&r=g\",\"url\":\"https:\\\/\\\/secure.gravatar.com\\\/avatar\\\/7ce1f28c0c3bbac99ff550b85ef8e44a6950c6ee24514fb6a5489e51d06f0298?s=96&d=mm&r=g\",\"contentUrl\":\"https:\\\/\\\/secure.gravatar.com\\\/avatar\\\/7ce1f28c0c3bbac99ff550b85ef8e44a6950c6ee24514fb6a5489e51d06f0298?s=96&d=mm&r=g\",\"caption\":\"webdo.tn\"},\"url\":\"https:\\\/\\\/www.webdo.tn\\\/fr\\\/actualite\\\/author\\\/webdotn\\\/\"}]}<\/script>\n<!-- \/ Yoast SEO Premium plugin. -->","yoast_head_json":{"title":"France : Robert M\u00e9nard veut ficher les \u00e9l\u00e8ves musulmans","description":"France : Robert M\u00e9nard veut ficher les \u00e9l\u00e8ves musulmans","canonical":"https:\/\/www.webdo.tn\/fr\/actualite\/international\/france-robert-menard-veut-ficher-les-eleves-musulmans\/184136\/","og_locale":"fr_FR","og_type":"article","og_title":"France : Robert M\u00e9nard veut ficher les \u00e9l\u00e8ves musulmans","og_description":"France : Robert M\u00e9nard veut ficher les \u00e9l\u00e8ves musulmans","og_url":"https:\/\/www.webdo.tn\/fr\/actualite\/international\/france-robert-menard-veut-ficher-les-eleves-musulmans\/184136\/","og_site_name":"webdo","article_publisher":"https:\/\/www.facebook.com\/webdotn","article_published_time":"2015-05-05T17:34:00+00:00","og_image":[{"width":300,"height":150,"url":"https:\/\/www.webdo.tn\/fr\/wp-content\/uploads\/2015\/05\/robert-menard-est-le-nouveau-maire-de-beziers-depuis-hier_854143_667x333-300x150-1.jpg","type":"image\/jpeg"}],"author":"webdo.tn","twitter_card":"summary_large_image","twitter_creator":"@webdo_tn","twitter_site":"@webdo_tn","twitter_misc":{"\u00c9crit par":"webdo.tn","Dur\u00e9e de lecture estim\u00e9e":"2 minutes"},"schema":{"@context":"https:\/\/schema.org","@graph":[{"@type":"NewsArticle","@id":"https:\/\/www.webdo.tn\/fr\/actualite\/international\/france-robert-menard-veut-ficher-les-eleves-musulmans\/184136\/#article","isPartOf":{"@id":"https:\/\/www.webdo.tn\/fr\/actualite\/international\/france-robert-menard-veut-ficher-les-eleves-musulmans\/184136\/"},"author":{"name":"webdo.tn","@id":"https:\/\/www.webdo.tn\/fr\/#\/schema\/person\/9a9c6118d687c117df8ef3cc36a4d175"},"headline":"France : Robert M\u00e9nard veut ficher les \u00e9l\u00e8ves musulmans","datePublished":"2015-05-05T17:34:00+00:00","mainEntityOfPage":{"@id":"https:\/\/www.webdo.tn\/fr\/actualite\/international\/france-robert-menard-veut-ficher-les-eleves-musulmans\/184136\/"},"wordCount":494,"commentCount":0,"publisher":{"@id":"https:\/\/www.webdo.tn\/fr\/#organization"},"image":{"@id":"https:\/\/www.webdo.tn\/fr\/actualite\/international\/france-robert-menard-veut-ficher-les-eleves-musulmans\/184136\/#primaryimage"},"thumbnailUrl":"https:\/\/www.webdo.tn\/fr\/wp-content\/uploads\/2015\/05\/robert-menard-est-le-nouveau-maire-de-beziers-depuis-hier_854143_667x333-300x150-1.jpg","keywords":["guerre"],"articleSection":["International"],"inLanguage":"fr-FR"},{"@type":"WebPage","@id":"https:\/\/www.webdo.tn\/fr\/actualite\/international\/france-robert-menard-veut-ficher-les-eleves-musulmans\/184136\/","url":"https:\/\/www.webdo.tn\/fr\/actualite\/international\/france-robert-menard-veut-ficher-les-eleves-musulmans\/184136\/","name":"France : Robert M\u00e9nard veut ficher les \u00e9l\u00e8ves musulmans","isPartOf":{"@id":"https:\/\/www.webdo.tn\/fr\/#website"},"primaryImageOfPage":{"@id":"https:\/\/www.webdo.tn\/fr\/actualite\/international\/france-robert-menard-veut-ficher-les-eleves-musulmans\/184136\/#primaryimage"},"image":{"@id":"https:\/\/www.webdo.tn\/fr\/actualite\/international\/france-robert-menard-veut-ficher-les-eleves-musulmans\/184136\/#primaryimage"},"thumbnailUrl":"https:\/\/www.webdo.tn\/fr\/wp-content\/uploads\/2015\/05\/robert-menard-est-le-nouveau-maire-de-beziers-depuis-hier_854143_667x333-300x150-1.jpg","datePublished":"2015-05-05T17:34:00+00:00","description":"France : Robert M\u00e9nard veut ficher les \u00e9l\u00e8ves musulmans","breadcrumb":{"@id":"https:\/\/www.webdo.tn\/fr\/actualite\/international\/france-robert-menard-veut-ficher-les-eleves-musulmans\/184136\/#breadcrumb"},"inLanguage":"fr-FR","potentialAction":[{"@type":"ReadAction","target":["https:\/\/www.webdo.tn\/fr\/actualite\/international\/france-robert-menard-veut-ficher-les-eleves-musulmans\/184136\/"]}]},{"@type":"ImageObject","inLanguage":"fr-FR","@id":"https:\/\/www.webdo.tn\/fr\/actualite\/international\/france-robert-menard-veut-ficher-les-eleves-musulmans\/184136\/#primaryimage","url":"https:\/\/www.webdo.tn\/fr\/wp-content\/uploads\/2015\/05\/robert-menard-est-le-nouveau-maire-de-beziers-depuis-hier_854143_667x333-300x150-1.jpg","contentUrl":"https:\/\/www.webdo.tn\/fr\/wp-content\/uploads\/2015\/05\/robert-menard-est-le-nouveau-maire-de-beziers-depuis-hier_854143_667x333-300x150-1.jpg","width":300,"height":150,"caption":"France : Robert M\u00e9nard veut ficher les \u00e9l\u00e8ves musulmans"},{"@type":"BreadcrumbList","@id":"https:\/\/www.webdo.tn\/fr\/actualite\/international\/france-robert-menard-veut-ficher-les-eleves-musulmans\/184136\/#breadcrumb","itemListElement":[{"@type":"ListItem","position":1,"name":"Accueil","item":"https:\/\/www.webdo.tn\/fr\/"},{"@type":"ListItem","position":2,"name":"France : Robert M\u00e9nard veut ficher les \u00e9l\u00e8ves musulmans"}]},{"@type":"WebSite","@id":"https:\/\/www.webdo.tn\/fr\/#website","url":"https:\/\/www.webdo.tn\/fr\/","name":"webdo","description":"Tunisie - News en Tunisie et \u00e0 l&#039;international sur Webdo.tn","publisher":{"@id":"https:\/\/www.webdo.tn\/fr\/#organization"},"potentialAction":[{"@type":"SearchAction","target":{"@type":"EntryPoint","urlTemplate":"https:\/\/www.webdo.tn\/fr\/?s={search_term_string}"},"query-input":{"@type":"PropertyValueSpecification","valueRequired":true,"valueName":"search_term_string"}}],"inLanguage":"fr-FR"},{"@type":"Organization","@id":"https:\/\/www.webdo.tn\/fr\/#organization","name":"Webdo","alternateName":"Webdo.tn","url":"https:\/\/www.webdo.tn\/fr\/","logo":{"@type":"ImageObject","inLanguage":"fr-FR","@id":"https:\/\/www.webdo.tn\/fr\/#\/schema\/logo\/image\/","url":"https:\/\/www.webdo.tn\/fr\/wp-content\/uploads\/2025\/06\/Webdo-Tunisie_168377.jpg","contentUrl":"https:\/\/www.webdo.tn\/fr\/wp-content\/uploads\/2025\/06\/Webdo-Tunisie_168377.jpg","width":301,"height":301,"caption":"Webdo"},"image":{"@id":"https:\/\/www.webdo.tn\/fr\/#\/schema\/logo\/image\/"},"sameAs":["https:\/\/www.facebook.com\/webdotn","https:\/\/x.com\/webdo_tn"],"description":"Webdo est un m\u00e9dia num\u00e9rique tunisien fond\u00e9 en 2010, sp\u00e9cialis\u00e9 dans l\u2019actualit\u00e9 nationale et internationale, l\u2019\u00e9conomie, la soci\u00e9t\u00e9 et les analyses politiques. Le site s\u2019adresse \u00e0 un large public francophone et couvre l\u2019information tunisienne en temps r\u00e9el.","email":"redac@webdo.tn","legalName":"YNJ SARL","foundingDate":"2010-09-06","numberOfEmployees":{"@type":"QuantitativeValue","minValue":"11","maxValue":"50"}},{"@type":"Person","@id":"https:\/\/www.webdo.tn\/fr\/#\/schema\/person\/9a9c6118d687c117df8ef3cc36a4d175","name":"webdo.tn","image":{"@type":"ImageObject","inLanguage":"fr-FR","@id":"https:\/\/secure.gravatar.com\/avatar\/7ce1f28c0c3bbac99ff550b85ef8e44a6950c6ee24514fb6a5489e51d06f0298?s=96&d=mm&r=g","url":"https:\/\/secure.gravatar.com\/avatar\/7ce1f28c0c3bbac99ff550b85ef8e44a6950c6ee24514fb6a5489e51d06f0298?s=96&d=mm&r=g","contentUrl":"https:\/\/secure.gravatar.com\/avatar\/7ce1f28c0c3bbac99ff550b85ef8e44a6950c6ee24514fb6a5489e51d06f0298?s=96&d=mm&r=g","caption":"webdo.tn"},"url":"https:\/\/www.webdo.tn\/fr\/actualite\/author\/webdotn\/"}]}},"_links":{"self":[{"href":"https:\/\/www.webdo.tn\/fr\/wp-json\/wp\/v2\/posts\/184136","targetHints":{"allow":["GET"]}}],"collection":[{"href":"https:\/\/www.webdo.tn\/fr\/wp-json\/wp\/v2\/posts"}],"about":[{"href":"https:\/\/www.webdo.tn\/fr\/wp-json\/wp\/v2\/types\/post"}],"author":[{"embeddable":true,"href":"https:\/\/www.webdo.tn\/fr\/wp-json\/wp\/v2\/users\/3222"}],"replies":[{"embeddable":true,"href":"https:\/\/www.webdo.tn\/fr\/wp-json\/wp\/v2\/comments?post=184136"}],"version-history":[{"count":0,"href":"https:\/\/www.webdo.tn\/fr\/wp-json\/wp\/v2\/posts\/184136\/revisions"}],"wp:featuredmedia":[{"embeddable":true,"href":"https:\/\/www.webdo.tn\/fr\/wp-json\/wp\/v2\/media\/335828"}],"wp:attachment":[{"href":"https:\/\/www.webdo.tn\/fr\/wp-json\/wp\/v2\/media?parent=184136"}],"wp:term":[{"taxonomy":"category","embeddable":true,"href":"https:\/\/www.webdo.tn\/fr\/wp-json\/wp\/v2\/categories?post=184136"},{"taxonomy":"post_tag","embeddable":true,"href":"https:\/\/www.webdo.tn\/fr\/wp-json\/wp\/v2\/tags?post=184136"}],"curies":[{"name":"wp","href":"https:\/\/api.w.org\/{rel}","templated":true}]}}