{"id":184133,"date":"2015-05-09T11:19:00","date_gmt":"2015-05-09T11:19:00","guid":{"rendered":"https:\/\/www.webdo.tn\/fr\/blog\/le-chef-dal-jazeera-a-islamabad-place-sur-une-liste-de-personnes-suspectees-de-terrorisme-par-les-usa\/184133\/"},"modified":"2015-05-09T11:19:00","modified_gmt":"2015-05-09T11:19:00","slug":"le-chef-dal-jazeera-a-islamabad-place-sur-une-liste-de-personnes-suspectees-de-terrorisme-par-les-usa","status":"publish","type":"post","link":"https:\/\/www.webdo.tn\/fr\/actualite\/international\/le-chef-dal-jazeera-a-islamabad-place-sur-une-liste-de-personnes-suspectees-de-terrorisme-par-les-usa\/184133\/","title":{"rendered":"Le chef d&rsquo;Al Jazeera \u00e0 Islamabad plac\u00e9 sur une liste de personnes \u00ab suspect\u00e9es de terrorisme \u00bb par les USA"},"content":{"rendered":"<p>Le chef du bureau d&rsquo;Al Jazeera \u00e0 Islamabad (Pakistan),\u00a0Ahmad Muaffaq Zaidan, a \u00e9t\u00e9 plac\u00e9 par les Etats-Unis sur une liste de personnes\u00a0\u00ab suspect\u00e9es d&rsquo;activit\u00e9s terroristes \u00bb, a r\u00e9v\u00e9l\u00e9 le site The Intercept, vendredi 8 mai.<\/p>\n<p>Le\u00a0journaliste d&rsquo;Al Jazeera d&rsquo;origine syrienne appara\u00eet sur un document de l&rsquo;agence d&rsquo;espionnage am\u00e9ricaine, fourni par l&rsquo;ancien membre de la NSA Edward Snowden pour The Intercept, comme \u00e9tant membre d&rsquo;Al Qaida et \u00e9galement\u00a0des Fr\u00e8res musulmans.<\/p>\n<p>Contact\u00e9 par The Intercept, qui est dirig\u00e9 par l&rsquo;am\u00e9ricain Glenn Greenwald, le chef du bureau d&rsquo;Al Jazeera a ni\u00e9 cat\u00e9goriquement \u00eatre un membre de ces deux organisations class\u00e9es comme terroristes par les Etats-Unis.<\/p>\n<p>Il a\u00a0qualifi\u00e9 sur son compte twitter qu&rsquo;\u00eatre class\u00e9 comme membre d&rsquo;Al Qaida et des Fr\u00e8res musulmans est un \u00ab\u00a0assassinat professionnel\u00a0\u00bb.<\/p>\n<p>\u062a\u0635\u0646\u064a\u0641\u064a \u0643\u0639\u0636\u0648 \u0628\u0627\u0644\u0642\u0627\u0639\u062f\u0629 \u0648\u0627\u0644\u0625\u062e\u0648\u0627\u0646 \u0628\u064a\u0646\u0645\u0627 \u0627\u0644\u0643\u064a\u0645\u0627\u0648\u064a\u0648\u0646 \u0648\u0642\u062a\u0644\u0629 \u0627\u0644\u0634\u0639\u0648\u0628 \u0648\u0645\u0628\u064a\u062f\u0648\u0647\u0627 \u064a\u062d\u0643\u0645\u0648\u0646.. \u0647\u0648 \u0627\u063a\u062a\u064a\u0627\u0644 \u0645\u0647\u0646\u064a.. \u062a\u0633\u0639\u0646\u0627 \u0642\u0644\u0648\u0628 \u0645\u0634\u0627\u0647\u062f\u064a\u0646\u0627 \u0648\u0642\u0631\u0627\u0626\u0646\u0627.<br \/>\n\u2014 \u062f \u0640 \u0623\u062d\u0645\u062f \u0645\u0648\u0641\u0642 \u0632\u064a\u062f\u0627\u0646 (@Ahmadmuaffaq) 9 Mai 2015<\/p>\n","protected":false},"excerpt":{"rendered":"<p>Le chef d&rsquo;Al Jazeera \u00e0 Islamabad plac\u00e9 sur une liste de personnes \u00ab suspect\u00e9es de terrorisme \u00bb par les USA<\/p>\n","protected":false},"author":3222,"featured_media":335847,"comment_status":"open","ping_status":"closed","sticky":false,"template":"","format":"standard","meta":{"footnotes":""},"categories":[2598],"tags":[2600],"class_list":["post-184133","post","type-post","status-publish","format-standard","has-post-thumbnail","hentry","category-international","tag-guerre"],"yoast_head":"<!-- This site is optimized with the Yoast SEO Premium plugin v27.5 (Yoast SEO v27.5) - https:\/\/yoast.com\/product\/yoast-seo-premium-wordpress\/ -->\n<title>Le chef d&#039;Al Jazeera \u00e0 Islamabad plac\u00e9 sur une liste de personnes \u00ab suspect\u00e9es de terrorisme \u00bb par les USA<\/title>\n<meta name=\"description\" content=\"Le chef d&#039;Al Jazeera \u00e0 Islamabad plac\u00e9 sur une liste de personnes \u00ab suspect\u00e9es de terrorisme \u00bb par les USA\" \/>\n<link rel=\"canonical\" href=\"https:\/\/www.webdo.tn\/fr\/actualite\/international\/le-chef-dal-jazeera-a-islamabad-place-sur-une-liste-de-personnes-suspectees-de-terrorisme-par-les-usa\/184133\/\" \/>\n<meta property=\"og:locale\" content=\"fr_FR\" \/>\n<meta property=\"og:type\" content=\"article\" \/>\n<meta property=\"og:title\" content=\"Le chef d&#039;Al Jazeera \u00e0 Islamabad plac\u00e9 sur une liste de personnes \u00ab suspect\u00e9es de terrorisme \u00bb par les USA\" \/>\n<meta property=\"og:description\" content=\"Le chef d&#039;Al Jazeera \u00e0 Islamabad plac\u00e9 sur une liste de personnes \u00ab suspect\u00e9es de terrorisme \u00bb par les USA\" \/>\n<meta property=\"og:url\" content=\"https:\/\/www.webdo.tn\/fr\/actualite\/international\/le-chef-dal-jazeera-a-islamabad-place-sur-une-liste-de-personnes-suspectees-de-terrorisme-par-les-usa\/184133\/\" \/>\n<meta property=\"og:site_name\" content=\"webdo\" \/>\n<meta property=\"article:publisher\" content=\"https:\/\/www.facebook.com\/webdotn\" \/>\n<meta property=\"article:published_time\" content=\"2015-05-09T11:19:00+00:00\" \/>\n<meta property=\"og:image\" content=\"https:\/\/www.webdo.tn\/fr\/wp-content\/uploads\/2015\/05\/Al-Jazeera.png\" \/>\n\t<meta property=\"og:image:width\" content=\"532\" \/>\n\t<meta property=\"og:image:height\" content=\"324\" \/>\n\t<meta property=\"og:image:type\" content=\"image\/png\" \/>\n<meta name=\"author\" content=\"webdo.tn\" \/>\n<meta name=\"twitter:card\" content=\"summary_large_image\" \/>\n<meta name=\"twitter:creator\" content=\"@webdo_tn\" \/>\n<meta name=\"twitter:site\" content=\"@webdo_tn\" \/>\n<meta name=\"twitter:label1\" content=\"\u00c9crit par\" \/>\n\t<meta name=\"twitter:data1\" content=\"webdo.tn\" \/>\n\t<meta name=\"twitter:label2\" content=\"Dur\u00e9e de lecture estim\u00e9e\" \/>\n\t<meta name=\"twitter:data2\" content=\"1 minute\" \/>\n<script type=\"application\/ld+json\" class=\"yoast-schema-graph\">{\"@context\":\"https:\\\/\\\/schema.org\",\"@graph\":[{\"@type\":\"NewsArticle\",\"@id\":\"https:\\\/\\\/www.webdo.tn\\\/fr\\\/actualite\\\/international\\\/le-chef-dal-jazeera-a-islamabad-place-sur-une-liste-de-personnes-suspectees-de-terrorisme-par-les-usa\\\/184133\\\/#article\",\"isPartOf\":{\"@id\":\"https:\\\/\\\/www.webdo.tn\\\/fr\\\/actualite\\\/international\\\/le-chef-dal-jazeera-a-islamabad-place-sur-une-liste-de-personnes-suspectees-de-terrorisme-par-les-usa\\\/184133\\\/\"},\"author\":{\"name\":\"webdo.tn\",\"@id\":\"https:\\\/\\\/www.webdo.tn\\\/fr\\\/#\\\/schema\\\/person\\\/9a9c6118d687c117df8ef3cc36a4d175\"},\"headline\":\"Le chef d&rsquo;Al Jazeera \u00e0 Islamabad plac\u00e9 sur une liste de personnes \u00ab suspect\u00e9es de terrorisme \u00bb par les USA\",\"datePublished\":\"2015-05-09T11:19:00+00:00\",\"mainEntityOfPage\":{\"@id\":\"https:\\\/\\\/www.webdo.tn\\\/fr\\\/actualite\\\/international\\\/le-chef-dal-jazeera-a-islamabad-place-sur-une-liste-de-personnes-suspectees-de-terrorisme-par-les-usa\\\/184133\\\/\"},\"wordCount\":167,\"commentCount\":0,\"publisher\":{\"@id\":\"https:\\\/\\\/www.webdo.tn\\\/fr\\\/#organization\"},\"image\":{\"@id\":\"https:\\\/\\\/www.webdo.tn\\\/fr\\\/actualite\\\/international\\\/le-chef-dal-jazeera-a-islamabad-place-sur-une-liste-de-personnes-suspectees-de-terrorisme-par-les-usa\\\/184133\\\/#primaryimage\"},\"thumbnailUrl\":\"https:\\\/\\\/www.webdo.tn\\\/fr\\\/wp-content\\\/uploads\\\/2015\\\/05\\\/Al-Jazeera.png\",\"keywords\":[\"guerre\"],\"articleSection\":[\"International\"],\"inLanguage\":\"fr-FR\"},{\"@type\":\"WebPage\",\"@id\":\"https:\\\/\\\/www.webdo.tn\\\/fr\\\/actualite\\\/international\\\/le-chef-dal-jazeera-a-islamabad-place-sur-une-liste-de-personnes-suspectees-de-terrorisme-par-les-usa\\\/184133\\\/\",\"url\":\"https:\\\/\\\/www.webdo.tn\\\/fr\\\/actualite\\\/international\\\/le-chef-dal-jazeera-a-islamabad-place-sur-une-liste-de-personnes-suspectees-de-terrorisme-par-les-usa\\\/184133\\\/\",\"name\":\"Le chef d'Al Jazeera \u00e0 Islamabad plac\u00e9 sur une liste de personnes \u00ab suspect\u00e9es de terrorisme \u00bb par les USA\",\"isPartOf\":{\"@id\":\"https:\\\/\\\/www.webdo.tn\\\/fr\\\/#website\"},\"primaryImageOfPage\":{\"@id\":\"https:\\\/\\\/www.webdo.tn\\\/fr\\\/actualite\\\/international\\\/le-chef-dal-jazeera-a-islamabad-place-sur-une-liste-de-personnes-suspectees-de-terrorisme-par-les-usa\\\/184133\\\/#primaryimage\"},\"image\":{\"@id\":\"https:\\\/\\\/www.webdo.tn\\\/fr\\\/actualite\\\/international\\\/le-chef-dal-jazeera-a-islamabad-place-sur-une-liste-de-personnes-suspectees-de-terrorisme-par-les-usa\\\/184133\\\/#primaryimage\"},\"thumbnailUrl\":\"https:\\\/\\\/www.webdo.tn\\\/fr\\\/wp-content\\\/uploads\\\/2015\\\/05\\\/Al-Jazeera.png\",\"datePublished\":\"2015-05-09T11:19:00+00:00\",\"description\":\"Le chef d'Al Jazeera \u00e0 Islamabad plac\u00e9 sur une liste de personnes \u00ab suspect\u00e9es de terrorisme \u00bb par les USA\",\"breadcrumb\":{\"@id\":\"https:\\\/\\\/www.webdo.tn\\\/fr\\\/actualite\\\/international\\\/le-chef-dal-jazeera-a-islamabad-place-sur-une-liste-de-personnes-suspectees-de-terrorisme-par-les-usa\\\/184133\\\/#breadcrumb\"},\"inLanguage\":\"fr-FR\",\"potentialAction\":[{\"@type\":\"ReadAction\",\"target\":[\"https:\\\/\\\/www.webdo.tn\\\/fr\\\/actualite\\\/international\\\/le-chef-dal-jazeera-a-islamabad-place-sur-une-liste-de-personnes-suspectees-de-terrorisme-par-les-usa\\\/184133\\\/\"]}]},{\"@type\":\"ImageObject\",\"inLanguage\":\"fr-FR\",\"@id\":\"https:\\\/\\\/www.webdo.tn\\\/fr\\\/actualite\\\/international\\\/le-chef-dal-jazeera-a-islamabad-place-sur-une-liste-de-personnes-suspectees-de-terrorisme-par-les-usa\\\/184133\\\/#primaryimage\",\"url\":\"https:\\\/\\\/www.webdo.tn\\\/fr\\\/wp-content\\\/uploads\\\/2015\\\/05\\\/Al-Jazeera.png\",\"contentUrl\":\"https:\\\/\\\/www.webdo.tn\\\/fr\\\/wp-content\\\/uploads\\\/2015\\\/05\\\/Al-Jazeera.png\",\"width\":532,\"height\":324,\"caption\":\"Le chef d'Al Jazeera \u00e0 Islamabad plac\u00e9 sur une liste de personnes \u00ab suspect\u00e9es de terrorisme \u00bb par les USA\"},{\"@type\":\"BreadcrumbList\",\"@id\":\"https:\\\/\\\/www.webdo.tn\\\/fr\\\/actualite\\\/international\\\/le-chef-dal-jazeera-a-islamabad-place-sur-une-liste-de-personnes-suspectees-de-terrorisme-par-les-usa\\\/184133\\\/#breadcrumb\",\"itemListElement\":[{\"@type\":\"ListItem\",\"position\":1,\"name\":\"Accueil\",\"item\":\"https:\\\/\\\/www.webdo.tn\\\/fr\\\/\"},{\"@type\":\"ListItem\",\"position\":2,\"name\":\"Le chef d&rsquo;Al Jazeera \u00e0 Islamabad plac\u00e9 sur une liste de personnes \u00ab suspect\u00e9es de terrorisme \u00bb par les USA\"}]},{\"@type\":\"WebSite\",\"@id\":\"https:\\\/\\\/www.webdo.tn\\\/fr\\\/#website\",\"url\":\"https:\\\/\\\/www.webdo.tn\\\/fr\\\/\",\"name\":\"webdo\",\"description\":\"Tunisie - News en Tunisie et \u00e0 l&#039;international sur Webdo.tn\",\"publisher\":{\"@id\":\"https:\\\/\\\/www.webdo.tn\\\/fr\\\/#organization\"},\"potentialAction\":[{\"@type\":\"SearchAction\",\"target\":{\"@type\":\"EntryPoint\",\"urlTemplate\":\"https:\\\/\\\/www.webdo.tn\\\/fr\\\/?s={search_term_string}\"},\"query-input\":{\"@type\":\"PropertyValueSpecification\",\"valueRequired\":true,\"valueName\":\"search_term_string\"}}],\"inLanguage\":\"fr-FR\"},{\"@type\":\"Organization\",\"@id\":\"https:\\\/\\\/www.webdo.tn\\\/fr\\\/#organization\",\"name\":\"Webdo\",\"alternateName\":\"Webdo.tn\",\"url\":\"https:\\\/\\\/www.webdo.tn\\\/fr\\\/\",\"logo\":{\"@type\":\"ImageObject\",\"inLanguage\":\"fr-FR\",\"@id\":\"https:\\\/\\\/www.webdo.tn\\\/fr\\\/#\\\/schema\\\/logo\\\/image\\\/\",\"url\":\"https:\\\/\\\/www.webdo.tn\\\/fr\\\/wp-content\\\/uploads\\\/2025\\\/06\\\/Webdo-Tunisie_168377.jpg\",\"contentUrl\":\"https:\\\/\\\/www.webdo.tn\\\/fr\\\/wp-content\\\/uploads\\\/2025\\\/06\\\/Webdo-Tunisie_168377.jpg\",\"width\":301,\"height\":301,\"caption\":\"Webdo\"},\"image\":{\"@id\":\"https:\\\/\\\/www.webdo.tn\\\/fr\\\/#\\\/schema\\\/logo\\\/image\\\/\"},\"sameAs\":[\"https:\\\/\\\/www.facebook.com\\\/webdotn\",\"https:\\\/\\\/x.com\\\/webdo_tn\"],\"description\":\"Webdo est un m\u00e9dia num\u00e9rique tunisien fond\u00e9 en 2010, sp\u00e9cialis\u00e9 dans l\u2019actualit\u00e9 nationale et internationale, l\u2019\u00e9conomie, la soci\u00e9t\u00e9 et les analyses politiques. Le site s\u2019adresse \u00e0 un large public francophone et couvre l\u2019information tunisienne en temps r\u00e9el.\",\"email\":\"redac@webdo.tn\",\"legalName\":\"YNJ SARL\",\"foundingDate\":\"2010-09-06\",\"numberOfEmployees\":{\"@type\":\"QuantitativeValue\",\"minValue\":\"11\",\"maxValue\":\"50\"}},{\"@type\":\"Person\",\"@id\":\"https:\\\/\\\/www.webdo.tn\\\/fr\\\/#\\\/schema\\\/person\\\/9a9c6118d687c117df8ef3cc36a4d175\",\"name\":\"webdo.tn\",\"image\":{\"@type\":\"ImageObject\",\"inLanguage\":\"fr-FR\",\"@id\":\"https:\\\/\\\/secure.gravatar.com\\\/avatar\\\/7ce1f28c0c3bbac99ff550b85ef8e44a6950c6ee24514fb6a5489e51d06f0298?s=96&d=mm&r=g\",\"url\":\"https:\\\/\\\/secure.gravatar.com\\\/avatar\\\/7ce1f28c0c3bbac99ff550b85ef8e44a6950c6ee24514fb6a5489e51d06f0298?s=96&d=mm&r=g\",\"contentUrl\":\"https:\\\/\\\/secure.gravatar.com\\\/avatar\\\/7ce1f28c0c3bbac99ff550b85ef8e44a6950c6ee24514fb6a5489e51d06f0298?s=96&d=mm&r=g\",\"caption\":\"webdo.tn\"},\"url\":\"https:\\\/\\\/www.webdo.tn\\\/fr\\\/actualite\\\/author\\\/webdotn\\\/\"}]}<\/script>\n<!-- \/ Yoast SEO Premium plugin. -->","yoast_head_json":{"title":"Le chef d'Al Jazeera \u00e0 Islamabad plac\u00e9 sur une liste de personnes \u00ab suspect\u00e9es de terrorisme \u00bb par les USA","description":"Le chef d'Al Jazeera \u00e0 Islamabad plac\u00e9 sur une liste de personnes \u00ab suspect\u00e9es de terrorisme \u00bb par les USA","canonical":"https:\/\/www.webdo.tn\/fr\/actualite\/international\/le-chef-dal-jazeera-a-islamabad-place-sur-une-liste-de-personnes-suspectees-de-terrorisme-par-les-usa\/184133\/","og_locale":"fr_FR","og_type":"article","og_title":"Le chef d'Al Jazeera \u00e0 Islamabad plac\u00e9 sur une liste de personnes \u00ab suspect\u00e9es de terrorisme \u00bb par les USA","og_description":"Le chef d'Al Jazeera \u00e0 Islamabad plac\u00e9 sur une liste de personnes \u00ab suspect\u00e9es de terrorisme \u00bb par les USA","og_url":"https:\/\/www.webdo.tn\/fr\/actualite\/international\/le-chef-dal-jazeera-a-islamabad-place-sur-une-liste-de-personnes-suspectees-de-terrorisme-par-les-usa\/184133\/","og_site_name":"webdo","article_publisher":"https:\/\/www.facebook.com\/webdotn","article_published_time":"2015-05-09T11:19:00+00:00","og_image":[{"width":532,"height":324,"url":"https:\/\/www.webdo.tn\/fr\/wp-content\/uploads\/2015\/05\/Al-Jazeera.png","type":"image\/png"}],"author":"webdo.tn","twitter_card":"summary_large_image","twitter_creator":"@webdo_tn","twitter_site":"@webdo_tn","twitter_misc":{"\u00c9crit par":"webdo.tn","Dur\u00e9e de lecture estim\u00e9e":"1 minute"},"schema":{"@context":"https:\/\/schema.org","@graph":[{"@type":"NewsArticle","@id":"https:\/\/www.webdo.tn\/fr\/actualite\/international\/le-chef-dal-jazeera-a-islamabad-place-sur-une-liste-de-personnes-suspectees-de-terrorisme-par-les-usa\/184133\/#article","isPartOf":{"@id":"https:\/\/www.webdo.tn\/fr\/actualite\/international\/le-chef-dal-jazeera-a-islamabad-place-sur-une-liste-de-personnes-suspectees-de-terrorisme-par-les-usa\/184133\/"},"author":{"name":"webdo.tn","@id":"https:\/\/www.webdo.tn\/fr\/#\/schema\/person\/9a9c6118d687c117df8ef3cc36a4d175"},"headline":"Le chef d&rsquo;Al Jazeera \u00e0 Islamabad plac\u00e9 sur une liste de personnes \u00ab suspect\u00e9es de terrorisme \u00bb par les USA","datePublished":"2015-05-09T11:19:00+00:00","mainEntityOfPage":{"@id":"https:\/\/www.webdo.tn\/fr\/actualite\/international\/le-chef-dal-jazeera-a-islamabad-place-sur-une-liste-de-personnes-suspectees-de-terrorisme-par-les-usa\/184133\/"},"wordCount":167,"commentCount":0,"publisher":{"@id":"https:\/\/www.webdo.tn\/fr\/#organization"},"image":{"@id":"https:\/\/www.webdo.tn\/fr\/actualite\/international\/le-chef-dal-jazeera-a-islamabad-place-sur-une-liste-de-personnes-suspectees-de-terrorisme-par-les-usa\/184133\/#primaryimage"},"thumbnailUrl":"https:\/\/www.webdo.tn\/fr\/wp-content\/uploads\/2015\/05\/Al-Jazeera.png","keywords":["guerre"],"articleSection":["International"],"inLanguage":"fr-FR"},{"@type":"WebPage","@id":"https:\/\/www.webdo.tn\/fr\/actualite\/international\/le-chef-dal-jazeera-a-islamabad-place-sur-une-liste-de-personnes-suspectees-de-terrorisme-par-les-usa\/184133\/","url":"https:\/\/www.webdo.tn\/fr\/actualite\/international\/le-chef-dal-jazeera-a-islamabad-place-sur-une-liste-de-personnes-suspectees-de-terrorisme-par-les-usa\/184133\/","name":"Le chef d'Al Jazeera \u00e0 Islamabad plac\u00e9 sur une liste de personnes \u00ab suspect\u00e9es de terrorisme \u00bb par les USA","isPartOf":{"@id":"https:\/\/www.webdo.tn\/fr\/#website"},"primaryImageOfPage":{"@id":"https:\/\/www.webdo.tn\/fr\/actualite\/international\/le-chef-dal-jazeera-a-islamabad-place-sur-une-liste-de-personnes-suspectees-de-terrorisme-par-les-usa\/184133\/#primaryimage"},"image":{"@id":"https:\/\/www.webdo.tn\/fr\/actualite\/international\/le-chef-dal-jazeera-a-islamabad-place-sur-une-liste-de-personnes-suspectees-de-terrorisme-par-les-usa\/184133\/#primaryimage"},"thumbnailUrl":"https:\/\/www.webdo.tn\/fr\/wp-content\/uploads\/2015\/05\/Al-Jazeera.png","datePublished":"2015-05-09T11:19:00+00:00","description":"Le chef d'Al Jazeera \u00e0 Islamabad plac\u00e9 sur une liste de personnes \u00ab suspect\u00e9es de terrorisme \u00bb par les USA","breadcrumb":{"@id":"https:\/\/www.webdo.tn\/fr\/actualite\/international\/le-chef-dal-jazeera-a-islamabad-place-sur-une-liste-de-personnes-suspectees-de-terrorisme-par-les-usa\/184133\/#breadcrumb"},"inLanguage":"fr-FR","potentialAction":[{"@type":"ReadAction","target":["https:\/\/www.webdo.tn\/fr\/actualite\/international\/le-chef-dal-jazeera-a-islamabad-place-sur-une-liste-de-personnes-suspectees-de-terrorisme-par-les-usa\/184133\/"]}]},{"@type":"ImageObject","inLanguage":"fr-FR","@id":"https:\/\/www.webdo.tn\/fr\/actualite\/international\/le-chef-dal-jazeera-a-islamabad-place-sur-une-liste-de-personnes-suspectees-de-terrorisme-par-les-usa\/184133\/#primaryimage","url":"https:\/\/www.webdo.tn\/fr\/wp-content\/uploads\/2015\/05\/Al-Jazeera.png","contentUrl":"https:\/\/www.webdo.tn\/fr\/wp-content\/uploads\/2015\/05\/Al-Jazeera.png","width":532,"height":324,"caption":"Le chef d'Al Jazeera \u00e0 Islamabad plac\u00e9 sur une liste de personnes \u00ab suspect\u00e9es de terrorisme \u00bb par les USA"},{"@type":"BreadcrumbList","@id":"https:\/\/www.webdo.tn\/fr\/actualite\/international\/le-chef-dal-jazeera-a-islamabad-place-sur-une-liste-de-personnes-suspectees-de-terrorisme-par-les-usa\/184133\/#breadcrumb","itemListElement":[{"@type":"ListItem","position":1,"name":"Accueil","item":"https:\/\/www.webdo.tn\/fr\/"},{"@type":"ListItem","position":2,"name":"Le chef d&rsquo;Al Jazeera \u00e0 Islamabad plac\u00e9 sur une liste de personnes \u00ab suspect\u00e9es de terrorisme \u00bb par les USA"}]},{"@type":"WebSite","@id":"https:\/\/www.webdo.tn\/fr\/#website","url":"https:\/\/www.webdo.tn\/fr\/","name":"webdo","description":"Tunisie - News en Tunisie et \u00e0 l&#039;international sur Webdo.tn","publisher":{"@id":"https:\/\/www.webdo.tn\/fr\/#organization"},"potentialAction":[{"@type":"SearchAction","target":{"@type":"EntryPoint","urlTemplate":"https:\/\/www.webdo.tn\/fr\/?s={search_term_string}"},"query-input":{"@type":"PropertyValueSpecification","valueRequired":true,"valueName":"search_term_string"}}],"inLanguage":"fr-FR"},{"@type":"Organization","@id":"https:\/\/www.webdo.tn\/fr\/#organization","name":"Webdo","alternateName":"Webdo.tn","url":"https:\/\/www.webdo.tn\/fr\/","logo":{"@type":"ImageObject","inLanguage":"fr-FR","@id":"https:\/\/www.webdo.tn\/fr\/#\/schema\/logo\/image\/","url":"https:\/\/www.webdo.tn\/fr\/wp-content\/uploads\/2025\/06\/Webdo-Tunisie_168377.jpg","contentUrl":"https:\/\/www.webdo.tn\/fr\/wp-content\/uploads\/2025\/06\/Webdo-Tunisie_168377.jpg","width":301,"height":301,"caption":"Webdo"},"image":{"@id":"https:\/\/www.webdo.tn\/fr\/#\/schema\/logo\/image\/"},"sameAs":["https:\/\/www.facebook.com\/webdotn","https:\/\/x.com\/webdo_tn"],"description":"Webdo est un m\u00e9dia num\u00e9rique tunisien fond\u00e9 en 2010, sp\u00e9cialis\u00e9 dans l\u2019actualit\u00e9 nationale et internationale, l\u2019\u00e9conomie, la soci\u00e9t\u00e9 et les analyses politiques. Le site s\u2019adresse \u00e0 un large public francophone et couvre l\u2019information tunisienne en temps r\u00e9el.","email":"redac@webdo.tn","legalName":"YNJ SARL","foundingDate":"2010-09-06","numberOfEmployees":{"@type":"QuantitativeValue","minValue":"11","maxValue":"50"}},{"@type":"Person","@id":"https:\/\/www.webdo.tn\/fr\/#\/schema\/person\/9a9c6118d687c117df8ef3cc36a4d175","name":"webdo.tn","image":{"@type":"ImageObject","inLanguage":"fr-FR","@id":"https:\/\/secure.gravatar.com\/avatar\/7ce1f28c0c3bbac99ff550b85ef8e44a6950c6ee24514fb6a5489e51d06f0298?s=96&d=mm&r=g","url":"https:\/\/secure.gravatar.com\/avatar\/7ce1f28c0c3bbac99ff550b85ef8e44a6950c6ee24514fb6a5489e51d06f0298?s=96&d=mm&r=g","contentUrl":"https:\/\/secure.gravatar.com\/avatar\/7ce1f28c0c3bbac99ff550b85ef8e44a6950c6ee24514fb6a5489e51d06f0298?s=96&d=mm&r=g","caption":"webdo.tn"},"url":"https:\/\/www.webdo.tn\/fr\/actualite\/author\/webdotn\/"}]}},"_links":{"self":[{"href":"https:\/\/www.webdo.tn\/fr\/wp-json\/wp\/v2\/posts\/184133","targetHints":{"allow":["GET"]}}],"collection":[{"href":"https:\/\/www.webdo.tn\/fr\/wp-json\/wp\/v2\/posts"}],"about":[{"href":"https:\/\/www.webdo.tn\/fr\/wp-json\/wp\/v2\/types\/post"}],"author":[{"embeddable":true,"href":"https:\/\/www.webdo.tn\/fr\/wp-json\/wp\/v2\/users\/3222"}],"replies":[{"embeddable":true,"href":"https:\/\/www.webdo.tn\/fr\/wp-json\/wp\/v2\/comments?post=184133"}],"version-history":[{"count":0,"href":"https:\/\/www.webdo.tn\/fr\/wp-json\/wp\/v2\/posts\/184133\/revisions"}],"wp:featuredmedia":[{"embeddable":true,"href":"https:\/\/www.webdo.tn\/fr\/wp-json\/wp\/v2\/media\/335847"}],"wp:attachment":[{"href":"https:\/\/www.webdo.tn\/fr\/wp-json\/wp\/v2\/media?parent=184133"}],"wp:term":[{"taxonomy":"category","embeddable":true,"href":"https:\/\/www.webdo.tn\/fr\/wp-json\/wp\/v2\/categories?post=184133"},{"taxonomy":"post_tag","embeddable":true,"href":"https:\/\/www.webdo.tn\/fr\/wp-json\/wp\/v2\/tags?post=184133"}],"curies":[{"name":"wp","href":"https:\/\/api.w.org\/{rel}","templated":true}]}}