{"id":184132,"date":"2015-05-11T16:54:00","date_gmt":"2015-05-11T16:54:00","guid":{"rendered":"https:\/\/www.webdo.tn\/fr\/blog\/le-roi-darabie-saoudite-annule-une-visite-aux-etats-unis-a-la-derniere-minute\/184132\/"},"modified":"2025-05-18T22:14:36","modified_gmt":"2025-05-18T22:14:36","slug":"le-roi-darabie-saoudite-annule-une-visite-aux-etats-unis-a-la-derniere-minute","status":"publish","type":"post","link":"https:\/\/www.webdo.tn\/fr\/actualite\/international\/le-roi-darabie-saoudite-annule-une-visite-aux-etats-unis-a-la-derniere-minute\/184132\/","title":{"rendered":"Le roi d&rsquo;Arabie Saoudite annule une visite aux Etats-Unis \u00e0 la derni\u00e8re minute"},"content":{"rendered":"<p>Mise \u00e0 jour | 19h43<\/p>\n<p>L&rsquo;\u00e9mir de Bahre\u00efn, Hamad ben Issa al-Khalifa, manquera \u00e9galement le sommet. Il sera remplac\u00e9 par son h\u00e9ritier.<\/p>\n<p>Le sultan d&rsquo;Oman, malade, sera repr\u00e9sent\u00e9 par son vice-Premier ministre et le cheikh Khalifa des Emirats arabes unis \u00e9tant malade \u00e9galement, il sera repr\u00e9sent\u00e9 par le prince h\u00e9ritier d&rsquo;Abou Dhabi.<\/p>\n<p>\u00a0<\/p>\n<p>Le roi Salmane d&rsquo;Arabie Saoudite ne participera au sommet am\u00e9ricain organis\u00e9 par Barack Obama les 13 et 14 mai.<\/p>\n<p>Ce sommet r\u00e9unira les Etats-Unis et le\u00a0Conseil de coop\u00e9ration du Golfe afin de resserrer les liens suite au dossier du nucl\u00e9aire iranien.<\/p>\n<p>Six dirigeants du Conseil de coop\u00e9ration du Golfe se rendront aux Etats-Unis le 13 et 14 mai prochain pour un sommet avec Barack Obama afin de mettre en place de nouvelles mesures de s\u00e9curit\u00e9 au Proche-Orient.<br \/>\nLe roi d&rsquo;Arabie Saoudite absent<br \/>\nDans un communiqu\u00e9 de l&rsquo;ambassade d&rsquo;Arabie Saoudite aux Etats-Unis, le ministre des Affaires \u00e9trang\u00e8res du pays annonce toutefois que le roi Salmane ne participera pas au sommet et sera remplac\u00e9 par le prince h\u00e9ritier Mohammed Ben Nayef et comprendra \u00e9galement le fils du roi et ministre de la D\u00e9fense, le prince Mohammed Ben Salman :<br \/>\n[quote_box_center]Le ministre des Affaires \u00e9trang\u00e8res Adel bin Ahmed Al-Jubeir annonce aujourd&rsquo;hui que le prince h\u00e9ritier\u00a0Mohammed Ben Nayef (\u00e9galement ministre de l&rsquo;Int\u00e9rieur), m\u00e8nera la d\u00e9l\u00e9gation saoudienne aux Etats-Unis lors du sommet avec le CCG et avec la participation du d\u00e9put\u00e9 et fils du roi le prince Mohammed Ben Salman, en raison de la date du sommet, du calendrier du cessez-le-feu au Y\u00e9men et de l\u2019inauguration du Centre Roi-Salman pour l\u2019aide humanitaire. Le ministre Al-Jubeir r\u00e9it\u00e8re l&rsquo;engagement du roi Salmane de s&rsquo;occuper de la paix et la s\u00e9curit\u00e9 au Y\u00e9men [&#8230;][\/quote_box_center]<br \/>\nApr\u00e8s quelques\u00a0six semaines de bombardements a\u00e9riens saoudiens destin\u00e9s emp\u00eacher les chiites houthistes, soutenus par l&rsquo;Iran,\u00a0de conqu\u00e9rir le Y\u00e9men, des efforts de cessez-le-feu ont \u00e9t\u00e9 mis en place. Des militaires, partisans de l\u2019ex-pr\u00e9sident y\u00e9m\u00e9nite Ali Abdallah Saleh ont accept\u00e9 le cessez-le-feu.<br \/>\n\u00ab\u00a0Attendue de longue date\u00a0\u00bb<br \/>\nAlors que le secr\u00e9taire d&rsquo;Etat am\u00e9ricain, John Kerry, s&rsquo;\u00e9tait rendu \u00e0 Paris la semaine derni\u00e8re afin de rencontrer les ministres des Affaires \u00e9trang\u00e8res des six pays membres du CCG,\u00a0Bahre\u00efn, le Kowe\u00eft, Oman, le Qatar, l\u2019Arabie saoudite et les Emirats arabes unis, l&rsquo;annulation \u00a0du roi d&rsquo;Arabie Saoudite intervient \u00e0 la derni\u00e8re minute.\u00a0Le roi Salmane doit appeler le pr\u00e9sident am\u00e9ricain Barack Obama ce lundi pour parler de sa d\u00e9cision\u00a0de ne pas se rendre aux Etats-Unis.<\/p>\n<p>Selon un diplomate, cette r\u00e9union \u00e9tait \u00ab\u00a0attendue de longue date\u00a0\u00bb.<\/p>\n<p>\u00a0<br \/>\nElodie Potente<\/p>\n","protected":false},"excerpt":{"rendered":"<p>Le roi d&rsquo;Arabie Saoudite annule une visite aux Etats-Unis \u00e0 la derni\u00e8re minute<\/p>\n","protected":false},"author":3222,"featured_media":318333,"comment_status":"open","ping_status":"closed","sticky":false,"template":"","format":"standard","meta":{"footnotes":""},"categories":[2598],"tags":[2600],"class_list":["post-184132","post","type-post","status-publish","format-standard","has-post-thumbnail","hentry","category-international","tag-guerre"],"yoast_head":"<!-- This site is optimized with the Yoast SEO Premium plugin v27.5 (Yoast SEO v27.5) - https:\/\/yoast.com\/product\/yoast-seo-premium-wordpress\/ -->\n<title>Le roi d&#039;Arabie Saoudite annule une visite aux Etats-Unis \u00e0 la derni\u00e8re minute<\/title>\n<meta name=\"description\" content=\"Le roi d&#039;Arabie Saoudite annule une visite aux Etats-Unis \u00e0 la derni\u00e8re minute\" \/>\n<link rel=\"canonical\" href=\"https:\/\/www.webdo.tn\/fr\/actualite\/international\/le-roi-darabie-saoudite-annule-une-visite-aux-etats-unis-a-la-derniere-minute\/184132\/\" \/>\n<meta property=\"og:locale\" content=\"fr_FR\" \/>\n<meta property=\"og:type\" content=\"article\" \/>\n<meta property=\"og:title\" content=\"Le roi d&#039;Arabie Saoudite annule une visite aux Etats-Unis \u00e0 la derni\u00e8re minute\" \/>\n<meta property=\"og:description\" content=\"Le roi d&#039;Arabie Saoudite annule une visite aux Etats-Unis \u00e0 la derni\u00e8re minute\" \/>\n<meta property=\"og:url\" content=\"https:\/\/www.webdo.tn\/fr\/actualite\/international\/le-roi-darabie-saoudite-annule-une-visite-aux-etats-unis-a-la-derniere-minute\/184132\/\" \/>\n<meta property=\"og:site_name\" content=\"webdo\" \/>\n<meta property=\"article:publisher\" content=\"https:\/\/www.facebook.com\/webdotn\" \/>\n<meta property=\"article:published_time\" content=\"2015-05-11T16:54:00+00:00\" \/>\n<meta property=\"article:modified_time\" content=\"2025-05-18T22:14:36+00:00\" \/>\n<meta property=\"og:image\" content=\"https:\/\/www.webdo.tn\/fr\/wp-content\/uploads\/2015\/05\/Roi-Salmane-ben-Abdel-Aziz-REUTERS-300x209-1.jpg\" \/>\n\t<meta property=\"og:image:width\" content=\"300\" \/>\n\t<meta property=\"og:image:height\" content=\"209\" \/>\n\t<meta property=\"og:image:type\" content=\"image\/jpeg\" \/>\n<meta name=\"author\" content=\"webdo.tn\" \/>\n<meta name=\"twitter:card\" content=\"summary_large_image\" \/>\n<meta name=\"twitter:creator\" content=\"@webdo_tn\" \/>\n<meta name=\"twitter:site\" content=\"@webdo_tn\" \/>\n<meta name=\"twitter:label1\" content=\"\u00c9crit par\" \/>\n\t<meta name=\"twitter:data1\" content=\"webdo.tn\" \/>\n\t<meta name=\"twitter:label2\" content=\"Dur\u00e9e de lecture estim\u00e9e\" \/>\n\t<meta name=\"twitter:data2\" content=\"2 minutes\" \/>\n<script type=\"application\/ld+json\" class=\"yoast-schema-graph\">{\"@context\":\"https:\\\/\\\/schema.org\",\"@graph\":[{\"@type\":\"NewsArticle\",\"@id\":\"https:\\\/\\\/www.webdo.tn\\\/fr\\\/actualite\\\/international\\\/le-roi-darabie-saoudite-annule-une-visite-aux-etats-unis-a-la-derniere-minute\\\/184132\\\/#article\",\"isPartOf\":{\"@id\":\"https:\\\/\\\/www.webdo.tn\\\/fr\\\/actualite\\\/international\\\/le-roi-darabie-saoudite-annule-une-visite-aux-etats-unis-a-la-derniere-minute\\\/184132\\\/\"},\"author\":{\"name\":\"webdo.tn\",\"@id\":\"https:\\\/\\\/www.webdo.tn\\\/fr\\\/#\\\/schema\\\/person\\\/9a9c6118d687c117df8ef3cc36a4d175\"},\"headline\":\"Le roi d&rsquo;Arabie Saoudite annule une visite aux Etats-Unis \u00e0 la derni\u00e8re minute\",\"datePublished\":\"2015-05-11T16:54:00+00:00\",\"dateModified\":\"2025-05-18T22:14:36+00:00\",\"mainEntityOfPage\":{\"@id\":\"https:\\\/\\\/www.webdo.tn\\\/fr\\\/actualite\\\/international\\\/le-roi-darabie-saoudite-annule-une-visite-aux-etats-unis-a-la-derniere-minute\\\/184132\\\/\"},\"wordCount\":490,\"commentCount\":0,\"publisher\":{\"@id\":\"https:\\\/\\\/www.webdo.tn\\\/fr\\\/#organization\"},\"image\":{\"@id\":\"https:\\\/\\\/www.webdo.tn\\\/fr\\\/actualite\\\/international\\\/le-roi-darabie-saoudite-annule-une-visite-aux-etats-unis-a-la-derniere-minute\\\/184132\\\/#primaryimage\"},\"thumbnailUrl\":\"https:\\\/\\\/www.webdo.tn\\\/fr\\\/wp-content\\\/uploads\\\/2015\\\/05\\\/Roi-Salmane-ben-Abdel-Aziz-REUTERS-300x209-1.jpg\",\"keywords\":[\"guerre\"],\"articleSection\":[\"International\"],\"inLanguage\":\"fr-FR\"},{\"@type\":\"WebPage\",\"@id\":\"https:\\\/\\\/www.webdo.tn\\\/fr\\\/actualite\\\/international\\\/le-roi-darabie-saoudite-annule-une-visite-aux-etats-unis-a-la-derniere-minute\\\/184132\\\/\",\"url\":\"https:\\\/\\\/www.webdo.tn\\\/fr\\\/actualite\\\/international\\\/le-roi-darabie-saoudite-annule-une-visite-aux-etats-unis-a-la-derniere-minute\\\/184132\\\/\",\"name\":\"Le roi d'Arabie Saoudite annule une visite aux Etats-Unis \u00e0 la derni\u00e8re minute\",\"isPartOf\":{\"@id\":\"https:\\\/\\\/www.webdo.tn\\\/fr\\\/#website\"},\"primaryImageOfPage\":{\"@id\":\"https:\\\/\\\/www.webdo.tn\\\/fr\\\/actualite\\\/international\\\/le-roi-darabie-saoudite-annule-une-visite-aux-etats-unis-a-la-derniere-minute\\\/184132\\\/#primaryimage\"},\"image\":{\"@id\":\"https:\\\/\\\/www.webdo.tn\\\/fr\\\/actualite\\\/international\\\/le-roi-darabie-saoudite-annule-une-visite-aux-etats-unis-a-la-derniere-minute\\\/184132\\\/#primaryimage\"},\"thumbnailUrl\":\"https:\\\/\\\/www.webdo.tn\\\/fr\\\/wp-content\\\/uploads\\\/2015\\\/05\\\/Roi-Salmane-ben-Abdel-Aziz-REUTERS-300x209-1.jpg\",\"datePublished\":\"2015-05-11T16:54:00+00:00\",\"dateModified\":\"2025-05-18T22:14:36+00:00\",\"description\":\"Le roi d'Arabie Saoudite annule une visite aux Etats-Unis \u00e0 la derni\u00e8re minute\",\"breadcrumb\":{\"@id\":\"https:\\\/\\\/www.webdo.tn\\\/fr\\\/actualite\\\/international\\\/le-roi-darabie-saoudite-annule-une-visite-aux-etats-unis-a-la-derniere-minute\\\/184132\\\/#breadcrumb\"},\"inLanguage\":\"fr-FR\",\"potentialAction\":[{\"@type\":\"ReadAction\",\"target\":[\"https:\\\/\\\/www.webdo.tn\\\/fr\\\/actualite\\\/international\\\/le-roi-darabie-saoudite-annule-une-visite-aux-etats-unis-a-la-derniere-minute\\\/184132\\\/\"]}]},{\"@type\":\"ImageObject\",\"inLanguage\":\"fr-FR\",\"@id\":\"https:\\\/\\\/www.webdo.tn\\\/fr\\\/actualite\\\/international\\\/le-roi-darabie-saoudite-annule-une-visite-aux-etats-unis-a-la-derniere-minute\\\/184132\\\/#primaryimage\",\"url\":\"https:\\\/\\\/www.webdo.tn\\\/fr\\\/wp-content\\\/uploads\\\/2015\\\/05\\\/Roi-Salmane-ben-Abdel-Aziz-REUTERS-300x209-1.jpg\",\"contentUrl\":\"https:\\\/\\\/www.webdo.tn\\\/fr\\\/wp-content\\\/uploads\\\/2015\\\/05\\\/Roi-Salmane-ben-Abdel-Aziz-REUTERS-300x209-1.jpg\",\"width\":300,\"height\":209,\"caption\":\"Le roi d'Arabie Saoudite annule une visite aux Etats-Unis \u00e0 la derni\u00e8re minute\"},{\"@type\":\"BreadcrumbList\",\"@id\":\"https:\\\/\\\/www.webdo.tn\\\/fr\\\/actualite\\\/international\\\/le-roi-darabie-saoudite-annule-une-visite-aux-etats-unis-a-la-derniere-minute\\\/184132\\\/#breadcrumb\",\"itemListElement\":[{\"@type\":\"ListItem\",\"position\":1,\"name\":\"Accueil\",\"item\":\"https:\\\/\\\/www.webdo.tn\\\/fr\\\/\"},{\"@type\":\"ListItem\",\"position\":2,\"name\":\"Le roi d&rsquo;Arabie Saoudite annule une visite aux Etats-Unis \u00e0 la derni\u00e8re minute\"}]},{\"@type\":\"WebSite\",\"@id\":\"https:\\\/\\\/www.webdo.tn\\\/fr\\\/#website\",\"url\":\"https:\\\/\\\/www.webdo.tn\\\/fr\\\/\",\"name\":\"webdo\",\"description\":\"Tunisie - News en Tunisie et \u00e0 l&#039;international sur Webdo.tn\",\"publisher\":{\"@id\":\"https:\\\/\\\/www.webdo.tn\\\/fr\\\/#organization\"},\"potentialAction\":[{\"@type\":\"SearchAction\",\"target\":{\"@type\":\"EntryPoint\",\"urlTemplate\":\"https:\\\/\\\/www.webdo.tn\\\/fr\\\/?s={search_term_string}\"},\"query-input\":{\"@type\":\"PropertyValueSpecification\",\"valueRequired\":true,\"valueName\":\"search_term_string\"}}],\"inLanguage\":\"fr-FR\"},{\"@type\":\"Organization\",\"@id\":\"https:\\\/\\\/www.webdo.tn\\\/fr\\\/#organization\",\"name\":\"Webdo\",\"alternateName\":\"Webdo.tn\",\"url\":\"https:\\\/\\\/www.webdo.tn\\\/fr\\\/\",\"logo\":{\"@type\":\"ImageObject\",\"inLanguage\":\"fr-FR\",\"@id\":\"https:\\\/\\\/www.webdo.tn\\\/fr\\\/#\\\/schema\\\/logo\\\/image\\\/\",\"url\":\"https:\\\/\\\/www.webdo.tn\\\/fr\\\/wp-content\\\/uploads\\\/2025\\\/06\\\/Webdo-Tunisie_168377.jpg\",\"contentUrl\":\"https:\\\/\\\/www.webdo.tn\\\/fr\\\/wp-content\\\/uploads\\\/2025\\\/06\\\/Webdo-Tunisie_168377.jpg\",\"width\":301,\"height\":301,\"caption\":\"Webdo\"},\"image\":{\"@id\":\"https:\\\/\\\/www.webdo.tn\\\/fr\\\/#\\\/schema\\\/logo\\\/image\\\/\"},\"sameAs\":[\"https:\\\/\\\/www.facebook.com\\\/webdotn\",\"https:\\\/\\\/x.com\\\/webdo_tn\"],\"description\":\"Webdo est un m\u00e9dia num\u00e9rique tunisien fond\u00e9 en 2010, sp\u00e9cialis\u00e9 dans l\u2019actualit\u00e9 nationale et internationale, l\u2019\u00e9conomie, la soci\u00e9t\u00e9 et les analyses politiques. Le site s\u2019adresse \u00e0 un large public francophone et couvre l\u2019information tunisienne en temps r\u00e9el.\",\"email\":\"redac@webdo.tn\",\"legalName\":\"YNJ SARL\",\"foundingDate\":\"2010-09-06\",\"numberOfEmployees\":{\"@type\":\"QuantitativeValue\",\"minValue\":\"11\",\"maxValue\":\"50\"}},{\"@type\":\"Person\",\"@id\":\"https:\\\/\\\/www.webdo.tn\\\/fr\\\/#\\\/schema\\\/person\\\/9a9c6118d687c117df8ef3cc36a4d175\",\"name\":\"webdo.tn\",\"image\":{\"@type\":\"ImageObject\",\"inLanguage\":\"fr-FR\",\"@id\":\"https:\\\/\\\/secure.gravatar.com\\\/avatar\\\/7ce1f28c0c3bbac99ff550b85ef8e44a6950c6ee24514fb6a5489e51d06f0298?s=96&d=mm&r=g\",\"url\":\"https:\\\/\\\/secure.gravatar.com\\\/avatar\\\/7ce1f28c0c3bbac99ff550b85ef8e44a6950c6ee24514fb6a5489e51d06f0298?s=96&d=mm&r=g\",\"contentUrl\":\"https:\\\/\\\/secure.gravatar.com\\\/avatar\\\/7ce1f28c0c3bbac99ff550b85ef8e44a6950c6ee24514fb6a5489e51d06f0298?s=96&d=mm&r=g\",\"caption\":\"webdo.tn\"},\"url\":\"https:\\\/\\\/www.webdo.tn\\\/fr\\\/actualite\\\/author\\\/webdotn\\\/\"}]}<\/script>\n<!-- \/ Yoast SEO Premium plugin. -->","yoast_head_json":{"title":"Le roi d'Arabie Saoudite annule une visite aux Etats-Unis \u00e0 la derni\u00e8re minute","description":"Le roi d'Arabie Saoudite annule une visite aux Etats-Unis \u00e0 la derni\u00e8re minute","canonical":"https:\/\/www.webdo.tn\/fr\/actualite\/international\/le-roi-darabie-saoudite-annule-une-visite-aux-etats-unis-a-la-derniere-minute\/184132\/","og_locale":"fr_FR","og_type":"article","og_title":"Le roi d'Arabie Saoudite annule une visite aux Etats-Unis \u00e0 la derni\u00e8re minute","og_description":"Le roi d'Arabie Saoudite annule une visite aux Etats-Unis \u00e0 la derni\u00e8re minute","og_url":"https:\/\/www.webdo.tn\/fr\/actualite\/international\/le-roi-darabie-saoudite-annule-une-visite-aux-etats-unis-a-la-derniere-minute\/184132\/","og_site_name":"webdo","article_publisher":"https:\/\/www.facebook.com\/webdotn","article_published_time":"2015-05-11T16:54:00+00:00","article_modified_time":"2025-05-18T22:14:36+00:00","og_image":[{"width":300,"height":209,"url":"https:\/\/www.webdo.tn\/fr\/wp-content\/uploads\/2015\/05\/Roi-Salmane-ben-Abdel-Aziz-REUTERS-300x209-1.jpg","type":"image\/jpeg"}],"author":"webdo.tn","twitter_card":"summary_large_image","twitter_creator":"@webdo_tn","twitter_site":"@webdo_tn","twitter_misc":{"\u00c9crit par":"webdo.tn","Dur\u00e9e de lecture estim\u00e9e":"2 minutes"},"schema":{"@context":"https:\/\/schema.org","@graph":[{"@type":"NewsArticle","@id":"https:\/\/www.webdo.tn\/fr\/actualite\/international\/le-roi-darabie-saoudite-annule-une-visite-aux-etats-unis-a-la-derniere-minute\/184132\/#article","isPartOf":{"@id":"https:\/\/www.webdo.tn\/fr\/actualite\/international\/le-roi-darabie-saoudite-annule-une-visite-aux-etats-unis-a-la-derniere-minute\/184132\/"},"author":{"name":"webdo.tn","@id":"https:\/\/www.webdo.tn\/fr\/#\/schema\/person\/9a9c6118d687c117df8ef3cc36a4d175"},"headline":"Le roi d&rsquo;Arabie Saoudite annule une visite aux Etats-Unis \u00e0 la derni\u00e8re minute","datePublished":"2015-05-11T16:54:00+00:00","dateModified":"2025-05-18T22:14:36+00:00","mainEntityOfPage":{"@id":"https:\/\/www.webdo.tn\/fr\/actualite\/international\/le-roi-darabie-saoudite-annule-une-visite-aux-etats-unis-a-la-derniere-minute\/184132\/"},"wordCount":490,"commentCount":0,"publisher":{"@id":"https:\/\/www.webdo.tn\/fr\/#organization"},"image":{"@id":"https:\/\/www.webdo.tn\/fr\/actualite\/international\/le-roi-darabie-saoudite-annule-une-visite-aux-etats-unis-a-la-derniere-minute\/184132\/#primaryimage"},"thumbnailUrl":"https:\/\/www.webdo.tn\/fr\/wp-content\/uploads\/2015\/05\/Roi-Salmane-ben-Abdel-Aziz-REUTERS-300x209-1.jpg","keywords":["guerre"],"articleSection":["International"],"inLanguage":"fr-FR"},{"@type":"WebPage","@id":"https:\/\/www.webdo.tn\/fr\/actualite\/international\/le-roi-darabie-saoudite-annule-une-visite-aux-etats-unis-a-la-derniere-minute\/184132\/","url":"https:\/\/www.webdo.tn\/fr\/actualite\/international\/le-roi-darabie-saoudite-annule-une-visite-aux-etats-unis-a-la-derniere-minute\/184132\/","name":"Le roi d'Arabie Saoudite annule une visite aux Etats-Unis \u00e0 la derni\u00e8re minute","isPartOf":{"@id":"https:\/\/www.webdo.tn\/fr\/#website"},"primaryImageOfPage":{"@id":"https:\/\/www.webdo.tn\/fr\/actualite\/international\/le-roi-darabie-saoudite-annule-une-visite-aux-etats-unis-a-la-derniere-minute\/184132\/#primaryimage"},"image":{"@id":"https:\/\/www.webdo.tn\/fr\/actualite\/international\/le-roi-darabie-saoudite-annule-une-visite-aux-etats-unis-a-la-derniere-minute\/184132\/#primaryimage"},"thumbnailUrl":"https:\/\/www.webdo.tn\/fr\/wp-content\/uploads\/2015\/05\/Roi-Salmane-ben-Abdel-Aziz-REUTERS-300x209-1.jpg","datePublished":"2015-05-11T16:54:00+00:00","dateModified":"2025-05-18T22:14:36+00:00","description":"Le roi d'Arabie Saoudite annule une visite aux Etats-Unis \u00e0 la derni\u00e8re minute","breadcrumb":{"@id":"https:\/\/www.webdo.tn\/fr\/actualite\/international\/le-roi-darabie-saoudite-annule-une-visite-aux-etats-unis-a-la-derniere-minute\/184132\/#breadcrumb"},"inLanguage":"fr-FR","potentialAction":[{"@type":"ReadAction","target":["https:\/\/www.webdo.tn\/fr\/actualite\/international\/le-roi-darabie-saoudite-annule-une-visite-aux-etats-unis-a-la-derniere-minute\/184132\/"]}]},{"@type":"ImageObject","inLanguage":"fr-FR","@id":"https:\/\/www.webdo.tn\/fr\/actualite\/international\/le-roi-darabie-saoudite-annule-une-visite-aux-etats-unis-a-la-derniere-minute\/184132\/#primaryimage","url":"https:\/\/www.webdo.tn\/fr\/wp-content\/uploads\/2015\/05\/Roi-Salmane-ben-Abdel-Aziz-REUTERS-300x209-1.jpg","contentUrl":"https:\/\/www.webdo.tn\/fr\/wp-content\/uploads\/2015\/05\/Roi-Salmane-ben-Abdel-Aziz-REUTERS-300x209-1.jpg","width":300,"height":209,"caption":"Le roi d'Arabie Saoudite annule une visite aux Etats-Unis \u00e0 la derni\u00e8re minute"},{"@type":"BreadcrumbList","@id":"https:\/\/www.webdo.tn\/fr\/actualite\/international\/le-roi-darabie-saoudite-annule-une-visite-aux-etats-unis-a-la-derniere-minute\/184132\/#breadcrumb","itemListElement":[{"@type":"ListItem","position":1,"name":"Accueil","item":"https:\/\/www.webdo.tn\/fr\/"},{"@type":"ListItem","position":2,"name":"Le roi d&rsquo;Arabie Saoudite annule une visite aux Etats-Unis \u00e0 la derni\u00e8re minute"}]},{"@type":"WebSite","@id":"https:\/\/www.webdo.tn\/fr\/#website","url":"https:\/\/www.webdo.tn\/fr\/","name":"webdo","description":"Tunisie - News en Tunisie et \u00e0 l&#039;international sur Webdo.tn","publisher":{"@id":"https:\/\/www.webdo.tn\/fr\/#organization"},"potentialAction":[{"@type":"SearchAction","target":{"@type":"EntryPoint","urlTemplate":"https:\/\/www.webdo.tn\/fr\/?s={search_term_string}"},"query-input":{"@type":"PropertyValueSpecification","valueRequired":true,"valueName":"search_term_string"}}],"inLanguage":"fr-FR"},{"@type":"Organization","@id":"https:\/\/www.webdo.tn\/fr\/#organization","name":"Webdo","alternateName":"Webdo.tn","url":"https:\/\/www.webdo.tn\/fr\/","logo":{"@type":"ImageObject","inLanguage":"fr-FR","@id":"https:\/\/www.webdo.tn\/fr\/#\/schema\/logo\/image\/","url":"https:\/\/www.webdo.tn\/fr\/wp-content\/uploads\/2025\/06\/Webdo-Tunisie_168377.jpg","contentUrl":"https:\/\/www.webdo.tn\/fr\/wp-content\/uploads\/2025\/06\/Webdo-Tunisie_168377.jpg","width":301,"height":301,"caption":"Webdo"},"image":{"@id":"https:\/\/www.webdo.tn\/fr\/#\/schema\/logo\/image\/"},"sameAs":["https:\/\/www.facebook.com\/webdotn","https:\/\/x.com\/webdo_tn"],"description":"Webdo est un m\u00e9dia num\u00e9rique tunisien fond\u00e9 en 2010, sp\u00e9cialis\u00e9 dans l\u2019actualit\u00e9 nationale et internationale, l\u2019\u00e9conomie, la soci\u00e9t\u00e9 et les analyses politiques. Le site s\u2019adresse \u00e0 un large public francophone et couvre l\u2019information tunisienne en temps r\u00e9el.","email":"redac@webdo.tn","legalName":"YNJ SARL","foundingDate":"2010-09-06","numberOfEmployees":{"@type":"QuantitativeValue","minValue":"11","maxValue":"50"}},{"@type":"Person","@id":"https:\/\/www.webdo.tn\/fr\/#\/schema\/person\/9a9c6118d687c117df8ef3cc36a4d175","name":"webdo.tn","image":{"@type":"ImageObject","inLanguage":"fr-FR","@id":"https:\/\/secure.gravatar.com\/avatar\/7ce1f28c0c3bbac99ff550b85ef8e44a6950c6ee24514fb6a5489e51d06f0298?s=96&d=mm&r=g","url":"https:\/\/secure.gravatar.com\/avatar\/7ce1f28c0c3bbac99ff550b85ef8e44a6950c6ee24514fb6a5489e51d06f0298?s=96&d=mm&r=g","contentUrl":"https:\/\/secure.gravatar.com\/avatar\/7ce1f28c0c3bbac99ff550b85ef8e44a6950c6ee24514fb6a5489e51d06f0298?s=96&d=mm&r=g","caption":"webdo.tn"},"url":"https:\/\/www.webdo.tn\/fr\/actualite\/author\/webdotn\/"}]}},"_links":{"self":[{"href":"https:\/\/www.webdo.tn\/fr\/wp-json\/wp\/v2\/posts\/184132","targetHints":{"allow":["GET"]}}],"collection":[{"href":"https:\/\/www.webdo.tn\/fr\/wp-json\/wp\/v2\/posts"}],"about":[{"href":"https:\/\/www.webdo.tn\/fr\/wp-json\/wp\/v2\/types\/post"}],"author":[{"embeddable":true,"href":"https:\/\/www.webdo.tn\/fr\/wp-json\/wp\/v2\/users\/3222"}],"replies":[{"embeddable":true,"href":"https:\/\/www.webdo.tn\/fr\/wp-json\/wp\/v2\/comments?post=184132"}],"version-history":[{"count":0,"href":"https:\/\/www.webdo.tn\/fr\/wp-json\/wp\/v2\/posts\/184132\/revisions"}],"wp:featuredmedia":[{"embeddable":true,"href":"https:\/\/www.webdo.tn\/fr\/wp-json\/wp\/v2\/media\/318333"}],"wp:attachment":[{"href":"https:\/\/www.webdo.tn\/fr\/wp-json\/wp\/v2\/media?parent=184132"}],"wp:term":[{"taxonomy":"category","embeddable":true,"href":"https:\/\/www.webdo.tn\/fr\/wp-json\/wp\/v2\/categories?post=184132"},{"taxonomy":"post_tag","embeddable":true,"href":"https:\/\/www.webdo.tn\/fr\/wp-json\/wp\/v2\/tags?post=184132"}],"curies":[{"name":"wp","href":"https:\/\/api.w.org\/{rel}","templated":true}]}}