{"id":184130,"date":"2015-05-13T12:32:00","date_gmt":"2015-05-13T12:32:00","guid":{"rendered":"https:\/\/www.webdo.tn\/fr\/blog\/kim-jong-un-fait-executer-son-ministre-de-la-defense-qui-setait-endormi-lors-defile-militaire\/184130\/"},"modified":"2015-05-13T12:32:00","modified_gmt":"2015-05-13T12:32:00","slug":"kim-jong-un-fait-executer-son-ministre-de-la-defense-qui-setait-endormi-lors-defile-militaire","status":"publish","type":"post","link":"https:\/\/www.webdo.tn\/fr\/actualite\/international\/kim-jong-un-fait-executer-son-ministre-de-la-defense-qui-setait-endormi-lors-defile-militaire\/184130\/","title":{"rendered":"Kim Jong-un fait ex\u00e9cuter son ministre de la D\u00e9fense qui s&rsquo;\u00e9tait endormi lors d\u00e9fil\u00e9 militaire"},"content":{"rendered":"<p>Hyon Yong-Chol, ministre de la d\u00e9fense Nord-Cor\u00e9en a \u00e9t\u00e9 ex\u00e9cut\u00e9 le 30 avril dernier. Il s&rsquo;\u00e9tait endormi lors d&rsquo;un d\u00e9fil\u00e9 militaire pr\u00e9sid\u00e9 par Kim Jong-un.<\/p>\n<p>Pourtant proche du dictateur Nord-Cor\u00e9en, le ministre est tomb\u00e9 en disgr\u00e2ce aupr\u00e8s de celui-ci et a \u00e9t\u00e9 ex\u00e9cut\u00e9 devant des centaines de personnes par un canon antia\u00e9rien.<\/p>\n<p>C&rsquo;est la deuxi\u00e8me fois que Kim Jong-un ex\u00e9cute un de ses proches, en 2013 il avait fait tuer son oncle\u00a0\u00a0Jang Song-taek pour trahison.<\/p>\n<p>[Br\u00e8ve&#8230;]<\/p>\n","protected":false},"excerpt":{"rendered":"<p>Kim Jong-un fait ex\u00e9cuter son ministre de la D\u00e9fense qui s&rsquo;\u00e9tait endormi lors d\u00e9fil\u00e9 militaire<\/p>\n","protected":false},"author":3222,"featured_media":335857,"comment_status":"open","ping_status":"closed","sticky":false,"template":"","format":"standard","meta":{"footnotes":""},"categories":[2598],"tags":[2600],"class_list":["post-184130","post","type-post","status-publish","format-standard","has-post-thumbnail","hentry","category-international","tag-guerre"],"yoast_head":"<!-- This site is optimized with the Yoast SEO Premium plugin v27.5 (Yoast SEO v27.5) - https:\/\/yoast.com\/product\/yoast-seo-premium-wordpress\/ -->\n<title>Kim Jong-un fait ex\u00e9cuter son ministre de la D\u00e9fense qui s&#039;\u00e9tait endormi lors d\u00e9fil\u00e9 militaire<\/title>\n<meta name=\"description\" content=\"Kim Jong-un fait ex\u00e9cuter son ministre de la D\u00e9fense qui s&#039;\u00e9tait endormi lors d\u00e9fil\u00e9 militaire\" \/>\n<link rel=\"canonical\" href=\"https:\/\/www.webdo.tn\/fr\/actualite\/international\/kim-jong-un-fait-executer-son-ministre-de-la-defense-qui-setait-endormi-lors-defile-militaire\/184130\/\" \/>\n<meta property=\"og:locale\" content=\"fr_FR\" \/>\n<meta property=\"og:type\" content=\"article\" \/>\n<meta property=\"og:title\" content=\"Kim Jong-un fait ex\u00e9cuter son ministre de la D\u00e9fense qui s&#039;\u00e9tait endormi lors d\u00e9fil\u00e9 militaire\" \/>\n<meta property=\"og:description\" content=\"Kim Jong-un fait ex\u00e9cuter son ministre de la D\u00e9fense qui s&#039;\u00e9tait endormi lors d\u00e9fil\u00e9 militaire\" \/>\n<meta property=\"og:url\" content=\"https:\/\/www.webdo.tn\/fr\/actualite\/international\/kim-jong-un-fait-executer-son-ministre-de-la-defense-qui-setait-endormi-lors-defile-militaire\/184130\/\" \/>\n<meta property=\"og:site_name\" content=\"webdo\" \/>\n<meta property=\"article:publisher\" content=\"https:\/\/www.facebook.com\/webdotn\" \/>\n<meta property=\"article:published_time\" content=\"2015-05-13T12:32:00+00:00\" \/>\n<meta property=\"og:image\" content=\"https:\/\/www.webdo.tn\/fr\/wp-content\/uploads\/2015\/05\/webdo_default-72.jpg\" \/>\n\t<meta property=\"og:image:width\" content=\"800\" \/>\n\t<meta property=\"og:image:height\" content=\"500\" \/>\n\t<meta property=\"og:image:type\" content=\"image\/jpeg\" \/>\n<meta name=\"author\" content=\"webdo.tn\" \/>\n<meta name=\"twitter:card\" content=\"summary_large_image\" \/>\n<meta name=\"twitter:creator\" content=\"@webdo_tn\" \/>\n<meta name=\"twitter:site\" content=\"@webdo_tn\" \/>\n<meta name=\"twitter:label1\" content=\"\u00c9crit par\" \/>\n\t<meta name=\"twitter:data1\" content=\"webdo.tn\" \/>\n<script type=\"application\/ld+json\" class=\"yoast-schema-graph\">{\"@context\":\"https:\\\/\\\/schema.org\",\"@graph\":[{\"@type\":\"NewsArticle\",\"@id\":\"https:\\\/\\\/www.webdo.tn\\\/fr\\\/actualite\\\/international\\\/kim-jong-un-fait-executer-son-ministre-de-la-defense-qui-setait-endormi-lors-defile-militaire\\\/184130\\\/#article\",\"isPartOf\":{\"@id\":\"https:\\\/\\\/www.webdo.tn\\\/fr\\\/actualite\\\/international\\\/kim-jong-un-fait-executer-son-ministre-de-la-defense-qui-setait-endormi-lors-defile-militaire\\\/184130\\\/\"},\"author\":{\"name\":\"webdo.tn\",\"@id\":\"https:\\\/\\\/www.webdo.tn\\\/fr\\\/#\\\/schema\\\/person\\\/9a9c6118d687c117df8ef3cc36a4d175\"},\"headline\":\"Kim Jong-un fait ex\u00e9cuter son ministre de la D\u00e9fense qui s&rsquo;\u00e9tait endormi lors d\u00e9fil\u00e9 militaire\",\"datePublished\":\"2015-05-13T12:32:00+00:00\",\"mainEntityOfPage\":{\"@id\":\"https:\\\/\\\/www.webdo.tn\\\/fr\\\/actualite\\\/international\\\/kim-jong-un-fait-executer-son-ministre-de-la-defense-qui-setait-endormi-lors-defile-militaire\\\/184130\\\/\"},\"wordCount\":110,\"commentCount\":0,\"publisher\":{\"@id\":\"https:\\\/\\\/www.webdo.tn\\\/fr\\\/#organization\"},\"image\":{\"@id\":\"https:\\\/\\\/www.webdo.tn\\\/fr\\\/actualite\\\/international\\\/kim-jong-un-fait-executer-son-ministre-de-la-defense-qui-setait-endormi-lors-defile-militaire\\\/184130\\\/#primaryimage\"},\"thumbnailUrl\":\"https:\\\/\\\/www.webdo.tn\\\/fr\\\/wp-content\\\/uploads\\\/2015\\\/05\\\/webdo_default-72.jpg\",\"keywords\":[\"guerre\"],\"articleSection\":[\"International\"],\"inLanguage\":\"fr-FR\"},{\"@type\":\"WebPage\",\"@id\":\"https:\\\/\\\/www.webdo.tn\\\/fr\\\/actualite\\\/international\\\/kim-jong-un-fait-executer-son-ministre-de-la-defense-qui-setait-endormi-lors-defile-militaire\\\/184130\\\/\",\"url\":\"https:\\\/\\\/www.webdo.tn\\\/fr\\\/actualite\\\/international\\\/kim-jong-un-fait-executer-son-ministre-de-la-defense-qui-setait-endormi-lors-defile-militaire\\\/184130\\\/\",\"name\":\"Kim Jong-un fait ex\u00e9cuter son ministre de la D\u00e9fense qui s'\u00e9tait endormi lors d\u00e9fil\u00e9 militaire\",\"isPartOf\":{\"@id\":\"https:\\\/\\\/www.webdo.tn\\\/fr\\\/#website\"},\"primaryImageOfPage\":{\"@id\":\"https:\\\/\\\/www.webdo.tn\\\/fr\\\/actualite\\\/international\\\/kim-jong-un-fait-executer-son-ministre-de-la-defense-qui-setait-endormi-lors-defile-militaire\\\/184130\\\/#primaryimage\"},\"image\":{\"@id\":\"https:\\\/\\\/www.webdo.tn\\\/fr\\\/actualite\\\/international\\\/kim-jong-un-fait-executer-son-ministre-de-la-defense-qui-setait-endormi-lors-defile-militaire\\\/184130\\\/#primaryimage\"},\"thumbnailUrl\":\"https:\\\/\\\/www.webdo.tn\\\/fr\\\/wp-content\\\/uploads\\\/2015\\\/05\\\/webdo_default-72.jpg\",\"datePublished\":\"2015-05-13T12:32:00+00:00\",\"description\":\"Kim Jong-un fait ex\u00e9cuter son ministre de la D\u00e9fense qui s'\u00e9tait endormi lors d\u00e9fil\u00e9 militaire\",\"breadcrumb\":{\"@id\":\"https:\\\/\\\/www.webdo.tn\\\/fr\\\/actualite\\\/international\\\/kim-jong-un-fait-executer-son-ministre-de-la-defense-qui-setait-endormi-lors-defile-militaire\\\/184130\\\/#breadcrumb\"},\"inLanguage\":\"fr-FR\",\"potentialAction\":[{\"@type\":\"ReadAction\",\"target\":[\"https:\\\/\\\/www.webdo.tn\\\/fr\\\/actualite\\\/international\\\/kim-jong-un-fait-executer-son-ministre-de-la-defense-qui-setait-endormi-lors-defile-militaire\\\/184130\\\/\"]}]},{\"@type\":\"ImageObject\",\"inLanguage\":\"fr-FR\",\"@id\":\"https:\\\/\\\/www.webdo.tn\\\/fr\\\/actualite\\\/international\\\/kim-jong-un-fait-executer-son-ministre-de-la-defense-qui-setait-endormi-lors-defile-militaire\\\/184130\\\/#primaryimage\",\"url\":\"https:\\\/\\\/www.webdo.tn\\\/fr\\\/wp-content\\\/uploads\\\/2015\\\/05\\\/webdo_default-72.jpg\",\"contentUrl\":\"https:\\\/\\\/www.webdo.tn\\\/fr\\\/wp-content\\\/uploads\\\/2015\\\/05\\\/webdo_default-72.jpg\",\"width\":800,\"height\":500,\"caption\":\"Kim Jong-un fait ex\u00e9cuter son ministre de la D\u00e9fense qui s'\u00e9tait endormi lors d\u00e9fil\u00e9 militaire\"},{\"@type\":\"BreadcrumbList\",\"@id\":\"https:\\\/\\\/www.webdo.tn\\\/fr\\\/actualite\\\/international\\\/kim-jong-un-fait-executer-son-ministre-de-la-defense-qui-setait-endormi-lors-defile-militaire\\\/184130\\\/#breadcrumb\",\"itemListElement\":[{\"@type\":\"ListItem\",\"position\":1,\"name\":\"Accueil\",\"item\":\"https:\\\/\\\/www.webdo.tn\\\/fr\\\/\"},{\"@type\":\"ListItem\",\"position\":2,\"name\":\"Kim Jong-un fait ex\u00e9cuter son ministre de la D\u00e9fense qui s&rsquo;\u00e9tait endormi lors d\u00e9fil\u00e9 militaire\"}]},{\"@type\":\"WebSite\",\"@id\":\"https:\\\/\\\/www.webdo.tn\\\/fr\\\/#website\",\"url\":\"https:\\\/\\\/www.webdo.tn\\\/fr\\\/\",\"name\":\"webdo\",\"description\":\"Tunisie - News en Tunisie et \u00e0 l&#039;international sur Webdo.tn\",\"publisher\":{\"@id\":\"https:\\\/\\\/www.webdo.tn\\\/fr\\\/#organization\"},\"potentialAction\":[{\"@type\":\"SearchAction\",\"target\":{\"@type\":\"EntryPoint\",\"urlTemplate\":\"https:\\\/\\\/www.webdo.tn\\\/fr\\\/?s={search_term_string}\"},\"query-input\":{\"@type\":\"PropertyValueSpecification\",\"valueRequired\":true,\"valueName\":\"search_term_string\"}}],\"inLanguage\":\"fr-FR\"},{\"@type\":\"Organization\",\"@id\":\"https:\\\/\\\/www.webdo.tn\\\/fr\\\/#organization\",\"name\":\"Webdo\",\"alternateName\":\"Webdo.tn\",\"url\":\"https:\\\/\\\/www.webdo.tn\\\/fr\\\/\",\"logo\":{\"@type\":\"ImageObject\",\"inLanguage\":\"fr-FR\",\"@id\":\"https:\\\/\\\/www.webdo.tn\\\/fr\\\/#\\\/schema\\\/logo\\\/image\\\/\",\"url\":\"https:\\\/\\\/www.webdo.tn\\\/fr\\\/wp-content\\\/uploads\\\/2025\\\/06\\\/Webdo-Tunisie_168377.jpg\",\"contentUrl\":\"https:\\\/\\\/www.webdo.tn\\\/fr\\\/wp-content\\\/uploads\\\/2025\\\/06\\\/Webdo-Tunisie_168377.jpg\",\"width\":301,\"height\":301,\"caption\":\"Webdo\"},\"image\":{\"@id\":\"https:\\\/\\\/www.webdo.tn\\\/fr\\\/#\\\/schema\\\/logo\\\/image\\\/\"},\"sameAs\":[\"https:\\\/\\\/www.facebook.com\\\/webdotn\",\"https:\\\/\\\/x.com\\\/webdo_tn\"],\"description\":\"Webdo est un m\u00e9dia num\u00e9rique tunisien fond\u00e9 en 2010, sp\u00e9cialis\u00e9 dans l\u2019actualit\u00e9 nationale et internationale, l\u2019\u00e9conomie, la soci\u00e9t\u00e9 et les analyses politiques. Le site s\u2019adresse \u00e0 un large public francophone et couvre l\u2019information tunisienne en temps r\u00e9el.\",\"email\":\"redac@webdo.tn\",\"legalName\":\"YNJ SARL\",\"foundingDate\":\"2010-09-06\",\"numberOfEmployees\":{\"@type\":\"QuantitativeValue\",\"minValue\":\"11\",\"maxValue\":\"50\"}},{\"@type\":\"Person\",\"@id\":\"https:\\\/\\\/www.webdo.tn\\\/fr\\\/#\\\/schema\\\/person\\\/9a9c6118d687c117df8ef3cc36a4d175\",\"name\":\"webdo.tn\",\"image\":{\"@type\":\"ImageObject\",\"inLanguage\":\"fr-FR\",\"@id\":\"https:\\\/\\\/secure.gravatar.com\\\/avatar\\\/7ce1f28c0c3bbac99ff550b85ef8e44a6950c6ee24514fb6a5489e51d06f0298?s=96&d=mm&r=g\",\"url\":\"https:\\\/\\\/secure.gravatar.com\\\/avatar\\\/7ce1f28c0c3bbac99ff550b85ef8e44a6950c6ee24514fb6a5489e51d06f0298?s=96&d=mm&r=g\",\"contentUrl\":\"https:\\\/\\\/secure.gravatar.com\\\/avatar\\\/7ce1f28c0c3bbac99ff550b85ef8e44a6950c6ee24514fb6a5489e51d06f0298?s=96&d=mm&r=g\",\"caption\":\"webdo.tn\"},\"url\":\"https:\\\/\\\/www.webdo.tn\\\/fr\\\/actualite\\\/author\\\/webdotn\\\/\"}]}<\/script>\n<!-- \/ Yoast SEO Premium plugin. -->","yoast_head_json":{"title":"Kim Jong-un fait ex\u00e9cuter son ministre de la D\u00e9fense qui s'\u00e9tait endormi lors d\u00e9fil\u00e9 militaire","description":"Kim Jong-un fait ex\u00e9cuter son ministre de la D\u00e9fense qui s'\u00e9tait endormi lors d\u00e9fil\u00e9 militaire","canonical":"https:\/\/www.webdo.tn\/fr\/actualite\/international\/kim-jong-un-fait-executer-son-ministre-de-la-defense-qui-setait-endormi-lors-defile-militaire\/184130\/","og_locale":"fr_FR","og_type":"article","og_title":"Kim Jong-un fait ex\u00e9cuter son ministre de la D\u00e9fense qui s'\u00e9tait endormi lors d\u00e9fil\u00e9 militaire","og_description":"Kim Jong-un fait ex\u00e9cuter son ministre de la D\u00e9fense qui s'\u00e9tait endormi lors d\u00e9fil\u00e9 militaire","og_url":"https:\/\/www.webdo.tn\/fr\/actualite\/international\/kim-jong-un-fait-executer-son-ministre-de-la-defense-qui-setait-endormi-lors-defile-militaire\/184130\/","og_site_name":"webdo","article_publisher":"https:\/\/www.facebook.com\/webdotn","article_published_time":"2015-05-13T12:32:00+00:00","og_image":[{"width":800,"height":500,"url":"https:\/\/www.webdo.tn\/fr\/wp-content\/uploads\/2015\/05\/webdo_default-72.jpg","type":"image\/jpeg"}],"author":"webdo.tn","twitter_card":"summary_large_image","twitter_creator":"@webdo_tn","twitter_site":"@webdo_tn","twitter_misc":{"\u00c9crit par":"webdo.tn"},"schema":{"@context":"https:\/\/schema.org","@graph":[{"@type":"NewsArticle","@id":"https:\/\/www.webdo.tn\/fr\/actualite\/international\/kim-jong-un-fait-executer-son-ministre-de-la-defense-qui-setait-endormi-lors-defile-militaire\/184130\/#article","isPartOf":{"@id":"https:\/\/www.webdo.tn\/fr\/actualite\/international\/kim-jong-un-fait-executer-son-ministre-de-la-defense-qui-setait-endormi-lors-defile-militaire\/184130\/"},"author":{"name":"webdo.tn","@id":"https:\/\/www.webdo.tn\/fr\/#\/schema\/person\/9a9c6118d687c117df8ef3cc36a4d175"},"headline":"Kim Jong-un fait ex\u00e9cuter son ministre de la D\u00e9fense qui s&rsquo;\u00e9tait endormi lors d\u00e9fil\u00e9 militaire","datePublished":"2015-05-13T12:32:00+00:00","mainEntityOfPage":{"@id":"https:\/\/www.webdo.tn\/fr\/actualite\/international\/kim-jong-un-fait-executer-son-ministre-de-la-defense-qui-setait-endormi-lors-defile-militaire\/184130\/"},"wordCount":110,"commentCount":0,"publisher":{"@id":"https:\/\/www.webdo.tn\/fr\/#organization"},"image":{"@id":"https:\/\/www.webdo.tn\/fr\/actualite\/international\/kim-jong-un-fait-executer-son-ministre-de-la-defense-qui-setait-endormi-lors-defile-militaire\/184130\/#primaryimage"},"thumbnailUrl":"https:\/\/www.webdo.tn\/fr\/wp-content\/uploads\/2015\/05\/webdo_default-72.jpg","keywords":["guerre"],"articleSection":["International"],"inLanguage":"fr-FR"},{"@type":"WebPage","@id":"https:\/\/www.webdo.tn\/fr\/actualite\/international\/kim-jong-un-fait-executer-son-ministre-de-la-defense-qui-setait-endormi-lors-defile-militaire\/184130\/","url":"https:\/\/www.webdo.tn\/fr\/actualite\/international\/kim-jong-un-fait-executer-son-ministre-de-la-defense-qui-setait-endormi-lors-defile-militaire\/184130\/","name":"Kim Jong-un fait ex\u00e9cuter son ministre de la D\u00e9fense qui s'\u00e9tait endormi lors d\u00e9fil\u00e9 militaire","isPartOf":{"@id":"https:\/\/www.webdo.tn\/fr\/#website"},"primaryImageOfPage":{"@id":"https:\/\/www.webdo.tn\/fr\/actualite\/international\/kim-jong-un-fait-executer-son-ministre-de-la-defense-qui-setait-endormi-lors-defile-militaire\/184130\/#primaryimage"},"image":{"@id":"https:\/\/www.webdo.tn\/fr\/actualite\/international\/kim-jong-un-fait-executer-son-ministre-de-la-defense-qui-setait-endormi-lors-defile-militaire\/184130\/#primaryimage"},"thumbnailUrl":"https:\/\/www.webdo.tn\/fr\/wp-content\/uploads\/2015\/05\/webdo_default-72.jpg","datePublished":"2015-05-13T12:32:00+00:00","description":"Kim Jong-un fait ex\u00e9cuter son ministre de la D\u00e9fense qui s'\u00e9tait endormi lors d\u00e9fil\u00e9 militaire","breadcrumb":{"@id":"https:\/\/www.webdo.tn\/fr\/actualite\/international\/kim-jong-un-fait-executer-son-ministre-de-la-defense-qui-setait-endormi-lors-defile-militaire\/184130\/#breadcrumb"},"inLanguage":"fr-FR","potentialAction":[{"@type":"ReadAction","target":["https:\/\/www.webdo.tn\/fr\/actualite\/international\/kim-jong-un-fait-executer-son-ministre-de-la-defense-qui-setait-endormi-lors-defile-militaire\/184130\/"]}]},{"@type":"ImageObject","inLanguage":"fr-FR","@id":"https:\/\/www.webdo.tn\/fr\/actualite\/international\/kim-jong-un-fait-executer-son-ministre-de-la-defense-qui-setait-endormi-lors-defile-militaire\/184130\/#primaryimage","url":"https:\/\/www.webdo.tn\/fr\/wp-content\/uploads\/2015\/05\/webdo_default-72.jpg","contentUrl":"https:\/\/www.webdo.tn\/fr\/wp-content\/uploads\/2015\/05\/webdo_default-72.jpg","width":800,"height":500,"caption":"Kim Jong-un fait ex\u00e9cuter son ministre de la D\u00e9fense qui s'\u00e9tait endormi lors d\u00e9fil\u00e9 militaire"},{"@type":"BreadcrumbList","@id":"https:\/\/www.webdo.tn\/fr\/actualite\/international\/kim-jong-un-fait-executer-son-ministre-de-la-defense-qui-setait-endormi-lors-defile-militaire\/184130\/#breadcrumb","itemListElement":[{"@type":"ListItem","position":1,"name":"Accueil","item":"https:\/\/www.webdo.tn\/fr\/"},{"@type":"ListItem","position":2,"name":"Kim Jong-un fait ex\u00e9cuter son ministre de la D\u00e9fense qui s&rsquo;\u00e9tait endormi lors d\u00e9fil\u00e9 militaire"}]},{"@type":"WebSite","@id":"https:\/\/www.webdo.tn\/fr\/#website","url":"https:\/\/www.webdo.tn\/fr\/","name":"webdo","description":"Tunisie - News en Tunisie et \u00e0 l&#039;international sur Webdo.tn","publisher":{"@id":"https:\/\/www.webdo.tn\/fr\/#organization"},"potentialAction":[{"@type":"SearchAction","target":{"@type":"EntryPoint","urlTemplate":"https:\/\/www.webdo.tn\/fr\/?s={search_term_string}"},"query-input":{"@type":"PropertyValueSpecification","valueRequired":true,"valueName":"search_term_string"}}],"inLanguage":"fr-FR"},{"@type":"Organization","@id":"https:\/\/www.webdo.tn\/fr\/#organization","name":"Webdo","alternateName":"Webdo.tn","url":"https:\/\/www.webdo.tn\/fr\/","logo":{"@type":"ImageObject","inLanguage":"fr-FR","@id":"https:\/\/www.webdo.tn\/fr\/#\/schema\/logo\/image\/","url":"https:\/\/www.webdo.tn\/fr\/wp-content\/uploads\/2025\/06\/Webdo-Tunisie_168377.jpg","contentUrl":"https:\/\/www.webdo.tn\/fr\/wp-content\/uploads\/2025\/06\/Webdo-Tunisie_168377.jpg","width":301,"height":301,"caption":"Webdo"},"image":{"@id":"https:\/\/www.webdo.tn\/fr\/#\/schema\/logo\/image\/"},"sameAs":["https:\/\/www.facebook.com\/webdotn","https:\/\/x.com\/webdo_tn"],"description":"Webdo est un m\u00e9dia num\u00e9rique tunisien fond\u00e9 en 2010, sp\u00e9cialis\u00e9 dans l\u2019actualit\u00e9 nationale et internationale, l\u2019\u00e9conomie, la soci\u00e9t\u00e9 et les analyses politiques. Le site s\u2019adresse \u00e0 un large public francophone et couvre l\u2019information tunisienne en temps r\u00e9el.","email":"redac@webdo.tn","legalName":"YNJ SARL","foundingDate":"2010-09-06","numberOfEmployees":{"@type":"QuantitativeValue","minValue":"11","maxValue":"50"}},{"@type":"Person","@id":"https:\/\/www.webdo.tn\/fr\/#\/schema\/person\/9a9c6118d687c117df8ef3cc36a4d175","name":"webdo.tn","image":{"@type":"ImageObject","inLanguage":"fr-FR","@id":"https:\/\/secure.gravatar.com\/avatar\/7ce1f28c0c3bbac99ff550b85ef8e44a6950c6ee24514fb6a5489e51d06f0298?s=96&d=mm&r=g","url":"https:\/\/secure.gravatar.com\/avatar\/7ce1f28c0c3bbac99ff550b85ef8e44a6950c6ee24514fb6a5489e51d06f0298?s=96&d=mm&r=g","contentUrl":"https:\/\/secure.gravatar.com\/avatar\/7ce1f28c0c3bbac99ff550b85ef8e44a6950c6ee24514fb6a5489e51d06f0298?s=96&d=mm&r=g","caption":"webdo.tn"},"url":"https:\/\/www.webdo.tn\/fr\/actualite\/author\/webdotn\/"}]}},"_links":{"self":[{"href":"https:\/\/www.webdo.tn\/fr\/wp-json\/wp\/v2\/posts\/184130","targetHints":{"allow":["GET"]}}],"collection":[{"href":"https:\/\/www.webdo.tn\/fr\/wp-json\/wp\/v2\/posts"}],"about":[{"href":"https:\/\/www.webdo.tn\/fr\/wp-json\/wp\/v2\/types\/post"}],"author":[{"embeddable":true,"href":"https:\/\/www.webdo.tn\/fr\/wp-json\/wp\/v2\/users\/3222"}],"replies":[{"embeddable":true,"href":"https:\/\/www.webdo.tn\/fr\/wp-json\/wp\/v2\/comments?post=184130"}],"version-history":[{"count":0,"href":"https:\/\/www.webdo.tn\/fr\/wp-json\/wp\/v2\/posts\/184130\/revisions"}],"wp:featuredmedia":[{"embeddable":true,"href":"https:\/\/www.webdo.tn\/fr\/wp-json\/wp\/v2\/media\/335857"}],"wp:attachment":[{"href":"https:\/\/www.webdo.tn\/fr\/wp-json\/wp\/v2\/media?parent=184130"}],"wp:term":[{"taxonomy":"category","embeddable":true,"href":"https:\/\/www.webdo.tn\/fr\/wp-json\/wp\/v2\/categories?post=184130"},{"taxonomy":"post_tag","embeddable":true,"href":"https:\/\/www.webdo.tn\/fr\/wp-json\/wp\/v2\/tags?post=184130"}],"curies":[{"name":"wp","href":"https:\/\/api.w.org\/{rel}","templated":true}]}}