{"id":184128,"date":"2015-05-15T12:08:00","date_gmt":"2015-05-15T12:08:00","guid":{"rendered":"https:\/\/www.webdo.tn\/fr\/blog\/un-gyneco-oublie-son-portable-dans-le-ventre-dune-maman-scandale-au-parlement-jordanien\/184128\/"},"modified":"2015-05-15T12:08:00","modified_gmt":"2015-05-15T12:08:00","slug":"un-gyneco-oublie-son-portable-dans-le-ventre-dune-maman-scandale-au-parlement-jordanien","status":"publish","type":"post","link":"https:\/\/www.webdo.tn\/fr\/actualite\/international\/un-gyneco-oublie-son-portable-dans-le-ventre-dune-maman-scandale-au-parlement-jordanien\/184128\/","title":{"rendered":"Un gyn\u00e9co oublie son portable dans le ventre d&rsquo;une maman : Scandale au parlement jordanien"},"content":{"rendered":"<p>En Jordanie, un gyn\u00e9cologue a oubli\u00e9 son t\u00e9l\u00e9phone dans le ventre d&rsquo;une femme qui venait d&rsquo;accoucher par c\u00e9sarienne.<\/p>\n<p>Apr\u00e8s avoir mis au monde un petit gar\u00e7on dans un h\u00f4pital priv\u00e9 o\u00f9 elle avait \u00e9t\u00e9 admise le 24 avril dernier, la Jordanienne\u00a0a commenc\u00e9 \u00e0 se plaindre\u00a0de douleurs et vibrations au niveau de son ventre. Ces derni\u00e8res \u00e9taient en fait provoqu\u00e9es par le t\u00e9l\u00e9phone portable du gyn\u00e9cologue oubli\u00e9 au moment de l&rsquo;op\u00e9ration, rapporte Gulfnews.<\/p>\n<p>Elle a \u00e9t\u00e9 hospitalis\u00e9e dans un nouvel h\u00f4pital, et l\u00e0 les m\u00e9decins ont effectu\u00e9 une radiographie de la patiente et ont d\u00e9couvert qu&rsquo;un t\u00e9l\u00e9phone se trouvait dans son abdomen.<\/p>\n<p>Ces derniers ont jug\u00e9 que le responsable \u00e9tait le gyn\u00e9cologue qui\u00a0a r\u00e9alis\u00e9 l&rsquo;op\u00e9ration lors de l&rsquo;accouchement.<br \/>\nDes d\u00e9put\u00e9s de l&rsquo;opposition r\u00e9clament la d\u00e9mission du parlement<br \/>\nLa b\u00e9vue du chirurgien a provoqu\u00e9 un scandale qui a \u00e9clabouss\u00e9 le parlement jordanien. Des d\u00e9put\u00e9s de l&rsquo;opposition r\u00e9clamant la d\u00e9mission du parlement.<\/p>\n<p>\u00ab\u00a0Dans un pays qui respecte ses citoyens, lorsque ce genre de scandale se produit, normalement le gouvernement d\u00e9missionne\u00a0\u00bb, s&rsquo;est\u00a0indign\u00e9 le d\u00e9put\u00e9 Salim Al Batanyah.<\/p>\n<p>Du c\u00f4t\u00e9 du gouvernement, l&rsquo;affaire a \u00e9t\u00e9 qualifi\u00e9e de sans fondement et fabriqu\u00e9e de toutes pi\u00e8ces.<\/p>\n<p>Quoi qu&rsquo;il en soit, la jeune femme et son b\u00e9b\u00e9 se portent bien !<\/p>\n","protected":false},"excerpt":{"rendered":"<p>Un gyn\u00e9co oublie son portable dans le ventre d&rsquo;une maman : Scandale au parlement jordanien<\/p>\n","protected":false},"author":3222,"featured_media":335868,"comment_status":"open","ping_status":"closed","sticky":false,"template":"","format":"standard","meta":{"footnotes":""},"categories":[2598],"tags":[2600],"class_list":["post-184128","post","type-post","status-publish","format-standard","has-post-thumbnail","hentry","category-international","tag-guerre"],"yoast_head":"<!-- This site is optimized with the Yoast SEO Premium plugin v27.5 (Yoast SEO v27.5) - https:\/\/yoast.com\/product\/yoast-seo-premium-wordpress\/ -->\n<title>Un gyn\u00e9co oublie son portable dans le ventre d&#039;une maman : Scandale au parlement jordanien<\/title>\n<meta name=\"description\" content=\"Un gyn\u00e9co oublie son portable dans le ventre d&#039;une maman : Scandale au parlement jordanien\" \/>\n<link rel=\"canonical\" href=\"https:\/\/www.webdo.tn\/fr\/actualite\/international\/un-gyneco-oublie-son-portable-dans-le-ventre-dune-maman-scandale-au-parlement-jordanien\/184128\/\" \/>\n<meta property=\"og:locale\" content=\"fr_FR\" \/>\n<meta property=\"og:type\" content=\"article\" \/>\n<meta property=\"og:title\" content=\"Un gyn\u00e9co oublie son portable dans le ventre d&#039;une maman : Scandale au parlement jordanien\" \/>\n<meta property=\"og:description\" content=\"Un gyn\u00e9co oublie son portable dans le ventre d&#039;une maman : Scandale au parlement jordanien\" \/>\n<meta property=\"og:url\" content=\"https:\/\/www.webdo.tn\/fr\/actualite\/international\/un-gyneco-oublie-son-portable-dans-le-ventre-dune-maman-scandale-au-parlement-jordanien\/184128\/\" \/>\n<meta property=\"og:site_name\" content=\"webdo\" \/>\n<meta property=\"article:publisher\" content=\"https:\/\/www.facebook.com\/webdotn\" \/>\n<meta property=\"article:published_time\" content=\"2015-05-15T12:08:00+00:00\" \/>\n<meta property=\"og:image\" content=\"https:\/\/www.webdo.tn\/fr\/wp-content\/uploads\/2015\/05\/Gulfnews.jpg\" \/>\n\t<meta property=\"og:image:width\" content=\"460\" \/>\n\t<meta property=\"og:image:height\" content=\"346\" \/>\n\t<meta property=\"og:image:type\" content=\"image\/jpeg\" \/>\n<meta name=\"author\" content=\"webdo.tn\" \/>\n<meta name=\"twitter:card\" content=\"summary_large_image\" \/>\n<meta name=\"twitter:creator\" content=\"@webdo_tn\" \/>\n<meta name=\"twitter:site\" content=\"@webdo_tn\" \/>\n<meta name=\"twitter:label1\" content=\"\u00c9crit par\" \/>\n\t<meta name=\"twitter:data1\" content=\"webdo.tn\" \/>\n\t<meta name=\"twitter:label2\" content=\"Dur\u00e9e de lecture estim\u00e9e\" \/>\n\t<meta name=\"twitter:data2\" content=\"1 minute\" \/>\n<script type=\"application\/ld+json\" class=\"yoast-schema-graph\">{\"@context\":\"https:\\\/\\\/schema.org\",\"@graph\":[{\"@type\":\"NewsArticle\",\"@id\":\"https:\\\/\\\/www.webdo.tn\\\/fr\\\/actualite\\\/international\\\/un-gyneco-oublie-son-portable-dans-le-ventre-dune-maman-scandale-au-parlement-jordanien\\\/184128\\\/#article\",\"isPartOf\":{\"@id\":\"https:\\\/\\\/www.webdo.tn\\\/fr\\\/actualite\\\/international\\\/un-gyneco-oublie-son-portable-dans-le-ventre-dune-maman-scandale-au-parlement-jordanien\\\/184128\\\/\"},\"author\":{\"name\":\"webdo.tn\",\"@id\":\"https:\\\/\\\/www.webdo.tn\\\/fr\\\/#\\\/schema\\\/person\\\/9a9c6118d687c117df8ef3cc36a4d175\"},\"headline\":\"Un gyn\u00e9co oublie son portable dans le ventre d&rsquo;une maman : Scandale au parlement jordanien\",\"datePublished\":\"2015-05-15T12:08:00+00:00\",\"mainEntityOfPage\":{\"@id\":\"https:\\\/\\\/www.webdo.tn\\\/fr\\\/actualite\\\/international\\\/un-gyneco-oublie-son-portable-dans-le-ventre-dune-maman-scandale-au-parlement-jordanien\\\/184128\\\/\"},\"wordCount\":269,\"commentCount\":0,\"publisher\":{\"@id\":\"https:\\\/\\\/www.webdo.tn\\\/fr\\\/#organization\"},\"image\":{\"@id\":\"https:\\\/\\\/www.webdo.tn\\\/fr\\\/actualite\\\/international\\\/un-gyneco-oublie-son-portable-dans-le-ventre-dune-maman-scandale-au-parlement-jordanien\\\/184128\\\/#primaryimage\"},\"thumbnailUrl\":\"https:\\\/\\\/www.webdo.tn\\\/fr\\\/wp-content\\\/uploads\\\/2015\\\/05\\\/Gulfnews.jpg\",\"keywords\":[\"guerre\"],\"articleSection\":[\"International\"],\"inLanguage\":\"fr-FR\"},{\"@type\":\"WebPage\",\"@id\":\"https:\\\/\\\/www.webdo.tn\\\/fr\\\/actualite\\\/international\\\/un-gyneco-oublie-son-portable-dans-le-ventre-dune-maman-scandale-au-parlement-jordanien\\\/184128\\\/\",\"url\":\"https:\\\/\\\/www.webdo.tn\\\/fr\\\/actualite\\\/international\\\/un-gyneco-oublie-son-portable-dans-le-ventre-dune-maman-scandale-au-parlement-jordanien\\\/184128\\\/\",\"name\":\"Un gyn\u00e9co oublie son portable dans le ventre d'une maman : Scandale au parlement jordanien\",\"isPartOf\":{\"@id\":\"https:\\\/\\\/www.webdo.tn\\\/fr\\\/#website\"},\"primaryImageOfPage\":{\"@id\":\"https:\\\/\\\/www.webdo.tn\\\/fr\\\/actualite\\\/international\\\/un-gyneco-oublie-son-portable-dans-le-ventre-dune-maman-scandale-au-parlement-jordanien\\\/184128\\\/#primaryimage\"},\"image\":{\"@id\":\"https:\\\/\\\/www.webdo.tn\\\/fr\\\/actualite\\\/international\\\/un-gyneco-oublie-son-portable-dans-le-ventre-dune-maman-scandale-au-parlement-jordanien\\\/184128\\\/#primaryimage\"},\"thumbnailUrl\":\"https:\\\/\\\/www.webdo.tn\\\/fr\\\/wp-content\\\/uploads\\\/2015\\\/05\\\/Gulfnews.jpg\",\"datePublished\":\"2015-05-15T12:08:00+00:00\",\"description\":\"Un gyn\u00e9co oublie son portable dans le ventre d'une maman : Scandale au parlement jordanien\",\"breadcrumb\":{\"@id\":\"https:\\\/\\\/www.webdo.tn\\\/fr\\\/actualite\\\/international\\\/un-gyneco-oublie-son-portable-dans-le-ventre-dune-maman-scandale-au-parlement-jordanien\\\/184128\\\/#breadcrumb\"},\"inLanguage\":\"fr-FR\",\"potentialAction\":[{\"@type\":\"ReadAction\",\"target\":[\"https:\\\/\\\/www.webdo.tn\\\/fr\\\/actualite\\\/international\\\/un-gyneco-oublie-son-portable-dans-le-ventre-dune-maman-scandale-au-parlement-jordanien\\\/184128\\\/\"]}]},{\"@type\":\"ImageObject\",\"inLanguage\":\"fr-FR\",\"@id\":\"https:\\\/\\\/www.webdo.tn\\\/fr\\\/actualite\\\/international\\\/un-gyneco-oublie-son-portable-dans-le-ventre-dune-maman-scandale-au-parlement-jordanien\\\/184128\\\/#primaryimage\",\"url\":\"https:\\\/\\\/www.webdo.tn\\\/fr\\\/wp-content\\\/uploads\\\/2015\\\/05\\\/Gulfnews.jpg\",\"contentUrl\":\"https:\\\/\\\/www.webdo.tn\\\/fr\\\/wp-content\\\/uploads\\\/2015\\\/05\\\/Gulfnews.jpg\",\"width\":460,\"height\":346,\"caption\":\"Un gyn\u00e9co oublie son portable dans le ventre d'une maman : Scandale au parlement jordanien\"},{\"@type\":\"BreadcrumbList\",\"@id\":\"https:\\\/\\\/www.webdo.tn\\\/fr\\\/actualite\\\/international\\\/un-gyneco-oublie-son-portable-dans-le-ventre-dune-maman-scandale-au-parlement-jordanien\\\/184128\\\/#breadcrumb\",\"itemListElement\":[{\"@type\":\"ListItem\",\"position\":1,\"name\":\"Accueil\",\"item\":\"https:\\\/\\\/www.webdo.tn\\\/fr\\\/\"},{\"@type\":\"ListItem\",\"position\":2,\"name\":\"Un gyn\u00e9co oublie son portable dans le ventre d&rsquo;une maman : Scandale au parlement jordanien\"}]},{\"@type\":\"WebSite\",\"@id\":\"https:\\\/\\\/www.webdo.tn\\\/fr\\\/#website\",\"url\":\"https:\\\/\\\/www.webdo.tn\\\/fr\\\/\",\"name\":\"webdo\",\"description\":\"Tunisie - News en Tunisie et \u00e0 l&#039;international sur Webdo.tn\",\"publisher\":{\"@id\":\"https:\\\/\\\/www.webdo.tn\\\/fr\\\/#organization\"},\"potentialAction\":[{\"@type\":\"SearchAction\",\"target\":{\"@type\":\"EntryPoint\",\"urlTemplate\":\"https:\\\/\\\/www.webdo.tn\\\/fr\\\/?s={search_term_string}\"},\"query-input\":{\"@type\":\"PropertyValueSpecification\",\"valueRequired\":true,\"valueName\":\"search_term_string\"}}],\"inLanguage\":\"fr-FR\"},{\"@type\":\"Organization\",\"@id\":\"https:\\\/\\\/www.webdo.tn\\\/fr\\\/#organization\",\"name\":\"Webdo\",\"alternateName\":\"Webdo.tn\",\"url\":\"https:\\\/\\\/www.webdo.tn\\\/fr\\\/\",\"logo\":{\"@type\":\"ImageObject\",\"inLanguage\":\"fr-FR\",\"@id\":\"https:\\\/\\\/www.webdo.tn\\\/fr\\\/#\\\/schema\\\/logo\\\/image\\\/\",\"url\":\"https:\\\/\\\/www.webdo.tn\\\/fr\\\/wp-content\\\/uploads\\\/2025\\\/06\\\/Webdo-Tunisie_168377.jpg\",\"contentUrl\":\"https:\\\/\\\/www.webdo.tn\\\/fr\\\/wp-content\\\/uploads\\\/2025\\\/06\\\/Webdo-Tunisie_168377.jpg\",\"width\":301,\"height\":301,\"caption\":\"Webdo\"},\"image\":{\"@id\":\"https:\\\/\\\/www.webdo.tn\\\/fr\\\/#\\\/schema\\\/logo\\\/image\\\/\"},\"sameAs\":[\"https:\\\/\\\/www.facebook.com\\\/webdotn\",\"https:\\\/\\\/x.com\\\/webdo_tn\"],\"description\":\"Webdo est un m\u00e9dia num\u00e9rique tunisien fond\u00e9 en 2010, sp\u00e9cialis\u00e9 dans l\u2019actualit\u00e9 nationale et internationale, l\u2019\u00e9conomie, la soci\u00e9t\u00e9 et les analyses politiques. Le site s\u2019adresse \u00e0 un large public francophone et couvre l\u2019information tunisienne en temps r\u00e9el.\",\"email\":\"redac@webdo.tn\",\"legalName\":\"YNJ SARL\",\"foundingDate\":\"2010-09-06\",\"numberOfEmployees\":{\"@type\":\"QuantitativeValue\",\"minValue\":\"11\",\"maxValue\":\"50\"}},{\"@type\":\"Person\",\"@id\":\"https:\\\/\\\/www.webdo.tn\\\/fr\\\/#\\\/schema\\\/person\\\/9a9c6118d687c117df8ef3cc36a4d175\",\"name\":\"webdo.tn\",\"image\":{\"@type\":\"ImageObject\",\"inLanguage\":\"fr-FR\",\"@id\":\"https:\\\/\\\/secure.gravatar.com\\\/avatar\\\/7ce1f28c0c3bbac99ff550b85ef8e44a6950c6ee24514fb6a5489e51d06f0298?s=96&d=mm&r=g\",\"url\":\"https:\\\/\\\/secure.gravatar.com\\\/avatar\\\/7ce1f28c0c3bbac99ff550b85ef8e44a6950c6ee24514fb6a5489e51d06f0298?s=96&d=mm&r=g\",\"contentUrl\":\"https:\\\/\\\/secure.gravatar.com\\\/avatar\\\/7ce1f28c0c3bbac99ff550b85ef8e44a6950c6ee24514fb6a5489e51d06f0298?s=96&d=mm&r=g\",\"caption\":\"webdo.tn\"},\"url\":\"https:\\\/\\\/www.webdo.tn\\\/fr\\\/actualite\\\/author\\\/webdotn\\\/\"}]}<\/script>\n<!-- \/ Yoast SEO Premium plugin. -->","yoast_head_json":{"title":"Un gyn\u00e9co oublie son portable dans le ventre d'une maman : Scandale au parlement jordanien","description":"Un gyn\u00e9co oublie son portable dans le ventre d'une maman : Scandale au parlement jordanien","canonical":"https:\/\/www.webdo.tn\/fr\/actualite\/international\/un-gyneco-oublie-son-portable-dans-le-ventre-dune-maman-scandale-au-parlement-jordanien\/184128\/","og_locale":"fr_FR","og_type":"article","og_title":"Un gyn\u00e9co oublie son portable dans le ventre d'une maman : Scandale au parlement jordanien","og_description":"Un gyn\u00e9co oublie son portable dans le ventre d'une maman : Scandale au parlement jordanien","og_url":"https:\/\/www.webdo.tn\/fr\/actualite\/international\/un-gyneco-oublie-son-portable-dans-le-ventre-dune-maman-scandale-au-parlement-jordanien\/184128\/","og_site_name":"webdo","article_publisher":"https:\/\/www.facebook.com\/webdotn","article_published_time":"2015-05-15T12:08:00+00:00","og_image":[{"width":460,"height":346,"url":"https:\/\/www.webdo.tn\/fr\/wp-content\/uploads\/2015\/05\/Gulfnews.jpg","type":"image\/jpeg"}],"author":"webdo.tn","twitter_card":"summary_large_image","twitter_creator":"@webdo_tn","twitter_site":"@webdo_tn","twitter_misc":{"\u00c9crit par":"webdo.tn","Dur\u00e9e de lecture estim\u00e9e":"1 minute"},"schema":{"@context":"https:\/\/schema.org","@graph":[{"@type":"NewsArticle","@id":"https:\/\/www.webdo.tn\/fr\/actualite\/international\/un-gyneco-oublie-son-portable-dans-le-ventre-dune-maman-scandale-au-parlement-jordanien\/184128\/#article","isPartOf":{"@id":"https:\/\/www.webdo.tn\/fr\/actualite\/international\/un-gyneco-oublie-son-portable-dans-le-ventre-dune-maman-scandale-au-parlement-jordanien\/184128\/"},"author":{"name":"webdo.tn","@id":"https:\/\/www.webdo.tn\/fr\/#\/schema\/person\/9a9c6118d687c117df8ef3cc36a4d175"},"headline":"Un gyn\u00e9co oublie son portable dans le ventre d&rsquo;une maman : Scandale au parlement jordanien","datePublished":"2015-05-15T12:08:00+00:00","mainEntityOfPage":{"@id":"https:\/\/www.webdo.tn\/fr\/actualite\/international\/un-gyneco-oublie-son-portable-dans-le-ventre-dune-maman-scandale-au-parlement-jordanien\/184128\/"},"wordCount":269,"commentCount":0,"publisher":{"@id":"https:\/\/www.webdo.tn\/fr\/#organization"},"image":{"@id":"https:\/\/www.webdo.tn\/fr\/actualite\/international\/un-gyneco-oublie-son-portable-dans-le-ventre-dune-maman-scandale-au-parlement-jordanien\/184128\/#primaryimage"},"thumbnailUrl":"https:\/\/www.webdo.tn\/fr\/wp-content\/uploads\/2015\/05\/Gulfnews.jpg","keywords":["guerre"],"articleSection":["International"],"inLanguage":"fr-FR"},{"@type":"WebPage","@id":"https:\/\/www.webdo.tn\/fr\/actualite\/international\/un-gyneco-oublie-son-portable-dans-le-ventre-dune-maman-scandale-au-parlement-jordanien\/184128\/","url":"https:\/\/www.webdo.tn\/fr\/actualite\/international\/un-gyneco-oublie-son-portable-dans-le-ventre-dune-maman-scandale-au-parlement-jordanien\/184128\/","name":"Un gyn\u00e9co oublie son portable dans le ventre d'une maman : Scandale au parlement jordanien","isPartOf":{"@id":"https:\/\/www.webdo.tn\/fr\/#website"},"primaryImageOfPage":{"@id":"https:\/\/www.webdo.tn\/fr\/actualite\/international\/un-gyneco-oublie-son-portable-dans-le-ventre-dune-maman-scandale-au-parlement-jordanien\/184128\/#primaryimage"},"image":{"@id":"https:\/\/www.webdo.tn\/fr\/actualite\/international\/un-gyneco-oublie-son-portable-dans-le-ventre-dune-maman-scandale-au-parlement-jordanien\/184128\/#primaryimage"},"thumbnailUrl":"https:\/\/www.webdo.tn\/fr\/wp-content\/uploads\/2015\/05\/Gulfnews.jpg","datePublished":"2015-05-15T12:08:00+00:00","description":"Un gyn\u00e9co oublie son portable dans le ventre d'une maman : Scandale au parlement jordanien","breadcrumb":{"@id":"https:\/\/www.webdo.tn\/fr\/actualite\/international\/un-gyneco-oublie-son-portable-dans-le-ventre-dune-maman-scandale-au-parlement-jordanien\/184128\/#breadcrumb"},"inLanguage":"fr-FR","potentialAction":[{"@type":"ReadAction","target":["https:\/\/www.webdo.tn\/fr\/actualite\/international\/un-gyneco-oublie-son-portable-dans-le-ventre-dune-maman-scandale-au-parlement-jordanien\/184128\/"]}]},{"@type":"ImageObject","inLanguage":"fr-FR","@id":"https:\/\/www.webdo.tn\/fr\/actualite\/international\/un-gyneco-oublie-son-portable-dans-le-ventre-dune-maman-scandale-au-parlement-jordanien\/184128\/#primaryimage","url":"https:\/\/www.webdo.tn\/fr\/wp-content\/uploads\/2015\/05\/Gulfnews.jpg","contentUrl":"https:\/\/www.webdo.tn\/fr\/wp-content\/uploads\/2015\/05\/Gulfnews.jpg","width":460,"height":346,"caption":"Un gyn\u00e9co oublie son portable dans le ventre d'une maman : Scandale au parlement jordanien"},{"@type":"BreadcrumbList","@id":"https:\/\/www.webdo.tn\/fr\/actualite\/international\/un-gyneco-oublie-son-portable-dans-le-ventre-dune-maman-scandale-au-parlement-jordanien\/184128\/#breadcrumb","itemListElement":[{"@type":"ListItem","position":1,"name":"Accueil","item":"https:\/\/www.webdo.tn\/fr\/"},{"@type":"ListItem","position":2,"name":"Un gyn\u00e9co oublie son portable dans le ventre d&rsquo;une maman : Scandale au parlement jordanien"}]},{"@type":"WebSite","@id":"https:\/\/www.webdo.tn\/fr\/#website","url":"https:\/\/www.webdo.tn\/fr\/","name":"webdo","description":"Tunisie - News en Tunisie et \u00e0 l&#039;international sur Webdo.tn","publisher":{"@id":"https:\/\/www.webdo.tn\/fr\/#organization"},"potentialAction":[{"@type":"SearchAction","target":{"@type":"EntryPoint","urlTemplate":"https:\/\/www.webdo.tn\/fr\/?s={search_term_string}"},"query-input":{"@type":"PropertyValueSpecification","valueRequired":true,"valueName":"search_term_string"}}],"inLanguage":"fr-FR"},{"@type":"Organization","@id":"https:\/\/www.webdo.tn\/fr\/#organization","name":"Webdo","alternateName":"Webdo.tn","url":"https:\/\/www.webdo.tn\/fr\/","logo":{"@type":"ImageObject","inLanguage":"fr-FR","@id":"https:\/\/www.webdo.tn\/fr\/#\/schema\/logo\/image\/","url":"https:\/\/www.webdo.tn\/fr\/wp-content\/uploads\/2025\/06\/Webdo-Tunisie_168377.jpg","contentUrl":"https:\/\/www.webdo.tn\/fr\/wp-content\/uploads\/2025\/06\/Webdo-Tunisie_168377.jpg","width":301,"height":301,"caption":"Webdo"},"image":{"@id":"https:\/\/www.webdo.tn\/fr\/#\/schema\/logo\/image\/"},"sameAs":["https:\/\/www.facebook.com\/webdotn","https:\/\/x.com\/webdo_tn"],"description":"Webdo est un m\u00e9dia num\u00e9rique tunisien fond\u00e9 en 2010, sp\u00e9cialis\u00e9 dans l\u2019actualit\u00e9 nationale et internationale, l\u2019\u00e9conomie, la soci\u00e9t\u00e9 et les analyses politiques. Le site s\u2019adresse \u00e0 un large public francophone et couvre l\u2019information tunisienne en temps r\u00e9el.","email":"redac@webdo.tn","legalName":"YNJ SARL","foundingDate":"2010-09-06","numberOfEmployees":{"@type":"QuantitativeValue","minValue":"11","maxValue":"50"}},{"@type":"Person","@id":"https:\/\/www.webdo.tn\/fr\/#\/schema\/person\/9a9c6118d687c117df8ef3cc36a4d175","name":"webdo.tn","image":{"@type":"ImageObject","inLanguage":"fr-FR","@id":"https:\/\/secure.gravatar.com\/avatar\/7ce1f28c0c3bbac99ff550b85ef8e44a6950c6ee24514fb6a5489e51d06f0298?s=96&d=mm&r=g","url":"https:\/\/secure.gravatar.com\/avatar\/7ce1f28c0c3bbac99ff550b85ef8e44a6950c6ee24514fb6a5489e51d06f0298?s=96&d=mm&r=g","contentUrl":"https:\/\/secure.gravatar.com\/avatar\/7ce1f28c0c3bbac99ff550b85ef8e44a6950c6ee24514fb6a5489e51d06f0298?s=96&d=mm&r=g","caption":"webdo.tn"},"url":"https:\/\/www.webdo.tn\/fr\/actualite\/author\/webdotn\/"}]}},"_links":{"self":[{"href":"https:\/\/www.webdo.tn\/fr\/wp-json\/wp\/v2\/posts\/184128","targetHints":{"allow":["GET"]}}],"collection":[{"href":"https:\/\/www.webdo.tn\/fr\/wp-json\/wp\/v2\/posts"}],"about":[{"href":"https:\/\/www.webdo.tn\/fr\/wp-json\/wp\/v2\/types\/post"}],"author":[{"embeddable":true,"href":"https:\/\/www.webdo.tn\/fr\/wp-json\/wp\/v2\/users\/3222"}],"replies":[{"embeddable":true,"href":"https:\/\/www.webdo.tn\/fr\/wp-json\/wp\/v2\/comments?post=184128"}],"version-history":[{"count":0,"href":"https:\/\/www.webdo.tn\/fr\/wp-json\/wp\/v2\/posts\/184128\/revisions"}],"wp:featuredmedia":[{"embeddable":true,"href":"https:\/\/www.webdo.tn\/fr\/wp-json\/wp\/v2\/media\/335868"}],"wp:attachment":[{"href":"https:\/\/www.webdo.tn\/fr\/wp-json\/wp\/v2\/media?parent=184128"}],"wp:term":[{"taxonomy":"category","embeddable":true,"href":"https:\/\/www.webdo.tn\/fr\/wp-json\/wp\/v2\/categories?post=184128"},{"taxonomy":"post_tag","embeddable":true,"href":"https:\/\/www.webdo.tn\/fr\/wp-json\/wp\/v2\/tags?post=184128"}],"curies":[{"name":"wp","href":"https:\/\/api.w.org\/{rel}","templated":true}]}}