{"id":184127,"date":"2015-05-20T22:19:00","date_gmt":"2015-05-20T22:19:00","guid":{"rendered":"https:\/\/www.webdo.tn\/fr\/blog\/la-cite-antique-de-palmyre-a-la-merci-de-letat-islamique\/184127\/"},"modified":"2025-05-18T22:13:58","modified_gmt":"2025-05-18T22:13:58","slug":"la-cite-antique-de-palmyre-a-la-merci-de-letat-islamique","status":"publish","type":"post","link":"https:\/\/www.webdo.tn\/fr\/actualite\/international\/la-cite-antique-de-palmyre-a-la-merci-de-letat-islamique\/184127\/","title":{"rendered":"La cit\u00e9 antique de Palmyre \u00e0 la merci de l&rsquo;Etat islamique"},"content":{"rendered":"<p>Apr\u00e8s avoir d\u00e9truit \u00e0 coups d\u2019explosifs et de bulldozer de nombreux sites arch\u00e9ologiques en Irak tels que la cit\u00e9 de Hatra vieille de 2000 ans ou Nimroud, t\u00e9moin de l\u2019empire assyrien au 13\u00e8me si\u00e8cle, l\u2019Etat islamique menace aujourd\u2019hui la cit\u00e9 antique de Palmyre, en Syrie, rapporte le New York Times.<\/p>\n<p>En effet, les combattants\u00a0de l&rsquo;\u00c9tat islamique ont attaqu\u00e9 Palmyre le mercredi et le soir m\u00eame, ils contr\u00f4laient d\u00e9j\u00e0 la partie nord de la ville. Pour l\u2019Etat et les m\u00e9dias syriens, cette nouvelle victoire de Daesh apr\u00e8s la prise de la ville irakienne de Ramadi leur donne un avantage strat\u00e9gique important.<\/p>\n<p>Cette oasis, situ\u00e9e \u00e0 quelques 200 kilom\u00e8tres de Damas abrite les vestiges d\u2019une des plus grandes cit\u00e9s du monde antique. Son architecture m\u00ealant influences gr\u00e9co-romaines et perses est un m\u00e9lange unique et original dans l\u2019histoire de l\u2019humanit\u00e9.<\/p>\n<p>L&rsquo;\u00c9tat islamiquese fait un point d\u2019honneur \u00e0 d\u00e9truire mus\u00e9es et vestiges accusant leurs d\u00e9fenseurs d\u2019idol\u00e2trie. Les cons\u00e9quences arch\u00e9ologiques seraient \u00e9videmment catastrophiques. Les 50.000 habitants de la ville le comprennent parfaitement m\u00eame s\u2019ils auraient aim\u00e9 avoir autant d\u2019importance aux yeux de l\u2019opinion internationale que ces colonnes antiques.<br \/>\nSonia Bahi<\/p>\n","protected":false},"excerpt":{"rendered":"<p>La cit\u00e9 antique de Palmyre \u00e0 la merci de l&rsquo;Etat islamique<\/p>\n","protected":false},"author":3222,"featured_media":318264,"comment_status":"open","ping_status":"closed","sticky":false,"template":"","format":"standard","meta":{"footnotes":""},"categories":[2598],"tags":[2600],"class_list":["post-184127","post","type-post","status-publish","format-standard","has-post-thumbnail","hentry","category-international","tag-guerre"],"yoast_head":"<!-- This site is optimized with the Yoast SEO Premium plugin v27.5 (Yoast SEO v27.5) - https:\/\/yoast.com\/product\/yoast-seo-premium-wordpress\/ -->\n<title>La cit\u00e9 antique de Palmyre \u00e0 la merci de l&#039;Etat islamique<\/title>\n<meta name=\"description\" content=\"La cit\u00e9 antique de Palmyre \u00e0 la merci de l&#039;Etat islamique\" \/>\n<link rel=\"canonical\" href=\"https:\/\/www.webdo.tn\/fr\/actualite\/international\/la-cite-antique-de-palmyre-a-la-merci-de-letat-islamique\/184127\/\" \/>\n<meta property=\"og:locale\" content=\"fr_FR\" \/>\n<meta property=\"og:type\" content=\"article\" \/>\n<meta property=\"og:title\" content=\"La cit\u00e9 antique de Palmyre \u00e0 la merci de l&#039;Etat islamique\" \/>\n<meta property=\"og:description\" content=\"La cit\u00e9 antique de Palmyre \u00e0 la merci de l&#039;Etat islamique\" \/>\n<meta property=\"og:url\" content=\"https:\/\/www.webdo.tn\/fr\/actualite\/international\/la-cite-antique-de-palmyre-a-la-merci-de-letat-islamique\/184127\/\" \/>\n<meta property=\"og:site_name\" content=\"webdo\" \/>\n<meta property=\"article:publisher\" content=\"https:\/\/www.facebook.com\/webdotn\" \/>\n<meta property=\"article:published_time\" content=\"2015-05-20T22:19:00+00:00\" \/>\n<meta property=\"article:modified_time\" content=\"2025-05-18T22:13:58+00:00\" \/>\n<meta property=\"og:image\" content=\"https:\/\/www.webdo.tn\/fr\/wp-content\/uploads\/2015\/05\/syria-palmyra.jpg\" \/>\n\t<meta property=\"og:image:width\" content=\"600\" \/>\n\t<meta property=\"og:image:height\" content=\"273\" \/>\n\t<meta property=\"og:image:type\" content=\"image\/jpeg\" \/>\n<meta name=\"author\" content=\"webdo.tn\" \/>\n<meta name=\"twitter:card\" content=\"summary_large_image\" \/>\n<meta name=\"twitter:creator\" content=\"@webdo_tn\" \/>\n<meta name=\"twitter:site\" content=\"@webdo_tn\" \/>\n<meta name=\"twitter:label1\" content=\"\u00c9crit par\" \/>\n\t<meta name=\"twitter:data1\" content=\"webdo.tn\" \/>\n\t<meta name=\"twitter:label2\" content=\"Dur\u00e9e de lecture estim\u00e9e\" \/>\n\t<meta name=\"twitter:data2\" content=\"1 minute\" \/>\n<script type=\"application\/ld+json\" class=\"yoast-schema-graph\">{\"@context\":\"https:\\\/\\\/schema.org\",\"@graph\":[{\"@type\":\"NewsArticle\",\"@id\":\"https:\\\/\\\/www.webdo.tn\\\/fr\\\/actualite\\\/international\\\/la-cite-antique-de-palmyre-a-la-merci-de-letat-islamique\\\/184127\\\/#article\",\"isPartOf\":{\"@id\":\"https:\\\/\\\/www.webdo.tn\\\/fr\\\/actualite\\\/international\\\/la-cite-antique-de-palmyre-a-la-merci-de-letat-islamique\\\/184127\\\/\"},\"author\":{\"name\":\"webdo.tn\",\"@id\":\"https:\\\/\\\/www.webdo.tn\\\/fr\\\/#\\\/schema\\\/person\\\/9a9c6118d687c117df8ef3cc36a4d175\"},\"headline\":\"La cit\u00e9 antique de Palmyre \u00e0 la merci de l&rsquo;Etat islamique\",\"datePublished\":\"2015-05-20T22:19:00+00:00\",\"dateModified\":\"2025-05-18T22:13:58+00:00\",\"mainEntityOfPage\":{\"@id\":\"https:\\\/\\\/www.webdo.tn\\\/fr\\\/actualite\\\/international\\\/la-cite-antique-de-palmyre-a-la-merci-de-letat-islamique\\\/184127\\\/\"},\"wordCount\":230,\"commentCount\":0,\"publisher\":{\"@id\":\"https:\\\/\\\/www.webdo.tn\\\/fr\\\/#organization\"},\"image\":{\"@id\":\"https:\\\/\\\/www.webdo.tn\\\/fr\\\/actualite\\\/international\\\/la-cite-antique-de-palmyre-a-la-merci-de-letat-islamique\\\/184127\\\/#primaryimage\"},\"thumbnailUrl\":\"https:\\\/\\\/www.webdo.tn\\\/fr\\\/wp-content\\\/uploads\\\/2015\\\/05\\\/syria-palmyra.jpg\",\"keywords\":[\"guerre\"],\"articleSection\":[\"International\"],\"inLanguage\":\"fr-FR\"},{\"@type\":\"WebPage\",\"@id\":\"https:\\\/\\\/www.webdo.tn\\\/fr\\\/actualite\\\/international\\\/la-cite-antique-de-palmyre-a-la-merci-de-letat-islamique\\\/184127\\\/\",\"url\":\"https:\\\/\\\/www.webdo.tn\\\/fr\\\/actualite\\\/international\\\/la-cite-antique-de-palmyre-a-la-merci-de-letat-islamique\\\/184127\\\/\",\"name\":\"La cit\u00e9 antique de Palmyre \u00e0 la merci de l'Etat islamique\",\"isPartOf\":{\"@id\":\"https:\\\/\\\/www.webdo.tn\\\/fr\\\/#website\"},\"primaryImageOfPage\":{\"@id\":\"https:\\\/\\\/www.webdo.tn\\\/fr\\\/actualite\\\/international\\\/la-cite-antique-de-palmyre-a-la-merci-de-letat-islamique\\\/184127\\\/#primaryimage\"},\"image\":{\"@id\":\"https:\\\/\\\/www.webdo.tn\\\/fr\\\/actualite\\\/international\\\/la-cite-antique-de-palmyre-a-la-merci-de-letat-islamique\\\/184127\\\/#primaryimage\"},\"thumbnailUrl\":\"https:\\\/\\\/www.webdo.tn\\\/fr\\\/wp-content\\\/uploads\\\/2015\\\/05\\\/syria-palmyra.jpg\",\"datePublished\":\"2015-05-20T22:19:00+00:00\",\"dateModified\":\"2025-05-18T22:13:58+00:00\",\"description\":\"La cit\u00e9 antique de Palmyre \u00e0 la merci de l'Etat islamique\",\"breadcrumb\":{\"@id\":\"https:\\\/\\\/www.webdo.tn\\\/fr\\\/actualite\\\/international\\\/la-cite-antique-de-palmyre-a-la-merci-de-letat-islamique\\\/184127\\\/#breadcrumb\"},\"inLanguage\":\"fr-FR\",\"potentialAction\":[{\"@type\":\"ReadAction\",\"target\":[\"https:\\\/\\\/www.webdo.tn\\\/fr\\\/actualite\\\/international\\\/la-cite-antique-de-palmyre-a-la-merci-de-letat-islamique\\\/184127\\\/\"]}]},{\"@type\":\"ImageObject\",\"inLanguage\":\"fr-FR\",\"@id\":\"https:\\\/\\\/www.webdo.tn\\\/fr\\\/actualite\\\/international\\\/la-cite-antique-de-palmyre-a-la-merci-de-letat-islamique\\\/184127\\\/#primaryimage\",\"url\":\"https:\\\/\\\/www.webdo.tn\\\/fr\\\/wp-content\\\/uploads\\\/2015\\\/05\\\/syria-palmyra.jpg\",\"contentUrl\":\"https:\\\/\\\/www.webdo.tn\\\/fr\\\/wp-content\\\/uploads\\\/2015\\\/05\\\/syria-palmyra.jpg\",\"width\":600,\"height\":273,\"caption\":\"La cit\u00e9 antique de Palmyre \u00e0 la merci de l'Etat islamique\"},{\"@type\":\"BreadcrumbList\",\"@id\":\"https:\\\/\\\/www.webdo.tn\\\/fr\\\/actualite\\\/international\\\/la-cite-antique-de-palmyre-a-la-merci-de-letat-islamique\\\/184127\\\/#breadcrumb\",\"itemListElement\":[{\"@type\":\"ListItem\",\"position\":1,\"name\":\"Accueil\",\"item\":\"https:\\\/\\\/www.webdo.tn\\\/fr\\\/\"},{\"@type\":\"ListItem\",\"position\":2,\"name\":\"La cit\u00e9 antique de Palmyre \u00e0 la merci de l&rsquo;Etat islamique\"}]},{\"@type\":\"WebSite\",\"@id\":\"https:\\\/\\\/www.webdo.tn\\\/fr\\\/#website\",\"url\":\"https:\\\/\\\/www.webdo.tn\\\/fr\\\/\",\"name\":\"webdo\",\"description\":\"Tunisie - News en Tunisie et \u00e0 l&#039;international sur Webdo.tn\",\"publisher\":{\"@id\":\"https:\\\/\\\/www.webdo.tn\\\/fr\\\/#organization\"},\"potentialAction\":[{\"@type\":\"SearchAction\",\"target\":{\"@type\":\"EntryPoint\",\"urlTemplate\":\"https:\\\/\\\/www.webdo.tn\\\/fr\\\/?s={search_term_string}\"},\"query-input\":{\"@type\":\"PropertyValueSpecification\",\"valueRequired\":true,\"valueName\":\"search_term_string\"}}],\"inLanguage\":\"fr-FR\"},{\"@type\":\"Organization\",\"@id\":\"https:\\\/\\\/www.webdo.tn\\\/fr\\\/#organization\",\"name\":\"Webdo\",\"alternateName\":\"Webdo.tn\",\"url\":\"https:\\\/\\\/www.webdo.tn\\\/fr\\\/\",\"logo\":{\"@type\":\"ImageObject\",\"inLanguage\":\"fr-FR\",\"@id\":\"https:\\\/\\\/www.webdo.tn\\\/fr\\\/#\\\/schema\\\/logo\\\/image\\\/\",\"url\":\"https:\\\/\\\/www.webdo.tn\\\/fr\\\/wp-content\\\/uploads\\\/2025\\\/06\\\/Webdo-Tunisie_168377.jpg\",\"contentUrl\":\"https:\\\/\\\/www.webdo.tn\\\/fr\\\/wp-content\\\/uploads\\\/2025\\\/06\\\/Webdo-Tunisie_168377.jpg\",\"width\":301,\"height\":301,\"caption\":\"Webdo\"},\"image\":{\"@id\":\"https:\\\/\\\/www.webdo.tn\\\/fr\\\/#\\\/schema\\\/logo\\\/image\\\/\"},\"sameAs\":[\"https:\\\/\\\/www.facebook.com\\\/webdotn\",\"https:\\\/\\\/x.com\\\/webdo_tn\"],\"description\":\"Webdo est un m\u00e9dia num\u00e9rique tunisien fond\u00e9 en 2010, sp\u00e9cialis\u00e9 dans l\u2019actualit\u00e9 nationale et internationale, l\u2019\u00e9conomie, la soci\u00e9t\u00e9 et les analyses politiques. Le site s\u2019adresse \u00e0 un large public francophone et couvre l\u2019information tunisienne en temps r\u00e9el.\",\"email\":\"redac@webdo.tn\",\"legalName\":\"YNJ SARL\",\"foundingDate\":\"2010-09-06\",\"numberOfEmployees\":{\"@type\":\"QuantitativeValue\",\"minValue\":\"11\",\"maxValue\":\"50\"}},{\"@type\":\"Person\",\"@id\":\"https:\\\/\\\/www.webdo.tn\\\/fr\\\/#\\\/schema\\\/person\\\/9a9c6118d687c117df8ef3cc36a4d175\",\"name\":\"webdo.tn\",\"image\":{\"@type\":\"ImageObject\",\"inLanguage\":\"fr-FR\",\"@id\":\"https:\\\/\\\/secure.gravatar.com\\\/avatar\\\/7ce1f28c0c3bbac99ff550b85ef8e44a6950c6ee24514fb6a5489e51d06f0298?s=96&d=mm&r=g\",\"url\":\"https:\\\/\\\/secure.gravatar.com\\\/avatar\\\/7ce1f28c0c3bbac99ff550b85ef8e44a6950c6ee24514fb6a5489e51d06f0298?s=96&d=mm&r=g\",\"contentUrl\":\"https:\\\/\\\/secure.gravatar.com\\\/avatar\\\/7ce1f28c0c3bbac99ff550b85ef8e44a6950c6ee24514fb6a5489e51d06f0298?s=96&d=mm&r=g\",\"caption\":\"webdo.tn\"},\"url\":\"https:\\\/\\\/www.webdo.tn\\\/fr\\\/actualite\\\/author\\\/webdotn\\\/\"}]}<\/script>\n<!-- \/ Yoast SEO Premium plugin. -->","yoast_head_json":{"title":"La cit\u00e9 antique de Palmyre \u00e0 la merci de l'Etat islamique","description":"La cit\u00e9 antique de Palmyre \u00e0 la merci de l'Etat islamique","canonical":"https:\/\/www.webdo.tn\/fr\/actualite\/international\/la-cite-antique-de-palmyre-a-la-merci-de-letat-islamique\/184127\/","og_locale":"fr_FR","og_type":"article","og_title":"La cit\u00e9 antique de Palmyre \u00e0 la merci de l'Etat islamique","og_description":"La cit\u00e9 antique de Palmyre \u00e0 la merci de l'Etat islamique","og_url":"https:\/\/www.webdo.tn\/fr\/actualite\/international\/la-cite-antique-de-palmyre-a-la-merci-de-letat-islamique\/184127\/","og_site_name":"webdo","article_publisher":"https:\/\/www.facebook.com\/webdotn","article_published_time":"2015-05-20T22:19:00+00:00","article_modified_time":"2025-05-18T22:13:58+00:00","og_image":[{"width":600,"height":273,"url":"https:\/\/www.webdo.tn\/fr\/wp-content\/uploads\/2015\/05\/syria-palmyra.jpg","type":"image\/jpeg"}],"author":"webdo.tn","twitter_card":"summary_large_image","twitter_creator":"@webdo_tn","twitter_site":"@webdo_tn","twitter_misc":{"\u00c9crit par":"webdo.tn","Dur\u00e9e de lecture estim\u00e9e":"1 minute"},"schema":{"@context":"https:\/\/schema.org","@graph":[{"@type":"NewsArticle","@id":"https:\/\/www.webdo.tn\/fr\/actualite\/international\/la-cite-antique-de-palmyre-a-la-merci-de-letat-islamique\/184127\/#article","isPartOf":{"@id":"https:\/\/www.webdo.tn\/fr\/actualite\/international\/la-cite-antique-de-palmyre-a-la-merci-de-letat-islamique\/184127\/"},"author":{"name":"webdo.tn","@id":"https:\/\/www.webdo.tn\/fr\/#\/schema\/person\/9a9c6118d687c117df8ef3cc36a4d175"},"headline":"La cit\u00e9 antique de Palmyre \u00e0 la merci de l&rsquo;Etat islamique","datePublished":"2015-05-20T22:19:00+00:00","dateModified":"2025-05-18T22:13:58+00:00","mainEntityOfPage":{"@id":"https:\/\/www.webdo.tn\/fr\/actualite\/international\/la-cite-antique-de-palmyre-a-la-merci-de-letat-islamique\/184127\/"},"wordCount":230,"commentCount":0,"publisher":{"@id":"https:\/\/www.webdo.tn\/fr\/#organization"},"image":{"@id":"https:\/\/www.webdo.tn\/fr\/actualite\/international\/la-cite-antique-de-palmyre-a-la-merci-de-letat-islamique\/184127\/#primaryimage"},"thumbnailUrl":"https:\/\/www.webdo.tn\/fr\/wp-content\/uploads\/2015\/05\/syria-palmyra.jpg","keywords":["guerre"],"articleSection":["International"],"inLanguage":"fr-FR"},{"@type":"WebPage","@id":"https:\/\/www.webdo.tn\/fr\/actualite\/international\/la-cite-antique-de-palmyre-a-la-merci-de-letat-islamique\/184127\/","url":"https:\/\/www.webdo.tn\/fr\/actualite\/international\/la-cite-antique-de-palmyre-a-la-merci-de-letat-islamique\/184127\/","name":"La cit\u00e9 antique de Palmyre \u00e0 la merci de l'Etat islamique","isPartOf":{"@id":"https:\/\/www.webdo.tn\/fr\/#website"},"primaryImageOfPage":{"@id":"https:\/\/www.webdo.tn\/fr\/actualite\/international\/la-cite-antique-de-palmyre-a-la-merci-de-letat-islamique\/184127\/#primaryimage"},"image":{"@id":"https:\/\/www.webdo.tn\/fr\/actualite\/international\/la-cite-antique-de-palmyre-a-la-merci-de-letat-islamique\/184127\/#primaryimage"},"thumbnailUrl":"https:\/\/www.webdo.tn\/fr\/wp-content\/uploads\/2015\/05\/syria-palmyra.jpg","datePublished":"2015-05-20T22:19:00+00:00","dateModified":"2025-05-18T22:13:58+00:00","description":"La cit\u00e9 antique de Palmyre \u00e0 la merci de l'Etat islamique","breadcrumb":{"@id":"https:\/\/www.webdo.tn\/fr\/actualite\/international\/la-cite-antique-de-palmyre-a-la-merci-de-letat-islamique\/184127\/#breadcrumb"},"inLanguage":"fr-FR","potentialAction":[{"@type":"ReadAction","target":["https:\/\/www.webdo.tn\/fr\/actualite\/international\/la-cite-antique-de-palmyre-a-la-merci-de-letat-islamique\/184127\/"]}]},{"@type":"ImageObject","inLanguage":"fr-FR","@id":"https:\/\/www.webdo.tn\/fr\/actualite\/international\/la-cite-antique-de-palmyre-a-la-merci-de-letat-islamique\/184127\/#primaryimage","url":"https:\/\/www.webdo.tn\/fr\/wp-content\/uploads\/2015\/05\/syria-palmyra.jpg","contentUrl":"https:\/\/www.webdo.tn\/fr\/wp-content\/uploads\/2015\/05\/syria-palmyra.jpg","width":600,"height":273,"caption":"La cit\u00e9 antique de Palmyre \u00e0 la merci de l'Etat islamique"},{"@type":"BreadcrumbList","@id":"https:\/\/www.webdo.tn\/fr\/actualite\/international\/la-cite-antique-de-palmyre-a-la-merci-de-letat-islamique\/184127\/#breadcrumb","itemListElement":[{"@type":"ListItem","position":1,"name":"Accueil","item":"https:\/\/www.webdo.tn\/fr\/"},{"@type":"ListItem","position":2,"name":"La cit\u00e9 antique de Palmyre \u00e0 la merci de l&rsquo;Etat islamique"}]},{"@type":"WebSite","@id":"https:\/\/www.webdo.tn\/fr\/#website","url":"https:\/\/www.webdo.tn\/fr\/","name":"webdo","description":"Tunisie - News en Tunisie et \u00e0 l&#039;international sur Webdo.tn","publisher":{"@id":"https:\/\/www.webdo.tn\/fr\/#organization"},"potentialAction":[{"@type":"SearchAction","target":{"@type":"EntryPoint","urlTemplate":"https:\/\/www.webdo.tn\/fr\/?s={search_term_string}"},"query-input":{"@type":"PropertyValueSpecification","valueRequired":true,"valueName":"search_term_string"}}],"inLanguage":"fr-FR"},{"@type":"Organization","@id":"https:\/\/www.webdo.tn\/fr\/#organization","name":"Webdo","alternateName":"Webdo.tn","url":"https:\/\/www.webdo.tn\/fr\/","logo":{"@type":"ImageObject","inLanguage":"fr-FR","@id":"https:\/\/www.webdo.tn\/fr\/#\/schema\/logo\/image\/","url":"https:\/\/www.webdo.tn\/fr\/wp-content\/uploads\/2025\/06\/Webdo-Tunisie_168377.jpg","contentUrl":"https:\/\/www.webdo.tn\/fr\/wp-content\/uploads\/2025\/06\/Webdo-Tunisie_168377.jpg","width":301,"height":301,"caption":"Webdo"},"image":{"@id":"https:\/\/www.webdo.tn\/fr\/#\/schema\/logo\/image\/"},"sameAs":["https:\/\/www.facebook.com\/webdotn","https:\/\/x.com\/webdo_tn"],"description":"Webdo est un m\u00e9dia num\u00e9rique tunisien fond\u00e9 en 2010, sp\u00e9cialis\u00e9 dans l\u2019actualit\u00e9 nationale et internationale, l\u2019\u00e9conomie, la soci\u00e9t\u00e9 et les analyses politiques. Le site s\u2019adresse \u00e0 un large public francophone et couvre l\u2019information tunisienne en temps r\u00e9el.","email":"redac@webdo.tn","legalName":"YNJ SARL","foundingDate":"2010-09-06","numberOfEmployees":{"@type":"QuantitativeValue","minValue":"11","maxValue":"50"}},{"@type":"Person","@id":"https:\/\/www.webdo.tn\/fr\/#\/schema\/person\/9a9c6118d687c117df8ef3cc36a4d175","name":"webdo.tn","image":{"@type":"ImageObject","inLanguage":"fr-FR","@id":"https:\/\/secure.gravatar.com\/avatar\/7ce1f28c0c3bbac99ff550b85ef8e44a6950c6ee24514fb6a5489e51d06f0298?s=96&d=mm&r=g","url":"https:\/\/secure.gravatar.com\/avatar\/7ce1f28c0c3bbac99ff550b85ef8e44a6950c6ee24514fb6a5489e51d06f0298?s=96&d=mm&r=g","contentUrl":"https:\/\/secure.gravatar.com\/avatar\/7ce1f28c0c3bbac99ff550b85ef8e44a6950c6ee24514fb6a5489e51d06f0298?s=96&d=mm&r=g","caption":"webdo.tn"},"url":"https:\/\/www.webdo.tn\/fr\/actualite\/author\/webdotn\/"}]}},"_links":{"self":[{"href":"https:\/\/www.webdo.tn\/fr\/wp-json\/wp\/v2\/posts\/184127","targetHints":{"allow":["GET"]}}],"collection":[{"href":"https:\/\/www.webdo.tn\/fr\/wp-json\/wp\/v2\/posts"}],"about":[{"href":"https:\/\/www.webdo.tn\/fr\/wp-json\/wp\/v2\/types\/post"}],"author":[{"embeddable":true,"href":"https:\/\/www.webdo.tn\/fr\/wp-json\/wp\/v2\/users\/3222"}],"replies":[{"embeddable":true,"href":"https:\/\/www.webdo.tn\/fr\/wp-json\/wp\/v2\/comments?post=184127"}],"version-history":[{"count":0,"href":"https:\/\/www.webdo.tn\/fr\/wp-json\/wp\/v2\/posts\/184127\/revisions"}],"wp:featuredmedia":[{"embeddable":true,"href":"https:\/\/www.webdo.tn\/fr\/wp-json\/wp\/v2\/media\/318264"}],"wp:attachment":[{"href":"https:\/\/www.webdo.tn\/fr\/wp-json\/wp\/v2\/media?parent=184127"}],"wp:term":[{"taxonomy":"category","embeddable":true,"href":"https:\/\/www.webdo.tn\/fr\/wp-json\/wp\/v2\/categories?post=184127"},{"taxonomy":"post_tag","embeddable":true,"href":"https:\/\/www.webdo.tn\/fr\/wp-json\/wp\/v2\/tags?post=184127"}],"curies":[{"name":"wp","href":"https:\/\/api.w.org\/{rel}","templated":true}]}}