{"id":184126,"date":"2015-05-27T09:09:00","date_gmt":"2015-05-27T09:09:00","guid":{"rendered":"https:\/\/www.webdo.tn\/fr\/actualite\/blog\/le-premier-ministre-libyen-abdullah-al-thinni-echappe-a-une-tentative-dassassinat\/184126\/"},"modified":"2025-05-22T12:55:59","modified_gmt":"2025-05-22T12:55:59","slug":"le-premier-ministre-libyen-abdullah-al-thinni-echappe-a-une-tentative-dassassinat","status":"publish","type":"post","link":"https:\/\/www.webdo.tn\/fr\/actualite\/international\/le-premier-ministre-libyen-abdullah-al-thinni-echappe-a-une-tentative-dassassinat\/184126\/","title":{"rendered":"Le premier ministre libyen Abdullah al-Thinni \u00e9chappe \u00e0 une tentative d&rsquo;assassinat"},"content":{"rendered":"<p>Le premier ministre libyen,\u00a0Abdullah al-Thinni, du gouvernement de Tobrouk, a \u00e9chapp\u00e9 \u00e0 une tentative d&rsquo;assassinat mardi 26 mai \u00e0 Tobrouk, a annonc\u00e9 le gouvernement libyen dans un communiqu\u00e9.<\/p>\n<p>Selon le communiqu\u00e9, \u00ab\u00a0le cort\u00e8ge du premier ministre s&rsquo;est fait tirer dessus quand il quittait le parlement en direction de l&rsquo;a\u00e9roport par un groupe arm\u00e9 non identifi\u00e9. Ce m\u00eame groupe aurait attaqu\u00e9 dans la matin\u00e9e du mardi le parlement sans faire de victimes.\u00a0\u00bb<\/p>\n<p>Abdullah al-Thinni, chef du gouvernement libyen reconnu \u00e0 l&rsquo;\u00e9chelle internationale \u00e9tait auditionn\u00e9 au parlement de Tobrouk, ville situ\u00e9e \u00e0 l&rsquo;est de la Libye et o\u00f9 si\u00e8ge son gouvernement.<\/p>\n<p>Il est\u00a0Premier ministre depuis le 12 mars 2014 et a \u00e9t\u00e9 auparavant ministre de la D\u00e9fense d&rsquo;ao\u00fbt 2013 au 24 septembre 2014.<\/p>\n<p>La Libye compte actuellement deux gouvernements et deux parlements, un \u00e0 l&rsquo;ouest dont la capitale est Tripoli et l&rsquo;autre \u00e0 l&rsquo;est \u00e0 Tobrouk mais reconnu par les instances internationales.<\/p>\n<p>De nombreuses tentatives de discussions\u00a0ont eu lieu entre les deux parties en pr\u00e9sence de l&rsquo;\u00e9missaire des Nations Unies Bernardino Leon en Alg\u00e9rie et au Maroc.\u00a0<\/p>\n<p>La Libye est livr\u00e9e au chaos et aux assassinats depuis la r\u00e9volution libyenne en 2011 et la participation de l&rsquo;OTAN dans les op\u00e9rations militaires qui ont conduit \u00e0 la chute\u00a0du r\u00e9gime de Kadhafi mais \u00e9galement \u00e0 l&rsquo;Etat islamique qui s&rsquo;y est install\u00e9.<br \/>\nLa situation actuelle en Libye selon BBC World :<\/p>\n<p>Current situation on the ground in #Libya according to @BBCWorld pic.twitter.com\/tCSkKOyQsw<br \/>\n\u2014 Alwasat (@alwasatengnews) 17 Mai 2015<\/p>\n","protected":false},"excerpt":{"rendered":"<p>Le premier ministre libyen Abdullah al-Thinni \u00e9chappe \u00e0 une tentative d&rsquo;assassinat<\/p>\n","protected":false},"author":3222,"featured_media":352061,"comment_status":"open","ping_status":"closed","sticky":false,"template":"","format":"standard","meta":{"footnotes":""},"categories":[2598],"tags":[],"class_list":["post-184126","post","type-post","status-publish","format-standard","has-post-thumbnail","hentry","category-international"],"yoast_head":"<!-- This site is optimized with the Yoast SEO Premium plugin v27.5 (Yoast SEO v27.5) - https:\/\/yoast.com\/product\/yoast-seo-premium-wordpress\/ -->\n<title>Le premier ministre libyen Abdullah al-Thinni \u00e9chappe \u00e0 une tentative d&#039;assassinat<\/title>\n<meta name=\"description\" content=\"Le premier ministre libyen Abdullah al-Thinni \u00e9chappe \u00e0 une tentative d&#039;assassinat\" \/>\n<link rel=\"canonical\" href=\"https:\/\/www.webdo.tn\/fr\/actualite\/international\/le-premier-ministre-libyen-abdullah-al-thinni-echappe-a-une-tentative-dassassinat\/184126\/\" \/>\n<meta property=\"og:locale\" content=\"fr_FR\" \/>\n<meta property=\"og:type\" content=\"article\" \/>\n<meta property=\"og:title\" content=\"Le premier ministre libyen Abdullah al-Thinni \u00e9chappe \u00e0 une tentative d&#039;assassinat\" \/>\n<meta property=\"og:description\" content=\"Le premier ministre libyen Abdullah al-Thinni \u00e9chappe \u00e0 une tentative d&#039;assassinat\" \/>\n<meta property=\"og:url\" content=\"https:\/\/www.webdo.tn\/fr\/actualite\/international\/le-premier-ministre-libyen-abdullah-al-thinni-echappe-a-une-tentative-dassassinat\/184126\/\" \/>\n<meta property=\"og:site_name\" content=\"webdo\" \/>\n<meta property=\"article:publisher\" content=\"https:\/\/www.facebook.com\/webdotn\" \/>\n<meta property=\"article:published_time\" content=\"2015-05-27T09:09:00+00:00\" \/>\n<meta property=\"article:modified_time\" content=\"2025-05-22T12:55:59+00:00\" \/>\n<meta property=\"og:image\" content=\"https:\/\/www.webdo.tn\/fr\/wp-content\/uploads\/2015\/05\/201441314518258734_20-e1432713956473.jpg\" \/>\n\t<meta property=\"og:image:width\" content=\"600\" \/>\n\t<meta property=\"og:image:height\" content=\"397\" \/>\n\t<meta property=\"og:image:type\" content=\"image\/jpeg\" \/>\n<meta name=\"author\" content=\"webdo.tn\" \/>\n<meta name=\"twitter:card\" content=\"summary_large_image\" \/>\n<meta name=\"twitter:creator\" content=\"@webdo_tn\" \/>\n<meta name=\"twitter:site\" content=\"@webdo_tn\" \/>\n<meta name=\"twitter:label1\" content=\"\u00c9crit par\" \/>\n\t<meta name=\"twitter:data1\" content=\"webdo.tn\" \/>\n\t<meta name=\"twitter:label2\" content=\"Dur\u00e9e de lecture estim\u00e9e\" \/>\n\t<meta name=\"twitter:data2\" content=\"1 minute\" \/>\n<script type=\"application\/ld+json\" class=\"yoast-schema-graph\">{\"@context\":\"https:\\\/\\\/schema.org\",\"@graph\":[{\"@type\":\"NewsArticle\",\"@id\":\"https:\\\/\\\/www.webdo.tn\\\/fr\\\/actualite\\\/international\\\/le-premier-ministre-libyen-abdullah-al-thinni-echappe-a-une-tentative-dassassinat\\\/184126\\\/#article\",\"isPartOf\":{\"@id\":\"https:\\\/\\\/www.webdo.tn\\\/fr\\\/actualite\\\/international\\\/le-premier-ministre-libyen-abdullah-al-thinni-echappe-a-une-tentative-dassassinat\\\/184126\\\/\"},\"author\":{\"name\":\"webdo.tn\",\"@id\":\"https:\\\/\\\/www.webdo.tn\\\/fr\\\/#\\\/schema\\\/person\\\/9a9c6118d687c117df8ef3cc36a4d175\"},\"headline\":\"Le premier ministre libyen Abdullah al-Thinni \u00e9chappe \u00e0 une tentative d&rsquo;assassinat\",\"datePublished\":\"2015-05-27T09:09:00+00:00\",\"dateModified\":\"2025-05-22T12:55:59+00:00\",\"mainEntityOfPage\":{\"@id\":\"https:\\\/\\\/www.webdo.tn\\\/fr\\\/actualite\\\/international\\\/le-premier-ministre-libyen-abdullah-al-thinni-echappe-a-une-tentative-dassassinat\\\/184126\\\/\"},\"wordCount\":268,\"commentCount\":0,\"publisher\":{\"@id\":\"https:\\\/\\\/www.webdo.tn\\\/fr\\\/#organization\"},\"image\":{\"@id\":\"https:\\\/\\\/www.webdo.tn\\\/fr\\\/actualite\\\/international\\\/le-premier-ministre-libyen-abdullah-al-thinni-echappe-a-une-tentative-dassassinat\\\/184126\\\/#primaryimage\"},\"thumbnailUrl\":\"https:\\\/\\\/www.webdo.tn\\\/fr\\\/wp-content\\\/uploads\\\/2015\\\/05\\\/201441314518258734_20-e1432713956473.jpg\",\"articleSection\":[\"International\"],\"inLanguage\":\"fr-FR\"},{\"@type\":\"WebPage\",\"@id\":\"https:\\\/\\\/www.webdo.tn\\\/fr\\\/actualite\\\/international\\\/le-premier-ministre-libyen-abdullah-al-thinni-echappe-a-une-tentative-dassassinat\\\/184126\\\/\",\"url\":\"https:\\\/\\\/www.webdo.tn\\\/fr\\\/actualite\\\/international\\\/le-premier-ministre-libyen-abdullah-al-thinni-echappe-a-une-tentative-dassassinat\\\/184126\\\/\",\"name\":\"Le premier ministre libyen Abdullah al-Thinni \u00e9chappe \u00e0 une tentative d'assassinat\",\"isPartOf\":{\"@id\":\"https:\\\/\\\/www.webdo.tn\\\/fr\\\/#website\"},\"primaryImageOfPage\":{\"@id\":\"https:\\\/\\\/www.webdo.tn\\\/fr\\\/actualite\\\/international\\\/le-premier-ministre-libyen-abdullah-al-thinni-echappe-a-une-tentative-dassassinat\\\/184126\\\/#primaryimage\"},\"image\":{\"@id\":\"https:\\\/\\\/www.webdo.tn\\\/fr\\\/actualite\\\/international\\\/le-premier-ministre-libyen-abdullah-al-thinni-echappe-a-une-tentative-dassassinat\\\/184126\\\/#primaryimage\"},\"thumbnailUrl\":\"https:\\\/\\\/www.webdo.tn\\\/fr\\\/wp-content\\\/uploads\\\/2015\\\/05\\\/201441314518258734_20-e1432713956473.jpg\",\"datePublished\":\"2015-05-27T09:09:00+00:00\",\"dateModified\":\"2025-05-22T12:55:59+00:00\",\"description\":\"Le premier ministre libyen Abdullah al-Thinni \u00e9chappe \u00e0 une tentative d'assassinat\",\"breadcrumb\":{\"@id\":\"https:\\\/\\\/www.webdo.tn\\\/fr\\\/actualite\\\/international\\\/le-premier-ministre-libyen-abdullah-al-thinni-echappe-a-une-tentative-dassassinat\\\/184126\\\/#breadcrumb\"},\"inLanguage\":\"fr-FR\",\"potentialAction\":[{\"@type\":\"ReadAction\",\"target\":[\"https:\\\/\\\/www.webdo.tn\\\/fr\\\/actualite\\\/international\\\/le-premier-ministre-libyen-abdullah-al-thinni-echappe-a-une-tentative-dassassinat\\\/184126\\\/\"]}]},{\"@type\":\"ImageObject\",\"inLanguage\":\"fr-FR\",\"@id\":\"https:\\\/\\\/www.webdo.tn\\\/fr\\\/actualite\\\/international\\\/le-premier-ministre-libyen-abdullah-al-thinni-echappe-a-une-tentative-dassassinat\\\/184126\\\/#primaryimage\",\"url\":\"https:\\\/\\\/www.webdo.tn\\\/fr\\\/wp-content\\\/uploads\\\/2015\\\/05\\\/201441314518258734_20-e1432713956473.jpg\",\"contentUrl\":\"https:\\\/\\\/www.webdo.tn\\\/fr\\\/wp-content\\\/uploads\\\/2015\\\/05\\\/201441314518258734_20-e1432713956473.jpg\",\"width\":600,\"height\":397,\"caption\":\"Le premier ministre libyen Abdullah al-Thinni \u00e9chappe \u00e0 une tentative d'assassinat\"},{\"@type\":\"BreadcrumbList\",\"@id\":\"https:\\\/\\\/www.webdo.tn\\\/fr\\\/actualite\\\/international\\\/le-premier-ministre-libyen-abdullah-al-thinni-echappe-a-une-tentative-dassassinat\\\/184126\\\/#breadcrumb\",\"itemListElement\":[{\"@type\":\"ListItem\",\"position\":1,\"name\":\"Accueil\",\"item\":\"https:\\\/\\\/www.webdo.tn\\\/fr\\\/\"},{\"@type\":\"ListItem\",\"position\":2,\"name\":\"Le premier ministre libyen Abdullah al-Thinni \u00e9chappe \u00e0 une tentative d&rsquo;assassinat\"}]},{\"@type\":\"WebSite\",\"@id\":\"https:\\\/\\\/www.webdo.tn\\\/fr\\\/#website\",\"url\":\"https:\\\/\\\/www.webdo.tn\\\/fr\\\/\",\"name\":\"webdo\",\"description\":\"Tunisie - News en Tunisie et \u00e0 l&#039;international sur Webdo.tn\",\"publisher\":{\"@id\":\"https:\\\/\\\/www.webdo.tn\\\/fr\\\/#organization\"},\"potentialAction\":[{\"@type\":\"SearchAction\",\"target\":{\"@type\":\"EntryPoint\",\"urlTemplate\":\"https:\\\/\\\/www.webdo.tn\\\/fr\\\/?s={search_term_string}\"},\"query-input\":{\"@type\":\"PropertyValueSpecification\",\"valueRequired\":true,\"valueName\":\"search_term_string\"}}],\"inLanguage\":\"fr-FR\"},{\"@type\":\"Organization\",\"@id\":\"https:\\\/\\\/www.webdo.tn\\\/fr\\\/#organization\",\"name\":\"Webdo\",\"alternateName\":\"Webdo.tn\",\"url\":\"https:\\\/\\\/www.webdo.tn\\\/fr\\\/\",\"logo\":{\"@type\":\"ImageObject\",\"inLanguage\":\"fr-FR\",\"@id\":\"https:\\\/\\\/www.webdo.tn\\\/fr\\\/#\\\/schema\\\/logo\\\/image\\\/\",\"url\":\"https:\\\/\\\/www.webdo.tn\\\/fr\\\/wp-content\\\/uploads\\\/2025\\\/06\\\/Webdo-Tunisie_168377.jpg\",\"contentUrl\":\"https:\\\/\\\/www.webdo.tn\\\/fr\\\/wp-content\\\/uploads\\\/2025\\\/06\\\/Webdo-Tunisie_168377.jpg\",\"width\":301,\"height\":301,\"caption\":\"Webdo\"},\"image\":{\"@id\":\"https:\\\/\\\/www.webdo.tn\\\/fr\\\/#\\\/schema\\\/logo\\\/image\\\/\"},\"sameAs\":[\"https:\\\/\\\/www.facebook.com\\\/webdotn\",\"https:\\\/\\\/x.com\\\/webdo_tn\"],\"description\":\"Webdo est un m\u00e9dia num\u00e9rique tunisien fond\u00e9 en 2010, sp\u00e9cialis\u00e9 dans l\u2019actualit\u00e9 nationale et internationale, l\u2019\u00e9conomie, la soci\u00e9t\u00e9 et les analyses politiques. Le site s\u2019adresse \u00e0 un large public francophone et couvre l\u2019information tunisienne en temps r\u00e9el.\",\"email\":\"redac@webdo.tn\",\"legalName\":\"YNJ SARL\",\"foundingDate\":\"2010-09-06\",\"numberOfEmployees\":{\"@type\":\"QuantitativeValue\",\"minValue\":\"11\",\"maxValue\":\"50\"}},{\"@type\":\"Person\",\"@id\":\"https:\\\/\\\/www.webdo.tn\\\/fr\\\/#\\\/schema\\\/person\\\/9a9c6118d687c117df8ef3cc36a4d175\",\"name\":\"webdo.tn\",\"image\":{\"@type\":\"ImageObject\",\"inLanguage\":\"fr-FR\",\"@id\":\"https:\\\/\\\/secure.gravatar.com\\\/avatar\\\/7ce1f28c0c3bbac99ff550b85ef8e44a6950c6ee24514fb6a5489e51d06f0298?s=96&d=mm&r=g\",\"url\":\"https:\\\/\\\/secure.gravatar.com\\\/avatar\\\/7ce1f28c0c3bbac99ff550b85ef8e44a6950c6ee24514fb6a5489e51d06f0298?s=96&d=mm&r=g\",\"contentUrl\":\"https:\\\/\\\/secure.gravatar.com\\\/avatar\\\/7ce1f28c0c3bbac99ff550b85ef8e44a6950c6ee24514fb6a5489e51d06f0298?s=96&d=mm&r=g\",\"caption\":\"webdo.tn\"},\"url\":\"https:\\\/\\\/www.webdo.tn\\\/fr\\\/actualite\\\/author\\\/webdotn\\\/\"}]}<\/script>\n<!-- \/ Yoast SEO Premium plugin. -->","yoast_head_json":{"title":"Le premier ministre libyen Abdullah al-Thinni \u00e9chappe \u00e0 une tentative d'assassinat","description":"Le premier ministre libyen Abdullah al-Thinni \u00e9chappe \u00e0 une tentative d'assassinat","canonical":"https:\/\/www.webdo.tn\/fr\/actualite\/international\/le-premier-ministre-libyen-abdullah-al-thinni-echappe-a-une-tentative-dassassinat\/184126\/","og_locale":"fr_FR","og_type":"article","og_title":"Le premier ministre libyen Abdullah al-Thinni \u00e9chappe \u00e0 une tentative d'assassinat","og_description":"Le premier ministre libyen Abdullah al-Thinni \u00e9chappe \u00e0 une tentative d'assassinat","og_url":"https:\/\/www.webdo.tn\/fr\/actualite\/international\/le-premier-ministre-libyen-abdullah-al-thinni-echappe-a-une-tentative-dassassinat\/184126\/","og_site_name":"webdo","article_publisher":"https:\/\/www.facebook.com\/webdotn","article_published_time":"2015-05-27T09:09:00+00:00","article_modified_time":"2025-05-22T12:55:59+00:00","og_image":[{"width":600,"height":397,"url":"https:\/\/www.webdo.tn\/fr\/wp-content\/uploads\/2015\/05\/201441314518258734_20-e1432713956473.jpg","type":"image\/jpeg"}],"author":"webdo.tn","twitter_card":"summary_large_image","twitter_creator":"@webdo_tn","twitter_site":"@webdo_tn","twitter_misc":{"\u00c9crit par":"webdo.tn","Dur\u00e9e de lecture estim\u00e9e":"1 minute"},"schema":{"@context":"https:\/\/schema.org","@graph":[{"@type":"NewsArticle","@id":"https:\/\/www.webdo.tn\/fr\/actualite\/international\/le-premier-ministre-libyen-abdullah-al-thinni-echappe-a-une-tentative-dassassinat\/184126\/#article","isPartOf":{"@id":"https:\/\/www.webdo.tn\/fr\/actualite\/international\/le-premier-ministre-libyen-abdullah-al-thinni-echappe-a-une-tentative-dassassinat\/184126\/"},"author":{"name":"webdo.tn","@id":"https:\/\/www.webdo.tn\/fr\/#\/schema\/person\/9a9c6118d687c117df8ef3cc36a4d175"},"headline":"Le premier ministre libyen Abdullah al-Thinni \u00e9chappe \u00e0 une tentative d&rsquo;assassinat","datePublished":"2015-05-27T09:09:00+00:00","dateModified":"2025-05-22T12:55:59+00:00","mainEntityOfPage":{"@id":"https:\/\/www.webdo.tn\/fr\/actualite\/international\/le-premier-ministre-libyen-abdullah-al-thinni-echappe-a-une-tentative-dassassinat\/184126\/"},"wordCount":268,"commentCount":0,"publisher":{"@id":"https:\/\/www.webdo.tn\/fr\/#organization"},"image":{"@id":"https:\/\/www.webdo.tn\/fr\/actualite\/international\/le-premier-ministre-libyen-abdullah-al-thinni-echappe-a-une-tentative-dassassinat\/184126\/#primaryimage"},"thumbnailUrl":"https:\/\/www.webdo.tn\/fr\/wp-content\/uploads\/2015\/05\/201441314518258734_20-e1432713956473.jpg","articleSection":["International"],"inLanguage":"fr-FR"},{"@type":"WebPage","@id":"https:\/\/www.webdo.tn\/fr\/actualite\/international\/le-premier-ministre-libyen-abdullah-al-thinni-echappe-a-une-tentative-dassassinat\/184126\/","url":"https:\/\/www.webdo.tn\/fr\/actualite\/international\/le-premier-ministre-libyen-abdullah-al-thinni-echappe-a-une-tentative-dassassinat\/184126\/","name":"Le premier ministre libyen Abdullah al-Thinni \u00e9chappe \u00e0 une tentative d'assassinat","isPartOf":{"@id":"https:\/\/www.webdo.tn\/fr\/#website"},"primaryImageOfPage":{"@id":"https:\/\/www.webdo.tn\/fr\/actualite\/international\/le-premier-ministre-libyen-abdullah-al-thinni-echappe-a-une-tentative-dassassinat\/184126\/#primaryimage"},"image":{"@id":"https:\/\/www.webdo.tn\/fr\/actualite\/international\/le-premier-ministre-libyen-abdullah-al-thinni-echappe-a-une-tentative-dassassinat\/184126\/#primaryimage"},"thumbnailUrl":"https:\/\/www.webdo.tn\/fr\/wp-content\/uploads\/2015\/05\/201441314518258734_20-e1432713956473.jpg","datePublished":"2015-05-27T09:09:00+00:00","dateModified":"2025-05-22T12:55:59+00:00","description":"Le premier ministre libyen Abdullah al-Thinni \u00e9chappe \u00e0 une tentative d'assassinat","breadcrumb":{"@id":"https:\/\/www.webdo.tn\/fr\/actualite\/international\/le-premier-ministre-libyen-abdullah-al-thinni-echappe-a-une-tentative-dassassinat\/184126\/#breadcrumb"},"inLanguage":"fr-FR","potentialAction":[{"@type":"ReadAction","target":["https:\/\/www.webdo.tn\/fr\/actualite\/international\/le-premier-ministre-libyen-abdullah-al-thinni-echappe-a-une-tentative-dassassinat\/184126\/"]}]},{"@type":"ImageObject","inLanguage":"fr-FR","@id":"https:\/\/www.webdo.tn\/fr\/actualite\/international\/le-premier-ministre-libyen-abdullah-al-thinni-echappe-a-une-tentative-dassassinat\/184126\/#primaryimage","url":"https:\/\/www.webdo.tn\/fr\/wp-content\/uploads\/2015\/05\/201441314518258734_20-e1432713956473.jpg","contentUrl":"https:\/\/www.webdo.tn\/fr\/wp-content\/uploads\/2015\/05\/201441314518258734_20-e1432713956473.jpg","width":600,"height":397,"caption":"Le premier ministre libyen Abdullah al-Thinni \u00e9chappe \u00e0 une tentative d'assassinat"},{"@type":"BreadcrumbList","@id":"https:\/\/www.webdo.tn\/fr\/actualite\/international\/le-premier-ministre-libyen-abdullah-al-thinni-echappe-a-une-tentative-dassassinat\/184126\/#breadcrumb","itemListElement":[{"@type":"ListItem","position":1,"name":"Accueil","item":"https:\/\/www.webdo.tn\/fr\/"},{"@type":"ListItem","position":2,"name":"Le premier ministre libyen Abdullah al-Thinni \u00e9chappe \u00e0 une tentative d&rsquo;assassinat"}]},{"@type":"WebSite","@id":"https:\/\/www.webdo.tn\/fr\/#website","url":"https:\/\/www.webdo.tn\/fr\/","name":"webdo","description":"Tunisie - News en Tunisie et \u00e0 l&#039;international sur Webdo.tn","publisher":{"@id":"https:\/\/www.webdo.tn\/fr\/#organization"},"potentialAction":[{"@type":"SearchAction","target":{"@type":"EntryPoint","urlTemplate":"https:\/\/www.webdo.tn\/fr\/?s={search_term_string}"},"query-input":{"@type":"PropertyValueSpecification","valueRequired":true,"valueName":"search_term_string"}}],"inLanguage":"fr-FR"},{"@type":"Organization","@id":"https:\/\/www.webdo.tn\/fr\/#organization","name":"Webdo","alternateName":"Webdo.tn","url":"https:\/\/www.webdo.tn\/fr\/","logo":{"@type":"ImageObject","inLanguage":"fr-FR","@id":"https:\/\/www.webdo.tn\/fr\/#\/schema\/logo\/image\/","url":"https:\/\/www.webdo.tn\/fr\/wp-content\/uploads\/2025\/06\/Webdo-Tunisie_168377.jpg","contentUrl":"https:\/\/www.webdo.tn\/fr\/wp-content\/uploads\/2025\/06\/Webdo-Tunisie_168377.jpg","width":301,"height":301,"caption":"Webdo"},"image":{"@id":"https:\/\/www.webdo.tn\/fr\/#\/schema\/logo\/image\/"},"sameAs":["https:\/\/www.facebook.com\/webdotn","https:\/\/x.com\/webdo_tn"],"description":"Webdo est un m\u00e9dia num\u00e9rique tunisien fond\u00e9 en 2010, sp\u00e9cialis\u00e9 dans l\u2019actualit\u00e9 nationale et internationale, l\u2019\u00e9conomie, la soci\u00e9t\u00e9 et les analyses politiques. Le site s\u2019adresse \u00e0 un large public francophone et couvre l\u2019information tunisienne en temps r\u00e9el.","email":"redac@webdo.tn","legalName":"YNJ SARL","foundingDate":"2010-09-06","numberOfEmployees":{"@type":"QuantitativeValue","minValue":"11","maxValue":"50"}},{"@type":"Person","@id":"https:\/\/www.webdo.tn\/fr\/#\/schema\/person\/9a9c6118d687c117df8ef3cc36a4d175","name":"webdo.tn","image":{"@type":"ImageObject","inLanguage":"fr-FR","@id":"https:\/\/secure.gravatar.com\/avatar\/7ce1f28c0c3bbac99ff550b85ef8e44a6950c6ee24514fb6a5489e51d06f0298?s=96&d=mm&r=g","url":"https:\/\/secure.gravatar.com\/avatar\/7ce1f28c0c3bbac99ff550b85ef8e44a6950c6ee24514fb6a5489e51d06f0298?s=96&d=mm&r=g","contentUrl":"https:\/\/secure.gravatar.com\/avatar\/7ce1f28c0c3bbac99ff550b85ef8e44a6950c6ee24514fb6a5489e51d06f0298?s=96&d=mm&r=g","caption":"webdo.tn"},"url":"https:\/\/www.webdo.tn\/fr\/actualite\/author\/webdotn\/"}]}},"_links":{"self":[{"href":"https:\/\/www.webdo.tn\/fr\/wp-json\/wp\/v2\/posts\/184126","targetHints":{"allow":["GET"]}}],"collection":[{"href":"https:\/\/www.webdo.tn\/fr\/wp-json\/wp\/v2\/posts"}],"about":[{"href":"https:\/\/www.webdo.tn\/fr\/wp-json\/wp\/v2\/types\/post"}],"author":[{"embeddable":true,"href":"https:\/\/www.webdo.tn\/fr\/wp-json\/wp\/v2\/users\/3222"}],"replies":[{"embeddable":true,"href":"https:\/\/www.webdo.tn\/fr\/wp-json\/wp\/v2\/comments?post=184126"}],"version-history":[{"count":0,"href":"https:\/\/www.webdo.tn\/fr\/wp-json\/wp\/v2\/posts\/184126\/revisions"}],"wp:featuredmedia":[{"embeddable":true,"href":"https:\/\/www.webdo.tn\/fr\/wp-json\/wp\/v2\/media\/352061"}],"wp:attachment":[{"href":"https:\/\/www.webdo.tn\/fr\/wp-json\/wp\/v2\/media?parent=184126"}],"wp:term":[{"taxonomy":"category","embeddable":true,"href":"https:\/\/www.webdo.tn\/fr\/wp-json\/wp\/v2\/categories?post=184126"},{"taxonomy":"post_tag","embeddable":true,"href":"https:\/\/www.webdo.tn\/fr\/wp-json\/wp\/v2\/tags?post=184126"}],"curies":[{"name":"wp","href":"https:\/\/api.w.org\/{rel}","templated":true}]}}