{"id":184125,"date":"2015-05-27T15:55:00","date_gmt":"2015-05-27T15:55:00","guid":{"rendered":"https:\/\/www.webdo.tn\/fr\/blog\/repartition-de-40-000-demandeurs-dasile-et-20-000-refugies-par-la-commission-europeenne\/184125\/"},"modified":"2015-05-27T15:55:00","modified_gmt":"2015-05-27T15:55:00","slug":"repartition-de-40-000-demandeurs-dasile-et-20-000-refugies-par-la-commission-europeenne","status":"publish","type":"post","link":"https:\/\/www.webdo.tn\/fr\/actualite\/international\/repartition-de-40-000-demandeurs-dasile-et-20-000-refugies-par-la-commission-europeenne\/184125\/","title":{"rendered":"R\u00e9partition de 40.000 demandeurs d&rsquo;asile et 20.000 r\u00e9fugi\u00e9s par la Commission europ\u00e9enne"},"content":{"rendered":"<p>La Commission europ\u00e9enne a pr\u00e9sent\u00e9, ce mercredi 27 mai, son plan global sur l&rsquo;immigration, en ajoutant les quotas de migrants \u00e0 accueillir par pays, afin d&rsquo;assurer une r\u00e9partition de demandeurs d&rsquo;asile qui s\u00e9journent actuellement en Italie et en Gr\u00e8ce.<br \/>\nR\u00e9partition de 40.000 demandeurs d&rsquo;asile<br \/>\nPour \u00e9tablir cette r\u00e9partition par pays, la Commission europ\u00e9enne a pris en compte divers crit\u00e8res comme le nombre d&rsquo;habitants, le produit int\u00e9rieur, le taux de ch\u00f4mage, le nombre de demandes d&rsquo;asile d\u00e9j\u00e0 re\u00e7ues et le nombre de r\u00e9fugi\u00e9s d\u00e9j\u00e0 accueillis au titre de la protection internationale.<\/p>\n<p>Etal\u00e9e sur deux ans, Bruxelles\u00a0a expos\u00e9 la r\u00e9partition de 40.000 Syriens et Erythr\u00e9ens, dont 24.000 sont actuellement en Italie et 16.000 en Gr\u00e8ce. Vingt-trois Etats sont concern\u00e9s par cette r\u00e9partition, dont l&rsquo;Allemagne qui sera cens\u00e9e accueillir\u00a018,42% de ces 40.000\u00a0demandeurs, et la France 14,17%.<\/p>\n<p>Par ailleurs, les trait\u00e9s europ\u00e9ens octroient un opt-in (droit d\u2019option) au Royaume-Uni et l\u2019Irlande, qui peuvent d\u00e9cider de participer ou non \u00e0 un tel projet, et le Danemark poss\u00e8de un opt-out, qui exclut sa participation. Toutefois, le nouveau pays d&rsquo;accueil d\u00e9cide de l&rsquo;octroi, ou non, de l&rsquo;asile.<br \/>\nR\u00e9partition de\u00a020.000 r\u00e9fugi\u00e9s reconnus par l&rsquo;ONU<br \/>\nLe plan pr\u00e9sent\u00e9 par la Commission europ\u00e9enne comprend \u00e9galement l&rsquo;accueil de 20.000 r\u00e9fugi\u00e9s reconnus par les Nations Unies, qui demandent une protection internationale de ces derniers.<\/p>\n<p>Ce projet, quant \u00e0 lui,\u00a0concerne les vingt-huit Etats membres de l&rsquo;Union europ\u00e9enne (UE). Selon la Commission europ\u00e9enne, l&rsquo;Allemagne et la France devraient \u00eatre les deux\u00a0pays qui accueilleront le plus de r\u00e9fugi\u00e9s. L&rsquo;Allemagne devrait accueillir 3086 r\u00e9fugi\u00e9s reconnus par l&rsquo;Organisation des Nations Unies (ONU)\u00a0en deux ans, et la France 2375.<\/p>\n<p>Un budget de 50 millions d&rsquo;euros\u00a0sera pr\u00e9vu pour ce projet. La Commission pr\u00e9voit \u00e9galement une somme de 6000 euros, pour chaque demandeur d&rsquo;asile accept\u00e9 dans un pays, provenant du Fonds europ\u00e9en pour l&rsquo;asile (AMIF).<\/p>\n<p>Par ailleurs, certains Etats membres de l&rsquo;UE\u00a0n&rsquo;approuvent pas ce projet de quotas pr\u00e9sent\u00e9 fin avril par Jean-Claude Juncker, pr\u00e9sident de la Commission europ\u00e9enne. La proposition de la Commission europ\u00e9enne devra \u00eatre adopt\u00e9e \u00e0 la majorit\u00e9, apr\u00e8s consultation du Parlement, pour voir le jour.<\/p>\n","protected":false},"excerpt":{"rendered":"<p>R\u00e9partition de 40.000 demandeurs d&rsquo;asile et 20.000 r\u00e9fugi\u00e9s par la Commission europ\u00e9enne<\/p>\n","protected":false},"author":3222,"featured_media":372987,"comment_status":"open","ping_status":"closed","sticky":false,"template":"","format":"standard","meta":{"footnotes":""},"categories":[2598],"tags":[2600],"class_list":["post-184125","post","type-post","status-publish","format-standard","has-post-thumbnail","hentry","category-international","tag-guerre"],"yoast_head":"<!-- This site is optimized with the Yoast SEO Premium plugin v27.5 (Yoast SEO v27.5) - https:\/\/yoast.com\/product\/yoast-seo-premium-wordpress\/ -->\n<title>R\u00e9partition de 40.000 demandeurs d&#039;asile et 20.000 r\u00e9fugi\u00e9s par la Commission europ\u00e9enne<\/title>\n<meta name=\"description\" content=\"R\u00e9partition de 40.000 demandeurs d&#039;asile et 20.000 r\u00e9fugi\u00e9s par la Commission europ\u00e9enne\" \/>\n<link rel=\"canonical\" href=\"https:\/\/www.webdo.tn\/fr\/actualite\/international\/repartition-de-40-000-demandeurs-dasile-et-20-000-refugies-par-la-commission-europeenne\/184125\/\" \/>\n<meta property=\"og:locale\" content=\"fr_FR\" \/>\n<meta property=\"og:type\" content=\"article\" \/>\n<meta property=\"og:title\" content=\"R\u00e9partition de 40.000 demandeurs d&#039;asile et 20.000 r\u00e9fugi\u00e9s par la Commission europ\u00e9enne\" \/>\n<meta property=\"og:description\" content=\"R\u00e9partition de 40.000 demandeurs d&#039;asile et 20.000 r\u00e9fugi\u00e9s par la Commission europ\u00e9enne\" \/>\n<meta property=\"og:url\" content=\"https:\/\/www.webdo.tn\/fr\/actualite\/international\/repartition-de-40-000-demandeurs-dasile-et-20-000-refugies-par-la-commission-europeenne\/184125\/\" \/>\n<meta property=\"og:site_name\" content=\"webdo\" \/>\n<meta property=\"article:publisher\" content=\"https:\/\/www.facebook.com\/webdotn\" \/>\n<meta property=\"article:published_time\" content=\"2015-05-27T15:55:00+00:00\" \/>\n<meta name=\"author\" content=\"webdo.tn\" \/>\n<meta name=\"twitter:card\" content=\"summary_large_image\" \/>\n<meta name=\"twitter:creator\" content=\"@webdo_tn\" \/>\n<meta name=\"twitter:site\" content=\"@webdo_tn\" \/>\n<meta name=\"twitter:label1\" content=\"\u00c9crit par\" \/>\n\t<meta name=\"twitter:data1\" content=\"webdo.tn\" \/>\n\t<meta name=\"twitter:label2\" content=\"Dur\u00e9e de lecture estim\u00e9e\" \/>\n\t<meta name=\"twitter:data2\" content=\"2 minutes\" \/>\n<script type=\"application\/ld+json\" class=\"yoast-schema-graph\">{\"@context\":\"https:\\\/\\\/schema.org\",\"@graph\":[{\"@type\":\"NewsArticle\",\"@id\":\"https:\\\/\\\/www.webdo.tn\\\/fr\\\/actualite\\\/international\\\/repartition-de-40-000-demandeurs-dasile-et-20-000-refugies-par-la-commission-europeenne\\\/184125\\\/#article\",\"isPartOf\":{\"@id\":\"https:\\\/\\\/www.webdo.tn\\\/fr\\\/actualite\\\/international\\\/repartition-de-40-000-demandeurs-dasile-et-20-000-refugies-par-la-commission-europeenne\\\/184125\\\/\"},\"author\":{\"name\":\"webdo.tn\",\"@id\":\"https:\\\/\\\/www.webdo.tn\\\/fr\\\/#\\\/schema\\\/person\\\/9a9c6118d687c117df8ef3cc36a4d175\"},\"headline\":\"R\u00e9partition de 40.000 demandeurs d&rsquo;asile et 20.000 r\u00e9fugi\u00e9s par la Commission europ\u00e9enne\",\"datePublished\":\"2015-05-27T15:55:00+00:00\",\"mainEntityOfPage\":{\"@id\":\"https:\\\/\\\/www.webdo.tn\\\/fr\\\/actualite\\\/international\\\/repartition-de-40-000-demandeurs-dasile-et-20-000-refugies-par-la-commission-europeenne\\\/184125\\\/\"},\"wordCount\":417,\"commentCount\":0,\"publisher\":{\"@id\":\"https:\\\/\\\/www.webdo.tn\\\/fr\\\/#organization\"},\"image\":{\"@id\":\"https:\\\/\\\/www.webdo.tn\\\/fr\\\/actualite\\\/international\\\/repartition-de-40-000-demandeurs-dasile-et-20-000-refugies-par-la-commission-europeenne\\\/184125\\\/#primaryimage\"},\"thumbnailUrl\":\"https:\\\/\\\/www.webdo.tn\\\/fr\\\/wp-content\\\/uploads\\\/2025\\\/06\\\/La-police-italienne-canalisant-des-immigres-tunisiens-\u2013-photo-archive-lefigaro.fr__184125.jpg\",\"keywords\":[\"guerre\"],\"articleSection\":[\"International\"],\"inLanguage\":\"fr-FR\"},{\"@type\":\"WebPage\",\"@id\":\"https:\\\/\\\/www.webdo.tn\\\/fr\\\/actualite\\\/international\\\/repartition-de-40-000-demandeurs-dasile-et-20-000-refugies-par-la-commission-europeenne\\\/184125\\\/\",\"url\":\"https:\\\/\\\/www.webdo.tn\\\/fr\\\/actualite\\\/international\\\/repartition-de-40-000-demandeurs-dasile-et-20-000-refugies-par-la-commission-europeenne\\\/184125\\\/\",\"name\":\"R\u00e9partition de 40.000 demandeurs d'asile et 20.000 r\u00e9fugi\u00e9s par la Commission europ\u00e9enne\",\"isPartOf\":{\"@id\":\"https:\\\/\\\/www.webdo.tn\\\/fr\\\/#website\"},\"primaryImageOfPage\":{\"@id\":\"https:\\\/\\\/www.webdo.tn\\\/fr\\\/actualite\\\/international\\\/repartition-de-40-000-demandeurs-dasile-et-20-000-refugies-par-la-commission-europeenne\\\/184125\\\/#primaryimage\"},\"image\":{\"@id\":\"https:\\\/\\\/www.webdo.tn\\\/fr\\\/actualite\\\/international\\\/repartition-de-40-000-demandeurs-dasile-et-20-000-refugies-par-la-commission-europeenne\\\/184125\\\/#primaryimage\"},\"thumbnailUrl\":\"https:\\\/\\\/www.webdo.tn\\\/fr\\\/wp-content\\\/uploads\\\/2025\\\/06\\\/La-police-italienne-canalisant-des-immigres-tunisiens-\u2013-photo-archive-lefigaro.fr__184125.jpg\",\"datePublished\":\"2015-05-27T15:55:00+00:00\",\"description\":\"R\u00e9partition de 40.000 demandeurs d'asile et 20.000 r\u00e9fugi\u00e9s par la Commission europ\u00e9enne\",\"breadcrumb\":{\"@id\":\"https:\\\/\\\/www.webdo.tn\\\/fr\\\/actualite\\\/international\\\/repartition-de-40-000-demandeurs-dasile-et-20-000-refugies-par-la-commission-europeenne\\\/184125\\\/#breadcrumb\"},\"inLanguage\":\"fr-FR\",\"potentialAction\":[{\"@type\":\"ReadAction\",\"target\":[\"https:\\\/\\\/www.webdo.tn\\\/fr\\\/actualite\\\/international\\\/repartition-de-40-000-demandeurs-dasile-et-20-000-refugies-par-la-commission-europeenne\\\/184125\\\/\"]}]},{\"@type\":\"ImageObject\",\"inLanguage\":\"fr-FR\",\"@id\":\"https:\\\/\\\/www.webdo.tn\\\/fr\\\/actualite\\\/international\\\/repartition-de-40-000-demandeurs-dasile-et-20-000-refugies-par-la-commission-europeenne\\\/184125\\\/#primaryimage\",\"url\":\"https:\\\/\\\/www.webdo.tn\\\/fr\\\/wp-content\\\/uploads\\\/2025\\\/06\\\/La-police-italienne-canalisant-des-immigres-tunisiens-\u2013-photo-archive-lefigaro.fr__184125.jpg\",\"contentUrl\":\"https:\\\/\\\/www.webdo.tn\\\/fr\\\/wp-content\\\/uploads\\\/2025\\\/06\\\/La-police-italienne-canalisant-des-immigres-tunisiens-\u2013-photo-archive-lefigaro.fr__184125.jpg\",\"width\":255,\"height\":163,\"caption\":\"R\u00e9partition de 40.000 demandeurs d'asile et 20.000 r\u00e9fugi\u00e9s par la Commission europ\u00e9enne\"},{\"@type\":\"BreadcrumbList\",\"@id\":\"https:\\\/\\\/www.webdo.tn\\\/fr\\\/actualite\\\/international\\\/repartition-de-40-000-demandeurs-dasile-et-20-000-refugies-par-la-commission-europeenne\\\/184125\\\/#breadcrumb\",\"itemListElement\":[{\"@type\":\"ListItem\",\"position\":1,\"name\":\"Accueil\",\"item\":\"https:\\\/\\\/www.webdo.tn\\\/fr\\\/\"},{\"@type\":\"ListItem\",\"position\":2,\"name\":\"R\u00e9partition de 40.000 demandeurs d&rsquo;asile et 20.000 r\u00e9fugi\u00e9s par la Commission europ\u00e9enne\"}]},{\"@type\":\"WebSite\",\"@id\":\"https:\\\/\\\/www.webdo.tn\\\/fr\\\/#website\",\"url\":\"https:\\\/\\\/www.webdo.tn\\\/fr\\\/\",\"name\":\"webdo\",\"description\":\"Tunisie - News en Tunisie et \u00e0 l&#039;international sur Webdo.tn\",\"publisher\":{\"@id\":\"https:\\\/\\\/www.webdo.tn\\\/fr\\\/#organization\"},\"potentialAction\":[{\"@type\":\"SearchAction\",\"target\":{\"@type\":\"EntryPoint\",\"urlTemplate\":\"https:\\\/\\\/www.webdo.tn\\\/fr\\\/?s={search_term_string}\"},\"query-input\":{\"@type\":\"PropertyValueSpecification\",\"valueRequired\":true,\"valueName\":\"search_term_string\"}}],\"inLanguage\":\"fr-FR\"},{\"@type\":\"Organization\",\"@id\":\"https:\\\/\\\/www.webdo.tn\\\/fr\\\/#organization\",\"name\":\"Webdo\",\"alternateName\":\"Webdo.tn\",\"url\":\"https:\\\/\\\/www.webdo.tn\\\/fr\\\/\",\"logo\":{\"@type\":\"ImageObject\",\"inLanguage\":\"fr-FR\",\"@id\":\"https:\\\/\\\/www.webdo.tn\\\/fr\\\/#\\\/schema\\\/logo\\\/image\\\/\",\"url\":\"https:\\\/\\\/www.webdo.tn\\\/fr\\\/wp-content\\\/uploads\\\/2025\\\/06\\\/Webdo-Tunisie_168377.jpg\",\"contentUrl\":\"https:\\\/\\\/www.webdo.tn\\\/fr\\\/wp-content\\\/uploads\\\/2025\\\/06\\\/Webdo-Tunisie_168377.jpg\",\"width\":301,\"height\":301,\"caption\":\"Webdo\"},\"image\":{\"@id\":\"https:\\\/\\\/www.webdo.tn\\\/fr\\\/#\\\/schema\\\/logo\\\/image\\\/\"},\"sameAs\":[\"https:\\\/\\\/www.facebook.com\\\/webdotn\",\"https:\\\/\\\/x.com\\\/webdo_tn\"],\"description\":\"Webdo est un m\u00e9dia num\u00e9rique tunisien fond\u00e9 en 2010, sp\u00e9cialis\u00e9 dans l\u2019actualit\u00e9 nationale et internationale, l\u2019\u00e9conomie, la soci\u00e9t\u00e9 et les analyses politiques. Le site s\u2019adresse \u00e0 un large public francophone et couvre l\u2019information tunisienne en temps r\u00e9el.\",\"email\":\"redac@webdo.tn\",\"legalName\":\"YNJ SARL\",\"foundingDate\":\"2010-09-06\",\"numberOfEmployees\":{\"@type\":\"QuantitativeValue\",\"minValue\":\"11\",\"maxValue\":\"50\"}},{\"@type\":\"Person\",\"@id\":\"https:\\\/\\\/www.webdo.tn\\\/fr\\\/#\\\/schema\\\/person\\\/9a9c6118d687c117df8ef3cc36a4d175\",\"name\":\"webdo.tn\",\"image\":{\"@type\":\"ImageObject\",\"inLanguage\":\"fr-FR\",\"@id\":\"https:\\\/\\\/secure.gravatar.com\\\/avatar\\\/7ce1f28c0c3bbac99ff550b85ef8e44a6950c6ee24514fb6a5489e51d06f0298?s=96&d=mm&r=g\",\"url\":\"https:\\\/\\\/secure.gravatar.com\\\/avatar\\\/7ce1f28c0c3bbac99ff550b85ef8e44a6950c6ee24514fb6a5489e51d06f0298?s=96&d=mm&r=g\",\"contentUrl\":\"https:\\\/\\\/secure.gravatar.com\\\/avatar\\\/7ce1f28c0c3bbac99ff550b85ef8e44a6950c6ee24514fb6a5489e51d06f0298?s=96&d=mm&r=g\",\"caption\":\"webdo.tn\"},\"url\":\"https:\\\/\\\/www.webdo.tn\\\/fr\\\/actualite\\\/author\\\/webdotn\\\/\"}]}<\/script>\n<!-- \/ Yoast SEO Premium plugin. -->","yoast_head_json":{"title":"R\u00e9partition de 40.000 demandeurs d'asile et 20.000 r\u00e9fugi\u00e9s par la Commission europ\u00e9enne","description":"R\u00e9partition de 40.000 demandeurs d'asile et 20.000 r\u00e9fugi\u00e9s par la Commission europ\u00e9enne","canonical":"https:\/\/www.webdo.tn\/fr\/actualite\/international\/repartition-de-40-000-demandeurs-dasile-et-20-000-refugies-par-la-commission-europeenne\/184125\/","og_locale":"fr_FR","og_type":"article","og_title":"R\u00e9partition de 40.000 demandeurs d'asile et 20.000 r\u00e9fugi\u00e9s par la Commission europ\u00e9enne","og_description":"R\u00e9partition de 40.000 demandeurs d'asile et 20.000 r\u00e9fugi\u00e9s par la Commission europ\u00e9enne","og_url":"https:\/\/www.webdo.tn\/fr\/actualite\/international\/repartition-de-40-000-demandeurs-dasile-et-20-000-refugies-par-la-commission-europeenne\/184125\/","og_site_name":"webdo","article_publisher":"https:\/\/www.facebook.com\/webdotn","article_published_time":"2015-05-27T15:55:00+00:00","author":"webdo.tn","twitter_card":"summary_large_image","twitter_creator":"@webdo_tn","twitter_site":"@webdo_tn","twitter_misc":{"\u00c9crit par":"webdo.tn","Dur\u00e9e de lecture estim\u00e9e":"2 minutes"},"schema":{"@context":"https:\/\/schema.org","@graph":[{"@type":"NewsArticle","@id":"https:\/\/www.webdo.tn\/fr\/actualite\/international\/repartition-de-40-000-demandeurs-dasile-et-20-000-refugies-par-la-commission-europeenne\/184125\/#article","isPartOf":{"@id":"https:\/\/www.webdo.tn\/fr\/actualite\/international\/repartition-de-40-000-demandeurs-dasile-et-20-000-refugies-par-la-commission-europeenne\/184125\/"},"author":{"name":"webdo.tn","@id":"https:\/\/www.webdo.tn\/fr\/#\/schema\/person\/9a9c6118d687c117df8ef3cc36a4d175"},"headline":"R\u00e9partition de 40.000 demandeurs d&rsquo;asile et 20.000 r\u00e9fugi\u00e9s par la Commission europ\u00e9enne","datePublished":"2015-05-27T15:55:00+00:00","mainEntityOfPage":{"@id":"https:\/\/www.webdo.tn\/fr\/actualite\/international\/repartition-de-40-000-demandeurs-dasile-et-20-000-refugies-par-la-commission-europeenne\/184125\/"},"wordCount":417,"commentCount":0,"publisher":{"@id":"https:\/\/www.webdo.tn\/fr\/#organization"},"image":{"@id":"https:\/\/www.webdo.tn\/fr\/actualite\/international\/repartition-de-40-000-demandeurs-dasile-et-20-000-refugies-par-la-commission-europeenne\/184125\/#primaryimage"},"thumbnailUrl":"https:\/\/www.webdo.tn\/fr\/wp-content\/uploads\/2025\/06\/La-police-italienne-canalisant-des-immigres-tunisiens-\u2013-photo-archive-lefigaro.fr__184125.jpg","keywords":["guerre"],"articleSection":["International"],"inLanguage":"fr-FR"},{"@type":"WebPage","@id":"https:\/\/www.webdo.tn\/fr\/actualite\/international\/repartition-de-40-000-demandeurs-dasile-et-20-000-refugies-par-la-commission-europeenne\/184125\/","url":"https:\/\/www.webdo.tn\/fr\/actualite\/international\/repartition-de-40-000-demandeurs-dasile-et-20-000-refugies-par-la-commission-europeenne\/184125\/","name":"R\u00e9partition de 40.000 demandeurs d'asile et 20.000 r\u00e9fugi\u00e9s par la Commission europ\u00e9enne","isPartOf":{"@id":"https:\/\/www.webdo.tn\/fr\/#website"},"primaryImageOfPage":{"@id":"https:\/\/www.webdo.tn\/fr\/actualite\/international\/repartition-de-40-000-demandeurs-dasile-et-20-000-refugies-par-la-commission-europeenne\/184125\/#primaryimage"},"image":{"@id":"https:\/\/www.webdo.tn\/fr\/actualite\/international\/repartition-de-40-000-demandeurs-dasile-et-20-000-refugies-par-la-commission-europeenne\/184125\/#primaryimage"},"thumbnailUrl":"https:\/\/www.webdo.tn\/fr\/wp-content\/uploads\/2025\/06\/La-police-italienne-canalisant-des-immigres-tunisiens-\u2013-photo-archive-lefigaro.fr__184125.jpg","datePublished":"2015-05-27T15:55:00+00:00","description":"R\u00e9partition de 40.000 demandeurs d'asile et 20.000 r\u00e9fugi\u00e9s par la Commission europ\u00e9enne","breadcrumb":{"@id":"https:\/\/www.webdo.tn\/fr\/actualite\/international\/repartition-de-40-000-demandeurs-dasile-et-20-000-refugies-par-la-commission-europeenne\/184125\/#breadcrumb"},"inLanguage":"fr-FR","potentialAction":[{"@type":"ReadAction","target":["https:\/\/www.webdo.tn\/fr\/actualite\/international\/repartition-de-40-000-demandeurs-dasile-et-20-000-refugies-par-la-commission-europeenne\/184125\/"]}]},{"@type":"ImageObject","inLanguage":"fr-FR","@id":"https:\/\/www.webdo.tn\/fr\/actualite\/international\/repartition-de-40-000-demandeurs-dasile-et-20-000-refugies-par-la-commission-europeenne\/184125\/#primaryimage","url":"https:\/\/www.webdo.tn\/fr\/wp-content\/uploads\/2025\/06\/La-police-italienne-canalisant-des-immigres-tunisiens-\u2013-photo-archive-lefigaro.fr__184125.jpg","contentUrl":"https:\/\/www.webdo.tn\/fr\/wp-content\/uploads\/2025\/06\/La-police-italienne-canalisant-des-immigres-tunisiens-\u2013-photo-archive-lefigaro.fr__184125.jpg","width":255,"height":163,"caption":"R\u00e9partition de 40.000 demandeurs d'asile et 20.000 r\u00e9fugi\u00e9s par la Commission europ\u00e9enne"},{"@type":"BreadcrumbList","@id":"https:\/\/www.webdo.tn\/fr\/actualite\/international\/repartition-de-40-000-demandeurs-dasile-et-20-000-refugies-par-la-commission-europeenne\/184125\/#breadcrumb","itemListElement":[{"@type":"ListItem","position":1,"name":"Accueil","item":"https:\/\/www.webdo.tn\/fr\/"},{"@type":"ListItem","position":2,"name":"R\u00e9partition de 40.000 demandeurs d&rsquo;asile et 20.000 r\u00e9fugi\u00e9s par la Commission europ\u00e9enne"}]},{"@type":"WebSite","@id":"https:\/\/www.webdo.tn\/fr\/#website","url":"https:\/\/www.webdo.tn\/fr\/","name":"webdo","description":"Tunisie - News en Tunisie et \u00e0 l&#039;international sur Webdo.tn","publisher":{"@id":"https:\/\/www.webdo.tn\/fr\/#organization"},"potentialAction":[{"@type":"SearchAction","target":{"@type":"EntryPoint","urlTemplate":"https:\/\/www.webdo.tn\/fr\/?s={search_term_string}"},"query-input":{"@type":"PropertyValueSpecification","valueRequired":true,"valueName":"search_term_string"}}],"inLanguage":"fr-FR"},{"@type":"Organization","@id":"https:\/\/www.webdo.tn\/fr\/#organization","name":"Webdo","alternateName":"Webdo.tn","url":"https:\/\/www.webdo.tn\/fr\/","logo":{"@type":"ImageObject","inLanguage":"fr-FR","@id":"https:\/\/www.webdo.tn\/fr\/#\/schema\/logo\/image\/","url":"https:\/\/www.webdo.tn\/fr\/wp-content\/uploads\/2025\/06\/Webdo-Tunisie_168377.jpg","contentUrl":"https:\/\/www.webdo.tn\/fr\/wp-content\/uploads\/2025\/06\/Webdo-Tunisie_168377.jpg","width":301,"height":301,"caption":"Webdo"},"image":{"@id":"https:\/\/www.webdo.tn\/fr\/#\/schema\/logo\/image\/"},"sameAs":["https:\/\/www.facebook.com\/webdotn","https:\/\/x.com\/webdo_tn"],"description":"Webdo est un m\u00e9dia num\u00e9rique tunisien fond\u00e9 en 2010, sp\u00e9cialis\u00e9 dans l\u2019actualit\u00e9 nationale et internationale, l\u2019\u00e9conomie, la soci\u00e9t\u00e9 et les analyses politiques. Le site s\u2019adresse \u00e0 un large public francophone et couvre l\u2019information tunisienne en temps r\u00e9el.","email":"redac@webdo.tn","legalName":"YNJ SARL","foundingDate":"2010-09-06","numberOfEmployees":{"@type":"QuantitativeValue","minValue":"11","maxValue":"50"}},{"@type":"Person","@id":"https:\/\/www.webdo.tn\/fr\/#\/schema\/person\/9a9c6118d687c117df8ef3cc36a4d175","name":"webdo.tn","image":{"@type":"ImageObject","inLanguage":"fr-FR","@id":"https:\/\/secure.gravatar.com\/avatar\/7ce1f28c0c3bbac99ff550b85ef8e44a6950c6ee24514fb6a5489e51d06f0298?s=96&d=mm&r=g","url":"https:\/\/secure.gravatar.com\/avatar\/7ce1f28c0c3bbac99ff550b85ef8e44a6950c6ee24514fb6a5489e51d06f0298?s=96&d=mm&r=g","contentUrl":"https:\/\/secure.gravatar.com\/avatar\/7ce1f28c0c3bbac99ff550b85ef8e44a6950c6ee24514fb6a5489e51d06f0298?s=96&d=mm&r=g","caption":"webdo.tn"},"url":"https:\/\/www.webdo.tn\/fr\/actualite\/author\/webdotn\/"}]}},"_links":{"self":[{"href":"https:\/\/www.webdo.tn\/fr\/wp-json\/wp\/v2\/posts\/184125","targetHints":{"allow":["GET"]}}],"collection":[{"href":"https:\/\/www.webdo.tn\/fr\/wp-json\/wp\/v2\/posts"}],"about":[{"href":"https:\/\/www.webdo.tn\/fr\/wp-json\/wp\/v2\/types\/post"}],"author":[{"embeddable":true,"href":"https:\/\/www.webdo.tn\/fr\/wp-json\/wp\/v2\/users\/3222"}],"replies":[{"embeddable":true,"href":"https:\/\/www.webdo.tn\/fr\/wp-json\/wp\/v2\/comments?post=184125"}],"version-history":[{"count":0,"href":"https:\/\/www.webdo.tn\/fr\/wp-json\/wp\/v2\/posts\/184125\/revisions"}],"wp:featuredmedia":[{"embeddable":true,"href":"https:\/\/www.webdo.tn\/fr\/wp-json\/wp\/v2\/media\/372987"}],"wp:attachment":[{"href":"https:\/\/www.webdo.tn\/fr\/wp-json\/wp\/v2\/media?parent=184125"}],"wp:term":[{"taxonomy":"category","embeddable":true,"href":"https:\/\/www.webdo.tn\/fr\/wp-json\/wp\/v2\/categories?post=184125"},{"taxonomy":"post_tag","embeddable":true,"href":"https:\/\/www.webdo.tn\/fr\/wp-json\/wp\/v2\/tags?post=184125"}],"curies":[{"name":"wp","href":"https:\/\/api.w.org\/{rel}","templated":true}]}}