{"id":184124,"date":"2015-05-28T12:43:00","date_gmt":"2015-05-28T12:43:00","guid":{"rendered":"https:\/\/www.webdo.tn\/fr\/blog\/forbes-deux-arabes-dans-le-top-100-des-femmes-les-plus-puissantes-au-monde\/184124\/"},"modified":"2025-05-19T10:15:29","modified_gmt":"2025-05-19T10:15:29","slug":"forbes-deux-arabes-dans-le-top-100-des-femmes-les-plus-puissantes-au-monde","status":"publish","type":"post","link":"https:\/\/www.webdo.tn\/fr\/actualite\/international\/forbes-deux-arabes-dans-le-top-100-des-femmes-les-plus-puissantes-au-monde\/184124\/","title":{"rendered":"Forbes : Deux Arabes dans le Top 100 des femmes les plus puissantes au monde"},"content":{"rendered":"<p>Le magazine \u00e9conomique am\u00e9ricain Forbes vient de publier ce jeudi 28 mai le Top 100 des femmes les plus puissantes au monde. Sans surprise, c&rsquo;est la chanceli\u00e8re allemande Angela Merkel, 60 ans, qui domine pour la 5\u00e8me ann\u00e9e cons\u00e9cutive ce classement.<\/p>\n<p>Deux femmes arabes figurent dans ce Top 100 \u00e0 savoir\u00a0Sheikha Lubna Al Qasimi, ministre du D\u00e9veloppement et de la coop\u00e9ration internationale aux Emirats Arabes Unies (42\u00e8me) et\u00a0Raja Easa Al Gurg, pr\u00e9sidente du groupe Emirati Easa Saleh Al Gurg (97\u00e8me).<\/p>\n<p>Ce classement se base sur l&rsquo;argent, la pr\u00e9sence dans les m\u00e9dias, l&rsquo;influence et l&rsquo;impact de ces femmes.<br \/>\nAngela Merkel femme la plus puissante au monde pour la 5\u00e8me ann\u00e9e cons\u00e9cutive<br \/>\nAngela Merkel devance dans ce classement l&rsquo;am\u00e9ricaine Hillary Clinton, candidate aux \u00e9lections pr\u00e9sidentielles US en 2016.<\/p>\n<p>Un Top 10 dans lequel figurent \u00e9galement la pr\u00e9sidente du FMI, la fran\u00e7aise Christine Lagarde (6\u00e8me), la pr\u00e9sidente du Br\u00e9sil Dilma Rousseff (7\u00e8me) et la premi\u00e8re dame des Etats-Unis Michelle Obama (10\u00e8me).<\/p>\n<p>Des femmes politiques, des chefs d&rsquo;entreprises, des pr\u00e9sentatrices TV et m\u00eame des chanteuses figurent \u00e9galement dans ce Top 100 diversifi\u00e9 dont\u00a0la c\u00e9l\u00e8bre pr\u00e9sentatrice t\u00e9l\u00e9 am\u00e9ricaine Oprah Winfrey, \u00e0 la 12\u00e8me place devant la chanteuse Beyonce, 21\u00e8me et la haute repr\u00e9sentante de l&rsquo;Union Europ\u00e9enne pour les affaires \u00e9trang\u00e8res, l&rsquo;italienne Federica Mogherini qui figure \u00e0 la 36\u00e8me place.<\/p>\n","protected":false},"excerpt":{"rendered":"<p>Forbes : Deux Arabes dans le Top 100 des femmes les plus puissantes au monde<\/p>\n","protected":false},"author":3222,"featured_media":330041,"comment_status":"open","ping_status":"closed","sticky":false,"template":"","format":"standard","meta":{"footnotes":""},"categories":[2598],"tags":[2600],"class_list":["post-184124","post","type-post","status-publish","format-standard","has-post-thumbnail","hentry","category-international","tag-guerre"],"yoast_head":"<!-- This site is optimized with the Yoast SEO Premium plugin v27.5 (Yoast SEO v27.5) - https:\/\/yoast.com\/product\/yoast-seo-premium-wordpress\/ -->\n<title>Forbes : Deux Arabes dans le Top 100 des femmes les plus puissantes au monde<\/title>\n<meta name=\"description\" content=\"Forbes : Deux Arabes dans le Top 100 des femmes les plus puissantes au monde\" \/>\n<link rel=\"canonical\" href=\"https:\/\/www.webdo.tn\/fr\/actualite\/international\/forbes-deux-arabes-dans-le-top-100-des-femmes-les-plus-puissantes-au-monde\/184124\/\" \/>\n<meta property=\"og:locale\" content=\"fr_FR\" \/>\n<meta property=\"og:type\" content=\"article\" \/>\n<meta property=\"og:title\" content=\"Forbes : Deux Arabes dans le Top 100 des femmes les plus puissantes au monde\" \/>\n<meta property=\"og:description\" content=\"Forbes : Deux Arabes dans le Top 100 des femmes les plus puissantes au monde\" \/>\n<meta property=\"og:url\" content=\"https:\/\/www.webdo.tn\/fr\/actualite\/international\/forbes-deux-arabes-dans-le-top-100-des-femmes-les-plus-puissantes-au-monde\/184124\/\" \/>\n<meta property=\"og:site_name\" content=\"webdo\" \/>\n<meta property=\"article:publisher\" content=\"https:\/\/www.facebook.com\/webdotn\" \/>\n<meta property=\"article:published_time\" content=\"2015-05-28T12:43:00+00:00\" \/>\n<meta property=\"article:modified_time\" content=\"2025-05-19T10:15:29+00:00\" \/>\n<meta property=\"og:image\" content=\"https:\/\/www.webdo.tn\/fr\/wp-content\/uploads\/2015\/05\/Sheikha-Lubna-Al-Qasimi-e1432812475721.png\" \/>\n\t<meta property=\"og:image:width\" content=\"600\" \/>\n\t<meta property=\"og:image:height\" content=\"153\" \/>\n\t<meta property=\"og:image:type\" content=\"image\/png\" \/>\n<meta name=\"author\" content=\"webdo.tn\" \/>\n<meta name=\"twitter:card\" content=\"summary_large_image\" \/>\n<meta name=\"twitter:creator\" content=\"@webdo_tn\" \/>\n<meta name=\"twitter:site\" content=\"@webdo_tn\" \/>\n<meta name=\"twitter:label1\" content=\"\u00c9crit par\" \/>\n\t<meta name=\"twitter:data1\" content=\"webdo.tn\" \/>\n\t<meta name=\"twitter:label2\" content=\"Dur\u00e9e de lecture estim\u00e9e\" \/>\n\t<meta name=\"twitter:data2\" content=\"1 minute\" \/>\n<script type=\"application\/ld+json\" class=\"yoast-schema-graph\">{\"@context\":\"https:\\\/\\\/schema.org\",\"@graph\":[{\"@type\":\"NewsArticle\",\"@id\":\"https:\\\/\\\/www.webdo.tn\\\/fr\\\/actualite\\\/international\\\/forbes-deux-arabes-dans-le-top-100-des-femmes-les-plus-puissantes-au-monde\\\/184124\\\/#article\",\"isPartOf\":{\"@id\":\"https:\\\/\\\/www.webdo.tn\\\/fr\\\/actualite\\\/international\\\/forbes-deux-arabes-dans-le-top-100-des-femmes-les-plus-puissantes-au-monde\\\/184124\\\/\"},\"author\":{\"name\":\"webdo.tn\",\"@id\":\"https:\\\/\\\/www.webdo.tn\\\/fr\\\/#\\\/schema\\\/person\\\/9a9c6118d687c117df8ef3cc36a4d175\"},\"headline\":\"Forbes : Deux Arabes dans le Top 100 des femmes les plus puissantes au monde\",\"datePublished\":\"2015-05-28T12:43:00+00:00\",\"dateModified\":\"2025-05-19T10:15:29+00:00\",\"mainEntityOfPage\":{\"@id\":\"https:\\\/\\\/www.webdo.tn\\\/fr\\\/actualite\\\/international\\\/forbes-deux-arabes-dans-le-top-100-des-femmes-les-plus-puissantes-au-monde\\\/184124\\\/\"},\"wordCount\":256,\"commentCount\":0,\"publisher\":{\"@id\":\"https:\\\/\\\/www.webdo.tn\\\/fr\\\/#organization\"},\"image\":{\"@id\":\"https:\\\/\\\/www.webdo.tn\\\/fr\\\/actualite\\\/international\\\/forbes-deux-arabes-dans-le-top-100-des-femmes-les-plus-puissantes-au-monde\\\/184124\\\/#primaryimage\"},\"thumbnailUrl\":\"https:\\\/\\\/www.webdo.tn\\\/fr\\\/wp-content\\\/uploads\\\/2015\\\/05\\\/Sheikha-Lubna-Al-Qasimi-e1432812475721.png\",\"keywords\":[\"guerre\"],\"articleSection\":[\"International\"],\"inLanguage\":\"fr-FR\"},{\"@type\":\"WebPage\",\"@id\":\"https:\\\/\\\/www.webdo.tn\\\/fr\\\/actualite\\\/international\\\/forbes-deux-arabes-dans-le-top-100-des-femmes-les-plus-puissantes-au-monde\\\/184124\\\/\",\"url\":\"https:\\\/\\\/www.webdo.tn\\\/fr\\\/actualite\\\/international\\\/forbes-deux-arabes-dans-le-top-100-des-femmes-les-plus-puissantes-au-monde\\\/184124\\\/\",\"name\":\"Forbes : Deux Arabes dans le Top 100 des femmes les plus puissantes au monde\",\"isPartOf\":{\"@id\":\"https:\\\/\\\/www.webdo.tn\\\/fr\\\/#website\"},\"primaryImageOfPage\":{\"@id\":\"https:\\\/\\\/www.webdo.tn\\\/fr\\\/actualite\\\/international\\\/forbes-deux-arabes-dans-le-top-100-des-femmes-les-plus-puissantes-au-monde\\\/184124\\\/#primaryimage\"},\"image\":{\"@id\":\"https:\\\/\\\/www.webdo.tn\\\/fr\\\/actualite\\\/international\\\/forbes-deux-arabes-dans-le-top-100-des-femmes-les-plus-puissantes-au-monde\\\/184124\\\/#primaryimage\"},\"thumbnailUrl\":\"https:\\\/\\\/www.webdo.tn\\\/fr\\\/wp-content\\\/uploads\\\/2015\\\/05\\\/Sheikha-Lubna-Al-Qasimi-e1432812475721.png\",\"datePublished\":\"2015-05-28T12:43:00+00:00\",\"dateModified\":\"2025-05-19T10:15:29+00:00\",\"description\":\"Forbes : Deux Arabes dans le Top 100 des femmes les plus puissantes au monde\",\"breadcrumb\":{\"@id\":\"https:\\\/\\\/www.webdo.tn\\\/fr\\\/actualite\\\/international\\\/forbes-deux-arabes-dans-le-top-100-des-femmes-les-plus-puissantes-au-monde\\\/184124\\\/#breadcrumb\"},\"inLanguage\":\"fr-FR\",\"potentialAction\":[{\"@type\":\"ReadAction\",\"target\":[\"https:\\\/\\\/www.webdo.tn\\\/fr\\\/actualite\\\/international\\\/forbes-deux-arabes-dans-le-top-100-des-femmes-les-plus-puissantes-au-monde\\\/184124\\\/\"]}]},{\"@type\":\"ImageObject\",\"inLanguage\":\"fr-FR\",\"@id\":\"https:\\\/\\\/www.webdo.tn\\\/fr\\\/actualite\\\/international\\\/forbes-deux-arabes-dans-le-top-100-des-femmes-les-plus-puissantes-au-monde\\\/184124\\\/#primaryimage\",\"url\":\"https:\\\/\\\/www.webdo.tn\\\/fr\\\/wp-content\\\/uploads\\\/2015\\\/05\\\/Sheikha-Lubna-Al-Qasimi-e1432812475721.png\",\"contentUrl\":\"https:\\\/\\\/www.webdo.tn\\\/fr\\\/wp-content\\\/uploads\\\/2015\\\/05\\\/Sheikha-Lubna-Al-Qasimi-e1432812475721.png\",\"width\":600,\"height\":153,\"caption\":\"Forbes : Deux Arabes dans le Top 100 des femmes les plus puissantes au monde\"},{\"@type\":\"BreadcrumbList\",\"@id\":\"https:\\\/\\\/www.webdo.tn\\\/fr\\\/actualite\\\/international\\\/forbes-deux-arabes-dans-le-top-100-des-femmes-les-plus-puissantes-au-monde\\\/184124\\\/#breadcrumb\",\"itemListElement\":[{\"@type\":\"ListItem\",\"position\":1,\"name\":\"Accueil\",\"item\":\"https:\\\/\\\/www.webdo.tn\\\/fr\\\/\"},{\"@type\":\"ListItem\",\"position\":2,\"name\":\"Forbes : Deux Arabes dans le Top 100 des femmes les plus puissantes au monde\"}]},{\"@type\":\"WebSite\",\"@id\":\"https:\\\/\\\/www.webdo.tn\\\/fr\\\/#website\",\"url\":\"https:\\\/\\\/www.webdo.tn\\\/fr\\\/\",\"name\":\"webdo\",\"description\":\"Tunisie - News en Tunisie et \u00e0 l&#039;international sur Webdo.tn\",\"publisher\":{\"@id\":\"https:\\\/\\\/www.webdo.tn\\\/fr\\\/#organization\"},\"potentialAction\":[{\"@type\":\"SearchAction\",\"target\":{\"@type\":\"EntryPoint\",\"urlTemplate\":\"https:\\\/\\\/www.webdo.tn\\\/fr\\\/?s={search_term_string}\"},\"query-input\":{\"@type\":\"PropertyValueSpecification\",\"valueRequired\":true,\"valueName\":\"search_term_string\"}}],\"inLanguage\":\"fr-FR\"},{\"@type\":\"Organization\",\"@id\":\"https:\\\/\\\/www.webdo.tn\\\/fr\\\/#organization\",\"name\":\"Webdo\",\"alternateName\":\"Webdo.tn\",\"url\":\"https:\\\/\\\/www.webdo.tn\\\/fr\\\/\",\"logo\":{\"@type\":\"ImageObject\",\"inLanguage\":\"fr-FR\",\"@id\":\"https:\\\/\\\/www.webdo.tn\\\/fr\\\/#\\\/schema\\\/logo\\\/image\\\/\",\"url\":\"https:\\\/\\\/www.webdo.tn\\\/fr\\\/wp-content\\\/uploads\\\/2025\\\/06\\\/Webdo-Tunisie_168377.jpg\",\"contentUrl\":\"https:\\\/\\\/www.webdo.tn\\\/fr\\\/wp-content\\\/uploads\\\/2025\\\/06\\\/Webdo-Tunisie_168377.jpg\",\"width\":301,\"height\":301,\"caption\":\"Webdo\"},\"image\":{\"@id\":\"https:\\\/\\\/www.webdo.tn\\\/fr\\\/#\\\/schema\\\/logo\\\/image\\\/\"},\"sameAs\":[\"https:\\\/\\\/www.facebook.com\\\/webdotn\",\"https:\\\/\\\/x.com\\\/webdo_tn\"],\"description\":\"Webdo est un m\u00e9dia num\u00e9rique tunisien fond\u00e9 en 2010, sp\u00e9cialis\u00e9 dans l\u2019actualit\u00e9 nationale et internationale, l\u2019\u00e9conomie, la soci\u00e9t\u00e9 et les analyses politiques. Le site s\u2019adresse \u00e0 un large public francophone et couvre l\u2019information tunisienne en temps r\u00e9el.\",\"email\":\"redac@webdo.tn\",\"legalName\":\"YNJ SARL\",\"foundingDate\":\"2010-09-06\",\"numberOfEmployees\":{\"@type\":\"QuantitativeValue\",\"minValue\":\"11\",\"maxValue\":\"50\"}},{\"@type\":\"Person\",\"@id\":\"https:\\\/\\\/www.webdo.tn\\\/fr\\\/#\\\/schema\\\/person\\\/9a9c6118d687c117df8ef3cc36a4d175\",\"name\":\"webdo.tn\",\"image\":{\"@type\":\"ImageObject\",\"inLanguage\":\"fr-FR\",\"@id\":\"https:\\\/\\\/secure.gravatar.com\\\/avatar\\\/7ce1f28c0c3bbac99ff550b85ef8e44a6950c6ee24514fb6a5489e51d06f0298?s=96&d=mm&r=g\",\"url\":\"https:\\\/\\\/secure.gravatar.com\\\/avatar\\\/7ce1f28c0c3bbac99ff550b85ef8e44a6950c6ee24514fb6a5489e51d06f0298?s=96&d=mm&r=g\",\"contentUrl\":\"https:\\\/\\\/secure.gravatar.com\\\/avatar\\\/7ce1f28c0c3bbac99ff550b85ef8e44a6950c6ee24514fb6a5489e51d06f0298?s=96&d=mm&r=g\",\"caption\":\"webdo.tn\"},\"url\":\"https:\\\/\\\/www.webdo.tn\\\/fr\\\/actualite\\\/author\\\/webdotn\\\/\"}]}<\/script>\n<!-- \/ Yoast SEO Premium plugin. -->","yoast_head_json":{"title":"Forbes : Deux Arabes dans le Top 100 des femmes les plus puissantes au monde","description":"Forbes : Deux Arabes dans le Top 100 des femmes les plus puissantes au monde","canonical":"https:\/\/www.webdo.tn\/fr\/actualite\/international\/forbes-deux-arabes-dans-le-top-100-des-femmes-les-plus-puissantes-au-monde\/184124\/","og_locale":"fr_FR","og_type":"article","og_title":"Forbes : Deux Arabes dans le Top 100 des femmes les plus puissantes au monde","og_description":"Forbes : Deux Arabes dans le Top 100 des femmes les plus puissantes au monde","og_url":"https:\/\/www.webdo.tn\/fr\/actualite\/international\/forbes-deux-arabes-dans-le-top-100-des-femmes-les-plus-puissantes-au-monde\/184124\/","og_site_name":"webdo","article_publisher":"https:\/\/www.facebook.com\/webdotn","article_published_time":"2015-05-28T12:43:00+00:00","article_modified_time":"2025-05-19T10:15:29+00:00","og_image":[{"width":600,"height":153,"url":"https:\/\/www.webdo.tn\/fr\/wp-content\/uploads\/2015\/05\/Sheikha-Lubna-Al-Qasimi-e1432812475721.png","type":"image\/png"}],"author":"webdo.tn","twitter_card":"summary_large_image","twitter_creator":"@webdo_tn","twitter_site":"@webdo_tn","twitter_misc":{"\u00c9crit par":"webdo.tn","Dur\u00e9e de lecture estim\u00e9e":"1 minute"},"schema":{"@context":"https:\/\/schema.org","@graph":[{"@type":"NewsArticle","@id":"https:\/\/www.webdo.tn\/fr\/actualite\/international\/forbes-deux-arabes-dans-le-top-100-des-femmes-les-plus-puissantes-au-monde\/184124\/#article","isPartOf":{"@id":"https:\/\/www.webdo.tn\/fr\/actualite\/international\/forbes-deux-arabes-dans-le-top-100-des-femmes-les-plus-puissantes-au-monde\/184124\/"},"author":{"name":"webdo.tn","@id":"https:\/\/www.webdo.tn\/fr\/#\/schema\/person\/9a9c6118d687c117df8ef3cc36a4d175"},"headline":"Forbes : Deux Arabes dans le Top 100 des femmes les plus puissantes au monde","datePublished":"2015-05-28T12:43:00+00:00","dateModified":"2025-05-19T10:15:29+00:00","mainEntityOfPage":{"@id":"https:\/\/www.webdo.tn\/fr\/actualite\/international\/forbes-deux-arabes-dans-le-top-100-des-femmes-les-plus-puissantes-au-monde\/184124\/"},"wordCount":256,"commentCount":0,"publisher":{"@id":"https:\/\/www.webdo.tn\/fr\/#organization"},"image":{"@id":"https:\/\/www.webdo.tn\/fr\/actualite\/international\/forbes-deux-arabes-dans-le-top-100-des-femmes-les-plus-puissantes-au-monde\/184124\/#primaryimage"},"thumbnailUrl":"https:\/\/www.webdo.tn\/fr\/wp-content\/uploads\/2015\/05\/Sheikha-Lubna-Al-Qasimi-e1432812475721.png","keywords":["guerre"],"articleSection":["International"],"inLanguage":"fr-FR"},{"@type":"WebPage","@id":"https:\/\/www.webdo.tn\/fr\/actualite\/international\/forbes-deux-arabes-dans-le-top-100-des-femmes-les-plus-puissantes-au-monde\/184124\/","url":"https:\/\/www.webdo.tn\/fr\/actualite\/international\/forbes-deux-arabes-dans-le-top-100-des-femmes-les-plus-puissantes-au-monde\/184124\/","name":"Forbes : Deux Arabes dans le Top 100 des femmes les plus puissantes au monde","isPartOf":{"@id":"https:\/\/www.webdo.tn\/fr\/#website"},"primaryImageOfPage":{"@id":"https:\/\/www.webdo.tn\/fr\/actualite\/international\/forbes-deux-arabes-dans-le-top-100-des-femmes-les-plus-puissantes-au-monde\/184124\/#primaryimage"},"image":{"@id":"https:\/\/www.webdo.tn\/fr\/actualite\/international\/forbes-deux-arabes-dans-le-top-100-des-femmes-les-plus-puissantes-au-monde\/184124\/#primaryimage"},"thumbnailUrl":"https:\/\/www.webdo.tn\/fr\/wp-content\/uploads\/2015\/05\/Sheikha-Lubna-Al-Qasimi-e1432812475721.png","datePublished":"2015-05-28T12:43:00+00:00","dateModified":"2025-05-19T10:15:29+00:00","description":"Forbes : Deux Arabes dans le Top 100 des femmes les plus puissantes au monde","breadcrumb":{"@id":"https:\/\/www.webdo.tn\/fr\/actualite\/international\/forbes-deux-arabes-dans-le-top-100-des-femmes-les-plus-puissantes-au-monde\/184124\/#breadcrumb"},"inLanguage":"fr-FR","potentialAction":[{"@type":"ReadAction","target":["https:\/\/www.webdo.tn\/fr\/actualite\/international\/forbes-deux-arabes-dans-le-top-100-des-femmes-les-plus-puissantes-au-monde\/184124\/"]}]},{"@type":"ImageObject","inLanguage":"fr-FR","@id":"https:\/\/www.webdo.tn\/fr\/actualite\/international\/forbes-deux-arabes-dans-le-top-100-des-femmes-les-plus-puissantes-au-monde\/184124\/#primaryimage","url":"https:\/\/www.webdo.tn\/fr\/wp-content\/uploads\/2015\/05\/Sheikha-Lubna-Al-Qasimi-e1432812475721.png","contentUrl":"https:\/\/www.webdo.tn\/fr\/wp-content\/uploads\/2015\/05\/Sheikha-Lubna-Al-Qasimi-e1432812475721.png","width":600,"height":153,"caption":"Forbes : Deux Arabes dans le Top 100 des femmes les plus puissantes au monde"},{"@type":"BreadcrumbList","@id":"https:\/\/www.webdo.tn\/fr\/actualite\/international\/forbes-deux-arabes-dans-le-top-100-des-femmes-les-plus-puissantes-au-monde\/184124\/#breadcrumb","itemListElement":[{"@type":"ListItem","position":1,"name":"Accueil","item":"https:\/\/www.webdo.tn\/fr\/"},{"@type":"ListItem","position":2,"name":"Forbes : Deux Arabes dans le Top 100 des femmes les plus puissantes au monde"}]},{"@type":"WebSite","@id":"https:\/\/www.webdo.tn\/fr\/#website","url":"https:\/\/www.webdo.tn\/fr\/","name":"webdo","description":"Tunisie - News en Tunisie et \u00e0 l&#039;international sur Webdo.tn","publisher":{"@id":"https:\/\/www.webdo.tn\/fr\/#organization"},"potentialAction":[{"@type":"SearchAction","target":{"@type":"EntryPoint","urlTemplate":"https:\/\/www.webdo.tn\/fr\/?s={search_term_string}"},"query-input":{"@type":"PropertyValueSpecification","valueRequired":true,"valueName":"search_term_string"}}],"inLanguage":"fr-FR"},{"@type":"Organization","@id":"https:\/\/www.webdo.tn\/fr\/#organization","name":"Webdo","alternateName":"Webdo.tn","url":"https:\/\/www.webdo.tn\/fr\/","logo":{"@type":"ImageObject","inLanguage":"fr-FR","@id":"https:\/\/www.webdo.tn\/fr\/#\/schema\/logo\/image\/","url":"https:\/\/www.webdo.tn\/fr\/wp-content\/uploads\/2025\/06\/Webdo-Tunisie_168377.jpg","contentUrl":"https:\/\/www.webdo.tn\/fr\/wp-content\/uploads\/2025\/06\/Webdo-Tunisie_168377.jpg","width":301,"height":301,"caption":"Webdo"},"image":{"@id":"https:\/\/www.webdo.tn\/fr\/#\/schema\/logo\/image\/"},"sameAs":["https:\/\/www.facebook.com\/webdotn","https:\/\/x.com\/webdo_tn"],"description":"Webdo est un m\u00e9dia num\u00e9rique tunisien fond\u00e9 en 2010, sp\u00e9cialis\u00e9 dans l\u2019actualit\u00e9 nationale et internationale, l\u2019\u00e9conomie, la soci\u00e9t\u00e9 et les analyses politiques. Le site s\u2019adresse \u00e0 un large public francophone et couvre l\u2019information tunisienne en temps r\u00e9el.","email":"redac@webdo.tn","legalName":"YNJ SARL","foundingDate":"2010-09-06","numberOfEmployees":{"@type":"QuantitativeValue","minValue":"11","maxValue":"50"}},{"@type":"Person","@id":"https:\/\/www.webdo.tn\/fr\/#\/schema\/person\/9a9c6118d687c117df8ef3cc36a4d175","name":"webdo.tn","image":{"@type":"ImageObject","inLanguage":"fr-FR","@id":"https:\/\/secure.gravatar.com\/avatar\/7ce1f28c0c3bbac99ff550b85ef8e44a6950c6ee24514fb6a5489e51d06f0298?s=96&d=mm&r=g","url":"https:\/\/secure.gravatar.com\/avatar\/7ce1f28c0c3bbac99ff550b85ef8e44a6950c6ee24514fb6a5489e51d06f0298?s=96&d=mm&r=g","contentUrl":"https:\/\/secure.gravatar.com\/avatar\/7ce1f28c0c3bbac99ff550b85ef8e44a6950c6ee24514fb6a5489e51d06f0298?s=96&d=mm&r=g","caption":"webdo.tn"},"url":"https:\/\/www.webdo.tn\/fr\/actualite\/author\/webdotn\/"}]}},"_links":{"self":[{"href":"https:\/\/www.webdo.tn\/fr\/wp-json\/wp\/v2\/posts\/184124","targetHints":{"allow":["GET"]}}],"collection":[{"href":"https:\/\/www.webdo.tn\/fr\/wp-json\/wp\/v2\/posts"}],"about":[{"href":"https:\/\/www.webdo.tn\/fr\/wp-json\/wp\/v2\/types\/post"}],"author":[{"embeddable":true,"href":"https:\/\/www.webdo.tn\/fr\/wp-json\/wp\/v2\/users\/3222"}],"replies":[{"embeddable":true,"href":"https:\/\/www.webdo.tn\/fr\/wp-json\/wp\/v2\/comments?post=184124"}],"version-history":[{"count":0,"href":"https:\/\/www.webdo.tn\/fr\/wp-json\/wp\/v2\/posts\/184124\/revisions"}],"wp:featuredmedia":[{"embeddable":true,"href":"https:\/\/www.webdo.tn\/fr\/wp-json\/wp\/v2\/media\/330041"}],"wp:attachment":[{"href":"https:\/\/www.webdo.tn\/fr\/wp-json\/wp\/v2\/media?parent=184124"}],"wp:term":[{"taxonomy":"category","embeddable":true,"href":"https:\/\/www.webdo.tn\/fr\/wp-json\/wp\/v2\/categories?post=184124"},{"taxonomy":"post_tag","embeddable":true,"href":"https:\/\/www.webdo.tn\/fr\/wp-json\/wp\/v2\/tags?post=184124"}],"curies":[{"name":"wp","href":"https:\/\/api.w.org\/{rel}","templated":true}]}}