{"id":184123,"date":"2015-05-29T15:26:00","date_gmt":"2015-05-29T15:26:00","guid":{"rendered":"https:\/\/www.webdo.tn\/fr\/blog\/allez-en-tunisie-vous-etes-surs-detre-hypnotises-declare-lambassadeur-de-suede-fredrik-floren\/184123\/"},"modified":"2015-05-29T15:26:00","modified_gmt":"2015-05-29T15:26:00","slug":"allez-en-tunisie-vous-etes-surs-detre-hypnotises-declare-lambassadeur-de-suede-fredrik-floren","status":"publish","type":"post","link":"https:\/\/www.webdo.tn\/fr\/actualite\/international\/allez-en-tunisie-vous-etes-surs-detre-hypnotises-declare-lambassadeur-de-suede-fredrik-floren\/184123\/","title":{"rendered":"\u00ab\u00a0Allez en Tunisie, vous \u00eates s\u00fbrs d&rsquo;\u00eatre hypnotis\u00e9s\u00a0\u00bb"},"content":{"rendered":"<p>\u00ab\u00a0Pour conclure, allez \u00e0 la Tunisie. Que ce soit les villes c\u00f4ti\u00e8res ou les r\u00e9gions int\u00e9rieures, vous \u00eates s\u00fbrs\u00a0d&rsquo;\u00eatre hypnotis\u00e9s\u00a0\u00bb. Cette conclusion d&rsquo;un article de Nora Hamdi, la fille de Hachmi Hamdi, faisant l&rsquo;\u00e9loge \u00e0 la Tunisie a \u00e9t\u00e9 reprise par l&rsquo;ambassadeur de Su\u00e8de en Tunisie et en Libye, Fredrik Floren sur son compte twitter ce vendredi 29 mai.<\/p>\n<p>\u00ab\u00a0To conclude, go to Tunisia. Whether it is the coastal cities or the inner regions, you are sure to be mesmerised.\u00a0\u00bb https:\/\/t.co\/2hdoKlKDUO<br \/>\n\u2014 Amb. Fredrik Flor\u00e9n (@FredrikPFloren) 29 Mai 2015<\/p>\n<p>Mr Fredrik Floren a post\u00e9 ces mots comme commentaire \u00e0 un article faisant l&rsquo;\u00e9loge \u00e0 la Tunisie qu&rsquo;il a repris sur son compte twitter. Cet article intitul\u00e9 \u00ab\u00a0Tunisie : Joyau de la m\u00e9diterran\u00e9e\u00a0\u00bb a \u00e9t\u00e9 r\u00e9dig\u00e9 par Nora Hamdi, fille de l&rsquo;ancien candidat \u00e0 la pr\u00e9sidentielle Hachemi Hamdi, dans le journal \u00e9lectronique britannique \u00ab\u00a0The International Interest\u00a0\u00bb.<br \/>\nL&rsquo;article en question a \u00e9t\u00e9 publi\u00e9 jeudi 28 mai sur le site britannique faisant l&rsquo;\u00e9loge de la Tunisie comme destination touristique en pr\u00e9sentant les villes de Sidi Bouzid, ville natale de Hachemi Hamdi et berceau de la r\u00e9volution tunisienne, ainsi que la ville de Sousse.<\/p>\n","protected":false},"excerpt":{"rendered":"<p>Allez en Tunisie, vous \u00eates s\u00fbrs d&rsquo;\u00eatre hypnotis\u00e9s<\/p>\n","protected":false},"author":3222,"featured_media":329987,"comment_status":"open","ping_status":"closed","sticky":false,"template":"","format":"standard","meta":{"footnotes":""},"categories":[2598],"tags":[2600],"class_list":["post-184123","post","type-post","status-publish","format-standard","has-post-thumbnail","hentry","category-international","tag-guerre"],"yoast_head":"<!-- This site is optimized with the Yoast SEO Premium plugin v27.5 (Yoast SEO v27.5) - https:\/\/yoast.com\/product\/yoast-seo-premium-wordpress\/ -->\n<title>Allez en Tunisie, vous \u00eates s\u00fbrs d&#039;\u00eatre hypnotis\u00e9s<\/title>\n<meta name=\"description\" content=\"Allez en Tunisie, vous \u00eates s\u00fbrs d&#039;\u00eatre hypnotis\u00e9s\" \/>\n<link rel=\"canonical\" href=\"https:\/\/www.webdo.tn\/fr\/actualite\/international\/allez-en-tunisie-vous-etes-surs-detre-hypnotises-declare-lambassadeur-de-suede-fredrik-floren\/184123\/\" \/>\n<meta property=\"og:locale\" content=\"fr_FR\" \/>\n<meta property=\"og:type\" content=\"article\" \/>\n<meta property=\"og:title\" content=\"&quot;Allez en Tunisie, vous \u00eates s\u00fbrs d&#039;\u00eatre hypnotis\u00e9s&quot;\" \/>\n<meta property=\"og:description\" content=\"Allez en Tunisie, vous \u00eates s\u00fbrs d&#039;\u00eatre hypnotis\u00e9s\" \/>\n<meta property=\"og:url\" content=\"https:\/\/www.webdo.tn\/fr\/actualite\/international\/allez-en-tunisie-vous-etes-surs-detre-hypnotises-declare-lambassadeur-de-suede-fredrik-floren\/184123\/\" \/>\n<meta property=\"og:site_name\" content=\"webdo\" \/>\n<meta property=\"article:publisher\" content=\"https:\/\/www.facebook.com\/webdotn\" \/>\n<meta property=\"article:published_time\" content=\"2015-05-29T15:26:00+00:00\" \/>\n<meta property=\"og:image\" content=\"https:\/\/www.webdo.tn\/fr\/wp-content\/uploads\/2015\/05\/ambassadeur-suede.jpg\" \/>\n\t<meta property=\"og:image:width\" content=\"480\" \/>\n\t<meta property=\"og:image:height\" content=\"480\" \/>\n\t<meta property=\"og:image:type\" content=\"image\/jpeg\" \/>\n<meta name=\"author\" content=\"webdo.tn\" \/>\n<meta name=\"twitter:card\" content=\"summary_large_image\" \/>\n<meta name=\"twitter:creator\" content=\"@webdo_tn\" \/>\n<meta name=\"twitter:site\" content=\"@webdo_tn\" \/>\n<meta name=\"twitter:label1\" content=\"\u00c9crit par\" \/>\n\t<meta name=\"twitter:data1\" content=\"webdo.tn\" \/>\n\t<meta name=\"twitter:label2\" content=\"Dur\u00e9e de lecture estim\u00e9e\" \/>\n\t<meta name=\"twitter:data2\" content=\"1 minute\" \/>\n<script type=\"application\/ld+json\" class=\"yoast-schema-graph\">{\"@context\":\"https:\\\/\\\/schema.org\",\"@graph\":[{\"@type\":\"NewsArticle\",\"@id\":\"https:\\\/\\\/www.webdo.tn\\\/fr\\\/actualite\\\/international\\\/allez-en-tunisie-vous-etes-surs-detre-hypnotises-declare-lambassadeur-de-suede-fredrik-floren\\\/184123\\\/#article\",\"isPartOf\":{\"@id\":\"https:\\\/\\\/www.webdo.tn\\\/fr\\\/actualite\\\/international\\\/allez-en-tunisie-vous-etes-surs-detre-hypnotises-declare-lambassadeur-de-suede-fredrik-floren\\\/184123\\\/\"},\"author\":{\"name\":\"webdo.tn\",\"@id\":\"https:\\\/\\\/www.webdo.tn\\\/fr\\\/#\\\/schema\\\/person\\\/9a9c6118d687c117df8ef3cc36a4d175\"},\"headline\":\"\u00ab\u00a0Allez en Tunisie, vous \u00eates s\u00fbrs d&rsquo;\u00eatre hypnotis\u00e9s\u00a0\u00bb\",\"datePublished\":\"2015-05-29T15:26:00+00:00\",\"mainEntityOfPage\":{\"@id\":\"https:\\\/\\\/www.webdo.tn\\\/fr\\\/actualite\\\/international\\\/allez-en-tunisie-vous-etes-surs-detre-hypnotises-declare-lambassadeur-de-suede-fredrik-floren\\\/184123\\\/\"},\"wordCount\":217,\"commentCount\":0,\"publisher\":{\"@id\":\"https:\\\/\\\/www.webdo.tn\\\/fr\\\/#organization\"},\"image\":{\"@id\":\"https:\\\/\\\/www.webdo.tn\\\/fr\\\/actualite\\\/international\\\/allez-en-tunisie-vous-etes-surs-detre-hypnotises-declare-lambassadeur-de-suede-fredrik-floren\\\/184123\\\/#primaryimage\"},\"thumbnailUrl\":\"https:\\\/\\\/www.webdo.tn\\\/fr\\\/wp-content\\\/uploads\\\/2015\\\/05\\\/ambassadeur-suede.jpg\",\"keywords\":[\"guerre\"],\"articleSection\":[\"International\"],\"inLanguage\":\"fr-FR\"},{\"@type\":\"WebPage\",\"@id\":\"https:\\\/\\\/www.webdo.tn\\\/fr\\\/actualite\\\/international\\\/allez-en-tunisie-vous-etes-surs-detre-hypnotises-declare-lambassadeur-de-suede-fredrik-floren\\\/184123\\\/\",\"url\":\"https:\\\/\\\/www.webdo.tn\\\/fr\\\/actualite\\\/international\\\/allez-en-tunisie-vous-etes-surs-detre-hypnotises-declare-lambassadeur-de-suede-fredrik-floren\\\/184123\\\/\",\"name\":\"Allez en Tunisie, vous \u00eates s\u00fbrs d'\u00eatre hypnotis\u00e9s\",\"isPartOf\":{\"@id\":\"https:\\\/\\\/www.webdo.tn\\\/fr\\\/#website\"},\"primaryImageOfPage\":{\"@id\":\"https:\\\/\\\/www.webdo.tn\\\/fr\\\/actualite\\\/international\\\/allez-en-tunisie-vous-etes-surs-detre-hypnotises-declare-lambassadeur-de-suede-fredrik-floren\\\/184123\\\/#primaryimage\"},\"image\":{\"@id\":\"https:\\\/\\\/www.webdo.tn\\\/fr\\\/actualite\\\/international\\\/allez-en-tunisie-vous-etes-surs-detre-hypnotises-declare-lambassadeur-de-suede-fredrik-floren\\\/184123\\\/#primaryimage\"},\"thumbnailUrl\":\"https:\\\/\\\/www.webdo.tn\\\/fr\\\/wp-content\\\/uploads\\\/2015\\\/05\\\/ambassadeur-suede.jpg\",\"datePublished\":\"2015-05-29T15:26:00+00:00\",\"description\":\"Allez en Tunisie, vous \u00eates s\u00fbrs d'\u00eatre hypnotis\u00e9s\",\"breadcrumb\":{\"@id\":\"https:\\\/\\\/www.webdo.tn\\\/fr\\\/actualite\\\/international\\\/allez-en-tunisie-vous-etes-surs-detre-hypnotises-declare-lambassadeur-de-suede-fredrik-floren\\\/184123\\\/#breadcrumb\"},\"inLanguage\":\"fr-FR\",\"potentialAction\":[{\"@type\":\"ReadAction\",\"target\":[\"https:\\\/\\\/www.webdo.tn\\\/fr\\\/actualite\\\/international\\\/allez-en-tunisie-vous-etes-surs-detre-hypnotises-declare-lambassadeur-de-suede-fredrik-floren\\\/184123\\\/\"]}]},{\"@type\":\"ImageObject\",\"inLanguage\":\"fr-FR\",\"@id\":\"https:\\\/\\\/www.webdo.tn\\\/fr\\\/actualite\\\/international\\\/allez-en-tunisie-vous-etes-surs-detre-hypnotises-declare-lambassadeur-de-suede-fredrik-floren\\\/184123\\\/#primaryimage\",\"url\":\"https:\\\/\\\/www.webdo.tn\\\/fr\\\/wp-content\\\/uploads\\\/2015\\\/05\\\/ambassadeur-suede.jpg\",\"contentUrl\":\"https:\\\/\\\/www.webdo.tn\\\/fr\\\/wp-content\\\/uploads\\\/2015\\\/05\\\/ambassadeur-suede.jpg\",\"width\":480,\"height\":480,\"caption\":\"\\\"Allez en Tunisie, vous \u00eates s\u00fbrs d'\u00eatre hypnotis\u00e9s\\\"\"},{\"@type\":\"BreadcrumbList\",\"@id\":\"https:\\\/\\\/www.webdo.tn\\\/fr\\\/actualite\\\/international\\\/allez-en-tunisie-vous-etes-surs-detre-hypnotises-declare-lambassadeur-de-suede-fredrik-floren\\\/184123\\\/#breadcrumb\",\"itemListElement\":[{\"@type\":\"ListItem\",\"position\":1,\"name\":\"Accueil\",\"item\":\"https:\\\/\\\/www.webdo.tn\\\/fr\\\/\"},{\"@type\":\"ListItem\",\"position\":2,\"name\":\"\u00ab\u00a0Allez en Tunisie, vous \u00eates s\u00fbrs d&rsquo;\u00eatre hypnotis\u00e9s\u00a0\u00bb\"}]},{\"@type\":\"WebSite\",\"@id\":\"https:\\\/\\\/www.webdo.tn\\\/fr\\\/#website\",\"url\":\"https:\\\/\\\/www.webdo.tn\\\/fr\\\/\",\"name\":\"webdo\",\"description\":\"Tunisie - News en Tunisie et \u00e0 l&#039;international sur Webdo.tn\",\"publisher\":{\"@id\":\"https:\\\/\\\/www.webdo.tn\\\/fr\\\/#organization\"},\"potentialAction\":[{\"@type\":\"SearchAction\",\"target\":{\"@type\":\"EntryPoint\",\"urlTemplate\":\"https:\\\/\\\/www.webdo.tn\\\/fr\\\/?s={search_term_string}\"},\"query-input\":{\"@type\":\"PropertyValueSpecification\",\"valueRequired\":true,\"valueName\":\"search_term_string\"}}],\"inLanguage\":\"fr-FR\"},{\"@type\":\"Organization\",\"@id\":\"https:\\\/\\\/www.webdo.tn\\\/fr\\\/#organization\",\"name\":\"Webdo\",\"alternateName\":\"Webdo.tn\",\"url\":\"https:\\\/\\\/www.webdo.tn\\\/fr\\\/\",\"logo\":{\"@type\":\"ImageObject\",\"inLanguage\":\"fr-FR\",\"@id\":\"https:\\\/\\\/www.webdo.tn\\\/fr\\\/#\\\/schema\\\/logo\\\/image\\\/\",\"url\":\"https:\\\/\\\/www.webdo.tn\\\/fr\\\/wp-content\\\/uploads\\\/2025\\\/06\\\/Webdo-Tunisie_168377.jpg\",\"contentUrl\":\"https:\\\/\\\/www.webdo.tn\\\/fr\\\/wp-content\\\/uploads\\\/2025\\\/06\\\/Webdo-Tunisie_168377.jpg\",\"width\":301,\"height\":301,\"caption\":\"Webdo\"},\"image\":{\"@id\":\"https:\\\/\\\/www.webdo.tn\\\/fr\\\/#\\\/schema\\\/logo\\\/image\\\/\"},\"sameAs\":[\"https:\\\/\\\/www.facebook.com\\\/webdotn\",\"https:\\\/\\\/x.com\\\/webdo_tn\"],\"description\":\"Webdo est un m\u00e9dia num\u00e9rique tunisien fond\u00e9 en 2010, sp\u00e9cialis\u00e9 dans l\u2019actualit\u00e9 nationale et internationale, l\u2019\u00e9conomie, la soci\u00e9t\u00e9 et les analyses politiques. Le site s\u2019adresse \u00e0 un large public francophone et couvre l\u2019information tunisienne en temps r\u00e9el.\",\"email\":\"redac@webdo.tn\",\"legalName\":\"YNJ SARL\",\"foundingDate\":\"2010-09-06\",\"numberOfEmployees\":{\"@type\":\"QuantitativeValue\",\"minValue\":\"11\",\"maxValue\":\"50\"}},{\"@type\":\"Person\",\"@id\":\"https:\\\/\\\/www.webdo.tn\\\/fr\\\/#\\\/schema\\\/person\\\/9a9c6118d687c117df8ef3cc36a4d175\",\"name\":\"webdo.tn\",\"image\":{\"@type\":\"ImageObject\",\"inLanguage\":\"fr-FR\",\"@id\":\"https:\\\/\\\/secure.gravatar.com\\\/avatar\\\/7ce1f28c0c3bbac99ff550b85ef8e44a6950c6ee24514fb6a5489e51d06f0298?s=96&d=mm&r=g\",\"url\":\"https:\\\/\\\/secure.gravatar.com\\\/avatar\\\/7ce1f28c0c3bbac99ff550b85ef8e44a6950c6ee24514fb6a5489e51d06f0298?s=96&d=mm&r=g\",\"contentUrl\":\"https:\\\/\\\/secure.gravatar.com\\\/avatar\\\/7ce1f28c0c3bbac99ff550b85ef8e44a6950c6ee24514fb6a5489e51d06f0298?s=96&d=mm&r=g\",\"caption\":\"webdo.tn\"},\"url\":\"https:\\\/\\\/www.webdo.tn\\\/fr\\\/actualite\\\/author\\\/webdotn\\\/\"}]}<\/script>\n<!-- \/ Yoast SEO Premium plugin. -->","yoast_head_json":{"title":"Allez en Tunisie, vous \u00eates s\u00fbrs d'\u00eatre hypnotis\u00e9s","description":"Allez en Tunisie, vous \u00eates s\u00fbrs d'\u00eatre hypnotis\u00e9s","canonical":"https:\/\/www.webdo.tn\/fr\/actualite\/international\/allez-en-tunisie-vous-etes-surs-detre-hypnotises-declare-lambassadeur-de-suede-fredrik-floren\/184123\/","og_locale":"fr_FR","og_type":"article","og_title":"\"Allez en Tunisie, vous \u00eates s\u00fbrs d'\u00eatre hypnotis\u00e9s\"","og_description":"Allez en Tunisie, vous \u00eates s\u00fbrs d'\u00eatre hypnotis\u00e9s","og_url":"https:\/\/www.webdo.tn\/fr\/actualite\/international\/allez-en-tunisie-vous-etes-surs-detre-hypnotises-declare-lambassadeur-de-suede-fredrik-floren\/184123\/","og_site_name":"webdo","article_publisher":"https:\/\/www.facebook.com\/webdotn","article_published_time":"2015-05-29T15:26:00+00:00","og_image":[{"width":480,"height":480,"url":"https:\/\/www.webdo.tn\/fr\/wp-content\/uploads\/2015\/05\/ambassadeur-suede.jpg","type":"image\/jpeg"}],"author":"webdo.tn","twitter_card":"summary_large_image","twitter_creator":"@webdo_tn","twitter_site":"@webdo_tn","twitter_misc":{"\u00c9crit par":"webdo.tn","Dur\u00e9e de lecture estim\u00e9e":"1 minute"},"schema":{"@context":"https:\/\/schema.org","@graph":[{"@type":"NewsArticle","@id":"https:\/\/www.webdo.tn\/fr\/actualite\/international\/allez-en-tunisie-vous-etes-surs-detre-hypnotises-declare-lambassadeur-de-suede-fredrik-floren\/184123\/#article","isPartOf":{"@id":"https:\/\/www.webdo.tn\/fr\/actualite\/international\/allez-en-tunisie-vous-etes-surs-detre-hypnotises-declare-lambassadeur-de-suede-fredrik-floren\/184123\/"},"author":{"name":"webdo.tn","@id":"https:\/\/www.webdo.tn\/fr\/#\/schema\/person\/9a9c6118d687c117df8ef3cc36a4d175"},"headline":"\u00ab\u00a0Allez en Tunisie, vous \u00eates s\u00fbrs d&rsquo;\u00eatre hypnotis\u00e9s\u00a0\u00bb","datePublished":"2015-05-29T15:26:00+00:00","mainEntityOfPage":{"@id":"https:\/\/www.webdo.tn\/fr\/actualite\/international\/allez-en-tunisie-vous-etes-surs-detre-hypnotises-declare-lambassadeur-de-suede-fredrik-floren\/184123\/"},"wordCount":217,"commentCount":0,"publisher":{"@id":"https:\/\/www.webdo.tn\/fr\/#organization"},"image":{"@id":"https:\/\/www.webdo.tn\/fr\/actualite\/international\/allez-en-tunisie-vous-etes-surs-detre-hypnotises-declare-lambassadeur-de-suede-fredrik-floren\/184123\/#primaryimage"},"thumbnailUrl":"https:\/\/www.webdo.tn\/fr\/wp-content\/uploads\/2015\/05\/ambassadeur-suede.jpg","keywords":["guerre"],"articleSection":["International"],"inLanguage":"fr-FR"},{"@type":"WebPage","@id":"https:\/\/www.webdo.tn\/fr\/actualite\/international\/allez-en-tunisie-vous-etes-surs-detre-hypnotises-declare-lambassadeur-de-suede-fredrik-floren\/184123\/","url":"https:\/\/www.webdo.tn\/fr\/actualite\/international\/allez-en-tunisie-vous-etes-surs-detre-hypnotises-declare-lambassadeur-de-suede-fredrik-floren\/184123\/","name":"Allez en Tunisie, vous \u00eates s\u00fbrs d'\u00eatre hypnotis\u00e9s","isPartOf":{"@id":"https:\/\/www.webdo.tn\/fr\/#website"},"primaryImageOfPage":{"@id":"https:\/\/www.webdo.tn\/fr\/actualite\/international\/allez-en-tunisie-vous-etes-surs-detre-hypnotises-declare-lambassadeur-de-suede-fredrik-floren\/184123\/#primaryimage"},"image":{"@id":"https:\/\/www.webdo.tn\/fr\/actualite\/international\/allez-en-tunisie-vous-etes-surs-detre-hypnotises-declare-lambassadeur-de-suede-fredrik-floren\/184123\/#primaryimage"},"thumbnailUrl":"https:\/\/www.webdo.tn\/fr\/wp-content\/uploads\/2015\/05\/ambassadeur-suede.jpg","datePublished":"2015-05-29T15:26:00+00:00","description":"Allez en Tunisie, vous \u00eates s\u00fbrs d'\u00eatre hypnotis\u00e9s","breadcrumb":{"@id":"https:\/\/www.webdo.tn\/fr\/actualite\/international\/allez-en-tunisie-vous-etes-surs-detre-hypnotises-declare-lambassadeur-de-suede-fredrik-floren\/184123\/#breadcrumb"},"inLanguage":"fr-FR","potentialAction":[{"@type":"ReadAction","target":["https:\/\/www.webdo.tn\/fr\/actualite\/international\/allez-en-tunisie-vous-etes-surs-detre-hypnotises-declare-lambassadeur-de-suede-fredrik-floren\/184123\/"]}]},{"@type":"ImageObject","inLanguage":"fr-FR","@id":"https:\/\/www.webdo.tn\/fr\/actualite\/international\/allez-en-tunisie-vous-etes-surs-detre-hypnotises-declare-lambassadeur-de-suede-fredrik-floren\/184123\/#primaryimage","url":"https:\/\/www.webdo.tn\/fr\/wp-content\/uploads\/2015\/05\/ambassadeur-suede.jpg","contentUrl":"https:\/\/www.webdo.tn\/fr\/wp-content\/uploads\/2015\/05\/ambassadeur-suede.jpg","width":480,"height":480,"caption":"\"Allez en Tunisie, vous \u00eates s\u00fbrs d'\u00eatre hypnotis\u00e9s\""},{"@type":"BreadcrumbList","@id":"https:\/\/www.webdo.tn\/fr\/actualite\/international\/allez-en-tunisie-vous-etes-surs-detre-hypnotises-declare-lambassadeur-de-suede-fredrik-floren\/184123\/#breadcrumb","itemListElement":[{"@type":"ListItem","position":1,"name":"Accueil","item":"https:\/\/www.webdo.tn\/fr\/"},{"@type":"ListItem","position":2,"name":"\u00ab\u00a0Allez en Tunisie, vous \u00eates s\u00fbrs d&rsquo;\u00eatre hypnotis\u00e9s\u00a0\u00bb"}]},{"@type":"WebSite","@id":"https:\/\/www.webdo.tn\/fr\/#website","url":"https:\/\/www.webdo.tn\/fr\/","name":"webdo","description":"Tunisie - News en Tunisie et \u00e0 l&#039;international sur Webdo.tn","publisher":{"@id":"https:\/\/www.webdo.tn\/fr\/#organization"},"potentialAction":[{"@type":"SearchAction","target":{"@type":"EntryPoint","urlTemplate":"https:\/\/www.webdo.tn\/fr\/?s={search_term_string}"},"query-input":{"@type":"PropertyValueSpecification","valueRequired":true,"valueName":"search_term_string"}}],"inLanguage":"fr-FR"},{"@type":"Organization","@id":"https:\/\/www.webdo.tn\/fr\/#organization","name":"Webdo","alternateName":"Webdo.tn","url":"https:\/\/www.webdo.tn\/fr\/","logo":{"@type":"ImageObject","inLanguage":"fr-FR","@id":"https:\/\/www.webdo.tn\/fr\/#\/schema\/logo\/image\/","url":"https:\/\/www.webdo.tn\/fr\/wp-content\/uploads\/2025\/06\/Webdo-Tunisie_168377.jpg","contentUrl":"https:\/\/www.webdo.tn\/fr\/wp-content\/uploads\/2025\/06\/Webdo-Tunisie_168377.jpg","width":301,"height":301,"caption":"Webdo"},"image":{"@id":"https:\/\/www.webdo.tn\/fr\/#\/schema\/logo\/image\/"},"sameAs":["https:\/\/www.facebook.com\/webdotn","https:\/\/x.com\/webdo_tn"],"description":"Webdo est un m\u00e9dia num\u00e9rique tunisien fond\u00e9 en 2010, sp\u00e9cialis\u00e9 dans l\u2019actualit\u00e9 nationale et internationale, l\u2019\u00e9conomie, la soci\u00e9t\u00e9 et les analyses politiques. Le site s\u2019adresse \u00e0 un large public francophone et couvre l\u2019information tunisienne en temps r\u00e9el.","email":"redac@webdo.tn","legalName":"YNJ SARL","foundingDate":"2010-09-06","numberOfEmployees":{"@type":"QuantitativeValue","minValue":"11","maxValue":"50"}},{"@type":"Person","@id":"https:\/\/www.webdo.tn\/fr\/#\/schema\/person\/9a9c6118d687c117df8ef3cc36a4d175","name":"webdo.tn","image":{"@type":"ImageObject","inLanguage":"fr-FR","@id":"https:\/\/secure.gravatar.com\/avatar\/7ce1f28c0c3bbac99ff550b85ef8e44a6950c6ee24514fb6a5489e51d06f0298?s=96&d=mm&r=g","url":"https:\/\/secure.gravatar.com\/avatar\/7ce1f28c0c3bbac99ff550b85ef8e44a6950c6ee24514fb6a5489e51d06f0298?s=96&d=mm&r=g","contentUrl":"https:\/\/secure.gravatar.com\/avatar\/7ce1f28c0c3bbac99ff550b85ef8e44a6950c6ee24514fb6a5489e51d06f0298?s=96&d=mm&r=g","caption":"webdo.tn"},"url":"https:\/\/www.webdo.tn\/fr\/actualite\/author\/webdotn\/"}]}},"_links":{"self":[{"href":"https:\/\/www.webdo.tn\/fr\/wp-json\/wp\/v2\/posts\/184123","targetHints":{"allow":["GET"]}}],"collection":[{"href":"https:\/\/www.webdo.tn\/fr\/wp-json\/wp\/v2\/posts"}],"about":[{"href":"https:\/\/www.webdo.tn\/fr\/wp-json\/wp\/v2\/types\/post"}],"author":[{"embeddable":true,"href":"https:\/\/www.webdo.tn\/fr\/wp-json\/wp\/v2\/users\/3222"}],"replies":[{"embeddable":true,"href":"https:\/\/www.webdo.tn\/fr\/wp-json\/wp\/v2\/comments?post=184123"}],"version-history":[{"count":0,"href":"https:\/\/www.webdo.tn\/fr\/wp-json\/wp\/v2\/posts\/184123\/revisions"}],"wp:featuredmedia":[{"embeddable":true,"href":"https:\/\/www.webdo.tn\/fr\/wp-json\/wp\/v2\/media\/329987"}],"wp:attachment":[{"href":"https:\/\/www.webdo.tn\/fr\/wp-json\/wp\/v2\/media?parent=184123"}],"wp:term":[{"taxonomy":"category","embeddable":true,"href":"https:\/\/www.webdo.tn\/fr\/wp-json\/wp\/v2\/categories?post=184123"},{"taxonomy":"post_tag","embeddable":true,"href":"https:\/\/www.webdo.tn\/fr\/wp-json\/wp\/v2\/tags?post=184123"}],"curies":[{"name":"wp","href":"https:\/\/api.w.org\/{rel}","templated":true}]}}