{"id":184120,"date":"2015-06-01T12:09:00","date_gmt":"2015-06-01T12:09:00","guid":{"rendered":"https:\/\/www.webdo.tn\/fr\/blog\/jambe-cassee-pour-john-kerry-apres-une-chute-de-velo\/184120\/"},"modified":"2025-05-19T10:14:57","modified_gmt":"2025-05-19T10:14:57","slug":"jambe-cassee-pour-john-kerry-apres-une-chute-de-velo","status":"publish","type":"post","link":"https:\/\/www.webdo.tn\/fr\/actualite\/international\/jambe-cassee-pour-john-kerry-apres-une-chute-de-velo\/184120\/","title":{"rendered":"Jambe cass\u00e9e pour John Kerry apr\u00e8s une chute de v\u00e9lo !"},"content":{"rendered":"<p>Le secr\u00e9taire d&rsquo;\u00c9tat am\u00e9ricain John Kerry, grand amateur de cyclisme, a chut\u00e9 de v\u00e9lo.<\/p>\n<p>Selon des m\u00e9dias suisses, le chef de la diplomatie am\u00e9ricaine, a \u00e9t\u00e9 hospitalis\u00e9 \u00e0 Gen\u00e8ve suite \u00e0 sa chute. Il est actuellement dans un \u00e9tat stable avec une jambe droite cass\u00e9e.<\/p>\n<p>En effet, l\u2019accident a eu lieu, hier dimanche, dans les Alpes fran\u00e7aises, pr\u00e8s de la fronti\u00e8re suisse. Kerry devait quitter Gen\u00e8ve ce lundi 1er juin. Du coup, le programme pr\u00e9vu, hier et lundi, \u00e0 Madrid et \u00e0 Paris, a \u00e9t\u00e9 annul\u00e9.<\/p>\n","protected":false},"excerpt":{"rendered":"<p>Jambe cass\u00e9e pour John Kerry apr\u00e8s une chute de v\u00e9lo !<\/p>\n","protected":false},"author":3222,"featured_media":372985,"comment_status":"open","ping_status":"closed","sticky":false,"template":"","format":"standard","meta":{"footnotes":""},"categories":[2598],"tags":[2600],"class_list":["post-184120","post","type-post","status-publish","format-standard","has-post-thumbnail","hentry","category-international","tag-guerre"],"yoast_head":"<!-- This site is optimized with the Yoast SEO Premium plugin v27.5 (Yoast SEO v27.5) - https:\/\/yoast.com\/product\/yoast-seo-premium-wordpress\/ -->\n<title>Jambe cass\u00e9e pour John Kerry apr\u00e8s une chute de v\u00e9lo !<\/title>\n<meta name=\"description\" content=\"Jambe cass\u00e9e pour John Kerry apr\u00e8s une chute de v\u00e9lo !\" \/>\n<link rel=\"canonical\" href=\"https:\/\/www.webdo.tn\/fr\/actualite\/international\/jambe-cassee-pour-john-kerry-apres-une-chute-de-velo\/184120\/\" \/>\n<meta property=\"og:locale\" content=\"fr_FR\" \/>\n<meta property=\"og:type\" content=\"article\" \/>\n<meta property=\"og:title\" content=\"Jambe cass\u00e9e pour John Kerry apr\u00e8s une chute de v\u00e9lo !\" \/>\n<meta property=\"og:description\" content=\"Jambe cass\u00e9e pour John Kerry apr\u00e8s une chute de v\u00e9lo !\" \/>\n<meta property=\"og:url\" content=\"https:\/\/www.webdo.tn\/fr\/actualite\/international\/jambe-cassee-pour-john-kerry-apres-une-chute-de-velo\/184120\/\" \/>\n<meta property=\"og:site_name\" content=\"webdo\" \/>\n<meta property=\"article:publisher\" content=\"https:\/\/www.facebook.com\/webdotn\" \/>\n<meta property=\"article:published_time\" content=\"2015-06-01T12:09:00+00:00\" \/>\n<meta property=\"article:modified_time\" content=\"2025-05-19T10:14:57+00:00\" \/>\n<meta name=\"author\" content=\"webdo.tn\" \/>\n<meta name=\"twitter:card\" content=\"summary_large_image\" \/>\n<meta name=\"twitter:creator\" content=\"@webdo_tn\" \/>\n<meta name=\"twitter:site\" content=\"@webdo_tn\" \/>\n<meta name=\"twitter:label1\" content=\"\u00c9crit par\" \/>\n\t<meta name=\"twitter:data1\" content=\"webdo.tn\" \/>\n<script type=\"application\/ld+json\" class=\"yoast-schema-graph\">{\"@context\":\"https:\\\/\\\/schema.org\",\"@graph\":[{\"@type\":\"NewsArticle\",\"@id\":\"https:\\\/\\\/www.webdo.tn\\\/fr\\\/actualite\\\/international\\\/jambe-cassee-pour-john-kerry-apres-une-chute-de-velo\\\/184120\\\/#article\",\"isPartOf\":{\"@id\":\"https:\\\/\\\/www.webdo.tn\\\/fr\\\/actualite\\\/international\\\/jambe-cassee-pour-john-kerry-apres-une-chute-de-velo\\\/184120\\\/\"},\"author\":{\"name\":\"webdo.tn\",\"@id\":\"https:\\\/\\\/www.webdo.tn\\\/fr\\\/#\\\/schema\\\/person\\\/9a9c6118d687c117df8ef3cc36a4d175\"},\"headline\":\"Jambe cass\u00e9e pour John Kerry apr\u00e8s une chute de v\u00e9lo !\",\"datePublished\":\"2015-06-01T12:09:00+00:00\",\"dateModified\":\"2025-05-19T10:14:57+00:00\",\"mainEntityOfPage\":{\"@id\":\"https:\\\/\\\/www.webdo.tn\\\/fr\\\/actualite\\\/international\\\/jambe-cassee-pour-john-kerry-apres-une-chute-de-velo\\\/184120\\\/\"},\"wordCount\":109,\"commentCount\":0,\"publisher\":{\"@id\":\"https:\\\/\\\/www.webdo.tn\\\/fr\\\/#organization\"},\"image\":{\"@id\":\"https:\\\/\\\/www.webdo.tn\\\/fr\\\/actualite\\\/international\\\/jambe-cassee-pour-john-kerry-apres-une-chute-de-velo\\\/184120\\\/#primaryimage\"},\"thumbnailUrl\":\"https:\\\/\\\/www.webdo.tn\\\/fr\\\/wp-content\\\/uploads\\\/2025\\\/06\\\/kerry-en-velo-300x172_184120.png\",\"keywords\":[\"guerre\"],\"articleSection\":[\"International\"],\"inLanguage\":\"fr-FR\"},{\"@type\":\"WebPage\",\"@id\":\"https:\\\/\\\/www.webdo.tn\\\/fr\\\/actualite\\\/international\\\/jambe-cassee-pour-john-kerry-apres-une-chute-de-velo\\\/184120\\\/\",\"url\":\"https:\\\/\\\/www.webdo.tn\\\/fr\\\/actualite\\\/international\\\/jambe-cassee-pour-john-kerry-apres-une-chute-de-velo\\\/184120\\\/\",\"name\":\"Jambe cass\u00e9e pour John Kerry apr\u00e8s une chute de v\u00e9lo !\",\"isPartOf\":{\"@id\":\"https:\\\/\\\/www.webdo.tn\\\/fr\\\/#website\"},\"primaryImageOfPage\":{\"@id\":\"https:\\\/\\\/www.webdo.tn\\\/fr\\\/actualite\\\/international\\\/jambe-cassee-pour-john-kerry-apres-une-chute-de-velo\\\/184120\\\/#primaryimage\"},\"image\":{\"@id\":\"https:\\\/\\\/www.webdo.tn\\\/fr\\\/actualite\\\/international\\\/jambe-cassee-pour-john-kerry-apres-une-chute-de-velo\\\/184120\\\/#primaryimage\"},\"thumbnailUrl\":\"https:\\\/\\\/www.webdo.tn\\\/fr\\\/wp-content\\\/uploads\\\/2025\\\/06\\\/kerry-en-velo-300x172_184120.png\",\"datePublished\":\"2015-06-01T12:09:00+00:00\",\"dateModified\":\"2025-05-19T10:14:57+00:00\",\"description\":\"Jambe cass\u00e9e pour John Kerry apr\u00e8s une chute de v\u00e9lo !\",\"breadcrumb\":{\"@id\":\"https:\\\/\\\/www.webdo.tn\\\/fr\\\/actualite\\\/international\\\/jambe-cassee-pour-john-kerry-apres-une-chute-de-velo\\\/184120\\\/#breadcrumb\"},\"inLanguage\":\"fr-FR\",\"potentialAction\":[{\"@type\":\"ReadAction\",\"target\":[\"https:\\\/\\\/www.webdo.tn\\\/fr\\\/actualite\\\/international\\\/jambe-cassee-pour-john-kerry-apres-une-chute-de-velo\\\/184120\\\/\"]}]},{\"@type\":\"ImageObject\",\"inLanguage\":\"fr-FR\",\"@id\":\"https:\\\/\\\/www.webdo.tn\\\/fr\\\/actualite\\\/international\\\/jambe-cassee-pour-john-kerry-apres-une-chute-de-velo\\\/184120\\\/#primaryimage\",\"url\":\"https:\\\/\\\/www.webdo.tn\\\/fr\\\/wp-content\\\/uploads\\\/2025\\\/06\\\/kerry-en-velo-300x172_184120.png\",\"contentUrl\":\"https:\\\/\\\/www.webdo.tn\\\/fr\\\/wp-content\\\/uploads\\\/2025\\\/06\\\/kerry-en-velo-300x172_184120.png\",\"width\":300,\"height\":172,\"caption\":\"Jambe cass\u00e9e pour John Kerry apr\u00e8s une chute de v\u00e9lo !\"},{\"@type\":\"BreadcrumbList\",\"@id\":\"https:\\\/\\\/www.webdo.tn\\\/fr\\\/actualite\\\/international\\\/jambe-cassee-pour-john-kerry-apres-une-chute-de-velo\\\/184120\\\/#breadcrumb\",\"itemListElement\":[{\"@type\":\"ListItem\",\"position\":1,\"name\":\"Accueil\",\"item\":\"https:\\\/\\\/www.webdo.tn\\\/fr\\\/\"},{\"@type\":\"ListItem\",\"position\":2,\"name\":\"Jambe cass\u00e9e pour John Kerry apr\u00e8s une chute de v\u00e9lo !\"}]},{\"@type\":\"WebSite\",\"@id\":\"https:\\\/\\\/www.webdo.tn\\\/fr\\\/#website\",\"url\":\"https:\\\/\\\/www.webdo.tn\\\/fr\\\/\",\"name\":\"webdo\",\"description\":\"Tunisie - News en Tunisie et \u00e0 l&#039;international sur Webdo.tn\",\"publisher\":{\"@id\":\"https:\\\/\\\/www.webdo.tn\\\/fr\\\/#organization\"},\"potentialAction\":[{\"@type\":\"SearchAction\",\"target\":{\"@type\":\"EntryPoint\",\"urlTemplate\":\"https:\\\/\\\/www.webdo.tn\\\/fr\\\/?s={search_term_string}\"},\"query-input\":{\"@type\":\"PropertyValueSpecification\",\"valueRequired\":true,\"valueName\":\"search_term_string\"}}],\"inLanguage\":\"fr-FR\"},{\"@type\":\"Organization\",\"@id\":\"https:\\\/\\\/www.webdo.tn\\\/fr\\\/#organization\",\"name\":\"Webdo\",\"alternateName\":\"Webdo.tn\",\"url\":\"https:\\\/\\\/www.webdo.tn\\\/fr\\\/\",\"logo\":{\"@type\":\"ImageObject\",\"inLanguage\":\"fr-FR\",\"@id\":\"https:\\\/\\\/www.webdo.tn\\\/fr\\\/#\\\/schema\\\/logo\\\/image\\\/\",\"url\":\"https:\\\/\\\/www.webdo.tn\\\/fr\\\/wp-content\\\/uploads\\\/2025\\\/06\\\/Webdo-Tunisie_168377.jpg\",\"contentUrl\":\"https:\\\/\\\/www.webdo.tn\\\/fr\\\/wp-content\\\/uploads\\\/2025\\\/06\\\/Webdo-Tunisie_168377.jpg\",\"width\":301,\"height\":301,\"caption\":\"Webdo\"},\"image\":{\"@id\":\"https:\\\/\\\/www.webdo.tn\\\/fr\\\/#\\\/schema\\\/logo\\\/image\\\/\"},\"sameAs\":[\"https:\\\/\\\/www.facebook.com\\\/webdotn\",\"https:\\\/\\\/x.com\\\/webdo_tn\"],\"description\":\"Webdo est un m\u00e9dia num\u00e9rique tunisien fond\u00e9 en 2010, sp\u00e9cialis\u00e9 dans l\u2019actualit\u00e9 nationale et internationale, l\u2019\u00e9conomie, la soci\u00e9t\u00e9 et les analyses politiques. Le site s\u2019adresse \u00e0 un large public francophone et couvre l\u2019information tunisienne en temps r\u00e9el.\",\"email\":\"redac@webdo.tn\",\"legalName\":\"YNJ SARL\",\"foundingDate\":\"2010-09-06\",\"numberOfEmployees\":{\"@type\":\"QuantitativeValue\",\"minValue\":\"11\",\"maxValue\":\"50\"}},{\"@type\":\"Person\",\"@id\":\"https:\\\/\\\/www.webdo.tn\\\/fr\\\/#\\\/schema\\\/person\\\/9a9c6118d687c117df8ef3cc36a4d175\",\"name\":\"webdo.tn\",\"image\":{\"@type\":\"ImageObject\",\"inLanguage\":\"fr-FR\",\"@id\":\"https:\\\/\\\/secure.gravatar.com\\\/avatar\\\/7ce1f28c0c3bbac99ff550b85ef8e44a6950c6ee24514fb6a5489e51d06f0298?s=96&d=mm&r=g\",\"url\":\"https:\\\/\\\/secure.gravatar.com\\\/avatar\\\/7ce1f28c0c3bbac99ff550b85ef8e44a6950c6ee24514fb6a5489e51d06f0298?s=96&d=mm&r=g\",\"contentUrl\":\"https:\\\/\\\/secure.gravatar.com\\\/avatar\\\/7ce1f28c0c3bbac99ff550b85ef8e44a6950c6ee24514fb6a5489e51d06f0298?s=96&d=mm&r=g\",\"caption\":\"webdo.tn\"},\"url\":\"https:\\\/\\\/www.webdo.tn\\\/fr\\\/actualite\\\/author\\\/webdotn\\\/\"}]}<\/script>\n<!-- \/ Yoast SEO Premium plugin. -->","yoast_head_json":{"title":"Jambe cass\u00e9e pour John Kerry apr\u00e8s une chute de v\u00e9lo !","description":"Jambe cass\u00e9e pour John Kerry apr\u00e8s une chute de v\u00e9lo !","canonical":"https:\/\/www.webdo.tn\/fr\/actualite\/international\/jambe-cassee-pour-john-kerry-apres-une-chute-de-velo\/184120\/","og_locale":"fr_FR","og_type":"article","og_title":"Jambe cass\u00e9e pour John Kerry apr\u00e8s une chute de v\u00e9lo !","og_description":"Jambe cass\u00e9e pour John Kerry apr\u00e8s une chute de v\u00e9lo !","og_url":"https:\/\/www.webdo.tn\/fr\/actualite\/international\/jambe-cassee-pour-john-kerry-apres-une-chute-de-velo\/184120\/","og_site_name":"webdo","article_publisher":"https:\/\/www.facebook.com\/webdotn","article_published_time":"2015-06-01T12:09:00+00:00","article_modified_time":"2025-05-19T10:14:57+00:00","author":"webdo.tn","twitter_card":"summary_large_image","twitter_creator":"@webdo_tn","twitter_site":"@webdo_tn","twitter_misc":{"\u00c9crit par":"webdo.tn"},"schema":{"@context":"https:\/\/schema.org","@graph":[{"@type":"NewsArticle","@id":"https:\/\/www.webdo.tn\/fr\/actualite\/international\/jambe-cassee-pour-john-kerry-apres-une-chute-de-velo\/184120\/#article","isPartOf":{"@id":"https:\/\/www.webdo.tn\/fr\/actualite\/international\/jambe-cassee-pour-john-kerry-apres-une-chute-de-velo\/184120\/"},"author":{"name":"webdo.tn","@id":"https:\/\/www.webdo.tn\/fr\/#\/schema\/person\/9a9c6118d687c117df8ef3cc36a4d175"},"headline":"Jambe cass\u00e9e pour John Kerry apr\u00e8s une chute de v\u00e9lo !","datePublished":"2015-06-01T12:09:00+00:00","dateModified":"2025-05-19T10:14:57+00:00","mainEntityOfPage":{"@id":"https:\/\/www.webdo.tn\/fr\/actualite\/international\/jambe-cassee-pour-john-kerry-apres-une-chute-de-velo\/184120\/"},"wordCount":109,"commentCount":0,"publisher":{"@id":"https:\/\/www.webdo.tn\/fr\/#organization"},"image":{"@id":"https:\/\/www.webdo.tn\/fr\/actualite\/international\/jambe-cassee-pour-john-kerry-apres-une-chute-de-velo\/184120\/#primaryimage"},"thumbnailUrl":"https:\/\/www.webdo.tn\/fr\/wp-content\/uploads\/2025\/06\/kerry-en-velo-300x172_184120.png","keywords":["guerre"],"articleSection":["International"],"inLanguage":"fr-FR"},{"@type":"WebPage","@id":"https:\/\/www.webdo.tn\/fr\/actualite\/international\/jambe-cassee-pour-john-kerry-apres-une-chute-de-velo\/184120\/","url":"https:\/\/www.webdo.tn\/fr\/actualite\/international\/jambe-cassee-pour-john-kerry-apres-une-chute-de-velo\/184120\/","name":"Jambe cass\u00e9e pour John Kerry apr\u00e8s une chute de v\u00e9lo !","isPartOf":{"@id":"https:\/\/www.webdo.tn\/fr\/#website"},"primaryImageOfPage":{"@id":"https:\/\/www.webdo.tn\/fr\/actualite\/international\/jambe-cassee-pour-john-kerry-apres-une-chute-de-velo\/184120\/#primaryimage"},"image":{"@id":"https:\/\/www.webdo.tn\/fr\/actualite\/international\/jambe-cassee-pour-john-kerry-apres-une-chute-de-velo\/184120\/#primaryimage"},"thumbnailUrl":"https:\/\/www.webdo.tn\/fr\/wp-content\/uploads\/2025\/06\/kerry-en-velo-300x172_184120.png","datePublished":"2015-06-01T12:09:00+00:00","dateModified":"2025-05-19T10:14:57+00:00","description":"Jambe cass\u00e9e pour John Kerry apr\u00e8s une chute de v\u00e9lo !","breadcrumb":{"@id":"https:\/\/www.webdo.tn\/fr\/actualite\/international\/jambe-cassee-pour-john-kerry-apres-une-chute-de-velo\/184120\/#breadcrumb"},"inLanguage":"fr-FR","potentialAction":[{"@type":"ReadAction","target":["https:\/\/www.webdo.tn\/fr\/actualite\/international\/jambe-cassee-pour-john-kerry-apres-une-chute-de-velo\/184120\/"]}]},{"@type":"ImageObject","inLanguage":"fr-FR","@id":"https:\/\/www.webdo.tn\/fr\/actualite\/international\/jambe-cassee-pour-john-kerry-apres-une-chute-de-velo\/184120\/#primaryimage","url":"https:\/\/www.webdo.tn\/fr\/wp-content\/uploads\/2025\/06\/kerry-en-velo-300x172_184120.png","contentUrl":"https:\/\/www.webdo.tn\/fr\/wp-content\/uploads\/2025\/06\/kerry-en-velo-300x172_184120.png","width":300,"height":172,"caption":"Jambe cass\u00e9e pour John Kerry apr\u00e8s une chute de v\u00e9lo !"},{"@type":"BreadcrumbList","@id":"https:\/\/www.webdo.tn\/fr\/actualite\/international\/jambe-cassee-pour-john-kerry-apres-une-chute-de-velo\/184120\/#breadcrumb","itemListElement":[{"@type":"ListItem","position":1,"name":"Accueil","item":"https:\/\/www.webdo.tn\/fr\/"},{"@type":"ListItem","position":2,"name":"Jambe cass\u00e9e pour John Kerry apr\u00e8s une chute de v\u00e9lo !"}]},{"@type":"WebSite","@id":"https:\/\/www.webdo.tn\/fr\/#website","url":"https:\/\/www.webdo.tn\/fr\/","name":"webdo","description":"Tunisie - News en Tunisie et \u00e0 l&#039;international sur Webdo.tn","publisher":{"@id":"https:\/\/www.webdo.tn\/fr\/#organization"},"potentialAction":[{"@type":"SearchAction","target":{"@type":"EntryPoint","urlTemplate":"https:\/\/www.webdo.tn\/fr\/?s={search_term_string}"},"query-input":{"@type":"PropertyValueSpecification","valueRequired":true,"valueName":"search_term_string"}}],"inLanguage":"fr-FR"},{"@type":"Organization","@id":"https:\/\/www.webdo.tn\/fr\/#organization","name":"Webdo","alternateName":"Webdo.tn","url":"https:\/\/www.webdo.tn\/fr\/","logo":{"@type":"ImageObject","inLanguage":"fr-FR","@id":"https:\/\/www.webdo.tn\/fr\/#\/schema\/logo\/image\/","url":"https:\/\/www.webdo.tn\/fr\/wp-content\/uploads\/2025\/06\/Webdo-Tunisie_168377.jpg","contentUrl":"https:\/\/www.webdo.tn\/fr\/wp-content\/uploads\/2025\/06\/Webdo-Tunisie_168377.jpg","width":301,"height":301,"caption":"Webdo"},"image":{"@id":"https:\/\/www.webdo.tn\/fr\/#\/schema\/logo\/image\/"},"sameAs":["https:\/\/www.facebook.com\/webdotn","https:\/\/x.com\/webdo_tn"],"description":"Webdo est un m\u00e9dia num\u00e9rique tunisien fond\u00e9 en 2010, sp\u00e9cialis\u00e9 dans l\u2019actualit\u00e9 nationale et internationale, l\u2019\u00e9conomie, la soci\u00e9t\u00e9 et les analyses politiques. Le site s\u2019adresse \u00e0 un large public francophone et couvre l\u2019information tunisienne en temps r\u00e9el.","email":"redac@webdo.tn","legalName":"YNJ SARL","foundingDate":"2010-09-06","numberOfEmployees":{"@type":"QuantitativeValue","minValue":"11","maxValue":"50"}},{"@type":"Person","@id":"https:\/\/www.webdo.tn\/fr\/#\/schema\/person\/9a9c6118d687c117df8ef3cc36a4d175","name":"webdo.tn","image":{"@type":"ImageObject","inLanguage":"fr-FR","@id":"https:\/\/secure.gravatar.com\/avatar\/7ce1f28c0c3bbac99ff550b85ef8e44a6950c6ee24514fb6a5489e51d06f0298?s=96&d=mm&r=g","url":"https:\/\/secure.gravatar.com\/avatar\/7ce1f28c0c3bbac99ff550b85ef8e44a6950c6ee24514fb6a5489e51d06f0298?s=96&d=mm&r=g","contentUrl":"https:\/\/secure.gravatar.com\/avatar\/7ce1f28c0c3bbac99ff550b85ef8e44a6950c6ee24514fb6a5489e51d06f0298?s=96&d=mm&r=g","caption":"webdo.tn"},"url":"https:\/\/www.webdo.tn\/fr\/actualite\/author\/webdotn\/"}]}},"_links":{"self":[{"href":"https:\/\/www.webdo.tn\/fr\/wp-json\/wp\/v2\/posts\/184120","targetHints":{"allow":["GET"]}}],"collection":[{"href":"https:\/\/www.webdo.tn\/fr\/wp-json\/wp\/v2\/posts"}],"about":[{"href":"https:\/\/www.webdo.tn\/fr\/wp-json\/wp\/v2\/types\/post"}],"author":[{"embeddable":true,"href":"https:\/\/www.webdo.tn\/fr\/wp-json\/wp\/v2\/users\/3222"}],"replies":[{"embeddable":true,"href":"https:\/\/www.webdo.tn\/fr\/wp-json\/wp\/v2\/comments?post=184120"}],"version-history":[{"count":0,"href":"https:\/\/www.webdo.tn\/fr\/wp-json\/wp\/v2\/posts\/184120\/revisions"}],"wp:featuredmedia":[{"embeddable":true,"href":"https:\/\/www.webdo.tn\/fr\/wp-json\/wp\/v2\/media\/372985"}],"wp:attachment":[{"href":"https:\/\/www.webdo.tn\/fr\/wp-json\/wp\/v2\/media?parent=184120"}],"wp:term":[{"taxonomy":"category","embeddable":true,"href":"https:\/\/www.webdo.tn\/fr\/wp-json\/wp\/v2\/categories?post=184120"},{"taxonomy":"post_tag","embeddable":true,"href":"https:\/\/www.webdo.tn\/fr\/wp-json\/wp\/v2\/tags?post=184120"}],"curies":[{"name":"wp","href":"https:\/\/api.w.org\/{rel}","templated":true}]}}