{"id":184119,"date":"2015-06-01T13:11:00","date_gmt":"2015-06-01T13:11:00","guid":{"rendered":"https:\/\/www.webdo.tn\/fr\/blog\/en-france-lump-devient-les-republicains-et-ca-bat-deja-de-laile\/184119\/"},"modified":"2025-05-19T10:15:00","modified_gmt":"2025-05-19T10:15:00","slug":"en-france-lump-devient-les-republicains-et-ca-bat-deja-de-laile","status":"publish","type":"post","link":"https:\/\/www.webdo.tn\/fr\/actualite\/international\/en-france-lump-devient-les-republicains-et-ca-bat-deja-de-laile\/184119\/","title":{"rendered":"En France l&rsquo;UMP devient \u00ab\u00a0Les R\u00e9publicains\u00a0\u00bb, et \u00e7a bat d\u00e9j\u00e0 de l&rsquo;aile"},"content":{"rendered":"<p>En France, 83.3% des militants adh\u00e9rents \u00e0 l&rsquo;Union pour un mouvement populaire (UMP) ont accept\u00e9 le changement de nom du parti de droite en \u00ab\u00a0Les R\u00e9publicains\u00a0\u00bb.<\/p>\n<p>L&rsquo;entr\u00e9e en mati\u00e8re de ce \u00ab\u00a0nouveau\u00a0\u00bb parti, en mode recyclage, qui cherche \u00e0 tous prix \u00e0 faire peau neuve, commence avec son lot de drames digne d&rsquo;une telenovelas mexicaine.<\/p>\n<p>Comment faire table rase du pass\u00e9 quand on tra\u00eene treize ans de casseroles derri\u00e8re soi ?<br \/>\nCe qui est s\u00fbr, c&rsquo;est que la premi\u00e8re r\u00e9union des \u00ab\u00a0R\u00e9publicains\u00a0\u00bb consacr\u00e9e \u00e0 l&rsquo;Islam aura fait l&rsquo;objet d&rsquo;une vive critique sur les r\u00e9seaux sociaux.<\/p>\n<p>Quant \u00e0 Alain Jupp\u00e9 et Fran\u00e7ois Fillon, ils ont\u00a0\u00e9t\u00e9 hu\u00e9s lors du congr\u00e8s fondateur du nouveau b\u00e9b\u00e9 de Nicolas Sarkozy. Si le parti voulait faire peau neuve, il semble que les fissures engendr\u00e9es par les ann\u00e9es pass\u00e9es refassent surface.<\/p>\n<p>La num\u00e9ro deux du parti, Nathalie Kosciusko-Morizet (NKM pour les intimes) serait d\u00e9j\u00e0 sur le si\u00e8ge \u00e9jectable des \u00ab\u00a0R\u00e9publicains\u00a0\u00bb.<br \/>\nL&rsquo;appropriation d&rsquo;un nom<br \/>\nParlant d&rsquo;un \u00ab\u00a0hold-up s\u00e9mantique\u00a0\u00bb, l&rsquo;attribution du nom \u00ab\u00a0les R\u00e9publicains\u00a0\u00bb\u00a0a \u00e9t\u00e9 port\u00e9e en justice par plusieurs partis et collectifs de gauche, notamment \u00ab\u00a0Nous sommes les R\u00e9publicains\u00a0\u00bb qui pointait du doigt le fait que \u00ab\u00a0aucun parti du peuple fran\u00e7ais ne peut revendiquer l&rsquo;usage exclusif de cette appellation\u00a0\u00bb.\u00a0<br \/>\n[quote_box_center]Nous sommes tous R\u00e9publicains comme le pr\u00e9cise le premier article de la constitution fran\u00e7aise qui dit que la France est une r\u00e9publique indivisible. Et l\u00e0, deux tiers de la population est exclue.[\/quote_box_center]<br \/>\nQuant aux m\u00e9dias fran\u00e7ais, ils gal\u00e8rent d\u00e9j\u00e0 pour savoir comment ils vont bien pouvoir appeler l&rsquo;ex-UMP. Ex-UMP c&rsquo;est en tous cas le nom qu&rsquo;\u00e0 choisit l&rsquo;hebdomadaire Marianne :<\/p>\n<p>Marianne ne dira pas \u00ab\u00a0les R\u00e9publicains\u00a0\u00bb. C&rsquo;est une forfaiture absolue mais les ex-UMP @LCPan pic.twitter.com\/rkrAbf6P70<br \/>\n\u2014 Mace-Scaron Joseph (@MaceScaron) 27 Mai 2015<\/p>\n<p>Echo am\u00e9ricain ?<\/p>\n<p>#UMP \u2014&gt; #LesRepublicains Les partis de Nicolas Sarkozy &amp; de George W. Bush portent le m\u00eame nom. Est-ce une co\u00efncidence ?<\/p>\n<p>\u2014 excellence&amp;modestie (@P_____P___) 1 Juin 2015<\/p>\n<p>On pourrait penser que c&rsquo;est l&rsquo;\u00e9cho au parti am\u00e9ricain conservateur qui effrayait les fran\u00e7ais gauchisant, mais en fait c&rsquo;\u00e9tait plut\u00f4t parce que le mot en lui-m\u00eame repr\u00e9sente beaucoup de choses pour les Fran\u00e7ais (juste la base de leur Constitution).<\/p>\n<p>Certains se posent tout de m\u00eame la question : et si les R\u00e9publicains fran\u00e7ais singeaient les r\u00e9publicains am\u00e9ricains\u00a0?<\/p>\n<p>Y aurait-il une co\u00efncidence entre le parti conservateur des Etats-Unis et le nouveau nom du parti de droite fran\u00e7ais ? La r\u00e9ponses est non, les valeurs entre les deux sont bien diff\u00e9rentes.<\/p>\n<p>En fait, aux Etats-Unis, le parti d\u00e9mocrate a de nombreuses id\u00e9es de droite et le parti r\u00e9publicain, bien que conservateur, a quand m\u00eame des id\u00e9es de gauche et en France les fronti\u00e8res entre le Parti socialiste et le parti de droite sont minces.<\/p>\n<p>D&rsquo;ailleurs la majorit\u00e9 des \u00ab R\u00e9publicains\u00a0\u00bb fran\u00e7ais auraient plut\u00f4t tendance \u00e0 voter pour les d\u00e9mocrates am\u00e9ricains. Donc non, il n&rsquo;y aura pas de bataille R\u00e9publicains VS D\u00e9mocrates en France m\u00eame si certains semblent le croire.<br \/>\nComme aux US @lesRepublicains ex UMP face aux #d\u00e9mocrates ex PS (le nom n&rsquo;a pas encore chang\u00e9 mais @manuelvalls y arrivera)<\/p>\n<p>\u2014 jean herv\u00e9 (@IanisJean) 1 Juin 2015<br \/>\nTout ce qu&rsquo;ils partagent c&rsquo;est un nom, et des primaires qui tomberont \u00e0 la m\u00eame date, avec pour les \u00ab\u00a0R\u00e9publicains\u00a0\u00bb fran\u00e7ais un Nicolas Sarkozy qui a mis tout en \u0153uvre pour revenir sur le devant de la sc\u00e8ne m\u00e9diatique, avec un panache \u00e0 l&rsquo;am\u00e9ricaine, preuve \u00e0 l&rsquo;appui :\u00a0<\/p>\n<p>Et maintenant \u00ab\u00a0Les R\u00e9publicains\u00a0\u00bb : on en parle avec @nicodomenach dans #LNE pic.twitter.com\/aU3pzxfivk \u2014 La Nouvelle \u00c9dition (@LNEcanal) 1 Juin 2015<\/p>\n","protected":false},"excerpt":{"rendered":"<p>En France l&rsquo;UMP devient  Les R\u00e9publicains , et \u00e7a bat d\u00e9j\u00e0 de l&rsquo;aile<\/p>\n","protected":false},"author":3222,"featured_media":318193,"comment_status":"open","ping_status":"closed","sticky":false,"template":"","format":"standard","meta":{"footnotes":""},"categories":[2598],"tags":[2600],"class_list":["post-184119","post","type-post","status-publish","format-standard","has-post-thumbnail","hentry","category-international","tag-guerre"],"yoast_head":"<!-- This site is optimized with the Yoast SEO Premium plugin v27.5 (Yoast SEO v27.5) - https:\/\/yoast.com\/product\/yoast-seo-premium-wordpress\/ -->\n<title>En France l&#039;UMP devient Les R\u00e9publicains , et \u00e7a bat d\u00e9j\u00e0 de l&#039;aile<\/title>\n<meta name=\"description\" content=\"En France l&#039;UMP devient Les R\u00e9publicains , et \u00e7a bat d\u00e9j\u00e0 de l&#039;aile\" \/>\n<link rel=\"canonical\" href=\"https:\/\/www.webdo.tn\/fr\/actualite\/international\/en-france-lump-devient-les-republicains-et-ca-bat-deja-de-laile\/184119\/\" \/>\n<meta property=\"og:locale\" content=\"fr_FR\" \/>\n<meta property=\"og:type\" content=\"article\" \/>\n<meta property=\"og:title\" content=\"En France l&#039;UMP devient &quot;Les R\u00e9publicains&quot;, et \u00e7a bat d\u00e9j\u00e0 de l&#039;aile\" \/>\n<meta property=\"og:description\" content=\"En France l&#039;UMP devient Les R\u00e9publicains , et \u00e7a bat d\u00e9j\u00e0 de l&#039;aile\" \/>\n<meta property=\"og:url\" content=\"https:\/\/www.webdo.tn\/fr\/actualite\/international\/en-france-lump-devient-les-republicains-et-ca-bat-deja-de-laile\/184119\/\" \/>\n<meta property=\"og:site_name\" content=\"webdo\" \/>\n<meta property=\"article:publisher\" content=\"https:\/\/www.facebook.com\/webdotn\" \/>\n<meta property=\"article:published_time\" content=\"2015-06-01T13:11:00+00:00\" \/>\n<meta property=\"article:modified_time\" content=\"2025-05-19T10:15:00+00:00\" \/>\n<meta property=\"og:image\" content=\"https:\/\/www.webdo.tn\/fr\/wp-content\/uploads\/2015\/06\/webdo_default-27.jpg\" \/>\n\t<meta property=\"og:image:width\" content=\"800\" \/>\n\t<meta property=\"og:image:height\" content=\"500\" \/>\n\t<meta property=\"og:image:type\" content=\"image\/jpeg\" \/>\n<meta name=\"author\" content=\"webdo.tn\" \/>\n<meta name=\"twitter:card\" content=\"summary_large_image\" \/>\n<meta name=\"twitter:creator\" content=\"@webdo_tn\" \/>\n<meta name=\"twitter:site\" content=\"@webdo_tn\" \/>\n<meta name=\"twitter:label1\" content=\"\u00c9crit par\" \/>\n\t<meta name=\"twitter:data1\" content=\"webdo.tn\" \/>\n\t<meta name=\"twitter:label2\" content=\"Dur\u00e9e de lecture estim\u00e9e\" \/>\n\t<meta name=\"twitter:data2\" content=\"3 minutes\" \/>\n<script type=\"application\/ld+json\" class=\"yoast-schema-graph\">{\"@context\":\"https:\\\/\\\/schema.org\",\"@graph\":[{\"@type\":\"NewsArticle\",\"@id\":\"https:\\\/\\\/www.webdo.tn\\\/fr\\\/actualite\\\/international\\\/en-france-lump-devient-les-republicains-et-ca-bat-deja-de-laile\\\/184119\\\/#article\",\"isPartOf\":{\"@id\":\"https:\\\/\\\/www.webdo.tn\\\/fr\\\/actualite\\\/international\\\/en-france-lump-devient-les-republicains-et-ca-bat-deja-de-laile\\\/184119\\\/\"},\"author\":{\"name\":\"webdo.tn\",\"@id\":\"https:\\\/\\\/www.webdo.tn\\\/fr\\\/#\\\/schema\\\/person\\\/9a9c6118d687c117df8ef3cc36a4d175\"},\"headline\":\"En France l&rsquo;UMP devient \u00ab\u00a0Les R\u00e9publicains\u00a0\u00bb, et \u00e7a bat d\u00e9j\u00e0 de l&rsquo;aile\",\"datePublished\":\"2015-06-01T13:11:00+00:00\",\"dateModified\":\"2025-05-19T10:15:00+00:00\",\"mainEntityOfPage\":{\"@id\":\"https:\\\/\\\/www.webdo.tn\\\/fr\\\/actualite\\\/international\\\/en-france-lump-devient-les-republicains-et-ca-bat-deja-de-laile\\\/184119\\\/\"},\"wordCount\":684,\"commentCount\":0,\"publisher\":{\"@id\":\"https:\\\/\\\/www.webdo.tn\\\/fr\\\/#organization\"},\"image\":{\"@id\":\"https:\\\/\\\/www.webdo.tn\\\/fr\\\/actualite\\\/international\\\/en-france-lump-devient-les-republicains-et-ca-bat-deja-de-laile\\\/184119\\\/#primaryimage\"},\"thumbnailUrl\":\"https:\\\/\\\/www.webdo.tn\\\/fr\\\/wp-content\\\/uploads\\\/2015\\\/06\\\/webdo_default-27.jpg\",\"keywords\":[\"guerre\"],\"articleSection\":[\"International\"],\"inLanguage\":\"fr-FR\"},{\"@type\":\"WebPage\",\"@id\":\"https:\\\/\\\/www.webdo.tn\\\/fr\\\/actualite\\\/international\\\/en-france-lump-devient-les-republicains-et-ca-bat-deja-de-laile\\\/184119\\\/\",\"url\":\"https:\\\/\\\/www.webdo.tn\\\/fr\\\/actualite\\\/international\\\/en-france-lump-devient-les-republicains-et-ca-bat-deja-de-laile\\\/184119\\\/\",\"name\":\"En France l'UMP devient Les R\u00e9publicains , et \u00e7a bat d\u00e9j\u00e0 de l'aile\",\"isPartOf\":{\"@id\":\"https:\\\/\\\/www.webdo.tn\\\/fr\\\/#website\"},\"primaryImageOfPage\":{\"@id\":\"https:\\\/\\\/www.webdo.tn\\\/fr\\\/actualite\\\/international\\\/en-france-lump-devient-les-republicains-et-ca-bat-deja-de-laile\\\/184119\\\/#primaryimage\"},\"image\":{\"@id\":\"https:\\\/\\\/www.webdo.tn\\\/fr\\\/actualite\\\/international\\\/en-france-lump-devient-les-republicains-et-ca-bat-deja-de-laile\\\/184119\\\/#primaryimage\"},\"thumbnailUrl\":\"https:\\\/\\\/www.webdo.tn\\\/fr\\\/wp-content\\\/uploads\\\/2015\\\/06\\\/webdo_default-27.jpg\",\"datePublished\":\"2015-06-01T13:11:00+00:00\",\"dateModified\":\"2025-05-19T10:15:00+00:00\",\"description\":\"En France l'UMP devient Les R\u00e9publicains , et \u00e7a bat d\u00e9j\u00e0 de l'aile\",\"breadcrumb\":{\"@id\":\"https:\\\/\\\/www.webdo.tn\\\/fr\\\/actualite\\\/international\\\/en-france-lump-devient-les-republicains-et-ca-bat-deja-de-laile\\\/184119\\\/#breadcrumb\"},\"inLanguage\":\"fr-FR\",\"potentialAction\":[{\"@type\":\"ReadAction\",\"target\":[\"https:\\\/\\\/www.webdo.tn\\\/fr\\\/actualite\\\/international\\\/en-france-lump-devient-les-republicains-et-ca-bat-deja-de-laile\\\/184119\\\/\"]}]},{\"@type\":\"ImageObject\",\"inLanguage\":\"fr-FR\",\"@id\":\"https:\\\/\\\/www.webdo.tn\\\/fr\\\/actualite\\\/international\\\/en-france-lump-devient-les-republicains-et-ca-bat-deja-de-laile\\\/184119\\\/#primaryimage\",\"url\":\"https:\\\/\\\/www.webdo.tn\\\/fr\\\/wp-content\\\/uploads\\\/2015\\\/06\\\/webdo_default-27.jpg\",\"contentUrl\":\"https:\\\/\\\/www.webdo.tn\\\/fr\\\/wp-content\\\/uploads\\\/2015\\\/06\\\/webdo_default-27.jpg\",\"width\":800,\"height\":500,\"caption\":\"En France l'UMP devient \\\"Les R\u00e9publicains\\\", et \u00e7a bat d\u00e9j\u00e0 de l'aile\"},{\"@type\":\"BreadcrumbList\",\"@id\":\"https:\\\/\\\/www.webdo.tn\\\/fr\\\/actualite\\\/international\\\/en-france-lump-devient-les-republicains-et-ca-bat-deja-de-laile\\\/184119\\\/#breadcrumb\",\"itemListElement\":[{\"@type\":\"ListItem\",\"position\":1,\"name\":\"Accueil\",\"item\":\"https:\\\/\\\/www.webdo.tn\\\/fr\\\/\"},{\"@type\":\"ListItem\",\"position\":2,\"name\":\"En France l&rsquo;UMP devient \u00ab\u00a0Les R\u00e9publicains\u00a0\u00bb, et \u00e7a bat d\u00e9j\u00e0 de l&rsquo;aile\"}]},{\"@type\":\"WebSite\",\"@id\":\"https:\\\/\\\/www.webdo.tn\\\/fr\\\/#website\",\"url\":\"https:\\\/\\\/www.webdo.tn\\\/fr\\\/\",\"name\":\"webdo\",\"description\":\"Tunisie - News en Tunisie et \u00e0 l&#039;international sur Webdo.tn\",\"publisher\":{\"@id\":\"https:\\\/\\\/www.webdo.tn\\\/fr\\\/#organization\"},\"potentialAction\":[{\"@type\":\"SearchAction\",\"target\":{\"@type\":\"EntryPoint\",\"urlTemplate\":\"https:\\\/\\\/www.webdo.tn\\\/fr\\\/?s={search_term_string}\"},\"query-input\":{\"@type\":\"PropertyValueSpecification\",\"valueRequired\":true,\"valueName\":\"search_term_string\"}}],\"inLanguage\":\"fr-FR\"},{\"@type\":\"Organization\",\"@id\":\"https:\\\/\\\/www.webdo.tn\\\/fr\\\/#organization\",\"name\":\"Webdo\",\"alternateName\":\"Webdo.tn\",\"url\":\"https:\\\/\\\/www.webdo.tn\\\/fr\\\/\",\"logo\":{\"@type\":\"ImageObject\",\"inLanguage\":\"fr-FR\",\"@id\":\"https:\\\/\\\/www.webdo.tn\\\/fr\\\/#\\\/schema\\\/logo\\\/image\\\/\",\"url\":\"https:\\\/\\\/www.webdo.tn\\\/fr\\\/wp-content\\\/uploads\\\/2025\\\/06\\\/Webdo-Tunisie_168377.jpg\",\"contentUrl\":\"https:\\\/\\\/www.webdo.tn\\\/fr\\\/wp-content\\\/uploads\\\/2025\\\/06\\\/Webdo-Tunisie_168377.jpg\",\"width\":301,\"height\":301,\"caption\":\"Webdo\"},\"image\":{\"@id\":\"https:\\\/\\\/www.webdo.tn\\\/fr\\\/#\\\/schema\\\/logo\\\/image\\\/\"},\"sameAs\":[\"https:\\\/\\\/www.facebook.com\\\/webdotn\",\"https:\\\/\\\/x.com\\\/webdo_tn\"],\"description\":\"Webdo est un m\u00e9dia num\u00e9rique tunisien fond\u00e9 en 2010, sp\u00e9cialis\u00e9 dans l\u2019actualit\u00e9 nationale et internationale, l\u2019\u00e9conomie, la soci\u00e9t\u00e9 et les analyses politiques. Le site s\u2019adresse \u00e0 un large public francophone et couvre l\u2019information tunisienne en temps r\u00e9el.\",\"email\":\"redac@webdo.tn\",\"legalName\":\"YNJ SARL\",\"foundingDate\":\"2010-09-06\",\"numberOfEmployees\":{\"@type\":\"QuantitativeValue\",\"minValue\":\"11\",\"maxValue\":\"50\"}},{\"@type\":\"Person\",\"@id\":\"https:\\\/\\\/www.webdo.tn\\\/fr\\\/#\\\/schema\\\/person\\\/9a9c6118d687c117df8ef3cc36a4d175\",\"name\":\"webdo.tn\",\"image\":{\"@type\":\"ImageObject\",\"inLanguage\":\"fr-FR\",\"@id\":\"https:\\\/\\\/secure.gravatar.com\\\/avatar\\\/7ce1f28c0c3bbac99ff550b85ef8e44a6950c6ee24514fb6a5489e51d06f0298?s=96&d=mm&r=g\",\"url\":\"https:\\\/\\\/secure.gravatar.com\\\/avatar\\\/7ce1f28c0c3bbac99ff550b85ef8e44a6950c6ee24514fb6a5489e51d06f0298?s=96&d=mm&r=g\",\"contentUrl\":\"https:\\\/\\\/secure.gravatar.com\\\/avatar\\\/7ce1f28c0c3bbac99ff550b85ef8e44a6950c6ee24514fb6a5489e51d06f0298?s=96&d=mm&r=g\",\"caption\":\"webdo.tn\"},\"url\":\"https:\\\/\\\/www.webdo.tn\\\/fr\\\/actualite\\\/author\\\/webdotn\\\/\"}]}<\/script>\n<!-- \/ Yoast SEO Premium plugin. -->","yoast_head_json":{"title":"En France l'UMP devient Les R\u00e9publicains , et \u00e7a bat d\u00e9j\u00e0 de l'aile","description":"En France l'UMP devient Les R\u00e9publicains , et \u00e7a bat d\u00e9j\u00e0 de l'aile","canonical":"https:\/\/www.webdo.tn\/fr\/actualite\/international\/en-france-lump-devient-les-republicains-et-ca-bat-deja-de-laile\/184119\/","og_locale":"fr_FR","og_type":"article","og_title":"En France l'UMP devient \"Les R\u00e9publicains\", et \u00e7a bat d\u00e9j\u00e0 de l'aile","og_description":"En France l'UMP devient Les R\u00e9publicains , et \u00e7a bat d\u00e9j\u00e0 de l'aile","og_url":"https:\/\/www.webdo.tn\/fr\/actualite\/international\/en-france-lump-devient-les-republicains-et-ca-bat-deja-de-laile\/184119\/","og_site_name":"webdo","article_publisher":"https:\/\/www.facebook.com\/webdotn","article_published_time":"2015-06-01T13:11:00+00:00","article_modified_time":"2025-05-19T10:15:00+00:00","og_image":[{"width":800,"height":500,"url":"https:\/\/www.webdo.tn\/fr\/wp-content\/uploads\/2015\/06\/webdo_default-27.jpg","type":"image\/jpeg"}],"author":"webdo.tn","twitter_card":"summary_large_image","twitter_creator":"@webdo_tn","twitter_site":"@webdo_tn","twitter_misc":{"\u00c9crit par":"webdo.tn","Dur\u00e9e de lecture estim\u00e9e":"3 minutes"},"schema":{"@context":"https:\/\/schema.org","@graph":[{"@type":"NewsArticle","@id":"https:\/\/www.webdo.tn\/fr\/actualite\/international\/en-france-lump-devient-les-republicains-et-ca-bat-deja-de-laile\/184119\/#article","isPartOf":{"@id":"https:\/\/www.webdo.tn\/fr\/actualite\/international\/en-france-lump-devient-les-republicains-et-ca-bat-deja-de-laile\/184119\/"},"author":{"name":"webdo.tn","@id":"https:\/\/www.webdo.tn\/fr\/#\/schema\/person\/9a9c6118d687c117df8ef3cc36a4d175"},"headline":"En France l&rsquo;UMP devient \u00ab\u00a0Les R\u00e9publicains\u00a0\u00bb, et \u00e7a bat d\u00e9j\u00e0 de l&rsquo;aile","datePublished":"2015-06-01T13:11:00+00:00","dateModified":"2025-05-19T10:15:00+00:00","mainEntityOfPage":{"@id":"https:\/\/www.webdo.tn\/fr\/actualite\/international\/en-france-lump-devient-les-republicains-et-ca-bat-deja-de-laile\/184119\/"},"wordCount":684,"commentCount":0,"publisher":{"@id":"https:\/\/www.webdo.tn\/fr\/#organization"},"image":{"@id":"https:\/\/www.webdo.tn\/fr\/actualite\/international\/en-france-lump-devient-les-republicains-et-ca-bat-deja-de-laile\/184119\/#primaryimage"},"thumbnailUrl":"https:\/\/www.webdo.tn\/fr\/wp-content\/uploads\/2015\/06\/webdo_default-27.jpg","keywords":["guerre"],"articleSection":["International"],"inLanguage":"fr-FR"},{"@type":"WebPage","@id":"https:\/\/www.webdo.tn\/fr\/actualite\/international\/en-france-lump-devient-les-republicains-et-ca-bat-deja-de-laile\/184119\/","url":"https:\/\/www.webdo.tn\/fr\/actualite\/international\/en-france-lump-devient-les-republicains-et-ca-bat-deja-de-laile\/184119\/","name":"En France l'UMP devient Les R\u00e9publicains , et \u00e7a bat d\u00e9j\u00e0 de l'aile","isPartOf":{"@id":"https:\/\/www.webdo.tn\/fr\/#website"},"primaryImageOfPage":{"@id":"https:\/\/www.webdo.tn\/fr\/actualite\/international\/en-france-lump-devient-les-republicains-et-ca-bat-deja-de-laile\/184119\/#primaryimage"},"image":{"@id":"https:\/\/www.webdo.tn\/fr\/actualite\/international\/en-france-lump-devient-les-republicains-et-ca-bat-deja-de-laile\/184119\/#primaryimage"},"thumbnailUrl":"https:\/\/www.webdo.tn\/fr\/wp-content\/uploads\/2015\/06\/webdo_default-27.jpg","datePublished":"2015-06-01T13:11:00+00:00","dateModified":"2025-05-19T10:15:00+00:00","description":"En France l'UMP devient Les R\u00e9publicains , et \u00e7a bat d\u00e9j\u00e0 de l'aile","breadcrumb":{"@id":"https:\/\/www.webdo.tn\/fr\/actualite\/international\/en-france-lump-devient-les-republicains-et-ca-bat-deja-de-laile\/184119\/#breadcrumb"},"inLanguage":"fr-FR","potentialAction":[{"@type":"ReadAction","target":["https:\/\/www.webdo.tn\/fr\/actualite\/international\/en-france-lump-devient-les-republicains-et-ca-bat-deja-de-laile\/184119\/"]}]},{"@type":"ImageObject","inLanguage":"fr-FR","@id":"https:\/\/www.webdo.tn\/fr\/actualite\/international\/en-france-lump-devient-les-republicains-et-ca-bat-deja-de-laile\/184119\/#primaryimage","url":"https:\/\/www.webdo.tn\/fr\/wp-content\/uploads\/2015\/06\/webdo_default-27.jpg","contentUrl":"https:\/\/www.webdo.tn\/fr\/wp-content\/uploads\/2015\/06\/webdo_default-27.jpg","width":800,"height":500,"caption":"En France l'UMP devient \"Les R\u00e9publicains\", et \u00e7a bat d\u00e9j\u00e0 de l'aile"},{"@type":"BreadcrumbList","@id":"https:\/\/www.webdo.tn\/fr\/actualite\/international\/en-france-lump-devient-les-republicains-et-ca-bat-deja-de-laile\/184119\/#breadcrumb","itemListElement":[{"@type":"ListItem","position":1,"name":"Accueil","item":"https:\/\/www.webdo.tn\/fr\/"},{"@type":"ListItem","position":2,"name":"En France l&rsquo;UMP devient \u00ab\u00a0Les R\u00e9publicains\u00a0\u00bb, et \u00e7a bat d\u00e9j\u00e0 de l&rsquo;aile"}]},{"@type":"WebSite","@id":"https:\/\/www.webdo.tn\/fr\/#website","url":"https:\/\/www.webdo.tn\/fr\/","name":"webdo","description":"Tunisie - News en Tunisie et \u00e0 l&#039;international sur Webdo.tn","publisher":{"@id":"https:\/\/www.webdo.tn\/fr\/#organization"},"potentialAction":[{"@type":"SearchAction","target":{"@type":"EntryPoint","urlTemplate":"https:\/\/www.webdo.tn\/fr\/?s={search_term_string}"},"query-input":{"@type":"PropertyValueSpecification","valueRequired":true,"valueName":"search_term_string"}}],"inLanguage":"fr-FR"},{"@type":"Organization","@id":"https:\/\/www.webdo.tn\/fr\/#organization","name":"Webdo","alternateName":"Webdo.tn","url":"https:\/\/www.webdo.tn\/fr\/","logo":{"@type":"ImageObject","inLanguage":"fr-FR","@id":"https:\/\/www.webdo.tn\/fr\/#\/schema\/logo\/image\/","url":"https:\/\/www.webdo.tn\/fr\/wp-content\/uploads\/2025\/06\/Webdo-Tunisie_168377.jpg","contentUrl":"https:\/\/www.webdo.tn\/fr\/wp-content\/uploads\/2025\/06\/Webdo-Tunisie_168377.jpg","width":301,"height":301,"caption":"Webdo"},"image":{"@id":"https:\/\/www.webdo.tn\/fr\/#\/schema\/logo\/image\/"},"sameAs":["https:\/\/www.facebook.com\/webdotn","https:\/\/x.com\/webdo_tn"],"description":"Webdo est un m\u00e9dia num\u00e9rique tunisien fond\u00e9 en 2010, sp\u00e9cialis\u00e9 dans l\u2019actualit\u00e9 nationale et internationale, l\u2019\u00e9conomie, la soci\u00e9t\u00e9 et les analyses politiques. Le site s\u2019adresse \u00e0 un large public francophone et couvre l\u2019information tunisienne en temps r\u00e9el.","email":"redac@webdo.tn","legalName":"YNJ SARL","foundingDate":"2010-09-06","numberOfEmployees":{"@type":"QuantitativeValue","minValue":"11","maxValue":"50"}},{"@type":"Person","@id":"https:\/\/www.webdo.tn\/fr\/#\/schema\/person\/9a9c6118d687c117df8ef3cc36a4d175","name":"webdo.tn","image":{"@type":"ImageObject","inLanguage":"fr-FR","@id":"https:\/\/secure.gravatar.com\/avatar\/7ce1f28c0c3bbac99ff550b85ef8e44a6950c6ee24514fb6a5489e51d06f0298?s=96&d=mm&r=g","url":"https:\/\/secure.gravatar.com\/avatar\/7ce1f28c0c3bbac99ff550b85ef8e44a6950c6ee24514fb6a5489e51d06f0298?s=96&d=mm&r=g","contentUrl":"https:\/\/secure.gravatar.com\/avatar\/7ce1f28c0c3bbac99ff550b85ef8e44a6950c6ee24514fb6a5489e51d06f0298?s=96&d=mm&r=g","caption":"webdo.tn"},"url":"https:\/\/www.webdo.tn\/fr\/actualite\/author\/webdotn\/"}]}},"_links":{"self":[{"href":"https:\/\/www.webdo.tn\/fr\/wp-json\/wp\/v2\/posts\/184119","targetHints":{"allow":["GET"]}}],"collection":[{"href":"https:\/\/www.webdo.tn\/fr\/wp-json\/wp\/v2\/posts"}],"about":[{"href":"https:\/\/www.webdo.tn\/fr\/wp-json\/wp\/v2\/types\/post"}],"author":[{"embeddable":true,"href":"https:\/\/www.webdo.tn\/fr\/wp-json\/wp\/v2\/users\/3222"}],"replies":[{"embeddable":true,"href":"https:\/\/www.webdo.tn\/fr\/wp-json\/wp\/v2\/comments?post=184119"}],"version-history":[{"count":0,"href":"https:\/\/www.webdo.tn\/fr\/wp-json\/wp\/v2\/posts\/184119\/revisions"}],"wp:featuredmedia":[{"embeddable":true,"href":"https:\/\/www.webdo.tn\/fr\/wp-json\/wp\/v2\/media\/318193"}],"wp:attachment":[{"href":"https:\/\/www.webdo.tn\/fr\/wp-json\/wp\/v2\/media?parent=184119"}],"wp:term":[{"taxonomy":"category","embeddable":true,"href":"https:\/\/www.webdo.tn\/fr\/wp-json\/wp\/v2\/categories?post=184119"},{"taxonomy":"post_tag","embeddable":true,"href":"https:\/\/www.webdo.tn\/fr\/wp-json\/wp\/v2\/tags?post=184119"}],"curies":[{"name":"wp","href":"https:\/\/api.w.org\/{rel}","templated":true}]}}