{"id":184118,"date":"2015-06-01T15:02:00","date_gmt":"2015-06-01T15:02:00","guid":{"rendered":"https:\/\/www.webdo.tn\/fr\/blog\/libye-attentat-suicide-dun-tunisien-revendique-par-letat-islamique\/184118\/"},"modified":"2025-05-19T10:14:58","modified_gmt":"2025-05-19T10:14:58","slug":"libye-attentat-suicide-dun-tunisien-revendique-par-letat-islamique","status":"publish","type":"post","link":"https:\/\/www.webdo.tn\/fr\/actualite\/international\/libye-attentat-suicide-dun-tunisien-revendique-par-letat-islamique\/184118\/","title":{"rendered":"Libye : Attentat-suicide d&rsquo;un Tunisien, revendiqu\u00e9 par l&rsquo;Etat Islamique"},"content":{"rendered":"<p>Dans la nuit de samedi 30 mai au dimanche 31 mai, un attentat-suicide a fait cinq mort et sept bless\u00e9s parmi la coalition de milices de Fajr Libya, \u00e0\u00a0Dafiniyah localit\u00e9 situ\u00e9e entre Zliten et Misrata, \u00e0 l&rsquo;est de Tripoli.<\/p>\n<p>L&rsquo;Etat Islamique a revendiqu\u00e9 l&rsquo;attaque sur un compte Twitter et affirm\u00e9 qu&rsquo;elle avait \u00e9t\u00e9 men\u00e9e par un Tunisien identifi\u00e9 comme \u00ab\u00a0Abou Wahib al-Tounsi\u00a0\u00bb.<br \/>\n[quote_box_right]Fajr Libya est une coalition de miliciens en majorit\u00e9 islamistes qui\u00a0a pris le pouvoir par la force l\u2019\u00e9t\u00e9 dernier \u00e0 Tripoli, poussant les autorit\u00e9s reconnues par la communaut\u00e9 internationale \u00e0 s\u2019exiler dans l\u2019est du pays [\/quote_box_right]<br \/>\nLe kamikaze s&rsquo;est fait sauter \u00e0 bord d&rsquo;une voiture\u00a0\u00ab\u00a0pr\u00e8s d\u2019un point de contr\u00f4le \u00e0 une entr\u00e9e de Dafiniyah\u00a0\u00bb,\u00a0a d\u00e9clar\u00e9 un porte-parole de la coalition de milices de Fajr Libya.<\/p>\n<p>L&rsquo;Etat islamique a d\u00e9clar\u00e9 la guerre aux miliciens en revendiquant l&rsquo;attentat-suicide.<br \/>\nElodie Potente<\/p>\n","protected":false},"excerpt":{"rendered":"<p>Libye : Attentat-suicide d&rsquo;un Tunisien, revendiqu\u00e9 par l&rsquo;Etat Islamique<\/p>\n","protected":false},"author":3222,"featured_media":318191,"comment_status":"open","ping_status":"closed","sticky":false,"template":"","format":"standard","meta":{"footnotes":""},"categories":[2598],"tags":[2600],"class_list":["post-184118","post","type-post","status-publish","format-standard","has-post-thumbnail","hentry","category-international","tag-guerre"],"yoast_head":"<!-- This site is optimized with the Yoast SEO Premium plugin v27.5 (Yoast SEO v27.5) - https:\/\/yoast.com\/product\/yoast-seo-premium-wordpress\/ -->\n<title>Libye : Attentat-suicide d&#039;un Tunisien, revendiqu\u00e9 par l&#039;Etat Islamique<\/title>\n<meta name=\"description\" content=\"Libye : Attentat-suicide d&#039;un Tunisien, revendiqu\u00e9 par l&#039;Etat Islamique\" \/>\n<link rel=\"canonical\" href=\"https:\/\/www.webdo.tn\/fr\/actualite\/international\/libye-attentat-suicide-dun-tunisien-revendique-par-letat-islamique\/184118\/\" \/>\n<meta property=\"og:locale\" content=\"fr_FR\" \/>\n<meta property=\"og:type\" content=\"article\" \/>\n<meta property=\"og:title\" content=\"Libye : Attentat-suicide d&#039;un Tunisien, revendiqu\u00e9 par l&#039;Etat Islamique\" \/>\n<meta property=\"og:description\" content=\"Libye : Attentat-suicide d&#039;un Tunisien, revendiqu\u00e9 par l&#039;Etat Islamique\" \/>\n<meta property=\"og:url\" content=\"https:\/\/www.webdo.tn\/fr\/actualite\/international\/libye-attentat-suicide-dun-tunisien-revendique-par-letat-islamique\/184118\/\" \/>\n<meta property=\"og:site_name\" content=\"webdo\" \/>\n<meta property=\"article:publisher\" content=\"https:\/\/www.facebook.com\/webdotn\" \/>\n<meta property=\"article:published_time\" content=\"2015-06-01T15:02:00+00:00\" \/>\n<meta property=\"article:modified_time\" content=\"2025-05-19T10:14:58+00:00\" \/>\n<meta property=\"og:image\" content=\"https:\/\/www.webdo.tn\/fr\/wp-content\/uploads\/2015\/06\/webdo_default-26.jpg\" \/>\n\t<meta property=\"og:image:width\" content=\"800\" \/>\n\t<meta property=\"og:image:height\" content=\"500\" \/>\n\t<meta property=\"og:image:type\" content=\"image\/jpeg\" \/>\n<meta name=\"author\" content=\"webdo.tn\" \/>\n<meta name=\"twitter:card\" content=\"summary_large_image\" \/>\n<meta name=\"twitter:creator\" content=\"@webdo_tn\" \/>\n<meta name=\"twitter:site\" content=\"@webdo_tn\" \/>\n<meta name=\"twitter:label1\" content=\"\u00c9crit par\" \/>\n\t<meta name=\"twitter:data1\" content=\"webdo.tn\" \/>\n\t<meta name=\"twitter:label2\" content=\"Dur\u00e9e de lecture estim\u00e9e\" \/>\n\t<meta name=\"twitter:data2\" content=\"1 minute\" \/>\n<script type=\"application\/ld+json\" class=\"yoast-schema-graph\">{\"@context\":\"https:\\\/\\\/schema.org\",\"@graph\":[{\"@type\":\"NewsArticle\",\"@id\":\"https:\\\/\\\/www.webdo.tn\\\/fr\\\/actualite\\\/international\\\/libye-attentat-suicide-dun-tunisien-revendique-par-letat-islamique\\\/184118\\\/#article\",\"isPartOf\":{\"@id\":\"https:\\\/\\\/www.webdo.tn\\\/fr\\\/actualite\\\/international\\\/libye-attentat-suicide-dun-tunisien-revendique-par-letat-islamique\\\/184118\\\/\"},\"author\":{\"name\":\"webdo.tn\",\"@id\":\"https:\\\/\\\/www.webdo.tn\\\/fr\\\/#\\\/schema\\\/person\\\/9a9c6118d687c117df8ef3cc36a4d175\"},\"headline\":\"Libye : Attentat-suicide d&rsquo;un Tunisien, revendiqu\u00e9 par l&rsquo;Etat Islamique\",\"datePublished\":\"2015-06-01T15:02:00+00:00\",\"dateModified\":\"2025-05-19T10:14:58+00:00\",\"mainEntityOfPage\":{\"@id\":\"https:\\\/\\\/www.webdo.tn\\\/fr\\\/actualite\\\/international\\\/libye-attentat-suicide-dun-tunisien-revendique-par-letat-islamique\\\/184118\\\/\"},\"wordCount\":172,\"commentCount\":0,\"publisher\":{\"@id\":\"https:\\\/\\\/www.webdo.tn\\\/fr\\\/#organization\"},\"image\":{\"@id\":\"https:\\\/\\\/www.webdo.tn\\\/fr\\\/actualite\\\/international\\\/libye-attentat-suicide-dun-tunisien-revendique-par-letat-islamique\\\/184118\\\/#primaryimage\"},\"thumbnailUrl\":\"https:\\\/\\\/www.webdo.tn\\\/fr\\\/wp-content\\\/uploads\\\/2015\\\/06\\\/webdo_default-26.jpg\",\"keywords\":[\"guerre\"],\"articleSection\":[\"International\"],\"inLanguage\":\"fr-FR\"},{\"@type\":\"WebPage\",\"@id\":\"https:\\\/\\\/www.webdo.tn\\\/fr\\\/actualite\\\/international\\\/libye-attentat-suicide-dun-tunisien-revendique-par-letat-islamique\\\/184118\\\/\",\"url\":\"https:\\\/\\\/www.webdo.tn\\\/fr\\\/actualite\\\/international\\\/libye-attentat-suicide-dun-tunisien-revendique-par-letat-islamique\\\/184118\\\/\",\"name\":\"Libye : Attentat-suicide d'un Tunisien, revendiqu\u00e9 par l'Etat Islamique\",\"isPartOf\":{\"@id\":\"https:\\\/\\\/www.webdo.tn\\\/fr\\\/#website\"},\"primaryImageOfPage\":{\"@id\":\"https:\\\/\\\/www.webdo.tn\\\/fr\\\/actualite\\\/international\\\/libye-attentat-suicide-dun-tunisien-revendique-par-letat-islamique\\\/184118\\\/#primaryimage\"},\"image\":{\"@id\":\"https:\\\/\\\/www.webdo.tn\\\/fr\\\/actualite\\\/international\\\/libye-attentat-suicide-dun-tunisien-revendique-par-letat-islamique\\\/184118\\\/#primaryimage\"},\"thumbnailUrl\":\"https:\\\/\\\/www.webdo.tn\\\/fr\\\/wp-content\\\/uploads\\\/2015\\\/06\\\/webdo_default-26.jpg\",\"datePublished\":\"2015-06-01T15:02:00+00:00\",\"dateModified\":\"2025-05-19T10:14:58+00:00\",\"description\":\"Libye : Attentat-suicide d'un Tunisien, revendiqu\u00e9 par l'Etat Islamique\",\"breadcrumb\":{\"@id\":\"https:\\\/\\\/www.webdo.tn\\\/fr\\\/actualite\\\/international\\\/libye-attentat-suicide-dun-tunisien-revendique-par-letat-islamique\\\/184118\\\/#breadcrumb\"},\"inLanguage\":\"fr-FR\",\"potentialAction\":[{\"@type\":\"ReadAction\",\"target\":[\"https:\\\/\\\/www.webdo.tn\\\/fr\\\/actualite\\\/international\\\/libye-attentat-suicide-dun-tunisien-revendique-par-letat-islamique\\\/184118\\\/\"]}]},{\"@type\":\"ImageObject\",\"inLanguage\":\"fr-FR\",\"@id\":\"https:\\\/\\\/www.webdo.tn\\\/fr\\\/actualite\\\/international\\\/libye-attentat-suicide-dun-tunisien-revendique-par-letat-islamique\\\/184118\\\/#primaryimage\",\"url\":\"https:\\\/\\\/www.webdo.tn\\\/fr\\\/wp-content\\\/uploads\\\/2015\\\/06\\\/webdo_default-26.jpg\",\"contentUrl\":\"https:\\\/\\\/www.webdo.tn\\\/fr\\\/wp-content\\\/uploads\\\/2015\\\/06\\\/webdo_default-26.jpg\",\"width\":800,\"height\":500,\"caption\":\"Libye : Attentat-suicide d'un Tunisien, revendiqu\u00e9 par l'Etat Islamique\"},{\"@type\":\"BreadcrumbList\",\"@id\":\"https:\\\/\\\/www.webdo.tn\\\/fr\\\/actualite\\\/international\\\/libye-attentat-suicide-dun-tunisien-revendique-par-letat-islamique\\\/184118\\\/#breadcrumb\",\"itemListElement\":[{\"@type\":\"ListItem\",\"position\":1,\"name\":\"Accueil\",\"item\":\"https:\\\/\\\/www.webdo.tn\\\/fr\\\/\"},{\"@type\":\"ListItem\",\"position\":2,\"name\":\"Libye : Attentat-suicide d&rsquo;un Tunisien, revendiqu\u00e9 par l&rsquo;Etat Islamique\"}]},{\"@type\":\"WebSite\",\"@id\":\"https:\\\/\\\/www.webdo.tn\\\/fr\\\/#website\",\"url\":\"https:\\\/\\\/www.webdo.tn\\\/fr\\\/\",\"name\":\"webdo\",\"description\":\"Tunisie - News en Tunisie et \u00e0 l&#039;international sur Webdo.tn\",\"publisher\":{\"@id\":\"https:\\\/\\\/www.webdo.tn\\\/fr\\\/#organization\"},\"potentialAction\":[{\"@type\":\"SearchAction\",\"target\":{\"@type\":\"EntryPoint\",\"urlTemplate\":\"https:\\\/\\\/www.webdo.tn\\\/fr\\\/?s={search_term_string}\"},\"query-input\":{\"@type\":\"PropertyValueSpecification\",\"valueRequired\":true,\"valueName\":\"search_term_string\"}}],\"inLanguage\":\"fr-FR\"},{\"@type\":\"Organization\",\"@id\":\"https:\\\/\\\/www.webdo.tn\\\/fr\\\/#organization\",\"name\":\"Webdo\",\"alternateName\":\"Webdo.tn\",\"url\":\"https:\\\/\\\/www.webdo.tn\\\/fr\\\/\",\"logo\":{\"@type\":\"ImageObject\",\"inLanguage\":\"fr-FR\",\"@id\":\"https:\\\/\\\/www.webdo.tn\\\/fr\\\/#\\\/schema\\\/logo\\\/image\\\/\",\"url\":\"https:\\\/\\\/www.webdo.tn\\\/fr\\\/wp-content\\\/uploads\\\/2025\\\/06\\\/Webdo-Tunisie_168377.jpg\",\"contentUrl\":\"https:\\\/\\\/www.webdo.tn\\\/fr\\\/wp-content\\\/uploads\\\/2025\\\/06\\\/Webdo-Tunisie_168377.jpg\",\"width\":301,\"height\":301,\"caption\":\"Webdo\"},\"image\":{\"@id\":\"https:\\\/\\\/www.webdo.tn\\\/fr\\\/#\\\/schema\\\/logo\\\/image\\\/\"},\"sameAs\":[\"https:\\\/\\\/www.facebook.com\\\/webdotn\",\"https:\\\/\\\/x.com\\\/webdo_tn\"],\"description\":\"Webdo est un m\u00e9dia num\u00e9rique tunisien fond\u00e9 en 2010, sp\u00e9cialis\u00e9 dans l\u2019actualit\u00e9 nationale et internationale, l\u2019\u00e9conomie, la soci\u00e9t\u00e9 et les analyses politiques. Le site s\u2019adresse \u00e0 un large public francophone et couvre l\u2019information tunisienne en temps r\u00e9el.\",\"email\":\"redac@webdo.tn\",\"legalName\":\"YNJ SARL\",\"foundingDate\":\"2010-09-06\",\"numberOfEmployees\":{\"@type\":\"QuantitativeValue\",\"minValue\":\"11\",\"maxValue\":\"50\"}},{\"@type\":\"Person\",\"@id\":\"https:\\\/\\\/www.webdo.tn\\\/fr\\\/#\\\/schema\\\/person\\\/9a9c6118d687c117df8ef3cc36a4d175\",\"name\":\"webdo.tn\",\"image\":{\"@type\":\"ImageObject\",\"inLanguage\":\"fr-FR\",\"@id\":\"https:\\\/\\\/secure.gravatar.com\\\/avatar\\\/7ce1f28c0c3bbac99ff550b85ef8e44a6950c6ee24514fb6a5489e51d06f0298?s=96&d=mm&r=g\",\"url\":\"https:\\\/\\\/secure.gravatar.com\\\/avatar\\\/7ce1f28c0c3bbac99ff550b85ef8e44a6950c6ee24514fb6a5489e51d06f0298?s=96&d=mm&r=g\",\"contentUrl\":\"https:\\\/\\\/secure.gravatar.com\\\/avatar\\\/7ce1f28c0c3bbac99ff550b85ef8e44a6950c6ee24514fb6a5489e51d06f0298?s=96&d=mm&r=g\",\"caption\":\"webdo.tn\"},\"url\":\"https:\\\/\\\/www.webdo.tn\\\/fr\\\/actualite\\\/author\\\/webdotn\\\/\"}]}<\/script>\n<!-- \/ Yoast SEO Premium plugin. -->","yoast_head_json":{"title":"Libye : Attentat-suicide d'un Tunisien, revendiqu\u00e9 par l'Etat Islamique","description":"Libye : Attentat-suicide d'un Tunisien, revendiqu\u00e9 par l'Etat Islamique","canonical":"https:\/\/www.webdo.tn\/fr\/actualite\/international\/libye-attentat-suicide-dun-tunisien-revendique-par-letat-islamique\/184118\/","og_locale":"fr_FR","og_type":"article","og_title":"Libye : Attentat-suicide d'un Tunisien, revendiqu\u00e9 par l'Etat Islamique","og_description":"Libye : Attentat-suicide d'un Tunisien, revendiqu\u00e9 par l'Etat Islamique","og_url":"https:\/\/www.webdo.tn\/fr\/actualite\/international\/libye-attentat-suicide-dun-tunisien-revendique-par-letat-islamique\/184118\/","og_site_name":"webdo","article_publisher":"https:\/\/www.facebook.com\/webdotn","article_published_time":"2015-06-01T15:02:00+00:00","article_modified_time":"2025-05-19T10:14:58+00:00","og_image":[{"width":800,"height":500,"url":"https:\/\/www.webdo.tn\/fr\/wp-content\/uploads\/2015\/06\/webdo_default-26.jpg","type":"image\/jpeg"}],"author":"webdo.tn","twitter_card":"summary_large_image","twitter_creator":"@webdo_tn","twitter_site":"@webdo_tn","twitter_misc":{"\u00c9crit par":"webdo.tn","Dur\u00e9e de lecture estim\u00e9e":"1 minute"},"schema":{"@context":"https:\/\/schema.org","@graph":[{"@type":"NewsArticle","@id":"https:\/\/www.webdo.tn\/fr\/actualite\/international\/libye-attentat-suicide-dun-tunisien-revendique-par-letat-islamique\/184118\/#article","isPartOf":{"@id":"https:\/\/www.webdo.tn\/fr\/actualite\/international\/libye-attentat-suicide-dun-tunisien-revendique-par-letat-islamique\/184118\/"},"author":{"name":"webdo.tn","@id":"https:\/\/www.webdo.tn\/fr\/#\/schema\/person\/9a9c6118d687c117df8ef3cc36a4d175"},"headline":"Libye : Attentat-suicide d&rsquo;un Tunisien, revendiqu\u00e9 par l&rsquo;Etat Islamique","datePublished":"2015-06-01T15:02:00+00:00","dateModified":"2025-05-19T10:14:58+00:00","mainEntityOfPage":{"@id":"https:\/\/www.webdo.tn\/fr\/actualite\/international\/libye-attentat-suicide-dun-tunisien-revendique-par-letat-islamique\/184118\/"},"wordCount":172,"commentCount":0,"publisher":{"@id":"https:\/\/www.webdo.tn\/fr\/#organization"},"image":{"@id":"https:\/\/www.webdo.tn\/fr\/actualite\/international\/libye-attentat-suicide-dun-tunisien-revendique-par-letat-islamique\/184118\/#primaryimage"},"thumbnailUrl":"https:\/\/www.webdo.tn\/fr\/wp-content\/uploads\/2015\/06\/webdo_default-26.jpg","keywords":["guerre"],"articleSection":["International"],"inLanguage":"fr-FR"},{"@type":"WebPage","@id":"https:\/\/www.webdo.tn\/fr\/actualite\/international\/libye-attentat-suicide-dun-tunisien-revendique-par-letat-islamique\/184118\/","url":"https:\/\/www.webdo.tn\/fr\/actualite\/international\/libye-attentat-suicide-dun-tunisien-revendique-par-letat-islamique\/184118\/","name":"Libye : Attentat-suicide d'un Tunisien, revendiqu\u00e9 par l'Etat Islamique","isPartOf":{"@id":"https:\/\/www.webdo.tn\/fr\/#website"},"primaryImageOfPage":{"@id":"https:\/\/www.webdo.tn\/fr\/actualite\/international\/libye-attentat-suicide-dun-tunisien-revendique-par-letat-islamique\/184118\/#primaryimage"},"image":{"@id":"https:\/\/www.webdo.tn\/fr\/actualite\/international\/libye-attentat-suicide-dun-tunisien-revendique-par-letat-islamique\/184118\/#primaryimage"},"thumbnailUrl":"https:\/\/www.webdo.tn\/fr\/wp-content\/uploads\/2015\/06\/webdo_default-26.jpg","datePublished":"2015-06-01T15:02:00+00:00","dateModified":"2025-05-19T10:14:58+00:00","description":"Libye : Attentat-suicide d'un Tunisien, revendiqu\u00e9 par l'Etat Islamique","breadcrumb":{"@id":"https:\/\/www.webdo.tn\/fr\/actualite\/international\/libye-attentat-suicide-dun-tunisien-revendique-par-letat-islamique\/184118\/#breadcrumb"},"inLanguage":"fr-FR","potentialAction":[{"@type":"ReadAction","target":["https:\/\/www.webdo.tn\/fr\/actualite\/international\/libye-attentat-suicide-dun-tunisien-revendique-par-letat-islamique\/184118\/"]}]},{"@type":"ImageObject","inLanguage":"fr-FR","@id":"https:\/\/www.webdo.tn\/fr\/actualite\/international\/libye-attentat-suicide-dun-tunisien-revendique-par-letat-islamique\/184118\/#primaryimage","url":"https:\/\/www.webdo.tn\/fr\/wp-content\/uploads\/2015\/06\/webdo_default-26.jpg","contentUrl":"https:\/\/www.webdo.tn\/fr\/wp-content\/uploads\/2015\/06\/webdo_default-26.jpg","width":800,"height":500,"caption":"Libye : Attentat-suicide d'un Tunisien, revendiqu\u00e9 par l'Etat Islamique"},{"@type":"BreadcrumbList","@id":"https:\/\/www.webdo.tn\/fr\/actualite\/international\/libye-attentat-suicide-dun-tunisien-revendique-par-letat-islamique\/184118\/#breadcrumb","itemListElement":[{"@type":"ListItem","position":1,"name":"Accueil","item":"https:\/\/www.webdo.tn\/fr\/"},{"@type":"ListItem","position":2,"name":"Libye : Attentat-suicide d&rsquo;un Tunisien, revendiqu\u00e9 par l&rsquo;Etat Islamique"}]},{"@type":"WebSite","@id":"https:\/\/www.webdo.tn\/fr\/#website","url":"https:\/\/www.webdo.tn\/fr\/","name":"webdo","description":"Tunisie - News en Tunisie et \u00e0 l&#039;international sur Webdo.tn","publisher":{"@id":"https:\/\/www.webdo.tn\/fr\/#organization"},"potentialAction":[{"@type":"SearchAction","target":{"@type":"EntryPoint","urlTemplate":"https:\/\/www.webdo.tn\/fr\/?s={search_term_string}"},"query-input":{"@type":"PropertyValueSpecification","valueRequired":true,"valueName":"search_term_string"}}],"inLanguage":"fr-FR"},{"@type":"Organization","@id":"https:\/\/www.webdo.tn\/fr\/#organization","name":"Webdo","alternateName":"Webdo.tn","url":"https:\/\/www.webdo.tn\/fr\/","logo":{"@type":"ImageObject","inLanguage":"fr-FR","@id":"https:\/\/www.webdo.tn\/fr\/#\/schema\/logo\/image\/","url":"https:\/\/www.webdo.tn\/fr\/wp-content\/uploads\/2025\/06\/Webdo-Tunisie_168377.jpg","contentUrl":"https:\/\/www.webdo.tn\/fr\/wp-content\/uploads\/2025\/06\/Webdo-Tunisie_168377.jpg","width":301,"height":301,"caption":"Webdo"},"image":{"@id":"https:\/\/www.webdo.tn\/fr\/#\/schema\/logo\/image\/"},"sameAs":["https:\/\/www.facebook.com\/webdotn","https:\/\/x.com\/webdo_tn"],"description":"Webdo est un m\u00e9dia num\u00e9rique tunisien fond\u00e9 en 2010, sp\u00e9cialis\u00e9 dans l\u2019actualit\u00e9 nationale et internationale, l\u2019\u00e9conomie, la soci\u00e9t\u00e9 et les analyses politiques. Le site s\u2019adresse \u00e0 un large public francophone et couvre l\u2019information tunisienne en temps r\u00e9el.","email":"redac@webdo.tn","legalName":"YNJ SARL","foundingDate":"2010-09-06","numberOfEmployees":{"@type":"QuantitativeValue","minValue":"11","maxValue":"50"}},{"@type":"Person","@id":"https:\/\/www.webdo.tn\/fr\/#\/schema\/person\/9a9c6118d687c117df8ef3cc36a4d175","name":"webdo.tn","image":{"@type":"ImageObject","inLanguage":"fr-FR","@id":"https:\/\/secure.gravatar.com\/avatar\/7ce1f28c0c3bbac99ff550b85ef8e44a6950c6ee24514fb6a5489e51d06f0298?s=96&d=mm&r=g","url":"https:\/\/secure.gravatar.com\/avatar\/7ce1f28c0c3bbac99ff550b85ef8e44a6950c6ee24514fb6a5489e51d06f0298?s=96&d=mm&r=g","contentUrl":"https:\/\/secure.gravatar.com\/avatar\/7ce1f28c0c3bbac99ff550b85ef8e44a6950c6ee24514fb6a5489e51d06f0298?s=96&d=mm&r=g","caption":"webdo.tn"},"url":"https:\/\/www.webdo.tn\/fr\/actualite\/author\/webdotn\/"}]}},"_links":{"self":[{"href":"https:\/\/www.webdo.tn\/fr\/wp-json\/wp\/v2\/posts\/184118","targetHints":{"allow":["GET"]}}],"collection":[{"href":"https:\/\/www.webdo.tn\/fr\/wp-json\/wp\/v2\/posts"}],"about":[{"href":"https:\/\/www.webdo.tn\/fr\/wp-json\/wp\/v2\/types\/post"}],"author":[{"embeddable":true,"href":"https:\/\/www.webdo.tn\/fr\/wp-json\/wp\/v2\/users\/3222"}],"replies":[{"embeddable":true,"href":"https:\/\/www.webdo.tn\/fr\/wp-json\/wp\/v2\/comments?post=184118"}],"version-history":[{"count":0,"href":"https:\/\/www.webdo.tn\/fr\/wp-json\/wp\/v2\/posts\/184118\/revisions"}],"wp:featuredmedia":[{"embeddable":true,"href":"https:\/\/www.webdo.tn\/fr\/wp-json\/wp\/v2\/media\/318191"}],"wp:attachment":[{"href":"https:\/\/www.webdo.tn\/fr\/wp-json\/wp\/v2\/media?parent=184118"}],"wp:term":[{"taxonomy":"category","embeddable":true,"href":"https:\/\/www.webdo.tn\/fr\/wp-json\/wp\/v2\/categories?post=184118"},{"taxonomy":"post_tag","embeddable":true,"href":"https:\/\/www.webdo.tn\/fr\/wp-json\/wp\/v2\/tags?post=184118"}],"curies":[{"name":"wp","href":"https:\/\/api.w.org\/{rel}","templated":true}]}}