{"id":184117,"date":"2015-06-01T16:47:00","date_gmt":"2015-06-01T16:47:00","guid":{"rendered":"https:\/\/www.webdo.tn\/fr\/blog\/paris-les-cadenas-damour-retires-du-pont-des-arts\/184117\/"},"modified":"2015-06-01T16:47:00","modified_gmt":"2015-06-01T16:47:00","slug":"paris-les-cadenas-damour-retires-du-pont-des-arts","status":"publish","type":"post","link":"https:\/\/www.webdo.tn\/fr\/actualite\/international\/paris-les-cadenas-damour-retires-du-pont-des-arts\/184117\/","title":{"rendered":"Paris : Les \u00ab cadenas d\u2019amour \u00bb retir\u00e9s du pont des Arts"},"content":{"rendered":"<p>Apr\u00e8s de longues r\u00e9flexions, Paris a finalement d\u00e9cid\u00e9, ce lundi 1er juin, de\u00a0retirer les \u00ab\u00a0cadenas d&rsquo;amour\u00a0\u00bb sur\u00a0le pont des Arts, afin de pr\u00e9server le patrimoine parisien et assurer la s\u00e9curit\u00e9 des visiteurs.<\/p>\n<p>Selon l&rsquo;adjoint \u00e0 la mairie de Paris charg\u00e9 du patrimoine, Bruno Julliard, tous les cadenas seront recycl\u00e9s.<\/p>\n<p>Ces derniers seront d&rsquo;abord remplac\u00e9s par des \u0153uvres d&rsquo;artistes contemporains, puis par des panneaux vitr\u00e9s l&rsquo;automne prochain.<\/p>\n<p>Les cadenas d\u00e9pos\u00e9s par des couples pour sceller leur amour avaient provoqu\u00e9 l&rsquo;ann\u00e9e derni\u00e8re l&rsquo;effondrement d&rsquo;une partie du grillage de la passerelle du pont des Arts.<\/p>\n<p>La mairie parisienne se devait de r\u00e9agir. Il y a quelques mois, des panneaux avaient \u00e9t\u00e9 mis en place pour cacher ces \u00ab\u00a0cadenas d&rsquo;amour\u00a0\u00bb et emp\u00eacher les touristes, en visite dans la capitale fran\u00e7aise, de d\u00e9poser de nouveaux cadenas.<\/p>\n<p>Ce lundi 1er juin, la municipalit\u00e9 de Paris retire\u00a0tous les cadenas, retirant \u00e9galement ce qui \u00e9tait devenu un symbole dans la capitale selon de nombreux touristes.<\/p>\n","protected":false},"excerpt":{"rendered":"<p>Paris : Les \u00ab cadenas d\u2019amour \u00bb retir\u00e9s du pont des Arts<\/p>\n","protected":false},"author":3222,"featured_media":335919,"comment_status":"open","ping_status":"closed","sticky":false,"template":"","format":"standard","meta":{"footnotes":""},"categories":[2598],"tags":[2600],"class_list":["post-184117","post","type-post","status-publish","format-standard","has-post-thumbnail","hentry","category-international","tag-guerre"],"yoast_head":"<!-- This site is optimized with the Yoast SEO Premium plugin v27.5 (Yoast SEO v27.5) - https:\/\/yoast.com\/product\/yoast-seo-premium-wordpress\/ -->\n<title>Paris : Les \u00ab cadenas d\u2019amour \u00bb retir\u00e9s du pont des Arts<\/title>\n<meta name=\"description\" content=\"Paris : Les \u00ab cadenas d\u2019amour \u00bb retir\u00e9s du pont des Arts\" \/>\n<link rel=\"canonical\" href=\"https:\/\/www.webdo.tn\/fr\/actualite\/international\/paris-les-cadenas-damour-retires-du-pont-des-arts\/184117\/\" \/>\n<meta property=\"og:locale\" content=\"fr_FR\" \/>\n<meta property=\"og:type\" content=\"article\" \/>\n<meta property=\"og:title\" content=\"Paris : Les \u00ab cadenas d\u2019amour \u00bb retir\u00e9s du pont des Arts\" \/>\n<meta property=\"og:description\" content=\"Paris : Les \u00ab cadenas d\u2019amour \u00bb retir\u00e9s du pont des Arts\" \/>\n<meta property=\"og:url\" content=\"https:\/\/www.webdo.tn\/fr\/actualite\/international\/paris-les-cadenas-damour-retires-du-pont-des-arts\/184117\/\" \/>\n<meta property=\"og:site_name\" content=\"webdo\" \/>\n<meta property=\"article:publisher\" content=\"https:\/\/www.facebook.com\/webdotn\" \/>\n<meta property=\"article:published_time\" content=\"2015-06-01T16:47:00+00:00\" \/>\n<meta property=\"og:image\" content=\"https:\/\/www.webdo.tn\/fr\/wp-content\/uploads\/2015\/06\/Pont-des-Arts-credit-photo-Eric-Andre-300x287-1.jpg\" \/>\n\t<meta property=\"og:image:width\" content=\"300\" \/>\n\t<meta property=\"og:image:height\" content=\"287\" \/>\n\t<meta property=\"og:image:type\" content=\"image\/jpeg\" \/>\n<meta name=\"author\" content=\"webdo.tn\" \/>\n<meta name=\"twitter:card\" content=\"summary_large_image\" \/>\n<meta name=\"twitter:creator\" content=\"@webdo_tn\" \/>\n<meta name=\"twitter:site\" content=\"@webdo_tn\" \/>\n<meta name=\"twitter:label1\" content=\"\u00c9crit par\" \/>\n\t<meta name=\"twitter:data1\" content=\"webdo.tn\" \/>\n\t<meta name=\"twitter:label2\" content=\"Dur\u00e9e de lecture estim\u00e9e\" \/>\n\t<meta name=\"twitter:data2\" content=\"1 minute\" \/>\n<script type=\"application\/ld+json\" class=\"yoast-schema-graph\">{\"@context\":\"https:\\\/\\\/schema.org\",\"@graph\":[{\"@type\":\"NewsArticle\",\"@id\":\"https:\\\/\\\/www.webdo.tn\\\/fr\\\/actualite\\\/international\\\/paris-les-cadenas-damour-retires-du-pont-des-arts\\\/184117\\\/#article\",\"isPartOf\":{\"@id\":\"https:\\\/\\\/www.webdo.tn\\\/fr\\\/actualite\\\/international\\\/paris-les-cadenas-damour-retires-du-pont-des-arts\\\/184117\\\/\"},\"author\":{\"name\":\"webdo.tn\",\"@id\":\"https:\\\/\\\/www.webdo.tn\\\/fr\\\/#\\\/schema\\\/person\\\/9a9c6118d687c117df8ef3cc36a4d175\"},\"headline\":\"Paris : Les \u00ab cadenas d\u2019amour \u00bb retir\u00e9s du pont des Arts\",\"datePublished\":\"2015-06-01T16:47:00+00:00\",\"mainEntityOfPage\":{\"@id\":\"https:\\\/\\\/www.webdo.tn\\\/fr\\\/actualite\\\/international\\\/paris-les-cadenas-damour-retires-du-pont-des-arts\\\/184117\\\/\"},\"wordCount\":195,\"commentCount\":0,\"publisher\":{\"@id\":\"https:\\\/\\\/www.webdo.tn\\\/fr\\\/#organization\"},\"image\":{\"@id\":\"https:\\\/\\\/www.webdo.tn\\\/fr\\\/actualite\\\/international\\\/paris-les-cadenas-damour-retires-du-pont-des-arts\\\/184117\\\/#primaryimage\"},\"thumbnailUrl\":\"https:\\\/\\\/www.webdo.tn\\\/fr\\\/wp-content\\\/uploads\\\/2015\\\/06\\\/Pont-des-Arts-credit-photo-Eric-Andre-300x287-1.jpg\",\"keywords\":[\"guerre\"],\"articleSection\":[\"International\"],\"inLanguage\":\"fr-FR\"},{\"@type\":\"WebPage\",\"@id\":\"https:\\\/\\\/www.webdo.tn\\\/fr\\\/actualite\\\/international\\\/paris-les-cadenas-damour-retires-du-pont-des-arts\\\/184117\\\/\",\"url\":\"https:\\\/\\\/www.webdo.tn\\\/fr\\\/actualite\\\/international\\\/paris-les-cadenas-damour-retires-du-pont-des-arts\\\/184117\\\/\",\"name\":\"Paris : Les \u00ab cadenas d\u2019amour \u00bb retir\u00e9s du pont des Arts\",\"isPartOf\":{\"@id\":\"https:\\\/\\\/www.webdo.tn\\\/fr\\\/#website\"},\"primaryImageOfPage\":{\"@id\":\"https:\\\/\\\/www.webdo.tn\\\/fr\\\/actualite\\\/international\\\/paris-les-cadenas-damour-retires-du-pont-des-arts\\\/184117\\\/#primaryimage\"},\"image\":{\"@id\":\"https:\\\/\\\/www.webdo.tn\\\/fr\\\/actualite\\\/international\\\/paris-les-cadenas-damour-retires-du-pont-des-arts\\\/184117\\\/#primaryimage\"},\"thumbnailUrl\":\"https:\\\/\\\/www.webdo.tn\\\/fr\\\/wp-content\\\/uploads\\\/2015\\\/06\\\/Pont-des-Arts-credit-photo-Eric-Andre-300x287-1.jpg\",\"datePublished\":\"2015-06-01T16:47:00+00:00\",\"description\":\"Paris : Les \u00ab cadenas d\u2019amour \u00bb retir\u00e9s du pont des Arts\",\"breadcrumb\":{\"@id\":\"https:\\\/\\\/www.webdo.tn\\\/fr\\\/actualite\\\/international\\\/paris-les-cadenas-damour-retires-du-pont-des-arts\\\/184117\\\/#breadcrumb\"},\"inLanguage\":\"fr-FR\",\"potentialAction\":[{\"@type\":\"ReadAction\",\"target\":[\"https:\\\/\\\/www.webdo.tn\\\/fr\\\/actualite\\\/international\\\/paris-les-cadenas-damour-retires-du-pont-des-arts\\\/184117\\\/\"]}]},{\"@type\":\"ImageObject\",\"inLanguage\":\"fr-FR\",\"@id\":\"https:\\\/\\\/www.webdo.tn\\\/fr\\\/actualite\\\/international\\\/paris-les-cadenas-damour-retires-du-pont-des-arts\\\/184117\\\/#primaryimage\",\"url\":\"https:\\\/\\\/www.webdo.tn\\\/fr\\\/wp-content\\\/uploads\\\/2015\\\/06\\\/Pont-des-Arts-credit-photo-Eric-Andre-300x287-1.jpg\",\"contentUrl\":\"https:\\\/\\\/www.webdo.tn\\\/fr\\\/wp-content\\\/uploads\\\/2015\\\/06\\\/Pont-des-Arts-credit-photo-Eric-Andre-300x287-1.jpg\",\"width\":300,\"height\":287,\"caption\":\"Paris : Les \u00ab cadenas d\u2019amour \u00bb retir\u00e9s du pont des Arts\"},{\"@type\":\"BreadcrumbList\",\"@id\":\"https:\\\/\\\/www.webdo.tn\\\/fr\\\/actualite\\\/international\\\/paris-les-cadenas-damour-retires-du-pont-des-arts\\\/184117\\\/#breadcrumb\",\"itemListElement\":[{\"@type\":\"ListItem\",\"position\":1,\"name\":\"Accueil\",\"item\":\"https:\\\/\\\/www.webdo.tn\\\/fr\\\/\"},{\"@type\":\"ListItem\",\"position\":2,\"name\":\"Paris : Les \u00ab cadenas d\u2019amour \u00bb retir\u00e9s du pont des Arts\"}]},{\"@type\":\"WebSite\",\"@id\":\"https:\\\/\\\/www.webdo.tn\\\/fr\\\/#website\",\"url\":\"https:\\\/\\\/www.webdo.tn\\\/fr\\\/\",\"name\":\"webdo\",\"description\":\"Tunisie - News en Tunisie et \u00e0 l&#039;international sur Webdo.tn\",\"publisher\":{\"@id\":\"https:\\\/\\\/www.webdo.tn\\\/fr\\\/#organization\"},\"potentialAction\":[{\"@type\":\"SearchAction\",\"target\":{\"@type\":\"EntryPoint\",\"urlTemplate\":\"https:\\\/\\\/www.webdo.tn\\\/fr\\\/?s={search_term_string}\"},\"query-input\":{\"@type\":\"PropertyValueSpecification\",\"valueRequired\":true,\"valueName\":\"search_term_string\"}}],\"inLanguage\":\"fr-FR\"},{\"@type\":\"Organization\",\"@id\":\"https:\\\/\\\/www.webdo.tn\\\/fr\\\/#organization\",\"name\":\"Webdo\",\"alternateName\":\"Webdo.tn\",\"url\":\"https:\\\/\\\/www.webdo.tn\\\/fr\\\/\",\"logo\":{\"@type\":\"ImageObject\",\"inLanguage\":\"fr-FR\",\"@id\":\"https:\\\/\\\/www.webdo.tn\\\/fr\\\/#\\\/schema\\\/logo\\\/image\\\/\",\"url\":\"https:\\\/\\\/www.webdo.tn\\\/fr\\\/wp-content\\\/uploads\\\/2025\\\/06\\\/Webdo-Tunisie_168377.jpg\",\"contentUrl\":\"https:\\\/\\\/www.webdo.tn\\\/fr\\\/wp-content\\\/uploads\\\/2025\\\/06\\\/Webdo-Tunisie_168377.jpg\",\"width\":301,\"height\":301,\"caption\":\"Webdo\"},\"image\":{\"@id\":\"https:\\\/\\\/www.webdo.tn\\\/fr\\\/#\\\/schema\\\/logo\\\/image\\\/\"},\"sameAs\":[\"https:\\\/\\\/www.facebook.com\\\/webdotn\",\"https:\\\/\\\/x.com\\\/webdo_tn\"],\"description\":\"Webdo est un m\u00e9dia num\u00e9rique tunisien fond\u00e9 en 2010, sp\u00e9cialis\u00e9 dans l\u2019actualit\u00e9 nationale et internationale, l\u2019\u00e9conomie, la soci\u00e9t\u00e9 et les analyses politiques. Le site s\u2019adresse \u00e0 un large public francophone et couvre l\u2019information tunisienne en temps r\u00e9el.\",\"email\":\"redac@webdo.tn\",\"legalName\":\"YNJ SARL\",\"foundingDate\":\"2010-09-06\",\"numberOfEmployees\":{\"@type\":\"QuantitativeValue\",\"minValue\":\"11\",\"maxValue\":\"50\"}},{\"@type\":\"Person\",\"@id\":\"https:\\\/\\\/www.webdo.tn\\\/fr\\\/#\\\/schema\\\/person\\\/9a9c6118d687c117df8ef3cc36a4d175\",\"name\":\"webdo.tn\",\"image\":{\"@type\":\"ImageObject\",\"inLanguage\":\"fr-FR\",\"@id\":\"https:\\\/\\\/secure.gravatar.com\\\/avatar\\\/7ce1f28c0c3bbac99ff550b85ef8e44a6950c6ee24514fb6a5489e51d06f0298?s=96&d=mm&r=g\",\"url\":\"https:\\\/\\\/secure.gravatar.com\\\/avatar\\\/7ce1f28c0c3bbac99ff550b85ef8e44a6950c6ee24514fb6a5489e51d06f0298?s=96&d=mm&r=g\",\"contentUrl\":\"https:\\\/\\\/secure.gravatar.com\\\/avatar\\\/7ce1f28c0c3bbac99ff550b85ef8e44a6950c6ee24514fb6a5489e51d06f0298?s=96&d=mm&r=g\",\"caption\":\"webdo.tn\"},\"url\":\"https:\\\/\\\/www.webdo.tn\\\/fr\\\/actualite\\\/author\\\/webdotn\\\/\"}]}<\/script>\n<!-- \/ Yoast SEO Premium plugin. -->","yoast_head_json":{"title":"Paris : Les \u00ab cadenas d\u2019amour \u00bb retir\u00e9s du pont des Arts","description":"Paris : Les \u00ab cadenas d\u2019amour \u00bb retir\u00e9s du pont des Arts","canonical":"https:\/\/www.webdo.tn\/fr\/actualite\/international\/paris-les-cadenas-damour-retires-du-pont-des-arts\/184117\/","og_locale":"fr_FR","og_type":"article","og_title":"Paris : Les \u00ab cadenas d\u2019amour \u00bb retir\u00e9s du pont des Arts","og_description":"Paris : Les \u00ab cadenas d\u2019amour \u00bb retir\u00e9s du pont des Arts","og_url":"https:\/\/www.webdo.tn\/fr\/actualite\/international\/paris-les-cadenas-damour-retires-du-pont-des-arts\/184117\/","og_site_name":"webdo","article_publisher":"https:\/\/www.facebook.com\/webdotn","article_published_time":"2015-06-01T16:47:00+00:00","og_image":[{"width":300,"height":287,"url":"https:\/\/www.webdo.tn\/fr\/wp-content\/uploads\/2015\/06\/Pont-des-Arts-credit-photo-Eric-Andre-300x287-1.jpg","type":"image\/jpeg"}],"author":"webdo.tn","twitter_card":"summary_large_image","twitter_creator":"@webdo_tn","twitter_site":"@webdo_tn","twitter_misc":{"\u00c9crit par":"webdo.tn","Dur\u00e9e de lecture estim\u00e9e":"1 minute"},"schema":{"@context":"https:\/\/schema.org","@graph":[{"@type":"NewsArticle","@id":"https:\/\/www.webdo.tn\/fr\/actualite\/international\/paris-les-cadenas-damour-retires-du-pont-des-arts\/184117\/#article","isPartOf":{"@id":"https:\/\/www.webdo.tn\/fr\/actualite\/international\/paris-les-cadenas-damour-retires-du-pont-des-arts\/184117\/"},"author":{"name":"webdo.tn","@id":"https:\/\/www.webdo.tn\/fr\/#\/schema\/person\/9a9c6118d687c117df8ef3cc36a4d175"},"headline":"Paris : Les \u00ab cadenas d\u2019amour \u00bb retir\u00e9s du pont des Arts","datePublished":"2015-06-01T16:47:00+00:00","mainEntityOfPage":{"@id":"https:\/\/www.webdo.tn\/fr\/actualite\/international\/paris-les-cadenas-damour-retires-du-pont-des-arts\/184117\/"},"wordCount":195,"commentCount":0,"publisher":{"@id":"https:\/\/www.webdo.tn\/fr\/#organization"},"image":{"@id":"https:\/\/www.webdo.tn\/fr\/actualite\/international\/paris-les-cadenas-damour-retires-du-pont-des-arts\/184117\/#primaryimage"},"thumbnailUrl":"https:\/\/www.webdo.tn\/fr\/wp-content\/uploads\/2015\/06\/Pont-des-Arts-credit-photo-Eric-Andre-300x287-1.jpg","keywords":["guerre"],"articleSection":["International"],"inLanguage":"fr-FR"},{"@type":"WebPage","@id":"https:\/\/www.webdo.tn\/fr\/actualite\/international\/paris-les-cadenas-damour-retires-du-pont-des-arts\/184117\/","url":"https:\/\/www.webdo.tn\/fr\/actualite\/international\/paris-les-cadenas-damour-retires-du-pont-des-arts\/184117\/","name":"Paris : Les \u00ab cadenas d\u2019amour \u00bb retir\u00e9s du pont des Arts","isPartOf":{"@id":"https:\/\/www.webdo.tn\/fr\/#website"},"primaryImageOfPage":{"@id":"https:\/\/www.webdo.tn\/fr\/actualite\/international\/paris-les-cadenas-damour-retires-du-pont-des-arts\/184117\/#primaryimage"},"image":{"@id":"https:\/\/www.webdo.tn\/fr\/actualite\/international\/paris-les-cadenas-damour-retires-du-pont-des-arts\/184117\/#primaryimage"},"thumbnailUrl":"https:\/\/www.webdo.tn\/fr\/wp-content\/uploads\/2015\/06\/Pont-des-Arts-credit-photo-Eric-Andre-300x287-1.jpg","datePublished":"2015-06-01T16:47:00+00:00","description":"Paris : Les \u00ab cadenas d\u2019amour \u00bb retir\u00e9s du pont des Arts","breadcrumb":{"@id":"https:\/\/www.webdo.tn\/fr\/actualite\/international\/paris-les-cadenas-damour-retires-du-pont-des-arts\/184117\/#breadcrumb"},"inLanguage":"fr-FR","potentialAction":[{"@type":"ReadAction","target":["https:\/\/www.webdo.tn\/fr\/actualite\/international\/paris-les-cadenas-damour-retires-du-pont-des-arts\/184117\/"]}]},{"@type":"ImageObject","inLanguage":"fr-FR","@id":"https:\/\/www.webdo.tn\/fr\/actualite\/international\/paris-les-cadenas-damour-retires-du-pont-des-arts\/184117\/#primaryimage","url":"https:\/\/www.webdo.tn\/fr\/wp-content\/uploads\/2015\/06\/Pont-des-Arts-credit-photo-Eric-Andre-300x287-1.jpg","contentUrl":"https:\/\/www.webdo.tn\/fr\/wp-content\/uploads\/2015\/06\/Pont-des-Arts-credit-photo-Eric-Andre-300x287-1.jpg","width":300,"height":287,"caption":"Paris : Les \u00ab cadenas d\u2019amour \u00bb retir\u00e9s du pont des Arts"},{"@type":"BreadcrumbList","@id":"https:\/\/www.webdo.tn\/fr\/actualite\/international\/paris-les-cadenas-damour-retires-du-pont-des-arts\/184117\/#breadcrumb","itemListElement":[{"@type":"ListItem","position":1,"name":"Accueil","item":"https:\/\/www.webdo.tn\/fr\/"},{"@type":"ListItem","position":2,"name":"Paris : Les \u00ab cadenas d\u2019amour \u00bb retir\u00e9s du pont des Arts"}]},{"@type":"WebSite","@id":"https:\/\/www.webdo.tn\/fr\/#website","url":"https:\/\/www.webdo.tn\/fr\/","name":"webdo","description":"Tunisie - News en Tunisie et \u00e0 l&#039;international sur Webdo.tn","publisher":{"@id":"https:\/\/www.webdo.tn\/fr\/#organization"},"potentialAction":[{"@type":"SearchAction","target":{"@type":"EntryPoint","urlTemplate":"https:\/\/www.webdo.tn\/fr\/?s={search_term_string}"},"query-input":{"@type":"PropertyValueSpecification","valueRequired":true,"valueName":"search_term_string"}}],"inLanguage":"fr-FR"},{"@type":"Organization","@id":"https:\/\/www.webdo.tn\/fr\/#organization","name":"Webdo","alternateName":"Webdo.tn","url":"https:\/\/www.webdo.tn\/fr\/","logo":{"@type":"ImageObject","inLanguage":"fr-FR","@id":"https:\/\/www.webdo.tn\/fr\/#\/schema\/logo\/image\/","url":"https:\/\/www.webdo.tn\/fr\/wp-content\/uploads\/2025\/06\/Webdo-Tunisie_168377.jpg","contentUrl":"https:\/\/www.webdo.tn\/fr\/wp-content\/uploads\/2025\/06\/Webdo-Tunisie_168377.jpg","width":301,"height":301,"caption":"Webdo"},"image":{"@id":"https:\/\/www.webdo.tn\/fr\/#\/schema\/logo\/image\/"},"sameAs":["https:\/\/www.facebook.com\/webdotn","https:\/\/x.com\/webdo_tn"],"description":"Webdo est un m\u00e9dia num\u00e9rique tunisien fond\u00e9 en 2010, sp\u00e9cialis\u00e9 dans l\u2019actualit\u00e9 nationale et internationale, l\u2019\u00e9conomie, la soci\u00e9t\u00e9 et les analyses politiques. Le site s\u2019adresse \u00e0 un large public francophone et couvre l\u2019information tunisienne en temps r\u00e9el.","email":"redac@webdo.tn","legalName":"YNJ SARL","foundingDate":"2010-09-06","numberOfEmployees":{"@type":"QuantitativeValue","minValue":"11","maxValue":"50"}},{"@type":"Person","@id":"https:\/\/www.webdo.tn\/fr\/#\/schema\/person\/9a9c6118d687c117df8ef3cc36a4d175","name":"webdo.tn","image":{"@type":"ImageObject","inLanguage":"fr-FR","@id":"https:\/\/secure.gravatar.com\/avatar\/7ce1f28c0c3bbac99ff550b85ef8e44a6950c6ee24514fb6a5489e51d06f0298?s=96&d=mm&r=g","url":"https:\/\/secure.gravatar.com\/avatar\/7ce1f28c0c3bbac99ff550b85ef8e44a6950c6ee24514fb6a5489e51d06f0298?s=96&d=mm&r=g","contentUrl":"https:\/\/secure.gravatar.com\/avatar\/7ce1f28c0c3bbac99ff550b85ef8e44a6950c6ee24514fb6a5489e51d06f0298?s=96&d=mm&r=g","caption":"webdo.tn"},"url":"https:\/\/www.webdo.tn\/fr\/actualite\/author\/webdotn\/"}]}},"_links":{"self":[{"href":"https:\/\/www.webdo.tn\/fr\/wp-json\/wp\/v2\/posts\/184117","targetHints":{"allow":["GET"]}}],"collection":[{"href":"https:\/\/www.webdo.tn\/fr\/wp-json\/wp\/v2\/posts"}],"about":[{"href":"https:\/\/www.webdo.tn\/fr\/wp-json\/wp\/v2\/types\/post"}],"author":[{"embeddable":true,"href":"https:\/\/www.webdo.tn\/fr\/wp-json\/wp\/v2\/users\/3222"}],"replies":[{"embeddable":true,"href":"https:\/\/www.webdo.tn\/fr\/wp-json\/wp\/v2\/comments?post=184117"}],"version-history":[{"count":0,"href":"https:\/\/www.webdo.tn\/fr\/wp-json\/wp\/v2\/posts\/184117\/revisions"}],"wp:featuredmedia":[{"embeddable":true,"href":"https:\/\/www.webdo.tn\/fr\/wp-json\/wp\/v2\/media\/335919"}],"wp:attachment":[{"href":"https:\/\/www.webdo.tn\/fr\/wp-json\/wp\/v2\/media?parent=184117"}],"wp:term":[{"taxonomy":"category","embeddable":true,"href":"https:\/\/www.webdo.tn\/fr\/wp-json\/wp\/v2\/categories?post=184117"},{"taxonomy":"post_tag","embeddable":true,"href":"https:\/\/www.webdo.tn\/fr\/wp-json\/wp\/v2\/tags?post=184117"}],"curies":[{"name":"wp","href":"https:\/\/api.w.org\/{rel}","templated":true}]}}