{"id":184116,"date":"2015-06-01T17:52:00","date_gmt":"2015-06-01T17:52:00","guid":{"rendered":"https:\/\/www.webdo.tn\/fr\/blog\/backlashcampaign-du-rouge-a-levres-pour-la-liberte\/184116\/"},"modified":"2015-06-01T17:52:00","modified_gmt":"2015-06-01T17:52:00","slug":"backlashcampaign-du-rouge-a-levres-pour-la-liberte","status":"publish","type":"post","link":"https:\/\/www.webdo.tn\/fr\/actualite\/international\/backlashcampaign-du-rouge-a-levres-pour-la-liberte\/184116\/","title":{"rendered":"#BacklashCampaign : Du rouge \u00e0 l\u00e8vres pour la libert\u00e9"},"content":{"rendered":"<p>Les internautes se mobilisent \u00e0 nouveau pour Raif Badawi, blogueur saoudien qui militait en faveur des libert\u00e9s individuelles et qui a \u00e9t\u00e9 condamn\u00e9 \u00e0 1000 coups de fouet et 10 ans de prison pour atteinte \u00e0 la religion.<\/p>\n<p>Malgr\u00e9 une mobilisation internationale et plusieurs p\u00e9titions, l\u2019Etat saoudien est rest\u00e9 inflexible et Raif est toujours en prison depuis 2012. Son seul espoir reste une gr\u00e2ce royale.<\/p>\n<p>Une campagne, la #BacklashCampaign, a \u00e9t\u00e9 lanc\u00e9e ce lundi 1er juin sur Twitter, Facebook et Instagram. Il s\u2019agit de reproduire \u00e0 sa fa\u00e7on les coups de fouet avec du rouge \u00e0 l\u00e8vres sur le dos et de poster la photo sur les r\u00e9seaux sociaux.<\/p>\n<p>#backlash pic.twitter.com\/0uXyoIzq8o<br \/>\n\u2014 Daoud Ibrahim (@daywood) 1 Juin 2015<\/p>\n<p>It&rsquo;s here. The #backlash against #Saudi censorship and oppression begins. Here&rsquo;s how to take part: pic.twitter.com\/ssU9ZyDbTM<\/p>\n<p>\u2014 #Backlash (@backlashgroup) 1 Juin 2015<\/p>\n<p>#backlash oppression The protest has begun! Join us on Facebook, Twitter or Instagram to take part @backlashgroup pic.twitter.com\/YXbPVodbJg<br \/>\n\u2014 #Backlash (@backlashgroup) 1 Juin 2015<\/p>\n<p>Le blogueur avait cr\u00e9\u00e9 le site Free Saudi Liberals en 2008 qui pr\u00f4nait l\u2019\u00e9galit\u00e9 dans toutes les religions. Accus\u00e9 d\u2019insulte \u00e0 l\u2019islam, il avait \u00e9t\u00e9 interdit de quitter le pays en 2009 et ses comptes bancaires avaient \u00e9t\u00e9 bloqu\u00e9s.<\/p>\n<p>Il est arr\u00eat\u00e9 en juin 2012 apr\u00e8s la publication d\u2019une fatwa le traitant d\u2019apostat. Condamn\u00e9 d\u2019abord \u00e0 six cents coups de fouets et sept ans de prison, il fait appel. Sa femme et ses enfants sont condamn\u00e9s \u00e0 s\u2019exiler au Canada car ils subissent aussi des menaces.<\/p>\n<p>Rejug\u00e9 en appel le 7 mai 2014 il est condamn\u00e9 \u00e0 nouveau, \u00e0 dix ans de prison et \u00e0 mille coups de fouets distribu\u00e9s en vingt s\u00e9ances hebdomadaires. Mais la condamnation va plus loin puisqu\u2019il \u00e9cope \u00e9galement d\u2019une amende d\u2019un million de ryals et d\u2019une interdiction de voyage durant dix ans \u00e0 sa sortie de prison.<\/p>\n<p>Malgr\u00e9 la mobilisation de plusieurs pays, Raif Badawi a re\u00e7u cinquante coups de fouet en place publique le 9 janvier 2015.<\/p>\n<p>L\u2019ONU a fait appel au roi d\u2019Arabie Saoudite afin qu\u2019il intervienne dans l\u2019affaire. En attendant, des organisations internationales comme Reporters sans fronti\u00e8res ou Amnesty international se mobilisent toujours pour faire sortir Raif Badawi de prison, une p\u00e9tition a \u00e9t\u00e9 mise en place.<br \/>\nSonia Bahi<\/p>\n","protected":false},"excerpt":{"rendered":"<p>#BacklashCampaign : Du rouge \u00e0 l\u00e8vres pour la libert\u00e9<\/p>\n","protected":false},"author":3222,"featured_media":335922,"comment_status":"open","ping_status":"closed","sticky":false,"template":"","format":"standard","meta":{"footnotes":""},"categories":[2598],"tags":[2600],"class_list":["post-184116","post","type-post","status-publish","format-standard","has-post-thumbnail","hentry","category-international","tag-guerre"],"yoast_head":"<!-- This site is optimized with the Yoast SEO Premium plugin v27.5 (Yoast SEO v27.5) - https:\/\/yoast.com\/product\/yoast-seo-premium-wordpress\/ -->\n<title>#BacklashCampaign : Du rouge \u00e0 l\u00e8vres pour la libert\u00e9<\/title>\n<meta name=\"description\" content=\"#BacklashCampaign : Du rouge \u00e0 l\u00e8vres pour la libert\u00e9\" \/>\n<link rel=\"canonical\" href=\"https:\/\/www.webdo.tn\/fr\/actualite\/international\/backlashcampaign-du-rouge-a-levres-pour-la-liberte\/184116\/\" \/>\n<meta property=\"og:locale\" content=\"fr_FR\" \/>\n<meta property=\"og:type\" content=\"article\" \/>\n<meta property=\"og:title\" content=\"#BacklashCampaign : Du rouge \u00e0 l\u00e8vres pour la libert\u00e9\" \/>\n<meta property=\"og:description\" content=\"#BacklashCampaign : Du rouge \u00e0 l\u00e8vres pour la libert\u00e9\" \/>\n<meta property=\"og:url\" content=\"https:\/\/www.webdo.tn\/fr\/actualite\/international\/backlashcampaign-du-rouge-a-levres-pour-la-liberte\/184116\/\" \/>\n<meta property=\"og:site_name\" content=\"webdo\" \/>\n<meta property=\"article:publisher\" content=\"https:\/\/www.facebook.com\/webdotn\" \/>\n<meta property=\"article:published_time\" content=\"2015-06-01T17:52:00+00:00\" \/>\n<meta property=\"og:image\" content=\"https:\/\/www.webdo.tn\/fr\/wp-content\/uploads\/2015\/06\/raif-300x225-1.png\" \/>\n\t<meta property=\"og:image:width\" content=\"300\" \/>\n\t<meta property=\"og:image:height\" content=\"225\" \/>\n\t<meta property=\"og:image:type\" content=\"image\/png\" \/>\n<meta name=\"author\" content=\"webdo.tn\" \/>\n<meta name=\"twitter:card\" content=\"summary_large_image\" \/>\n<meta name=\"twitter:creator\" content=\"@webdo_tn\" \/>\n<meta name=\"twitter:site\" content=\"@webdo_tn\" \/>\n<meta name=\"twitter:label1\" content=\"\u00c9crit par\" \/>\n\t<meta name=\"twitter:data1\" content=\"webdo.tn\" \/>\n\t<meta name=\"twitter:label2\" content=\"Dur\u00e9e de lecture estim\u00e9e\" \/>\n\t<meta name=\"twitter:data2\" content=\"2 minutes\" \/>\n<script type=\"application\/ld+json\" class=\"yoast-schema-graph\">{\"@context\":\"https:\\\/\\\/schema.org\",\"@graph\":[{\"@type\":\"NewsArticle\",\"@id\":\"https:\\\/\\\/www.webdo.tn\\\/fr\\\/actualite\\\/international\\\/backlashcampaign-du-rouge-a-levres-pour-la-liberte\\\/184116\\\/#article\",\"isPartOf\":{\"@id\":\"https:\\\/\\\/www.webdo.tn\\\/fr\\\/actualite\\\/international\\\/backlashcampaign-du-rouge-a-levres-pour-la-liberte\\\/184116\\\/\"},\"author\":{\"name\":\"webdo.tn\",\"@id\":\"https:\\\/\\\/www.webdo.tn\\\/fr\\\/#\\\/schema\\\/person\\\/9a9c6118d687c117df8ef3cc36a4d175\"},\"headline\":\"#BacklashCampaign : Du rouge \u00e0 l\u00e8vres pour la libert\u00e9\",\"datePublished\":\"2015-06-01T17:52:00+00:00\",\"mainEntityOfPage\":{\"@id\":\"https:\\\/\\\/www.webdo.tn\\\/fr\\\/actualite\\\/international\\\/backlashcampaign-du-rouge-a-levres-pour-la-liberte\\\/184116\\\/\"},\"wordCount\":395,\"commentCount\":0,\"publisher\":{\"@id\":\"https:\\\/\\\/www.webdo.tn\\\/fr\\\/#organization\"},\"image\":{\"@id\":\"https:\\\/\\\/www.webdo.tn\\\/fr\\\/actualite\\\/international\\\/backlashcampaign-du-rouge-a-levres-pour-la-liberte\\\/184116\\\/#primaryimage\"},\"thumbnailUrl\":\"https:\\\/\\\/www.webdo.tn\\\/fr\\\/wp-content\\\/uploads\\\/2015\\\/06\\\/raif-300x225-1.png\",\"keywords\":[\"guerre\"],\"articleSection\":[\"International\"],\"inLanguage\":\"fr-FR\"},{\"@type\":\"WebPage\",\"@id\":\"https:\\\/\\\/www.webdo.tn\\\/fr\\\/actualite\\\/international\\\/backlashcampaign-du-rouge-a-levres-pour-la-liberte\\\/184116\\\/\",\"url\":\"https:\\\/\\\/www.webdo.tn\\\/fr\\\/actualite\\\/international\\\/backlashcampaign-du-rouge-a-levres-pour-la-liberte\\\/184116\\\/\",\"name\":\"#BacklashCampaign : Du rouge \u00e0 l\u00e8vres pour la libert\u00e9\",\"isPartOf\":{\"@id\":\"https:\\\/\\\/www.webdo.tn\\\/fr\\\/#website\"},\"primaryImageOfPage\":{\"@id\":\"https:\\\/\\\/www.webdo.tn\\\/fr\\\/actualite\\\/international\\\/backlashcampaign-du-rouge-a-levres-pour-la-liberte\\\/184116\\\/#primaryimage\"},\"image\":{\"@id\":\"https:\\\/\\\/www.webdo.tn\\\/fr\\\/actualite\\\/international\\\/backlashcampaign-du-rouge-a-levres-pour-la-liberte\\\/184116\\\/#primaryimage\"},\"thumbnailUrl\":\"https:\\\/\\\/www.webdo.tn\\\/fr\\\/wp-content\\\/uploads\\\/2015\\\/06\\\/raif-300x225-1.png\",\"datePublished\":\"2015-06-01T17:52:00+00:00\",\"description\":\"#BacklashCampaign : Du rouge \u00e0 l\u00e8vres pour la libert\u00e9\",\"breadcrumb\":{\"@id\":\"https:\\\/\\\/www.webdo.tn\\\/fr\\\/actualite\\\/international\\\/backlashcampaign-du-rouge-a-levres-pour-la-liberte\\\/184116\\\/#breadcrumb\"},\"inLanguage\":\"fr-FR\",\"potentialAction\":[{\"@type\":\"ReadAction\",\"target\":[\"https:\\\/\\\/www.webdo.tn\\\/fr\\\/actualite\\\/international\\\/backlashcampaign-du-rouge-a-levres-pour-la-liberte\\\/184116\\\/\"]}]},{\"@type\":\"ImageObject\",\"inLanguage\":\"fr-FR\",\"@id\":\"https:\\\/\\\/www.webdo.tn\\\/fr\\\/actualite\\\/international\\\/backlashcampaign-du-rouge-a-levres-pour-la-liberte\\\/184116\\\/#primaryimage\",\"url\":\"https:\\\/\\\/www.webdo.tn\\\/fr\\\/wp-content\\\/uploads\\\/2015\\\/06\\\/raif-300x225-1.png\",\"contentUrl\":\"https:\\\/\\\/www.webdo.tn\\\/fr\\\/wp-content\\\/uploads\\\/2015\\\/06\\\/raif-300x225-1.png\",\"width\":300,\"height\":225,\"caption\":\"#BacklashCampaign : Du rouge \u00e0 l\u00e8vres pour la libert\u00e9\"},{\"@type\":\"BreadcrumbList\",\"@id\":\"https:\\\/\\\/www.webdo.tn\\\/fr\\\/actualite\\\/international\\\/backlashcampaign-du-rouge-a-levres-pour-la-liberte\\\/184116\\\/#breadcrumb\",\"itemListElement\":[{\"@type\":\"ListItem\",\"position\":1,\"name\":\"Accueil\",\"item\":\"https:\\\/\\\/www.webdo.tn\\\/fr\\\/\"},{\"@type\":\"ListItem\",\"position\":2,\"name\":\"#BacklashCampaign : Du rouge \u00e0 l\u00e8vres pour la libert\u00e9\"}]},{\"@type\":\"WebSite\",\"@id\":\"https:\\\/\\\/www.webdo.tn\\\/fr\\\/#website\",\"url\":\"https:\\\/\\\/www.webdo.tn\\\/fr\\\/\",\"name\":\"webdo\",\"description\":\"Tunisie - News en Tunisie et \u00e0 l&#039;international sur Webdo.tn\",\"publisher\":{\"@id\":\"https:\\\/\\\/www.webdo.tn\\\/fr\\\/#organization\"},\"potentialAction\":[{\"@type\":\"SearchAction\",\"target\":{\"@type\":\"EntryPoint\",\"urlTemplate\":\"https:\\\/\\\/www.webdo.tn\\\/fr\\\/?s={search_term_string}\"},\"query-input\":{\"@type\":\"PropertyValueSpecification\",\"valueRequired\":true,\"valueName\":\"search_term_string\"}}],\"inLanguage\":\"fr-FR\"},{\"@type\":\"Organization\",\"@id\":\"https:\\\/\\\/www.webdo.tn\\\/fr\\\/#organization\",\"name\":\"Webdo\",\"alternateName\":\"Webdo.tn\",\"url\":\"https:\\\/\\\/www.webdo.tn\\\/fr\\\/\",\"logo\":{\"@type\":\"ImageObject\",\"inLanguage\":\"fr-FR\",\"@id\":\"https:\\\/\\\/www.webdo.tn\\\/fr\\\/#\\\/schema\\\/logo\\\/image\\\/\",\"url\":\"https:\\\/\\\/www.webdo.tn\\\/fr\\\/wp-content\\\/uploads\\\/2025\\\/06\\\/Webdo-Tunisie_168377.jpg\",\"contentUrl\":\"https:\\\/\\\/www.webdo.tn\\\/fr\\\/wp-content\\\/uploads\\\/2025\\\/06\\\/Webdo-Tunisie_168377.jpg\",\"width\":301,\"height\":301,\"caption\":\"Webdo\"},\"image\":{\"@id\":\"https:\\\/\\\/www.webdo.tn\\\/fr\\\/#\\\/schema\\\/logo\\\/image\\\/\"},\"sameAs\":[\"https:\\\/\\\/www.facebook.com\\\/webdotn\",\"https:\\\/\\\/x.com\\\/webdo_tn\"],\"description\":\"Webdo est un m\u00e9dia num\u00e9rique tunisien fond\u00e9 en 2010, sp\u00e9cialis\u00e9 dans l\u2019actualit\u00e9 nationale et internationale, l\u2019\u00e9conomie, la soci\u00e9t\u00e9 et les analyses politiques. Le site s\u2019adresse \u00e0 un large public francophone et couvre l\u2019information tunisienne en temps r\u00e9el.\",\"email\":\"redac@webdo.tn\",\"legalName\":\"YNJ SARL\",\"foundingDate\":\"2010-09-06\",\"numberOfEmployees\":{\"@type\":\"QuantitativeValue\",\"minValue\":\"11\",\"maxValue\":\"50\"}},{\"@type\":\"Person\",\"@id\":\"https:\\\/\\\/www.webdo.tn\\\/fr\\\/#\\\/schema\\\/person\\\/9a9c6118d687c117df8ef3cc36a4d175\",\"name\":\"webdo.tn\",\"image\":{\"@type\":\"ImageObject\",\"inLanguage\":\"fr-FR\",\"@id\":\"https:\\\/\\\/secure.gravatar.com\\\/avatar\\\/7ce1f28c0c3bbac99ff550b85ef8e44a6950c6ee24514fb6a5489e51d06f0298?s=96&d=mm&r=g\",\"url\":\"https:\\\/\\\/secure.gravatar.com\\\/avatar\\\/7ce1f28c0c3bbac99ff550b85ef8e44a6950c6ee24514fb6a5489e51d06f0298?s=96&d=mm&r=g\",\"contentUrl\":\"https:\\\/\\\/secure.gravatar.com\\\/avatar\\\/7ce1f28c0c3bbac99ff550b85ef8e44a6950c6ee24514fb6a5489e51d06f0298?s=96&d=mm&r=g\",\"caption\":\"webdo.tn\"},\"url\":\"https:\\\/\\\/www.webdo.tn\\\/fr\\\/actualite\\\/author\\\/webdotn\\\/\"}]}<\/script>\n<!-- \/ Yoast SEO Premium plugin. -->","yoast_head_json":{"title":"#BacklashCampaign : Du rouge \u00e0 l\u00e8vres pour la libert\u00e9","description":"#BacklashCampaign : Du rouge \u00e0 l\u00e8vres pour la libert\u00e9","canonical":"https:\/\/www.webdo.tn\/fr\/actualite\/international\/backlashcampaign-du-rouge-a-levres-pour-la-liberte\/184116\/","og_locale":"fr_FR","og_type":"article","og_title":"#BacklashCampaign : Du rouge \u00e0 l\u00e8vres pour la libert\u00e9","og_description":"#BacklashCampaign : Du rouge \u00e0 l\u00e8vres pour la libert\u00e9","og_url":"https:\/\/www.webdo.tn\/fr\/actualite\/international\/backlashcampaign-du-rouge-a-levres-pour-la-liberte\/184116\/","og_site_name":"webdo","article_publisher":"https:\/\/www.facebook.com\/webdotn","article_published_time":"2015-06-01T17:52:00+00:00","og_image":[{"width":300,"height":225,"url":"https:\/\/www.webdo.tn\/fr\/wp-content\/uploads\/2015\/06\/raif-300x225-1.png","type":"image\/png"}],"author":"webdo.tn","twitter_card":"summary_large_image","twitter_creator":"@webdo_tn","twitter_site":"@webdo_tn","twitter_misc":{"\u00c9crit par":"webdo.tn","Dur\u00e9e de lecture estim\u00e9e":"2 minutes"},"schema":{"@context":"https:\/\/schema.org","@graph":[{"@type":"NewsArticle","@id":"https:\/\/www.webdo.tn\/fr\/actualite\/international\/backlashcampaign-du-rouge-a-levres-pour-la-liberte\/184116\/#article","isPartOf":{"@id":"https:\/\/www.webdo.tn\/fr\/actualite\/international\/backlashcampaign-du-rouge-a-levres-pour-la-liberte\/184116\/"},"author":{"name":"webdo.tn","@id":"https:\/\/www.webdo.tn\/fr\/#\/schema\/person\/9a9c6118d687c117df8ef3cc36a4d175"},"headline":"#BacklashCampaign : Du rouge \u00e0 l\u00e8vres pour la libert\u00e9","datePublished":"2015-06-01T17:52:00+00:00","mainEntityOfPage":{"@id":"https:\/\/www.webdo.tn\/fr\/actualite\/international\/backlashcampaign-du-rouge-a-levres-pour-la-liberte\/184116\/"},"wordCount":395,"commentCount":0,"publisher":{"@id":"https:\/\/www.webdo.tn\/fr\/#organization"},"image":{"@id":"https:\/\/www.webdo.tn\/fr\/actualite\/international\/backlashcampaign-du-rouge-a-levres-pour-la-liberte\/184116\/#primaryimage"},"thumbnailUrl":"https:\/\/www.webdo.tn\/fr\/wp-content\/uploads\/2015\/06\/raif-300x225-1.png","keywords":["guerre"],"articleSection":["International"],"inLanguage":"fr-FR"},{"@type":"WebPage","@id":"https:\/\/www.webdo.tn\/fr\/actualite\/international\/backlashcampaign-du-rouge-a-levres-pour-la-liberte\/184116\/","url":"https:\/\/www.webdo.tn\/fr\/actualite\/international\/backlashcampaign-du-rouge-a-levres-pour-la-liberte\/184116\/","name":"#BacklashCampaign : Du rouge \u00e0 l\u00e8vres pour la libert\u00e9","isPartOf":{"@id":"https:\/\/www.webdo.tn\/fr\/#website"},"primaryImageOfPage":{"@id":"https:\/\/www.webdo.tn\/fr\/actualite\/international\/backlashcampaign-du-rouge-a-levres-pour-la-liberte\/184116\/#primaryimage"},"image":{"@id":"https:\/\/www.webdo.tn\/fr\/actualite\/international\/backlashcampaign-du-rouge-a-levres-pour-la-liberte\/184116\/#primaryimage"},"thumbnailUrl":"https:\/\/www.webdo.tn\/fr\/wp-content\/uploads\/2015\/06\/raif-300x225-1.png","datePublished":"2015-06-01T17:52:00+00:00","description":"#BacklashCampaign : Du rouge \u00e0 l\u00e8vres pour la libert\u00e9","breadcrumb":{"@id":"https:\/\/www.webdo.tn\/fr\/actualite\/international\/backlashcampaign-du-rouge-a-levres-pour-la-liberte\/184116\/#breadcrumb"},"inLanguage":"fr-FR","potentialAction":[{"@type":"ReadAction","target":["https:\/\/www.webdo.tn\/fr\/actualite\/international\/backlashcampaign-du-rouge-a-levres-pour-la-liberte\/184116\/"]}]},{"@type":"ImageObject","inLanguage":"fr-FR","@id":"https:\/\/www.webdo.tn\/fr\/actualite\/international\/backlashcampaign-du-rouge-a-levres-pour-la-liberte\/184116\/#primaryimage","url":"https:\/\/www.webdo.tn\/fr\/wp-content\/uploads\/2015\/06\/raif-300x225-1.png","contentUrl":"https:\/\/www.webdo.tn\/fr\/wp-content\/uploads\/2015\/06\/raif-300x225-1.png","width":300,"height":225,"caption":"#BacklashCampaign : Du rouge \u00e0 l\u00e8vres pour la libert\u00e9"},{"@type":"BreadcrumbList","@id":"https:\/\/www.webdo.tn\/fr\/actualite\/international\/backlashcampaign-du-rouge-a-levres-pour-la-liberte\/184116\/#breadcrumb","itemListElement":[{"@type":"ListItem","position":1,"name":"Accueil","item":"https:\/\/www.webdo.tn\/fr\/"},{"@type":"ListItem","position":2,"name":"#BacklashCampaign : Du rouge \u00e0 l\u00e8vres pour la libert\u00e9"}]},{"@type":"WebSite","@id":"https:\/\/www.webdo.tn\/fr\/#website","url":"https:\/\/www.webdo.tn\/fr\/","name":"webdo","description":"Tunisie - News en Tunisie et \u00e0 l&#039;international sur Webdo.tn","publisher":{"@id":"https:\/\/www.webdo.tn\/fr\/#organization"},"potentialAction":[{"@type":"SearchAction","target":{"@type":"EntryPoint","urlTemplate":"https:\/\/www.webdo.tn\/fr\/?s={search_term_string}"},"query-input":{"@type":"PropertyValueSpecification","valueRequired":true,"valueName":"search_term_string"}}],"inLanguage":"fr-FR"},{"@type":"Organization","@id":"https:\/\/www.webdo.tn\/fr\/#organization","name":"Webdo","alternateName":"Webdo.tn","url":"https:\/\/www.webdo.tn\/fr\/","logo":{"@type":"ImageObject","inLanguage":"fr-FR","@id":"https:\/\/www.webdo.tn\/fr\/#\/schema\/logo\/image\/","url":"https:\/\/www.webdo.tn\/fr\/wp-content\/uploads\/2025\/06\/Webdo-Tunisie_168377.jpg","contentUrl":"https:\/\/www.webdo.tn\/fr\/wp-content\/uploads\/2025\/06\/Webdo-Tunisie_168377.jpg","width":301,"height":301,"caption":"Webdo"},"image":{"@id":"https:\/\/www.webdo.tn\/fr\/#\/schema\/logo\/image\/"},"sameAs":["https:\/\/www.facebook.com\/webdotn","https:\/\/x.com\/webdo_tn"],"description":"Webdo est un m\u00e9dia num\u00e9rique tunisien fond\u00e9 en 2010, sp\u00e9cialis\u00e9 dans l\u2019actualit\u00e9 nationale et internationale, l\u2019\u00e9conomie, la soci\u00e9t\u00e9 et les analyses politiques. Le site s\u2019adresse \u00e0 un large public francophone et couvre l\u2019information tunisienne en temps r\u00e9el.","email":"redac@webdo.tn","legalName":"YNJ SARL","foundingDate":"2010-09-06","numberOfEmployees":{"@type":"QuantitativeValue","minValue":"11","maxValue":"50"}},{"@type":"Person","@id":"https:\/\/www.webdo.tn\/fr\/#\/schema\/person\/9a9c6118d687c117df8ef3cc36a4d175","name":"webdo.tn","image":{"@type":"ImageObject","inLanguage":"fr-FR","@id":"https:\/\/secure.gravatar.com\/avatar\/7ce1f28c0c3bbac99ff550b85ef8e44a6950c6ee24514fb6a5489e51d06f0298?s=96&d=mm&r=g","url":"https:\/\/secure.gravatar.com\/avatar\/7ce1f28c0c3bbac99ff550b85ef8e44a6950c6ee24514fb6a5489e51d06f0298?s=96&d=mm&r=g","contentUrl":"https:\/\/secure.gravatar.com\/avatar\/7ce1f28c0c3bbac99ff550b85ef8e44a6950c6ee24514fb6a5489e51d06f0298?s=96&d=mm&r=g","caption":"webdo.tn"},"url":"https:\/\/www.webdo.tn\/fr\/actualite\/author\/webdotn\/"}]}},"_links":{"self":[{"href":"https:\/\/www.webdo.tn\/fr\/wp-json\/wp\/v2\/posts\/184116","targetHints":{"allow":["GET"]}}],"collection":[{"href":"https:\/\/www.webdo.tn\/fr\/wp-json\/wp\/v2\/posts"}],"about":[{"href":"https:\/\/www.webdo.tn\/fr\/wp-json\/wp\/v2\/types\/post"}],"author":[{"embeddable":true,"href":"https:\/\/www.webdo.tn\/fr\/wp-json\/wp\/v2\/users\/3222"}],"replies":[{"embeddable":true,"href":"https:\/\/www.webdo.tn\/fr\/wp-json\/wp\/v2\/comments?post=184116"}],"version-history":[{"count":0,"href":"https:\/\/www.webdo.tn\/fr\/wp-json\/wp\/v2\/posts\/184116\/revisions"}],"wp:featuredmedia":[{"embeddable":true,"href":"https:\/\/www.webdo.tn\/fr\/wp-json\/wp\/v2\/media\/335922"}],"wp:attachment":[{"href":"https:\/\/www.webdo.tn\/fr\/wp-json\/wp\/v2\/media?parent=184116"}],"wp:term":[{"taxonomy":"category","embeddable":true,"href":"https:\/\/www.webdo.tn\/fr\/wp-json\/wp\/v2\/categories?post=184116"},{"taxonomy":"post_tag","embeddable":true,"href":"https:\/\/www.webdo.tn\/fr\/wp-json\/wp\/v2\/tags?post=184116"}],"curies":[{"name":"wp","href":"https:\/\/api.w.org\/{rel}","templated":true}]}}