{"id":184114,"date":"2015-06-03T16:40:00","date_gmt":"2015-06-03T16:40:00","guid":{"rendered":"https:\/\/www.webdo.tn\/fr\/blog\/les-oeuvres-du-tunisien-el-seed-remplacent-les-cadenas-damour-au-pont-des-arts-a-paris\/184114\/"},"modified":"2025-05-18T22:12:59","modified_gmt":"2025-05-18T22:12:59","slug":"les-oeuvres-du-tunisien-el-seed-remplacent-les-cadenas-damour-au-pont-des-arts-a-paris","status":"publish","type":"post","link":"https:\/\/www.webdo.tn\/fr\/actualite\/international\/les-oeuvres-du-tunisien-el-seed-remplacent-les-cadenas-damour-au-pont-des-arts-a-paris\/184114\/","title":{"rendered":"Les \u0153uvres du Tunisien \u00ab\u00a0eL Seed\u00a0\u00bb remplacent les cadenas d&rsquo;amour au pont des Arts \u00e0 Paris"},"content":{"rendered":"<p>Les \u0153uvres du street-artiste\u00a0tunisien \u00ab\u00a0eL Seed\u00a0\u00bb ont \u00e9t\u00e9 accroch\u00e9es du c\u00f4t\u00e9 du Pont des Arts \u00e0 Paris en remplacement des \u00ab\u00a0cadenas d&rsquo;amour\u00a0\u00bb retir\u00e9s ce lundi 1er juin par la mairie de Paris.<br \/>\nEn attendant la mise en place de vitres en verre cet automne, la mairie de Paris et le Tunisien Mehdi Ben Cheikh, le directeur de la galerie Itinerrance ont demand\u00e9 \u00e0 quatre street-artistes, Jace, El Seed, Brusk et Pantonio,\u00a0d\u2019imaginer des panneaux graphiques.<br \/>\n\u00ab\u00a0eL Seed\u00a0\u00bb dont les \u0153uvres sont des calligraffiti, un m\u00e9lange entre calligraphies arabes et graffitis, est connu \u00e0 l&rsquo;\u00e9chelle internationale, ses fresques sont expos\u00e9es aux quatre coins du monde, en Tunisie, au Br\u00e9sil, aux Etats-Unis et en France.<\/p>\n","protected":false},"excerpt":{"rendered":"<p>Les \u0153uvres du Tunisien  eL Seed  remplacent les cadenas d&rsquo;amour au pont des Arts \u00e0 Paris<\/p>\n","protected":false},"author":3222,"featured_media":318135,"comment_status":"open","ping_status":"closed","sticky":false,"template":"","format":"standard","meta":{"footnotes":""},"categories":[2598],"tags":[2600],"class_list":["post-184114","post","type-post","status-publish","format-standard","has-post-thumbnail","hentry","category-international","tag-guerre"],"yoast_head":"<!-- This site is optimized with the Yoast SEO Premium plugin v27.5 (Yoast SEO v27.5) - https:\/\/yoast.com\/product\/yoast-seo-premium-wordpress\/ -->\n<title>Les \u0153uvres du Tunisien eL Seed remplacent les cadenas d&#039;amour au pont des Arts \u00e0 Paris<\/title>\n<meta name=\"description\" content=\"Les \u0153uvres du Tunisien eL Seed remplacent les cadenas d&#039;amour au pont des Arts \u00e0 Paris\" \/>\n<link rel=\"canonical\" href=\"https:\/\/www.webdo.tn\/fr\/actualite\/international\/les-oeuvres-du-tunisien-el-seed-remplacent-les-cadenas-damour-au-pont-des-arts-a-paris\/184114\/\" \/>\n<meta property=\"og:locale\" content=\"fr_FR\" \/>\n<meta property=\"og:type\" content=\"article\" \/>\n<meta property=\"og:title\" content=\"Les \u0153uvres du Tunisien &quot;eL Seed&quot; remplacent les cadenas d&#039;amour au pont des Arts \u00e0 Paris\" \/>\n<meta property=\"og:description\" content=\"Les \u0153uvres du Tunisien eL Seed remplacent les cadenas d&#039;amour au pont des Arts \u00e0 Paris\" \/>\n<meta property=\"og:url\" content=\"https:\/\/www.webdo.tn\/fr\/actualite\/international\/les-oeuvres-du-tunisien-el-seed-remplacent-les-cadenas-damour-au-pont-des-arts-a-paris\/184114\/\" \/>\n<meta property=\"og:site_name\" content=\"webdo\" \/>\n<meta property=\"article:publisher\" content=\"https:\/\/www.facebook.com\/webdotn\" \/>\n<meta property=\"article:published_time\" content=\"2015-06-03T16:40:00+00:00\" \/>\n<meta property=\"article:modified_time\" content=\"2025-05-18T22:12:59+00:00\" \/>\n<meta property=\"og:image\" content=\"https:\/\/www.webdo.tn\/fr\/wp-content\/uploads\/2015\/06\/Pont-des-arts.jpg\" \/>\n\t<meta property=\"og:image:width\" content=\"597\" \/>\n\t<meta property=\"og:image:height\" content=\"480\" \/>\n\t<meta property=\"og:image:type\" content=\"image\/jpeg\" \/>\n<meta name=\"author\" content=\"webdo.tn\" \/>\n<meta name=\"twitter:card\" content=\"summary_large_image\" \/>\n<meta name=\"twitter:creator\" content=\"@webdo_tn\" \/>\n<meta name=\"twitter:site\" content=\"@webdo_tn\" \/>\n<meta name=\"twitter:label1\" content=\"\u00c9crit par\" \/>\n\t<meta name=\"twitter:data1\" content=\"webdo.tn\" \/>\n\t<meta name=\"twitter:label2\" content=\"Dur\u00e9e de lecture estim\u00e9e\" \/>\n\t<meta name=\"twitter:data2\" content=\"1 minute\" \/>\n<script type=\"application\/ld+json\" class=\"yoast-schema-graph\">{\"@context\":\"https:\\\/\\\/schema.org\",\"@graph\":[{\"@type\":\"NewsArticle\",\"@id\":\"https:\\\/\\\/www.webdo.tn\\\/fr\\\/actualite\\\/international\\\/les-oeuvres-du-tunisien-el-seed-remplacent-les-cadenas-damour-au-pont-des-arts-a-paris\\\/184114\\\/#article\",\"isPartOf\":{\"@id\":\"https:\\\/\\\/www.webdo.tn\\\/fr\\\/actualite\\\/international\\\/les-oeuvres-du-tunisien-el-seed-remplacent-les-cadenas-damour-au-pont-des-arts-a-paris\\\/184114\\\/\"},\"author\":{\"name\":\"webdo.tn\",\"@id\":\"https:\\\/\\\/www.webdo.tn\\\/fr\\\/#\\\/schema\\\/person\\\/9a9c6118d687c117df8ef3cc36a4d175\"},\"headline\":\"Les \u0153uvres du Tunisien \u00ab\u00a0eL Seed\u00a0\u00bb remplacent les cadenas d&rsquo;amour au pont des Arts \u00e0 Paris\",\"datePublished\":\"2015-06-03T16:40:00+00:00\",\"dateModified\":\"2025-05-18T22:12:59+00:00\",\"mainEntityOfPage\":{\"@id\":\"https:\\\/\\\/www.webdo.tn\\\/fr\\\/actualite\\\/international\\\/les-oeuvres-du-tunisien-el-seed-remplacent-les-cadenas-damour-au-pont-des-arts-a-paris\\\/184114\\\/\"},\"wordCount\":136,\"commentCount\":0,\"publisher\":{\"@id\":\"https:\\\/\\\/www.webdo.tn\\\/fr\\\/#organization\"},\"image\":{\"@id\":\"https:\\\/\\\/www.webdo.tn\\\/fr\\\/actualite\\\/international\\\/les-oeuvres-du-tunisien-el-seed-remplacent-les-cadenas-damour-au-pont-des-arts-a-paris\\\/184114\\\/#primaryimage\"},\"thumbnailUrl\":\"https:\\\/\\\/www.webdo.tn\\\/fr\\\/wp-content\\\/uploads\\\/2015\\\/06\\\/Pont-des-arts.jpg\",\"keywords\":[\"guerre\"],\"articleSection\":[\"International\"],\"inLanguage\":\"fr-FR\"},{\"@type\":\"WebPage\",\"@id\":\"https:\\\/\\\/www.webdo.tn\\\/fr\\\/actualite\\\/international\\\/les-oeuvres-du-tunisien-el-seed-remplacent-les-cadenas-damour-au-pont-des-arts-a-paris\\\/184114\\\/\",\"url\":\"https:\\\/\\\/www.webdo.tn\\\/fr\\\/actualite\\\/international\\\/les-oeuvres-du-tunisien-el-seed-remplacent-les-cadenas-damour-au-pont-des-arts-a-paris\\\/184114\\\/\",\"name\":\"Les \u0153uvres du Tunisien eL Seed remplacent les cadenas d'amour au pont des Arts \u00e0 Paris\",\"isPartOf\":{\"@id\":\"https:\\\/\\\/www.webdo.tn\\\/fr\\\/#website\"},\"primaryImageOfPage\":{\"@id\":\"https:\\\/\\\/www.webdo.tn\\\/fr\\\/actualite\\\/international\\\/les-oeuvres-du-tunisien-el-seed-remplacent-les-cadenas-damour-au-pont-des-arts-a-paris\\\/184114\\\/#primaryimage\"},\"image\":{\"@id\":\"https:\\\/\\\/www.webdo.tn\\\/fr\\\/actualite\\\/international\\\/les-oeuvres-du-tunisien-el-seed-remplacent-les-cadenas-damour-au-pont-des-arts-a-paris\\\/184114\\\/#primaryimage\"},\"thumbnailUrl\":\"https:\\\/\\\/www.webdo.tn\\\/fr\\\/wp-content\\\/uploads\\\/2015\\\/06\\\/Pont-des-arts.jpg\",\"datePublished\":\"2015-06-03T16:40:00+00:00\",\"dateModified\":\"2025-05-18T22:12:59+00:00\",\"description\":\"Les \u0153uvres du Tunisien eL Seed remplacent les cadenas d'amour au pont des Arts \u00e0 Paris\",\"breadcrumb\":{\"@id\":\"https:\\\/\\\/www.webdo.tn\\\/fr\\\/actualite\\\/international\\\/les-oeuvres-du-tunisien-el-seed-remplacent-les-cadenas-damour-au-pont-des-arts-a-paris\\\/184114\\\/#breadcrumb\"},\"inLanguage\":\"fr-FR\",\"potentialAction\":[{\"@type\":\"ReadAction\",\"target\":[\"https:\\\/\\\/www.webdo.tn\\\/fr\\\/actualite\\\/international\\\/les-oeuvres-du-tunisien-el-seed-remplacent-les-cadenas-damour-au-pont-des-arts-a-paris\\\/184114\\\/\"]}]},{\"@type\":\"ImageObject\",\"inLanguage\":\"fr-FR\",\"@id\":\"https:\\\/\\\/www.webdo.tn\\\/fr\\\/actualite\\\/international\\\/les-oeuvres-du-tunisien-el-seed-remplacent-les-cadenas-damour-au-pont-des-arts-a-paris\\\/184114\\\/#primaryimage\",\"url\":\"https:\\\/\\\/www.webdo.tn\\\/fr\\\/wp-content\\\/uploads\\\/2015\\\/06\\\/Pont-des-arts.jpg\",\"contentUrl\":\"https:\\\/\\\/www.webdo.tn\\\/fr\\\/wp-content\\\/uploads\\\/2015\\\/06\\\/Pont-des-arts.jpg\",\"width\":597,\"height\":480,\"caption\":\"Les \u0153uvres du Tunisien \\\"eL Seed\\\" remplacent les cadenas d'amour au pont des Arts \u00e0 Paris\"},{\"@type\":\"BreadcrumbList\",\"@id\":\"https:\\\/\\\/www.webdo.tn\\\/fr\\\/actualite\\\/international\\\/les-oeuvres-du-tunisien-el-seed-remplacent-les-cadenas-damour-au-pont-des-arts-a-paris\\\/184114\\\/#breadcrumb\",\"itemListElement\":[{\"@type\":\"ListItem\",\"position\":1,\"name\":\"Accueil\",\"item\":\"https:\\\/\\\/www.webdo.tn\\\/fr\\\/\"},{\"@type\":\"ListItem\",\"position\":2,\"name\":\"Les \u0153uvres du Tunisien \u00ab\u00a0eL Seed\u00a0\u00bb remplacent les cadenas d&rsquo;amour au pont des Arts \u00e0 Paris\"}]},{\"@type\":\"WebSite\",\"@id\":\"https:\\\/\\\/www.webdo.tn\\\/fr\\\/#website\",\"url\":\"https:\\\/\\\/www.webdo.tn\\\/fr\\\/\",\"name\":\"webdo\",\"description\":\"Tunisie - News en Tunisie et \u00e0 l&#039;international sur Webdo.tn\",\"publisher\":{\"@id\":\"https:\\\/\\\/www.webdo.tn\\\/fr\\\/#organization\"},\"potentialAction\":[{\"@type\":\"SearchAction\",\"target\":{\"@type\":\"EntryPoint\",\"urlTemplate\":\"https:\\\/\\\/www.webdo.tn\\\/fr\\\/?s={search_term_string}\"},\"query-input\":{\"@type\":\"PropertyValueSpecification\",\"valueRequired\":true,\"valueName\":\"search_term_string\"}}],\"inLanguage\":\"fr-FR\"},{\"@type\":\"Organization\",\"@id\":\"https:\\\/\\\/www.webdo.tn\\\/fr\\\/#organization\",\"name\":\"Webdo\",\"alternateName\":\"Webdo.tn\",\"url\":\"https:\\\/\\\/www.webdo.tn\\\/fr\\\/\",\"logo\":{\"@type\":\"ImageObject\",\"inLanguage\":\"fr-FR\",\"@id\":\"https:\\\/\\\/www.webdo.tn\\\/fr\\\/#\\\/schema\\\/logo\\\/image\\\/\",\"url\":\"https:\\\/\\\/www.webdo.tn\\\/fr\\\/wp-content\\\/uploads\\\/2025\\\/06\\\/Webdo-Tunisie_168377.jpg\",\"contentUrl\":\"https:\\\/\\\/www.webdo.tn\\\/fr\\\/wp-content\\\/uploads\\\/2025\\\/06\\\/Webdo-Tunisie_168377.jpg\",\"width\":301,\"height\":301,\"caption\":\"Webdo\"},\"image\":{\"@id\":\"https:\\\/\\\/www.webdo.tn\\\/fr\\\/#\\\/schema\\\/logo\\\/image\\\/\"},\"sameAs\":[\"https:\\\/\\\/www.facebook.com\\\/webdotn\",\"https:\\\/\\\/x.com\\\/webdo_tn\"],\"description\":\"Webdo est un m\u00e9dia num\u00e9rique tunisien fond\u00e9 en 2010, sp\u00e9cialis\u00e9 dans l\u2019actualit\u00e9 nationale et internationale, l\u2019\u00e9conomie, la soci\u00e9t\u00e9 et les analyses politiques. Le site s\u2019adresse \u00e0 un large public francophone et couvre l\u2019information tunisienne en temps r\u00e9el.\",\"email\":\"redac@webdo.tn\",\"legalName\":\"YNJ SARL\",\"foundingDate\":\"2010-09-06\",\"numberOfEmployees\":{\"@type\":\"QuantitativeValue\",\"minValue\":\"11\",\"maxValue\":\"50\"}},{\"@type\":\"Person\",\"@id\":\"https:\\\/\\\/www.webdo.tn\\\/fr\\\/#\\\/schema\\\/person\\\/9a9c6118d687c117df8ef3cc36a4d175\",\"name\":\"webdo.tn\",\"image\":{\"@type\":\"ImageObject\",\"inLanguage\":\"fr-FR\",\"@id\":\"https:\\\/\\\/secure.gravatar.com\\\/avatar\\\/7ce1f28c0c3bbac99ff550b85ef8e44a6950c6ee24514fb6a5489e51d06f0298?s=96&d=mm&r=g\",\"url\":\"https:\\\/\\\/secure.gravatar.com\\\/avatar\\\/7ce1f28c0c3bbac99ff550b85ef8e44a6950c6ee24514fb6a5489e51d06f0298?s=96&d=mm&r=g\",\"contentUrl\":\"https:\\\/\\\/secure.gravatar.com\\\/avatar\\\/7ce1f28c0c3bbac99ff550b85ef8e44a6950c6ee24514fb6a5489e51d06f0298?s=96&d=mm&r=g\",\"caption\":\"webdo.tn\"},\"url\":\"https:\\\/\\\/www.webdo.tn\\\/fr\\\/actualite\\\/author\\\/webdotn\\\/\"}]}<\/script>\n<!-- \/ Yoast SEO Premium plugin. -->","yoast_head_json":{"title":"Les \u0153uvres du Tunisien eL Seed remplacent les cadenas d'amour au pont des Arts \u00e0 Paris","description":"Les \u0153uvres du Tunisien eL Seed remplacent les cadenas d'amour au pont des Arts \u00e0 Paris","canonical":"https:\/\/www.webdo.tn\/fr\/actualite\/international\/les-oeuvres-du-tunisien-el-seed-remplacent-les-cadenas-damour-au-pont-des-arts-a-paris\/184114\/","og_locale":"fr_FR","og_type":"article","og_title":"Les \u0153uvres du Tunisien \"eL Seed\" remplacent les cadenas d'amour au pont des Arts \u00e0 Paris","og_description":"Les \u0153uvres du Tunisien eL Seed remplacent les cadenas d'amour au pont des Arts \u00e0 Paris","og_url":"https:\/\/www.webdo.tn\/fr\/actualite\/international\/les-oeuvres-du-tunisien-el-seed-remplacent-les-cadenas-damour-au-pont-des-arts-a-paris\/184114\/","og_site_name":"webdo","article_publisher":"https:\/\/www.facebook.com\/webdotn","article_published_time":"2015-06-03T16:40:00+00:00","article_modified_time":"2025-05-18T22:12:59+00:00","og_image":[{"width":597,"height":480,"url":"https:\/\/www.webdo.tn\/fr\/wp-content\/uploads\/2015\/06\/Pont-des-arts.jpg","type":"image\/jpeg"}],"author":"webdo.tn","twitter_card":"summary_large_image","twitter_creator":"@webdo_tn","twitter_site":"@webdo_tn","twitter_misc":{"\u00c9crit par":"webdo.tn","Dur\u00e9e de lecture estim\u00e9e":"1 minute"},"schema":{"@context":"https:\/\/schema.org","@graph":[{"@type":"NewsArticle","@id":"https:\/\/www.webdo.tn\/fr\/actualite\/international\/les-oeuvres-du-tunisien-el-seed-remplacent-les-cadenas-damour-au-pont-des-arts-a-paris\/184114\/#article","isPartOf":{"@id":"https:\/\/www.webdo.tn\/fr\/actualite\/international\/les-oeuvres-du-tunisien-el-seed-remplacent-les-cadenas-damour-au-pont-des-arts-a-paris\/184114\/"},"author":{"name":"webdo.tn","@id":"https:\/\/www.webdo.tn\/fr\/#\/schema\/person\/9a9c6118d687c117df8ef3cc36a4d175"},"headline":"Les \u0153uvres du Tunisien \u00ab\u00a0eL Seed\u00a0\u00bb remplacent les cadenas d&rsquo;amour au pont des Arts \u00e0 Paris","datePublished":"2015-06-03T16:40:00+00:00","dateModified":"2025-05-18T22:12:59+00:00","mainEntityOfPage":{"@id":"https:\/\/www.webdo.tn\/fr\/actualite\/international\/les-oeuvres-du-tunisien-el-seed-remplacent-les-cadenas-damour-au-pont-des-arts-a-paris\/184114\/"},"wordCount":136,"commentCount":0,"publisher":{"@id":"https:\/\/www.webdo.tn\/fr\/#organization"},"image":{"@id":"https:\/\/www.webdo.tn\/fr\/actualite\/international\/les-oeuvres-du-tunisien-el-seed-remplacent-les-cadenas-damour-au-pont-des-arts-a-paris\/184114\/#primaryimage"},"thumbnailUrl":"https:\/\/www.webdo.tn\/fr\/wp-content\/uploads\/2015\/06\/Pont-des-arts.jpg","keywords":["guerre"],"articleSection":["International"],"inLanguage":"fr-FR"},{"@type":"WebPage","@id":"https:\/\/www.webdo.tn\/fr\/actualite\/international\/les-oeuvres-du-tunisien-el-seed-remplacent-les-cadenas-damour-au-pont-des-arts-a-paris\/184114\/","url":"https:\/\/www.webdo.tn\/fr\/actualite\/international\/les-oeuvres-du-tunisien-el-seed-remplacent-les-cadenas-damour-au-pont-des-arts-a-paris\/184114\/","name":"Les \u0153uvres du Tunisien eL Seed remplacent les cadenas d'amour au pont des Arts \u00e0 Paris","isPartOf":{"@id":"https:\/\/www.webdo.tn\/fr\/#website"},"primaryImageOfPage":{"@id":"https:\/\/www.webdo.tn\/fr\/actualite\/international\/les-oeuvres-du-tunisien-el-seed-remplacent-les-cadenas-damour-au-pont-des-arts-a-paris\/184114\/#primaryimage"},"image":{"@id":"https:\/\/www.webdo.tn\/fr\/actualite\/international\/les-oeuvres-du-tunisien-el-seed-remplacent-les-cadenas-damour-au-pont-des-arts-a-paris\/184114\/#primaryimage"},"thumbnailUrl":"https:\/\/www.webdo.tn\/fr\/wp-content\/uploads\/2015\/06\/Pont-des-arts.jpg","datePublished":"2015-06-03T16:40:00+00:00","dateModified":"2025-05-18T22:12:59+00:00","description":"Les \u0153uvres du Tunisien eL Seed remplacent les cadenas d'amour au pont des Arts \u00e0 Paris","breadcrumb":{"@id":"https:\/\/www.webdo.tn\/fr\/actualite\/international\/les-oeuvres-du-tunisien-el-seed-remplacent-les-cadenas-damour-au-pont-des-arts-a-paris\/184114\/#breadcrumb"},"inLanguage":"fr-FR","potentialAction":[{"@type":"ReadAction","target":["https:\/\/www.webdo.tn\/fr\/actualite\/international\/les-oeuvres-du-tunisien-el-seed-remplacent-les-cadenas-damour-au-pont-des-arts-a-paris\/184114\/"]}]},{"@type":"ImageObject","inLanguage":"fr-FR","@id":"https:\/\/www.webdo.tn\/fr\/actualite\/international\/les-oeuvres-du-tunisien-el-seed-remplacent-les-cadenas-damour-au-pont-des-arts-a-paris\/184114\/#primaryimage","url":"https:\/\/www.webdo.tn\/fr\/wp-content\/uploads\/2015\/06\/Pont-des-arts.jpg","contentUrl":"https:\/\/www.webdo.tn\/fr\/wp-content\/uploads\/2015\/06\/Pont-des-arts.jpg","width":597,"height":480,"caption":"Les \u0153uvres du Tunisien \"eL Seed\" remplacent les cadenas d'amour au pont des Arts \u00e0 Paris"},{"@type":"BreadcrumbList","@id":"https:\/\/www.webdo.tn\/fr\/actualite\/international\/les-oeuvres-du-tunisien-el-seed-remplacent-les-cadenas-damour-au-pont-des-arts-a-paris\/184114\/#breadcrumb","itemListElement":[{"@type":"ListItem","position":1,"name":"Accueil","item":"https:\/\/www.webdo.tn\/fr\/"},{"@type":"ListItem","position":2,"name":"Les \u0153uvres du Tunisien \u00ab\u00a0eL Seed\u00a0\u00bb remplacent les cadenas d&rsquo;amour au pont des Arts \u00e0 Paris"}]},{"@type":"WebSite","@id":"https:\/\/www.webdo.tn\/fr\/#website","url":"https:\/\/www.webdo.tn\/fr\/","name":"webdo","description":"Tunisie - News en Tunisie et \u00e0 l&#039;international sur Webdo.tn","publisher":{"@id":"https:\/\/www.webdo.tn\/fr\/#organization"},"potentialAction":[{"@type":"SearchAction","target":{"@type":"EntryPoint","urlTemplate":"https:\/\/www.webdo.tn\/fr\/?s={search_term_string}"},"query-input":{"@type":"PropertyValueSpecification","valueRequired":true,"valueName":"search_term_string"}}],"inLanguage":"fr-FR"},{"@type":"Organization","@id":"https:\/\/www.webdo.tn\/fr\/#organization","name":"Webdo","alternateName":"Webdo.tn","url":"https:\/\/www.webdo.tn\/fr\/","logo":{"@type":"ImageObject","inLanguage":"fr-FR","@id":"https:\/\/www.webdo.tn\/fr\/#\/schema\/logo\/image\/","url":"https:\/\/www.webdo.tn\/fr\/wp-content\/uploads\/2025\/06\/Webdo-Tunisie_168377.jpg","contentUrl":"https:\/\/www.webdo.tn\/fr\/wp-content\/uploads\/2025\/06\/Webdo-Tunisie_168377.jpg","width":301,"height":301,"caption":"Webdo"},"image":{"@id":"https:\/\/www.webdo.tn\/fr\/#\/schema\/logo\/image\/"},"sameAs":["https:\/\/www.facebook.com\/webdotn","https:\/\/x.com\/webdo_tn"],"description":"Webdo est un m\u00e9dia num\u00e9rique tunisien fond\u00e9 en 2010, sp\u00e9cialis\u00e9 dans l\u2019actualit\u00e9 nationale et internationale, l\u2019\u00e9conomie, la soci\u00e9t\u00e9 et les analyses politiques. Le site s\u2019adresse \u00e0 un large public francophone et couvre l\u2019information tunisienne en temps r\u00e9el.","email":"redac@webdo.tn","legalName":"YNJ SARL","foundingDate":"2010-09-06","numberOfEmployees":{"@type":"QuantitativeValue","minValue":"11","maxValue":"50"}},{"@type":"Person","@id":"https:\/\/www.webdo.tn\/fr\/#\/schema\/person\/9a9c6118d687c117df8ef3cc36a4d175","name":"webdo.tn","image":{"@type":"ImageObject","inLanguage":"fr-FR","@id":"https:\/\/secure.gravatar.com\/avatar\/7ce1f28c0c3bbac99ff550b85ef8e44a6950c6ee24514fb6a5489e51d06f0298?s=96&d=mm&r=g","url":"https:\/\/secure.gravatar.com\/avatar\/7ce1f28c0c3bbac99ff550b85ef8e44a6950c6ee24514fb6a5489e51d06f0298?s=96&d=mm&r=g","contentUrl":"https:\/\/secure.gravatar.com\/avatar\/7ce1f28c0c3bbac99ff550b85ef8e44a6950c6ee24514fb6a5489e51d06f0298?s=96&d=mm&r=g","caption":"webdo.tn"},"url":"https:\/\/www.webdo.tn\/fr\/actualite\/author\/webdotn\/"}]}},"_links":{"self":[{"href":"https:\/\/www.webdo.tn\/fr\/wp-json\/wp\/v2\/posts\/184114","targetHints":{"allow":["GET"]}}],"collection":[{"href":"https:\/\/www.webdo.tn\/fr\/wp-json\/wp\/v2\/posts"}],"about":[{"href":"https:\/\/www.webdo.tn\/fr\/wp-json\/wp\/v2\/types\/post"}],"author":[{"embeddable":true,"href":"https:\/\/www.webdo.tn\/fr\/wp-json\/wp\/v2\/users\/3222"}],"replies":[{"embeddable":true,"href":"https:\/\/www.webdo.tn\/fr\/wp-json\/wp\/v2\/comments?post=184114"}],"version-history":[{"count":0,"href":"https:\/\/www.webdo.tn\/fr\/wp-json\/wp\/v2\/posts\/184114\/revisions"}],"wp:featuredmedia":[{"embeddable":true,"href":"https:\/\/www.webdo.tn\/fr\/wp-json\/wp\/v2\/media\/318135"}],"wp:attachment":[{"href":"https:\/\/www.webdo.tn\/fr\/wp-json\/wp\/v2\/media?parent=184114"}],"wp:term":[{"taxonomy":"category","embeddable":true,"href":"https:\/\/www.webdo.tn\/fr\/wp-json\/wp\/v2\/categories?post=184114"},{"taxonomy":"post_tag","embeddable":true,"href":"https:\/\/www.webdo.tn\/fr\/wp-json\/wp\/v2\/tags?post=184114"}],"curies":[{"name":"wp","href":"https:\/\/api.w.org\/{rel}","templated":true}]}}