{"id":184110,"date":"2015-06-08T13:25:00","date_gmt":"2015-06-08T13:25:00","guid":{"rendered":"https:\/\/www.webdo.tn\/fr\/blog\/la-cour-supreme-darabie-saoudite-confirme-la-sentence-de-raif-badawi\/184110\/"},"modified":"2025-05-19T10:14:24","modified_gmt":"2025-05-19T10:14:24","slug":"la-cour-supreme-darabie-saoudite-confirme-la-sentence-de-raif-badawi","status":"publish","type":"post","link":"https:\/\/www.webdo.tn\/fr\/actualite\/international\/la-cour-supreme-darabie-saoudite-confirme-la-sentence-de-raif-badawi\/184110\/","title":{"rendered":"La Cour Supr\u00eame d&rsquo;Arabie Saoudite confirme la sentence de Ra\u00eff Badawi"},"content":{"rendered":"<p>La Cour Supr\u00eame d&rsquo;Arabie Saoudite a confirm\u00e9 la sentence de Ra\u00eff Badawi, blogueur saoudien condamn\u00e9 \u00e0 dix ans de prison et 1000 coups de fouet.<\/p>\n<p>Ra\u00eff Badawi avait \u00e9t\u00e9 condamn\u00e9 pour \u00ab\u00a0insulte \u00e0 l&rsquo;Islam\u00a0\u00bb, il est en prison depuis un an et a d\u00e9j\u00e0 re\u00e7u 50 coups de fouet en public et ce malgr\u00e9 la mobilisation internationale pour le faire lib\u00e9rer, comme la campagne\u00a0#BacklashCampaign sur les r\u00e9seaux sociaux pour laquelle les internautes se sont mobilis\u00e9.<\/p>\n","protected":false},"excerpt":{"rendered":"<p>La Cour Supr\u00eame d&rsquo;Arabie Saoudite confirme la sentence de Ra\u00eff Badawi<\/p>\n","protected":false},"author":3222,"featured_media":329907,"comment_status":"open","ping_status":"closed","sticky":false,"template":"","format":"standard","meta":{"footnotes":""},"categories":[2598],"tags":[2600],"class_list":["post-184110","post","type-post","status-publish","format-standard","has-post-thumbnail","hentry","category-international","tag-guerre"],"yoast_head":"<!-- This site is optimized with the Yoast SEO Premium plugin v27.5 (Yoast SEO v27.5) - https:\/\/yoast.com\/product\/yoast-seo-premium-wordpress\/ -->\n<title>La Cour Supr\u00eame d&#039;Arabie Saoudite confirme la sentence de Ra\u00eff Badawi<\/title>\n<meta name=\"description\" content=\"La Cour Supr\u00eame d&#039;Arabie Saoudite confirme la sentence de Ra\u00eff Badawi\" \/>\n<link rel=\"canonical\" href=\"https:\/\/www.webdo.tn\/fr\/actualite\/international\/la-cour-supreme-darabie-saoudite-confirme-la-sentence-de-raif-badawi\/184110\/\" \/>\n<meta property=\"og:locale\" content=\"fr_FR\" \/>\n<meta property=\"og:type\" content=\"article\" \/>\n<meta property=\"og:title\" content=\"La Cour Supr\u00eame d&#039;Arabie Saoudite confirme la sentence de Ra\u00eff Badawi\" \/>\n<meta property=\"og:description\" content=\"La Cour Supr\u00eame d&#039;Arabie Saoudite confirme la sentence de Ra\u00eff Badawi\" \/>\n<meta property=\"og:url\" content=\"https:\/\/www.webdo.tn\/fr\/actualite\/international\/la-cour-supreme-darabie-saoudite-confirme-la-sentence-de-raif-badawi\/184110\/\" \/>\n<meta property=\"og:site_name\" content=\"webdo\" \/>\n<meta property=\"article:publisher\" content=\"https:\/\/www.facebook.com\/webdotn\" \/>\n<meta property=\"article:published_time\" content=\"2015-06-08T13:25:00+00:00\" \/>\n<meta property=\"article:modified_time\" content=\"2025-05-19T10:14:24+00:00\" \/>\n<meta property=\"og:image\" content=\"https:\/\/www.webdo.tn\/fr\/wp-content\/uploads\/2015\/06\/Raif-Badawi-200x300-1.jpg\" \/>\n\t<meta property=\"og:image:width\" content=\"200\" \/>\n\t<meta property=\"og:image:height\" content=\"300\" \/>\n\t<meta property=\"og:image:type\" content=\"image\/jpeg\" \/>\n<meta name=\"author\" content=\"webdo.tn\" \/>\n<meta name=\"twitter:card\" content=\"summary_large_image\" \/>\n<meta name=\"twitter:creator\" content=\"@webdo_tn\" \/>\n<meta name=\"twitter:site\" content=\"@webdo_tn\" \/>\n<meta name=\"twitter:label1\" content=\"\u00c9crit par\" \/>\n\t<meta name=\"twitter:data1\" content=\"webdo.tn\" \/>\n<script type=\"application\/ld+json\" class=\"yoast-schema-graph\">{\"@context\":\"https:\\\/\\\/schema.org\",\"@graph\":[{\"@type\":\"NewsArticle\",\"@id\":\"https:\\\/\\\/www.webdo.tn\\\/fr\\\/actualite\\\/international\\\/la-cour-supreme-darabie-saoudite-confirme-la-sentence-de-raif-badawi\\\/184110\\\/#article\",\"isPartOf\":{\"@id\":\"https:\\\/\\\/www.webdo.tn\\\/fr\\\/actualite\\\/international\\\/la-cour-supreme-darabie-saoudite-confirme-la-sentence-de-raif-badawi\\\/184110\\\/\"},\"author\":{\"name\":\"webdo.tn\",\"@id\":\"https:\\\/\\\/www.webdo.tn\\\/fr\\\/#\\\/schema\\\/person\\\/9a9c6118d687c117df8ef3cc36a4d175\"},\"headline\":\"La Cour Supr\u00eame d&rsquo;Arabie Saoudite confirme la sentence de Ra\u00eff Badawi\",\"datePublished\":\"2015-06-08T13:25:00+00:00\",\"dateModified\":\"2025-05-19T10:14:24+00:00\",\"mainEntityOfPage\":{\"@id\":\"https:\\\/\\\/www.webdo.tn\\\/fr\\\/actualite\\\/international\\\/la-cour-supreme-darabie-saoudite-confirme-la-sentence-de-raif-badawi\\\/184110\\\/\"},\"wordCount\":95,\"commentCount\":0,\"publisher\":{\"@id\":\"https:\\\/\\\/www.webdo.tn\\\/fr\\\/#organization\"},\"image\":{\"@id\":\"https:\\\/\\\/www.webdo.tn\\\/fr\\\/actualite\\\/international\\\/la-cour-supreme-darabie-saoudite-confirme-la-sentence-de-raif-badawi\\\/184110\\\/#primaryimage\"},\"thumbnailUrl\":\"https:\\\/\\\/www.webdo.tn\\\/fr\\\/wp-content\\\/uploads\\\/2015\\\/06\\\/Raif-Badawi-200x300-1.jpg\",\"keywords\":[\"guerre\"],\"articleSection\":[\"International\"],\"inLanguage\":\"fr-FR\"},{\"@type\":\"WebPage\",\"@id\":\"https:\\\/\\\/www.webdo.tn\\\/fr\\\/actualite\\\/international\\\/la-cour-supreme-darabie-saoudite-confirme-la-sentence-de-raif-badawi\\\/184110\\\/\",\"url\":\"https:\\\/\\\/www.webdo.tn\\\/fr\\\/actualite\\\/international\\\/la-cour-supreme-darabie-saoudite-confirme-la-sentence-de-raif-badawi\\\/184110\\\/\",\"name\":\"La Cour Supr\u00eame d'Arabie Saoudite confirme la sentence de Ra\u00eff Badawi\",\"isPartOf\":{\"@id\":\"https:\\\/\\\/www.webdo.tn\\\/fr\\\/#website\"},\"primaryImageOfPage\":{\"@id\":\"https:\\\/\\\/www.webdo.tn\\\/fr\\\/actualite\\\/international\\\/la-cour-supreme-darabie-saoudite-confirme-la-sentence-de-raif-badawi\\\/184110\\\/#primaryimage\"},\"image\":{\"@id\":\"https:\\\/\\\/www.webdo.tn\\\/fr\\\/actualite\\\/international\\\/la-cour-supreme-darabie-saoudite-confirme-la-sentence-de-raif-badawi\\\/184110\\\/#primaryimage\"},\"thumbnailUrl\":\"https:\\\/\\\/www.webdo.tn\\\/fr\\\/wp-content\\\/uploads\\\/2015\\\/06\\\/Raif-Badawi-200x300-1.jpg\",\"datePublished\":\"2015-06-08T13:25:00+00:00\",\"dateModified\":\"2025-05-19T10:14:24+00:00\",\"description\":\"La Cour Supr\u00eame d'Arabie Saoudite confirme la sentence de Ra\u00eff Badawi\",\"breadcrumb\":{\"@id\":\"https:\\\/\\\/www.webdo.tn\\\/fr\\\/actualite\\\/international\\\/la-cour-supreme-darabie-saoudite-confirme-la-sentence-de-raif-badawi\\\/184110\\\/#breadcrumb\"},\"inLanguage\":\"fr-FR\",\"potentialAction\":[{\"@type\":\"ReadAction\",\"target\":[\"https:\\\/\\\/www.webdo.tn\\\/fr\\\/actualite\\\/international\\\/la-cour-supreme-darabie-saoudite-confirme-la-sentence-de-raif-badawi\\\/184110\\\/\"]}]},{\"@type\":\"ImageObject\",\"inLanguage\":\"fr-FR\",\"@id\":\"https:\\\/\\\/www.webdo.tn\\\/fr\\\/actualite\\\/international\\\/la-cour-supreme-darabie-saoudite-confirme-la-sentence-de-raif-badawi\\\/184110\\\/#primaryimage\",\"url\":\"https:\\\/\\\/www.webdo.tn\\\/fr\\\/wp-content\\\/uploads\\\/2015\\\/06\\\/Raif-Badawi-200x300-1.jpg\",\"contentUrl\":\"https:\\\/\\\/www.webdo.tn\\\/fr\\\/wp-content\\\/uploads\\\/2015\\\/06\\\/Raif-Badawi-200x300-1.jpg\",\"width\":200,\"height\":300,\"caption\":\"La Cour Supr\u00eame d'Arabie Saoudite confirme la sentence de Ra\u00eff Badawi\"},{\"@type\":\"BreadcrumbList\",\"@id\":\"https:\\\/\\\/www.webdo.tn\\\/fr\\\/actualite\\\/international\\\/la-cour-supreme-darabie-saoudite-confirme-la-sentence-de-raif-badawi\\\/184110\\\/#breadcrumb\",\"itemListElement\":[{\"@type\":\"ListItem\",\"position\":1,\"name\":\"Accueil\",\"item\":\"https:\\\/\\\/www.webdo.tn\\\/fr\\\/\"},{\"@type\":\"ListItem\",\"position\":2,\"name\":\"La Cour Supr\u00eame d&rsquo;Arabie Saoudite confirme la sentence de Ra\u00eff Badawi\"}]},{\"@type\":\"WebSite\",\"@id\":\"https:\\\/\\\/www.webdo.tn\\\/fr\\\/#website\",\"url\":\"https:\\\/\\\/www.webdo.tn\\\/fr\\\/\",\"name\":\"webdo\",\"description\":\"Tunisie - News en Tunisie et \u00e0 l&#039;international sur Webdo.tn\",\"publisher\":{\"@id\":\"https:\\\/\\\/www.webdo.tn\\\/fr\\\/#organization\"},\"potentialAction\":[{\"@type\":\"SearchAction\",\"target\":{\"@type\":\"EntryPoint\",\"urlTemplate\":\"https:\\\/\\\/www.webdo.tn\\\/fr\\\/?s={search_term_string}\"},\"query-input\":{\"@type\":\"PropertyValueSpecification\",\"valueRequired\":true,\"valueName\":\"search_term_string\"}}],\"inLanguage\":\"fr-FR\"},{\"@type\":\"Organization\",\"@id\":\"https:\\\/\\\/www.webdo.tn\\\/fr\\\/#organization\",\"name\":\"Webdo\",\"alternateName\":\"Webdo.tn\",\"url\":\"https:\\\/\\\/www.webdo.tn\\\/fr\\\/\",\"logo\":{\"@type\":\"ImageObject\",\"inLanguage\":\"fr-FR\",\"@id\":\"https:\\\/\\\/www.webdo.tn\\\/fr\\\/#\\\/schema\\\/logo\\\/image\\\/\",\"url\":\"https:\\\/\\\/www.webdo.tn\\\/fr\\\/wp-content\\\/uploads\\\/2025\\\/06\\\/Webdo-Tunisie_168377.jpg\",\"contentUrl\":\"https:\\\/\\\/www.webdo.tn\\\/fr\\\/wp-content\\\/uploads\\\/2025\\\/06\\\/Webdo-Tunisie_168377.jpg\",\"width\":301,\"height\":301,\"caption\":\"Webdo\"},\"image\":{\"@id\":\"https:\\\/\\\/www.webdo.tn\\\/fr\\\/#\\\/schema\\\/logo\\\/image\\\/\"},\"sameAs\":[\"https:\\\/\\\/www.facebook.com\\\/webdotn\",\"https:\\\/\\\/x.com\\\/webdo_tn\"],\"description\":\"Webdo est un m\u00e9dia num\u00e9rique tunisien fond\u00e9 en 2010, sp\u00e9cialis\u00e9 dans l\u2019actualit\u00e9 nationale et internationale, l\u2019\u00e9conomie, la soci\u00e9t\u00e9 et les analyses politiques. Le site s\u2019adresse \u00e0 un large public francophone et couvre l\u2019information tunisienne en temps r\u00e9el.\",\"email\":\"redac@webdo.tn\",\"legalName\":\"YNJ SARL\",\"foundingDate\":\"2010-09-06\",\"numberOfEmployees\":{\"@type\":\"QuantitativeValue\",\"minValue\":\"11\",\"maxValue\":\"50\"}},{\"@type\":\"Person\",\"@id\":\"https:\\\/\\\/www.webdo.tn\\\/fr\\\/#\\\/schema\\\/person\\\/9a9c6118d687c117df8ef3cc36a4d175\",\"name\":\"webdo.tn\",\"image\":{\"@type\":\"ImageObject\",\"inLanguage\":\"fr-FR\",\"@id\":\"https:\\\/\\\/secure.gravatar.com\\\/avatar\\\/7ce1f28c0c3bbac99ff550b85ef8e44a6950c6ee24514fb6a5489e51d06f0298?s=96&d=mm&r=g\",\"url\":\"https:\\\/\\\/secure.gravatar.com\\\/avatar\\\/7ce1f28c0c3bbac99ff550b85ef8e44a6950c6ee24514fb6a5489e51d06f0298?s=96&d=mm&r=g\",\"contentUrl\":\"https:\\\/\\\/secure.gravatar.com\\\/avatar\\\/7ce1f28c0c3bbac99ff550b85ef8e44a6950c6ee24514fb6a5489e51d06f0298?s=96&d=mm&r=g\",\"caption\":\"webdo.tn\"},\"url\":\"https:\\\/\\\/www.webdo.tn\\\/fr\\\/actualite\\\/author\\\/webdotn\\\/\"}]}<\/script>\n<!-- \/ Yoast SEO Premium plugin. -->","yoast_head_json":{"title":"La Cour Supr\u00eame d'Arabie Saoudite confirme la sentence de Ra\u00eff Badawi","description":"La Cour Supr\u00eame d'Arabie Saoudite confirme la sentence de Ra\u00eff Badawi","canonical":"https:\/\/www.webdo.tn\/fr\/actualite\/international\/la-cour-supreme-darabie-saoudite-confirme-la-sentence-de-raif-badawi\/184110\/","og_locale":"fr_FR","og_type":"article","og_title":"La Cour Supr\u00eame d'Arabie Saoudite confirme la sentence de Ra\u00eff Badawi","og_description":"La Cour Supr\u00eame d'Arabie Saoudite confirme la sentence de Ra\u00eff Badawi","og_url":"https:\/\/www.webdo.tn\/fr\/actualite\/international\/la-cour-supreme-darabie-saoudite-confirme-la-sentence-de-raif-badawi\/184110\/","og_site_name":"webdo","article_publisher":"https:\/\/www.facebook.com\/webdotn","article_published_time":"2015-06-08T13:25:00+00:00","article_modified_time":"2025-05-19T10:14:24+00:00","og_image":[{"width":200,"height":300,"url":"https:\/\/www.webdo.tn\/fr\/wp-content\/uploads\/2015\/06\/Raif-Badawi-200x300-1.jpg","type":"image\/jpeg"}],"author":"webdo.tn","twitter_card":"summary_large_image","twitter_creator":"@webdo_tn","twitter_site":"@webdo_tn","twitter_misc":{"\u00c9crit par":"webdo.tn"},"schema":{"@context":"https:\/\/schema.org","@graph":[{"@type":"NewsArticle","@id":"https:\/\/www.webdo.tn\/fr\/actualite\/international\/la-cour-supreme-darabie-saoudite-confirme-la-sentence-de-raif-badawi\/184110\/#article","isPartOf":{"@id":"https:\/\/www.webdo.tn\/fr\/actualite\/international\/la-cour-supreme-darabie-saoudite-confirme-la-sentence-de-raif-badawi\/184110\/"},"author":{"name":"webdo.tn","@id":"https:\/\/www.webdo.tn\/fr\/#\/schema\/person\/9a9c6118d687c117df8ef3cc36a4d175"},"headline":"La Cour Supr\u00eame d&rsquo;Arabie Saoudite confirme la sentence de Ra\u00eff Badawi","datePublished":"2015-06-08T13:25:00+00:00","dateModified":"2025-05-19T10:14:24+00:00","mainEntityOfPage":{"@id":"https:\/\/www.webdo.tn\/fr\/actualite\/international\/la-cour-supreme-darabie-saoudite-confirme-la-sentence-de-raif-badawi\/184110\/"},"wordCount":95,"commentCount":0,"publisher":{"@id":"https:\/\/www.webdo.tn\/fr\/#organization"},"image":{"@id":"https:\/\/www.webdo.tn\/fr\/actualite\/international\/la-cour-supreme-darabie-saoudite-confirme-la-sentence-de-raif-badawi\/184110\/#primaryimage"},"thumbnailUrl":"https:\/\/www.webdo.tn\/fr\/wp-content\/uploads\/2015\/06\/Raif-Badawi-200x300-1.jpg","keywords":["guerre"],"articleSection":["International"],"inLanguage":"fr-FR"},{"@type":"WebPage","@id":"https:\/\/www.webdo.tn\/fr\/actualite\/international\/la-cour-supreme-darabie-saoudite-confirme-la-sentence-de-raif-badawi\/184110\/","url":"https:\/\/www.webdo.tn\/fr\/actualite\/international\/la-cour-supreme-darabie-saoudite-confirme-la-sentence-de-raif-badawi\/184110\/","name":"La Cour Supr\u00eame d'Arabie Saoudite confirme la sentence de Ra\u00eff Badawi","isPartOf":{"@id":"https:\/\/www.webdo.tn\/fr\/#website"},"primaryImageOfPage":{"@id":"https:\/\/www.webdo.tn\/fr\/actualite\/international\/la-cour-supreme-darabie-saoudite-confirme-la-sentence-de-raif-badawi\/184110\/#primaryimage"},"image":{"@id":"https:\/\/www.webdo.tn\/fr\/actualite\/international\/la-cour-supreme-darabie-saoudite-confirme-la-sentence-de-raif-badawi\/184110\/#primaryimage"},"thumbnailUrl":"https:\/\/www.webdo.tn\/fr\/wp-content\/uploads\/2015\/06\/Raif-Badawi-200x300-1.jpg","datePublished":"2015-06-08T13:25:00+00:00","dateModified":"2025-05-19T10:14:24+00:00","description":"La Cour Supr\u00eame d'Arabie Saoudite confirme la sentence de Ra\u00eff Badawi","breadcrumb":{"@id":"https:\/\/www.webdo.tn\/fr\/actualite\/international\/la-cour-supreme-darabie-saoudite-confirme-la-sentence-de-raif-badawi\/184110\/#breadcrumb"},"inLanguage":"fr-FR","potentialAction":[{"@type":"ReadAction","target":["https:\/\/www.webdo.tn\/fr\/actualite\/international\/la-cour-supreme-darabie-saoudite-confirme-la-sentence-de-raif-badawi\/184110\/"]}]},{"@type":"ImageObject","inLanguage":"fr-FR","@id":"https:\/\/www.webdo.tn\/fr\/actualite\/international\/la-cour-supreme-darabie-saoudite-confirme-la-sentence-de-raif-badawi\/184110\/#primaryimage","url":"https:\/\/www.webdo.tn\/fr\/wp-content\/uploads\/2015\/06\/Raif-Badawi-200x300-1.jpg","contentUrl":"https:\/\/www.webdo.tn\/fr\/wp-content\/uploads\/2015\/06\/Raif-Badawi-200x300-1.jpg","width":200,"height":300,"caption":"La Cour Supr\u00eame d'Arabie Saoudite confirme la sentence de Ra\u00eff Badawi"},{"@type":"BreadcrumbList","@id":"https:\/\/www.webdo.tn\/fr\/actualite\/international\/la-cour-supreme-darabie-saoudite-confirme-la-sentence-de-raif-badawi\/184110\/#breadcrumb","itemListElement":[{"@type":"ListItem","position":1,"name":"Accueil","item":"https:\/\/www.webdo.tn\/fr\/"},{"@type":"ListItem","position":2,"name":"La Cour Supr\u00eame d&rsquo;Arabie Saoudite confirme la sentence de Ra\u00eff Badawi"}]},{"@type":"WebSite","@id":"https:\/\/www.webdo.tn\/fr\/#website","url":"https:\/\/www.webdo.tn\/fr\/","name":"webdo","description":"Tunisie - News en Tunisie et \u00e0 l&#039;international sur Webdo.tn","publisher":{"@id":"https:\/\/www.webdo.tn\/fr\/#organization"},"potentialAction":[{"@type":"SearchAction","target":{"@type":"EntryPoint","urlTemplate":"https:\/\/www.webdo.tn\/fr\/?s={search_term_string}"},"query-input":{"@type":"PropertyValueSpecification","valueRequired":true,"valueName":"search_term_string"}}],"inLanguage":"fr-FR"},{"@type":"Organization","@id":"https:\/\/www.webdo.tn\/fr\/#organization","name":"Webdo","alternateName":"Webdo.tn","url":"https:\/\/www.webdo.tn\/fr\/","logo":{"@type":"ImageObject","inLanguage":"fr-FR","@id":"https:\/\/www.webdo.tn\/fr\/#\/schema\/logo\/image\/","url":"https:\/\/www.webdo.tn\/fr\/wp-content\/uploads\/2025\/06\/Webdo-Tunisie_168377.jpg","contentUrl":"https:\/\/www.webdo.tn\/fr\/wp-content\/uploads\/2025\/06\/Webdo-Tunisie_168377.jpg","width":301,"height":301,"caption":"Webdo"},"image":{"@id":"https:\/\/www.webdo.tn\/fr\/#\/schema\/logo\/image\/"},"sameAs":["https:\/\/www.facebook.com\/webdotn","https:\/\/x.com\/webdo_tn"],"description":"Webdo est un m\u00e9dia num\u00e9rique tunisien fond\u00e9 en 2010, sp\u00e9cialis\u00e9 dans l\u2019actualit\u00e9 nationale et internationale, l\u2019\u00e9conomie, la soci\u00e9t\u00e9 et les analyses politiques. Le site s\u2019adresse \u00e0 un large public francophone et couvre l\u2019information tunisienne en temps r\u00e9el.","email":"redac@webdo.tn","legalName":"YNJ SARL","foundingDate":"2010-09-06","numberOfEmployees":{"@type":"QuantitativeValue","minValue":"11","maxValue":"50"}},{"@type":"Person","@id":"https:\/\/www.webdo.tn\/fr\/#\/schema\/person\/9a9c6118d687c117df8ef3cc36a4d175","name":"webdo.tn","image":{"@type":"ImageObject","inLanguage":"fr-FR","@id":"https:\/\/secure.gravatar.com\/avatar\/7ce1f28c0c3bbac99ff550b85ef8e44a6950c6ee24514fb6a5489e51d06f0298?s=96&d=mm&r=g","url":"https:\/\/secure.gravatar.com\/avatar\/7ce1f28c0c3bbac99ff550b85ef8e44a6950c6ee24514fb6a5489e51d06f0298?s=96&d=mm&r=g","contentUrl":"https:\/\/secure.gravatar.com\/avatar\/7ce1f28c0c3bbac99ff550b85ef8e44a6950c6ee24514fb6a5489e51d06f0298?s=96&d=mm&r=g","caption":"webdo.tn"},"url":"https:\/\/www.webdo.tn\/fr\/actualite\/author\/webdotn\/"}]}},"_links":{"self":[{"href":"https:\/\/www.webdo.tn\/fr\/wp-json\/wp\/v2\/posts\/184110","targetHints":{"allow":["GET"]}}],"collection":[{"href":"https:\/\/www.webdo.tn\/fr\/wp-json\/wp\/v2\/posts"}],"about":[{"href":"https:\/\/www.webdo.tn\/fr\/wp-json\/wp\/v2\/types\/post"}],"author":[{"embeddable":true,"href":"https:\/\/www.webdo.tn\/fr\/wp-json\/wp\/v2\/users\/3222"}],"replies":[{"embeddable":true,"href":"https:\/\/www.webdo.tn\/fr\/wp-json\/wp\/v2\/comments?post=184110"}],"version-history":[{"count":0,"href":"https:\/\/www.webdo.tn\/fr\/wp-json\/wp\/v2\/posts\/184110\/revisions"}],"wp:featuredmedia":[{"embeddable":true,"href":"https:\/\/www.webdo.tn\/fr\/wp-json\/wp\/v2\/media\/329907"}],"wp:attachment":[{"href":"https:\/\/www.webdo.tn\/fr\/wp-json\/wp\/v2\/media?parent=184110"}],"wp:term":[{"taxonomy":"category","embeddable":true,"href":"https:\/\/www.webdo.tn\/fr\/wp-json\/wp\/v2\/categories?post=184110"},{"taxonomy":"post_tag","embeddable":true,"href":"https:\/\/www.webdo.tn\/fr\/wp-json\/wp\/v2\/tags?post=184110"}],"curies":[{"name":"wp","href":"https:\/\/api.w.org\/{rel}","templated":true}]}}