{"id":184109,"date":"2015-06-08T18:23:00","date_gmt":"2015-06-08T18:23:00","guid":{"rendered":"https:\/\/www.webdo.tn\/fr\/blog\/francois-hollande-au-sommet-du-g7-tout-doit-etre-fait-pour-soutenir-la-tunisie\/184109\/"},"modified":"2025-05-19T10:14:32","modified_gmt":"2025-05-19T10:14:32","slug":"francois-hollande-au-sommet-du-g7-tout-doit-etre-fait-pour-soutenir-la-tunisie","status":"publish","type":"post","link":"https:\/\/www.webdo.tn\/fr\/actualite\/international\/francois-hollande-au-sommet-du-g7-tout-doit-etre-fait-pour-soutenir-la-tunisie\/184109\/","title":{"rendered":"Fran\u00e7ois Hollande au sommet du G7 : \u00ab\u00a0Tout doit \u00eatre fait pour soutenir la Tunisie\u00a0\u00bb"},"content":{"rendered":"<p>Le pr\u00e9sident fran\u00e7ais, Fran\u00e7ois Hollande, s&rsquo;est exprim\u00e9 ce lundi 8 juin, lors du sommet du G7 \u00e0 Munich. Il a notamment \u00e9voqu\u00e9 les difficult\u00e9s rencontr\u00e9es par la Tunisie et la n\u00e9cessit\u00e9 d&rsquo;aider ce \u00ab\u00a0pays r\u00e9f\u00e9rence du printemps arabe\u00a0\u00bb.<br \/>\n[quote_box_center]Nous devons tout faire pour que la Tunisie, qui fait face \u00e0 des difficult\u00e9s \u00e9conomiques, \u00e0 une situation s\u00e9curitaire pr\u00e9occupante puisque il y a 400 kilom\u00e8tres de fronti\u00e8res communes avec la Libye et qu&rsquo;il y a eu un\u00a0attentat. Tout doit \u00eatre fait pour soutenir la Tunisie, et c&rsquo;est \u00a0un engagement qui a \u00e9t\u00e9 pris dans le cadre de ce sommet.[\/quote_box_center]<br \/>\nLe pr\u00e9sident tunisien, B\u00e9ji Ca\u00efd Essebsi a \u00e9t\u00e9 invit\u00e9 au sommet du G7 par la chanceli\u00e8re allemande Angela Markel.<\/p>\n","protected":false},"excerpt":{"rendered":"<p>Fran\u00e7ois Hollande au sommet du G7 :  Tout doit \u00eatre fait pour soutenir la Tunisie<\/p>\n","protected":false},"author":3222,"featured_media":372980,"comment_status":"open","ping_status":"closed","sticky":false,"template":"","format":"standard","meta":{"footnotes":""},"categories":[2598],"tags":[2600],"class_list":["post-184109","post","type-post","status-publish","format-standard","has-post-thumbnail","hentry","category-international","tag-guerre"],"yoast_head":"<!-- This site is optimized with the Yoast SEO Premium plugin v27.5 (Yoast SEO v27.5) - https:\/\/yoast.com\/product\/yoast-seo-premium-wordpress\/ -->\n<title>Fran\u00e7ois Hollande au sommet du G7 : Tout doit \u00eatre fait pour soutenir la Tunisie<\/title>\n<meta name=\"description\" content=\"Fran\u00e7ois Hollande au sommet du G7 : Tout doit \u00eatre fait pour soutenir la Tunisie\" \/>\n<link rel=\"canonical\" href=\"https:\/\/www.webdo.tn\/fr\/actualite\/international\/francois-hollande-au-sommet-du-g7-tout-doit-etre-fait-pour-soutenir-la-tunisie\/184109\/\" \/>\n<meta property=\"og:locale\" content=\"fr_FR\" \/>\n<meta property=\"og:type\" content=\"article\" \/>\n<meta property=\"og:title\" content=\"Fran\u00e7ois Hollande au sommet du G7 : &quot;Tout doit \u00eatre fait pour soutenir la Tunisie&quot;\" \/>\n<meta property=\"og:description\" content=\"Fran\u00e7ois Hollande au sommet du G7 : Tout doit \u00eatre fait pour soutenir la Tunisie\" \/>\n<meta property=\"og:url\" content=\"https:\/\/www.webdo.tn\/fr\/actualite\/international\/francois-hollande-au-sommet-du-g7-tout-doit-etre-fait-pour-soutenir-la-tunisie\/184109\/\" \/>\n<meta property=\"og:site_name\" content=\"webdo\" \/>\n<meta property=\"article:publisher\" content=\"https:\/\/www.facebook.com\/webdotn\" \/>\n<meta property=\"article:published_time\" content=\"2015-06-08T18:23:00+00:00\" \/>\n<meta property=\"article:modified_time\" content=\"2025-05-19T10:14:32+00:00\" \/>\n<meta name=\"author\" content=\"webdo.tn\" \/>\n<meta name=\"twitter:card\" content=\"summary_large_image\" \/>\n<meta name=\"twitter:creator\" content=\"@webdo_tn\" \/>\n<meta name=\"twitter:site\" content=\"@webdo_tn\" \/>\n<meta name=\"twitter:label1\" content=\"\u00c9crit par\" \/>\n\t<meta name=\"twitter:data1\" content=\"webdo.tn\" \/>\n\t<meta name=\"twitter:label2\" content=\"Dur\u00e9e de lecture estim\u00e9e\" \/>\n\t<meta name=\"twitter:data2\" content=\"1 minute\" \/>\n<script type=\"application\/ld+json\" class=\"yoast-schema-graph\">{\"@context\":\"https:\\\/\\\/schema.org\",\"@graph\":[{\"@type\":\"NewsArticle\",\"@id\":\"https:\\\/\\\/www.webdo.tn\\\/fr\\\/actualite\\\/international\\\/francois-hollande-au-sommet-du-g7-tout-doit-etre-fait-pour-soutenir-la-tunisie\\\/184109\\\/#article\",\"isPartOf\":{\"@id\":\"https:\\\/\\\/www.webdo.tn\\\/fr\\\/actualite\\\/international\\\/francois-hollande-au-sommet-du-g7-tout-doit-etre-fait-pour-soutenir-la-tunisie\\\/184109\\\/\"},\"author\":{\"name\":\"webdo.tn\",\"@id\":\"https:\\\/\\\/www.webdo.tn\\\/fr\\\/#\\\/schema\\\/person\\\/9a9c6118d687c117df8ef3cc36a4d175\"},\"headline\":\"Fran\u00e7ois Hollande au sommet du G7 : \u00ab\u00a0Tout doit \u00eatre fait pour soutenir la Tunisie\u00a0\u00bb\",\"datePublished\":\"2015-06-08T18:23:00+00:00\",\"dateModified\":\"2025-05-19T10:14:32+00:00\",\"mainEntityOfPage\":{\"@id\":\"https:\\\/\\\/www.webdo.tn\\\/fr\\\/actualite\\\/international\\\/francois-hollande-au-sommet-du-g7-tout-doit-etre-fait-pour-soutenir-la-tunisie\\\/184109\\\/\"},\"wordCount\":155,\"commentCount\":0,\"publisher\":{\"@id\":\"https:\\\/\\\/www.webdo.tn\\\/fr\\\/#organization\"},\"image\":{\"@id\":\"https:\\\/\\\/www.webdo.tn\\\/fr\\\/actualite\\\/international\\\/francois-hollande-au-sommet-du-g7-tout-doit-etre-fait-pour-soutenir-la-tunisie\\\/184109\\\/#primaryimage\"},\"thumbnailUrl\":\"https:\\\/\\\/www.webdo.tn\\\/fr\\\/wp-content\\\/uploads\\\/2025\\\/06\\\/francois-hollande1_184109.jpg\",\"keywords\":[\"guerre\"],\"articleSection\":[\"International\"],\"inLanguage\":\"fr-FR\"},{\"@type\":\"WebPage\",\"@id\":\"https:\\\/\\\/www.webdo.tn\\\/fr\\\/actualite\\\/international\\\/francois-hollande-au-sommet-du-g7-tout-doit-etre-fait-pour-soutenir-la-tunisie\\\/184109\\\/\",\"url\":\"https:\\\/\\\/www.webdo.tn\\\/fr\\\/actualite\\\/international\\\/francois-hollande-au-sommet-du-g7-tout-doit-etre-fait-pour-soutenir-la-tunisie\\\/184109\\\/\",\"name\":\"Fran\u00e7ois Hollande au sommet du G7 : Tout doit \u00eatre fait pour soutenir la Tunisie\",\"isPartOf\":{\"@id\":\"https:\\\/\\\/www.webdo.tn\\\/fr\\\/#website\"},\"primaryImageOfPage\":{\"@id\":\"https:\\\/\\\/www.webdo.tn\\\/fr\\\/actualite\\\/international\\\/francois-hollande-au-sommet-du-g7-tout-doit-etre-fait-pour-soutenir-la-tunisie\\\/184109\\\/#primaryimage\"},\"image\":{\"@id\":\"https:\\\/\\\/www.webdo.tn\\\/fr\\\/actualite\\\/international\\\/francois-hollande-au-sommet-du-g7-tout-doit-etre-fait-pour-soutenir-la-tunisie\\\/184109\\\/#primaryimage\"},\"thumbnailUrl\":\"https:\\\/\\\/www.webdo.tn\\\/fr\\\/wp-content\\\/uploads\\\/2025\\\/06\\\/francois-hollande1_184109.jpg\",\"datePublished\":\"2015-06-08T18:23:00+00:00\",\"dateModified\":\"2025-05-19T10:14:32+00:00\",\"description\":\"Fran\u00e7ois Hollande au sommet du G7 : Tout doit \u00eatre fait pour soutenir la Tunisie\",\"breadcrumb\":{\"@id\":\"https:\\\/\\\/www.webdo.tn\\\/fr\\\/actualite\\\/international\\\/francois-hollande-au-sommet-du-g7-tout-doit-etre-fait-pour-soutenir-la-tunisie\\\/184109\\\/#breadcrumb\"},\"inLanguage\":\"fr-FR\",\"potentialAction\":[{\"@type\":\"ReadAction\",\"target\":[\"https:\\\/\\\/www.webdo.tn\\\/fr\\\/actualite\\\/international\\\/francois-hollande-au-sommet-du-g7-tout-doit-etre-fait-pour-soutenir-la-tunisie\\\/184109\\\/\"]}]},{\"@type\":\"ImageObject\",\"inLanguage\":\"fr-FR\",\"@id\":\"https:\\\/\\\/www.webdo.tn\\\/fr\\\/actualite\\\/international\\\/francois-hollande-au-sommet-du-g7-tout-doit-etre-fait-pour-soutenir-la-tunisie\\\/184109\\\/#primaryimage\",\"url\":\"https:\\\/\\\/www.webdo.tn\\\/fr\\\/wp-content\\\/uploads\\\/2025\\\/06\\\/francois-hollande1_184109.jpg\",\"contentUrl\":\"https:\\\/\\\/www.webdo.tn\\\/fr\\\/wp-content\\\/uploads\\\/2025\\\/06\\\/francois-hollande1_184109.jpg\",\"width\":569,\"height\":282,\"caption\":\"Fran\u00e7ois Hollande au sommet du G7 : \\\"Tout doit \u00eatre fait pour soutenir la Tunisie\\\"\"},{\"@type\":\"BreadcrumbList\",\"@id\":\"https:\\\/\\\/www.webdo.tn\\\/fr\\\/actualite\\\/international\\\/francois-hollande-au-sommet-du-g7-tout-doit-etre-fait-pour-soutenir-la-tunisie\\\/184109\\\/#breadcrumb\",\"itemListElement\":[{\"@type\":\"ListItem\",\"position\":1,\"name\":\"Accueil\",\"item\":\"https:\\\/\\\/www.webdo.tn\\\/fr\\\/\"},{\"@type\":\"ListItem\",\"position\":2,\"name\":\"Fran\u00e7ois Hollande au sommet du G7 : \u00ab\u00a0Tout doit \u00eatre fait pour soutenir la Tunisie\u00a0\u00bb\"}]},{\"@type\":\"WebSite\",\"@id\":\"https:\\\/\\\/www.webdo.tn\\\/fr\\\/#website\",\"url\":\"https:\\\/\\\/www.webdo.tn\\\/fr\\\/\",\"name\":\"webdo\",\"description\":\"Tunisie - News en Tunisie et \u00e0 l&#039;international sur Webdo.tn\",\"publisher\":{\"@id\":\"https:\\\/\\\/www.webdo.tn\\\/fr\\\/#organization\"},\"potentialAction\":[{\"@type\":\"SearchAction\",\"target\":{\"@type\":\"EntryPoint\",\"urlTemplate\":\"https:\\\/\\\/www.webdo.tn\\\/fr\\\/?s={search_term_string}\"},\"query-input\":{\"@type\":\"PropertyValueSpecification\",\"valueRequired\":true,\"valueName\":\"search_term_string\"}}],\"inLanguage\":\"fr-FR\"},{\"@type\":\"Organization\",\"@id\":\"https:\\\/\\\/www.webdo.tn\\\/fr\\\/#organization\",\"name\":\"Webdo\",\"alternateName\":\"Webdo.tn\",\"url\":\"https:\\\/\\\/www.webdo.tn\\\/fr\\\/\",\"logo\":{\"@type\":\"ImageObject\",\"inLanguage\":\"fr-FR\",\"@id\":\"https:\\\/\\\/www.webdo.tn\\\/fr\\\/#\\\/schema\\\/logo\\\/image\\\/\",\"url\":\"https:\\\/\\\/www.webdo.tn\\\/fr\\\/wp-content\\\/uploads\\\/2025\\\/06\\\/Webdo-Tunisie_168377.jpg\",\"contentUrl\":\"https:\\\/\\\/www.webdo.tn\\\/fr\\\/wp-content\\\/uploads\\\/2025\\\/06\\\/Webdo-Tunisie_168377.jpg\",\"width\":301,\"height\":301,\"caption\":\"Webdo\"},\"image\":{\"@id\":\"https:\\\/\\\/www.webdo.tn\\\/fr\\\/#\\\/schema\\\/logo\\\/image\\\/\"},\"sameAs\":[\"https:\\\/\\\/www.facebook.com\\\/webdotn\",\"https:\\\/\\\/x.com\\\/webdo_tn\"],\"description\":\"Webdo est un m\u00e9dia num\u00e9rique tunisien fond\u00e9 en 2010, sp\u00e9cialis\u00e9 dans l\u2019actualit\u00e9 nationale et internationale, l\u2019\u00e9conomie, la soci\u00e9t\u00e9 et les analyses politiques. Le site s\u2019adresse \u00e0 un large public francophone et couvre l\u2019information tunisienne en temps r\u00e9el.\",\"email\":\"redac@webdo.tn\",\"legalName\":\"YNJ SARL\",\"foundingDate\":\"2010-09-06\",\"numberOfEmployees\":{\"@type\":\"QuantitativeValue\",\"minValue\":\"11\",\"maxValue\":\"50\"}},{\"@type\":\"Person\",\"@id\":\"https:\\\/\\\/www.webdo.tn\\\/fr\\\/#\\\/schema\\\/person\\\/9a9c6118d687c117df8ef3cc36a4d175\",\"name\":\"webdo.tn\",\"image\":{\"@type\":\"ImageObject\",\"inLanguage\":\"fr-FR\",\"@id\":\"https:\\\/\\\/secure.gravatar.com\\\/avatar\\\/7ce1f28c0c3bbac99ff550b85ef8e44a6950c6ee24514fb6a5489e51d06f0298?s=96&d=mm&r=g\",\"url\":\"https:\\\/\\\/secure.gravatar.com\\\/avatar\\\/7ce1f28c0c3bbac99ff550b85ef8e44a6950c6ee24514fb6a5489e51d06f0298?s=96&d=mm&r=g\",\"contentUrl\":\"https:\\\/\\\/secure.gravatar.com\\\/avatar\\\/7ce1f28c0c3bbac99ff550b85ef8e44a6950c6ee24514fb6a5489e51d06f0298?s=96&d=mm&r=g\",\"caption\":\"webdo.tn\"},\"url\":\"https:\\\/\\\/www.webdo.tn\\\/fr\\\/actualite\\\/author\\\/webdotn\\\/\"}]}<\/script>\n<!-- \/ Yoast SEO Premium plugin. -->","yoast_head_json":{"title":"Fran\u00e7ois Hollande au sommet du G7 : Tout doit \u00eatre fait pour soutenir la Tunisie","description":"Fran\u00e7ois Hollande au sommet du G7 : Tout doit \u00eatre fait pour soutenir la Tunisie","canonical":"https:\/\/www.webdo.tn\/fr\/actualite\/international\/francois-hollande-au-sommet-du-g7-tout-doit-etre-fait-pour-soutenir-la-tunisie\/184109\/","og_locale":"fr_FR","og_type":"article","og_title":"Fran\u00e7ois Hollande au sommet du G7 : \"Tout doit \u00eatre fait pour soutenir la Tunisie\"","og_description":"Fran\u00e7ois Hollande au sommet du G7 : Tout doit \u00eatre fait pour soutenir la Tunisie","og_url":"https:\/\/www.webdo.tn\/fr\/actualite\/international\/francois-hollande-au-sommet-du-g7-tout-doit-etre-fait-pour-soutenir-la-tunisie\/184109\/","og_site_name":"webdo","article_publisher":"https:\/\/www.facebook.com\/webdotn","article_published_time":"2015-06-08T18:23:00+00:00","article_modified_time":"2025-05-19T10:14:32+00:00","author":"webdo.tn","twitter_card":"summary_large_image","twitter_creator":"@webdo_tn","twitter_site":"@webdo_tn","twitter_misc":{"\u00c9crit par":"webdo.tn","Dur\u00e9e de lecture estim\u00e9e":"1 minute"},"schema":{"@context":"https:\/\/schema.org","@graph":[{"@type":"NewsArticle","@id":"https:\/\/www.webdo.tn\/fr\/actualite\/international\/francois-hollande-au-sommet-du-g7-tout-doit-etre-fait-pour-soutenir-la-tunisie\/184109\/#article","isPartOf":{"@id":"https:\/\/www.webdo.tn\/fr\/actualite\/international\/francois-hollande-au-sommet-du-g7-tout-doit-etre-fait-pour-soutenir-la-tunisie\/184109\/"},"author":{"name":"webdo.tn","@id":"https:\/\/www.webdo.tn\/fr\/#\/schema\/person\/9a9c6118d687c117df8ef3cc36a4d175"},"headline":"Fran\u00e7ois Hollande au sommet du G7 : \u00ab\u00a0Tout doit \u00eatre fait pour soutenir la Tunisie\u00a0\u00bb","datePublished":"2015-06-08T18:23:00+00:00","dateModified":"2025-05-19T10:14:32+00:00","mainEntityOfPage":{"@id":"https:\/\/www.webdo.tn\/fr\/actualite\/international\/francois-hollande-au-sommet-du-g7-tout-doit-etre-fait-pour-soutenir-la-tunisie\/184109\/"},"wordCount":155,"commentCount":0,"publisher":{"@id":"https:\/\/www.webdo.tn\/fr\/#organization"},"image":{"@id":"https:\/\/www.webdo.tn\/fr\/actualite\/international\/francois-hollande-au-sommet-du-g7-tout-doit-etre-fait-pour-soutenir-la-tunisie\/184109\/#primaryimage"},"thumbnailUrl":"https:\/\/www.webdo.tn\/fr\/wp-content\/uploads\/2025\/06\/francois-hollande1_184109.jpg","keywords":["guerre"],"articleSection":["International"],"inLanguage":"fr-FR"},{"@type":"WebPage","@id":"https:\/\/www.webdo.tn\/fr\/actualite\/international\/francois-hollande-au-sommet-du-g7-tout-doit-etre-fait-pour-soutenir-la-tunisie\/184109\/","url":"https:\/\/www.webdo.tn\/fr\/actualite\/international\/francois-hollande-au-sommet-du-g7-tout-doit-etre-fait-pour-soutenir-la-tunisie\/184109\/","name":"Fran\u00e7ois Hollande au sommet du G7 : Tout doit \u00eatre fait pour soutenir la Tunisie","isPartOf":{"@id":"https:\/\/www.webdo.tn\/fr\/#website"},"primaryImageOfPage":{"@id":"https:\/\/www.webdo.tn\/fr\/actualite\/international\/francois-hollande-au-sommet-du-g7-tout-doit-etre-fait-pour-soutenir-la-tunisie\/184109\/#primaryimage"},"image":{"@id":"https:\/\/www.webdo.tn\/fr\/actualite\/international\/francois-hollande-au-sommet-du-g7-tout-doit-etre-fait-pour-soutenir-la-tunisie\/184109\/#primaryimage"},"thumbnailUrl":"https:\/\/www.webdo.tn\/fr\/wp-content\/uploads\/2025\/06\/francois-hollande1_184109.jpg","datePublished":"2015-06-08T18:23:00+00:00","dateModified":"2025-05-19T10:14:32+00:00","description":"Fran\u00e7ois Hollande au sommet du G7 : Tout doit \u00eatre fait pour soutenir la Tunisie","breadcrumb":{"@id":"https:\/\/www.webdo.tn\/fr\/actualite\/international\/francois-hollande-au-sommet-du-g7-tout-doit-etre-fait-pour-soutenir-la-tunisie\/184109\/#breadcrumb"},"inLanguage":"fr-FR","potentialAction":[{"@type":"ReadAction","target":["https:\/\/www.webdo.tn\/fr\/actualite\/international\/francois-hollande-au-sommet-du-g7-tout-doit-etre-fait-pour-soutenir-la-tunisie\/184109\/"]}]},{"@type":"ImageObject","inLanguage":"fr-FR","@id":"https:\/\/www.webdo.tn\/fr\/actualite\/international\/francois-hollande-au-sommet-du-g7-tout-doit-etre-fait-pour-soutenir-la-tunisie\/184109\/#primaryimage","url":"https:\/\/www.webdo.tn\/fr\/wp-content\/uploads\/2025\/06\/francois-hollande1_184109.jpg","contentUrl":"https:\/\/www.webdo.tn\/fr\/wp-content\/uploads\/2025\/06\/francois-hollande1_184109.jpg","width":569,"height":282,"caption":"Fran\u00e7ois Hollande au sommet du G7 : \"Tout doit \u00eatre fait pour soutenir la Tunisie\""},{"@type":"BreadcrumbList","@id":"https:\/\/www.webdo.tn\/fr\/actualite\/international\/francois-hollande-au-sommet-du-g7-tout-doit-etre-fait-pour-soutenir-la-tunisie\/184109\/#breadcrumb","itemListElement":[{"@type":"ListItem","position":1,"name":"Accueil","item":"https:\/\/www.webdo.tn\/fr\/"},{"@type":"ListItem","position":2,"name":"Fran\u00e7ois Hollande au sommet du G7 : \u00ab\u00a0Tout doit \u00eatre fait pour soutenir la Tunisie\u00a0\u00bb"}]},{"@type":"WebSite","@id":"https:\/\/www.webdo.tn\/fr\/#website","url":"https:\/\/www.webdo.tn\/fr\/","name":"webdo","description":"Tunisie - News en Tunisie et \u00e0 l&#039;international sur Webdo.tn","publisher":{"@id":"https:\/\/www.webdo.tn\/fr\/#organization"},"potentialAction":[{"@type":"SearchAction","target":{"@type":"EntryPoint","urlTemplate":"https:\/\/www.webdo.tn\/fr\/?s={search_term_string}"},"query-input":{"@type":"PropertyValueSpecification","valueRequired":true,"valueName":"search_term_string"}}],"inLanguage":"fr-FR"},{"@type":"Organization","@id":"https:\/\/www.webdo.tn\/fr\/#organization","name":"Webdo","alternateName":"Webdo.tn","url":"https:\/\/www.webdo.tn\/fr\/","logo":{"@type":"ImageObject","inLanguage":"fr-FR","@id":"https:\/\/www.webdo.tn\/fr\/#\/schema\/logo\/image\/","url":"https:\/\/www.webdo.tn\/fr\/wp-content\/uploads\/2025\/06\/Webdo-Tunisie_168377.jpg","contentUrl":"https:\/\/www.webdo.tn\/fr\/wp-content\/uploads\/2025\/06\/Webdo-Tunisie_168377.jpg","width":301,"height":301,"caption":"Webdo"},"image":{"@id":"https:\/\/www.webdo.tn\/fr\/#\/schema\/logo\/image\/"},"sameAs":["https:\/\/www.facebook.com\/webdotn","https:\/\/x.com\/webdo_tn"],"description":"Webdo est un m\u00e9dia num\u00e9rique tunisien fond\u00e9 en 2010, sp\u00e9cialis\u00e9 dans l\u2019actualit\u00e9 nationale et internationale, l\u2019\u00e9conomie, la soci\u00e9t\u00e9 et les analyses politiques. Le site s\u2019adresse \u00e0 un large public francophone et couvre l\u2019information tunisienne en temps r\u00e9el.","email":"redac@webdo.tn","legalName":"YNJ SARL","foundingDate":"2010-09-06","numberOfEmployees":{"@type":"QuantitativeValue","minValue":"11","maxValue":"50"}},{"@type":"Person","@id":"https:\/\/www.webdo.tn\/fr\/#\/schema\/person\/9a9c6118d687c117df8ef3cc36a4d175","name":"webdo.tn","image":{"@type":"ImageObject","inLanguage":"fr-FR","@id":"https:\/\/secure.gravatar.com\/avatar\/7ce1f28c0c3bbac99ff550b85ef8e44a6950c6ee24514fb6a5489e51d06f0298?s=96&d=mm&r=g","url":"https:\/\/secure.gravatar.com\/avatar\/7ce1f28c0c3bbac99ff550b85ef8e44a6950c6ee24514fb6a5489e51d06f0298?s=96&d=mm&r=g","contentUrl":"https:\/\/secure.gravatar.com\/avatar\/7ce1f28c0c3bbac99ff550b85ef8e44a6950c6ee24514fb6a5489e51d06f0298?s=96&d=mm&r=g","caption":"webdo.tn"},"url":"https:\/\/www.webdo.tn\/fr\/actualite\/author\/webdotn\/"}]}},"_links":{"self":[{"href":"https:\/\/www.webdo.tn\/fr\/wp-json\/wp\/v2\/posts\/184109","targetHints":{"allow":["GET"]}}],"collection":[{"href":"https:\/\/www.webdo.tn\/fr\/wp-json\/wp\/v2\/posts"}],"about":[{"href":"https:\/\/www.webdo.tn\/fr\/wp-json\/wp\/v2\/types\/post"}],"author":[{"embeddable":true,"href":"https:\/\/www.webdo.tn\/fr\/wp-json\/wp\/v2\/users\/3222"}],"replies":[{"embeddable":true,"href":"https:\/\/www.webdo.tn\/fr\/wp-json\/wp\/v2\/comments?post=184109"}],"version-history":[{"count":0,"href":"https:\/\/www.webdo.tn\/fr\/wp-json\/wp\/v2\/posts\/184109\/revisions"}],"wp:featuredmedia":[{"embeddable":true,"href":"https:\/\/www.webdo.tn\/fr\/wp-json\/wp\/v2\/media\/372980"}],"wp:attachment":[{"href":"https:\/\/www.webdo.tn\/fr\/wp-json\/wp\/v2\/media?parent=184109"}],"wp:term":[{"taxonomy":"category","embeddable":true,"href":"https:\/\/www.webdo.tn\/fr\/wp-json\/wp\/v2\/categories?post=184109"},{"taxonomy":"post_tag","embeddable":true,"href":"https:\/\/www.webdo.tn\/fr\/wp-json\/wp\/v2\/tags?post=184109"}],"curies":[{"name":"wp","href":"https:\/\/api.w.org\/{rel}","templated":true}]}}