{"id":184108,"date":"2015-06-09T13:08:00","date_gmt":"2015-06-09T13:08:00","guid":{"rendered":"https:\/\/www.webdo.tn\/fr\/blog\/italie-les-maires-menaces-de-perdre-leurs-subventions-en-accueillant-des-migrants\/184108\/"},"modified":"2025-05-19T10:14:11","modified_gmt":"2025-05-19T10:14:11","slug":"italie-les-maires-menaces-de-perdre-leurs-subventions-en-accueillant-des-migrants","status":"publish","type":"post","link":"https:\/\/www.webdo.tn\/fr\/actualite\/international\/italie-les-maires-menaces-de-perdre-leurs-subventions-en-accueillant-des-migrants\/184108\/","title":{"rendered":"Italie : Les maires menac\u00e9s de perdre leurs subventions en accueillant des migrants"},"content":{"rendered":"<p>Les maires de Lombardie en Italie ont appris r\u00e9cemment que s&rsquo;ils envisageaient d&rsquo;accueillir de nouveaux migrants sur leur sol, comme l&rsquo;a demand\u00e9 le minist\u00e8re de l&rsquo;Int\u00e9rieur, ils ne toucheront plus de subventions de la r\u00e9gion.<\/p>\n<p>En effet, suite \u00e0 l&rsquo;arriv\u00e9e d&rsquo;environ 4.000 migrants en Sicile, ces samedi 6 et dimanche 7 juin, le gouverneur de la Ligue du Nord de la r\u00e9gion de Lombardie et issu du parti d&rsquo;extr\u00eame droite, Roberto Maroni, a annonc\u00e9, dans le quotidien italien Il Messagero,\u00a0que si les maires \u00ab\u00a0acceptent d&rsquo;accueillir des clandestins, la r\u00e9gion coupera les fonds destin\u00e9s\u00a0\u00e0 leurs communes\u00a0\u00bb.<br \/>\nL&rsquo;Italie\u00a0\u00e0 la recherche de solutions<br \/>\nLe Premier ministre italien, Matteo Renzi, choqu\u00e9 par les d\u00e9clarations de Roberto Maroni, a d\u00e9clar\u00e9 depuis le sommet du G7 en Allemagne :<br \/>\n[quote_box_center]J&rsquo;aimerais que tout le monde reconnaisse que le probl\u00e8me de l&rsquo;immigration est un d\u00e9fi pour tout le pays, et que tout le monde aide \u00e0 trouver des solutions plut\u00f4t que de chercher \u00e0 gagner une demi-voix.[\/quote_box_center]<br \/>\nRappelons que l&rsquo;Italie a accueilli plus de 50.000\u00a0demandeurs d&rsquo;asile et\u00a0immigr\u00e9s \u00e9conomiques\u00a0sur son sol depuis le d\u00e9but de l&rsquo;ann\u00e9e. De ce fait, Matteo Renzi cherche \u00e0 obtenir un plan de r\u00e9partition des migrants, qui arrivent par l&rsquo;Italie et la Gr\u00e8ce,\u00a0entre les Etats membres de l&rsquo;Union europ\u00e9enne.<\/p>\n<p>La Commission europ\u00e9enne avait pr\u00e9sent\u00e9, mercredi 27 mai 2015, son plan global sur l\u2019immigration, en ajoutant les quotas de migrants \u00e0 accueillir par pays, afin d\u2019assurer une r\u00e9partition de demandeurs d\u2019asile qui s\u00e9journent actuellement en Italie et en Gr\u00e8ce.<br \/>\nL.B<\/p>\n","protected":false},"excerpt":{"rendered":"<p>Italie : Les maires menac\u00e9s de perdre leurs subventions en accueillant des migrants<\/p>\n","protected":false},"author":3222,"featured_media":318075,"comment_status":"open","ping_status":"closed","sticky":false,"template":"","format":"standard","meta":{"footnotes":""},"categories":[2598],"tags":[2600],"class_list":["post-184108","post","type-post","status-publish","format-standard","has-post-thumbnail","hentry","category-international","tag-guerre"],"yoast_head":"<!-- This site is optimized with the Yoast SEO Premium plugin v27.5 (Yoast SEO v27.5) - https:\/\/yoast.com\/product\/yoast-seo-premium-wordpress\/ -->\n<title>Italie : Les maires menac\u00e9s de perdre leurs subventions en accueillant des migrants<\/title>\n<meta name=\"description\" content=\"Italie : Les maires menac\u00e9s de perdre leurs subventions en accueillant des migrants\" \/>\n<link rel=\"canonical\" href=\"https:\/\/www.webdo.tn\/fr\/actualite\/international\/italie-les-maires-menaces-de-perdre-leurs-subventions-en-accueillant-des-migrants\/184108\/\" \/>\n<meta property=\"og:locale\" content=\"fr_FR\" \/>\n<meta property=\"og:type\" content=\"article\" \/>\n<meta property=\"og:title\" content=\"Italie : Les maires menac\u00e9s de perdre leurs subventions en accueillant des migrants\" \/>\n<meta property=\"og:description\" content=\"Italie : Les maires menac\u00e9s de perdre leurs subventions en accueillant des migrants\" \/>\n<meta property=\"og:url\" content=\"https:\/\/www.webdo.tn\/fr\/actualite\/international\/italie-les-maires-menaces-de-perdre-leurs-subventions-en-accueillant-des-migrants\/184108\/\" \/>\n<meta property=\"og:site_name\" content=\"webdo\" \/>\n<meta property=\"article:publisher\" content=\"https:\/\/www.facebook.com\/webdotn\" \/>\n<meta property=\"article:published_time\" content=\"2015-06-09T13:08:00+00:00\" \/>\n<meta property=\"article:modified_time\" content=\"2025-05-19T10:14:11+00:00\" \/>\n<meta property=\"og:image\" content=\"https:\/\/www.webdo.tn\/fr\/wp-content\/uploads\/2015\/06\/Des-migrants-tunisiens-clandestins-300x224-2.jpg\" \/>\n\t<meta property=\"og:image:width\" content=\"300\" \/>\n\t<meta property=\"og:image:height\" content=\"224\" \/>\n\t<meta property=\"og:image:type\" content=\"image\/jpeg\" \/>\n<meta name=\"author\" content=\"webdo.tn\" \/>\n<meta name=\"twitter:card\" content=\"summary_large_image\" \/>\n<meta name=\"twitter:creator\" content=\"@webdo_tn\" \/>\n<meta name=\"twitter:site\" content=\"@webdo_tn\" \/>\n<meta name=\"twitter:label1\" content=\"\u00c9crit par\" \/>\n\t<meta name=\"twitter:data1\" content=\"webdo.tn\" \/>\n\t<meta name=\"twitter:label2\" content=\"Dur\u00e9e de lecture estim\u00e9e\" \/>\n\t<meta name=\"twitter:data2\" content=\"1 minute\" \/>\n<script type=\"application\/ld+json\" class=\"yoast-schema-graph\">{\"@context\":\"https:\\\/\\\/schema.org\",\"@graph\":[{\"@type\":\"NewsArticle\",\"@id\":\"https:\\\/\\\/www.webdo.tn\\\/fr\\\/actualite\\\/international\\\/italie-les-maires-menaces-de-perdre-leurs-subventions-en-accueillant-des-migrants\\\/184108\\\/#article\",\"isPartOf\":{\"@id\":\"https:\\\/\\\/www.webdo.tn\\\/fr\\\/actualite\\\/international\\\/italie-les-maires-menaces-de-perdre-leurs-subventions-en-accueillant-des-migrants\\\/184108\\\/\"},\"author\":{\"name\":\"webdo.tn\",\"@id\":\"https:\\\/\\\/www.webdo.tn\\\/fr\\\/#\\\/schema\\\/person\\\/9a9c6118d687c117df8ef3cc36a4d175\"},\"headline\":\"Italie : Les maires menac\u00e9s de perdre leurs subventions en accueillant des migrants\",\"datePublished\":\"2015-06-09T13:08:00+00:00\",\"dateModified\":\"2025-05-19T10:14:11+00:00\",\"mainEntityOfPage\":{\"@id\":\"https:\\\/\\\/www.webdo.tn\\\/fr\\\/actualite\\\/international\\\/italie-les-maires-menaces-de-perdre-leurs-subventions-en-accueillant-des-migrants\\\/184108\\\/\"},\"wordCount\":301,\"commentCount\":0,\"publisher\":{\"@id\":\"https:\\\/\\\/www.webdo.tn\\\/fr\\\/#organization\"},\"image\":{\"@id\":\"https:\\\/\\\/www.webdo.tn\\\/fr\\\/actualite\\\/international\\\/italie-les-maires-menaces-de-perdre-leurs-subventions-en-accueillant-des-migrants\\\/184108\\\/#primaryimage\"},\"thumbnailUrl\":\"https:\\\/\\\/www.webdo.tn\\\/fr\\\/wp-content\\\/uploads\\\/2015\\\/06\\\/Des-migrants-tunisiens-clandestins-300x224-2.jpg\",\"keywords\":[\"guerre\"],\"articleSection\":[\"International\"],\"inLanguage\":\"fr-FR\"},{\"@type\":\"WebPage\",\"@id\":\"https:\\\/\\\/www.webdo.tn\\\/fr\\\/actualite\\\/international\\\/italie-les-maires-menaces-de-perdre-leurs-subventions-en-accueillant-des-migrants\\\/184108\\\/\",\"url\":\"https:\\\/\\\/www.webdo.tn\\\/fr\\\/actualite\\\/international\\\/italie-les-maires-menaces-de-perdre-leurs-subventions-en-accueillant-des-migrants\\\/184108\\\/\",\"name\":\"Italie : Les maires menac\u00e9s de perdre leurs subventions en accueillant des migrants\",\"isPartOf\":{\"@id\":\"https:\\\/\\\/www.webdo.tn\\\/fr\\\/#website\"},\"primaryImageOfPage\":{\"@id\":\"https:\\\/\\\/www.webdo.tn\\\/fr\\\/actualite\\\/international\\\/italie-les-maires-menaces-de-perdre-leurs-subventions-en-accueillant-des-migrants\\\/184108\\\/#primaryimage\"},\"image\":{\"@id\":\"https:\\\/\\\/www.webdo.tn\\\/fr\\\/actualite\\\/international\\\/italie-les-maires-menaces-de-perdre-leurs-subventions-en-accueillant-des-migrants\\\/184108\\\/#primaryimage\"},\"thumbnailUrl\":\"https:\\\/\\\/www.webdo.tn\\\/fr\\\/wp-content\\\/uploads\\\/2015\\\/06\\\/Des-migrants-tunisiens-clandestins-300x224-2.jpg\",\"datePublished\":\"2015-06-09T13:08:00+00:00\",\"dateModified\":\"2025-05-19T10:14:11+00:00\",\"description\":\"Italie : Les maires menac\u00e9s de perdre leurs subventions en accueillant des migrants\",\"breadcrumb\":{\"@id\":\"https:\\\/\\\/www.webdo.tn\\\/fr\\\/actualite\\\/international\\\/italie-les-maires-menaces-de-perdre-leurs-subventions-en-accueillant-des-migrants\\\/184108\\\/#breadcrumb\"},\"inLanguage\":\"fr-FR\",\"potentialAction\":[{\"@type\":\"ReadAction\",\"target\":[\"https:\\\/\\\/www.webdo.tn\\\/fr\\\/actualite\\\/international\\\/italie-les-maires-menaces-de-perdre-leurs-subventions-en-accueillant-des-migrants\\\/184108\\\/\"]}]},{\"@type\":\"ImageObject\",\"inLanguage\":\"fr-FR\",\"@id\":\"https:\\\/\\\/www.webdo.tn\\\/fr\\\/actualite\\\/international\\\/italie-les-maires-menaces-de-perdre-leurs-subventions-en-accueillant-des-migrants\\\/184108\\\/#primaryimage\",\"url\":\"https:\\\/\\\/www.webdo.tn\\\/fr\\\/wp-content\\\/uploads\\\/2015\\\/06\\\/Des-migrants-tunisiens-clandestins-300x224-2.jpg\",\"contentUrl\":\"https:\\\/\\\/www.webdo.tn\\\/fr\\\/wp-content\\\/uploads\\\/2015\\\/06\\\/Des-migrants-tunisiens-clandestins-300x224-2.jpg\",\"width\":300,\"height\":224,\"caption\":\"Italie : Les maires menac\u00e9s de perdre leurs subventions en accueillant des migrants\"},{\"@type\":\"BreadcrumbList\",\"@id\":\"https:\\\/\\\/www.webdo.tn\\\/fr\\\/actualite\\\/international\\\/italie-les-maires-menaces-de-perdre-leurs-subventions-en-accueillant-des-migrants\\\/184108\\\/#breadcrumb\",\"itemListElement\":[{\"@type\":\"ListItem\",\"position\":1,\"name\":\"Accueil\",\"item\":\"https:\\\/\\\/www.webdo.tn\\\/fr\\\/\"},{\"@type\":\"ListItem\",\"position\":2,\"name\":\"Italie : Les maires menac\u00e9s de perdre leurs subventions en accueillant des migrants\"}]},{\"@type\":\"WebSite\",\"@id\":\"https:\\\/\\\/www.webdo.tn\\\/fr\\\/#website\",\"url\":\"https:\\\/\\\/www.webdo.tn\\\/fr\\\/\",\"name\":\"webdo\",\"description\":\"Tunisie - News en Tunisie et \u00e0 l&#039;international sur Webdo.tn\",\"publisher\":{\"@id\":\"https:\\\/\\\/www.webdo.tn\\\/fr\\\/#organization\"},\"potentialAction\":[{\"@type\":\"SearchAction\",\"target\":{\"@type\":\"EntryPoint\",\"urlTemplate\":\"https:\\\/\\\/www.webdo.tn\\\/fr\\\/?s={search_term_string}\"},\"query-input\":{\"@type\":\"PropertyValueSpecification\",\"valueRequired\":true,\"valueName\":\"search_term_string\"}}],\"inLanguage\":\"fr-FR\"},{\"@type\":\"Organization\",\"@id\":\"https:\\\/\\\/www.webdo.tn\\\/fr\\\/#organization\",\"name\":\"Webdo\",\"alternateName\":\"Webdo.tn\",\"url\":\"https:\\\/\\\/www.webdo.tn\\\/fr\\\/\",\"logo\":{\"@type\":\"ImageObject\",\"inLanguage\":\"fr-FR\",\"@id\":\"https:\\\/\\\/www.webdo.tn\\\/fr\\\/#\\\/schema\\\/logo\\\/image\\\/\",\"url\":\"https:\\\/\\\/www.webdo.tn\\\/fr\\\/wp-content\\\/uploads\\\/2025\\\/06\\\/Webdo-Tunisie_168377.jpg\",\"contentUrl\":\"https:\\\/\\\/www.webdo.tn\\\/fr\\\/wp-content\\\/uploads\\\/2025\\\/06\\\/Webdo-Tunisie_168377.jpg\",\"width\":301,\"height\":301,\"caption\":\"Webdo\"},\"image\":{\"@id\":\"https:\\\/\\\/www.webdo.tn\\\/fr\\\/#\\\/schema\\\/logo\\\/image\\\/\"},\"sameAs\":[\"https:\\\/\\\/www.facebook.com\\\/webdotn\",\"https:\\\/\\\/x.com\\\/webdo_tn\"],\"description\":\"Webdo est un m\u00e9dia num\u00e9rique tunisien fond\u00e9 en 2010, sp\u00e9cialis\u00e9 dans l\u2019actualit\u00e9 nationale et internationale, l\u2019\u00e9conomie, la soci\u00e9t\u00e9 et les analyses politiques. Le site s\u2019adresse \u00e0 un large public francophone et couvre l\u2019information tunisienne en temps r\u00e9el.\",\"email\":\"redac@webdo.tn\",\"legalName\":\"YNJ SARL\",\"foundingDate\":\"2010-09-06\",\"numberOfEmployees\":{\"@type\":\"QuantitativeValue\",\"minValue\":\"11\",\"maxValue\":\"50\"}},{\"@type\":\"Person\",\"@id\":\"https:\\\/\\\/www.webdo.tn\\\/fr\\\/#\\\/schema\\\/person\\\/9a9c6118d687c117df8ef3cc36a4d175\",\"name\":\"webdo.tn\",\"image\":{\"@type\":\"ImageObject\",\"inLanguage\":\"fr-FR\",\"@id\":\"https:\\\/\\\/secure.gravatar.com\\\/avatar\\\/7ce1f28c0c3bbac99ff550b85ef8e44a6950c6ee24514fb6a5489e51d06f0298?s=96&d=mm&r=g\",\"url\":\"https:\\\/\\\/secure.gravatar.com\\\/avatar\\\/7ce1f28c0c3bbac99ff550b85ef8e44a6950c6ee24514fb6a5489e51d06f0298?s=96&d=mm&r=g\",\"contentUrl\":\"https:\\\/\\\/secure.gravatar.com\\\/avatar\\\/7ce1f28c0c3bbac99ff550b85ef8e44a6950c6ee24514fb6a5489e51d06f0298?s=96&d=mm&r=g\",\"caption\":\"webdo.tn\"},\"url\":\"https:\\\/\\\/www.webdo.tn\\\/fr\\\/actualite\\\/author\\\/webdotn\\\/\"}]}<\/script>\n<!-- \/ Yoast SEO Premium plugin. -->","yoast_head_json":{"title":"Italie : Les maires menac\u00e9s de perdre leurs subventions en accueillant des migrants","description":"Italie : Les maires menac\u00e9s de perdre leurs subventions en accueillant des migrants","canonical":"https:\/\/www.webdo.tn\/fr\/actualite\/international\/italie-les-maires-menaces-de-perdre-leurs-subventions-en-accueillant-des-migrants\/184108\/","og_locale":"fr_FR","og_type":"article","og_title":"Italie : Les maires menac\u00e9s de perdre leurs subventions en accueillant des migrants","og_description":"Italie : Les maires menac\u00e9s de perdre leurs subventions en accueillant des migrants","og_url":"https:\/\/www.webdo.tn\/fr\/actualite\/international\/italie-les-maires-menaces-de-perdre-leurs-subventions-en-accueillant-des-migrants\/184108\/","og_site_name":"webdo","article_publisher":"https:\/\/www.facebook.com\/webdotn","article_published_time":"2015-06-09T13:08:00+00:00","article_modified_time":"2025-05-19T10:14:11+00:00","og_image":[{"width":300,"height":224,"url":"https:\/\/www.webdo.tn\/fr\/wp-content\/uploads\/2015\/06\/Des-migrants-tunisiens-clandestins-300x224-2.jpg","type":"image\/jpeg"}],"author":"webdo.tn","twitter_card":"summary_large_image","twitter_creator":"@webdo_tn","twitter_site":"@webdo_tn","twitter_misc":{"\u00c9crit par":"webdo.tn","Dur\u00e9e de lecture estim\u00e9e":"1 minute"},"schema":{"@context":"https:\/\/schema.org","@graph":[{"@type":"NewsArticle","@id":"https:\/\/www.webdo.tn\/fr\/actualite\/international\/italie-les-maires-menaces-de-perdre-leurs-subventions-en-accueillant-des-migrants\/184108\/#article","isPartOf":{"@id":"https:\/\/www.webdo.tn\/fr\/actualite\/international\/italie-les-maires-menaces-de-perdre-leurs-subventions-en-accueillant-des-migrants\/184108\/"},"author":{"name":"webdo.tn","@id":"https:\/\/www.webdo.tn\/fr\/#\/schema\/person\/9a9c6118d687c117df8ef3cc36a4d175"},"headline":"Italie : Les maires menac\u00e9s de perdre leurs subventions en accueillant des migrants","datePublished":"2015-06-09T13:08:00+00:00","dateModified":"2025-05-19T10:14:11+00:00","mainEntityOfPage":{"@id":"https:\/\/www.webdo.tn\/fr\/actualite\/international\/italie-les-maires-menaces-de-perdre-leurs-subventions-en-accueillant-des-migrants\/184108\/"},"wordCount":301,"commentCount":0,"publisher":{"@id":"https:\/\/www.webdo.tn\/fr\/#organization"},"image":{"@id":"https:\/\/www.webdo.tn\/fr\/actualite\/international\/italie-les-maires-menaces-de-perdre-leurs-subventions-en-accueillant-des-migrants\/184108\/#primaryimage"},"thumbnailUrl":"https:\/\/www.webdo.tn\/fr\/wp-content\/uploads\/2015\/06\/Des-migrants-tunisiens-clandestins-300x224-2.jpg","keywords":["guerre"],"articleSection":["International"],"inLanguage":"fr-FR"},{"@type":"WebPage","@id":"https:\/\/www.webdo.tn\/fr\/actualite\/international\/italie-les-maires-menaces-de-perdre-leurs-subventions-en-accueillant-des-migrants\/184108\/","url":"https:\/\/www.webdo.tn\/fr\/actualite\/international\/italie-les-maires-menaces-de-perdre-leurs-subventions-en-accueillant-des-migrants\/184108\/","name":"Italie : Les maires menac\u00e9s de perdre leurs subventions en accueillant des migrants","isPartOf":{"@id":"https:\/\/www.webdo.tn\/fr\/#website"},"primaryImageOfPage":{"@id":"https:\/\/www.webdo.tn\/fr\/actualite\/international\/italie-les-maires-menaces-de-perdre-leurs-subventions-en-accueillant-des-migrants\/184108\/#primaryimage"},"image":{"@id":"https:\/\/www.webdo.tn\/fr\/actualite\/international\/italie-les-maires-menaces-de-perdre-leurs-subventions-en-accueillant-des-migrants\/184108\/#primaryimage"},"thumbnailUrl":"https:\/\/www.webdo.tn\/fr\/wp-content\/uploads\/2015\/06\/Des-migrants-tunisiens-clandestins-300x224-2.jpg","datePublished":"2015-06-09T13:08:00+00:00","dateModified":"2025-05-19T10:14:11+00:00","description":"Italie : Les maires menac\u00e9s de perdre leurs subventions en accueillant des migrants","breadcrumb":{"@id":"https:\/\/www.webdo.tn\/fr\/actualite\/international\/italie-les-maires-menaces-de-perdre-leurs-subventions-en-accueillant-des-migrants\/184108\/#breadcrumb"},"inLanguage":"fr-FR","potentialAction":[{"@type":"ReadAction","target":["https:\/\/www.webdo.tn\/fr\/actualite\/international\/italie-les-maires-menaces-de-perdre-leurs-subventions-en-accueillant-des-migrants\/184108\/"]}]},{"@type":"ImageObject","inLanguage":"fr-FR","@id":"https:\/\/www.webdo.tn\/fr\/actualite\/international\/italie-les-maires-menaces-de-perdre-leurs-subventions-en-accueillant-des-migrants\/184108\/#primaryimage","url":"https:\/\/www.webdo.tn\/fr\/wp-content\/uploads\/2015\/06\/Des-migrants-tunisiens-clandestins-300x224-2.jpg","contentUrl":"https:\/\/www.webdo.tn\/fr\/wp-content\/uploads\/2015\/06\/Des-migrants-tunisiens-clandestins-300x224-2.jpg","width":300,"height":224,"caption":"Italie : Les maires menac\u00e9s de perdre leurs subventions en accueillant des migrants"},{"@type":"BreadcrumbList","@id":"https:\/\/www.webdo.tn\/fr\/actualite\/international\/italie-les-maires-menaces-de-perdre-leurs-subventions-en-accueillant-des-migrants\/184108\/#breadcrumb","itemListElement":[{"@type":"ListItem","position":1,"name":"Accueil","item":"https:\/\/www.webdo.tn\/fr\/"},{"@type":"ListItem","position":2,"name":"Italie : Les maires menac\u00e9s de perdre leurs subventions en accueillant des migrants"}]},{"@type":"WebSite","@id":"https:\/\/www.webdo.tn\/fr\/#website","url":"https:\/\/www.webdo.tn\/fr\/","name":"webdo","description":"Tunisie - News en Tunisie et \u00e0 l&#039;international sur Webdo.tn","publisher":{"@id":"https:\/\/www.webdo.tn\/fr\/#organization"},"potentialAction":[{"@type":"SearchAction","target":{"@type":"EntryPoint","urlTemplate":"https:\/\/www.webdo.tn\/fr\/?s={search_term_string}"},"query-input":{"@type":"PropertyValueSpecification","valueRequired":true,"valueName":"search_term_string"}}],"inLanguage":"fr-FR"},{"@type":"Organization","@id":"https:\/\/www.webdo.tn\/fr\/#organization","name":"Webdo","alternateName":"Webdo.tn","url":"https:\/\/www.webdo.tn\/fr\/","logo":{"@type":"ImageObject","inLanguage":"fr-FR","@id":"https:\/\/www.webdo.tn\/fr\/#\/schema\/logo\/image\/","url":"https:\/\/www.webdo.tn\/fr\/wp-content\/uploads\/2025\/06\/Webdo-Tunisie_168377.jpg","contentUrl":"https:\/\/www.webdo.tn\/fr\/wp-content\/uploads\/2025\/06\/Webdo-Tunisie_168377.jpg","width":301,"height":301,"caption":"Webdo"},"image":{"@id":"https:\/\/www.webdo.tn\/fr\/#\/schema\/logo\/image\/"},"sameAs":["https:\/\/www.facebook.com\/webdotn","https:\/\/x.com\/webdo_tn"],"description":"Webdo est un m\u00e9dia num\u00e9rique tunisien fond\u00e9 en 2010, sp\u00e9cialis\u00e9 dans l\u2019actualit\u00e9 nationale et internationale, l\u2019\u00e9conomie, la soci\u00e9t\u00e9 et les analyses politiques. Le site s\u2019adresse \u00e0 un large public francophone et couvre l\u2019information tunisienne en temps r\u00e9el.","email":"redac@webdo.tn","legalName":"YNJ SARL","foundingDate":"2010-09-06","numberOfEmployees":{"@type":"QuantitativeValue","minValue":"11","maxValue":"50"}},{"@type":"Person","@id":"https:\/\/www.webdo.tn\/fr\/#\/schema\/person\/9a9c6118d687c117df8ef3cc36a4d175","name":"webdo.tn","image":{"@type":"ImageObject","inLanguage":"fr-FR","@id":"https:\/\/secure.gravatar.com\/avatar\/7ce1f28c0c3bbac99ff550b85ef8e44a6950c6ee24514fb6a5489e51d06f0298?s=96&d=mm&r=g","url":"https:\/\/secure.gravatar.com\/avatar\/7ce1f28c0c3bbac99ff550b85ef8e44a6950c6ee24514fb6a5489e51d06f0298?s=96&d=mm&r=g","contentUrl":"https:\/\/secure.gravatar.com\/avatar\/7ce1f28c0c3bbac99ff550b85ef8e44a6950c6ee24514fb6a5489e51d06f0298?s=96&d=mm&r=g","caption":"webdo.tn"},"url":"https:\/\/www.webdo.tn\/fr\/actualite\/author\/webdotn\/"}]}},"_links":{"self":[{"href":"https:\/\/www.webdo.tn\/fr\/wp-json\/wp\/v2\/posts\/184108","targetHints":{"allow":["GET"]}}],"collection":[{"href":"https:\/\/www.webdo.tn\/fr\/wp-json\/wp\/v2\/posts"}],"about":[{"href":"https:\/\/www.webdo.tn\/fr\/wp-json\/wp\/v2\/types\/post"}],"author":[{"embeddable":true,"href":"https:\/\/www.webdo.tn\/fr\/wp-json\/wp\/v2\/users\/3222"}],"replies":[{"embeddable":true,"href":"https:\/\/www.webdo.tn\/fr\/wp-json\/wp\/v2\/comments?post=184108"}],"version-history":[{"count":0,"href":"https:\/\/www.webdo.tn\/fr\/wp-json\/wp\/v2\/posts\/184108\/revisions"}],"wp:featuredmedia":[{"embeddable":true,"href":"https:\/\/www.webdo.tn\/fr\/wp-json\/wp\/v2\/media\/318075"}],"wp:attachment":[{"href":"https:\/\/www.webdo.tn\/fr\/wp-json\/wp\/v2\/media?parent=184108"}],"wp:term":[{"taxonomy":"category","embeddable":true,"href":"https:\/\/www.webdo.tn\/fr\/wp-json\/wp\/v2\/categories?post=184108"},{"taxonomy":"post_tag","embeddable":true,"href":"https:\/\/www.webdo.tn\/fr\/wp-json\/wp\/v2\/tags?post=184108"}],"curies":[{"name":"wp","href":"https:\/\/api.w.org\/{rel}","templated":true}]}}