{"id":184107,"date":"2015-06-09T16:06:00","date_gmt":"2015-06-09T16:06:00","guid":{"rendered":"https:\/\/www.webdo.tn\/fr\/blog\/le-senat-francais-adopte-le-projet-de-loi-sur-le-renseignement\/184107\/"},"modified":"2025-05-19T10:14:13","modified_gmt":"2025-05-19T10:14:13","slug":"le-senat-francais-adopte-le-projet-de-loi-sur-le-renseignement","status":"publish","type":"post","link":"https:\/\/www.webdo.tn\/fr\/actualite\/international\/le-senat-francais-adopte-le-projet-de-loi-sur-le-renseignement\/184107\/","title":{"rendered":"Le S\u00e9nat fran\u00e7ais adopte le projet de loi sur le renseignement"},"content":{"rendered":"<p>Le S\u00e9nat fran\u00e7ais a adopt\u00e9 ce mardi 9 juin le projet de loi sur le renseignement avec 251 voix pour contre 68. Le 5 mai dernier, l&rsquo;Assembl\u00e9e Nationale a adopt\u00e9 ce m\u00eame projet de loi avec 438 voix pour contre 86.<\/p>\n<p>R\u00e9sultat du scrutin sur le #PJLRenseignement #S\u00e9nat #directS\u00e9nat POUR : 251 voix CONTRE : 68 voix Le texte est adopt\u00e9 pic.twitter.com\/gr61vm2Pvz<br \/>\n\u2014 Senat_direct (@Senat_Direct) 9 Juin 2015<\/p>\n<p>Le projet de loi d\u00e9finit les missions des services de renseignement (de la pr\u00e9vention du terrorisme \u00e0 l&rsquo;espionnage \u00e9conomique) ainsi que le r\u00e9gime d&rsquo;autorisation et de contr\u00f4le des techniques d&rsquo;espionnage (\u00e9coutes, pose de cam\u00e9ras ou de logiciel-espion, acc\u00e8s aux donn\u00e9es de connexion, etc.).<\/p>\n<p>La soci\u00e9t\u00e9 civile fran\u00e7aise ainsi que les m\u00e9dias fran\u00e7ais se sont farouchement oppos\u00e9s \u00e0 cette adoption. Une p\u00e9tition a \u00e9t\u00e9 lanc\u00e9e par\u00a0le politologue Thomas Gu\u00e9nol\u00e9 et la communicante Katerina Ryzhakova le 9 avril dernier et qui a rassembl\u00e9 plus de 100.000 signatures.<\/p>\n<p>De nombreux rassemblements ont eu lieu \u00e0 Paris contre l&rsquo;adoption du projet de loi qu&rsquo;ils qualifient comme une menace \u00e0 la libert\u00e9 en France.<br \/>\nL&rsquo;ancien consultant de la NSA, Edward Snowden, a quant \u00e0 lui affirm\u00e9 que le gouvernement fran\u00e7ais \u00ab\u00a0exploite la trag\u00e9die\u00a0\u00bb des attaques contre \u00ab\u00a0Charlie Hebdo\u00a0\u00bb et l&rsquo;Hyper Cacher pour donner \u00ab\u00a0de nouveaux pouvoirs intrusifs\u00a0\u00bb aux services secrets, dans une tribune publi\u00e9e sur Lib\u00e9ration.<\/p>\n","protected":false},"excerpt":{"rendered":"<p>Le S\u00e9nat fran\u00e7ais adopte le projet de loi sur le renseignement<\/p>\n","protected":false},"author":3222,"featured_media":318084,"comment_status":"open","ping_status":"closed","sticky":false,"template":"","format":"standard","meta":{"footnotes":""},"categories":[2598],"tags":[2600],"class_list":["post-184107","post","type-post","status-publish","format-standard","has-post-thumbnail","hentry","category-international","tag-guerre"],"yoast_head":"<!-- This site is optimized with the Yoast SEO Premium plugin v27.5 (Yoast SEO v27.5) - https:\/\/yoast.com\/product\/yoast-seo-premium-wordpress\/ -->\n<title>Le S\u00e9nat fran\u00e7ais adopte le projet de loi sur le renseignement<\/title>\n<meta name=\"description\" content=\"Le S\u00e9nat fran\u00e7ais adopte le projet de loi sur le renseignement\" \/>\n<link rel=\"canonical\" href=\"https:\/\/www.webdo.tn\/fr\/actualite\/international\/le-senat-francais-adopte-le-projet-de-loi-sur-le-renseignement\/184107\/\" \/>\n<meta property=\"og:locale\" content=\"fr_FR\" \/>\n<meta property=\"og:type\" content=\"article\" \/>\n<meta property=\"og:title\" content=\"Le S\u00e9nat fran\u00e7ais adopte le projet de loi sur le renseignement\" \/>\n<meta property=\"og:description\" content=\"Le S\u00e9nat fran\u00e7ais adopte le projet de loi sur le renseignement\" \/>\n<meta property=\"og:url\" content=\"https:\/\/www.webdo.tn\/fr\/actualite\/international\/le-senat-francais-adopte-le-projet-de-loi-sur-le-renseignement\/184107\/\" \/>\n<meta property=\"og:site_name\" content=\"webdo\" \/>\n<meta property=\"article:publisher\" content=\"https:\/\/www.facebook.com\/webdotn\" \/>\n<meta property=\"article:published_time\" content=\"2015-06-09T16:06:00+00:00\" \/>\n<meta property=\"article:modified_time\" content=\"2025-05-19T10:14:13+00:00\" \/>\n<meta property=\"og:image\" content=\"https:\/\/www.webdo.tn\/fr\/wp-content\/uploads\/2015\/06\/France.png\" \/>\n\t<meta property=\"og:image:width\" content=\"506\" \/>\n\t<meta property=\"og:image:height\" content=\"370\" \/>\n\t<meta property=\"og:image:type\" content=\"image\/png\" \/>\n<meta name=\"author\" content=\"webdo.tn\" \/>\n<meta name=\"twitter:card\" content=\"summary_large_image\" \/>\n<meta name=\"twitter:creator\" content=\"@webdo_tn\" \/>\n<meta name=\"twitter:site\" content=\"@webdo_tn\" \/>\n<meta name=\"twitter:label1\" content=\"\u00c9crit par\" \/>\n\t<meta name=\"twitter:data1\" content=\"webdo.tn\" \/>\n\t<meta name=\"twitter:label2\" content=\"Dur\u00e9e de lecture estim\u00e9e\" \/>\n\t<meta name=\"twitter:data2\" content=\"1 minute\" \/>\n<script type=\"application\/ld+json\" class=\"yoast-schema-graph\">{\"@context\":\"https:\\\/\\\/schema.org\",\"@graph\":[{\"@type\":\"NewsArticle\",\"@id\":\"https:\\\/\\\/www.webdo.tn\\\/fr\\\/actualite\\\/international\\\/le-senat-francais-adopte-le-projet-de-loi-sur-le-renseignement\\\/184107\\\/#article\",\"isPartOf\":{\"@id\":\"https:\\\/\\\/www.webdo.tn\\\/fr\\\/actualite\\\/international\\\/le-senat-francais-adopte-le-projet-de-loi-sur-le-renseignement\\\/184107\\\/\"},\"author\":{\"name\":\"webdo.tn\",\"@id\":\"https:\\\/\\\/www.webdo.tn\\\/fr\\\/#\\\/schema\\\/person\\\/9a9c6118d687c117df8ef3cc36a4d175\"},\"headline\":\"Le S\u00e9nat fran\u00e7ais adopte le projet de loi sur le renseignement\",\"datePublished\":\"2015-06-09T16:06:00+00:00\",\"dateModified\":\"2025-05-19T10:14:13+00:00\",\"mainEntityOfPage\":{\"@id\":\"https:\\\/\\\/www.webdo.tn\\\/fr\\\/actualite\\\/international\\\/le-senat-francais-adopte-le-projet-de-loi-sur-le-renseignement\\\/184107\\\/\"},\"wordCount\":254,\"commentCount\":0,\"publisher\":{\"@id\":\"https:\\\/\\\/www.webdo.tn\\\/fr\\\/#organization\"},\"image\":{\"@id\":\"https:\\\/\\\/www.webdo.tn\\\/fr\\\/actualite\\\/international\\\/le-senat-francais-adopte-le-projet-de-loi-sur-le-renseignement\\\/184107\\\/#primaryimage\"},\"thumbnailUrl\":\"https:\\\/\\\/www.webdo.tn\\\/fr\\\/wp-content\\\/uploads\\\/2015\\\/06\\\/France.png\",\"keywords\":[\"guerre\"],\"articleSection\":[\"International\"],\"inLanguage\":\"fr-FR\"},{\"@type\":\"WebPage\",\"@id\":\"https:\\\/\\\/www.webdo.tn\\\/fr\\\/actualite\\\/international\\\/le-senat-francais-adopte-le-projet-de-loi-sur-le-renseignement\\\/184107\\\/\",\"url\":\"https:\\\/\\\/www.webdo.tn\\\/fr\\\/actualite\\\/international\\\/le-senat-francais-adopte-le-projet-de-loi-sur-le-renseignement\\\/184107\\\/\",\"name\":\"Le S\u00e9nat fran\u00e7ais adopte le projet de loi sur le renseignement\",\"isPartOf\":{\"@id\":\"https:\\\/\\\/www.webdo.tn\\\/fr\\\/#website\"},\"primaryImageOfPage\":{\"@id\":\"https:\\\/\\\/www.webdo.tn\\\/fr\\\/actualite\\\/international\\\/le-senat-francais-adopte-le-projet-de-loi-sur-le-renseignement\\\/184107\\\/#primaryimage\"},\"image\":{\"@id\":\"https:\\\/\\\/www.webdo.tn\\\/fr\\\/actualite\\\/international\\\/le-senat-francais-adopte-le-projet-de-loi-sur-le-renseignement\\\/184107\\\/#primaryimage\"},\"thumbnailUrl\":\"https:\\\/\\\/www.webdo.tn\\\/fr\\\/wp-content\\\/uploads\\\/2015\\\/06\\\/France.png\",\"datePublished\":\"2015-06-09T16:06:00+00:00\",\"dateModified\":\"2025-05-19T10:14:13+00:00\",\"description\":\"Le S\u00e9nat fran\u00e7ais adopte le projet de loi sur le renseignement\",\"breadcrumb\":{\"@id\":\"https:\\\/\\\/www.webdo.tn\\\/fr\\\/actualite\\\/international\\\/le-senat-francais-adopte-le-projet-de-loi-sur-le-renseignement\\\/184107\\\/#breadcrumb\"},\"inLanguage\":\"fr-FR\",\"potentialAction\":[{\"@type\":\"ReadAction\",\"target\":[\"https:\\\/\\\/www.webdo.tn\\\/fr\\\/actualite\\\/international\\\/le-senat-francais-adopte-le-projet-de-loi-sur-le-renseignement\\\/184107\\\/\"]}]},{\"@type\":\"ImageObject\",\"inLanguage\":\"fr-FR\",\"@id\":\"https:\\\/\\\/www.webdo.tn\\\/fr\\\/actualite\\\/international\\\/le-senat-francais-adopte-le-projet-de-loi-sur-le-renseignement\\\/184107\\\/#primaryimage\",\"url\":\"https:\\\/\\\/www.webdo.tn\\\/fr\\\/wp-content\\\/uploads\\\/2015\\\/06\\\/France.png\",\"contentUrl\":\"https:\\\/\\\/www.webdo.tn\\\/fr\\\/wp-content\\\/uploads\\\/2015\\\/06\\\/France.png\",\"width\":506,\"height\":370,\"caption\":\"Le S\u00e9nat fran\u00e7ais adopte le projet de loi sur le renseignement\"},{\"@type\":\"BreadcrumbList\",\"@id\":\"https:\\\/\\\/www.webdo.tn\\\/fr\\\/actualite\\\/international\\\/le-senat-francais-adopte-le-projet-de-loi-sur-le-renseignement\\\/184107\\\/#breadcrumb\",\"itemListElement\":[{\"@type\":\"ListItem\",\"position\":1,\"name\":\"Accueil\",\"item\":\"https:\\\/\\\/www.webdo.tn\\\/fr\\\/\"},{\"@type\":\"ListItem\",\"position\":2,\"name\":\"Le S\u00e9nat fran\u00e7ais adopte le projet de loi sur le renseignement\"}]},{\"@type\":\"WebSite\",\"@id\":\"https:\\\/\\\/www.webdo.tn\\\/fr\\\/#website\",\"url\":\"https:\\\/\\\/www.webdo.tn\\\/fr\\\/\",\"name\":\"webdo\",\"description\":\"Tunisie - News en Tunisie et \u00e0 l&#039;international sur Webdo.tn\",\"publisher\":{\"@id\":\"https:\\\/\\\/www.webdo.tn\\\/fr\\\/#organization\"},\"potentialAction\":[{\"@type\":\"SearchAction\",\"target\":{\"@type\":\"EntryPoint\",\"urlTemplate\":\"https:\\\/\\\/www.webdo.tn\\\/fr\\\/?s={search_term_string}\"},\"query-input\":{\"@type\":\"PropertyValueSpecification\",\"valueRequired\":true,\"valueName\":\"search_term_string\"}}],\"inLanguage\":\"fr-FR\"},{\"@type\":\"Organization\",\"@id\":\"https:\\\/\\\/www.webdo.tn\\\/fr\\\/#organization\",\"name\":\"Webdo\",\"alternateName\":\"Webdo.tn\",\"url\":\"https:\\\/\\\/www.webdo.tn\\\/fr\\\/\",\"logo\":{\"@type\":\"ImageObject\",\"inLanguage\":\"fr-FR\",\"@id\":\"https:\\\/\\\/www.webdo.tn\\\/fr\\\/#\\\/schema\\\/logo\\\/image\\\/\",\"url\":\"https:\\\/\\\/www.webdo.tn\\\/fr\\\/wp-content\\\/uploads\\\/2025\\\/06\\\/Webdo-Tunisie_168377.jpg\",\"contentUrl\":\"https:\\\/\\\/www.webdo.tn\\\/fr\\\/wp-content\\\/uploads\\\/2025\\\/06\\\/Webdo-Tunisie_168377.jpg\",\"width\":301,\"height\":301,\"caption\":\"Webdo\"},\"image\":{\"@id\":\"https:\\\/\\\/www.webdo.tn\\\/fr\\\/#\\\/schema\\\/logo\\\/image\\\/\"},\"sameAs\":[\"https:\\\/\\\/www.facebook.com\\\/webdotn\",\"https:\\\/\\\/x.com\\\/webdo_tn\"],\"description\":\"Webdo est un m\u00e9dia num\u00e9rique tunisien fond\u00e9 en 2010, sp\u00e9cialis\u00e9 dans l\u2019actualit\u00e9 nationale et internationale, l\u2019\u00e9conomie, la soci\u00e9t\u00e9 et les analyses politiques. Le site s\u2019adresse \u00e0 un large public francophone et couvre l\u2019information tunisienne en temps r\u00e9el.\",\"email\":\"redac@webdo.tn\",\"legalName\":\"YNJ SARL\",\"foundingDate\":\"2010-09-06\",\"numberOfEmployees\":{\"@type\":\"QuantitativeValue\",\"minValue\":\"11\",\"maxValue\":\"50\"}},{\"@type\":\"Person\",\"@id\":\"https:\\\/\\\/www.webdo.tn\\\/fr\\\/#\\\/schema\\\/person\\\/9a9c6118d687c117df8ef3cc36a4d175\",\"name\":\"webdo.tn\",\"image\":{\"@type\":\"ImageObject\",\"inLanguage\":\"fr-FR\",\"@id\":\"https:\\\/\\\/secure.gravatar.com\\\/avatar\\\/7ce1f28c0c3bbac99ff550b85ef8e44a6950c6ee24514fb6a5489e51d06f0298?s=96&d=mm&r=g\",\"url\":\"https:\\\/\\\/secure.gravatar.com\\\/avatar\\\/7ce1f28c0c3bbac99ff550b85ef8e44a6950c6ee24514fb6a5489e51d06f0298?s=96&d=mm&r=g\",\"contentUrl\":\"https:\\\/\\\/secure.gravatar.com\\\/avatar\\\/7ce1f28c0c3bbac99ff550b85ef8e44a6950c6ee24514fb6a5489e51d06f0298?s=96&d=mm&r=g\",\"caption\":\"webdo.tn\"},\"url\":\"https:\\\/\\\/www.webdo.tn\\\/fr\\\/actualite\\\/author\\\/webdotn\\\/\"}]}<\/script>\n<!-- \/ Yoast SEO Premium plugin. -->","yoast_head_json":{"title":"Le S\u00e9nat fran\u00e7ais adopte le projet de loi sur le renseignement","description":"Le S\u00e9nat fran\u00e7ais adopte le projet de loi sur le renseignement","canonical":"https:\/\/www.webdo.tn\/fr\/actualite\/international\/le-senat-francais-adopte-le-projet-de-loi-sur-le-renseignement\/184107\/","og_locale":"fr_FR","og_type":"article","og_title":"Le S\u00e9nat fran\u00e7ais adopte le projet de loi sur le renseignement","og_description":"Le S\u00e9nat fran\u00e7ais adopte le projet de loi sur le renseignement","og_url":"https:\/\/www.webdo.tn\/fr\/actualite\/international\/le-senat-francais-adopte-le-projet-de-loi-sur-le-renseignement\/184107\/","og_site_name":"webdo","article_publisher":"https:\/\/www.facebook.com\/webdotn","article_published_time":"2015-06-09T16:06:00+00:00","article_modified_time":"2025-05-19T10:14:13+00:00","og_image":[{"width":506,"height":370,"url":"https:\/\/www.webdo.tn\/fr\/wp-content\/uploads\/2015\/06\/France.png","type":"image\/png"}],"author":"webdo.tn","twitter_card":"summary_large_image","twitter_creator":"@webdo_tn","twitter_site":"@webdo_tn","twitter_misc":{"\u00c9crit par":"webdo.tn","Dur\u00e9e de lecture estim\u00e9e":"1 minute"},"schema":{"@context":"https:\/\/schema.org","@graph":[{"@type":"NewsArticle","@id":"https:\/\/www.webdo.tn\/fr\/actualite\/international\/le-senat-francais-adopte-le-projet-de-loi-sur-le-renseignement\/184107\/#article","isPartOf":{"@id":"https:\/\/www.webdo.tn\/fr\/actualite\/international\/le-senat-francais-adopte-le-projet-de-loi-sur-le-renseignement\/184107\/"},"author":{"name":"webdo.tn","@id":"https:\/\/www.webdo.tn\/fr\/#\/schema\/person\/9a9c6118d687c117df8ef3cc36a4d175"},"headline":"Le S\u00e9nat fran\u00e7ais adopte le projet de loi sur le renseignement","datePublished":"2015-06-09T16:06:00+00:00","dateModified":"2025-05-19T10:14:13+00:00","mainEntityOfPage":{"@id":"https:\/\/www.webdo.tn\/fr\/actualite\/international\/le-senat-francais-adopte-le-projet-de-loi-sur-le-renseignement\/184107\/"},"wordCount":254,"commentCount":0,"publisher":{"@id":"https:\/\/www.webdo.tn\/fr\/#organization"},"image":{"@id":"https:\/\/www.webdo.tn\/fr\/actualite\/international\/le-senat-francais-adopte-le-projet-de-loi-sur-le-renseignement\/184107\/#primaryimage"},"thumbnailUrl":"https:\/\/www.webdo.tn\/fr\/wp-content\/uploads\/2015\/06\/France.png","keywords":["guerre"],"articleSection":["International"],"inLanguage":"fr-FR"},{"@type":"WebPage","@id":"https:\/\/www.webdo.tn\/fr\/actualite\/international\/le-senat-francais-adopte-le-projet-de-loi-sur-le-renseignement\/184107\/","url":"https:\/\/www.webdo.tn\/fr\/actualite\/international\/le-senat-francais-adopte-le-projet-de-loi-sur-le-renseignement\/184107\/","name":"Le S\u00e9nat fran\u00e7ais adopte le projet de loi sur le renseignement","isPartOf":{"@id":"https:\/\/www.webdo.tn\/fr\/#website"},"primaryImageOfPage":{"@id":"https:\/\/www.webdo.tn\/fr\/actualite\/international\/le-senat-francais-adopte-le-projet-de-loi-sur-le-renseignement\/184107\/#primaryimage"},"image":{"@id":"https:\/\/www.webdo.tn\/fr\/actualite\/international\/le-senat-francais-adopte-le-projet-de-loi-sur-le-renseignement\/184107\/#primaryimage"},"thumbnailUrl":"https:\/\/www.webdo.tn\/fr\/wp-content\/uploads\/2015\/06\/France.png","datePublished":"2015-06-09T16:06:00+00:00","dateModified":"2025-05-19T10:14:13+00:00","description":"Le S\u00e9nat fran\u00e7ais adopte le projet de loi sur le renseignement","breadcrumb":{"@id":"https:\/\/www.webdo.tn\/fr\/actualite\/international\/le-senat-francais-adopte-le-projet-de-loi-sur-le-renseignement\/184107\/#breadcrumb"},"inLanguage":"fr-FR","potentialAction":[{"@type":"ReadAction","target":["https:\/\/www.webdo.tn\/fr\/actualite\/international\/le-senat-francais-adopte-le-projet-de-loi-sur-le-renseignement\/184107\/"]}]},{"@type":"ImageObject","inLanguage":"fr-FR","@id":"https:\/\/www.webdo.tn\/fr\/actualite\/international\/le-senat-francais-adopte-le-projet-de-loi-sur-le-renseignement\/184107\/#primaryimage","url":"https:\/\/www.webdo.tn\/fr\/wp-content\/uploads\/2015\/06\/France.png","contentUrl":"https:\/\/www.webdo.tn\/fr\/wp-content\/uploads\/2015\/06\/France.png","width":506,"height":370,"caption":"Le S\u00e9nat fran\u00e7ais adopte le projet de loi sur le renseignement"},{"@type":"BreadcrumbList","@id":"https:\/\/www.webdo.tn\/fr\/actualite\/international\/le-senat-francais-adopte-le-projet-de-loi-sur-le-renseignement\/184107\/#breadcrumb","itemListElement":[{"@type":"ListItem","position":1,"name":"Accueil","item":"https:\/\/www.webdo.tn\/fr\/"},{"@type":"ListItem","position":2,"name":"Le S\u00e9nat fran\u00e7ais adopte le projet de loi sur le renseignement"}]},{"@type":"WebSite","@id":"https:\/\/www.webdo.tn\/fr\/#website","url":"https:\/\/www.webdo.tn\/fr\/","name":"webdo","description":"Tunisie - News en Tunisie et \u00e0 l&#039;international sur Webdo.tn","publisher":{"@id":"https:\/\/www.webdo.tn\/fr\/#organization"},"potentialAction":[{"@type":"SearchAction","target":{"@type":"EntryPoint","urlTemplate":"https:\/\/www.webdo.tn\/fr\/?s={search_term_string}"},"query-input":{"@type":"PropertyValueSpecification","valueRequired":true,"valueName":"search_term_string"}}],"inLanguage":"fr-FR"},{"@type":"Organization","@id":"https:\/\/www.webdo.tn\/fr\/#organization","name":"Webdo","alternateName":"Webdo.tn","url":"https:\/\/www.webdo.tn\/fr\/","logo":{"@type":"ImageObject","inLanguage":"fr-FR","@id":"https:\/\/www.webdo.tn\/fr\/#\/schema\/logo\/image\/","url":"https:\/\/www.webdo.tn\/fr\/wp-content\/uploads\/2025\/06\/Webdo-Tunisie_168377.jpg","contentUrl":"https:\/\/www.webdo.tn\/fr\/wp-content\/uploads\/2025\/06\/Webdo-Tunisie_168377.jpg","width":301,"height":301,"caption":"Webdo"},"image":{"@id":"https:\/\/www.webdo.tn\/fr\/#\/schema\/logo\/image\/"},"sameAs":["https:\/\/www.facebook.com\/webdotn","https:\/\/x.com\/webdo_tn"],"description":"Webdo est un m\u00e9dia num\u00e9rique tunisien fond\u00e9 en 2010, sp\u00e9cialis\u00e9 dans l\u2019actualit\u00e9 nationale et internationale, l\u2019\u00e9conomie, la soci\u00e9t\u00e9 et les analyses politiques. Le site s\u2019adresse \u00e0 un large public francophone et couvre l\u2019information tunisienne en temps r\u00e9el.","email":"redac@webdo.tn","legalName":"YNJ SARL","foundingDate":"2010-09-06","numberOfEmployees":{"@type":"QuantitativeValue","minValue":"11","maxValue":"50"}},{"@type":"Person","@id":"https:\/\/www.webdo.tn\/fr\/#\/schema\/person\/9a9c6118d687c117df8ef3cc36a4d175","name":"webdo.tn","image":{"@type":"ImageObject","inLanguage":"fr-FR","@id":"https:\/\/secure.gravatar.com\/avatar\/7ce1f28c0c3bbac99ff550b85ef8e44a6950c6ee24514fb6a5489e51d06f0298?s=96&d=mm&r=g","url":"https:\/\/secure.gravatar.com\/avatar\/7ce1f28c0c3bbac99ff550b85ef8e44a6950c6ee24514fb6a5489e51d06f0298?s=96&d=mm&r=g","contentUrl":"https:\/\/secure.gravatar.com\/avatar\/7ce1f28c0c3bbac99ff550b85ef8e44a6950c6ee24514fb6a5489e51d06f0298?s=96&d=mm&r=g","caption":"webdo.tn"},"url":"https:\/\/www.webdo.tn\/fr\/actualite\/author\/webdotn\/"}]}},"_links":{"self":[{"href":"https:\/\/www.webdo.tn\/fr\/wp-json\/wp\/v2\/posts\/184107","targetHints":{"allow":["GET"]}}],"collection":[{"href":"https:\/\/www.webdo.tn\/fr\/wp-json\/wp\/v2\/posts"}],"about":[{"href":"https:\/\/www.webdo.tn\/fr\/wp-json\/wp\/v2\/types\/post"}],"author":[{"embeddable":true,"href":"https:\/\/www.webdo.tn\/fr\/wp-json\/wp\/v2\/users\/3222"}],"replies":[{"embeddable":true,"href":"https:\/\/www.webdo.tn\/fr\/wp-json\/wp\/v2\/comments?post=184107"}],"version-history":[{"count":0,"href":"https:\/\/www.webdo.tn\/fr\/wp-json\/wp\/v2\/posts\/184107\/revisions"}],"wp:featuredmedia":[{"embeddable":true,"href":"https:\/\/www.webdo.tn\/fr\/wp-json\/wp\/v2\/media\/318084"}],"wp:attachment":[{"href":"https:\/\/www.webdo.tn\/fr\/wp-json\/wp\/v2\/media?parent=184107"}],"wp:term":[{"taxonomy":"category","embeddable":true,"href":"https:\/\/www.webdo.tn\/fr\/wp-json\/wp\/v2\/categories?post=184107"},{"taxonomy":"post_tag","embeddable":true,"href":"https:\/\/www.webdo.tn\/fr\/wp-json\/wp\/v2\/tags?post=184107"}],"curies":[{"name":"wp","href":"https:\/\/api.w.org\/{rel}","templated":true}]}}