{"id":184103,"date":"2015-06-12T12:40:00","date_gmt":"2015-06-12T12:40:00","guid":{"rendered":"https:\/\/www.webdo.tn\/fr\/blog\/proxenetisme-dsk-relaxe-dans-laffaire-du-carlton\/184103\/"},"modified":"2015-06-12T12:40:00","modified_gmt":"2015-06-12T12:40:00","slug":"proxenetisme-dsk-relaxe-dans-laffaire-du-carlton","status":"publish","type":"post","link":"https:\/\/www.webdo.tn\/fr\/actualite\/international\/proxenetisme-dsk-relaxe-dans-laffaire-du-carlton\/184103\/","title":{"rendered":"Prox\u00e9n\u00e9tisme : DSK relax\u00e9 dans l&rsquo;affaire du Carlton"},"content":{"rendered":"<p>Dominique Strauss-Khan, ancien pr\u00e9sident du FMI, inculp\u00e9 dans l&rsquo;affaire du Carlton pour prox\u00e9n\u00e9tisme aggrav\u00e9, a \u00e9t\u00e9 relax\u00e9 par le tribunal correctionnel de Lille.<\/p>\n<p>L&rsquo;ancien favori du parti socialiste, notamment pour la pr\u00e9sidentielle de 2012 qui lui avait donc \u00e9chapp\u00e9e, \u00e9tait impliqu\u00e9 dans\u00a0un r\u00e9seau de prox\u00e9n\u00e9tisme qui aurait organis\u00e9 des soir\u00e9es libertines \u00e0 Paris, Washington, Vienne et Madrid.<\/p>\n<p>#Carlton: DSK a donc eu un comportement de client non r\u00e9pr\u00e9hensible par la loi p\u00e9nale<br \/>\n\u2014 pascale robert-diard (@robert_diard) 12 Juin 2015<br \/>\nDSK n&rsquo;\u00e9tant pas l&rsquo;instigateur de ces soir\u00e9es a \u00e9t\u00e9 acquitt\u00e9 dans cette affaire, ainsi que les autres personnes impliqu\u00e9es dans cette affaire, sauf Ren\u00e9 Kojfer, ancien charg\u00e9 de communication du Carlton, qui a \u00e9cop\u00e9 d&rsquo;un an de prison avec sursis.<\/p>\n","protected":false},"excerpt":{"rendered":"<p>Prox\u00e9n\u00e9tisme : DSK relax\u00e9 dans l&rsquo;affaire du Carlton<\/p>\n","protected":false},"author":3222,"featured_media":335947,"comment_status":"open","ping_status":"closed","sticky":false,"template":"","format":"standard","meta":{"footnotes":""},"categories":[2598],"tags":[2600],"class_list":["post-184103","post","type-post","status-publish","format-standard","has-post-thumbnail","hentry","category-international","tag-guerre"],"yoast_head":"<!-- This site is optimized with the Yoast SEO Premium plugin v27.5 (Yoast SEO v27.5) - https:\/\/yoast.com\/product\/yoast-seo-premium-wordpress\/ -->\n<title>Prox\u00e9n\u00e9tisme : DSK relax\u00e9 dans l&#039;affaire du Carlton<\/title>\n<meta name=\"description\" content=\"Prox\u00e9n\u00e9tisme : DSK relax\u00e9 dans l&#039;affaire du Carlton\" \/>\n<link rel=\"canonical\" href=\"https:\/\/www.webdo.tn\/fr\/actualite\/international\/proxenetisme-dsk-relaxe-dans-laffaire-du-carlton\/184103\/\" \/>\n<meta property=\"og:locale\" content=\"fr_FR\" \/>\n<meta property=\"og:type\" content=\"article\" \/>\n<meta property=\"og:title\" content=\"Prox\u00e9n\u00e9tisme : DSK relax\u00e9 dans l&#039;affaire du Carlton\" \/>\n<meta property=\"og:description\" content=\"Prox\u00e9n\u00e9tisme : DSK relax\u00e9 dans l&#039;affaire du Carlton\" \/>\n<meta property=\"og:url\" content=\"https:\/\/www.webdo.tn\/fr\/actualite\/international\/proxenetisme-dsk-relaxe-dans-laffaire-du-carlton\/184103\/\" \/>\n<meta property=\"og:site_name\" content=\"webdo\" \/>\n<meta property=\"article:publisher\" content=\"https:\/\/www.facebook.com\/webdotn\" \/>\n<meta property=\"article:published_time\" content=\"2015-06-12T12:40:00+00:00\" \/>\n<meta property=\"og:image\" content=\"https:\/\/www.webdo.tn\/fr\/wp-content\/uploads\/2015\/06\/dsk-300x131-1.jpg\" \/>\n\t<meta property=\"og:image:width\" content=\"300\" \/>\n\t<meta property=\"og:image:height\" content=\"131\" \/>\n\t<meta property=\"og:image:type\" content=\"image\/jpeg\" \/>\n<meta name=\"author\" content=\"webdo.tn\" \/>\n<meta name=\"twitter:card\" content=\"summary_large_image\" \/>\n<meta name=\"twitter:creator\" content=\"@webdo_tn\" \/>\n<meta name=\"twitter:site\" content=\"@webdo_tn\" \/>\n<meta name=\"twitter:label1\" content=\"\u00c9crit par\" \/>\n\t<meta name=\"twitter:data1\" content=\"webdo.tn\" \/>\n\t<meta name=\"twitter:label2\" content=\"Dur\u00e9e de lecture estim\u00e9e\" \/>\n\t<meta name=\"twitter:data2\" content=\"1 minute\" \/>\n<script type=\"application\/ld+json\" class=\"yoast-schema-graph\">{\"@context\":\"https:\\\/\\\/schema.org\",\"@graph\":[{\"@type\":\"NewsArticle\",\"@id\":\"https:\\\/\\\/www.webdo.tn\\\/fr\\\/actualite\\\/international\\\/proxenetisme-dsk-relaxe-dans-laffaire-du-carlton\\\/184103\\\/#article\",\"isPartOf\":{\"@id\":\"https:\\\/\\\/www.webdo.tn\\\/fr\\\/actualite\\\/international\\\/proxenetisme-dsk-relaxe-dans-laffaire-du-carlton\\\/184103\\\/\"},\"author\":{\"name\":\"webdo.tn\",\"@id\":\"https:\\\/\\\/www.webdo.tn\\\/fr\\\/#\\\/schema\\\/person\\\/9a9c6118d687c117df8ef3cc36a4d175\"},\"headline\":\"Prox\u00e9n\u00e9tisme : DSK relax\u00e9 dans l&rsquo;affaire du Carlton\",\"datePublished\":\"2015-06-12T12:40:00+00:00\",\"mainEntityOfPage\":{\"@id\":\"https:\\\/\\\/www.webdo.tn\\\/fr\\\/actualite\\\/international\\\/proxenetisme-dsk-relaxe-dans-laffaire-du-carlton\\\/184103\\\/\"},\"wordCount\":145,\"commentCount\":0,\"publisher\":{\"@id\":\"https:\\\/\\\/www.webdo.tn\\\/fr\\\/#organization\"},\"image\":{\"@id\":\"https:\\\/\\\/www.webdo.tn\\\/fr\\\/actualite\\\/international\\\/proxenetisme-dsk-relaxe-dans-laffaire-du-carlton\\\/184103\\\/#primaryimage\"},\"thumbnailUrl\":\"https:\\\/\\\/www.webdo.tn\\\/fr\\\/wp-content\\\/uploads\\\/2015\\\/06\\\/dsk-300x131-1.jpg\",\"keywords\":[\"guerre\"],\"articleSection\":[\"International\"],\"inLanguage\":\"fr-FR\"},{\"@type\":\"WebPage\",\"@id\":\"https:\\\/\\\/www.webdo.tn\\\/fr\\\/actualite\\\/international\\\/proxenetisme-dsk-relaxe-dans-laffaire-du-carlton\\\/184103\\\/\",\"url\":\"https:\\\/\\\/www.webdo.tn\\\/fr\\\/actualite\\\/international\\\/proxenetisme-dsk-relaxe-dans-laffaire-du-carlton\\\/184103\\\/\",\"name\":\"Prox\u00e9n\u00e9tisme : DSK relax\u00e9 dans l'affaire du Carlton\",\"isPartOf\":{\"@id\":\"https:\\\/\\\/www.webdo.tn\\\/fr\\\/#website\"},\"primaryImageOfPage\":{\"@id\":\"https:\\\/\\\/www.webdo.tn\\\/fr\\\/actualite\\\/international\\\/proxenetisme-dsk-relaxe-dans-laffaire-du-carlton\\\/184103\\\/#primaryimage\"},\"image\":{\"@id\":\"https:\\\/\\\/www.webdo.tn\\\/fr\\\/actualite\\\/international\\\/proxenetisme-dsk-relaxe-dans-laffaire-du-carlton\\\/184103\\\/#primaryimage\"},\"thumbnailUrl\":\"https:\\\/\\\/www.webdo.tn\\\/fr\\\/wp-content\\\/uploads\\\/2015\\\/06\\\/dsk-300x131-1.jpg\",\"datePublished\":\"2015-06-12T12:40:00+00:00\",\"description\":\"Prox\u00e9n\u00e9tisme : DSK relax\u00e9 dans l'affaire du Carlton\",\"breadcrumb\":{\"@id\":\"https:\\\/\\\/www.webdo.tn\\\/fr\\\/actualite\\\/international\\\/proxenetisme-dsk-relaxe-dans-laffaire-du-carlton\\\/184103\\\/#breadcrumb\"},\"inLanguage\":\"fr-FR\",\"potentialAction\":[{\"@type\":\"ReadAction\",\"target\":[\"https:\\\/\\\/www.webdo.tn\\\/fr\\\/actualite\\\/international\\\/proxenetisme-dsk-relaxe-dans-laffaire-du-carlton\\\/184103\\\/\"]}]},{\"@type\":\"ImageObject\",\"inLanguage\":\"fr-FR\",\"@id\":\"https:\\\/\\\/www.webdo.tn\\\/fr\\\/actualite\\\/international\\\/proxenetisme-dsk-relaxe-dans-laffaire-du-carlton\\\/184103\\\/#primaryimage\",\"url\":\"https:\\\/\\\/www.webdo.tn\\\/fr\\\/wp-content\\\/uploads\\\/2015\\\/06\\\/dsk-300x131-1.jpg\",\"contentUrl\":\"https:\\\/\\\/www.webdo.tn\\\/fr\\\/wp-content\\\/uploads\\\/2015\\\/06\\\/dsk-300x131-1.jpg\",\"width\":300,\"height\":131,\"caption\":\"Prox\u00e9n\u00e9tisme : DSK relax\u00e9 dans l'affaire du Carlton\"},{\"@type\":\"BreadcrumbList\",\"@id\":\"https:\\\/\\\/www.webdo.tn\\\/fr\\\/actualite\\\/international\\\/proxenetisme-dsk-relaxe-dans-laffaire-du-carlton\\\/184103\\\/#breadcrumb\",\"itemListElement\":[{\"@type\":\"ListItem\",\"position\":1,\"name\":\"Accueil\",\"item\":\"https:\\\/\\\/www.webdo.tn\\\/fr\\\/\"},{\"@type\":\"ListItem\",\"position\":2,\"name\":\"Prox\u00e9n\u00e9tisme : DSK relax\u00e9 dans l&rsquo;affaire du Carlton\"}]},{\"@type\":\"WebSite\",\"@id\":\"https:\\\/\\\/www.webdo.tn\\\/fr\\\/#website\",\"url\":\"https:\\\/\\\/www.webdo.tn\\\/fr\\\/\",\"name\":\"webdo\",\"description\":\"Tunisie - News en Tunisie et \u00e0 l&#039;international sur Webdo.tn\",\"publisher\":{\"@id\":\"https:\\\/\\\/www.webdo.tn\\\/fr\\\/#organization\"},\"potentialAction\":[{\"@type\":\"SearchAction\",\"target\":{\"@type\":\"EntryPoint\",\"urlTemplate\":\"https:\\\/\\\/www.webdo.tn\\\/fr\\\/?s={search_term_string}\"},\"query-input\":{\"@type\":\"PropertyValueSpecification\",\"valueRequired\":true,\"valueName\":\"search_term_string\"}}],\"inLanguage\":\"fr-FR\"},{\"@type\":\"Organization\",\"@id\":\"https:\\\/\\\/www.webdo.tn\\\/fr\\\/#organization\",\"name\":\"Webdo\",\"alternateName\":\"Webdo.tn\",\"url\":\"https:\\\/\\\/www.webdo.tn\\\/fr\\\/\",\"logo\":{\"@type\":\"ImageObject\",\"inLanguage\":\"fr-FR\",\"@id\":\"https:\\\/\\\/www.webdo.tn\\\/fr\\\/#\\\/schema\\\/logo\\\/image\\\/\",\"url\":\"https:\\\/\\\/www.webdo.tn\\\/fr\\\/wp-content\\\/uploads\\\/2025\\\/06\\\/Webdo-Tunisie_168377.jpg\",\"contentUrl\":\"https:\\\/\\\/www.webdo.tn\\\/fr\\\/wp-content\\\/uploads\\\/2025\\\/06\\\/Webdo-Tunisie_168377.jpg\",\"width\":301,\"height\":301,\"caption\":\"Webdo\"},\"image\":{\"@id\":\"https:\\\/\\\/www.webdo.tn\\\/fr\\\/#\\\/schema\\\/logo\\\/image\\\/\"},\"sameAs\":[\"https:\\\/\\\/www.facebook.com\\\/webdotn\",\"https:\\\/\\\/x.com\\\/webdo_tn\"],\"description\":\"Webdo est un m\u00e9dia num\u00e9rique tunisien fond\u00e9 en 2010, sp\u00e9cialis\u00e9 dans l\u2019actualit\u00e9 nationale et internationale, l\u2019\u00e9conomie, la soci\u00e9t\u00e9 et les analyses politiques. Le site s\u2019adresse \u00e0 un large public francophone et couvre l\u2019information tunisienne en temps r\u00e9el.\",\"email\":\"redac@webdo.tn\",\"legalName\":\"YNJ SARL\",\"foundingDate\":\"2010-09-06\",\"numberOfEmployees\":{\"@type\":\"QuantitativeValue\",\"minValue\":\"11\",\"maxValue\":\"50\"}},{\"@type\":\"Person\",\"@id\":\"https:\\\/\\\/www.webdo.tn\\\/fr\\\/#\\\/schema\\\/person\\\/9a9c6118d687c117df8ef3cc36a4d175\",\"name\":\"webdo.tn\",\"image\":{\"@type\":\"ImageObject\",\"inLanguage\":\"fr-FR\",\"@id\":\"https:\\\/\\\/secure.gravatar.com\\\/avatar\\\/7ce1f28c0c3bbac99ff550b85ef8e44a6950c6ee24514fb6a5489e51d06f0298?s=96&d=mm&r=g\",\"url\":\"https:\\\/\\\/secure.gravatar.com\\\/avatar\\\/7ce1f28c0c3bbac99ff550b85ef8e44a6950c6ee24514fb6a5489e51d06f0298?s=96&d=mm&r=g\",\"contentUrl\":\"https:\\\/\\\/secure.gravatar.com\\\/avatar\\\/7ce1f28c0c3bbac99ff550b85ef8e44a6950c6ee24514fb6a5489e51d06f0298?s=96&d=mm&r=g\",\"caption\":\"webdo.tn\"},\"url\":\"https:\\\/\\\/www.webdo.tn\\\/fr\\\/actualite\\\/author\\\/webdotn\\\/\"}]}<\/script>\n<!-- \/ Yoast SEO Premium plugin. -->","yoast_head_json":{"title":"Prox\u00e9n\u00e9tisme : DSK relax\u00e9 dans l'affaire du Carlton","description":"Prox\u00e9n\u00e9tisme : DSK relax\u00e9 dans l'affaire du Carlton","canonical":"https:\/\/www.webdo.tn\/fr\/actualite\/international\/proxenetisme-dsk-relaxe-dans-laffaire-du-carlton\/184103\/","og_locale":"fr_FR","og_type":"article","og_title":"Prox\u00e9n\u00e9tisme : DSK relax\u00e9 dans l'affaire du Carlton","og_description":"Prox\u00e9n\u00e9tisme : DSK relax\u00e9 dans l'affaire du Carlton","og_url":"https:\/\/www.webdo.tn\/fr\/actualite\/international\/proxenetisme-dsk-relaxe-dans-laffaire-du-carlton\/184103\/","og_site_name":"webdo","article_publisher":"https:\/\/www.facebook.com\/webdotn","article_published_time":"2015-06-12T12:40:00+00:00","og_image":[{"width":300,"height":131,"url":"https:\/\/www.webdo.tn\/fr\/wp-content\/uploads\/2015\/06\/dsk-300x131-1.jpg","type":"image\/jpeg"}],"author":"webdo.tn","twitter_card":"summary_large_image","twitter_creator":"@webdo_tn","twitter_site":"@webdo_tn","twitter_misc":{"\u00c9crit par":"webdo.tn","Dur\u00e9e de lecture estim\u00e9e":"1 minute"},"schema":{"@context":"https:\/\/schema.org","@graph":[{"@type":"NewsArticle","@id":"https:\/\/www.webdo.tn\/fr\/actualite\/international\/proxenetisme-dsk-relaxe-dans-laffaire-du-carlton\/184103\/#article","isPartOf":{"@id":"https:\/\/www.webdo.tn\/fr\/actualite\/international\/proxenetisme-dsk-relaxe-dans-laffaire-du-carlton\/184103\/"},"author":{"name":"webdo.tn","@id":"https:\/\/www.webdo.tn\/fr\/#\/schema\/person\/9a9c6118d687c117df8ef3cc36a4d175"},"headline":"Prox\u00e9n\u00e9tisme : DSK relax\u00e9 dans l&rsquo;affaire du Carlton","datePublished":"2015-06-12T12:40:00+00:00","mainEntityOfPage":{"@id":"https:\/\/www.webdo.tn\/fr\/actualite\/international\/proxenetisme-dsk-relaxe-dans-laffaire-du-carlton\/184103\/"},"wordCount":145,"commentCount":0,"publisher":{"@id":"https:\/\/www.webdo.tn\/fr\/#organization"},"image":{"@id":"https:\/\/www.webdo.tn\/fr\/actualite\/international\/proxenetisme-dsk-relaxe-dans-laffaire-du-carlton\/184103\/#primaryimage"},"thumbnailUrl":"https:\/\/www.webdo.tn\/fr\/wp-content\/uploads\/2015\/06\/dsk-300x131-1.jpg","keywords":["guerre"],"articleSection":["International"],"inLanguage":"fr-FR"},{"@type":"WebPage","@id":"https:\/\/www.webdo.tn\/fr\/actualite\/international\/proxenetisme-dsk-relaxe-dans-laffaire-du-carlton\/184103\/","url":"https:\/\/www.webdo.tn\/fr\/actualite\/international\/proxenetisme-dsk-relaxe-dans-laffaire-du-carlton\/184103\/","name":"Prox\u00e9n\u00e9tisme : DSK relax\u00e9 dans l'affaire du Carlton","isPartOf":{"@id":"https:\/\/www.webdo.tn\/fr\/#website"},"primaryImageOfPage":{"@id":"https:\/\/www.webdo.tn\/fr\/actualite\/international\/proxenetisme-dsk-relaxe-dans-laffaire-du-carlton\/184103\/#primaryimage"},"image":{"@id":"https:\/\/www.webdo.tn\/fr\/actualite\/international\/proxenetisme-dsk-relaxe-dans-laffaire-du-carlton\/184103\/#primaryimage"},"thumbnailUrl":"https:\/\/www.webdo.tn\/fr\/wp-content\/uploads\/2015\/06\/dsk-300x131-1.jpg","datePublished":"2015-06-12T12:40:00+00:00","description":"Prox\u00e9n\u00e9tisme : DSK relax\u00e9 dans l'affaire du Carlton","breadcrumb":{"@id":"https:\/\/www.webdo.tn\/fr\/actualite\/international\/proxenetisme-dsk-relaxe-dans-laffaire-du-carlton\/184103\/#breadcrumb"},"inLanguage":"fr-FR","potentialAction":[{"@type":"ReadAction","target":["https:\/\/www.webdo.tn\/fr\/actualite\/international\/proxenetisme-dsk-relaxe-dans-laffaire-du-carlton\/184103\/"]}]},{"@type":"ImageObject","inLanguage":"fr-FR","@id":"https:\/\/www.webdo.tn\/fr\/actualite\/international\/proxenetisme-dsk-relaxe-dans-laffaire-du-carlton\/184103\/#primaryimage","url":"https:\/\/www.webdo.tn\/fr\/wp-content\/uploads\/2015\/06\/dsk-300x131-1.jpg","contentUrl":"https:\/\/www.webdo.tn\/fr\/wp-content\/uploads\/2015\/06\/dsk-300x131-1.jpg","width":300,"height":131,"caption":"Prox\u00e9n\u00e9tisme : DSK relax\u00e9 dans l'affaire du Carlton"},{"@type":"BreadcrumbList","@id":"https:\/\/www.webdo.tn\/fr\/actualite\/international\/proxenetisme-dsk-relaxe-dans-laffaire-du-carlton\/184103\/#breadcrumb","itemListElement":[{"@type":"ListItem","position":1,"name":"Accueil","item":"https:\/\/www.webdo.tn\/fr\/"},{"@type":"ListItem","position":2,"name":"Prox\u00e9n\u00e9tisme : DSK relax\u00e9 dans l&rsquo;affaire du Carlton"}]},{"@type":"WebSite","@id":"https:\/\/www.webdo.tn\/fr\/#website","url":"https:\/\/www.webdo.tn\/fr\/","name":"webdo","description":"Tunisie - News en Tunisie et \u00e0 l&#039;international sur Webdo.tn","publisher":{"@id":"https:\/\/www.webdo.tn\/fr\/#organization"},"potentialAction":[{"@type":"SearchAction","target":{"@type":"EntryPoint","urlTemplate":"https:\/\/www.webdo.tn\/fr\/?s={search_term_string}"},"query-input":{"@type":"PropertyValueSpecification","valueRequired":true,"valueName":"search_term_string"}}],"inLanguage":"fr-FR"},{"@type":"Organization","@id":"https:\/\/www.webdo.tn\/fr\/#organization","name":"Webdo","alternateName":"Webdo.tn","url":"https:\/\/www.webdo.tn\/fr\/","logo":{"@type":"ImageObject","inLanguage":"fr-FR","@id":"https:\/\/www.webdo.tn\/fr\/#\/schema\/logo\/image\/","url":"https:\/\/www.webdo.tn\/fr\/wp-content\/uploads\/2025\/06\/Webdo-Tunisie_168377.jpg","contentUrl":"https:\/\/www.webdo.tn\/fr\/wp-content\/uploads\/2025\/06\/Webdo-Tunisie_168377.jpg","width":301,"height":301,"caption":"Webdo"},"image":{"@id":"https:\/\/www.webdo.tn\/fr\/#\/schema\/logo\/image\/"},"sameAs":["https:\/\/www.facebook.com\/webdotn","https:\/\/x.com\/webdo_tn"],"description":"Webdo est un m\u00e9dia num\u00e9rique tunisien fond\u00e9 en 2010, sp\u00e9cialis\u00e9 dans l\u2019actualit\u00e9 nationale et internationale, l\u2019\u00e9conomie, la soci\u00e9t\u00e9 et les analyses politiques. Le site s\u2019adresse \u00e0 un large public francophone et couvre l\u2019information tunisienne en temps r\u00e9el.","email":"redac@webdo.tn","legalName":"YNJ SARL","foundingDate":"2010-09-06","numberOfEmployees":{"@type":"QuantitativeValue","minValue":"11","maxValue":"50"}},{"@type":"Person","@id":"https:\/\/www.webdo.tn\/fr\/#\/schema\/person\/9a9c6118d687c117df8ef3cc36a4d175","name":"webdo.tn","image":{"@type":"ImageObject","inLanguage":"fr-FR","@id":"https:\/\/secure.gravatar.com\/avatar\/7ce1f28c0c3bbac99ff550b85ef8e44a6950c6ee24514fb6a5489e51d06f0298?s=96&d=mm&r=g","url":"https:\/\/secure.gravatar.com\/avatar\/7ce1f28c0c3bbac99ff550b85ef8e44a6950c6ee24514fb6a5489e51d06f0298?s=96&d=mm&r=g","contentUrl":"https:\/\/secure.gravatar.com\/avatar\/7ce1f28c0c3bbac99ff550b85ef8e44a6950c6ee24514fb6a5489e51d06f0298?s=96&d=mm&r=g","caption":"webdo.tn"},"url":"https:\/\/www.webdo.tn\/fr\/actualite\/author\/webdotn\/"}]}},"_links":{"self":[{"href":"https:\/\/www.webdo.tn\/fr\/wp-json\/wp\/v2\/posts\/184103","targetHints":{"allow":["GET"]}}],"collection":[{"href":"https:\/\/www.webdo.tn\/fr\/wp-json\/wp\/v2\/posts"}],"about":[{"href":"https:\/\/www.webdo.tn\/fr\/wp-json\/wp\/v2\/types\/post"}],"author":[{"embeddable":true,"href":"https:\/\/www.webdo.tn\/fr\/wp-json\/wp\/v2\/users\/3222"}],"replies":[{"embeddable":true,"href":"https:\/\/www.webdo.tn\/fr\/wp-json\/wp\/v2\/comments?post=184103"}],"version-history":[{"count":0,"href":"https:\/\/www.webdo.tn\/fr\/wp-json\/wp\/v2\/posts\/184103\/revisions"}],"wp:featuredmedia":[{"embeddable":true,"href":"https:\/\/www.webdo.tn\/fr\/wp-json\/wp\/v2\/media\/335947"}],"wp:attachment":[{"href":"https:\/\/www.webdo.tn\/fr\/wp-json\/wp\/v2\/media?parent=184103"}],"wp:term":[{"taxonomy":"category","embeddable":true,"href":"https:\/\/www.webdo.tn\/fr\/wp-json\/wp\/v2\/categories?post=184103"},{"taxonomy":"post_tag","embeddable":true,"href":"https:\/\/www.webdo.tn\/fr\/wp-json\/wp\/v2\/tags?post=184103"}],"curies":[{"name":"wp","href":"https:\/\/api.w.org\/{rel}","templated":true}]}}