{"id":184102,"date":"2015-06-12T15:35:00","date_gmt":"2015-06-12T15:35:00","guid":{"rendered":"https:\/\/www.webdo.tn\/fr\/actualite\/blog\/aux-etats-unis-une-militante-pour-les-droits-civiques-dorigine-suedoise-et-allemande-fait-croire-quelle-est-noire\/184102\/"},"modified":"2025-05-22T12:55:21","modified_gmt":"2025-05-22T12:55:21","slug":"aux-etats-unis-une-militante-pour-les-droits-civiques-dorigine-suedoise-et-allemande-fait-croire-quelle-est-noire","status":"publish","type":"post","link":"https:\/\/www.webdo.tn\/fr\/actualite\/international\/aux-etats-unis-une-militante-pour-les-droits-civiques-dorigine-suedoise-et-allemande-fait-croire-quelle-est-noire\/184102\/","title":{"rendered":"Aux \u00c9tats-Unis, une militante pour les droits civiques d\u2019origine su\u00e9doise et allemande fait croire qu\u2019elle est noire"},"content":{"rendered":"<p>Dans l\u2019\u00c9tat de Washington, Rachel Dolezal, responsable de de la branche locale de l\u2019association nationale pour la promotion des personnes de couleur (NAACP) et qui toute sa vie a combattu pour l\u2019\u00e9galit\u00e9 des droits a menti sur sa couleur de peau. Elle a fait croire \u00e0 tout le monde qu\u2019elle \u00e9tait noire.<\/p>\n<p>Ce sont ses propres parents qui ont fourni des photos d\u2019elle \u00e0 la presse. Larry et Ruthanne, sont d\u2019origine tch\u00e8que, su\u00e9doise et allemande et Rachel, leur fille biologique n\u2019a donc, \u00e0 priori, aucune chance d\u2019avoir la peau noire. Selon ses parents, Rachel a commenc\u00e9 sa \u00ab transformation \u00bb, quand ils ont adopt\u00e9 quatre enfants afro-am\u00e9ricains.<\/p>\n<p>Rachel Dolezal maintient \u00eatre afro-am\u00e9ricaine et propose de faire tester son ADN. Mais sa cr\u00e9dibilit\u00e9 est quand m\u00eame s\u00e9rieusement mise en doute puisque d\u2019apr\u00e8s quelques-uns de ses coll\u00e8gues, elle aurait aussi invent\u00e9 de toutes pi\u00e8ces des agressions racistes qu\u2019elle aurait subies et qui n\u2019ont pas \u00e9t\u00e9 confirm\u00e9s par la police.<\/p>\n<p>La mairie de la ville a d\u00e9cid\u00e9 d\u2019ouvrir une enqu\u00eate. Ce n\u2019est quand m\u00eame pas un crime de vouloir ressembler \u00e0 sa fratrie !<\/p>\n","protected":false},"excerpt":{"rendered":"<p>Aux \u00c9tats-Unis, une militante pour les droits civiques d\u2019origine su\u00e9doise et allemande fait croire qu\u2019elle est noire<\/p>\n","protected":false},"author":3222,"featured_media":352023,"comment_status":"open","ping_status":"closed","sticky":false,"template":"","format":"standard","meta":{"footnotes":""},"categories":[2598],"tags":[],"class_list":["post-184102","post","type-post","status-publish","format-standard","has-post-thumbnail","hentry","category-international"],"yoast_head":"<!-- This site is optimized with the Yoast SEO Premium plugin v27.5 (Yoast SEO v27.5) - https:\/\/yoast.com\/product\/yoast-seo-premium-wordpress\/ -->\n<title>Aux \u00c9tats-Unis, une militante pour les droits civiques d\u2019origine su\u00e9doise et allemande fait croire qu\u2019elle est noire<\/title>\n<meta name=\"description\" content=\"Aux \u00c9tats-Unis, une militante pour les droits civiques d\u2019origine su\u00e9doise et allemande fait croire qu\u2019elle est noire\" \/>\n<link rel=\"canonical\" href=\"https:\/\/www.webdo.tn\/fr\/actualite\/international\/aux-etats-unis-une-militante-pour-les-droits-civiques-dorigine-suedoise-et-allemande-fait-croire-quelle-est-noire\/184102\/\" \/>\n<meta property=\"og:locale\" content=\"fr_FR\" \/>\n<meta property=\"og:type\" content=\"article\" \/>\n<meta property=\"og:title\" content=\"Aux \u00c9tats-Unis, une militante pour les droits civiques d\u2019origine su\u00e9doise et allemande fait croire qu\u2019elle est noire\" \/>\n<meta property=\"og:description\" content=\"Aux \u00c9tats-Unis, une militante pour les droits civiques d\u2019origine su\u00e9doise et allemande fait croire qu\u2019elle est noire\" \/>\n<meta property=\"og:url\" content=\"https:\/\/www.webdo.tn\/fr\/actualite\/international\/aux-etats-unis-une-militante-pour-les-droits-civiques-dorigine-suedoise-et-allemande-fait-croire-quelle-est-noire\/184102\/\" \/>\n<meta property=\"og:site_name\" content=\"webdo\" \/>\n<meta property=\"article:publisher\" content=\"https:\/\/www.facebook.com\/webdotn\" \/>\n<meta property=\"article:published_time\" content=\"2015-06-12T15:35:00+00:00\" \/>\n<meta property=\"article:modified_time\" content=\"2025-05-22T12:55:21+00:00\" \/>\n<meta property=\"og:image\" content=\"https:\/\/www.webdo.tn\/fr\/wp-content\/uploads\/2015\/06\/rachel-dolezal.jpg\" \/>\n\t<meta property=\"og:image:width\" content=\"750\" \/>\n\t<meta property=\"og:image:height\" content=\"417\" \/>\n\t<meta property=\"og:image:type\" content=\"image\/jpeg\" \/>\n<meta name=\"author\" content=\"webdo.tn\" \/>\n<meta name=\"twitter:card\" content=\"summary_large_image\" \/>\n<meta name=\"twitter:creator\" content=\"@webdo_tn\" \/>\n<meta name=\"twitter:site\" content=\"@webdo_tn\" \/>\n<meta name=\"twitter:label1\" content=\"\u00c9crit par\" \/>\n\t<meta name=\"twitter:data1\" content=\"webdo.tn\" \/>\n\t<meta name=\"twitter:label2\" content=\"Dur\u00e9e de lecture estim\u00e9e\" \/>\n\t<meta name=\"twitter:data2\" content=\"1 minute\" \/>\n<script type=\"application\/ld+json\" class=\"yoast-schema-graph\">{\"@context\":\"https:\\\/\\\/schema.org\",\"@graph\":[{\"@type\":\"NewsArticle\",\"@id\":\"https:\\\/\\\/www.webdo.tn\\\/fr\\\/actualite\\\/international\\\/aux-etats-unis-une-militante-pour-les-droits-civiques-dorigine-suedoise-et-allemande-fait-croire-quelle-est-noire\\\/184102\\\/#article\",\"isPartOf\":{\"@id\":\"https:\\\/\\\/www.webdo.tn\\\/fr\\\/actualite\\\/international\\\/aux-etats-unis-une-militante-pour-les-droits-civiques-dorigine-suedoise-et-allemande-fait-croire-quelle-est-noire\\\/184102\\\/\"},\"author\":{\"name\":\"webdo.tn\",\"@id\":\"https:\\\/\\\/www.webdo.tn\\\/fr\\\/#\\\/schema\\\/person\\\/9a9c6118d687c117df8ef3cc36a4d175\"},\"headline\":\"Aux \u00c9tats-Unis, une militante pour les droits civiques d\u2019origine su\u00e9doise et allemande fait croire qu\u2019elle est noire\",\"datePublished\":\"2015-06-12T15:35:00+00:00\",\"dateModified\":\"2025-05-22T12:55:21+00:00\",\"mainEntityOfPage\":{\"@id\":\"https:\\\/\\\/www.webdo.tn\\\/fr\\\/actualite\\\/international\\\/aux-etats-unis-une-militante-pour-les-droits-civiques-dorigine-suedoise-et-allemande-fait-croire-quelle-est-noire\\\/184102\\\/\"},\"wordCount\":221,\"commentCount\":0,\"publisher\":{\"@id\":\"https:\\\/\\\/www.webdo.tn\\\/fr\\\/#organization\"},\"image\":{\"@id\":\"https:\\\/\\\/www.webdo.tn\\\/fr\\\/actualite\\\/international\\\/aux-etats-unis-une-militante-pour-les-droits-civiques-dorigine-suedoise-et-allemande-fait-croire-quelle-est-noire\\\/184102\\\/#primaryimage\"},\"thumbnailUrl\":\"https:\\\/\\\/www.webdo.tn\\\/fr\\\/wp-content\\\/uploads\\\/2015\\\/06\\\/rachel-dolezal.jpg\",\"articleSection\":[\"International\"],\"inLanguage\":\"fr-FR\"},{\"@type\":\"WebPage\",\"@id\":\"https:\\\/\\\/www.webdo.tn\\\/fr\\\/actualite\\\/international\\\/aux-etats-unis-une-militante-pour-les-droits-civiques-dorigine-suedoise-et-allemande-fait-croire-quelle-est-noire\\\/184102\\\/\",\"url\":\"https:\\\/\\\/www.webdo.tn\\\/fr\\\/actualite\\\/international\\\/aux-etats-unis-une-militante-pour-les-droits-civiques-dorigine-suedoise-et-allemande-fait-croire-quelle-est-noire\\\/184102\\\/\",\"name\":\"Aux \u00c9tats-Unis, une militante pour les droits civiques d\u2019origine su\u00e9doise et allemande fait croire qu\u2019elle est noire\",\"isPartOf\":{\"@id\":\"https:\\\/\\\/www.webdo.tn\\\/fr\\\/#website\"},\"primaryImageOfPage\":{\"@id\":\"https:\\\/\\\/www.webdo.tn\\\/fr\\\/actualite\\\/international\\\/aux-etats-unis-une-militante-pour-les-droits-civiques-dorigine-suedoise-et-allemande-fait-croire-quelle-est-noire\\\/184102\\\/#primaryimage\"},\"image\":{\"@id\":\"https:\\\/\\\/www.webdo.tn\\\/fr\\\/actualite\\\/international\\\/aux-etats-unis-une-militante-pour-les-droits-civiques-dorigine-suedoise-et-allemande-fait-croire-quelle-est-noire\\\/184102\\\/#primaryimage\"},\"thumbnailUrl\":\"https:\\\/\\\/www.webdo.tn\\\/fr\\\/wp-content\\\/uploads\\\/2015\\\/06\\\/rachel-dolezal.jpg\",\"datePublished\":\"2015-06-12T15:35:00+00:00\",\"dateModified\":\"2025-05-22T12:55:21+00:00\",\"description\":\"Aux \u00c9tats-Unis, une militante pour les droits civiques d\u2019origine su\u00e9doise et allemande fait croire qu\u2019elle est noire\",\"breadcrumb\":{\"@id\":\"https:\\\/\\\/www.webdo.tn\\\/fr\\\/actualite\\\/international\\\/aux-etats-unis-une-militante-pour-les-droits-civiques-dorigine-suedoise-et-allemande-fait-croire-quelle-est-noire\\\/184102\\\/#breadcrumb\"},\"inLanguage\":\"fr-FR\",\"potentialAction\":[{\"@type\":\"ReadAction\",\"target\":[\"https:\\\/\\\/www.webdo.tn\\\/fr\\\/actualite\\\/international\\\/aux-etats-unis-une-militante-pour-les-droits-civiques-dorigine-suedoise-et-allemande-fait-croire-quelle-est-noire\\\/184102\\\/\"]}]},{\"@type\":\"ImageObject\",\"inLanguage\":\"fr-FR\",\"@id\":\"https:\\\/\\\/www.webdo.tn\\\/fr\\\/actualite\\\/international\\\/aux-etats-unis-une-militante-pour-les-droits-civiques-dorigine-suedoise-et-allemande-fait-croire-quelle-est-noire\\\/184102\\\/#primaryimage\",\"url\":\"https:\\\/\\\/www.webdo.tn\\\/fr\\\/wp-content\\\/uploads\\\/2015\\\/06\\\/rachel-dolezal.jpg\",\"contentUrl\":\"https:\\\/\\\/www.webdo.tn\\\/fr\\\/wp-content\\\/uploads\\\/2015\\\/06\\\/rachel-dolezal.jpg\",\"width\":750,\"height\":417,\"caption\":\"Aux \u00c9tats-Unis, une militante pour les droits civiques d\u2019origine su\u00e9doise et allemande fait croire qu\u2019elle est noire\"},{\"@type\":\"BreadcrumbList\",\"@id\":\"https:\\\/\\\/www.webdo.tn\\\/fr\\\/actualite\\\/international\\\/aux-etats-unis-une-militante-pour-les-droits-civiques-dorigine-suedoise-et-allemande-fait-croire-quelle-est-noire\\\/184102\\\/#breadcrumb\",\"itemListElement\":[{\"@type\":\"ListItem\",\"position\":1,\"name\":\"Accueil\",\"item\":\"https:\\\/\\\/www.webdo.tn\\\/fr\\\/\"},{\"@type\":\"ListItem\",\"position\":2,\"name\":\"Aux \u00c9tats-Unis, une militante pour les droits civiques d\u2019origine su\u00e9doise et allemande fait croire qu\u2019elle est noire\"}]},{\"@type\":\"WebSite\",\"@id\":\"https:\\\/\\\/www.webdo.tn\\\/fr\\\/#website\",\"url\":\"https:\\\/\\\/www.webdo.tn\\\/fr\\\/\",\"name\":\"webdo\",\"description\":\"Tunisie - News en Tunisie et \u00e0 l&#039;international sur Webdo.tn\",\"publisher\":{\"@id\":\"https:\\\/\\\/www.webdo.tn\\\/fr\\\/#organization\"},\"potentialAction\":[{\"@type\":\"SearchAction\",\"target\":{\"@type\":\"EntryPoint\",\"urlTemplate\":\"https:\\\/\\\/www.webdo.tn\\\/fr\\\/?s={search_term_string}\"},\"query-input\":{\"@type\":\"PropertyValueSpecification\",\"valueRequired\":true,\"valueName\":\"search_term_string\"}}],\"inLanguage\":\"fr-FR\"},{\"@type\":\"Organization\",\"@id\":\"https:\\\/\\\/www.webdo.tn\\\/fr\\\/#organization\",\"name\":\"Webdo\",\"alternateName\":\"Webdo.tn\",\"url\":\"https:\\\/\\\/www.webdo.tn\\\/fr\\\/\",\"logo\":{\"@type\":\"ImageObject\",\"inLanguage\":\"fr-FR\",\"@id\":\"https:\\\/\\\/www.webdo.tn\\\/fr\\\/#\\\/schema\\\/logo\\\/image\\\/\",\"url\":\"https:\\\/\\\/www.webdo.tn\\\/fr\\\/wp-content\\\/uploads\\\/2025\\\/06\\\/Webdo-Tunisie_168377.jpg\",\"contentUrl\":\"https:\\\/\\\/www.webdo.tn\\\/fr\\\/wp-content\\\/uploads\\\/2025\\\/06\\\/Webdo-Tunisie_168377.jpg\",\"width\":301,\"height\":301,\"caption\":\"Webdo\"},\"image\":{\"@id\":\"https:\\\/\\\/www.webdo.tn\\\/fr\\\/#\\\/schema\\\/logo\\\/image\\\/\"},\"sameAs\":[\"https:\\\/\\\/www.facebook.com\\\/webdotn\",\"https:\\\/\\\/x.com\\\/webdo_tn\"],\"description\":\"Webdo est un m\u00e9dia num\u00e9rique tunisien fond\u00e9 en 2010, sp\u00e9cialis\u00e9 dans l\u2019actualit\u00e9 nationale et internationale, l\u2019\u00e9conomie, la soci\u00e9t\u00e9 et les analyses politiques. Le site s\u2019adresse \u00e0 un large public francophone et couvre l\u2019information tunisienne en temps r\u00e9el.\",\"email\":\"redac@webdo.tn\",\"legalName\":\"YNJ SARL\",\"foundingDate\":\"2010-09-06\",\"numberOfEmployees\":{\"@type\":\"QuantitativeValue\",\"minValue\":\"11\",\"maxValue\":\"50\"}},{\"@type\":\"Person\",\"@id\":\"https:\\\/\\\/www.webdo.tn\\\/fr\\\/#\\\/schema\\\/person\\\/9a9c6118d687c117df8ef3cc36a4d175\",\"name\":\"webdo.tn\",\"image\":{\"@type\":\"ImageObject\",\"inLanguage\":\"fr-FR\",\"@id\":\"https:\\\/\\\/secure.gravatar.com\\\/avatar\\\/7ce1f28c0c3bbac99ff550b85ef8e44a6950c6ee24514fb6a5489e51d06f0298?s=96&d=mm&r=g\",\"url\":\"https:\\\/\\\/secure.gravatar.com\\\/avatar\\\/7ce1f28c0c3bbac99ff550b85ef8e44a6950c6ee24514fb6a5489e51d06f0298?s=96&d=mm&r=g\",\"contentUrl\":\"https:\\\/\\\/secure.gravatar.com\\\/avatar\\\/7ce1f28c0c3bbac99ff550b85ef8e44a6950c6ee24514fb6a5489e51d06f0298?s=96&d=mm&r=g\",\"caption\":\"webdo.tn\"},\"url\":\"https:\\\/\\\/www.webdo.tn\\\/fr\\\/actualite\\\/author\\\/webdotn\\\/\"}]}<\/script>\n<!-- \/ Yoast SEO Premium plugin. -->","yoast_head_json":{"title":"Aux \u00c9tats-Unis, une militante pour les droits civiques d\u2019origine su\u00e9doise et allemande fait croire qu\u2019elle est noire","description":"Aux \u00c9tats-Unis, une militante pour les droits civiques d\u2019origine su\u00e9doise et allemande fait croire qu\u2019elle est noire","canonical":"https:\/\/www.webdo.tn\/fr\/actualite\/international\/aux-etats-unis-une-militante-pour-les-droits-civiques-dorigine-suedoise-et-allemande-fait-croire-quelle-est-noire\/184102\/","og_locale":"fr_FR","og_type":"article","og_title":"Aux \u00c9tats-Unis, une militante pour les droits civiques d\u2019origine su\u00e9doise et allemande fait croire qu\u2019elle est noire","og_description":"Aux \u00c9tats-Unis, une militante pour les droits civiques d\u2019origine su\u00e9doise et allemande fait croire qu\u2019elle est noire","og_url":"https:\/\/www.webdo.tn\/fr\/actualite\/international\/aux-etats-unis-une-militante-pour-les-droits-civiques-dorigine-suedoise-et-allemande-fait-croire-quelle-est-noire\/184102\/","og_site_name":"webdo","article_publisher":"https:\/\/www.facebook.com\/webdotn","article_published_time":"2015-06-12T15:35:00+00:00","article_modified_time":"2025-05-22T12:55:21+00:00","og_image":[{"width":750,"height":417,"url":"https:\/\/www.webdo.tn\/fr\/wp-content\/uploads\/2015\/06\/rachel-dolezal.jpg","type":"image\/jpeg"}],"author":"webdo.tn","twitter_card":"summary_large_image","twitter_creator":"@webdo_tn","twitter_site":"@webdo_tn","twitter_misc":{"\u00c9crit par":"webdo.tn","Dur\u00e9e de lecture estim\u00e9e":"1 minute"},"schema":{"@context":"https:\/\/schema.org","@graph":[{"@type":"NewsArticle","@id":"https:\/\/www.webdo.tn\/fr\/actualite\/international\/aux-etats-unis-une-militante-pour-les-droits-civiques-dorigine-suedoise-et-allemande-fait-croire-quelle-est-noire\/184102\/#article","isPartOf":{"@id":"https:\/\/www.webdo.tn\/fr\/actualite\/international\/aux-etats-unis-une-militante-pour-les-droits-civiques-dorigine-suedoise-et-allemande-fait-croire-quelle-est-noire\/184102\/"},"author":{"name":"webdo.tn","@id":"https:\/\/www.webdo.tn\/fr\/#\/schema\/person\/9a9c6118d687c117df8ef3cc36a4d175"},"headline":"Aux \u00c9tats-Unis, une militante pour les droits civiques d\u2019origine su\u00e9doise et allemande fait croire qu\u2019elle est noire","datePublished":"2015-06-12T15:35:00+00:00","dateModified":"2025-05-22T12:55:21+00:00","mainEntityOfPage":{"@id":"https:\/\/www.webdo.tn\/fr\/actualite\/international\/aux-etats-unis-une-militante-pour-les-droits-civiques-dorigine-suedoise-et-allemande-fait-croire-quelle-est-noire\/184102\/"},"wordCount":221,"commentCount":0,"publisher":{"@id":"https:\/\/www.webdo.tn\/fr\/#organization"},"image":{"@id":"https:\/\/www.webdo.tn\/fr\/actualite\/international\/aux-etats-unis-une-militante-pour-les-droits-civiques-dorigine-suedoise-et-allemande-fait-croire-quelle-est-noire\/184102\/#primaryimage"},"thumbnailUrl":"https:\/\/www.webdo.tn\/fr\/wp-content\/uploads\/2015\/06\/rachel-dolezal.jpg","articleSection":["International"],"inLanguage":"fr-FR"},{"@type":"WebPage","@id":"https:\/\/www.webdo.tn\/fr\/actualite\/international\/aux-etats-unis-une-militante-pour-les-droits-civiques-dorigine-suedoise-et-allemande-fait-croire-quelle-est-noire\/184102\/","url":"https:\/\/www.webdo.tn\/fr\/actualite\/international\/aux-etats-unis-une-militante-pour-les-droits-civiques-dorigine-suedoise-et-allemande-fait-croire-quelle-est-noire\/184102\/","name":"Aux \u00c9tats-Unis, une militante pour les droits civiques d\u2019origine su\u00e9doise et allemande fait croire qu\u2019elle est noire","isPartOf":{"@id":"https:\/\/www.webdo.tn\/fr\/#website"},"primaryImageOfPage":{"@id":"https:\/\/www.webdo.tn\/fr\/actualite\/international\/aux-etats-unis-une-militante-pour-les-droits-civiques-dorigine-suedoise-et-allemande-fait-croire-quelle-est-noire\/184102\/#primaryimage"},"image":{"@id":"https:\/\/www.webdo.tn\/fr\/actualite\/international\/aux-etats-unis-une-militante-pour-les-droits-civiques-dorigine-suedoise-et-allemande-fait-croire-quelle-est-noire\/184102\/#primaryimage"},"thumbnailUrl":"https:\/\/www.webdo.tn\/fr\/wp-content\/uploads\/2015\/06\/rachel-dolezal.jpg","datePublished":"2015-06-12T15:35:00+00:00","dateModified":"2025-05-22T12:55:21+00:00","description":"Aux \u00c9tats-Unis, une militante pour les droits civiques d\u2019origine su\u00e9doise et allemande fait croire qu\u2019elle est noire","breadcrumb":{"@id":"https:\/\/www.webdo.tn\/fr\/actualite\/international\/aux-etats-unis-une-militante-pour-les-droits-civiques-dorigine-suedoise-et-allemande-fait-croire-quelle-est-noire\/184102\/#breadcrumb"},"inLanguage":"fr-FR","potentialAction":[{"@type":"ReadAction","target":["https:\/\/www.webdo.tn\/fr\/actualite\/international\/aux-etats-unis-une-militante-pour-les-droits-civiques-dorigine-suedoise-et-allemande-fait-croire-quelle-est-noire\/184102\/"]}]},{"@type":"ImageObject","inLanguage":"fr-FR","@id":"https:\/\/www.webdo.tn\/fr\/actualite\/international\/aux-etats-unis-une-militante-pour-les-droits-civiques-dorigine-suedoise-et-allemande-fait-croire-quelle-est-noire\/184102\/#primaryimage","url":"https:\/\/www.webdo.tn\/fr\/wp-content\/uploads\/2015\/06\/rachel-dolezal.jpg","contentUrl":"https:\/\/www.webdo.tn\/fr\/wp-content\/uploads\/2015\/06\/rachel-dolezal.jpg","width":750,"height":417,"caption":"Aux \u00c9tats-Unis, une militante pour les droits civiques d\u2019origine su\u00e9doise et allemande fait croire qu\u2019elle est noire"},{"@type":"BreadcrumbList","@id":"https:\/\/www.webdo.tn\/fr\/actualite\/international\/aux-etats-unis-une-militante-pour-les-droits-civiques-dorigine-suedoise-et-allemande-fait-croire-quelle-est-noire\/184102\/#breadcrumb","itemListElement":[{"@type":"ListItem","position":1,"name":"Accueil","item":"https:\/\/www.webdo.tn\/fr\/"},{"@type":"ListItem","position":2,"name":"Aux \u00c9tats-Unis, une militante pour les droits civiques d\u2019origine su\u00e9doise et allemande fait croire qu\u2019elle est noire"}]},{"@type":"WebSite","@id":"https:\/\/www.webdo.tn\/fr\/#website","url":"https:\/\/www.webdo.tn\/fr\/","name":"webdo","description":"Tunisie - News en Tunisie et \u00e0 l&#039;international sur Webdo.tn","publisher":{"@id":"https:\/\/www.webdo.tn\/fr\/#organization"},"potentialAction":[{"@type":"SearchAction","target":{"@type":"EntryPoint","urlTemplate":"https:\/\/www.webdo.tn\/fr\/?s={search_term_string}"},"query-input":{"@type":"PropertyValueSpecification","valueRequired":true,"valueName":"search_term_string"}}],"inLanguage":"fr-FR"},{"@type":"Organization","@id":"https:\/\/www.webdo.tn\/fr\/#organization","name":"Webdo","alternateName":"Webdo.tn","url":"https:\/\/www.webdo.tn\/fr\/","logo":{"@type":"ImageObject","inLanguage":"fr-FR","@id":"https:\/\/www.webdo.tn\/fr\/#\/schema\/logo\/image\/","url":"https:\/\/www.webdo.tn\/fr\/wp-content\/uploads\/2025\/06\/Webdo-Tunisie_168377.jpg","contentUrl":"https:\/\/www.webdo.tn\/fr\/wp-content\/uploads\/2025\/06\/Webdo-Tunisie_168377.jpg","width":301,"height":301,"caption":"Webdo"},"image":{"@id":"https:\/\/www.webdo.tn\/fr\/#\/schema\/logo\/image\/"},"sameAs":["https:\/\/www.facebook.com\/webdotn","https:\/\/x.com\/webdo_tn"],"description":"Webdo est un m\u00e9dia num\u00e9rique tunisien fond\u00e9 en 2010, sp\u00e9cialis\u00e9 dans l\u2019actualit\u00e9 nationale et internationale, l\u2019\u00e9conomie, la soci\u00e9t\u00e9 et les analyses politiques. Le site s\u2019adresse \u00e0 un large public francophone et couvre l\u2019information tunisienne en temps r\u00e9el.","email":"redac@webdo.tn","legalName":"YNJ SARL","foundingDate":"2010-09-06","numberOfEmployees":{"@type":"QuantitativeValue","minValue":"11","maxValue":"50"}},{"@type":"Person","@id":"https:\/\/www.webdo.tn\/fr\/#\/schema\/person\/9a9c6118d687c117df8ef3cc36a4d175","name":"webdo.tn","image":{"@type":"ImageObject","inLanguage":"fr-FR","@id":"https:\/\/secure.gravatar.com\/avatar\/7ce1f28c0c3bbac99ff550b85ef8e44a6950c6ee24514fb6a5489e51d06f0298?s=96&d=mm&r=g","url":"https:\/\/secure.gravatar.com\/avatar\/7ce1f28c0c3bbac99ff550b85ef8e44a6950c6ee24514fb6a5489e51d06f0298?s=96&d=mm&r=g","contentUrl":"https:\/\/secure.gravatar.com\/avatar\/7ce1f28c0c3bbac99ff550b85ef8e44a6950c6ee24514fb6a5489e51d06f0298?s=96&d=mm&r=g","caption":"webdo.tn"},"url":"https:\/\/www.webdo.tn\/fr\/actualite\/author\/webdotn\/"}]}},"_links":{"self":[{"href":"https:\/\/www.webdo.tn\/fr\/wp-json\/wp\/v2\/posts\/184102","targetHints":{"allow":["GET"]}}],"collection":[{"href":"https:\/\/www.webdo.tn\/fr\/wp-json\/wp\/v2\/posts"}],"about":[{"href":"https:\/\/www.webdo.tn\/fr\/wp-json\/wp\/v2\/types\/post"}],"author":[{"embeddable":true,"href":"https:\/\/www.webdo.tn\/fr\/wp-json\/wp\/v2\/users\/3222"}],"replies":[{"embeddable":true,"href":"https:\/\/www.webdo.tn\/fr\/wp-json\/wp\/v2\/comments?post=184102"}],"version-history":[{"count":0,"href":"https:\/\/www.webdo.tn\/fr\/wp-json\/wp\/v2\/posts\/184102\/revisions"}],"wp:featuredmedia":[{"embeddable":true,"href":"https:\/\/www.webdo.tn\/fr\/wp-json\/wp\/v2\/media\/352023"}],"wp:attachment":[{"href":"https:\/\/www.webdo.tn\/fr\/wp-json\/wp\/v2\/media?parent=184102"}],"wp:term":[{"taxonomy":"category","embeddable":true,"href":"https:\/\/www.webdo.tn\/fr\/wp-json\/wp\/v2\/categories?post=184102"},{"taxonomy":"post_tag","embeddable":true,"href":"https:\/\/www.webdo.tn\/fr\/wp-json\/wp\/v2\/tags?post=184102"}],"curies":[{"name":"wp","href":"https:\/\/api.w.org\/{rel}","templated":true}]}}