{"id":184101,"date":"2015-06-12T16:44:00","date_gmt":"2015-06-12T16:44:00","guid":{"rendered":"https:\/\/www.webdo.tn\/fr\/actualite\/blog\/deux-ressortissants-tunisiens-expulses-de-roumanie-pour-propagande-a-letat-islamique\/184101\/"},"modified":"2025-05-22T12:55:22","modified_gmt":"2025-05-22T12:55:22","slug":"deux-ressortissants-tunisiens-expulses-de-roumanie-pour-propagande-a-letat-islamique","status":"publish","type":"post","link":"https:\/\/www.webdo.tn\/fr\/actualite\/international\/deux-ressortissants-tunisiens-expulses-de-roumanie-pour-propagande-a-letat-islamique\/184101\/","title":{"rendered":"Deux ressortissants tunisiens expuls\u00e9s de Roumanie pour propagande \u00e0 l&rsquo;Etat Islamique"},"content":{"rendered":"<p>Deux ressortissants tunisiens vont \u00eatre expuls\u00e9s de Roumanie pour propagande en faveur de l&rsquo;Etat Islamique, a annonc\u00e9 ce vendredi 12 juin le service des renseignements roumain.<\/p>\n<p>En effet, les deux Tunisiens \u00ab\u00a0visaient la cr\u00e9ation et la radicalisation d&rsquo;un groupe d&rsquo;adeptes de cette entit\u00e9 terroriste\u00a0\u00bb\u00a0et la Cour d&rsquo;appel de Bucarest les a d\u00e9clar\u00e9 \u00ab\u00a0personae non gratae\u00a0\u00bb pour une p\u00e9riode de dix ans.<\/p>\n<p>[Br\u00e8ve&#8230;]<\/p>\n","protected":false},"excerpt":{"rendered":"<p>Deux ressortissants tunisiens expuls\u00e9s de Roumanie pour propagande \u00e0 l&rsquo;Etat Islamique<\/p>\n","protected":false},"author":3222,"featured_media":352024,"comment_status":"open","ping_status":"closed","sticky":false,"template":"","format":"standard","meta":{"footnotes":""},"categories":[2598],"tags":[],"class_list":["post-184101","post","type-post","status-publish","format-standard","has-post-thumbnail","hentry","category-international"],"yoast_head":"<!-- This site is optimized with the Yoast SEO Premium plugin v27.5 (Yoast SEO v27.5) - https:\/\/yoast.com\/product\/yoast-seo-premium-wordpress\/ -->\n<title>Deux ressortissants tunisiens expuls\u00e9s de Roumanie pour propagande \u00e0 l&#039;Etat Islamique<\/title>\n<meta name=\"description\" content=\"Deux ressortissants tunisiens expuls\u00e9s de Roumanie pour propagande \u00e0 l&#039;Etat Islamique\" \/>\n<link rel=\"canonical\" href=\"https:\/\/www.webdo.tn\/fr\/actualite\/international\/deux-ressortissants-tunisiens-expulses-de-roumanie-pour-propagande-a-letat-islamique\/184101\/\" \/>\n<meta property=\"og:locale\" content=\"fr_FR\" \/>\n<meta property=\"og:type\" content=\"article\" \/>\n<meta property=\"og:title\" content=\"Deux ressortissants tunisiens expuls\u00e9s de Roumanie pour propagande \u00e0 l&#039;Etat Islamique\" \/>\n<meta property=\"og:description\" content=\"Deux ressortissants tunisiens expuls\u00e9s de Roumanie pour propagande \u00e0 l&#039;Etat Islamique\" \/>\n<meta property=\"og:url\" content=\"https:\/\/www.webdo.tn\/fr\/actualite\/international\/deux-ressortissants-tunisiens-expulses-de-roumanie-pour-propagande-a-letat-islamique\/184101\/\" \/>\n<meta property=\"og:site_name\" content=\"webdo\" \/>\n<meta property=\"article:publisher\" content=\"https:\/\/www.facebook.com\/webdotn\" \/>\n<meta property=\"article:published_time\" content=\"2015-06-12T16:44:00+00:00\" \/>\n<meta property=\"article:modified_time\" content=\"2025-05-22T12:55:22+00:00\" \/>\n<meta property=\"og:image\" content=\"https:\/\/www.webdo.tn\/fr\/wp-content\/uploads\/2015\/06\/webdo_default-68.jpg\" \/>\n\t<meta property=\"og:image:width\" content=\"800\" \/>\n\t<meta property=\"og:image:height\" content=\"500\" \/>\n\t<meta property=\"og:image:type\" content=\"image\/jpeg\" \/>\n<meta name=\"author\" content=\"webdo.tn\" \/>\n<meta name=\"twitter:card\" content=\"summary_large_image\" \/>\n<meta name=\"twitter:creator\" content=\"@webdo_tn\" \/>\n<meta name=\"twitter:site\" content=\"@webdo_tn\" \/>\n<meta name=\"twitter:label1\" content=\"\u00c9crit par\" \/>\n\t<meta name=\"twitter:data1\" content=\"webdo.tn\" \/>\n<script type=\"application\/ld+json\" class=\"yoast-schema-graph\">{\"@context\":\"https:\\\/\\\/schema.org\",\"@graph\":[{\"@type\":\"NewsArticle\",\"@id\":\"https:\\\/\\\/www.webdo.tn\\\/fr\\\/actualite\\\/international\\\/deux-ressortissants-tunisiens-expulses-de-roumanie-pour-propagande-a-letat-islamique\\\/184101\\\/#article\",\"isPartOf\":{\"@id\":\"https:\\\/\\\/www.webdo.tn\\\/fr\\\/actualite\\\/international\\\/deux-ressortissants-tunisiens-expulses-de-roumanie-pour-propagande-a-letat-islamique\\\/184101\\\/\"},\"author\":{\"name\":\"webdo.tn\",\"@id\":\"https:\\\/\\\/www.webdo.tn\\\/fr\\\/#\\\/schema\\\/person\\\/9a9c6118d687c117df8ef3cc36a4d175\"},\"headline\":\"Deux ressortissants tunisiens expuls\u00e9s de Roumanie pour propagande \u00e0 l&rsquo;Etat Islamique\",\"datePublished\":\"2015-06-12T16:44:00+00:00\",\"dateModified\":\"2025-05-22T12:55:22+00:00\",\"mainEntityOfPage\":{\"@id\":\"https:\\\/\\\/www.webdo.tn\\\/fr\\\/actualite\\\/international\\\/deux-ressortissants-tunisiens-expulses-de-roumanie-pour-propagande-a-letat-islamique\\\/184101\\\/\"},\"wordCount\":83,\"commentCount\":0,\"publisher\":{\"@id\":\"https:\\\/\\\/www.webdo.tn\\\/fr\\\/#organization\"},\"image\":{\"@id\":\"https:\\\/\\\/www.webdo.tn\\\/fr\\\/actualite\\\/international\\\/deux-ressortissants-tunisiens-expulses-de-roumanie-pour-propagande-a-letat-islamique\\\/184101\\\/#primaryimage\"},\"thumbnailUrl\":\"https:\\\/\\\/www.webdo.tn\\\/fr\\\/wp-content\\\/uploads\\\/2015\\\/06\\\/webdo_default-68.jpg\",\"articleSection\":[\"International\"],\"inLanguage\":\"fr-FR\"},{\"@type\":\"WebPage\",\"@id\":\"https:\\\/\\\/www.webdo.tn\\\/fr\\\/actualite\\\/international\\\/deux-ressortissants-tunisiens-expulses-de-roumanie-pour-propagande-a-letat-islamique\\\/184101\\\/\",\"url\":\"https:\\\/\\\/www.webdo.tn\\\/fr\\\/actualite\\\/international\\\/deux-ressortissants-tunisiens-expulses-de-roumanie-pour-propagande-a-letat-islamique\\\/184101\\\/\",\"name\":\"Deux ressortissants tunisiens expuls\u00e9s de Roumanie pour propagande \u00e0 l'Etat Islamique\",\"isPartOf\":{\"@id\":\"https:\\\/\\\/www.webdo.tn\\\/fr\\\/#website\"},\"primaryImageOfPage\":{\"@id\":\"https:\\\/\\\/www.webdo.tn\\\/fr\\\/actualite\\\/international\\\/deux-ressortissants-tunisiens-expulses-de-roumanie-pour-propagande-a-letat-islamique\\\/184101\\\/#primaryimage\"},\"image\":{\"@id\":\"https:\\\/\\\/www.webdo.tn\\\/fr\\\/actualite\\\/international\\\/deux-ressortissants-tunisiens-expulses-de-roumanie-pour-propagande-a-letat-islamique\\\/184101\\\/#primaryimage\"},\"thumbnailUrl\":\"https:\\\/\\\/www.webdo.tn\\\/fr\\\/wp-content\\\/uploads\\\/2015\\\/06\\\/webdo_default-68.jpg\",\"datePublished\":\"2015-06-12T16:44:00+00:00\",\"dateModified\":\"2025-05-22T12:55:22+00:00\",\"description\":\"Deux ressortissants tunisiens expuls\u00e9s de Roumanie pour propagande \u00e0 l'Etat Islamique\",\"breadcrumb\":{\"@id\":\"https:\\\/\\\/www.webdo.tn\\\/fr\\\/actualite\\\/international\\\/deux-ressortissants-tunisiens-expulses-de-roumanie-pour-propagande-a-letat-islamique\\\/184101\\\/#breadcrumb\"},\"inLanguage\":\"fr-FR\",\"potentialAction\":[{\"@type\":\"ReadAction\",\"target\":[\"https:\\\/\\\/www.webdo.tn\\\/fr\\\/actualite\\\/international\\\/deux-ressortissants-tunisiens-expulses-de-roumanie-pour-propagande-a-letat-islamique\\\/184101\\\/\"]}]},{\"@type\":\"ImageObject\",\"inLanguage\":\"fr-FR\",\"@id\":\"https:\\\/\\\/www.webdo.tn\\\/fr\\\/actualite\\\/international\\\/deux-ressortissants-tunisiens-expulses-de-roumanie-pour-propagande-a-letat-islamique\\\/184101\\\/#primaryimage\",\"url\":\"https:\\\/\\\/www.webdo.tn\\\/fr\\\/wp-content\\\/uploads\\\/2015\\\/06\\\/webdo_default-68.jpg\",\"contentUrl\":\"https:\\\/\\\/www.webdo.tn\\\/fr\\\/wp-content\\\/uploads\\\/2015\\\/06\\\/webdo_default-68.jpg\",\"width\":800,\"height\":500,\"caption\":\"Deux ressortissants tunisiens expuls\u00e9s de Roumanie pour propagande \u00e0 l'Etat Islamique\"},{\"@type\":\"BreadcrumbList\",\"@id\":\"https:\\\/\\\/www.webdo.tn\\\/fr\\\/actualite\\\/international\\\/deux-ressortissants-tunisiens-expulses-de-roumanie-pour-propagande-a-letat-islamique\\\/184101\\\/#breadcrumb\",\"itemListElement\":[{\"@type\":\"ListItem\",\"position\":1,\"name\":\"Accueil\",\"item\":\"https:\\\/\\\/www.webdo.tn\\\/fr\\\/\"},{\"@type\":\"ListItem\",\"position\":2,\"name\":\"Deux ressortissants tunisiens expuls\u00e9s de Roumanie pour propagande \u00e0 l&rsquo;Etat Islamique\"}]},{\"@type\":\"WebSite\",\"@id\":\"https:\\\/\\\/www.webdo.tn\\\/fr\\\/#website\",\"url\":\"https:\\\/\\\/www.webdo.tn\\\/fr\\\/\",\"name\":\"webdo\",\"description\":\"Tunisie - News en Tunisie et \u00e0 l&#039;international sur Webdo.tn\",\"publisher\":{\"@id\":\"https:\\\/\\\/www.webdo.tn\\\/fr\\\/#organization\"},\"potentialAction\":[{\"@type\":\"SearchAction\",\"target\":{\"@type\":\"EntryPoint\",\"urlTemplate\":\"https:\\\/\\\/www.webdo.tn\\\/fr\\\/?s={search_term_string}\"},\"query-input\":{\"@type\":\"PropertyValueSpecification\",\"valueRequired\":true,\"valueName\":\"search_term_string\"}}],\"inLanguage\":\"fr-FR\"},{\"@type\":\"Organization\",\"@id\":\"https:\\\/\\\/www.webdo.tn\\\/fr\\\/#organization\",\"name\":\"Webdo\",\"alternateName\":\"Webdo.tn\",\"url\":\"https:\\\/\\\/www.webdo.tn\\\/fr\\\/\",\"logo\":{\"@type\":\"ImageObject\",\"inLanguage\":\"fr-FR\",\"@id\":\"https:\\\/\\\/www.webdo.tn\\\/fr\\\/#\\\/schema\\\/logo\\\/image\\\/\",\"url\":\"https:\\\/\\\/www.webdo.tn\\\/fr\\\/wp-content\\\/uploads\\\/2025\\\/06\\\/Webdo-Tunisie_168377.jpg\",\"contentUrl\":\"https:\\\/\\\/www.webdo.tn\\\/fr\\\/wp-content\\\/uploads\\\/2025\\\/06\\\/Webdo-Tunisie_168377.jpg\",\"width\":301,\"height\":301,\"caption\":\"Webdo\"},\"image\":{\"@id\":\"https:\\\/\\\/www.webdo.tn\\\/fr\\\/#\\\/schema\\\/logo\\\/image\\\/\"},\"sameAs\":[\"https:\\\/\\\/www.facebook.com\\\/webdotn\",\"https:\\\/\\\/x.com\\\/webdo_tn\"],\"description\":\"Webdo est un m\u00e9dia num\u00e9rique tunisien fond\u00e9 en 2010, sp\u00e9cialis\u00e9 dans l\u2019actualit\u00e9 nationale et internationale, l\u2019\u00e9conomie, la soci\u00e9t\u00e9 et les analyses politiques. Le site s\u2019adresse \u00e0 un large public francophone et couvre l\u2019information tunisienne en temps r\u00e9el.\",\"email\":\"redac@webdo.tn\",\"legalName\":\"YNJ SARL\",\"foundingDate\":\"2010-09-06\",\"numberOfEmployees\":{\"@type\":\"QuantitativeValue\",\"minValue\":\"11\",\"maxValue\":\"50\"}},{\"@type\":\"Person\",\"@id\":\"https:\\\/\\\/www.webdo.tn\\\/fr\\\/#\\\/schema\\\/person\\\/9a9c6118d687c117df8ef3cc36a4d175\",\"name\":\"webdo.tn\",\"image\":{\"@type\":\"ImageObject\",\"inLanguage\":\"fr-FR\",\"@id\":\"https:\\\/\\\/secure.gravatar.com\\\/avatar\\\/7ce1f28c0c3bbac99ff550b85ef8e44a6950c6ee24514fb6a5489e51d06f0298?s=96&d=mm&r=g\",\"url\":\"https:\\\/\\\/secure.gravatar.com\\\/avatar\\\/7ce1f28c0c3bbac99ff550b85ef8e44a6950c6ee24514fb6a5489e51d06f0298?s=96&d=mm&r=g\",\"contentUrl\":\"https:\\\/\\\/secure.gravatar.com\\\/avatar\\\/7ce1f28c0c3bbac99ff550b85ef8e44a6950c6ee24514fb6a5489e51d06f0298?s=96&d=mm&r=g\",\"caption\":\"webdo.tn\"},\"url\":\"https:\\\/\\\/www.webdo.tn\\\/fr\\\/actualite\\\/author\\\/webdotn\\\/\"}]}<\/script>\n<!-- \/ Yoast SEO Premium plugin. -->","yoast_head_json":{"title":"Deux ressortissants tunisiens expuls\u00e9s de Roumanie pour propagande \u00e0 l'Etat Islamique","description":"Deux ressortissants tunisiens expuls\u00e9s de Roumanie pour propagande \u00e0 l'Etat Islamique","canonical":"https:\/\/www.webdo.tn\/fr\/actualite\/international\/deux-ressortissants-tunisiens-expulses-de-roumanie-pour-propagande-a-letat-islamique\/184101\/","og_locale":"fr_FR","og_type":"article","og_title":"Deux ressortissants tunisiens expuls\u00e9s de Roumanie pour propagande \u00e0 l'Etat Islamique","og_description":"Deux ressortissants tunisiens expuls\u00e9s de Roumanie pour propagande \u00e0 l'Etat Islamique","og_url":"https:\/\/www.webdo.tn\/fr\/actualite\/international\/deux-ressortissants-tunisiens-expulses-de-roumanie-pour-propagande-a-letat-islamique\/184101\/","og_site_name":"webdo","article_publisher":"https:\/\/www.facebook.com\/webdotn","article_published_time":"2015-06-12T16:44:00+00:00","article_modified_time":"2025-05-22T12:55:22+00:00","og_image":[{"width":800,"height":500,"url":"https:\/\/www.webdo.tn\/fr\/wp-content\/uploads\/2015\/06\/webdo_default-68.jpg","type":"image\/jpeg"}],"author":"webdo.tn","twitter_card":"summary_large_image","twitter_creator":"@webdo_tn","twitter_site":"@webdo_tn","twitter_misc":{"\u00c9crit par":"webdo.tn"},"schema":{"@context":"https:\/\/schema.org","@graph":[{"@type":"NewsArticle","@id":"https:\/\/www.webdo.tn\/fr\/actualite\/international\/deux-ressortissants-tunisiens-expulses-de-roumanie-pour-propagande-a-letat-islamique\/184101\/#article","isPartOf":{"@id":"https:\/\/www.webdo.tn\/fr\/actualite\/international\/deux-ressortissants-tunisiens-expulses-de-roumanie-pour-propagande-a-letat-islamique\/184101\/"},"author":{"name":"webdo.tn","@id":"https:\/\/www.webdo.tn\/fr\/#\/schema\/person\/9a9c6118d687c117df8ef3cc36a4d175"},"headline":"Deux ressortissants tunisiens expuls\u00e9s de Roumanie pour propagande \u00e0 l&rsquo;Etat Islamique","datePublished":"2015-06-12T16:44:00+00:00","dateModified":"2025-05-22T12:55:22+00:00","mainEntityOfPage":{"@id":"https:\/\/www.webdo.tn\/fr\/actualite\/international\/deux-ressortissants-tunisiens-expulses-de-roumanie-pour-propagande-a-letat-islamique\/184101\/"},"wordCount":83,"commentCount":0,"publisher":{"@id":"https:\/\/www.webdo.tn\/fr\/#organization"},"image":{"@id":"https:\/\/www.webdo.tn\/fr\/actualite\/international\/deux-ressortissants-tunisiens-expulses-de-roumanie-pour-propagande-a-letat-islamique\/184101\/#primaryimage"},"thumbnailUrl":"https:\/\/www.webdo.tn\/fr\/wp-content\/uploads\/2015\/06\/webdo_default-68.jpg","articleSection":["International"],"inLanguage":"fr-FR"},{"@type":"WebPage","@id":"https:\/\/www.webdo.tn\/fr\/actualite\/international\/deux-ressortissants-tunisiens-expulses-de-roumanie-pour-propagande-a-letat-islamique\/184101\/","url":"https:\/\/www.webdo.tn\/fr\/actualite\/international\/deux-ressortissants-tunisiens-expulses-de-roumanie-pour-propagande-a-letat-islamique\/184101\/","name":"Deux ressortissants tunisiens expuls\u00e9s de Roumanie pour propagande \u00e0 l'Etat Islamique","isPartOf":{"@id":"https:\/\/www.webdo.tn\/fr\/#website"},"primaryImageOfPage":{"@id":"https:\/\/www.webdo.tn\/fr\/actualite\/international\/deux-ressortissants-tunisiens-expulses-de-roumanie-pour-propagande-a-letat-islamique\/184101\/#primaryimage"},"image":{"@id":"https:\/\/www.webdo.tn\/fr\/actualite\/international\/deux-ressortissants-tunisiens-expulses-de-roumanie-pour-propagande-a-letat-islamique\/184101\/#primaryimage"},"thumbnailUrl":"https:\/\/www.webdo.tn\/fr\/wp-content\/uploads\/2015\/06\/webdo_default-68.jpg","datePublished":"2015-06-12T16:44:00+00:00","dateModified":"2025-05-22T12:55:22+00:00","description":"Deux ressortissants tunisiens expuls\u00e9s de Roumanie pour propagande \u00e0 l'Etat Islamique","breadcrumb":{"@id":"https:\/\/www.webdo.tn\/fr\/actualite\/international\/deux-ressortissants-tunisiens-expulses-de-roumanie-pour-propagande-a-letat-islamique\/184101\/#breadcrumb"},"inLanguage":"fr-FR","potentialAction":[{"@type":"ReadAction","target":["https:\/\/www.webdo.tn\/fr\/actualite\/international\/deux-ressortissants-tunisiens-expulses-de-roumanie-pour-propagande-a-letat-islamique\/184101\/"]}]},{"@type":"ImageObject","inLanguage":"fr-FR","@id":"https:\/\/www.webdo.tn\/fr\/actualite\/international\/deux-ressortissants-tunisiens-expulses-de-roumanie-pour-propagande-a-letat-islamique\/184101\/#primaryimage","url":"https:\/\/www.webdo.tn\/fr\/wp-content\/uploads\/2015\/06\/webdo_default-68.jpg","contentUrl":"https:\/\/www.webdo.tn\/fr\/wp-content\/uploads\/2015\/06\/webdo_default-68.jpg","width":800,"height":500,"caption":"Deux ressortissants tunisiens expuls\u00e9s de Roumanie pour propagande \u00e0 l'Etat Islamique"},{"@type":"BreadcrumbList","@id":"https:\/\/www.webdo.tn\/fr\/actualite\/international\/deux-ressortissants-tunisiens-expulses-de-roumanie-pour-propagande-a-letat-islamique\/184101\/#breadcrumb","itemListElement":[{"@type":"ListItem","position":1,"name":"Accueil","item":"https:\/\/www.webdo.tn\/fr\/"},{"@type":"ListItem","position":2,"name":"Deux ressortissants tunisiens expuls\u00e9s de Roumanie pour propagande \u00e0 l&rsquo;Etat Islamique"}]},{"@type":"WebSite","@id":"https:\/\/www.webdo.tn\/fr\/#website","url":"https:\/\/www.webdo.tn\/fr\/","name":"webdo","description":"Tunisie - News en Tunisie et \u00e0 l&#039;international sur Webdo.tn","publisher":{"@id":"https:\/\/www.webdo.tn\/fr\/#organization"},"potentialAction":[{"@type":"SearchAction","target":{"@type":"EntryPoint","urlTemplate":"https:\/\/www.webdo.tn\/fr\/?s={search_term_string}"},"query-input":{"@type":"PropertyValueSpecification","valueRequired":true,"valueName":"search_term_string"}}],"inLanguage":"fr-FR"},{"@type":"Organization","@id":"https:\/\/www.webdo.tn\/fr\/#organization","name":"Webdo","alternateName":"Webdo.tn","url":"https:\/\/www.webdo.tn\/fr\/","logo":{"@type":"ImageObject","inLanguage":"fr-FR","@id":"https:\/\/www.webdo.tn\/fr\/#\/schema\/logo\/image\/","url":"https:\/\/www.webdo.tn\/fr\/wp-content\/uploads\/2025\/06\/Webdo-Tunisie_168377.jpg","contentUrl":"https:\/\/www.webdo.tn\/fr\/wp-content\/uploads\/2025\/06\/Webdo-Tunisie_168377.jpg","width":301,"height":301,"caption":"Webdo"},"image":{"@id":"https:\/\/www.webdo.tn\/fr\/#\/schema\/logo\/image\/"},"sameAs":["https:\/\/www.facebook.com\/webdotn","https:\/\/x.com\/webdo_tn"],"description":"Webdo est un m\u00e9dia num\u00e9rique tunisien fond\u00e9 en 2010, sp\u00e9cialis\u00e9 dans l\u2019actualit\u00e9 nationale et internationale, l\u2019\u00e9conomie, la soci\u00e9t\u00e9 et les analyses politiques. Le site s\u2019adresse \u00e0 un large public francophone et couvre l\u2019information tunisienne en temps r\u00e9el.","email":"redac@webdo.tn","legalName":"YNJ SARL","foundingDate":"2010-09-06","numberOfEmployees":{"@type":"QuantitativeValue","minValue":"11","maxValue":"50"}},{"@type":"Person","@id":"https:\/\/www.webdo.tn\/fr\/#\/schema\/person\/9a9c6118d687c117df8ef3cc36a4d175","name":"webdo.tn","image":{"@type":"ImageObject","inLanguage":"fr-FR","@id":"https:\/\/secure.gravatar.com\/avatar\/7ce1f28c0c3bbac99ff550b85ef8e44a6950c6ee24514fb6a5489e51d06f0298?s=96&d=mm&r=g","url":"https:\/\/secure.gravatar.com\/avatar\/7ce1f28c0c3bbac99ff550b85ef8e44a6950c6ee24514fb6a5489e51d06f0298?s=96&d=mm&r=g","contentUrl":"https:\/\/secure.gravatar.com\/avatar\/7ce1f28c0c3bbac99ff550b85ef8e44a6950c6ee24514fb6a5489e51d06f0298?s=96&d=mm&r=g","caption":"webdo.tn"},"url":"https:\/\/www.webdo.tn\/fr\/actualite\/author\/webdotn\/"}]}},"_links":{"self":[{"href":"https:\/\/www.webdo.tn\/fr\/wp-json\/wp\/v2\/posts\/184101","targetHints":{"allow":["GET"]}}],"collection":[{"href":"https:\/\/www.webdo.tn\/fr\/wp-json\/wp\/v2\/posts"}],"about":[{"href":"https:\/\/www.webdo.tn\/fr\/wp-json\/wp\/v2\/types\/post"}],"author":[{"embeddable":true,"href":"https:\/\/www.webdo.tn\/fr\/wp-json\/wp\/v2\/users\/3222"}],"replies":[{"embeddable":true,"href":"https:\/\/www.webdo.tn\/fr\/wp-json\/wp\/v2\/comments?post=184101"}],"version-history":[{"count":0,"href":"https:\/\/www.webdo.tn\/fr\/wp-json\/wp\/v2\/posts\/184101\/revisions"}],"wp:featuredmedia":[{"embeddable":true,"href":"https:\/\/www.webdo.tn\/fr\/wp-json\/wp\/v2\/media\/352024"}],"wp:attachment":[{"href":"https:\/\/www.webdo.tn\/fr\/wp-json\/wp\/v2\/media?parent=184101"}],"wp:term":[{"taxonomy":"category","embeddable":true,"href":"https:\/\/www.webdo.tn\/fr\/wp-json\/wp\/v2\/categories?post=184101"},{"taxonomy":"post_tag","embeddable":true,"href":"https:\/\/www.webdo.tn\/fr\/wp-json\/wp\/v2\/tags?post=184101"}],"curies":[{"name":"wp","href":"https:\/\/api.w.org\/{rel}","templated":true}]}}